{"id":35304,"date":"2026-03-15T09:10:15","date_gmt":"2026-03-15T07:10:15","guid":{"rendered":"https:\/\/haberkuzey.com\/index.php\/2026\/03\/15\/isvicre-abdnin-irana-yonelik-saldirilarla-ilgili-2-kesif-ucusu-talebini-reddetti\/"},"modified":"2026-03-15T09:10:15","modified_gmt":"2026-03-15T07:10:15","slug":"isvicre-abdnin-irana-yonelik-saldirilarla-ilgili-2-kesif-ucusu-talebini-reddetti","status":"publish","type":"post","link":"https:\/\/haberkuzey.com\/index.php\/2026\/03\/15\/isvicre-abdnin-irana-yonelik-saldirilarla-ilgili-2-kesif-ucusu-talebini-reddetti\/","title":{"rendered":"\u0130svi\u00e7re, ABD\u2019nin \u0130ran\u2019a y\u00f6nelik sald\u0131r\u0131larla ilgili 2 ke\u015fif u\u00e7u\u015fu talebini reddetti"},"content":{"rendered":"<p class=\"selectionShareable\">Federal Konsey&#8217;in, ABD askeri u\u00e7aklar\u0131 i\u00e7in \u00e7e\u015fitli \u00fcstlere y\u00f6nelik u\u00e7u\u015f talepleri hakk\u0131nda karar ald\u0131\u011f\u0131 belirtilen a\u00e7\u0131klamada, &#8220;(ABD&#8217;nin) \u0130ran&#8217;daki sava\u015fla ilgili 2 talep reddedilirken, bir bak\u0131m u\u00e7u\u015fu ve nakliye u\u00e7aklar\u0131 i\u00e7in yap\u0131lan iki \u00fcstten u\u00e7u\u015f talebi onayland\u0131.&#8221; denildi.<\/p>\n<p class=\"selectionShareable\">ABD ile \u0130srail&#8217;in \u0130ran&#8217;\u0131 hedef almaya ba\u015flad\u0131\u011f\u0131 28 \u015eubat&#8217;tan bu yana Orta Do\u011fu&#8217;da \u015fiddetli \u00e7at\u0131\u015fmalar\u0131n ya\u015fand\u0131\u011f\u0131 kaydedilen a\u00e7\u0131klamada, sald\u0131r\u0131lar\u0131n s\u00fcrd\u00fc\u011f\u00fc ABD, \u0130srail ve \u0130ran aras\u0131ndaki ili\u015fkilerle ilgili &#8220;tarafs\u0131zl\u0131k hukukunun&#8221; uyguland\u0131\u011f\u0131na i\u015faret edildi.<\/p>\n<p class=\"selectionShareable\">Bu ba\u011flamda, ABD&#8217;nin askeri ve devlet u\u00e7aklar\u0131 i\u00e7in \u00e7e\u015fitli u\u00e7u\u015f izni talepleri al\u0131nd\u0131\u011f\u0131na de\u011finilen a\u00e7\u0131klamada, Federal Sivil Havac\u0131l\u0131k Dairesi (FOCA), Hava Egemenli\u011finin Korunmas\u0131 Y\u00f6netmeli\u011fi&#8217;ne dayanarak, Federal D\u0131\u015fi\u015fleri Bakanl\u0131\u011f\u0131, Federal Savunma, Sivil Koruma ve Spor Bakanl\u0131\u011f\u0131 ve Federal Ekonomi, E\u011fitim ve Ara\u015ft\u0131rma Bakanl\u0131\u011f\u0131 ile isti\u015fare halinde bu t\u00fcr taleplerin incelendi\u011fi kaydedildi.<\/p>\n<p class=\"selectionShareable\">A\u00e7\u0131klamada, &#8220;Federal Konsey, tarafs\u0131zl\u0131\u011f\u0131n\u0131 koruyarak siyasi a\u00e7\u0131dan \u00f6nemli olan durumlarda karar verir. Tarafs\u0131zl\u0131k yasas\u0131, \u00e7at\u0131\u015fmaya taraf olan \u00fclkelerin \u00e7at\u0131\u015fmayla ilgili askeri ama\u00e7l\u0131 u\u00e7u\u015flar\u0131n\u0131 yasakl\u0131yor. Yaral\u0131lar\u0131n ta\u015f\u0131nmas\u0131 dahil insani ve t\u0131bbi ge\u00e7i\u015fler ile \u00e7at\u0131\u015fmayla ilgisi olmayan u\u00e7u\u015flara izin veriliyor.&#8221; ifadeleri kullan\u0131ld\u0131.<\/p>\n<p class=\"selectionShareable\">Federal Konsey&#8217;in 15 Mart&#8217;ta 2 ke\u015fif u\u00e7a\u011f\u0131 i\u00e7in yap\u0131lan 2 u\u00e7u\u015f izni talebini reddetti\u011fi belirtilen a\u00e7\u0131klamada, &#8220;17 Mart&#8217;ta yap\u0131lacak bak\u0131m \u00e7al\u0131\u015fmalar\u0131n\u0131n tamamlanmas\u0131n\u0131n ard\u0131ndan u\u00e7u\u015f onay\u0131 verildi. 15 Mart i\u00e7in ise nakliye u\u00e7aklar\u0131 taraf\u0131ndan yap\u0131lacak 2 u\u00e7u\u015f talebi onayland\u0131.&#8221; denildi.<\/p>\n<p class=\"selectionShareable\">A\u00e7\u0131klamada, Federal Konsey&#8217;in gelecekteki ba\u015fvurular i\u00e7in a\u015fa\u011f\u0131daki kriterleri belirledi\u011fi vurgulanarak, &#8220;\u00c7at\u0131\u015fmayla a\u00e7\u0131k\u00e7a ilgisi olmayan gelecekteki talepler onaylanacak. Ancak bu t\u00fcr u\u00e7u\u015f talepleri, normal operasyonlar\u0131n \u00f6tesine ge\u00e7iyorsa ve bu u\u00e7u\u015flar\u0131n amac\u0131 belirlenemiyorsa reddedilecek. Yaral\u0131lar\u0131n ta\u015f\u0131nmas\u0131 da dahil insani ve t\u0131bbi ama\u00e7l\u0131 u\u00e7u\u015flara ili\u015fkin talepler onaylanacak.&#8221; ifadeleri kullan\u0131ld\u0131.<\/p>\n<p class=\"selectionShareable\">ABD&#8217;nin, a\u00e7\u0131k\u00e7a belirlenmi\u015f devlet u\u00e7aklar\u0131 i\u00e7in y\u0131ll\u0131k izin uygulamas\u0131na devam edildi\u011fi vurgulanan a\u00e7\u0131klamada, \u00f6zellikle ABD, \u0130srail ve \u0130ran aras\u0131ndaki \u00e7at\u0131\u015fmada askeri destek te\u015fkil edecek devlet u\u00e7u\u015flar\u0131n\u0131n bu kapsam\u0131n d\u0131\u015f\u0131nda tutuldu\u011funa i\u015faret edildi.<\/p>\n<p class=\"selectionShareable\">A\u00e7\u0131klamada, &#8220;Bu listede yer almayan u\u00e7aklar, \u0130svi\u00e7re Federal Sivil Havac\u0131l\u0131k Dairesi&#8217;nden (FOCA) bireysel izin gerektiriyor.&#8221; de\u011ferlendirmesinde bulundu.<\/p>\n<p>\u0130svi\u00e7re, ABD&#8217;nin \u0130ran&#8217;a y\u00f6nelik sald\u0131r\u0131larla ilgili 2 ke\u015fif u\u00e7u\u015fu talebini reddetti yaz\u0131s\u0131 ilk \u00f6nce K\u0131br\u0131s Hakikat \u00fczerinde ortaya \u00e7\u0131kt\u0131.<\/p>\n","protected":false},"excerpt":{"rendered":"<p>Federal Konsey&#8217;in, ABD askeri u\u00e7aklar\u0131 i\u00e7in \u00e7e\u015fitli \u00fcstlere y\u00f6nelik u\u00e7u\u015f talepleri hakk\u0131nda karar ald\u0131\u011f\u0131 belirtilen a\u00e7\u0131klamada, &#8220;(ABD&#8217;nin) \u0130ran&#8217;daki sava\u015fla ilgili 2 talep reddedilirken, bir bak\u0131m u\u00e7u\u015fu ve nakliye u\u00e7aklar\u0131 i\u00e7in yap\u0131lan iki \u00fcstten u\u00e7u\u015f talebi onayland\u0131.&#8221; denildi. ABD ile \u0130srail&#8217;in \u0130ran&#8217;\u0131 hedef almaya ba\u015flad\u0131\u011f\u0131 28 \u015eubat&#8217;tan bu yana Orta Do\u011fu&#8217;da \u015fiddetli \u00e7at\u0131\u015fmalar\u0131n ya\u015fand\u0131\u011f\u0131 kaydedilen a\u00e7\u0131klamada, [&hellip;]<\/p>\n","protected":false},"author":1,"featured_media":35305,"comment_status":"open","ping_status":"open","sticky":false,"template":"","format":"standard","meta":{"jnews-multi-image_gallery":[],"jnews_single_post":[],"jnews_primary_category":[],"footnotes":""},"categories":[1],"tags":[],"class_list":["post-35304","post","type-post","status-publish","format-standard","has-post-thumbnail","hentry","category-kibris"],"yoast_head":"<!-- This site is optimized with the Yoast SEO plugin v27.5 - https:\/\/yoast.com\/product\/yoast-seo-wordpress\/ -->\n<title>\u0130svi\u00e7re, ABD\u2019nin \u0130ran\u2019a y\u00f6nelik sald\u0131r\u0131larla ilgili 2 ke\u015fif u\u00e7u\u015fu talebini reddetti - Haber Kuzey<\/title>\n<meta name=\"robots\" content=\"index, follow, max-snippet:-1, max-image-preview:large, max-video-preview:-1\" \/>\n<link rel=\"canonical\" href=\"https:\/\/haberkuzey.com\/index.php\/2026\/03\/15\/isvicre-abdnin-irana-yonelik-saldirilarla-ilgili-2-kesif-ucusu-talebini-reddetti\/\" \/>\n<meta property=\"og:locale\" content=\"tr_TR\" \/>\n<meta property=\"og:type\" content=\"article\" \/>\n<meta property=\"og:title\" content=\"\u0130svi\u00e7re, ABD\u2019nin \u0130ran\u2019a y\u00f6nelik sald\u0131r\u0131larla ilgili 2 ke\u015fif u\u00e7u\u015fu talebini reddetti - Haber Kuzey\" \/>\n<meta property=\"og:description\" content=\"Federal Konsey&#8217;in, ABD askeri u\u00e7aklar\u0131 i\u00e7in \u00e7e\u015fitli \u00fcstlere y\u00f6nelik u\u00e7u\u015f talepleri hakk\u0131nda karar ald\u0131\u011f\u0131 belirtilen a\u00e7\u0131klamada, &#8220;(ABD&#8217;nin) \u0130ran&#8217;daki sava\u015fla ilgili 2 talep reddedilirken, bir bak\u0131m u\u00e7u\u015fu ve nakliye u\u00e7aklar\u0131 i\u00e7in yap\u0131lan iki \u00fcstten u\u00e7u\u015f talebi onayland\u0131.&#8221; denildi. ABD ile \u0130srail&#8217;in \u0130ran&#8217;\u0131 hedef almaya ba\u015flad\u0131\u011f\u0131 28 \u015eubat&#8217;tan bu yana Orta Do\u011fu&#8217;da \u015fiddetli \u00e7at\u0131\u015fmalar\u0131n ya\u015fand\u0131\u011f\u0131 kaydedilen a\u00e7\u0131klamada, [&hellip;]\" \/>\n<meta property=\"og:url\" content=\"https:\/\/haberkuzey.com\/index.php\/2026\/03\/15\/isvicre-abdnin-irana-yonelik-saldirilarla-ilgili-2-kesif-ucusu-talebini-reddetti\/\" \/>\n<meta property=\"og:site_name\" content=\"Haber Kuzey\" \/>\n<meta property=\"article:published_time\" content=\"2026-03-15T07:10:15+00:00\" \/>\n<meta name=\"author\" content=\"haberkuzey\" \/>\n<meta name=\"twitter:card\" content=\"summary_large_image\" \/>\n<meta name=\"twitter:label1\" content=\"Yazan:\" \/>\n\t<meta name=\"twitter:data1\" content=\"haberkuzey\" \/>\n\t<meta name=\"twitter:label2\" content=\"Tahmini okuma s\u00fcresi\" \/>\n\t<meta name=\"twitter:data2\" content=\"2 dakika\" \/>\n<script type=\"application\/ld+json\" class=\"yoast-schema-graph\">{\"@context\":\"https:\\\/\\\/schema.org\",\"@graph\":[{\"@type\":\"Article\",\"@id\":\"https:\\\/\\\/haberkuzey.com\\\/index.php\\\/2026\\\/03\\\/15\\\/isvicre-abdnin-irana-yonelik-saldirilarla-ilgili-2-kesif-ucusu-talebini-reddetti\\\/#article\",\"isPartOf\":{\"@id\":\"https:\\\/\\\/haberkuzey.com\\\/index.php\\\/2026\\\/03\\\/15\\\/isvicre-abdnin-irana-yonelik-saldirilarla-ilgili-2-kesif-ucusu-talebini-reddetti\\\/\"},\"author\":{\"name\":\"haberkuzey\",\"@id\":\"https:\\\/\\\/haberkuzey.com\\\/#\\\/schema\\\/person\\\/3372109ec735f9333f4fa47ebb9605ca\"},\"headline\":\"\u0130svi\u00e7re, ABD\u2019nin \u0130ran\u2019a y\u00f6nelik sald\u0131r\u0131larla ilgili 2 ke\u015fif u\u00e7u\u015fu talebini reddetti\",\"datePublished\":\"2026-03-15T07:10:15+00:00\",\"mainEntityOfPage\":{\"@id\":\"https:\\\/\\\/haberkuzey.com\\\/index.php\\\/2026\\\/03\\\/15\\\/isvicre-abdnin-irana-yonelik-saldirilarla-ilgili-2-kesif-ucusu-talebini-reddetti\\\/\"},\"wordCount\":496,\"commentCount\":0,\"image\":{\"@id\":\"https:\\\/\\\/haberkuzey.com\\\/index.php\\\/2026\\\/03\\\/15\\\/isvicre-abdnin-irana-yonelik-saldirilarla-ilgili-2-kesif-ucusu-talebini-reddetti\\\/#primaryimage\"},\"thumbnailUrl\":\"https:\\\/\\\/haberkuzey.com\\\/wp-content\\\/uploads\\\/2026\\\/03\\\/thumbs_b_c_65f32e94ea2d8695ff132687a93a1dfa.jpg\",\"articleSection\":[\"K\u0131br\u0131s\"],\"inLanguage\":\"tr\",\"potentialAction\":[{\"@type\":\"CommentAction\",\"name\":\"Comment\",\"target\":[\"https:\\\/\\\/haberkuzey.com\\\/index.php\\\/2026\\\/03\\\/15\\\/isvicre-abdnin-irana-yonelik-saldirilarla-ilgili-2-kesif-ucusu-talebini-reddetti\\\/#respond\"]}]},{\"@type\":\"WebPage\",\"@id\":\"https:\\\/\\\/haberkuzey.com\\\/index.php\\\/2026\\\/03\\\/15\\\/isvicre-abdnin-irana-yonelik-saldirilarla-ilgili-2-kesif-ucusu-talebini-reddetti\\\/\",\"url\":\"https:\\\/\\\/haberkuzey.com\\\/index.php\\\/2026\\\/03\\\/15\\\/isvicre-abdnin-irana-yonelik-saldirilarla-ilgili-2-kesif-ucusu-talebini-reddetti\\\/\",\"name\":\"\u0130svi\u00e7re, ABD\u2019nin \u0130ran\u2019a y\u00f6nelik sald\u0131r\u0131larla ilgili 2 ke\u015fif u\u00e7u\u015fu talebini reddetti - Haber Kuzey\",\"isPartOf\":{\"@id\":\"https:\\\/\\\/haberkuzey.com\\\/#website\"},\"primaryImageOfPage\":{\"@id\":\"https:\\\/\\\/haberkuzey.com\\\/index.php\\\/2026\\\/03\\\/15\\\/isvicre-abdnin-irana-yonelik-saldirilarla-ilgili-2-kesif-ucusu-talebini-reddetti\\\/#primaryimage\"},\"image\":{\"@id\":\"https:\\\/\\\/haberkuzey.com\\\/index.php\\\/2026\\\/03\\\/15\\\/isvicre-abdnin-irana-yonelik-saldirilarla-ilgili-2-kesif-ucusu-talebini-reddetti\\\/#primaryimage\"},\"thumbnailUrl\":\"https:\\\/\\\/haberkuzey.com\\\/wp-content\\\/uploads\\\/2026\\\/03\\\/thumbs_b_c_65f32e94ea2d8695ff132687a93a1dfa.jpg\",\"datePublished\":\"2026-03-15T07:10:15+00:00\",\"author\":{\"@id\":\"https:\\\/\\\/haberkuzey.com\\\/#\\\/schema\\\/person\\\/3372109ec735f9333f4fa47ebb9605ca\"},\"breadcrumb\":{\"@id\":\"https:\\\/\\\/haberkuzey.com\\\/index.php\\\/2026\\\/03\\\/15\\\/isvicre-abdnin-irana-yonelik-saldirilarla-ilgili-2-kesif-ucusu-talebini-reddetti\\\/#breadcrumb\"},\"inLanguage\":\"tr\",\"potentialAction\":[{\"@type\":\"ReadAction\",\"target\":[\"https:\\\/\\\/haberkuzey.com\\\/index.php\\\/2026\\\/03\\\/15\\\/isvicre-abdnin-irana-yonelik-saldirilarla-ilgili-2-kesif-ucusu-talebini-reddetti\\\/\"]}]},{\"@type\":\"ImageObject\",\"inLanguage\":\"tr\",\"@id\":\"https:\\\/\\\/haberkuzey.com\\\/index.php\\\/2026\\\/03\\\/15\\\/isvicre-abdnin-irana-yonelik-saldirilarla-ilgili-2-kesif-ucusu-talebini-reddetti\\\/#primaryimage\",\"url\":\"https:\\\/\\\/haberkuzey.com\\\/wp-content\\\/uploads\\\/2026\\\/03\\\/thumbs_b_c_65f32e94ea2d8695ff132687a93a1dfa.jpg\",\"contentUrl\":\"https:\\\/\\\/haberkuzey.com\\\/wp-content\\\/uploads\\\/2026\\\/03\\\/thumbs_b_c_65f32e94ea2d8695ff132687a93a1dfa.jpg\",\"width\":864,\"height\":486},{\"@type\":\"BreadcrumbList\",\"@id\":\"https:\\\/\\\/haberkuzey.com\\\/index.php\\\/2026\\\/03\\\/15\\\/isvicre-abdnin-irana-yonelik-saldirilarla-ilgili-2-kesif-ucusu-talebini-reddetti\\\/#breadcrumb\",\"itemListElement\":[{\"@type\":\"ListItem\",\"position\":1,\"name\":\"Anasayfa\",\"item\":\"https:\\\/\\\/haberkuzey.com\\\/\"},{\"@type\":\"ListItem\",\"position\":2,\"name\":\"\u0130svi\u00e7re, ABD\u2019nin \u0130ran\u2019a y\u00f6nelik sald\u0131r\u0131larla ilgili 2 ke\u015fif u\u00e7u\u015fu talebini reddetti\"}]},{\"@type\":\"WebSite\",\"@id\":\"https:\\\/\\\/haberkuzey.com\\\/#website\",\"url\":\"https:\\\/\\\/haberkuzey.com\\\/\",\"name\":\"Haber Kuzey\",\"description\":\"Do\u011fru Haberin Adresi\",\"potentialAction\":[{\"@type\":\"SearchAction\",\"target\":{\"@type\":\"EntryPoint\",\"urlTemplate\":\"https:\\\/\\\/haberkuzey.com\\\/?s={search_term_string}\"},\"query-input\":{\"@type\":\"PropertyValueSpecification\",\"valueRequired\":true,\"valueName\":\"search_term_string\"}}],\"inLanguage\":\"tr\"},{\"@type\":\"Person\",\"@id\":\"https:\\\/\\\/haberkuzey.com\\\/#\\\/schema\\\/person\\\/3372109ec735f9333f4fa47ebb9605ca\",\"name\":\"haberkuzey\",\"image\":{\"@type\":\"ImageObject\",\"inLanguage\":\"tr\",\"@id\":\"https:\\\/\\\/secure.gravatar.com\\\/avatar\\\/f5fc875574b1575324358c3b9e6a32b8227aa5b74f3fa22e3cadb63e26fcc39c?s=96&d=mm&r=g\",\"url\":\"https:\\\/\\\/secure.gravatar.com\\\/avatar\\\/f5fc875574b1575324358c3b9e6a32b8227aa5b74f3fa22e3cadb63e26fcc39c?s=96&d=mm&r=g\",\"contentUrl\":\"https:\\\/\\\/secure.gravatar.com\\\/avatar\\\/f5fc875574b1575324358c3b9e6a32b8227aa5b74f3fa22e3cadb63e26fcc39c?s=96&d=mm&r=g\",\"caption\":\"haberkuzey\"},\"sameAs\":[\"https:\\\/\\\/haberkuzey.com\"],\"url\":\"https:\\\/\\\/haberkuzey.com\\\/index.php\\\/author\\\/haberkuzey\\\/\"}]}<\/script>\n<!-- \/ Yoast SEO plugin. -->","yoast_head_json":{"title":"\u0130svi\u00e7re, ABD\u2019nin \u0130ran\u2019a y\u00f6nelik sald\u0131r\u0131larla ilgili 2 ke\u015fif u\u00e7u\u015fu talebini reddetti - Haber Kuzey","robots":{"index":"index","follow":"follow","max-snippet":"max-snippet:-1","max-image-preview":"max-image-preview:large","max-video-preview":"max-video-preview:-1"},"canonical":"https:\/\/haberkuzey.com\/index.php\/2026\/03\/15\/isvicre-abdnin-irana-yonelik-saldirilarla-ilgili-2-kesif-ucusu-talebini-reddetti\/","og_locale":"tr_TR","og_type":"article","og_title":"\u0130svi\u00e7re, ABD\u2019nin \u0130ran\u2019a y\u00f6nelik sald\u0131r\u0131larla ilgili 2 ke\u015fif u\u00e7u\u015fu talebini reddetti - Haber Kuzey","og_description":"Federal Konsey&#8217;in, ABD askeri u\u00e7aklar\u0131 i\u00e7in \u00e7e\u015fitli \u00fcstlere y\u00f6nelik u\u00e7u\u015f talepleri hakk\u0131nda karar ald\u0131\u011f\u0131 belirtilen a\u00e7\u0131klamada, &#8220;(ABD&#8217;nin) \u0130ran&#8217;daki sava\u015fla ilgili 2 talep reddedilirken, bir bak\u0131m u\u00e7u\u015fu ve nakliye u\u00e7aklar\u0131 i\u00e7in yap\u0131lan iki \u00fcstten u\u00e7u\u015f talebi onayland\u0131.&#8221; denildi. ABD ile \u0130srail&#8217;in \u0130ran&#8217;\u0131 hedef almaya ba\u015flad\u0131\u011f\u0131 28 \u015eubat&#8217;tan bu yana Orta Do\u011fu&#8217;da \u015fiddetli \u00e7at\u0131\u015fmalar\u0131n ya\u015fand\u0131\u011f\u0131 kaydedilen a\u00e7\u0131klamada, [&hellip;]","og_url":"https:\/\/haberkuzey.com\/index.php\/2026\/03\/15\/isvicre-abdnin-irana-yonelik-saldirilarla-ilgili-2-kesif-ucusu-talebini-reddetti\/","og_site_name":"Haber Kuzey","article_published_time":"2026-03-15T07:10:15+00:00","author":"haberkuzey","twitter_card":"summary_large_image","twitter_misc":{"Yazan:":"haberkuzey","Tahmini okuma s\u00fcresi":"2 dakika"},"schema":{"@context":"https:\/\/schema.org","@graph":[{"@type":"Article","@id":"https:\/\/haberkuzey.com\/index.php\/2026\/03\/15\/isvicre-abdnin-irana-yonelik-saldirilarla-ilgili-2-kesif-ucusu-talebini-reddetti\/#article","isPartOf":{"@id":"https:\/\/haberkuzey.com\/index.php\/2026\/03\/15\/isvicre-abdnin-irana-yonelik-saldirilarla-ilgili-2-kesif-ucusu-talebini-reddetti\/"},"author":{"name":"haberkuzey","@id":"https:\/\/haberkuzey.com\/#\/schema\/person\/3372109ec735f9333f4fa47ebb9605ca"},"headline":"\u0130svi\u00e7re, ABD\u2019nin \u0130ran\u2019a y\u00f6nelik sald\u0131r\u0131larla ilgili 2 ke\u015fif u\u00e7u\u015fu talebini reddetti","datePublished":"2026-03-15T07:10:15+00:00","mainEntityOfPage":{"@id":"https:\/\/haberkuzey.com\/index.php\/2026\/03\/15\/isvicre-abdnin-irana-yonelik-saldirilarla-ilgili-2-kesif-ucusu-talebini-reddetti\/"},"wordCount":496,"commentCount":0,"image":{"@id":"https:\/\/haberkuzey.com\/index.php\/2026\/03\/15\/isvicre-abdnin-irana-yonelik-saldirilarla-ilgili-2-kesif-ucusu-talebini-reddetti\/#primaryimage"},"thumbnailUrl":"https:\/\/haberkuzey.com\/wp-content\/uploads\/2026\/03\/thumbs_b_c_65f32e94ea2d8695ff132687a93a1dfa.jpg","articleSection":["K\u0131br\u0131s"],"inLanguage":"tr","potentialAction":[{"@type":"CommentAction","name":"Comment","target":["https:\/\/haberkuzey.com\/index.php\/2026\/03\/15\/isvicre-abdnin-irana-yonelik-saldirilarla-ilgili-2-kesif-ucusu-talebini-reddetti\/#respond"]}]},{"@type":"WebPage","@id":"https:\/\/haberkuzey.com\/index.php\/2026\/03\/15\/isvicre-abdnin-irana-yonelik-saldirilarla-ilgili-2-kesif-ucusu-talebini-reddetti\/","url":"https:\/\/haberkuzey.com\/index.php\/2026\/03\/15\/isvicre-abdnin-irana-yonelik-saldirilarla-ilgili-2-kesif-ucusu-talebini-reddetti\/","name":"\u0130svi\u00e7re, ABD\u2019nin \u0130ran\u2019a y\u00f6nelik sald\u0131r\u0131larla ilgili 2 ke\u015fif u\u00e7u\u015fu talebini reddetti - Haber Kuzey","isPartOf":{"@id":"https:\/\/haberkuzey.com\/#website"},"primaryImageOfPage":{"@id":"https:\/\/haberkuzey.com\/index.php\/2026\/03\/15\/isvicre-abdnin-irana-yonelik-saldirilarla-ilgili-2-kesif-ucusu-talebini-reddetti\/#primaryimage"},"image":{"@id":"https:\/\/haberkuzey.com\/index.php\/2026\/03\/15\/isvicre-abdnin-irana-yonelik-saldirilarla-ilgili-2-kesif-ucusu-talebini-reddetti\/#primaryimage"},"thumbnailUrl":"https:\/\/haberkuzey.com\/wp-content\/uploads\/2026\/03\/thumbs_b_c_65f32e94ea2d8695ff132687a93a1dfa.jpg","datePublished":"2026-03-15T07:10:15+00:00","author":{"@id":"https:\/\/haberkuzey.com\/#\/schema\/person\/3372109ec735f9333f4fa47ebb9605ca"},"breadcrumb":{"@id":"https:\/\/haberkuzey.com\/index.php\/2026\/03\/15\/isvicre-abdnin-irana-yonelik-saldirilarla-ilgili-2-kesif-ucusu-talebini-reddetti\/#breadcrumb"},"inLanguage":"tr","potentialAction":[{"@type":"ReadAction","target":["https:\/\/haberkuzey.com\/index.php\/2026\/03\/15\/isvicre-abdnin-irana-yonelik-saldirilarla-ilgili-2-kesif-ucusu-talebini-reddetti\/"]}]},{"@type":"ImageObject","inLanguage":"tr","@id":"https:\/\/haberkuzey.com\/index.php\/2026\/03\/15\/isvicre-abdnin-irana-yonelik-saldirilarla-ilgili-2-kesif-ucusu-talebini-reddetti\/#primaryimage","url":"https:\/\/haberkuzey.com\/wp-content\/uploads\/2026\/03\/thumbs_b_c_65f32e94ea2d8695ff132687a93a1dfa.jpg","contentUrl":"https:\/\/haberkuzey.com\/wp-content\/uploads\/2026\/03\/thumbs_b_c_65f32e94ea2d8695ff132687a93a1dfa.jpg","width":864,"height":486},{"@type":"BreadcrumbList","@id":"https:\/\/haberkuzey.com\/index.php\/2026\/03\/15\/isvicre-abdnin-irana-yonelik-saldirilarla-ilgili-2-kesif-ucusu-talebini-reddetti\/#breadcrumb","itemListElement":[{"@type":"ListItem","position":1,"name":"Anasayfa","item":"https:\/\/haberkuzey.com\/"},{"@type":"ListItem","position":2,"name":"\u0130svi\u00e7re, ABD\u2019nin \u0130ran\u2019a y\u00f6nelik sald\u0131r\u0131larla ilgili 2 ke\u015fif u\u00e7u\u015fu talebini reddetti"}]},{"@type":"WebSite","@id":"https:\/\/haberkuzey.com\/#website","url":"https:\/\/haberkuzey.com\/","name":"Haber Kuzey","description":"Do\u011fru Haberin Adresi","potentialAction":[{"@type":"SearchAction","target":{"@type":"EntryPoint","urlTemplate":"https:\/\/haberkuzey.com\/?s={search_term_string}"},"query-input":{"@type":"PropertyValueSpecification","valueRequired":true,"valueName":"search_term_string"}}],"inLanguage":"tr"},{"@type":"Person","@id":"https:\/\/haberkuzey.com\/#\/schema\/person\/3372109ec735f9333f4fa47ebb9605ca","name":"haberkuzey","image":{"@type":"ImageObject","inLanguage":"tr","@id":"https:\/\/secure.gravatar.com\/avatar\/f5fc875574b1575324358c3b9e6a32b8227aa5b74f3fa22e3cadb63e26fcc39c?s=96&d=mm&r=g","url":"https:\/\/secure.gravatar.com\/avatar\/f5fc875574b1575324358c3b9e6a32b8227aa5b74f3fa22e3cadb63e26fcc39c?s=96&d=mm&r=g","contentUrl":"https:\/\/secure.gravatar.com\/avatar\/f5fc875574b1575324358c3b9e6a32b8227aa5b74f3fa22e3cadb63e26fcc39c?s=96&d=mm&r=g","caption":"haberkuzey"},"sameAs":["https:\/\/haberkuzey.com"],"url":"https:\/\/haberkuzey.com\/index.php\/author\/haberkuzey\/"}]}},"_links":{"self":[{"href":"https:\/\/haberkuzey.com\/index.php\/wp-json\/wp\/v2\/posts\/35304","targetHints":{"allow":["GET"]}}],"collection":[{"href":"https:\/\/haberkuzey.com\/index.php\/wp-json\/wp\/v2\/posts"}],"about":[{"href":"https:\/\/haberkuzey.com\/index.php\/wp-json\/wp\/v2\/types\/post"}],"author":[{"embeddable":true,"href":"https:\/\/haberkuzey.com\/index.php\/wp-json\/wp\/v2\/users\/1"}],"replies":[{"embeddable":true,"href":"https:\/\/haberkuzey.com\/index.php\/wp-json\/wp\/v2\/comments?post=35304"}],"version-history":[{"count":0,"href":"https:\/\/haberkuzey.com\/index.php\/wp-json\/wp\/v2\/posts\/35304\/revisions"}],"wp:featuredmedia":[{"embeddable":true,"href":"https:\/\/haberkuzey.com\/index.php\/wp-json\/wp\/v2\/media\/35305"}],"wp:attachment":[{"href":"https:\/\/haberkuzey.com\/index.php\/wp-json\/wp\/v2\/media?parent=35304"}],"wp:term":[{"taxonomy":"category","embeddable":true,"href":"https:\/\/haberkuzey.com\/index.php\/wp-json\/wp\/v2\/categories?post=35304"},{"taxonomy":"post_tag","embeddable":true,"href":"https:\/\/haberkuzey.com\/index.php\/wp-json\/wp\/v2\/tags?post=35304"}],"curies":[{"name":"wp","href":"https:\/\/api.w.org\/{rel}","templated":true}]}}