{"id":35298,"date":"2026-03-14T16:34:12","date_gmt":"2026-03-14T14:34:12","guid":{"rendered":"https:\/\/haberkuzey.com\/index.php\/2026\/03\/14\/47-yasindaki-hastanin-organlari-4-kisiye-hayat-verdi\/"},"modified":"2026-03-14T16:34:12","modified_gmt":"2026-03-14T14:34:12","slug":"47-yasindaki-hastanin-organlari-4-kisiye-hayat-verdi","status":"publish","type":"post","link":"https:\/\/haberkuzey.com\/index.php\/2026\/03\/14\/47-yasindaki-hastanin-organlari-4-kisiye-hayat-verdi\/","title":{"rendered":"47 ya\u015f\u0131ndaki hastan\u0131n organlar\u0131 4 ki\u015fiye hayat verdi\u2026"},"content":{"rendered":"<p style=\"font-weight: 300\"><span style=\"font-weight: 300 !important\">\u00c7ar\u015famba g\u00fcn\u00fc beyin \u00f6l\u00fcm\u00fc ger\u00e7ekle\u015fen hastan\u0131n ailesinin ba\u011f\u0131\u015f\u00e7\u0131 olmas\u0131yla ba\u015flayan s\u00fcre\u00e7te 29 ya\u015f\u0131nda yapay kalple ya\u015fayan erkek hastaya kalp, 43 ve 62 ya\u015f\u0131ndaki iki erkek hastaya da b\u00f6brek nakli yap\u0131ld\u0131.<\/span><\/p>\n<p style=\"font-weight: 300\"><span style=\"font-weight: 300 !important\">T\u00fcrk Ajans\u0131 K\u0131br\u0131s\u2019a (TAK) a\u00e7\u0131klama yapan nakil hekimlerinden Do\u00e7. Dr. Necmi Bayraktar ve Dr. Hasan Birtan, hastalar\u0131n sa\u011fl\u0131k durumlar\u0131n\u0131n stabil oldu\u011funu kaydetti.<\/span><\/p>\n<p style=\"font-weight: 300\"><span style=\"font-weight: 300 !important\">Bayraktar ve Birtan, nakillerin 14 Mart T\u0131p Bayram\u0131&#8217;na denk gelmesinin de kendileri i\u00e7in ayr\u0131ca \u00f6nemli oldu\u011funu ifade etti.\u00a0\u00a0<\/span><\/p>\n<p style=\"font-weight: 300\"><span style=\"font-weight: 300 !important\">-Bayraktar<\/span><\/p>\n<p style=\"font-weight: 300\"><span style=\"font-weight: 300 !important\">\u00dcroloji ve B\u00f6brek Nakil Sorumlu Cerrah\u0131 Do\u00e7. Dr. Necmi Bayraktar, Yak\u0131n Do\u011fu \u00dcniversitesi Hastanesi\u2019nde beyin kanamas\u0131 nedeniyle tedavi g\u00f6ren 47 ya\u015f\u0131ndaki erkek hastan\u0131n beyin \u00f6l\u00fcm\u00fcn\u00fcn ger\u00e7ekle\u015fmesiyle ilgili, \u00e7ar\u015famba g\u00fcn\u00fc bildirim ald\u0131klar\u0131n\u0131 s\u00f6yledi.<\/span><\/p>\n<p style=\"font-weight: 300\"><span style=\"font-weight: 300 !important\">Hastan\u0131n yak\u0131nlar\u0131n\u0131n ba\u011f\u0131\u015f\u00e7\u0131 olmas\u0131yla s\u00fcrecin ba\u015flad\u0131\u011f\u0131n\u0131, T\u00fcrkiye\u2019deki Ulusal Koordinasyon Merkezi ve KKTC Organ Nakil Koordinasyon Kurulu ile ileti\u015fime ge\u00e7ildi\u011fini belirten Bayraktar, organ bekleyen 29 ya\u015f\u0131ndaki kalp hastas\u0131 ile 43 ve 62 ya\u015f\u0131ndaki iki erkek b\u00f6brek hastas\u0131na nakil yap\u0131ld\u0131\u011f\u0131n\u0131 kaydetti.<\/span><\/p>\n<p style=\"font-weight: 300\"><span style=\"font-weight: 300 !important\">Necmi Bayraktar, kalbin ve bir b\u00f6bre\u011fin d\u00fcn, di\u011fer b\u00f6bre\u011fin ise bug\u00fcn nakledildi\u011fini, karaci\u011ferin nakil i\u00e7in Antalya b\u00f6lgesine g\u00f6nderildi\u011fini ifade etti.<\/span><\/p>\n<p style=\"font-weight: 300\"><span style=\"font-weight: 300 !important\">B\u00f6brek nakillerinden birinin yakla\u015f\u0131k 3 saat, di\u011ferinin de 2,5 saat s\u00fcrd\u00fc\u011f\u00fcn\u00fc kaydeden Dr. Necmi Bayraktar, \u201cCerrahi olarak s\u0131k\u0131nt\u0131 ya\u015famad\u0131k. Hastalar\u0131n erken d\u00f6nem takiplerinde bir sorun yok\u201d dedi.<\/span><\/p>\n<p style=\"font-weight: 300\"><span style=\"font-weight: 300 !important\">Dr. Bayraktar, ba\u011f\u0131\u015f\u00e7\u0131 olan aileye te\u015fekk\u00fcr ederek, hayat\u0131n\u0131 kaybeden hastaya rahmet diledi, organ ba\u011f\u0131\u015f\u0131n\u0131n \u00f6nemine dikkat \u00e7ekti.<\/span><\/p>\n<p style=\"font-weight: 300\"><span style=\"font-weight: 300 !important\">-Birtan<\/span><\/p>\n<p style=\"font-weight: 300\"><span style=\"font-weight: 300 !important\">Kalp ve Damar Cerrah\u0131, Lefko\u015fa Dr. Burhan Nalbanto\u011flu Devlet Hastanesi Ba\u015fhekim Vekili Dr. Hasan Birtan, \u00a0\u201cyapay kalp\u201d cihaz\u0131yla (LVAD)\u00a0 ya\u015fayan 29 ya\u015f\u0131ndaki erkek hastaya d\u00fcn kalp nakli yap\u0131ld\u0131\u011f\u0131n\u0131 s\u00f6yledi.<\/span><\/p>\n<p style=\"font-weight: 300\"><span style=\"font-weight: 300 !important\">Antalya \u00dcniversitesi\u2019nden uzmanlar\u0131n da deste\u011fiyle 8-10 saat s\u00fcren zorlu bir ameliyat s\u00fcreci ge\u00e7irdiklerini belirten Birtan, yo\u011fun bak\u0131mdaki hastan\u0131n bilincinin a\u00e7\u0131k, durumunun stabil oldu\u011funu belirterek, \u201c72 saatlik kritik s\u00fcre\u00e7 devam ediyor\u201d dedi.<\/span><\/p>\n<p style=\"font-weight: 300\"><span style=\"font-weight: 300 !important\">Birtan, KKTC\u2019de bug\u00fcne kadar 5 kalp nakli yap\u0131ld\u0131\u011f\u0131n\u0131 da s\u00f6zlerine ekleyerek, Prof. Dr. \u00d6mer Bayezid, Prof. Dr. Cengiz T\u00fcrkay ve Do\u00e7. Dr. Salih \u00d6z\u00e7obano\u011flu\u2019na te\u015fekk\u00fcr etti.<\/span><\/p>\n<p style=\"font-weight: 300\"><span style=\"font-weight: 300 !important\">KKTC\u2019de bug\u00fcne kadar 40\u2019\u0131 beyin \u00f6l\u00fcm\u00fc ger\u00e7ekle\u015fen hastadan, 39\u2019u canl\u0131 vericiden nakil yap\u0131ld\u0131.<\/span><\/p>\n<p>47 ya\u015f\u0131ndaki hastan\u0131n organlar\u0131 4 ki\u015fiye hayat verdi&#8230; yaz\u0131s\u0131 ilk \u00f6nce K\u0131br\u0131s Hakikat \u00fczerinde ortaya \u00e7\u0131kt\u0131.<\/p>\n","protected":false},"excerpt":{"rendered":"<p>\u00c7ar\u015famba g\u00fcn\u00fc beyin \u00f6l\u00fcm\u00fc ger\u00e7ekle\u015fen hastan\u0131n ailesinin ba\u011f\u0131\u015f\u00e7\u0131 olmas\u0131yla ba\u015flayan s\u00fcre\u00e7te 29 ya\u015f\u0131nda yapay kalple ya\u015fayan erkek hastaya kalp, 43 ve 62 ya\u015f\u0131ndaki iki erkek hastaya da b\u00f6brek nakli yap\u0131ld\u0131. T\u00fcrk Ajans\u0131 K\u0131br\u0131s\u2019a (TAK) a\u00e7\u0131klama yapan nakil hekimlerinden Do\u00e7. Dr. Necmi Bayraktar ve Dr. Hasan Birtan, hastalar\u0131n sa\u011fl\u0131k durumlar\u0131n\u0131n stabil oldu\u011funu kaydetti. Bayraktar ve Birtan, [&hellip;]<\/p>\n","protected":false},"author":1,"featured_media":35299,"comment_status":"open","ping_status":"open","sticky":false,"template":"","format":"standard","meta":{"jnews-multi-image_gallery":[],"jnews_single_post":[],"jnews_primary_category":[],"footnotes":""},"categories":[1],"tags":[],"class_list":["post-35298","post","type-post","status-publish","format-standard","has-post-thumbnail","hentry","category-kibris"],"yoast_head":"<!-- This site is optimized with the Yoast SEO plugin v27.5 - https:\/\/yoast.com\/product\/yoast-seo-wordpress\/ -->\n<title>47 ya\u015f\u0131ndaki hastan\u0131n organlar\u0131 4 ki\u015fiye hayat verdi\u2026 - Haber Kuzey<\/title>\n<meta name=\"robots\" content=\"index, follow, max-snippet:-1, max-image-preview:large, max-video-preview:-1\" \/>\n<link rel=\"canonical\" href=\"https:\/\/haberkuzey.com\/index.php\/2026\/03\/14\/47-yasindaki-hastanin-organlari-4-kisiye-hayat-verdi\/\" \/>\n<meta property=\"og:locale\" content=\"tr_TR\" \/>\n<meta property=\"og:type\" content=\"article\" \/>\n<meta property=\"og:title\" content=\"47 ya\u015f\u0131ndaki hastan\u0131n organlar\u0131 4 ki\u015fiye hayat verdi\u2026 - Haber Kuzey\" \/>\n<meta property=\"og:description\" content=\"\u00c7ar\u015famba g\u00fcn\u00fc beyin \u00f6l\u00fcm\u00fc ger\u00e7ekle\u015fen hastan\u0131n ailesinin ba\u011f\u0131\u015f\u00e7\u0131 olmas\u0131yla ba\u015flayan s\u00fcre\u00e7te 29 ya\u015f\u0131nda yapay kalple ya\u015fayan erkek hastaya kalp, 43 ve 62 ya\u015f\u0131ndaki iki erkek hastaya da b\u00f6brek nakli yap\u0131ld\u0131. T\u00fcrk Ajans\u0131 K\u0131br\u0131s\u2019a (TAK) a\u00e7\u0131klama yapan nakil hekimlerinden Do\u00e7. Dr. Necmi Bayraktar ve Dr. Hasan Birtan, hastalar\u0131n sa\u011fl\u0131k durumlar\u0131n\u0131n stabil oldu\u011funu kaydetti. Bayraktar ve Birtan, [&hellip;]\" \/>\n<meta property=\"og:url\" content=\"https:\/\/haberkuzey.com\/index.php\/2026\/03\/14\/47-yasindaki-hastanin-organlari-4-kisiye-hayat-verdi\/\" \/>\n<meta property=\"og:site_name\" content=\"Haber Kuzey\" \/>\n<meta property=\"article:published_time\" content=\"2026-03-14T14:34:12+00:00\" \/>\n<meta name=\"author\" content=\"haberkuzey\" \/>\n<meta name=\"twitter:card\" content=\"summary_large_image\" \/>\n<meta name=\"twitter:label1\" content=\"Yazan:\" \/>\n\t<meta name=\"twitter:data1\" content=\"haberkuzey\" \/>\n\t<meta name=\"twitter:label2\" content=\"Tahmini okuma s\u00fcresi\" \/>\n\t<meta name=\"twitter:data2\" content=\"2 dakika\" \/>\n<script type=\"application\/ld+json\" class=\"yoast-schema-graph\">{\"@context\":\"https:\\\/\\\/schema.org\",\"@graph\":[{\"@type\":\"Article\",\"@id\":\"https:\\\/\\\/haberkuzey.com\\\/index.php\\\/2026\\\/03\\\/14\\\/47-yasindaki-hastanin-organlari-4-kisiye-hayat-verdi\\\/#article\",\"isPartOf\":{\"@id\":\"https:\\\/\\\/haberkuzey.com\\\/index.php\\\/2026\\\/03\\\/14\\\/47-yasindaki-hastanin-organlari-4-kisiye-hayat-verdi\\\/\"},\"author\":{\"name\":\"haberkuzey\",\"@id\":\"https:\\\/\\\/haberkuzey.com\\\/#\\\/schema\\\/person\\\/3372109ec735f9333f4fa47ebb9605ca\"},\"headline\":\"47 ya\u015f\u0131ndaki hastan\u0131n organlar\u0131 4 ki\u015fiye hayat verdi\u2026\",\"datePublished\":\"2026-03-14T14:34:12+00:00\",\"mainEntityOfPage\":{\"@id\":\"https:\\\/\\\/haberkuzey.com\\\/index.php\\\/2026\\\/03\\\/14\\\/47-yasindaki-hastanin-organlari-4-kisiye-hayat-verdi\\\/\"},\"wordCount\":456,\"commentCount\":0,\"image\":{\"@id\":\"https:\\\/\\\/haberkuzey.com\\\/index.php\\\/2026\\\/03\\\/14\\\/47-yasindaki-hastanin-organlari-4-kisiye-hayat-verdi\\\/#primaryimage\"},\"thumbnailUrl\":\"https:\\\/\\\/haberkuzey.com\\\/wp-content\\\/uploads\\\/2026\\\/03\\\/1773489709533organ.jpg\",\"articleSection\":[\"K\u0131br\u0131s\"],\"inLanguage\":\"tr\",\"potentialAction\":[{\"@type\":\"CommentAction\",\"name\":\"Comment\",\"target\":[\"https:\\\/\\\/haberkuzey.com\\\/index.php\\\/2026\\\/03\\\/14\\\/47-yasindaki-hastanin-organlari-4-kisiye-hayat-verdi\\\/#respond\"]}]},{\"@type\":\"WebPage\",\"@id\":\"https:\\\/\\\/haberkuzey.com\\\/index.php\\\/2026\\\/03\\\/14\\\/47-yasindaki-hastanin-organlari-4-kisiye-hayat-verdi\\\/\",\"url\":\"https:\\\/\\\/haberkuzey.com\\\/index.php\\\/2026\\\/03\\\/14\\\/47-yasindaki-hastanin-organlari-4-kisiye-hayat-verdi\\\/\",\"name\":\"47 ya\u015f\u0131ndaki hastan\u0131n organlar\u0131 4 ki\u015fiye hayat verdi\u2026 - Haber Kuzey\",\"isPartOf\":{\"@id\":\"https:\\\/\\\/haberkuzey.com\\\/#website\"},\"primaryImageOfPage\":{\"@id\":\"https:\\\/\\\/haberkuzey.com\\\/index.php\\\/2026\\\/03\\\/14\\\/47-yasindaki-hastanin-organlari-4-kisiye-hayat-verdi\\\/#primaryimage\"},\"image\":{\"@id\":\"https:\\\/\\\/haberkuzey.com\\\/index.php\\\/2026\\\/03\\\/14\\\/47-yasindaki-hastanin-organlari-4-kisiye-hayat-verdi\\\/#primaryimage\"},\"thumbnailUrl\":\"https:\\\/\\\/haberkuzey.com\\\/wp-content\\\/uploads\\\/2026\\\/03\\\/1773489709533organ.jpg\",\"datePublished\":\"2026-03-14T14:34:12+00:00\",\"author\":{\"@id\":\"https:\\\/\\\/haberkuzey.com\\\/#\\\/schema\\\/person\\\/3372109ec735f9333f4fa47ebb9605ca\"},\"breadcrumb\":{\"@id\":\"https:\\\/\\\/haberkuzey.com\\\/index.php\\\/2026\\\/03\\\/14\\\/47-yasindaki-hastanin-organlari-4-kisiye-hayat-verdi\\\/#breadcrumb\"},\"inLanguage\":\"tr\",\"potentialAction\":[{\"@type\":\"ReadAction\",\"target\":[\"https:\\\/\\\/haberkuzey.com\\\/index.php\\\/2026\\\/03\\\/14\\\/47-yasindaki-hastanin-organlari-4-kisiye-hayat-verdi\\\/\"]}]},{\"@type\":\"ImageObject\",\"inLanguage\":\"tr\",\"@id\":\"https:\\\/\\\/haberkuzey.com\\\/index.php\\\/2026\\\/03\\\/14\\\/47-yasindaki-hastanin-organlari-4-kisiye-hayat-verdi\\\/#primaryimage\",\"url\":\"https:\\\/\\\/haberkuzey.com\\\/wp-content\\\/uploads\\\/2026\\\/03\\\/1773489709533organ.jpg\",\"contentUrl\":\"https:\\\/\\\/haberkuzey.com\\\/wp-content\\\/uploads\\\/2026\\\/03\\\/1773489709533organ.jpg\",\"width\":2000,\"height\":1000},{\"@type\":\"BreadcrumbList\",\"@id\":\"https:\\\/\\\/haberkuzey.com\\\/index.php\\\/2026\\\/03\\\/14\\\/47-yasindaki-hastanin-organlari-4-kisiye-hayat-verdi\\\/#breadcrumb\",\"itemListElement\":[{\"@type\":\"ListItem\",\"position\":1,\"name\":\"Anasayfa\",\"item\":\"https:\\\/\\\/haberkuzey.com\\\/\"},{\"@type\":\"ListItem\",\"position\":2,\"name\":\"47 ya\u015f\u0131ndaki hastan\u0131n organlar\u0131 4 ki\u015fiye hayat verdi\u2026\"}]},{\"@type\":\"WebSite\",\"@id\":\"https:\\\/\\\/haberkuzey.com\\\/#website\",\"url\":\"https:\\\/\\\/haberkuzey.com\\\/\",\"name\":\"Haber Kuzey\",\"description\":\"Do\u011fru Haberin Adresi\",\"potentialAction\":[{\"@type\":\"SearchAction\",\"target\":{\"@type\":\"EntryPoint\",\"urlTemplate\":\"https:\\\/\\\/haberkuzey.com\\\/?s={search_term_string}\"},\"query-input\":{\"@type\":\"PropertyValueSpecification\",\"valueRequired\":true,\"valueName\":\"search_term_string\"}}],\"inLanguage\":\"tr\"},{\"@type\":\"Person\",\"@id\":\"https:\\\/\\\/haberkuzey.com\\\/#\\\/schema\\\/person\\\/3372109ec735f9333f4fa47ebb9605ca\",\"name\":\"haberkuzey\",\"image\":{\"@type\":\"ImageObject\",\"inLanguage\":\"tr\",\"@id\":\"https:\\\/\\\/secure.gravatar.com\\\/avatar\\\/f5fc875574b1575324358c3b9e6a32b8227aa5b74f3fa22e3cadb63e26fcc39c?s=96&d=mm&r=g\",\"url\":\"https:\\\/\\\/secure.gravatar.com\\\/avatar\\\/f5fc875574b1575324358c3b9e6a32b8227aa5b74f3fa22e3cadb63e26fcc39c?s=96&d=mm&r=g\",\"contentUrl\":\"https:\\\/\\\/secure.gravatar.com\\\/avatar\\\/f5fc875574b1575324358c3b9e6a32b8227aa5b74f3fa22e3cadb63e26fcc39c?s=96&d=mm&r=g\",\"caption\":\"haberkuzey\"},\"sameAs\":[\"https:\\\/\\\/haberkuzey.com\"],\"url\":\"https:\\\/\\\/haberkuzey.com\\\/index.php\\\/author\\\/haberkuzey\\\/\"}]}<\/script>\n<!-- \/ Yoast SEO plugin. -->","yoast_head_json":{"title":"47 ya\u015f\u0131ndaki hastan\u0131n organlar\u0131 4 ki\u015fiye hayat verdi\u2026 - Haber Kuzey","robots":{"index":"index","follow":"follow","max-snippet":"max-snippet:-1","max-image-preview":"max-image-preview:large","max-video-preview":"max-video-preview:-1"},"canonical":"https:\/\/haberkuzey.com\/index.php\/2026\/03\/14\/47-yasindaki-hastanin-organlari-4-kisiye-hayat-verdi\/","og_locale":"tr_TR","og_type":"article","og_title":"47 ya\u015f\u0131ndaki hastan\u0131n organlar\u0131 4 ki\u015fiye hayat verdi\u2026 - Haber Kuzey","og_description":"\u00c7ar\u015famba g\u00fcn\u00fc beyin \u00f6l\u00fcm\u00fc ger\u00e7ekle\u015fen hastan\u0131n ailesinin ba\u011f\u0131\u015f\u00e7\u0131 olmas\u0131yla ba\u015flayan s\u00fcre\u00e7te 29 ya\u015f\u0131nda yapay kalple ya\u015fayan erkek hastaya kalp, 43 ve 62 ya\u015f\u0131ndaki iki erkek hastaya da b\u00f6brek nakli yap\u0131ld\u0131. T\u00fcrk Ajans\u0131 K\u0131br\u0131s\u2019a (TAK) a\u00e7\u0131klama yapan nakil hekimlerinden Do\u00e7. Dr. Necmi Bayraktar ve Dr. Hasan Birtan, hastalar\u0131n sa\u011fl\u0131k durumlar\u0131n\u0131n stabil oldu\u011funu kaydetti. Bayraktar ve Birtan, [&hellip;]","og_url":"https:\/\/haberkuzey.com\/index.php\/2026\/03\/14\/47-yasindaki-hastanin-organlari-4-kisiye-hayat-verdi\/","og_site_name":"Haber Kuzey","article_published_time":"2026-03-14T14:34:12+00:00","author":"haberkuzey","twitter_card":"summary_large_image","twitter_misc":{"Yazan:":"haberkuzey","Tahmini okuma s\u00fcresi":"2 dakika"},"schema":{"@context":"https:\/\/schema.org","@graph":[{"@type":"Article","@id":"https:\/\/haberkuzey.com\/index.php\/2026\/03\/14\/47-yasindaki-hastanin-organlari-4-kisiye-hayat-verdi\/#article","isPartOf":{"@id":"https:\/\/haberkuzey.com\/index.php\/2026\/03\/14\/47-yasindaki-hastanin-organlari-4-kisiye-hayat-verdi\/"},"author":{"name":"haberkuzey","@id":"https:\/\/haberkuzey.com\/#\/schema\/person\/3372109ec735f9333f4fa47ebb9605ca"},"headline":"47 ya\u015f\u0131ndaki hastan\u0131n organlar\u0131 4 ki\u015fiye hayat verdi\u2026","datePublished":"2026-03-14T14:34:12+00:00","mainEntityOfPage":{"@id":"https:\/\/haberkuzey.com\/index.php\/2026\/03\/14\/47-yasindaki-hastanin-organlari-4-kisiye-hayat-verdi\/"},"wordCount":456,"commentCount":0,"image":{"@id":"https:\/\/haberkuzey.com\/index.php\/2026\/03\/14\/47-yasindaki-hastanin-organlari-4-kisiye-hayat-verdi\/#primaryimage"},"thumbnailUrl":"https:\/\/haberkuzey.com\/wp-content\/uploads\/2026\/03\/1773489709533organ.jpg","articleSection":["K\u0131br\u0131s"],"inLanguage":"tr","potentialAction":[{"@type":"CommentAction","name":"Comment","target":["https:\/\/haberkuzey.com\/index.php\/2026\/03\/14\/47-yasindaki-hastanin-organlari-4-kisiye-hayat-verdi\/#respond"]}]},{"@type":"WebPage","@id":"https:\/\/haberkuzey.com\/index.php\/2026\/03\/14\/47-yasindaki-hastanin-organlari-4-kisiye-hayat-verdi\/","url":"https:\/\/haberkuzey.com\/index.php\/2026\/03\/14\/47-yasindaki-hastanin-organlari-4-kisiye-hayat-verdi\/","name":"47 ya\u015f\u0131ndaki hastan\u0131n organlar\u0131 4 ki\u015fiye hayat verdi\u2026 - Haber Kuzey","isPartOf":{"@id":"https:\/\/haberkuzey.com\/#website"},"primaryImageOfPage":{"@id":"https:\/\/haberkuzey.com\/index.php\/2026\/03\/14\/47-yasindaki-hastanin-organlari-4-kisiye-hayat-verdi\/#primaryimage"},"image":{"@id":"https:\/\/haberkuzey.com\/index.php\/2026\/03\/14\/47-yasindaki-hastanin-organlari-4-kisiye-hayat-verdi\/#primaryimage"},"thumbnailUrl":"https:\/\/haberkuzey.com\/wp-content\/uploads\/2026\/03\/1773489709533organ.jpg","datePublished":"2026-03-14T14:34:12+00:00","author":{"@id":"https:\/\/haberkuzey.com\/#\/schema\/person\/3372109ec735f9333f4fa47ebb9605ca"},"breadcrumb":{"@id":"https:\/\/haberkuzey.com\/index.php\/2026\/03\/14\/47-yasindaki-hastanin-organlari-4-kisiye-hayat-verdi\/#breadcrumb"},"inLanguage":"tr","potentialAction":[{"@type":"ReadAction","target":["https:\/\/haberkuzey.com\/index.php\/2026\/03\/14\/47-yasindaki-hastanin-organlari-4-kisiye-hayat-verdi\/"]}]},{"@type":"ImageObject","inLanguage":"tr","@id":"https:\/\/haberkuzey.com\/index.php\/2026\/03\/14\/47-yasindaki-hastanin-organlari-4-kisiye-hayat-verdi\/#primaryimage","url":"https:\/\/haberkuzey.com\/wp-content\/uploads\/2026\/03\/1773489709533organ.jpg","contentUrl":"https:\/\/haberkuzey.com\/wp-content\/uploads\/2026\/03\/1773489709533organ.jpg","width":2000,"height":1000},{"@type":"BreadcrumbList","@id":"https:\/\/haberkuzey.com\/index.php\/2026\/03\/14\/47-yasindaki-hastanin-organlari-4-kisiye-hayat-verdi\/#breadcrumb","itemListElement":[{"@type":"ListItem","position":1,"name":"Anasayfa","item":"https:\/\/haberkuzey.com\/"},{"@type":"ListItem","position":2,"name":"47 ya\u015f\u0131ndaki hastan\u0131n organlar\u0131 4 ki\u015fiye hayat verdi\u2026"}]},{"@type":"WebSite","@id":"https:\/\/haberkuzey.com\/#website","url":"https:\/\/haberkuzey.com\/","name":"Haber Kuzey","description":"Do\u011fru Haberin Adresi","potentialAction":[{"@type":"SearchAction","target":{"@type":"EntryPoint","urlTemplate":"https:\/\/haberkuzey.com\/?s={search_term_string}"},"query-input":{"@type":"PropertyValueSpecification","valueRequired":true,"valueName":"search_term_string"}}],"inLanguage":"tr"},{"@type":"Person","@id":"https:\/\/haberkuzey.com\/#\/schema\/person\/3372109ec735f9333f4fa47ebb9605ca","name":"haberkuzey","image":{"@type":"ImageObject","inLanguage":"tr","@id":"https:\/\/secure.gravatar.com\/avatar\/f5fc875574b1575324358c3b9e6a32b8227aa5b74f3fa22e3cadb63e26fcc39c?s=96&d=mm&r=g","url":"https:\/\/secure.gravatar.com\/avatar\/f5fc875574b1575324358c3b9e6a32b8227aa5b74f3fa22e3cadb63e26fcc39c?s=96&d=mm&r=g","contentUrl":"https:\/\/secure.gravatar.com\/avatar\/f5fc875574b1575324358c3b9e6a32b8227aa5b74f3fa22e3cadb63e26fcc39c?s=96&d=mm&r=g","caption":"haberkuzey"},"sameAs":["https:\/\/haberkuzey.com"],"url":"https:\/\/haberkuzey.com\/index.php\/author\/haberkuzey\/"}]}},"_links":{"self":[{"href":"https:\/\/haberkuzey.com\/index.php\/wp-json\/wp\/v2\/posts\/35298","targetHints":{"allow":["GET"]}}],"collection":[{"href":"https:\/\/haberkuzey.com\/index.php\/wp-json\/wp\/v2\/posts"}],"about":[{"href":"https:\/\/haberkuzey.com\/index.php\/wp-json\/wp\/v2\/types\/post"}],"author":[{"embeddable":true,"href":"https:\/\/haberkuzey.com\/index.php\/wp-json\/wp\/v2\/users\/1"}],"replies":[{"embeddable":true,"href":"https:\/\/haberkuzey.com\/index.php\/wp-json\/wp\/v2\/comments?post=35298"}],"version-history":[{"count":0,"href":"https:\/\/haberkuzey.com\/index.php\/wp-json\/wp\/v2\/posts\/35298\/revisions"}],"wp:featuredmedia":[{"embeddable":true,"href":"https:\/\/haberkuzey.com\/index.php\/wp-json\/wp\/v2\/media\/35299"}],"wp:attachment":[{"href":"https:\/\/haberkuzey.com\/index.php\/wp-json\/wp\/v2\/media?parent=35298"}],"wp:term":[{"taxonomy":"category","embeddable":true,"href":"https:\/\/haberkuzey.com\/index.php\/wp-json\/wp\/v2\/categories?post=35298"},{"taxonomy":"post_tag","embeddable":true,"href":"https:\/\/haberkuzey.com\/index.php\/wp-json\/wp\/v2\/tags?post=35298"}],"curies":[{"name":"wp","href":"https:\/\/api.w.org\/{rel}","templated":true}]}}