{"id":35296,"date":"2026-03-14T16:28:18","date_gmt":"2026-03-14T14:28:18","guid":{"rendered":"https:\/\/haberkuzey.com\/index.php\/2026\/03\/14\/makina-muhendisleri-odasi-baskanligina-yeniden-ayer-yarkiner-getirildi\/"},"modified":"2026-03-14T16:28:18","modified_gmt":"2026-03-14T14:28:18","slug":"makina-muhendisleri-odasi-baskanligina-yeniden-ayer-yarkiner-getirildi","status":"publish","type":"post","link":"https:\/\/haberkuzey.com\/index.php\/2026\/03\/14\/makina-muhendisleri-odasi-baskanligina-yeniden-ayer-yarkiner-getirildi\/","title":{"rendered":"Makina M\u00fchendisleri Odas\u0131 ba\u015fkanl\u0131\u011f\u0131na yeniden Ayer Yark\u0131ner getirildi"},"content":{"rendered":"<p style=\"font-weight: 300\"><span style=\"font-weight: 300 !important\">Odadan yap\u0131lan a\u00e7\u0131klamaya g\u00f6re, Divan Ba\u015fkanl\u0131\u011f\u0131n\u0131 Tezel Baykent, Sekreterlik g\u00f6revlerini Emir Ta\u015fc\u0131o\u011flu ile Nursel Talhao\u011flu D\u00f6kmecio\u011flu\u2019nun yapt\u0131\u011f\u0131 46. Ola\u011fan Genel Kurulu bug\u00fcn K\u0131br\u0131s T\u00fcrk \u00d6\u011fretmenler Sendikas\u0131 Konferans Salonunda (KT\u00d6S) yap\u0131ld\u0131.<\/span><\/p>\n<p style=\"font-weight: 300\"><span style=\"font-weight: 300 !important\">Genel Kurulda, Oda Ba\u015fkan\u0131 Ayer Yark\u0131ner\u2019in a\u00e7\u0131l\u0131\u015f konu\u015fmas\u0131n\u0131n ard\u0131ndan K\u0131br\u0131s T\u00fcrk Elektrik Kurumu \u00c7al\u0131\u015fanlar\u0131 Sendikas\u0131 (EL-SEN) Ba\u015fkan\u0131 Ahmet Tu\u011fcu ile KTMMOB Genel Ba\u015fkan\u0131 Seran Aysal\u2019\u0131n konu\u015fma yapt\u0131. Daha sonra faaliyet ve mali raporlar okunup onayland\u0131. \u00a0<\/span><\/p>\n<p style=\"font-weight: 300\"><span style=\"font-weight: 300 !important\">Oda Ba\u015fkanl\u0131\u011f\u0131na oy birli\u011fi ile Ayer Yark\u0131ner yeniden getirildi\u011fi Genel Kurul\u2019da<\/span><\/p>\n<p style=\"font-weight: 300\"><span style=\"font-weight: 300 !important\">Y\u00f6netim Kurulu Asil \u00dcyeleri; Bar\u0131\u015f Hac\u0131\u015fevki, Ali \u015eefik, As\u0131m G\u00fcl\u00e7eken, Do\u011fu\u015f H\u00fcrdo\u011fano\u011flu, Yedek \u00dcyeleri ise; \u00d6zg\u00fcr Emekci ve H\u00fcseyin Maz\u0131\u2019dan olu\u015ftu.<\/span><\/p>\n<p style=\"font-weight: 300\"><span style=\"font-weight: 300 !important\">Denetleme Kurulu\u2019na ise; Nafi Cabacaba ve Esat Da\u011f oy birli\u011fi ile se\u00e7ildi.<\/span><\/p>\n<p>Makina M\u00fchendisleri Odas\u0131 ba\u015fkanl\u0131\u011f\u0131na yeniden Ayer Yark\u0131ner getirildi yaz\u0131s\u0131 ilk \u00f6nce K\u0131br\u0131s Hakikat \u00fczerinde ortaya \u00e7\u0131kt\u0131.<\/p>\n","protected":false},"excerpt":{"rendered":"<p>Odadan yap\u0131lan a\u00e7\u0131klamaya g\u00f6re, Divan Ba\u015fkanl\u0131\u011f\u0131n\u0131 Tezel Baykent, Sekreterlik g\u00f6revlerini Emir Ta\u015fc\u0131o\u011flu ile Nursel Talhao\u011flu D\u00f6kmecio\u011flu\u2019nun yapt\u0131\u011f\u0131 46. Ola\u011fan Genel Kurulu bug\u00fcn K\u0131br\u0131s T\u00fcrk \u00d6\u011fretmenler Sendikas\u0131 Konferans Salonunda (KT\u00d6S) yap\u0131ld\u0131. Genel Kurulda, Oda Ba\u015fkan\u0131 Ayer Yark\u0131ner\u2019in a\u00e7\u0131l\u0131\u015f konu\u015fmas\u0131n\u0131n ard\u0131ndan K\u0131br\u0131s T\u00fcrk Elektrik Kurumu \u00c7al\u0131\u015fanlar\u0131 Sendikas\u0131 (EL-SEN) Ba\u015fkan\u0131 Ahmet Tu\u011fcu ile KTMMOB Genel Ba\u015fkan\u0131 Seran Aysal\u2019\u0131n [&hellip;]<\/p>\n","protected":false},"author":1,"featured_media":35297,"comment_status":"open","ping_status":"open","sticky":false,"template":"","format":"standard","meta":{"jnews-multi-image_gallery":[],"jnews_single_post":[],"jnews_primary_category":[],"footnotes":""},"categories":[1],"tags":[],"class_list":["post-35296","post","type-post","status-publish","format-standard","has-post-thumbnail","hentry","category-kibris"],"yoast_head":"<!-- This site is optimized with the Yoast SEO plugin v27.5 - https:\/\/yoast.com\/product\/yoast-seo-wordpress\/ -->\n<title>Makina M\u00fchendisleri Odas\u0131 ba\u015fkanl\u0131\u011f\u0131na yeniden Ayer Yark\u0131ner getirildi - Haber Kuzey<\/title>\n<meta name=\"robots\" content=\"index, follow, max-snippet:-1, max-image-preview:large, max-video-preview:-1\" \/>\n<link rel=\"canonical\" href=\"https:\/\/haberkuzey.com\/index.php\/2026\/03\/14\/makina-muhendisleri-odasi-baskanligina-yeniden-ayer-yarkiner-getirildi\/\" \/>\n<meta property=\"og:locale\" content=\"tr_TR\" \/>\n<meta property=\"og:type\" content=\"article\" \/>\n<meta property=\"og:title\" content=\"Makina M\u00fchendisleri Odas\u0131 ba\u015fkanl\u0131\u011f\u0131na yeniden Ayer Yark\u0131ner getirildi - Haber Kuzey\" \/>\n<meta property=\"og:description\" content=\"Odadan yap\u0131lan a\u00e7\u0131klamaya g\u00f6re, Divan Ba\u015fkanl\u0131\u011f\u0131n\u0131 Tezel Baykent, Sekreterlik g\u00f6revlerini Emir Ta\u015fc\u0131o\u011flu ile Nursel Talhao\u011flu D\u00f6kmecio\u011flu\u2019nun yapt\u0131\u011f\u0131 46. Ola\u011fan Genel Kurulu bug\u00fcn K\u0131br\u0131s T\u00fcrk \u00d6\u011fretmenler Sendikas\u0131 Konferans Salonunda (KT\u00d6S) yap\u0131ld\u0131. Genel Kurulda, Oda Ba\u015fkan\u0131 Ayer Yark\u0131ner\u2019in a\u00e7\u0131l\u0131\u015f konu\u015fmas\u0131n\u0131n ard\u0131ndan K\u0131br\u0131s T\u00fcrk Elektrik Kurumu \u00c7al\u0131\u015fanlar\u0131 Sendikas\u0131 (EL-SEN) Ba\u015fkan\u0131 Ahmet Tu\u011fcu ile KTMMOB Genel Ba\u015fkan\u0131 Seran Aysal\u2019\u0131n [&hellip;]\" \/>\n<meta property=\"og:url\" content=\"https:\/\/haberkuzey.com\/index.php\/2026\/03\/14\/makina-muhendisleri-odasi-baskanligina-yeniden-ayer-yarkiner-getirildi\/\" \/>\n<meta property=\"og:site_name\" content=\"Haber Kuzey\" \/>\n<meta property=\"article:published_time\" content=\"2026-03-14T14:28:18+00:00\" \/>\n<meta name=\"author\" content=\"haberkuzey\" \/>\n<meta name=\"twitter:card\" content=\"summary_large_image\" \/>\n<meta name=\"twitter:label1\" content=\"Yazan:\" \/>\n\t<meta name=\"twitter:data1\" content=\"haberkuzey\" \/>\n\t<meta name=\"twitter:label2\" content=\"Tahmini okuma s\u00fcresi\" \/>\n\t<meta name=\"twitter:data2\" content=\"1 dakika\" \/>\n<script type=\"application\/ld+json\" class=\"yoast-schema-graph\">{\"@context\":\"https:\\\/\\\/schema.org\",\"@graph\":[{\"@type\":\"Article\",\"@id\":\"https:\\\/\\\/haberkuzey.com\\\/index.php\\\/2026\\\/03\\\/14\\\/makina-muhendisleri-odasi-baskanligina-yeniden-ayer-yarkiner-getirildi\\\/#article\",\"isPartOf\":{\"@id\":\"https:\\\/\\\/haberkuzey.com\\\/index.php\\\/2026\\\/03\\\/14\\\/makina-muhendisleri-odasi-baskanligina-yeniden-ayer-yarkiner-getirildi\\\/\"},\"author\":{\"name\":\"haberkuzey\",\"@id\":\"https:\\\/\\\/haberkuzey.com\\\/#\\\/schema\\\/person\\\/3372109ec735f9333f4fa47ebb9605ca\"},\"headline\":\"Makina M\u00fchendisleri Odas\u0131 ba\u015fkanl\u0131\u011f\u0131na yeniden Ayer Yark\u0131ner getirildi\",\"datePublished\":\"2026-03-14T14:28:18+00:00\",\"mainEntityOfPage\":{\"@id\":\"https:\\\/\\\/haberkuzey.com\\\/index.php\\\/2026\\\/03\\\/14\\\/makina-muhendisleri-odasi-baskanligina-yeniden-ayer-yarkiner-getirildi\\\/\"},\"wordCount\":202,\"commentCount\":0,\"image\":{\"@id\":\"https:\\\/\\\/haberkuzey.com\\\/index.php\\\/2026\\\/03\\\/14\\\/makina-muhendisleri-odasi-baskanligina-yeniden-ayer-yarkiner-getirildi\\\/#primaryimage\"},\"thumbnailUrl\":\"https:\\\/\\\/haberkuzey.com\\\/wp-content\\\/uploads\\\/2026\\\/03\\\/1773490646186Yonetim-Kurulu-scaled.jpg\",\"articleSection\":[\"K\u0131br\u0131s\"],\"inLanguage\":\"tr\",\"potentialAction\":[{\"@type\":\"CommentAction\",\"name\":\"Comment\",\"target\":[\"https:\\\/\\\/haberkuzey.com\\\/index.php\\\/2026\\\/03\\\/14\\\/makina-muhendisleri-odasi-baskanligina-yeniden-ayer-yarkiner-getirildi\\\/#respond\"]}]},{\"@type\":\"WebPage\",\"@id\":\"https:\\\/\\\/haberkuzey.com\\\/index.php\\\/2026\\\/03\\\/14\\\/makina-muhendisleri-odasi-baskanligina-yeniden-ayer-yarkiner-getirildi\\\/\",\"url\":\"https:\\\/\\\/haberkuzey.com\\\/index.php\\\/2026\\\/03\\\/14\\\/makina-muhendisleri-odasi-baskanligina-yeniden-ayer-yarkiner-getirildi\\\/\",\"name\":\"Makina M\u00fchendisleri Odas\u0131 ba\u015fkanl\u0131\u011f\u0131na yeniden Ayer Yark\u0131ner getirildi - Haber Kuzey\",\"isPartOf\":{\"@id\":\"https:\\\/\\\/haberkuzey.com\\\/#website\"},\"primaryImageOfPage\":{\"@id\":\"https:\\\/\\\/haberkuzey.com\\\/index.php\\\/2026\\\/03\\\/14\\\/makina-muhendisleri-odasi-baskanligina-yeniden-ayer-yarkiner-getirildi\\\/#primaryimage\"},\"image\":{\"@id\":\"https:\\\/\\\/haberkuzey.com\\\/index.php\\\/2026\\\/03\\\/14\\\/makina-muhendisleri-odasi-baskanligina-yeniden-ayer-yarkiner-getirildi\\\/#primaryimage\"},\"thumbnailUrl\":\"https:\\\/\\\/haberkuzey.com\\\/wp-content\\\/uploads\\\/2026\\\/03\\\/1773490646186Yonetim-Kurulu-scaled.jpg\",\"datePublished\":\"2026-03-14T14:28:18+00:00\",\"author\":{\"@id\":\"https:\\\/\\\/haberkuzey.com\\\/#\\\/schema\\\/person\\\/3372109ec735f9333f4fa47ebb9605ca\"},\"breadcrumb\":{\"@id\":\"https:\\\/\\\/haberkuzey.com\\\/index.php\\\/2026\\\/03\\\/14\\\/makina-muhendisleri-odasi-baskanligina-yeniden-ayer-yarkiner-getirildi\\\/#breadcrumb\"},\"inLanguage\":\"tr\",\"potentialAction\":[{\"@type\":\"ReadAction\",\"target\":[\"https:\\\/\\\/haberkuzey.com\\\/index.php\\\/2026\\\/03\\\/14\\\/makina-muhendisleri-odasi-baskanligina-yeniden-ayer-yarkiner-getirildi\\\/\"]}]},{\"@type\":\"ImageObject\",\"inLanguage\":\"tr\",\"@id\":\"https:\\\/\\\/haberkuzey.com\\\/index.php\\\/2026\\\/03\\\/14\\\/makina-muhendisleri-odasi-baskanligina-yeniden-ayer-yarkiner-getirildi\\\/#primaryimage\",\"url\":\"https:\\\/\\\/haberkuzey.com\\\/wp-content\\\/uploads\\\/2026\\\/03\\\/1773490646186Yonetim-Kurulu-scaled.jpg\",\"contentUrl\":\"https:\\\/\\\/haberkuzey.com\\\/wp-content\\\/uploads\\\/2026\\\/03\\\/1773490646186Yonetim-Kurulu-scaled.jpg\",\"width\":2560,\"height\":1840},{\"@type\":\"BreadcrumbList\",\"@id\":\"https:\\\/\\\/haberkuzey.com\\\/index.php\\\/2026\\\/03\\\/14\\\/makina-muhendisleri-odasi-baskanligina-yeniden-ayer-yarkiner-getirildi\\\/#breadcrumb\",\"itemListElement\":[{\"@type\":\"ListItem\",\"position\":1,\"name\":\"Anasayfa\",\"item\":\"https:\\\/\\\/haberkuzey.com\\\/\"},{\"@type\":\"ListItem\",\"position\":2,\"name\":\"Makina M\u00fchendisleri Odas\u0131 ba\u015fkanl\u0131\u011f\u0131na yeniden Ayer Yark\u0131ner getirildi\"}]},{\"@type\":\"WebSite\",\"@id\":\"https:\\\/\\\/haberkuzey.com\\\/#website\",\"url\":\"https:\\\/\\\/haberkuzey.com\\\/\",\"name\":\"Haber Kuzey\",\"description\":\"Do\u011fru Haberin Adresi\",\"potentialAction\":[{\"@type\":\"SearchAction\",\"target\":{\"@type\":\"EntryPoint\",\"urlTemplate\":\"https:\\\/\\\/haberkuzey.com\\\/?s={search_term_string}\"},\"query-input\":{\"@type\":\"PropertyValueSpecification\",\"valueRequired\":true,\"valueName\":\"search_term_string\"}}],\"inLanguage\":\"tr\"},{\"@type\":\"Person\",\"@id\":\"https:\\\/\\\/haberkuzey.com\\\/#\\\/schema\\\/person\\\/3372109ec735f9333f4fa47ebb9605ca\",\"name\":\"haberkuzey\",\"image\":{\"@type\":\"ImageObject\",\"inLanguage\":\"tr\",\"@id\":\"https:\\\/\\\/secure.gravatar.com\\\/avatar\\\/f5fc875574b1575324358c3b9e6a32b8227aa5b74f3fa22e3cadb63e26fcc39c?s=96&d=mm&r=g\",\"url\":\"https:\\\/\\\/secure.gravatar.com\\\/avatar\\\/f5fc875574b1575324358c3b9e6a32b8227aa5b74f3fa22e3cadb63e26fcc39c?s=96&d=mm&r=g\",\"contentUrl\":\"https:\\\/\\\/secure.gravatar.com\\\/avatar\\\/f5fc875574b1575324358c3b9e6a32b8227aa5b74f3fa22e3cadb63e26fcc39c?s=96&d=mm&r=g\",\"caption\":\"haberkuzey\"},\"sameAs\":[\"https:\\\/\\\/haberkuzey.com\"],\"url\":\"https:\\\/\\\/haberkuzey.com\\\/index.php\\\/author\\\/haberkuzey\\\/\"}]}<\/script>\n<!-- \/ Yoast SEO plugin. -->","yoast_head_json":{"title":"Makina M\u00fchendisleri Odas\u0131 ba\u015fkanl\u0131\u011f\u0131na yeniden Ayer Yark\u0131ner getirildi - Haber Kuzey","robots":{"index":"index","follow":"follow","max-snippet":"max-snippet:-1","max-image-preview":"max-image-preview:large","max-video-preview":"max-video-preview:-1"},"canonical":"https:\/\/haberkuzey.com\/index.php\/2026\/03\/14\/makina-muhendisleri-odasi-baskanligina-yeniden-ayer-yarkiner-getirildi\/","og_locale":"tr_TR","og_type":"article","og_title":"Makina M\u00fchendisleri Odas\u0131 ba\u015fkanl\u0131\u011f\u0131na yeniden Ayer Yark\u0131ner getirildi - Haber Kuzey","og_description":"Odadan yap\u0131lan a\u00e7\u0131klamaya g\u00f6re, Divan Ba\u015fkanl\u0131\u011f\u0131n\u0131 Tezel Baykent, Sekreterlik g\u00f6revlerini Emir Ta\u015fc\u0131o\u011flu ile Nursel Talhao\u011flu D\u00f6kmecio\u011flu\u2019nun yapt\u0131\u011f\u0131 46. Ola\u011fan Genel Kurulu bug\u00fcn K\u0131br\u0131s T\u00fcrk \u00d6\u011fretmenler Sendikas\u0131 Konferans Salonunda (KT\u00d6S) yap\u0131ld\u0131. Genel Kurulda, Oda Ba\u015fkan\u0131 Ayer Yark\u0131ner\u2019in a\u00e7\u0131l\u0131\u015f konu\u015fmas\u0131n\u0131n ard\u0131ndan K\u0131br\u0131s T\u00fcrk Elektrik Kurumu \u00c7al\u0131\u015fanlar\u0131 Sendikas\u0131 (EL-SEN) Ba\u015fkan\u0131 Ahmet Tu\u011fcu ile KTMMOB Genel Ba\u015fkan\u0131 Seran Aysal\u2019\u0131n [&hellip;]","og_url":"https:\/\/haberkuzey.com\/index.php\/2026\/03\/14\/makina-muhendisleri-odasi-baskanligina-yeniden-ayer-yarkiner-getirildi\/","og_site_name":"Haber Kuzey","article_published_time":"2026-03-14T14:28:18+00:00","author":"haberkuzey","twitter_card":"summary_large_image","twitter_misc":{"Yazan:":"haberkuzey","Tahmini okuma s\u00fcresi":"1 dakika"},"schema":{"@context":"https:\/\/schema.org","@graph":[{"@type":"Article","@id":"https:\/\/haberkuzey.com\/index.php\/2026\/03\/14\/makina-muhendisleri-odasi-baskanligina-yeniden-ayer-yarkiner-getirildi\/#article","isPartOf":{"@id":"https:\/\/haberkuzey.com\/index.php\/2026\/03\/14\/makina-muhendisleri-odasi-baskanligina-yeniden-ayer-yarkiner-getirildi\/"},"author":{"name":"haberkuzey","@id":"https:\/\/haberkuzey.com\/#\/schema\/person\/3372109ec735f9333f4fa47ebb9605ca"},"headline":"Makina M\u00fchendisleri Odas\u0131 ba\u015fkanl\u0131\u011f\u0131na yeniden Ayer Yark\u0131ner getirildi","datePublished":"2026-03-14T14:28:18+00:00","mainEntityOfPage":{"@id":"https:\/\/haberkuzey.com\/index.php\/2026\/03\/14\/makina-muhendisleri-odasi-baskanligina-yeniden-ayer-yarkiner-getirildi\/"},"wordCount":202,"commentCount":0,"image":{"@id":"https:\/\/haberkuzey.com\/index.php\/2026\/03\/14\/makina-muhendisleri-odasi-baskanligina-yeniden-ayer-yarkiner-getirildi\/#primaryimage"},"thumbnailUrl":"https:\/\/haberkuzey.com\/wp-content\/uploads\/2026\/03\/1773490646186Yonetim-Kurulu-scaled.jpg","articleSection":["K\u0131br\u0131s"],"inLanguage":"tr","potentialAction":[{"@type":"CommentAction","name":"Comment","target":["https:\/\/haberkuzey.com\/index.php\/2026\/03\/14\/makina-muhendisleri-odasi-baskanligina-yeniden-ayer-yarkiner-getirildi\/#respond"]}]},{"@type":"WebPage","@id":"https:\/\/haberkuzey.com\/index.php\/2026\/03\/14\/makina-muhendisleri-odasi-baskanligina-yeniden-ayer-yarkiner-getirildi\/","url":"https:\/\/haberkuzey.com\/index.php\/2026\/03\/14\/makina-muhendisleri-odasi-baskanligina-yeniden-ayer-yarkiner-getirildi\/","name":"Makina M\u00fchendisleri Odas\u0131 ba\u015fkanl\u0131\u011f\u0131na yeniden Ayer Yark\u0131ner getirildi - Haber Kuzey","isPartOf":{"@id":"https:\/\/haberkuzey.com\/#website"},"primaryImageOfPage":{"@id":"https:\/\/haberkuzey.com\/index.php\/2026\/03\/14\/makina-muhendisleri-odasi-baskanligina-yeniden-ayer-yarkiner-getirildi\/#primaryimage"},"image":{"@id":"https:\/\/haberkuzey.com\/index.php\/2026\/03\/14\/makina-muhendisleri-odasi-baskanligina-yeniden-ayer-yarkiner-getirildi\/#primaryimage"},"thumbnailUrl":"https:\/\/haberkuzey.com\/wp-content\/uploads\/2026\/03\/1773490646186Yonetim-Kurulu-scaled.jpg","datePublished":"2026-03-14T14:28:18+00:00","author":{"@id":"https:\/\/haberkuzey.com\/#\/schema\/person\/3372109ec735f9333f4fa47ebb9605ca"},"breadcrumb":{"@id":"https:\/\/haberkuzey.com\/index.php\/2026\/03\/14\/makina-muhendisleri-odasi-baskanligina-yeniden-ayer-yarkiner-getirildi\/#breadcrumb"},"inLanguage":"tr","potentialAction":[{"@type":"ReadAction","target":["https:\/\/haberkuzey.com\/index.php\/2026\/03\/14\/makina-muhendisleri-odasi-baskanligina-yeniden-ayer-yarkiner-getirildi\/"]}]},{"@type":"ImageObject","inLanguage":"tr","@id":"https:\/\/haberkuzey.com\/index.php\/2026\/03\/14\/makina-muhendisleri-odasi-baskanligina-yeniden-ayer-yarkiner-getirildi\/#primaryimage","url":"https:\/\/haberkuzey.com\/wp-content\/uploads\/2026\/03\/1773490646186Yonetim-Kurulu-scaled.jpg","contentUrl":"https:\/\/haberkuzey.com\/wp-content\/uploads\/2026\/03\/1773490646186Yonetim-Kurulu-scaled.jpg","width":2560,"height":1840},{"@type":"BreadcrumbList","@id":"https:\/\/haberkuzey.com\/index.php\/2026\/03\/14\/makina-muhendisleri-odasi-baskanligina-yeniden-ayer-yarkiner-getirildi\/#breadcrumb","itemListElement":[{"@type":"ListItem","position":1,"name":"Anasayfa","item":"https:\/\/haberkuzey.com\/"},{"@type":"ListItem","position":2,"name":"Makina M\u00fchendisleri Odas\u0131 ba\u015fkanl\u0131\u011f\u0131na yeniden Ayer Yark\u0131ner getirildi"}]},{"@type":"WebSite","@id":"https:\/\/haberkuzey.com\/#website","url":"https:\/\/haberkuzey.com\/","name":"Haber Kuzey","description":"Do\u011fru Haberin Adresi","potentialAction":[{"@type":"SearchAction","target":{"@type":"EntryPoint","urlTemplate":"https:\/\/haberkuzey.com\/?s={search_term_string}"},"query-input":{"@type":"PropertyValueSpecification","valueRequired":true,"valueName":"search_term_string"}}],"inLanguage":"tr"},{"@type":"Person","@id":"https:\/\/haberkuzey.com\/#\/schema\/person\/3372109ec735f9333f4fa47ebb9605ca","name":"haberkuzey","image":{"@type":"ImageObject","inLanguage":"tr","@id":"https:\/\/secure.gravatar.com\/avatar\/f5fc875574b1575324358c3b9e6a32b8227aa5b74f3fa22e3cadb63e26fcc39c?s=96&d=mm&r=g","url":"https:\/\/secure.gravatar.com\/avatar\/f5fc875574b1575324358c3b9e6a32b8227aa5b74f3fa22e3cadb63e26fcc39c?s=96&d=mm&r=g","contentUrl":"https:\/\/secure.gravatar.com\/avatar\/f5fc875574b1575324358c3b9e6a32b8227aa5b74f3fa22e3cadb63e26fcc39c?s=96&d=mm&r=g","caption":"haberkuzey"},"sameAs":["https:\/\/haberkuzey.com"],"url":"https:\/\/haberkuzey.com\/index.php\/author\/haberkuzey\/"}]}},"_links":{"self":[{"href":"https:\/\/haberkuzey.com\/index.php\/wp-json\/wp\/v2\/posts\/35296","targetHints":{"allow":["GET"]}}],"collection":[{"href":"https:\/\/haberkuzey.com\/index.php\/wp-json\/wp\/v2\/posts"}],"about":[{"href":"https:\/\/haberkuzey.com\/index.php\/wp-json\/wp\/v2\/types\/post"}],"author":[{"embeddable":true,"href":"https:\/\/haberkuzey.com\/index.php\/wp-json\/wp\/v2\/users\/1"}],"replies":[{"embeddable":true,"href":"https:\/\/haberkuzey.com\/index.php\/wp-json\/wp\/v2\/comments?post=35296"}],"version-history":[{"count":0,"href":"https:\/\/haberkuzey.com\/index.php\/wp-json\/wp\/v2\/posts\/35296\/revisions"}],"wp:featuredmedia":[{"embeddable":true,"href":"https:\/\/haberkuzey.com\/index.php\/wp-json\/wp\/v2\/media\/35297"}],"wp:attachment":[{"href":"https:\/\/haberkuzey.com\/index.php\/wp-json\/wp\/v2\/media?parent=35296"}],"wp:term":[{"taxonomy":"category","embeddable":true,"href":"https:\/\/haberkuzey.com\/index.php\/wp-json\/wp\/v2\/categories?post=35296"},{"taxonomy":"post_tag","embeddable":true,"href":"https:\/\/haberkuzey.com\/index.php\/wp-json\/wp\/v2\/tags?post=35296"}],"curies":[{"name":"wp","href":"https:\/\/api.w.org\/{rel}","templated":true}]}}