{"id":35294,"date":"2026-03-14T16:22:15","date_gmt":"2026-03-14T14:22:15","guid":{"rendered":"https:\/\/haberkuzey.com\/index.php\/2026\/03\/14\/iranli-yetkiliden-israile-iha-destegi-veren-ukrayna-iran-icin-mesru-hedeftir-aciklamasi\/"},"modified":"2026-03-14T16:22:15","modified_gmt":"2026-03-14T14:22:15","slug":"iranli-yetkiliden-israile-iha-destegi-veren-ukrayna-iran-icin-mesru-hedeftir-aciklamasi","status":"publish","type":"post","link":"https:\/\/haberkuzey.com\/index.php\/2026\/03\/14\/iranli-yetkiliden-israile-iha-destegi-veren-ukrayna-iran-icin-mesru-hedeftir-aciklamasi\/","title":{"rendered":"\u0130ranl\u0131 yetkiliden, \u201c\u0130srail\u2019e \u0130HA deste\u011fi veren Ukrayna, \u0130ran i\u00e7in me\u015fru hedeftir\u201d a\u00e7\u0131klamas\u0131"},"content":{"rendered":"<p>Azizi, X \u015firketinin sosyal medya hesab\u0131ndan payla\u015ft\u0131\u011f\u0131 mesaj\u0131nda, &#8220;Ba\u015far\u0131s\u0131z Ukrayna, \u0130srail rejimine insans\u0131z hava arac\u0131 deste\u011fi sa\u011flayarak, fiilen sava\u015fa dahil olmu\u015f ve Birle\u015fmi\u015f Milletler \u015eart\u0131&#8217;n\u0131n 51. maddesi uyar\u0131nca t\u00fcm topraklar\u0131n\u0131 \u0130ran i\u00e7in me\u015fru bir hedef haline getirmi\u015ftir.&#8221; ifadelerini kulland\u0131.<\/p>\n<p>Ukrayna Devlet Ba\u015fkan\u0131 Volodimir Zelenskiy, \u0130ran&#8217;a kar\u015f\u0131 b\u00f6lgeye \u0130HA ve uzman ekip g\u00f6nderdiklerini duyurmu\u015ftu.<\/p>\n<p>\u0130ranl\u0131 yetkiliden, &#8220;\u0130srail&#8217;e \u0130HA deste\u011fi veren Ukrayna, \u0130ran i\u00e7in me\u015fru hedeftir&#8221; a\u00e7\u0131klamas\u0131 yaz\u0131s\u0131 ilk \u00f6nce K\u0131br\u0131s Hakikat \u00fczerinde ortaya \u00e7\u0131kt\u0131.<\/p>\n","protected":false},"excerpt":{"rendered":"<p>Azizi, X \u015firketinin sosyal medya hesab\u0131ndan payla\u015ft\u0131\u011f\u0131 mesaj\u0131nda, &#8220;Ba\u015far\u0131s\u0131z Ukrayna, \u0130srail rejimine insans\u0131z hava arac\u0131 deste\u011fi sa\u011flayarak, fiilen sava\u015fa dahil olmu\u015f ve Birle\u015fmi\u015f Milletler \u015eart\u0131&#8217;n\u0131n 51. maddesi uyar\u0131nca t\u00fcm topraklar\u0131n\u0131 \u0130ran i\u00e7in me\u015fru bir hedef haline getirmi\u015ftir.&#8221; ifadelerini kulland\u0131. Ukrayna Devlet Ba\u015fkan\u0131 Volodimir Zelenskiy, \u0130ran&#8217;a kar\u015f\u0131 b\u00f6lgeye \u0130HA ve uzman ekip g\u00f6nderdiklerini duyurmu\u015ftu. \u0130ranl\u0131 yetkiliden, [&hellip;]<\/p>\n","protected":false},"author":1,"featured_media":35295,"comment_status":"open","ping_status":"open","sticky":false,"template":"","format":"standard","meta":{"jnews-multi-image_gallery":[],"jnews_single_post":[],"jnews_primary_category":[],"footnotes":""},"categories":[1],"tags":[],"class_list":["post-35294","post","type-post","status-publish","format-standard","has-post-thumbnail","hentry","category-kibris"],"yoast_head":"<!-- This site is optimized with the Yoast SEO plugin v27.5 - https:\/\/yoast.com\/product\/yoast-seo-wordpress\/ -->\n<title>\u0130ranl\u0131 yetkiliden, \u201c\u0130srail\u2019e \u0130HA deste\u011fi veren Ukrayna, \u0130ran i\u00e7in me\u015fru hedeftir\u201d a\u00e7\u0131klamas\u0131 - Haber Kuzey<\/title>\n<meta name=\"robots\" content=\"index, follow, max-snippet:-1, max-image-preview:large, max-video-preview:-1\" \/>\n<link rel=\"canonical\" href=\"https:\/\/haberkuzey.com\/index.php\/2026\/03\/14\/iranli-yetkiliden-israile-iha-destegi-veren-ukrayna-iran-icin-mesru-hedeftir-aciklamasi\/\" \/>\n<meta property=\"og:locale\" content=\"tr_TR\" \/>\n<meta property=\"og:type\" content=\"article\" \/>\n<meta property=\"og:title\" content=\"\u0130ranl\u0131 yetkiliden, \u201c\u0130srail\u2019e \u0130HA deste\u011fi veren Ukrayna, \u0130ran i\u00e7in me\u015fru hedeftir\u201d a\u00e7\u0131klamas\u0131 - Haber Kuzey\" \/>\n<meta property=\"og:description\" content=\"Azizi, X \u015firketinin sosyal medya hesab\u0131ndan payla\u015ft\u0131\u011f\u0131 mesaj\u0131nda, &#8220;Ba\u015far\u0131s\u0131z Ukrayna, \u0130srail rejimine insans\u0131z hava arac\u0131 deste\u011fi sa\u011flayarak, fiilen sava\u015fa dahil olmu\u015f ve Birle\u015fmi\u015f Milletler \u015eart\u0131&#8217;n\u0131n 51. maddesi uyar\u0131nca t\u00fcm topraklar\u0131n\u0131 \u0130ran i\u00e7in me\u015fru bir hedef haline getirmi\u015ftir.&#8221; ifadelerini kulland\u0131. Ukrayna Devlet Ba\u015fkan\u0131 Volodimir Zelenskiy, \u0130ran&#8217;a kar\u015f\u0131 b\u00f6lgeye \u0130HA ve uzman ekip g\u00f6nderdiklerini duyurmu\u015ftu. \u0130ranl\u0131 yetkiliden, [&hellip;]\" \/>\n<meta property=\"og:url\" content=\"https:\/\/haberkuzey.com\/index.php\/2026\/03\/14\/iranli-yetkiliden-israile-iha-destegi-veren-ukrayna-iran-icin-mesru-hedeftir-aciklamasi\/\" \/>\n<meta property=\"og:site_name\" content=\"Haber Kuzey\" \/>\n<meta property=\"article:published_time\" content=\"2026-03-14T14:22:15+00:00\" \/>\n<meta name=\"author\" content=\"haberkuzey\" \/>\n<meta name=\"twitter:card\" content=\"summary_large_image\" \/>\n<meta name=\"twitter:label1\" content=\"Yazan:\" \/>\n\t<meta name=\"twitter:data1\" content=\"haberkuzey\" \/>\n\t<meta name=\"twitter:label2\" content=\"Tahmini okuma s\u00fcresi\" \/>\n\t<meta name=\"twitter:data2\" content=\"1 dakika\" \/>\n<script type=\"application\/ld+json\" class=\"yoast-schema-graph\">{\"@context\":\"https:\\\/\\\/schema.org\",\"@graph\":[{\"@type\":\"Article\",\"@id\":\"https:\\\/\\\/haberkuzey.com\\\/index.php\\\/2026\\\/03\\\/14\\\/iranli-yetkiliden-israile-iha-destegi-veren-ukrayna-iran-icin-mesru-hedeftir-aciklamasi\\\/#article\",\"isPartOf\":{\"@id\":\"https:\\\/\\\/haberkuzey.com\\\/index.php\\\/2026\\\/03\\\/14\\\/iranli-yetkiliden-israile-iha-destegi-veren-ukrayna-iran-icin-mesru-hedeftir-aciklamasi\\\/\"},\"author\":{\"name\":\"haberkuzey\",\"@id\":\"https:\\\/\\\/haberkuzey.com\\\/#\\\/schema\\\/person\\\/3372109ec735f9333f4fa47ebb9605ca\"},\"headline\":\"\u0130ranl\u0131 yetkiliden, \u201c\u0130srail\u2019e \u0130HA deste\u011fi veren Ukrayna, \u0130ran i\u00e7in me\u015fru hedeftir\u201d a\u00e7\u0131klamas\u0131\",\"datePublished\":\"2026-03-14T14:22:15+00:00\",\"mainEntityOfPage\":{\"@id\":\"https:\\\/\\\/haberkuzey.com\\\/index.php\\\/2026\\\/03\\\/14\\\/iranli-yetkiliden-israile-iha-destegi-veren-ukrayna-iran-icin-mesru-hedeftir-aciklamasi\\\/\"},\"wordCount\":121,\"commentCount\":0,\"image\":{\"@id\":\"https:\\\/\\\/haberkuzey.com\\\/index.php\\\/2026\\\/03\\\/14\\\/iranli-yetkiliden-israile-iha-destegi-veren-ukrayna-iran-icin-mesru-hedeftir-aciklamasi\\\/#primaryimage\"},\"thumbnailUrl\":\"https:\\\/\\\/haberkuzey.com\\\/wp-content\\\/uploads\\\/2026\\\/03\\\/1773489670814HCOmHDLa8AArS7T.jpg\",\"articleSection\":[\"K\u0131br\u0131s\"],\"inLanguage\":\"tr\",\"potentialAction\":[{\"@type\":\"CommentAction\",\"name\":\"Comment\",\"target\":[\"https:\\\/\\\/haberkuzey.com\\\/index.php\\\/2026\\\/03\\\/14\\\/iranli-yetkiliden-israile-iha-destegi-veren-ukrayna-iran-icin-mesru-hedeftir-aciklamasi\\\/#respond\"]}]},{\"@type\":\"WebPage\",\"@id\":\"https:\\\/\\\/haberkuzey.com\\\/index.php\\\/2026\\\/03\\\/14\\\/iranli-yetkiliden-israile-iha-destegi-veren-ukrayna-iran-icin-mesru-hedeftir-aciklamasi\\\/\",\"url\":\"https:\\\/\\\/haberkuzey.com\\\/index.php\\\/2026\\\/03\\\/14\\\/iranli-yetkiliden-israile-iha-destegi-veren-ukrayna-iran-icin-mesru-hedeftir-aciklamasi\\\/\",\"name\":\"\u0130ranl\u0131 yetkiliden, \u201c\u0130srail\u2019e \u0130HA deste\u011fi veren Ukrayna, \u0130ran i\u00e7in me\u015fru hedeftir\u201d a\u00e7\u0131klamas\u0131 - Haber Kuzey\",\"isPartOf\":{\"@id\":\"https:\\\/\\\/haberkuzey.com\\\/#website\"},\"primaryImageOfPage\":{\"@id\":\"https:\\\/\\\/haberkuzey.com\\\/index.php\\\/2026\\\/03\\\/14\\\/iranli-yetkiliden-israile-iha-destegi-veren-ukrayna-iran-icin-mesru-hedeftir-aciklamasi\\\/#primaryimage\"},\"image\":{\"@id\":\"https:\\\/\\\/haberkuzey.com\\\/index.php\\\/2026\\\/03\\\/14\\\/iranli-yetkiliden-israile-iha-destegi-veren-ukrayna-iran-icin-mesru-hedeftir-aciklamasi\\\/#primaryimage\"},\"thumbnailUrl\":\"https:\\\/\\\/haberkuzey.com\\\/wp-content\\\/uploads\\\/2026\\\/03\\\/1773489670814HCOmHDLa8AArS7T.jpg\",\"datePublished\":\"2026-03-14T14:22:15+00:00\",\"author\":{\"@id\":\"https:\\\/\\\/haberkuzey.com\\\/#\\\/schema\\\/person\\\/3372109ec735f9333f4fa47ebb9605ca\"},\"breadcrumb\":{\"@id\":\"https:\\\/\\\/haberkuzey.com\\\/index.php\\\/2026\\\/03\\\/14\\\/iranli-yetkiliden-israile-iha-destegi-veren-ukrayna-iran-icin-mesru-hedeftir-aciklamasi\\\/#breadcrumb\"},\"inLanguage\":\"tr\",\"potentialAction\":[{\"@type\":\"ReadAction\",\"target\":[\"https:\\\/\\\/haberkuzey.com\\\/index.php\\\/2026\\\/03\\\/14\\\/iranli-yetkiliden-israile-iha-destegi-veren-ukrayna-iran-icin-mesru-hedeftir-aciklamasi\\\/\"]}]},{\"@type\":\"ImageObject\",\"inLanguage\":\"tr\",\"@id\":\"https:\\\/\\\/haberkuzey.com\\\/index.php\\\/2026\\\/03\\\/14\\\/iranli-yetkiliden-israile-iha-destegi-veren-ukrayna-iran-icin-mesru-hedeftir-aciklamasi\\\/#primaryimage\",\"url\":\"https:\\\/\\\/haberkuzey.com\\\/wp-content\\\/uploads\\\/2026\\\/03\\\/1773489670814HCOmHDLa8AArS7T.jpg\",\"contentUrl\":\"https:\\\/\\\/haberkuzey.com\\\/wp-content\\\/uploads\\\/2026\\\/03\\\/1773489670814HCOmHDLa8AArS7T.jpg\",\"width\":1200,\"height\":800},{\"@type\":\"BreadcrumbList\",\"@id\":\"https:\\\/\\\/haberkuzey.com\\\/index.php\\\/2026\\\/03\\\/14\\\/iranli-yetkiliden-israile-iha-destegi-veren-ukrayna-iran-icin-mesru-hedeftir-aciklamasi\\\/#breadcrumb\",\"itemListElement\":[{\"@type\":\"ListItem\",\"position\":1,\"name\":\"Anasayfa\",\"item\":\"https:\\\/\\\/haberkuzey.com\\\/\"},{\"@type\":\"ListItem\",\"position\":2,\"name\":\"\u0130ranl\u0131 yetkiliden, \u201c\u0130srail\u2019e \u0130HA deste\u011fi veren Ukrayna, \u0130ran i\u00e7in me\u015fru hedeftir\u201d a\u00e7\u0131klamas\u0131\"}]},{\"@type\":\"WebSite\",\"@id\":\"https:\\\/\\\/haberkuzey.com\\\/#website\",\"url\":\"https:\\\/\\\/haberkuzey.com\\\/\",\"name\":\"Haber Kuzey\",\"description\":\"Do\u011fru Haberin Adresi\",\"potentialAction\":[{\"@type\":\"SearchAction\",\"target\":{\"@type\":\"EntryPoint\",\"urlTemplate\":\"https:\\\/\\\/haberkuzey.com\\\/?s={search_term_string}\"},\"query-input\":{\"@type\":\"PropertyValueSpecification\",\"valueRequired\":true,\"valueName\":\"search_term_string\"}}],\"inLanguage\":\"tr\"},{\"@type\":\"Person\",\"@id\":\"https:\\\/\\\/haberkuzey.com\\\/#\\\/schema\\\/person\\\/3372109ec735f9333f4fa47ebb9605ca\",\"name\":\"haberkuzey\",\"image\":{\"@type\":\"ImageObject\",\"inLanguage\":\"tr\",\"@id\":\"https:\\\/\\\/secure.gravatar.com\\\/avatar\\\/f5fc875574b1575324358c3b9e6a32b8227aa5b74f3fa22e3cadb63e26fcc39c?s=96&d=mm&r=g\",\"url\":\"https:\\\/\\\/secure.gravatar.com\\\/avatar\\\/f5fc875574b1575324358c3b9e6a32b8227aa5b74f3fa22e3cadb63e26fcc39c?s=96&d=mm&r=g\",\"contentUrl\":\"https:\\\/\\\/secure.gravatar.com\\\/avatar\\\/f5fc875574b1575324358c3b9e6a32b8227aa5b74f3fa22e3cadb63e26fcc39c?s=96&d=mm&r=g\",\"caption\":\"haberkuzey\"},\"sameAs\":[\"https:\\\/\\\/haberkuzey.com\"],\"url\":\"https:\\\/\\\/haberkuzey.com\\\/index.php\\\/author\\\/haberkuzey\\\/\"}]}<\/script>\n<!-- \/ Yoast SEO plugin. -->","yoast_head_json":{"title":"\u0130ranl\u0131 yetkiliden, \u201c\u0130srail\u2019e \u0130HA deste\u011fi veren Ukrayna, \u0130ran i\u00e7in me\u015fru hedeftir\u201d a\u00e7\u0131klamas\u0131 - Haber Kuzey","robots":{"index":"index","follow":"follow","max-snippet":"max-snippet:-1","max-image-preview":"max-image-preview:large","max-video-preview":"max-video-preview:-1"},"canonical":"https:\/\/haberkuzey.com\/index.php\/2026\/03\/14\/iranli-yetkiliden-israile-iha-destegi-veren-ukrayna-iran-icin-mesru-hedeftir-aciklamasi\/","og_locale":"tr_TR","og_type":"article","og_title":"\u0130ranl\u0131 yetkiliden, \u201c\u0130srail\u2019e \u0130HA deste\u011fi veren Ukrayna, \u0130ran i\u00e7in me\u015fru hedeftir\u201d a\u00e7\u0131klamas\u0131 - Haber Kuzey","og_description":"Azizi, X \u015firketinin sosyal medya hesab\u0131ndan payla\u015ft\u0131\u011f\u0131 mesaj\u0131nda, &#8220;Ba\u015far\u0131s\u0131z Ukrayna, \u0130srail rejimine insans\u0131z hava arac\u0131 deste\u011fi sa\u011flayarak, fiilen sava\u015fa dahil olmu\u015f ve Birle\u015fmi\u015f Milletler \u015eart\u0131&#8217;n\u0131n 51. maddesi uyar\u0131nca t\u00fcm topraklar\u0131n\u0131 \u0130ran i\u00e7in me\u015fru bir hedef haline getirmi\u015ftir.&#8221; ifadelerini kulland\u0131. Ukrayna Devlet Ba\u015fkan\u0131 Volodimir Zelenskiy, \u0130ran&#8217;a kar\u015f\u0131 b\u00f6lgeye \u0130HA ve uzman ekip g\u00f6nderdiklerini duyurmu\u015ftu. \u0130ranl\u0131 yetkiliden, [&hellip;]","og_url":"https:\/\/haberkuzey.com\/index.php\/2026\/03\/14\/iranli-yetkiliden-israile-iha-destegi-veren-ukrayna-iran-icin-mesru-hedeftir-aciklamasi\/","og_site_name":"Haber Kuzey","article_published_time":"2026-03-14T14:22:15+00:00","author":"haberkuzey","twitter_card":"summary_large_image","twitter_misc":{"Yazan:":"haberkuzey","Tahmini okuma s\u00fcresi":"1 dakika"},"schema":{"@context":"https:\/\/schema.org","@graph":[{"@type":"Article","@id":"https:\/\/haberkuzey.com\/index.php\/2026\/03\/14\/iranli-yetkiliden-israile-iha-destegi-veren-ukrayna-iran-icin-mesru-hedeftir-aciklamasi\/#article","isPartOf":{"@id":"https:\/\/haberkuzey.com\/index.php\/2026\/03\/14\/iranli-yetkiliden-israile-iha-destegi-veren-ukrayna-iran-icin-mesru-hedeftir-aciklamasi\/"},"author":{"name":"haberkuzey","@id":"https:\/\/haberkuzey.com\/#\/schema\/person\/3372109ec735f9333f4fa47ebb9605ca"},"headline":"\u0130ranl\u0131 yetkiliden, \u201c\u0130srail\u2019e \u0130HA deste\u011fi veren Ukrayna, \u0130ran i\u00e7in me\u015fru hedeftir\u201d a\u00e7\u0131klamas\u0131","datePublished":"2026-03-14T14:22:15+00:00","mainEntityOfPage":{"@id":"https:\/\/haberkuzey.com\/index.php\/2026\/03\/14\/iranli-yetkiliden-israile-iha-destegi-veren-ukrayna-iran-icin-mesru-hedeftir-aciklamasi\/"},"wordCount":121,"commentCount":0,"image":{"@id":"https:\/\/haberkuzey.com\/index.php\/2026\/03\/14\/iranli-yetkiliden-israile-iha-destegi-veren-ukrayna-iran-icin-mesru-hedeftir-aciklamasi\/#primaryimage"},"thumbnailUrl":"https:\/\/haberkuzey.com\/wp-content\/uploads\/2026\/03\/1773489670814HCOmHDLa8AArS7T.jpg","articleSection":["K\u0131br\u0131s"],"inLanguage":"tr","potentialAction":[{"@type":"CommentAction","name":"Comment","target":["https:\/\/haberkuzey.com\/index.php\/2026\/03\/14\/iranli-yetkiliden-israile-iha-destegi-veren-ukrayna-iran-icin-mesru-hedeftir-aciklamasi\/#respond"]}]},{"@type":"WebPage","@id":"https:\/\/haberkuzey.com\/index.php\/2026\/03\/14\/iranli-yetkiliden-israile-iha-destegi-veren-ukrayna-iran-icin-mesru-hedeftir-aciklamasi\/","url":"https:\/\/haberkuzey.com\/index.php\/2026\/03\/14\/iranli-yetkiliden-israile-iha-destegi-veren-ukrayna-iran-icin-mesru-hedeftir-aciklamasi\/","name":"\u0130ranl\u0131 yetkiliden, \u201c\u0130srail\u2019e \u0130HA deste\u011fi veren Ukrayna, \u0130ran i\u00e7in me\u015fru hedeftir\u201d a\u00e7\u0131klamas\u0131 - Haber Kuzey","isPartOf":{"@id":"https:\/\/haberkuzey.com\/#website"},"primaryImageOfPage":{"@id":"https:\/\/haberkuzey.com\/index.php\/2026\/03\/14\/iranli-yetkiliden-israile-iha-destegi-veren-ukrayna-iran-icin-mesru-hedeftir-aciklamasi\/#primaryimage"},"image":{"@id":"https:\/\/haberkuzey.com\/index.php\/2026\/03\/14\/iranli-yetkiliden-israile-iha-destegi-veren-ukrayna-iran-icin-mesru-hedeftir-aciklamasi\/#primaryimage"},"thumbnailUrl":"https:\/\/haberkuzey.com\/wp-content\/uploads\/2026\/03\/1773489670814HCOmHDLa8AArS7T.jpg","datePublished":"2026-03-14T14:22:15+00:00","author":{"@id":"https:\/\/haberkuzey.com\/#\/schema\/person\/3372109ec735f9333f4fa47ebb9605ca"},"breadcrumb":{"@id":"https:\/\/haberkuzey.com\/index.php\/2026\/03\/14\/iranli-yetkiliden-israile-iha-destegi-veren-ukrayna-iran-icin-mesru-hedeftir-aciklamasi\/#breadcrumb"},"inLanguage":"tr","potentialAction":[{"@type":"ReadAction","target":["https:\/\/haberkuzey.com\/index.php\/2026\/03\/14\/iranli-yetkiliden-israile-iha-destegi-veren-ukrayna-iran-icin-mesru-hedeftir-aciklamasi\/"]}]},{"@type":"ImageObject","inLanguage":"tr","@id":"https:\/\/haberkuzey.com\/index.php\/2026\/03\/14\/iranli-yetkiliden-israile-iha-destegi-veren-ukrayna-iran-icin-mesru-hedeftir-aciklamasi\/#primaryimage","url":"https:\/\/haberkuzey.com\/wp-content\/uploads\/2026\/03\/1773489670814HCOmHDLa8AArS7T.jpg","contentUrl":"https:\/\/haberkuzey.com\/wp-content\/uploads\/2026\/03\/1773489670814HCOmHDLa8AArS7T.jpg","width":1200,"height":800},{"@type":"BreadcrumbList","@id":"https:\/\/haberkuzey.com\/index.php\/2026\/03\/14\/iranli-yetkiliden-israile-iha-destegi-veren-ukrayna-iran-icin-mesru-hedeftir-aciklamasi\/#breadcrumb","itemListElement":[{"@type":"ListItem","position":1,"name":"Anasayfa","item":"https:\/\/haberkuzey.com\/"},{"@type":"ListItem","position":2,"name":"\u0130ranl\u0131 yetkiliden, \u201c\u0130srail\u2019e \u0130HA deste\u011fi veren Ukrayna, \u0130ran i\u00e7in me\u015fru hedeftir\u201d a\u00e7\u0131klamas\u0131"}]},{"@type":"WebSite","@id":"https:\/\/haberkuzey.com\/#website","url":"https:\/\/haberkuzey.com\/","name":"Haber Kuzey","description":"Do\u011fru Haberin Adresi","potentialAction":[{"@type":"SearchAction","target":{"@type":"EntryPoint","urlTemplate":"https:\/\/haberkuzey.com\/?s={search_term_string}"},"query-input":{"@type":"PropertyValueSpecification","valueRequired":true,"valueName":"search_term_string"}}],"inLanguage":"tr"},{"@type":"Person","@id":"https:\/\/haberkuzey.com\/#\/schema\/person\/3372109ec735f9333f4fa47ebb9605ca","name":"haberkuzey","image":{"@type":"ImageObject","inLanguage":"tr","@id":"https:\/\/secure.gravatar.com\/avatar\/f5fc875574b1575324358c3b9e6a32b8227aa5b74f3fa22e3cadb63e26fcc39c?s=96&d=mm&r=g","url":"https:\/\/secure.gravatar.com\/avatar\/f5fc875574b1575324358c3b9e6a32b8227aa5b74f3fa22e3cadb63e26fcc39c?s=96&d=mm&r=g","contentUrl":"https:\/\/secure.gravatar.com\/avatar\/f5fc875574b1575324358c3b9e6a32b8227aa5b74f3fa22e3cadb63e26fcc39c?s=96&d=mm&r=g","caption":"haberkuzey"},"sameAs":["https:\/\/haberkuzey.com"],"url":"https:\/\/haberkuzey.com\/index.php\/author\/haberkuzey\/"}]}},"_links":{"self":[{"href":"https:\/\/haberkuzey.com\/index.php\/wp-json\/wp\/v2\/posts\/35294","targetHints":{"allow":["GET"]}}],"collection":[{"href":"https:\/\/haberkuzey.com\/index.php\/wp-json\/wp\/v2\/posts"}],"about":[{"href":"https:\/\/haberkuzey.com\/index.php\/wp-json\/wp\/v2\/types\/post"}],"author":[{"embeddable":true,"href":"https:\/\/haberkuzey.com\/index.php\/wp-json\/wp\/v2\/users\/1"}],"replies":[{"embeddable":true,"href":"https:\/\/haberkuzey.com\/index.php\/wp-json\/wp\/v2\/comments?post=35294"}],"version-history":[{"count":0,"href":"https:\/\/haberkuzey.com\/index.php\/wp-json\/wp\/v2\/posts\/35294\/revisions"}],"wp:featuredmedia":[{"embeddable":true,"href":"https:\/\/haberkuzey.com\/index.php\/wp-json\/wp\/v2\/media\/35295"}],"wp:attachment":[{"href":"https:\/\/haberkuzey.com\/index.php\/wp-json\/wp\/v2\/media?parent=35294"}],"wp:term":[{"taxonomy":"category","embeddable":true,"href":"https:\/\/haberkuzey.com\/index.php\/wp-json\/wp\/v2\/categories?post=35294"},{"taxonomy":"post_tag","embeddable":true,"href":"https:\/\/haberkuzey.com\/index.php\/wp-json\/wp\/v2\/tags?post=35294"}],"curies":[{"name":"wp","href":"https:\/\/api.w.org\/{rel}","templated":true}]}}