{"id":35292,"date":"2026-03-14T16:15:20","date_gmt":"2026-03-14T14:15:20","guid":{"rendered":"https:\/\/haberkuzey.com\/index.php\/2026\/03\/14\/rusya-kievin-teror-eylemlerine-karsi-ukraynadaki-askeri-ve-enerji-tesislerini-vurduk\/"},"modified":"2026-03-14T16:15:20","modified_gmt":"2026-03-14T14:15:20","slug":"rusya-kievin-teror-eylemlerine-karsi-ukraynadaki-askeri-ve-enerji-tesislerini-vurduk","status":"publish","type":"post","link":"https:\/\/haberkuzey.com\/index.php\/2026\/03\/14\/rusya-kievin-teror-eylemlerine-karsi-ukraynadaki-askeri-ve-enerji-tesislerini-vurduk\/","title":{"rendered":"Rusya: Kiev\u2019in ter\u00f6r eylemlerine kar\u015f\u0131 Ukrayna\u2019daki askeri ve enerji tesislerini vurduk"},"content":{"rendered":"<p>Bakanl\u0131ktan yap\u0131lan a\u00e7\u0131klamada, Rus ordusunun, Ukrayna&#8217;ya y\u00f6nelik faaliyetleriyle ilgili bilgi verildi.<\/p>\n<p>Kiev&#8217;in, Rus topraklar\u0131ndaki sivil unsurlara &#8220;ter\u00f6r&#8221; sald\u0131r\u0131s\u0131 d\u00fczenledi\u011fi vurgulanan a\u00e7\u0131klamada, &#8220;Buna kar\u015f\u0131l\u0131k Rusya Silahl\u0131 Kuvvetleri, Ukrayna&#8217;n\u0131n askeri sanayi alan\u0131nda faaliyet g\u00f6steren i\u015fletmelere, Ukrayna ordusu i\u00e7in kullan\u0131lan enerji tesislerine, askeri havaalanlar\u0131na y\u00f6nelik yo\u011fun sald\u0131r\u0131 d\u00fczenledi.&#8221; ifadesi yer ald\u0131.<\/p>\n<p>A\u00e7\u0131klamada, sald\u0131r\u0131n\u0131n karadan, havadan ve denizden uzun menzilli y\u00fcksek hassasiyetli silah ve insans\u0131z hava ara\u00e7lar\u0131yla (\u0130HA) d\u00fczenlendi\u011fi kaydedilerek, belirlenen t\u00fcm hedeflerin vuruldu\u011fu aktar\u0131ld\u0131.<\/p>\n<p>&#8211; 124 Ukrayna \u0130HA&#8217;s\u0131 vuruldu<\/p>\n<p>Bakanl\u0131\u011f\u0131n a\u00e7\u0131klamas\u0131nda ayr\u0131ca, d\u00fcn yerel saatle 20.00&#8217;den bug\u00fcn 11.00&#8217;e kadar Ukrayna&#8217;ya ait 124 \u0130HA&#8217;n\u0131n hava savunma sistemlerince \u00e7e\u015fitli b\u00f6lgeler ile Azak Denizi \u00fczerinde etkisiz hale getirildi\u011fi belirtildi.<\/p>\n<p>Moskova Belediye Ba\u015fkan\u0131 Sergey Sobyanin, Rusya\u2019da geli\u015ftirilen ulusal mesajla\u015fma uygulamas\u0131 MAX \u00fczerinden yapt\u0131\u011f\u0131 payla\u015f\u0131mda, Moskova b\u00f6lgesinde 16 \u0130HA&#8217;n\u0131n d\u00fc\u015f\u00fcr\u00fcld\u00fc\u011f\u00fc bilgisini payla\u015farak &#8220;Acil servis ekipleri, \u0130HA&#8217;n\u0131n par\u00e7alar\u0131n\u0131n d\u00fc\u015ft\u00fc\u011f\u00fc noktalarda \u00e7al\u0131\u015fmalar y\u00fcr\u00fct\u00fcyor.&#8221; ifadesini kulland\u0131.<\/p>\n<p>Krasnodar b\u00f6lgesinin operasyonel merkezinden yap\u0131lan a\u00e7\u0131klamada ise \u0130HA sald\u0131r\u0131 sonucu b\u00f6lgedeki bir petrol rafinerisinde yang\u0131n \u00e7\u0131kt\u0131\u011f\u0131, Temryuk il\u00e7esindeki &#8220;Kafkasya&#8221; liman\u0131nda 3 ki\u015finin yaraland\u0131\u011f\u0131 kaydedildi.<\/p>\n<p>Rusya: Kiev&#8217;in ter\u00f6r eylemlerine kar\u015f\u0131 Ukrayna&#8217;daki askeri ve enerji tesislerini vurduk yaz\u0131s\u0131 ilk \u00f6nce K\u0131br\u0131s Hakikat \u00fczerinde ortaya \u00e7\u0131kt\u0131.<\/p>\n","protected":false},"excerpt":{"rendered":"<p>Bakanl\u0131ktan yap\u0131lan a\u00e7\u0131klamada, Rus ordusunun, Ukrayna&#8217;ya y\u00f6nelik faaliyetleriyle ilgili bilgi verildi. Kiev&#8217;in, Rus topraklar\u0131ndaki sivil unsurlara &#8220;ter\u00f6r&#8221; sald\u0131r\u0131s\u0131 d\u00fczenledi\u011fi vurgulanan a\u00e7\u0131klamada, &#8220;Buna kar\u015f\u0131l\u0131k Rusya Silahl\u0131 Kuvvetleri, Ukrayna&#8217;n\u0131n askeri sanayi alan\u0131nda faaliyet g\u00f6steren i\u015fletmelere, Ukrayna ordusu i\u00e7in kullan\u0131lan enerji tesislerine, askeri havaalanlar\u0131na y\u00f6nelik yo\u011fun sald\u0131r\u0131 d\u00fczenledi.&#8221; ifadesi yer ald\u0131. A\u00e7\u0131klamada, sald\u0131r\u0131n\u0131n karadan, havadan ve denizden uzun [&hellip;]<\/p>\n","protected":false},"author":1,"featured_media":35293,"comment_status":"open","ping_status":"open","sticky":false,"template":"","format":"standard","meta":{"jnews-multi-image_gallery":[],"jnews_single_post":[],"jnews_primary_category":[],"footnotes":""},"categories":[1],"tags":[],"class_list":["post-35292","post","type-post","status-publish","format-standard","has-post-thumbnail","hentry","category-kibris"],"yoast_head":"<!-- This site is optimized with the Yoast SEO plugin v27.5 - https:\/\/yoast.com\/product\/yoast-seo-wordpress\/ -->\n<title>Rusya: Kiev\u2019in ter\u00f6r eylemlerine kar\u015f\u0131 Ukrayna\u2019daki askeri ve enerji tesislerini vurduk - Haber Kuzey<\/title>\n<meta name=\"robots\" content=\"index, follow, max-snippet:-1, max-image-preview:large, max-video-preview:-1\" \/>\n<link rel=\"canonical\" href=\"https:\/\/haberkuzey.com\/index.php\/2026\/03\/14\/rusya-kievin-teror-eylemlerine-karsi-ukraynadaki-askeri-ve-enerji-tesislerini-vurduk\/\" \/>\n<meta property=\"og:locale\" content=\"tr_TR\" \/>\n<meta property=\"og:type\" content=\"article\" \/>\n<meta property=\"og:title\" content=\"Rusya: Kiev\u2019in ter\u00f6r eylemlerine kar\u015f\u0131 Ukrayna\u2019daki askeri ve enerji tesislerini vurduk - Haber Kuzey\" \/>\n<meta property=\"og:description\" content=\"Bakanl\u0131ktan yap\u0131lan a\u00e7\u0131klamada, Rus ordusunun, Ukrayna&#8217;ya y\u00f6nelik faaliyetleriyle ilgili bilgi verildi. Kiev&#8217;in, Rus topraklar\u0131ndaki sivil unsurlara &#8220;ter\u00f6r&#8221; sald\u0131r\u0131s\u0131 d\u00fczenledi\u011fi vurgulanan a\u00e7\u0131klamada, &#8220;Buna kar\u015f\u0131l\u0131k Rusya Silahl\u0131 Kuvvetleri, Ukrayna&#8217;n\u0131n askeri sanayi alan\u0131nda faaliyet g\u00f6steren i\u015fletmelere, Ukrayna ordusu i\u00e7in kullan\u0131lan enerji tesislerine, askeri havaalanlar\u0131na y\u00f6nelik yo\u011fun sald\u0131r\u0131 d\u00fczenledi.&#8221; ifadesi yer ald\u0131. A\u00e7\u0131klamada, sald\u0131r\u0131n\u0131n karadan, havadan ve denizden uzun [&hellip;]\" \/>\n<meta property=\"og:url\" content=\"https:\/\/haberkuzey.com\/index.php\/2026\/03\/14\/rusya-kievin-teror-eylemlerine-karsi-ukraynadaki-askeri-ve-enerji-tesislerini-vurduk\/\" \/>\n<meta property=\"og:site_name\" content=\"Haber Kuzey\" \/>\n<meta property=\"article:published_time\" content=\"2026-03-14T14:15:20+00:00\" \/>\n<meta name=\"author\" content=\"haberkuzey\" \/>\n<meta name=\"twitter:card\" content=\"summary_large_image\" \/>\n<meta name=\"twitter:label1\" content=\"Yazan:\" \/>\n\t<meta name=\"twitter:data1\" content=\"haberkuzey\" \/>\n\t<meta name=\"twitter:label2\" content=\"Tahmini okuma s\u00fcresi\" \/>\n\t<meta name=\"twitter:data2\" content=\"1 dakika\" \/>\n<script type=\"application\/ld+json\" class=\"yoast-schema-graph\">{\"@context\":\"https:\\\/\\\/schema.org\",\"@graph\":[{\"@type\":\"Article\",\"@id\":\"https:\\\/\\\/haberkuzey.com\\\/index.php\\\/2026\\\/03\\\/14\\\/rusya-kievin-teror-eylemlerine-karsi-ukraynadaki-askeri-ve-enerji-tesislerini-vurduk\\\/#article\",\"isPartOf\":{\"@id\":\"https:\\\/\\\/haberkuzey.com\\\/index.php\\\/2026\\\/03\\\/14\\\/rusya-kievin-teror-eylemlerine-karsi-ukraynadaki-askeri-ve-enerji-tesislerini-vurduk\\\/\"},\"author\":{\"name\":\"haberkuzey\",\"@id\":\"https:\\\/\\\/haberkuzey.com\\\/#\\\/schema\\\/person\\\/3372109ec735f9333f4fa47ebb9605ca\"},\"headline\":\"Rusya: Kiev\u2019in ter\u00f6r eylemlerine kar\u015f\u0131 Ukrayna\u2019daki askeri ve enerji tesislerini vurduk\",\"datePublished\":\"2026-03-14T14:15:20+00:00\",\"mainEntityOfPage\":{\"@id\":\"https:\\\/\\\/haberkuzey.com\\\/index.php\\\/2026\\\/03\\\/14\\\/rusya-kievin-teror-eylemlerine-karsi-ukraynadaki-askeri-ve-enerji-tesislerini-vurduk\\\/\"},\"wordCount\":276,\"commentCount\":0,\"image\":{\"@id\":\"https:\\\/\\\/haberkuzey.com\\\/index.php\\\/2026\\\/03\\\/14\\\/rusya-kievin-teror-eylemlerine-karsi-ukraynadaki-askeri-ve-enerji-tesislerini-vurduk\\\/#primaryimage\"},\"thumbnailUrl\":\"https:\\\/\\\/haberkuzey.com\\\/wp-content\\\/uploads\\\/2026\\\/03\\\/1773490120547t25_rusyadan-ukraynaya-karsi-923.webp.webp\",\"articleSection\":[\"K\u0131br\u0131s\"],\"inLanguage\":\"tr\",\"potentialAction\":[{\"@type\":\"CommentAction\",\"name\":\"Comment\",\"target\":[\"https:\\\/\\\/haberkuzey.com\\\/index.php\\\/2026\\\/03\\\/14\\\/rusya-kievin-teror-eylemlerine-karsi-ukraynadaki-askeri-ve-enerji-tesislerini-vurduk\\\/#respond\"]}]},{\"@type\":\"WebPage\",\"@id\":\"https:\\\/\\\/haberkuzey.com\\\/index.php\\\/2026\\\/03\\\/14\\\/rusya-kievin-teror-eylemlerine-karsi-ukraynadaki-askeri-ve-enerji-tesislerini-vurduk\\\/\",\"url\":\"https:\\\/\\\/haberkuzey.com\\\/index.php\\\/2026\\\/03\\\/14\\\/rusya-kievin-teror-eylemlerine-karsi-ukraynadaki-askeri-ve-enerji-tesislerini-vurduk\\\/\",\"name\":\"Rusya: Kiev\u2019in ter\u00f6r eylemlerine kar\u015f\u0131 Ukrayna\u2019daki askeri ve enerji tesislerini vurduk - Haber Kuzey\",\"isPartOf\":{\"@id\":\"https:\\\/\\\/haberkuzey.com\\\/#website\"},\"primaryImageOfPage\":{\"@id\":\"https:\\\/\\\/haberkuzey.com\\\/index.php\\\/2026\\\/03\\\/14\\\/rusya-kievin-teror-eylemlerine-karsi-ukraynadaki-askeri-ve-enerji-tesislerini-vurduk\\\/#primaryimage\"},\"image\":{\"@id\":\"https:\\\/\\\/haberkuzey.com\\\/index.php\\\/2026\\\/03\\\/14\\\/rusya-kievin-teror-eylemlerine-karsi-ukraynadaki-askeri-ve-enerji-tesislerini-vurduk\\\/#primaryimage\"},\"thumbnailUrl\":\"https:\\\/\\\/haberkuzey.com\\\/wp-content\\\/uploads\\\/2026\\\/03\\\/1773490120547t25_rusyadan-ukraynaya-karsi-923.webp.webp\",\"datePublished\":\"2026-03-14T14:15:20+00:00\",\"author\":{\"@id\":\"https:\\\/\\\/haberkuzey.com\\\/#\\\/schema\\\/person\\\/3372109ec735f9333f4fa47ebb9605ca\"},\"breadcrumb\":{\"@id\":\"https:\\\/\\\/haberkuzey.com\\\/index.php\\\/2026\\\/03\\\/14\\\/rusya-kievin-teror-eylemlerine-karsi-ukraynadaki-askeri-ve-enerji-tesislerini-vurduk\\\/#breadcrumb\"},\"inLanguage\":\"tr\",\"potentialAction\":[{\"@type\":\"ReadAction\",\"target\":[\"https:\\\/\\\/haberkuzey.com\\\/index.php\\\/2026\\\/03\\\/14\\\/rusya-kievin-teror-eylemlerine-karsi-ukraynadaki-askeri-ve-enerji-tesislerini-vurduk\\\/\"]}]},{\"@type\":\"ImageObject\",\"inLanguage\":\"tr\",\"@id\":\"https:\\\/\\\/haberkuzey.com\\\/index.php\\\/2026\\\/03\\\/14\\\/rusya-kievin-teror-eylemlerine-karsi-ukraynadaki-askeri-ve-enerji-tesislerini-vurduk\\\/#primaryimage\",\"url\":\"https:\\\/\\\/haberkuzey.com\\\/wp-content\\\/uploads\\\/2026\\\/03\\\/1773490120547t25_rusyadan-ukraynaya-karsi-923.webp.webp\",\"contentUrl\":\"https:\\\/\\\/haberkuzey.com\\\/wp-content\\\/uploads\\\/2026\\\/03\\\/1773490120547t25_rusyadan-ukraynaya-karsi-923.webp.webp\",\"width\":1200,\"height\":675},{\"@type\":\"BreadcrumbList\",\"@id\":\"https:\\\/\\\/haberkuzey.com\\\/index.php\\\/2026\\\/03\\\/14\\\/rusya-kievin-teror-eylemlerine-karsi-ukraynadaki-askeri-ve-enerji-tesislerini-vurduk\\\/#breadcrumb\",\"itemListElement\":[{\"@type\":\"ListItem\",\"position\":1,\"name\":\"Anasayfa\",\"item\":\"https:\\\/\\\/haberkuzey.com\\\/\"},{\"@type\":\"ListItem\",\"position\":2,\"name\":\"Rusya: Kiev\u2019in ter\u00f6r eylemlerine kar\u015f\u0131 Ukrayna\u2019daki askeri ve enerji tesislerini vurduk\"}]},{\"@type\":\"WebSite\",\"@id\":\"https:\\\/\\\/haberkuzey.com\\\/#website\",\"url\":\"https:\\\/\\\/haberkuzey.com\\\/\",\"name\":\"Haber Kuzey\",\"description\":\"Do\u011fru Haberin Adresi\",\"potentialAction\":[{\"@type\":\"SearchAction\",\"target\":{\"@type\":\"EntryPoint\",\"urlTemplate\":\"https:\\\/\\\/haberkuzey.com\\\/?s={search_term_string}\"},\"query-input\":{\"@type\":\"PropertyValueSpecification\",\"valueRequired\":true,\"valueName\":\"search_term_string\"}}],\"inLanguage\":\"tr\"},{\"@type\":\"Person\",\"@id\":\"https:\\\/\\\/haberkuzey.com\\\/#\\\/schema\\\/person\\\/3372109ec735f9333f4fa47ebb9605ca\",\"name\":\"haberkuzey\",\"image\":{\"@type\":\"ImageObject\",\"inLanguage\":\"tr\",\"@id\":\"https:\\\/\\\/secure.gravatar.com\\\/avatar\\\/f5fc875574b1575324358c3b9e6a32b8227aa5b74f3fa22e3cadb63e26fcc39c?s=96&d=mm&r=g\",\"url\":\"https:\\\/\\\/secure.gravatar.com\\\/avatar\\\/f5fc875574b1575324358c3b9e6a32b8227aa5b74f3fa22e3cadb63e26fcc39c?s=96&d=mm&r=g\",\"contentUrl\":\"https:\\\/\\\/secure.gravatar.com\\\/avatar\\\/f5fc875574b1575324358c3b9e6a32b8227aa5b74f3fa22e3cadb63e26fcc39c?s=96&d=mm&r=g\",\"caption\":\"haberkuzey\"},\"sameAs\":[\"https:\\\/\\\/haberkuzey.com\"],\"url\":\"https:\\\/\\\/haberkuzey.com\\\/index.php\\\/author\\\/haberkuzey\\\/\"}]}<\/script>\n<!-- \/ Yoast SEO plugin. -->","yoast_head_json":{"title":"Rusya: Kiev\u2019in ter\u00f6r eylemlerine kar\u015f\u0131 Ukrayna\u2019daki askeri ve enerji tesislerini vurduk - Haber Kuzey","robots":{"index":"index","follow":"follow","max-snippet":"max-snippet:-1","max-image-preview":"max-image-preview:large","max-video-preview":"max-video-preview:-1"},"canonical":"https:\/\/haberkuzey.com\/index.php\/2026\/03\/14\/rusya-kievin-teror-eylemlerine-karsi-ukraynadaki-askeri-ve-enerji-tesislerini-vurduk\/","og_locale":"tr_TR","og_type":"article","og_title":"Rusya: Kiev\u2019in ter\u00f6r eylemlerine kar\u015f\u0131 Ukrayna\u2019daki askeri ve enerji tesislerini vurduk - Haber Kuzey","og_description":"Bakanl\u0131ktan yap\u0131lan a\u00e7\u0131klamada, Rus ordusunun, Ukrayna&#8217;ya y\u00f6nelik faaliyetleriyle ilgili bilgi verildi. Kiev&#8217;in, Rus topraklar\u0131ndaki sivil unsurlara &#8220;ter\u00f6r&#8221; sald\u0131r\u0131s\u0131 d\u00fczenledi\u011fi vurgulanan a\u00e7\u0131klamada, &#8220;Buna kar\u015f\u0131l\u0131k Rusya Silahl\u0131 Kuvvetleri, Ukrayna&#8217;n\u0131n askeri sanayi alan\u0131nda faaliyet g\u00f6steren i\u015fletmelere, Ukrayna ordusu i\u00e7in kullan\u0131lan enerji tesislerine, askeri havaalanlar\u0131na y\u00f6nelik yo\u011fun sald\u0131r\u0131 d\u00fczenledi.&#8221; ifadesi yer ald\u0131. A\u00e7\u0131klamada, sald\u0131r\u0131n\u0131n karadan, havadan ve denizden uzun [&hellip;]","og_url":"https:\/\/haberkuzey.com\/index.php\/2026\/03\/14\/rusya-kievin-teror-eylemlerine-karsi-ukraynadaki-askeri-ve-enerji-tesislerini-vurduk\/","og_site_name":"Haber Kuzey","article_published_time":"2026-03-14T14:15:20+00:00","author":"haberkuzey","twitter_card":"summary_large_image","twitter_misc":{"Yazan:":"haberkuzey","Tahmini okuma s\u00fcresi":"1 dakika"},"schema":{"@context":"https:\/\/schema.org","@graph":[{"@type":"Article","@id":"https:\/\/haberkuzey.com\/index.php\/2026\/03\/14\/rusya-kievin-teror-eylemlerine-karsi-ukraynadaki-askeri-ve-enerji-tesislerini-vurduk\/#article","isPartOf":{"@id":"https:\/\/haberkuzey.com\/index.php\/2026\/03\/14\/rusya-kievin-teror-eylemlerine-karsi-ukraynadaki-askeri-ve-enerji-tesislerini-vurduk\/"},"author":{"name":"haberkuzey","@id":"https:\/\/haberkuzey.com\/#\/schema\/person\/3372109ec735f9333f4fa47ebb9605ca"},"headline":"Rusya: Kiev\u2019in ter\u00f6r eylemlerine kar\u015f\u0131 Ukrayna\u2019daki askeri ve enerji tesislerini vurduk","datePublished":"2026-03-14T14:15:20+00:00","mainEntityOfPage":{"@id":"https:\/\/haberkuzey.com\/index.php\/2026\/03\/14\/rusya-kievin-teror-eylemlerine-karsi-ukraynadaki-askeri-ve-enerji-tesislerini-vurduk\/"},"wordCount":276,"commentCount":0,"image":{"@id":"https:\/\/haberkuzey.com\/index.php\/2026\/03\/14\/rusya-kievin-teror-eylemlerine-karsi-ukraynadaki-askeri-ve-enerji-tesislerini-vurduk\/#primaryimage"},"thumbnailUrl":"https:\/\/haberkuzey.com\/wp-content\/uploads\/2026\/03\/1773490120547t25_rusyadan-ukraynaya-karsi-923.webp.webp","articleSection":["K\u0131br\u0131s"],"inLanguage":"tr","potentialAction":[{"@type":"CommentAction","name":"Comment","target":["https:\/\/haberkuzey.com\/index.php\/2026\/03\/14\/rusya-kievin-teror-eylemlerine-karsi-ukraynadaki-askeri-ve-enerji-tesislerini-vurduk\/#respond"]}]},{"@type":"WebPage","@id":"https:\/\/haberkuzey.com\/index.php\/2026\/03\/14\/rusya-kievin-teror-eylemlerine-karsi-ukraynadaki-askeri-ve-enerji-tesislerini-vurduk\/","url":"https:\/\/haberkuzey.com\/index.php\/2026\/03\/14\/rusya-kievin-teror-eylemlerine-karsi-ukraynadaki-askeri-ve-enerji-tesislerini-vurduk\/","name":"Rusya: Kiev\u2019in ter\u00f6r eylemlerine kar\u015f\u0131 Ukrayna\u2019daki askeri ve enerji tesislerini vurduk - Haber Kuzey","isPartOf":{"@id":"https:\/\/haberkuzey.com\/#website"},"primaryImageOfPage":{"@id":"https:\/\/haberkuzey.com\/index.php\/2026\/03\/14\/rusya-kievin-teror-eylemlerine-karsi-ukraynadaki-askeri-ve-enerji-tesislerini-vurduk\/#primaryimage"},"image":{"@id":"https:\/\/haberkuzey.com\/index.php\/2026\/03\/14\/rusya-kievin-teror-eylemlerine-karsi-ukraynadaki-askeri-ve-enerji-tesislerini-vurduk\/#primaryimage"},"thumbnailUrl":"https:\/\/haberkuzey.com\/wp-content\/uploads\/2026\/03\/1773490120547t25_rusyadan-ukraynaya-karsi-923.webp.webp","datePublished":"2026-03-14T14:15:20+00:00","author":{"@id":"https:\/\/haberkuzey.com\/#\/schema\/person\/3372109ec735f9333f4fa47ebb9605ca"},"breadcrumb":{"@id":"https:\/\/haberkuzey.com\/index.php\/2026\/03\/14\/rusya-kievin-teror-eylemlerine-karsi-ukraynadaki-askeri-ve-enerji-tesislerini-vurduk\/#breadcrumb"},"inLanguage":"tr","potentialAction":[{"@type":"ReadAction","target":["https:\/\/haberkuzey.com\/index.php\/2026\/03\/14\/rusya-kievin-teror-eylemlerine-karsi-ukraynadaki-askeri-ve-enerji-tesislerini-vurduk\/"]}]},{"@type":"ImageObject","inLanguage":"tr","@id":"https:\/\/haberkuzey.com\/index.php\/2026\/03\/14\/rusya-kievin-teror-eylemlerine-karsi-ukraynadaki-askeri-ve-enerji-tesislerini-vurduk\/#primaryimage","url":"https:\/\/haberkuzey.com\/wp-content\/uploads\/2026\/03\/1773490120547t25_rusyadan-ukraynaya-karsi-923.webp.webp","contentUrl":"https:\/\/haberkuzey.com\/wp-content\/uploads\/2026\/03\/1773490120547t25_rusyadan-ukraynaya-karsi-923.webp.webp","width":1200,"height":675},{"@type":"BreadcrumbList","@id":"https:\/\/haberkuzey.com\/index.php\/2026\/03\/14\/rusya-kievin-teror-eylemlerine-karsi-ukraynadaki-askeri-ve-enerji-tesislerini-vurduk\/#breadcrumb","itemListElement":[{"@type":"ListItem","position":1,"name":"Anasayfa","item":"https:\/\/haberkuzey.com\/"},{"@type":"ListItem","position":2,"name":"Rusya: Kiev\u2019in ter\u00f6r eylemlerine kar\u015f\u0131 Ukrayna\u2019daki askeri ve enerji tesislerini vurduk"}]},{"@type":"WebSite","@id":"https:\/\/haberkuzey.com\/#website","url":"https:\/\/haberkuzey.com\/","name":"Haber Kuzey","description":"Do\u011fru Haberin Adresi","potentialAction":[{"@type":"SearchAction","target":{"@type":"EntryPoint","urlTemplate":"https:\/\/haberkuzey.com\/?s={search_term_string}"},"query-input":{"@type":"PropertyValueSpecification","valueRequired":true,"valueName":"search_term_string"}}],"inLanguage":"tr"},{"@type":"Person","@id":"https:\/\/haberkuzey.com\/#\/schema\/person\/3372109ec735f9333f4fa47ebb9605ca","name":"haberkuzey","image":{"@type":"ImageObject","inLanguage":"tr","@id":"https:\/\/secure.gravatar.com\/avatar\/f5fc875574b1575324358c3b9e6a32b8227aa5b74f3fa22e3cadb63e26fcc39c?s=96&d=mm&r=g","url":"https:\/\/secure.gravatar.com\/avatar\/f5fc875574b1575324358c3b9e6a32b8227aa5b74f3fa22e3cadb63e26fcc39c?s=96&d=mm&r=g","contentUrl":"https:\/\/secure.gravatar.com\/avatar\/f5fc875574b1575324358c3b9e6a32b8227aa5b74f3fa22e3cadb63e26fcc39c?s=96&d=mm&r=g","caption":"haberkuzey"},"sameAs":["https:\/\/haberkuzey.com"],"url":"https:\/\/haberkuzey.com\/index.php\/author\/haberkuzey\/"}]}},"_links":{"self":[{"href":"https:\/\/haberkuzey.com\/index.php\/wp-json\/wp\/v2\/posts\/35292","targetHints":{"allow":["GET"]}}],"collection":[{"href":"https:\/\/haberkuzey.com\/index.php\/wp-json\/wp\/v2\/posts"}],"about":[{"href":"https:\/\/haberkuzey.com\/index.php\/wp-json\/wp\/v2\/types\/post"}],"author":[{"embeddable":true,"href":"https:\/\/haberkuzey.com\/index.php\/wp-json\/wp\/v2\/users\/1"}],"replies":[{"embeddable":true,"href":"https:\/\/haberkuzey.com\/index.php\/wp-json\/wp\/v2\/comments?post=35292"}],"version-history":[{"count":0,"href":"https:\/\/haberkuzey.com\/index.php\/wp-json\/wp\/v2\/posts\/35292\/revisions"}],"wp:featuredmedia":[{"embeddable":true,"href":"https:\/\/haberkuzey.com\/index.php\/wp-json\/wp\/v2\/media\/35293"}],"wp:attachment":[{"href":"https:\/\/haberkuzey.com\/index.php\/wp-json\/wp\/v2\/media?parent=35292"}],"wp:term":[{"taxonomy":"category","embeddable":true,"href":"https:\/\/haberkuzey.com\/index.php\/wp-json\/wp\/v2\/categories?post=35292"},{"taxonomy":"post_tag","embeddable":true,"href":"https:\/\/haberkuzey.com\/index.php\/wp-json\/wp\/v2\/tags?post=35292"}],"curies":[{"name":"wp","href":"https:\/\/api.w.org\/{rel}","templated":true}]}}