{"id":35290,"date":"2026-03-14T16:09:27","date_gmt":"2026-03-14T14:09:27","guid":{"rendered":"https:\/\/haberkuzey.com\/index.php\/2026\/03\/14\/ktmmob-elektrik-muhendisleri-odasi-baskani-ibrahim-aysal-oldu\/"},"modified":"2026-03-14T16:09:27","modified_gmt":"2026-03-14T14:09:27","slug":"ktmmob-elektrik-muhendisleri-odasi-baskani-ibrahim-aysal-oldu","status":"publish","type":"post","link":"https:\/\/haberkuzey.com\/index.php\/2026\/03\/14\/ktmmob-elektrik-muhendisleri-odasi-baskani-ibrahim-aysal-oldu\/","title":{"rendered":"KTMMOB Elektrik M\u00fchendisleri Odas\u0131 Ba\u015fkan\u0131 \u0130brahim Aysal oldu"},"content":{"rendered":"<p style=\"font-weight: 300\">K\u0131br\u0131s T\u00fcrk M\u00fchendis ve Mimar Odalar\u0131 Birli\u011fi Elektrik M\u00fchendisleri Odas\u0131\u2019n\u0131n 49. Ola\u011fan Genel Kurulu, bug\u00fcn Sanayi Odas\u0131 Konferans Salonu\u2019nda yap\u0131ld\u0131.<\/p>\n<p style=\"font-weight: 300\">Odadan verilen bilgiye g\u00f6re, genel kurula 2. Cumhurba\u015fkan\u0131 Mehmet Ali Talat, Ekonomi ve Enerji Bakan\u0131 Olgun Amcao\u011flu, KTMMOB Ba\u015fkan\u0131 Seran Aysal, Elektrik M\u00fchendisleri Odas\u0131\u2019n\u0131n ge\u00e7mi\u015f d\u00f6nem ba\u015fkanlar\u0131 ile oda \u00fcyeleri kat\u0131ld\u0131.<\/p>\n<p style=\"font-weight: 300\">Genel kurulda oda \u00e7al\u0131\u015fmalar\u0131na ili\u015fkin de\u011ferlendirmeler yap\u0131ld\u0131 ve mesle\u011fin geli\u015fimine y\u00f6nelik g\u00f6r\u00fc\u015f ve \u00f6neriler payla\u015f\u0131ld\u0131. Genel kurulun divan ba\u015fkanl\u0131\u011f\u0131n\u0131 Y\u0131lmaz \u00d6zt\u00fcrk \u00fcstlenirken, divan sekreterli\u011fi g\u00f6revlerini Arif T\u00fckel ile \u00c7a\u011fla Komili y\u00fcr\u00fctt\u00fc.<\/p>\n<p style=\"font-weight: 300\">-Yeni y\u00f6netim kurulu belirlendi<\/p>\n<p style=\"font-weight: 300\">Genel kurulda Elektrik M\u00fchendisleri Odas\u0131\u2019n\u0131n yeni y\u00f6netim kurulu da belirlendi. Buna g\u00f6re, \u0130brahim Aysal ba\u015fkanl\u0131\u011fa se\u00e7ildi.<\/p>\n<p style=\"font-weight: 300\">Y\u00f6netim Kurulu faal \u00fcyeliklerine; Bu\u011fra Gazio\u011flu, Sava\u015f Ba\u011fkur, \u00c7izge Tekeli ve Muharrem Uzun se\u00e7ilirken; Y\u00f6netim Kurulu yedek \u00fcyeliklerine \u0130rfan Arslansoyu ile Do\u011fa\u00e7 Akif getirildi. Denetleme Kurulu \u00fcyeliklerine Kadri Fellaho\u011flu ile \u00dcner Kutalm\u0131\u015f se\u00e7ildi.<\/p>\n<p style=\"font-weight: 300\">Elektrik M\u00fchendisleri Odas\u0131 genel kurulu, \u00fcyelerin g\u00f6r\u00fc\u015f ve de\u011ferlendirmelerinin payla\u015f\u0131lmas\u0131n\u0131n ard\u0131ndan tamamland\u0131.<\/p>\n<p>KTMMOB Elektrik M\u00fchendisleri Odas\u0131 Ba\u015fkan\u0131 \u0130brahim Aysal oldu yaz\u0131s\u0131 ilk \u00f6nce K\u0131br\u0131s Hakikat \u00fczerinde ortaya \u00e7\u0131kt\u0131.<\/p>\n","protected":false},"excerpt":{"rendered":"<p>K\u0131br\u0131s T\u00fcrk M\u00fchendis ve Mimar Odalar\u0131 Birli\u011fi Elektrik M\u00fchendisleri Odas\u0131\u2019n\u0131n 49. Ola\u011fan Genel Kurulu, bug\u00fcn Sanayi Odas\u0131 Konferans Salonu\u2019nda yap\u0131ld\u0131. Odadan verilen bilgiye g\u00f6re, genel kurula 2. Cumhurba\u015fkan\u0131 Mehmet Ali Talat, Ekonomi ve Enerji Bakan\u0131 Olgun Amcao\u011flu, KTMMOB Ba\u015fkan\u0131 Seran Aysal, Elektrik M\u00fchendisleri Odas\u0131\u2019n\u0131n ge\u00e7mi\u015f d\u00f6nem ba\u015fkanlar\u0131 ile oda \u00fcyeleri kat\u0131ld\u0131. Genel kurulda oda \u00e7al\u0131\u015fmalar\u0131na [&hellip;]<\/p>\n","protected":false},"author":1,"featured_media":35291,"comment_status":"open","ping_status":"open","sticky":false,"template":"","format":"standard","meta":{"jnews-multi-image_gallery":[],"jnews_single_post":[],"jnews_primary_category":[],"footnotes":""},"categories":[1],"tags":[],"class_list":["post-35290","post","type-post","status-publish","format-standard","has-post-thumbnail","hentry","category-kibris"],"yoast_head":"<!-- This site is optimized with the Yoast SEO plugin v27.5 - https:\/\/yoast.com\/product\/yoast-seo-wordpress\/ -->\n<title>KTMMOB Elektrik M\u00fchendisleri Odas\u0131 Ba\u015fkan\u0131 \u0130brahim Aysal oldu - Haber Kuzey<\/title>\n<meta name=\"robots\" content=\"index, follow, max-snippet:-1, max-image-preview:large, max-video-preview:-1\" \/>\n<link rel=\"canonical\" href=\"https:\/\/haberkuzey.com\/index.php\/2026\/03\/14\/ktmmob-elektrik-muhendisleri-odasi-baskani-ibrahim-aysal-oldu\/\" \/>\n<meta property=\"og:locale\" content=\"tr_TR\" \/>\n<meta property=\"og:type\" content=\"article\" \/>\n<meta property=\"og:title\" content=\"KTMMOB Elektrik M\u00fchendisleri Odas\u0131 Ba\u015fkan\u0131 \u0130brahim Aysal oldu - Haber Kuzey\" \/>\n<meta property=\"og:description\" content=\"K\u0131br\u0131s T\u00fcrk M\u00fchendis ve Mimar Odalar\u0131 Birli\u011fi Elektrik M\u00fchendisleri Odas\u0131\u2019n\u0131n 49. Ola\u011fan Genel Kurulu, bug\u00fcn Sanayi Odas\u0131 Konferans Salonu\u2019nda yap\u0131ld\u0131. Odadan verilen bilgiye g\u00f6re, genel kurula 2. Cumhurba\u015fkan\u0131 Mehmet Ali Talat, Ekonomi ve Enerji Bakan\u0131 Olgun Amcao\u011flu, KTMMOB Ba\u015fkan\u0131 Seran Aysal, Elektrik M\u00fchendisleri Odas\u0131\u2019n\u0131n ge\u00e7mi\u015f d\u00f6nem ba\u015fkanlar\u0131 ile oda \u00fcyeleri kat\u0131ld\u0131. Genel kurulda oda \u00e7al\u0131\u015fmalar\u0131na [&hellip;]\" \/>\n<meta property=\"og:url\" content=\"https:\/\/haberkuzey.com\/index.php\/2026\/03\/14\/ktmmob-elektrik-muhendisleri-odasi-baskani-ibrahim-aysal-oldu\/\" \/>\n<meta property=\"og:site_name\" content=\"Haber Kuzey\" \/>\n<meta property=\"article:published_time\" content=\"2026-03-14T14:09:27+00:00\" \/>\n<meta name=\"author\" content=\"haberkuzey\" \/>\n<meta name=\"twitter:card\" content=\"summary_large_image\" \/>\n<meta name=\"twitter:label1\" content=\"Yazan:\" \/>\n\t<meta name=\"twitter:data1\" content=\"haberkuzey\" \/>\n\t<meta name=\"twitter:label2\" content=\"Tahmini okuma s\u00fcresi\" \/>\n\t<meta name=\"twitter:data2\" content=\"1 dakika\" \/>\n<script type=\"application\/ld+json\" class=\"yoast-schema-graph\">{\"@context\":\"https:\\\/\\\/schema.org\",\"@graph\":[{\"@type\":\"Article\",\"@id\":\"https:\\\/\\\/haberkuzey.com\\\/index.php\\\/2026\\\/03\\\/14\\\/ktmmob-elektrik-muhendisleri-odasi-baskani-ibrahim-aysal-oldu\\\/#article\",\"isPartOf\":{\"@id\":\"https:\\\/\\\/haberkuzey.com\\\/index.php\\\/2026\\\/03\\\/14\\\/ktmmob-elektrik-muhendisleri-odasi-baskani-ibrahim-aysal-oldu\\\/\"},\"author\":{\"name\":\"haberkuzey\",\"@id\":\"https:\\\/\\\/haberkuzey.com\\\/#\\\/schema\\\/person\\\/3372109ec735f9333f4fa47ebb9605ca\"},\"headline\":\"KTMMOB Elektrik M\u00fchendisleri Odas\u0131 Ba\u015fkan\u0131 \u0130brahim Aysal oldu\",\"datePublished\":\"2026-03-14T14:09:27+00:00\",\"mainEntityOfPage\":{\"@id\":\"https:\\\/\\\/haberkuzey.com\\\/index.php\\\/2026\\\/03\\\/14\\\/ktmmob-elektrik-muhendisleri-odasi-baskani-ibrahim-aysal-oldu\\\/\"},\"wordCount\":244,\"commentCount\":0,\"image\":{\"@id\":\"https:\\\/\\\/haberkuzey.com\\\/index.php\\\/2026\\\/03\\\/14\\\/ktmmob-elektrik-muhendisleri-odasi-baskani-ibrahim-aysal-oldu\\\/#primaryimage\"},\"thumbnailUrl\":\"https:\\\/\\\/haberkuzey.com\\\/wp-content\\\/uploads\\\/2026\\\/03\\\/1773494844175EMO.jpg\",\"articleSection\":[\"K\u0131br\u0131s\"],\"inLanguage\":\"tr\",\"potentialAction\":[{\"@type\":\"CommentAction\",\"name\":\"Comment\",\"target\":[\"https:\\\/\\\/haberkuzey.com\\\/index.php\\\/2026\\\/03\\\/14\\\/ktmmob-elektrik-muhendisleri-odasi-baskani-ibrahim-aysal-oldu\\\/#respond\"]}]},{\"@type\":\"WebPage\",\"@id\":\"https:\\\/\\\/haberkuzey.com\\\/index.php\\\/2026\\\/03\\\/14\\\/ktmmob-elektrik-muhendisleri-odasi-baskani-ibrahim-aysal-oldu\\\/\",\"url\":\"https:\\\/\\\/haberkuzey.com\\\/index.php\\\/2026\\\/03\\\/14\\\/ktmmob-elektrik-muhendisleri-odasi-baskani-ibrahim-aysal-oldu\\\/\",\"name\":\"KTMMOB Elektrik M\u00fchendisleri Odas\u0131 Ba\u015fkan\u0131 \u0130brahim Aysal oldu - Haber Kuzey\",\"isPartOf\":{\"@id\":\"https:\\\/\\\/haberkuzey.com\\\/#website\"},\"primaryImageOfPage\":{\"@id\":\"https:\\\/\\\/haberkuzey.com\\\/index.php\\\/2026\\\/03\\\/14\\\/ktmmob-elektrik-muhendisleri-odasi-baskani-ibrahim-aysal-oldu\\\/#primaryimage\"},\"image\":{\"@id\":\"https:\\\/\\\/haberkuzey.com\\\/index.php\\\/2026\\\/03\\\/14\\\/ktmmob-elektrik-muhendisleri-odasi-baskani-ibrahim-aysal-oldu\\\/#primaryimage\"},\"thumbnailUrl\":\"https:\\\/\\\/haberkuzey.com\\\/wp-content\\\/uploads\\\/2026\\\/03\\\/1773494844175EMO.jpg\",\"datePublished\":\"2026-03-14T14:09:27+00:00\",\"author\":{\"@id\":\"https:\\\/\\\/haberkuzey.com\\\/#\\\/schema\\\/person\\\/3372109ec735f9333f4fa47ebb9605ca\"},\"breadcrumb\":{\"@id\":\"https:\\\/\\\/haberkuzey.com\\\/index.php\\\/2026\\\/03\\\/14\\\/ktmmob-elektrik-muhendisleri-odasi-baskani-ibrahim-aysal-oldu\\\/#breadcrumb\"},\"inLanguage\":\"tr\",\"potentialAction\":[{\"@type\":\"ReadAction\",\"target\":[\"https:\\\/\\\/haberkuzey.com\\\/index.php\\\/2026\\\/03\\\/14\\\/ktmmob-elektrik-muhendisleri-odasi-baskani-ibrahim-aysal-oldu\\\/\"]}]},{\"@type\":\"ImageObject\",\"inLanguage\":\"tr\",\"@id\":\"https:\\\/\\\/haberkuzey.com\\\/index.php\\\/2026\\\/03\\\/14\\\/ktmmob-elektrik-muhendisleri-odasi-baskani-ibrahim-aysal-oldu\\\/#primaryimage\",\"url\":\"https:\\\/\\\/haberkuzey.com\\\/wp-content\\\/uploads\\\/2026\\\/03\\\/1773494844175EMO.jpg\",\"contentUrl\":\"https:\\\/\\\/haberkuzey.com\\\/wp-content\\\/uploads\\\/2026\\\/03\\\/1773494844175EMO.jpg\",\"width\":2000,\"height\":1500},{\"@type\":\"BreadcrumbList\",\"@id\":\"https:\\\/\\\/haberkuzey.com\\\/index.php\\\/2026\\\/03\\\/14\\\/ktmmob-elektrik-muhendisleri-odasi-baskani-ibrahim-aysal-oldu\\\/#breadcrumb\",\"itemListElement\":[{\"@type\":\"ListItem\",\"position\":1,\"name\":\"Anasayfa\",\"item\":\"https:\\\/\\\/haberkuzey.com\\\/\"},{\"@type\":\"ListItem\",\"position\":2,\"name\":\"KTMMOB Elektrik M\u00fchendisleri Odas\u0131 Ba\u015fkan\u0131 \u0130brahim Aysal oldu\"}]},{\"@type\":\"WebSite\",\"@id\":\"https:\\\/\\\/haberkuzey.com\\\/#website\",\"url\":\"https:\\\/\\\/haberkuzey.com\\\/\",\"name\":\"Haber Kuzey\",\"description\":\"Do\u011fru Haberin Adresi\",\"potentialAction\":[{\"@type\":\"SearchAction\",\"target\":{\"@type\":\"EntryPoint\",\"urlTemplate\":\"https:\\\/\\\/haberkuzey.com\\\/?s={search_term_string}\"},\"query-input\":{\"@type\":\"PropertyValueSpecification\",\"valueRequired\":true,\"valueName\":\"search_term_string\"}}],\"inLanguage\":\"tr\"},{\"@type\":\"Person\",\"@id\":\"https:\\\/\\\/haberkuzey.com\\\/#\\\/schema\\\/person\\\/3372109ec735f9333f4fa47ebb9605ca\",\"name\":\"haberkuzey\",\"image\":{\"@type\":\"ImageObject\",\"inLanguage\":\"tr\",\"@id\":\"https:\\\/\\\/secure.gravatar.com\\\/avatar\\\/f5fc875574b1575324358c3b9e6a32b8227aa5b74f3fa22e3cadb63e26fcc39c?s=96&d=mm&r=g\",\"url\":\"https:\\\/\\\/secure.gravatar.com\\\/avatar\\\/f5fc875574b1575324358c3b9e6a32b8227aa5b74f3fa22e3cadb63e26fcc39c?s=96&d=mm&r=g\",\"contentUrl\":\"https:\\\/\\\/secure.gravatar.com\\\/avatar\\\/f5fc875574b1575324358c3b9e6a32b8227aa5b74f3fa22e3cadb63e26fcc39c?s=96&d=mm&r=g\",\"caption\":\"haberkuzey\"},\"sameAs\":[\"https:\\\/\\\/haberkuzey.com\"],\"url\":\"https:\\\/\\\/haberkuzey.com\\\/index.php\\\/author\\\/haberkuzey\\\/\"}]}<\/script>\n<!-- \/ Yoast SEO plugin. -->","yoast_head_json":{"title":"KTMMOB Elektrik M\u00fchendisleri Odas\u0131 Ba\u015fkan\u0131 \u0130brahim Aysal oldu - Haber Kuzey","robots":{"index":"index","follow":"follow","max-snippet":"max-snippet:-1","max-image-preview":"max-image-preview:large","max-video-preview":"max-video-preview:-1"},"canonical":"https:\/\/haberkuzey.com\/index.php\/2026\/03\/14\/ktmmob-elektrik-muhendisleri-odasi-baskani-ibrahim-aysal-oldu\/","og_locale":"tr_TR","og_type":"article","og_title":"KTMMOB Elektrik M\u00fchendisleri Odas\u0131 Ba\u015fkan\u0131 \u0130brahim Aysal oldu - Haber Kuzey","og_description":"K\u0131br\u0131s T\u00fcrk M\u00fchendis ve Mimar Odalar\u0131 Birli\u011fi Elektrik M\u00fchendisleri Odas\u0131\u2019n\u0131n 49. Ola\u011fan Genel Kurulu, bug\u00fcn Sanayi Odas\u0131 Konferans Salonu\u2019nda yap\u0131ld\u0131. Odadan verilen bilgiye g\u00f6re, genel kurula 2. Cumhurba\u015fkan\u0131 Mehmet Ali Talat, Ekonomi ve Enerji Bakan\u0131 Olgun Amcao\u011flu, KTMMOB Ba\u015fkan\u0131 Seran Aysal, Elektrik M\u00fchendisleri Odas\u0131\u2019n\u0131n ge\u00e7mi\u015f d\u00f6nem ba\u015fkanlar\u0131 ile oda \u00fcyeleri kat\u0131ld\u0131. Genel kurulda oda \u00e7al\u0131\u015fmalar\u0131na [&hellip;]","og_url":"https:\/\/haberkuzey.com\/index.php\/2026\/03\/14\/ktmmob-elektrik-muhendisleri-odasi-baskani-ibrahim-aysal-oldu\/","og_site_name":"Haber Kuzey","article_published_time":"2026-03-14T14:09:27+00:00","author":"haberkuzey","twitter_card":"summary_large_image","twitter_misc":{"Yazan:":"haberkuzey","Tahmini okuma s\u00fcresi":"1 dakika"},"schema":{"@context":"https:\/\/schema.org","@graph":[{"@type":"Article","@id":"https:\/\/haberkuzey.com\/index.php\/2026\/03\/14\/ktmmob-elektrik-muhendisleri-odasi-baskani-ibrahim-aysal-oldu\/#article","isPartOf":{"@id":"https:\/\/haberkuzey.com\/index.php\/2026\/03\/14\/ktmmob-elektrik-muhendisleri-odasi-baskani-ibrahim-aysal-oldu\/"},"author":{"name":"haberkuzey","@id":"https:\/\/haberkuzey.com\/#\/schema\/person\/3372109ec735f9333f4fa47ebb9605ca"},"headline":"KTMMOB Elektrik M\u00fchendisleri Odas\u0131 Ba\u015fkan\u0131 \u0130brahim Aysal oldu","datePublished":"2026-03-14T14:09:27+00:00","mainEntityOfPage":{"@id":"https:\/\/haberkuzey.com\/index.php\/2026\/03\/14\/ktmmob-elektrik-muhendisleri-odasi-baskani-ibrahim-aysal-oldu\/"},"wordCount":244,"commentCount":0,"image":{"@id":"https:\/\/haberkuzey.com\/index.php\/2026\/03\/14\/ktmmob-elektrik-muhendisleri-odasi-baskani-ibrahim-aysal-oldu\/#primaryimage"},"thumbnailUrl":"https:\/\/haberkuzey.com\/wp-content\/uploads\/2026\/03\/1773494844175EMO.jpg","articleSection":["K\u0131br\u0131s"],"inLanguage":"tr","potentialAction":[{"@type":"CommentAction","name":"Comment","target":["https:\/\/haberkuzey.com\/index.php\/2026\/03\/14\/ktmmob-elektrik-muhendisleri-odasi-baskani-ibrahim-aysal-oldu\/#respond"]}]},{"@type":"WebPage","@id":"https:\/\/haberkuzey.com\/index.php\/2026\/03\/14\/ktmmob-elektrik-muhendisleri-odasi-baskani-ibrahim-aysal-oldu\/","url":"https:\/\/haberkuzey.com\/index.php\/2026\/03\/14\/ktmmob-elektrik-muhendisleri-odasi-baskani-ibrahim-aysal-oldu\/","name":"KTMMOB Elektrik M\u00fchendisleri Odas\u0131 Ba\u015fkan\u0131 \u0130brahim Aysal oldu - Haber Kuzey","isPartOf":{"@id":"https:\/\/haberkuzey.com\/#website"},"primaryImageOfPage":{"@id":"https:\/\/haberkuzey.com\/index.php\/2026\/03\/14\/ktmmob-elektrik-muhendisleri-odasi-baskani-ibrahim-aysal-oldu\/#primaryimage"},"image":{"@id":"https:\/\/haberkuzey.com\/index.php\/2026\/03\/14\/ktmmob-elektrik-muhendisleri-odasi-baskani-ibrahim-aysal-oldu\/#primaryimage"},"thumbnailUrl":"https:\/\/haberkuzey.com\/wp-content\/uploads\/2026\/03\/1773494844175EMO.jpg","datePublished":"2026-03-14T14:09:27+00:00","author":{"@id":"https:\/\/haberkuzey.com\/#\/schema\/person\/3372109ec735f9333f4fa47ebb9605ca"},"breadcrumb":{"@id":"https:\/\/haberkuzey.com\/index.php\/2026\/03\/14\/ktmmob-elektrik-muhendisleri-odasi-baskani-ibrahim-aysal-oldu\/#breadcrumb"},"inLanguage":"tr","potentialAction":[{"@type":"ReadAction","target":["https:\/\/haberkuzey.com\/index.php\/2026\/03\/14\/ktmmob-elektrik-muhendisleri-odasi-baskani-ibrahim-aysal-oldu\/"]}]},{"@type":"ImageObject","inLanguage":"tr","@id":"https:\/\/haberkuzey.com\/index.php\/2026\/03\/14\/ktmmob-elektrik-muhendisleri-odasi-baskani-ibrahim-aysal-oldu\/#primaryimage","url":"https:\/\/haberkuzey.com\/wp-content\/uploads\/2026\/03\/1773494844175EMO.jpg","contentUrl":"https:\/\/haberkuzey.com\/wp-content\/uploads\/2026\/03\/1773494844175EMO.jpg","width":2000,"height":1500},{"@type":"BreadcrumbList","@id":"https:\/\/haberkuzey.com\/index.php\/2026\/03\/14\/ktmmob-elektrik-muhendisleri-odasi-baskani-ibrahim-aysal-oldu\/#breadcrumb","itemListElement":[{"@type":"ListItem","position":1,"name":"Anasayfa","item":"https:\/\/haberkuzey.com\/"},{"@type":"ListItem","position":2,"name":"KTMMOB Elektrik M\u00fchendisleri Odas\u0131 Ba\u015fkan\u0131 \u0130brahim Aysal oldu"}]},{"@type":"WebSite","@id":"https:\/\/haberkuzey.com\/#website","url":"https:\/\/haberkuzey.com\/","name":"Haber Kuzey","description":"Do\u011fru Haberin Adresi","potentialAction":[{"@type":"SearchAction","target":{"@type":"EntryPoint","urlTemplate":"https:\/\/haberkuzey.com\/?s={search_term_string}"},"query-input":{"@type":"PropertyValueSpecification","valueRequired":true,"valueName":"search_term_string"}}],"inLanguage":"tr"},{"@type":"Person","@id":"https:\/\/haberkuzey.com\/#\/schema\/person\/3372109ec735f9333f4fa47ebb9605ca","name":"haberkuzey","image":{"@type":"ImageObject","inLanguage":"tr","@id":"https:\/\/secure.gravatar.com\/avatar\/f5fc875574b1575324358c3b9e6a32b8227aa5b74f3fa22e3cadb63e26fcc39c?s=96&d=mm&r=g","url":"https:\/\/secure.gravatar.com\/avatar\/f5fc875574b1575324358c3b9e6a32b8227aa5b74f3fa22e3cadb63e26fcc39c?s=96&d=mm&r=g","contentUrl":"https:\/\/secure.gravatar.com\/avatar\/f5fc875574b1575324358c3b9e6a32b8227aa5b74f3fa22e3cadb63e26fcc39c?s=96&d=mm&r=g","caption":"haberkuzey"},"sameAs":["https:\/\/haberkuzey.com"],"url":"https:\/\/haberkuzey.com\/index.php\/author\/haberkuzey\/"}]}},"_links":{"self":[{"href":"https:\/\/haberkuzey.com\/index.php\/wp-json\/wp\/v2\/posts\/35290","targetHints":{"allow":["GET"]}}],"collection":[{"href":"https:\/\/haberkuzey.com\/index.php\/wp-json\/wp\/v2\/posts"}],"about":[{"href":"https:\/\/haberkuzey.com\/index.php\/wp-json\/wp\/v2\/types\/post"}],"author":[{"embeddable":true,"href":"https:\/\/haberkuzey.com\/index.php\/wp-json\/wp\/v2\/users\/1"}],"replies":[{"embeddable":true,"href":"https:\/\/haberkuzey.com\/index.php\/wp-json\/wp\/v2\/comments?post=35290"}],"version-history":[{"count":0,"href":"https:\/\/haberkuzey.com\/index.php\/wp-json\/wp\/v2\/posts\/35290\/revisions"}],"wp:featuredmedia":[{"embeddable":true,"href":"https:\/\/haberkuzey.com\/index.php\/wp-json\/wp\/v2\/media\/35291"}],"wp:attachment":[{"href":"https:\/\/haberkuzey.com\/index.php\/wp-json\/wp\/v2\/media?parent=35290"}],"wp:term":[{"taxonomy":"category","embeddable":true,"href":"https:\/\/haberkuzey.com\/index.php\/wp-json\/wp\/v2\/categories?post=35290"},{"taxonomy":"post_tag","embeddable":true,"href":"https:\/\/haberkuzey.com\/index.php\/wp-json\/wp\/v2\/tags?post=35290"}],"curies":[{"name":"wp","href":"https:\/\/api.w.org\/{rel}","templated":true}]}}