{"id":35288,"date":"2026-03-14T16:03:19","date_gmt":"2026-03-14T14:03:19","guid":{"rendered":"https:\/\/haberkuzey.com\/index.php\/2026\/03\/14\/iranin-uzay-ajansi-merkezini-ve-hava-savunma-sistemi-uretim-fabrikasini-hedef-aldik\/"},"modified":"2026-03-14T16:03:19","modified_gmt":"2026-03-14T14:03:19","slug":"iranin-uzay-ajansi-merkezini-ve-hava-savunma-sistemi-uretim-fabrikasini-hedef-aldik","status":"publish","type":"post","link":"https:\/\/haberkuzey.com\/index.php\/2026\/03\/14\/iranin-uzay-ajansi-merkezini-ve-hava-savunma-sistemi-uretim-fabrikasini-hedef-aldik\/","title":{"rendered":"\u0130ran\u2019\u0131n Uzay Ajans\u0131 merkezini ve Hava Savunma Sistemi \u00fcretim fabrikas\u0131n\u0131 hedef ald\u0131k"},"content":{"rendered":"<p>Ordudan yap\u0131lan a\u00e7\u0131klamada, d\u00fcn \u0130ran&#8217;a y\u00f6nelik d\u00fczenlenen sald\u0131r\u0131lara ili\u015fkin bilgi payla\u015f\u0131ld\u0131.<\/p>\n<p>A\u00e7\u0131klamada, \u0130srail ordusunun Tahran genelinde \u0130ran y\u00f6netimine ait onlarca altyap\u0131 tesisini hedef ald\u0131\u011f\u0131, vurulan hedefler aras\u0131nda \u0130ran&#8217;\u0131n ana uzay ara\u015ft\u0131rma merkezinin (Uzay Ajans\u0131) de bulundu\u011fu ileri s\u00fcr\u00fcld\u00fc.<\/p>\n<p>S\u00f6z konusu merkezde g\u00f6zetleme, istihbarat toplama ve sald\u0131r\u0131 gibi ama\u00e7larla askeri uydular\u0131n geli\u015ftirilmesi de dahil olmak \u00fczere ara\u015ft\u0131rma i\u00e7in kullan\u0131lan stratejik laboratuvarlar\u0131n bulundu\u011fu \u00f6ne s\u00fcr\u00fclen a\u00e7\u0131klamada, ayr\u0131ca hava savunma sistemi \u00fcretim tesislerinin de hedef al\u0131nd\u0131\u011f\u0131 ve bu sald\u0131r\u0131n\u0131n \u0130ran&#8217;\u0131n yeniden hava savunma sistemi kurmas\u0131n\u0131 zorla\u015ft\u0131raca\u011f\u0131 iddia edildi.<\/p>\n<p>\u2060- \u2060ABD-\u0130srail\u2019in \u0130ran\u2019a sald\u0131r\u0131lar\u0131<\/p>\n<p>\u0130srail ve ABD, Tahran ile Washington y\u00f6netimleri aras\u0131nda m\u00fczakereler s\u00fcrerken 28 \u015eubat&#8217;ta \u0130ran&#8217;a askeri sald\u0131r\u0131 ba\u015flatt\u0131.<\/p>\n<p>\u0130ran da \u0130srail&#8217;in yan\u0131 s\u0131ra ABD \u00fcslerinin bulundu\u011fu Katar, Birle\u015fik Arap Emirlikleri (BAE) ve Bahreyn ba\u015fta olmak \u00fczere baz\u0131 b\u00f6lge \u00fclkelerinde belirledi\u011fi hedeflere sald\u0131r\u0131larla kar\u015f\u0131l\u0131k verdi.<\/p>\n<p>ABD-\u0130srail sald\u0131r\u0131lar\u0131nda, \u0130ran lideri Ayetullah Ali Hamaney&#8217;in yan\u0131 s\u0131ra \u00e7ok say\u0131da \u00fcst d\u00fczey yetkili \u00f6ld\u00fc.<\/p>\n<p>\u0130ranl\u0131 yetkililere g\u00f6re, ABD-\u0130srail sald\u0131r\u0131lar\u0131nda \u00f6l\u00fc say\u0131s\u0131 1348&#8217;i, yaral\u0131 say\u0131s\u0131 17 bini a\u015ft\u0131.<\/p>\n<p>\u0130ran&#8217;\u0131n Uzay Ajans\u0131 merkezini ve Hava Savunma Sistemi \u00fcretim fabrikas\u0131n\u0131 hedef ald\u0131k yaz\u0131s\u0131 ilk \u00f6nce K\u0131br\u0131s Hakikat \u00fczerinde ortaya \u00e7\u0131kt\u0131.<\/p>\n","protected":false},"excerpt":{"rendered":"<p>Ordudan yap\u0131lan a\u00e7\u0131klamada, d\u00fcn \u0130ran&#8217;a y\u00f6nelik d\u00fczenlenen sald\u0131r\u0131lara ili\u015fkin bilgi payla\u015f\u0131ld\u0131. A\u00e7\u0131klamada, \u0130srail ordusunun Tahran genelinde \u0130ran y\u00f6netimine ait onlarca altyap\u0131 tesisini hedef ald\u0131\u011f\u0131, vurulan hedefler aras\u0131nda \u0130ran&#8217;\u0131n ana uzay ara\u015ft\u0131rma merkezinin (Uzay Ajans\u0131) de bulundu\u011fu ileri s\u00fcr\u00fcld\u00fc. S\u00f6z konusu merkezde g\u00f6zetleme, istihbarat toplama ve sald\u0131r\u0131 gibi ama\u00e7larla askeri uydular\u0131n geli\u015ftirilmesi de dahil olmak \u00fczere [&hellip;]<\/p>\n","protected":false},"author":1,"featured_media":35289,"comment_status":"open","ping_status":"open","sticky":false,"template":"","format":"standard","meta":{"jnews-multi-image_gallery":[],"jnews_single_post":[],"jnews_primary_category":[],"footnotes":""},"categories":[1],"tags":[],"class_list":["post-35288","post","type-post","status-publish","format-standard","has-post-thumbnail","hentry","category-kibris"],"yoast_head":"<!-- This site is optimized with the Yoast SEO plugin v27.5 - https:\/\/yoast.com\/product\/yoast-seo-wordpress\/ -->\n<title>\u0130ran\u2019\u0131n Uzay Ajans\u0131 merkezini ve Hava Savunma Sistemi \u00fcretim fabrikas\u0131n\u0131 hedef ald\u0131k - Haber Kuzey<\/title>\n<meta name=\"robots\" content=\"index, follow, max-snippet:-1, max-image-preview:large, max-video-preview:-1\" \/>\n<link rel=\"canonical\" href=\"https:\/\/haberkuzey.com\/index.php\/2026\/03\/14\/iranin-uzay-ajansi-merkezini-ve-hava-savunma-sistemi-uretim-fabrikasini-hedef-aldik\/\" \/>\n<meta property=\"og:locale\" content=\"tr_TR\" \/>\n<meta property=\"og:type\" content=\"article\" \/>\n<meta property=\"og:title\" content=\"\u0130ran\u2019\u0131n Uzay Ajans\u0131 merkezini ve Hava Savunma Sistemi \u00fcretim fabrikas\u0131n\u0131 hedef ald\u0131k - Haber Kuzey\" \/>\n<meta property=\"og:description\" content=\"Ordudan yap\u0131lan a\u00e7\u0131klamada, d\u00fcn \u0130ran&#8217;a y\u00f6nelik d\u00fczenlenen sald\u0131r\u0131lara ili\u015fkin bilgi payla\u015f\u0131ld\u0131. A\u00e7\u0131klamada, \u0130srail ordusunun Tahran genelinde \u0130ran y\u00f6netimine ait onlarca altyap\u0131 tesisini hedef ald\u0131\u011f\u0131, vurulan hedefler aras\u0131nda \u0130ran&#8217;\u0131n ana uzay ara\u015ft\u0131rma merkezinin (Uzay Ajans\u0131) de bulundu\u011fu ileri s\u00fcr\u00fcld\u00fc. S\u00f6z konusu merkezde g\u00f6zetleme, istihbarat toplama ve sald\u0131r\u0131 gibi ama\u00e7larla askeri uydular\u0131n geli\u015ftirilmesi de dahil olmak \u00fczere [&hellip;]\" \/>\n<meta property=\"og:url\" content=\"https:\/\/haberkuzey.com\/index.php\/2026\/03\/14\/iranin-uzay-ajansi-merkezini-ve-hava-savunma-sistemi-uretim-fabrikasini-hedef-aldik\/\" \/>\n<meta property=\"og:site_name\" content=\"Haber Kuzey\" \/>\n<meta property=\"article:published_time\" content=\"2026-03-14T14:03:19+00:00\" \/>\n<meta name=\"author\" content=\"haberkuzey\" \/>\n<meta name=\"twitter:card\" content=\"summary_large_image\" \/>\n<meta name=\"twitter:label1\" content=\"Yazan:\" \/>\n\t<meta name=\"twitter:data1\" content=\"haberkuzey\" \/>\n\t<meta name=\"twitter:label2\" content=\"Tahmini okuma s\u00fcresi\" \/>\n\t<meta name=\"twitter:data2\" content=\"1 dakika\" \/>\n<script type=\"application\/ld+json\" class=\"yoast-schema-graph\">{\"@context\":\"https:\\\/\\\/schema.org\",\"@graph\":[{\"@type\":\"Article\",\"@id\":\"https:\\\/\\\/haberkuzey.com\\\/index.php\\\/2026\\\/03\\\/14\\\/iranin-uzay-ajansi-merkezini-ve-hava-savunma-sistemi-uretim-fabrikasini-hedef-aldik\\\/#article\",\"isPartOf\":{\"@id\":\"https:\\\/\\\/haberkuzey.com\\\/index.php\\\/2026\\\/03\\\/14\\\/iranin-uzay-ajansi-merkezini-ve-hava-savunma-sistemi-uretim-fabrikasini-hedef-aldik\\\/\"},\"author\":{\"name\":\"haberkuzey\",\"@id\":\"https:\\\/\\\/haberkuzey.com\\\/#\\\/schema\\\/person\\\/3372109ec735f9333f4fa47ebb9605ca\"},\"headline\":\"\u0130ran\u2019\u0131n Uzay Ajans\u0131 merkezini ve Hava Savunma Sistemi \u00fcretim fabrikas\u0131n\u0131 hedef ald\u0131k\",\"datePublished\":\"2026-03-14T14:03:19+00:00\",\"mainEntityOfPage\":{\"@id\":\"https:\\\/\\\/haberkuzey.com\\\/index.php\\\/2026\\\/03\\\/14\\\/iranin-uzay-ajansi-merkezini-ve-hava-savunma-sistemi-uretim-fabrikasini-hedef-aldik\\\/\"},\"wordCount\":281,\"commentCount\":0,\"image\":{\"@id\":\"https:\\\/\\\/haberkuzey.com\\\/index.php\\\/2026\\\/03\\\/14\\\/iranin-uzay-ajansi-merkezini-ve-hava-savunma-sistemi-uretim-fabrikasini-hedef-aldik\\\/#primaryimage\"},\"thumbnailUrl\":\"https:\\\/\\\/haberkuzey.com\\\/wp-content\\\/uploads\\\/2026\\\/03\\\/1773495192589iran-savasindan-son-dakika-haberl-etmw_cover.webp.webp\",\"articleSection\":[\"K\u0131br\u0131s\"],\"inLanguage\":\"tr\",\"potentialAction\":[{\"@type\":\"CommentAction\",\"name\":\"Comment\",\"target\":[\"https:\\\/\\\/haberkuzey.com\\\/index.php\\\/2026\\\/03\\\/14\\\/iranin-uzay-ajansi-merkezini-ve-hava-savunma-sistemi-uretim-fabrikasini-hedef-aldik\\\/#respond\"]}]},{\"@type\":\"WebPage\",\"@id\":\"https:\\\/\\\/haberkuzey.com\\\/index.php\\\/2026\\\/03\\\/14\\\/iranin-uzay-ajansi-merkezini-ve-hava-savunma-sistemi-uretim-fabrikasini-hedef-aldik\\\/\",\"url\":\"https:\\\/\\\/haberkuzey.com\\\/index.php\\\/2026\\\/03\\\/14\\\/iranin-uzay-ajansi-merkezini-ve-hava-savunma-sistemi-uretim-fabrikasini-hedef-aldik\\\/\",\"name\":\"\u0130ran\u2019\u0131n Uzay Ajans\u0131 merkezini ve Hava Savunma Sistemi \u00fcretim fabrikas\u0131n\u0131 hedef ald\u0131k - Haber Kuzey\",\"isPartOf\":{\"@id\":\"https:\\\/\\\/haberkuzey.com\\\/#website\"},\"primaryImageOfPage\":{\"@id\":\"https:\\\/\\\/haberkuzey.com\\\/index.php\\\/2026\\\/03\\\/14\\\/iranin-uzay-ajansi-merkezini-ve-hava-savunma-sistemi-uretim-fabrikasini-hedef-aldik\\\/#primaryimage\"},\"image\":{\"@id\":\"https:\\\/\\\/haberkuzey.com\\\/index.php\\\/2026\\\/03\\\/14\\\/iranin-uzay-ajansi-merkezini-ve-hava-savunma-sistemi-uretim-fabrikasini-hedef-aldik\\\/#primaryimage\"},\"thumbnailUrl\":\"https:\\\/\\\/haberkuzey.com\\\/wp-content\\\/uploads\\\/2026\\\/03\\\/1773495192589iran-savasindan-son-dakika-haberl-etmw_cover.webp.webp\",\"datePublished\":\"2026-03-14T14:03:19+00:00\",\"author\":{\"@id\":\"https:\\\/\\\/haberkuzey.com\\\/#\\\/schema\\\/person\\\/3372109ec735f9333f4fa47ebb9605ca\"},\"breadcrumb\":{\"@id\":\"https:\\\/\\\/haberkuzey.com\\\/index.php\\\/2026\\\/03\\\/14\\\/iranin-uzay-ajansi-merkezini-ve-hava-savunma-sistemi-uretim-fabrikasini-hedef-aldik\\\/#breadcrumb\"},\"inLanguage\":\"tr\",\"potentialAction\":[{\"@type\":\"ReadAction\",\"target\":[\"https:\\\/\\\/haberkuzey.com\\\/index.php\\\/2026\\\/03\\\/14\\\/iranin-uzay-ajansi-merkezini-ve-hava-savunma-sistemi-uretim-fabrikasini-hedef-aldik\\\/\"]}]},{\"@type\":\"ImageObject\",\"inLanguage\":\"tr\",\"@id\":\"https:\\\/\\\/haberkuzey.com\\\/index.php\\\/2026\\\/03\\\/14\\\/iranin-uzay-ajansi-merkezini-ve-hava-savunma-sistemi-uretim-fabrikasini-hedef-aldik\\\/#primaryimage\",\"url\":\"https:\\\/\\\/haberkuzey.com\\\/wp-content\\\/uploads\\\/2026\\\/03\\\/1773495192589iran-savasindan-son-dakika-haberl-etmw_cover.webp.webp\",\"contentUrl\":\"https:\\\/\\\/haberkuzey.com\\\/wp-content\\\/uploads\\\/2026\\\/03\\\/1773495192589iran-savasindan-son-dakika-haberl-etmw_cover.webp.webp\",\"width\":1280,\"height\":720},{\"@type\":\"BreadcrumbList\",\"@id\":\"https:\\\/\\\/haberkuzey.com\\\/index.php\\\/2026\\\/03\\\/14\\\/iranin-uzay-ajansi-merkezini-ve-hava-savunma-sistemi-uretim-fabrikasini-hedef-aldik\\\/#breadcrumb\",\"itemListElement\":[{\"@type\":\"ListItem\",\"position\":1,\"name\":\"Anasayfa\",\"item\":\"https:\\\/\\\/haberkuzey.com\\\/\"},{\"@type\":\"ListItem\",\"position\":2,\"name\":\"\u0130ran\u2019\u0131n Uzay Ajans\u0131 merkezini ve Hava Savunma Sistemi \u00fcretim fabrikas\u0131n\u0131 hedef ald\u0131k\"}]},{\"@type\":\"WebSite\",\"@id\":\"https:\\\/\\\/haberkuzey.com\\\/#website\",\"url\":\"https:\\\/\\\/haberkuzey.com\\\/\",\"name\":\"Haber Kuzey\",\"description\":\"Do\u011fru Haberin Adresi\",\"potentialAction\":[{\"@type\":\"SearchAction\",\"target\":{\"@type\":\"EntryPoint\",\"urlTemplate\":\"https:\\\/\\\/haberkuzey.com\\\/?s={search_term_string}\"},\"query-input\":{\"@type\":\"PropertyValueSpecification\",\"valueRequired\":true,\"valueName\":\"search_term_string\"}}],\"inLanguage\":\"tr\"},{\"@type\":\"Person\",\"@id\":\"https:\\\/\\\/haberkuzey.com\\\/#\\\/schema\\\/person\\\/3372109ec735f9333f4fa47ebb9605ca\",\"name\":\"haberkuzey\",\"image\":{\"@type\":\"ImageObject\",\"inLanguage\":\"tr\",\"@id\":\"https:\\\/\\\/secure.gravatar.com\\\/avatar\\\/f5fc875574b1575324358c3b9e6a32b8227aa5b74f3fa22e3cadb63e26fcc39c?s=96&d=mm&r=g\",\"url\":\"https:\\\/\\\/secure.gravatar.com\\\/avatar\\\/f5fc875574b1575324358c3b9e6a32b8227aa5b74f3fa22e3cadb63e26fcc39c?s=96&d=mm&r=g\",\"contentUrl\":\"https:\\\/\\\/secure.gravatar.com\\\/avatar\\\/f5fc875574b1575324358c3b9e6a32b8227aa5b74f3fa22e3cadb63e26fcc39c?s=96&d=mm&r=g\",\"caption\":\"haberkuzey\"},\"sameAs\":[\"https:\\\/\\\/haberkuzey.com\"],\"url\":\"https:\\\/\\\/haberkuzey.com\\\/index.php\\\/author\\\/haberkuzey\\\/\"}]}<\/script>\n<!-- \/ Yoast SEO plugin. -->","yoast_head_json":{"title":"\u0130ran\u2019\u0131n Uzay Ajans\u0131 merkezini ve Hava Savunma Sistemi \u00fcretim fabrikas\u0131n\u0131 hedef ald\u0131k - Haber Kuzey","robots":{"index":"index","follow":"follow","max-snippet":"max-snippet:-1","max-image-preview":"max-image-preview:large","max-video-preview":"max-video-preview:-1"},"canonical":"https:\/\/haberkuzey.com\/index.php\/2026\/03\/14\/iranin-uzay-ajansi-merkezini-ve-hava-savunma-sistemi-uretim-fabrikasini-hedef-aldik\/","og_locale":"tr_TR","og_type":"article","og_title":"\u0130ran\u2019\u0131n Uzay Ajans\u0131 merkezini ve Hava Savunma Sistemi \u00fcretim fabrikas\u0131n\u0131 hedef ald\u0131k - Haber Kuzey","og_description":"Ordudan yap\u0131lan a\u00e7\u0131klamada, d\u00fcn \u0130ran&#8217;a y\u00f6nelik d\u00fczenlenen sald\u0131r\u0131lara ili\u015fkin bilgi payla\u015f\u0131ld\u0131. A\u00e7\u0131klamada, \u0130srail ordusunun Tahran genelinde \u0130ran y\u00f6netimine ait onlarca altyap\u0131 tesisini hedef ald\u0131\u011f\u0131, vurulan hedefler aras\u0131nda \u0130ran&#8217;\u0131n ana uzay ara\u015ft\u0131rma merkezinin (Uzay Ajans\u0131) de bulundu\u011fu ileri s\u00fcr\u00fcld\u00fc. S\u00f6z konusu merkezde g\u00f6zetleme, istihbarat toplama ve sald\u0131r\u0131 gibi ama\u00e7larla askeri uydular\u0131n geli\u015ftirilmesi de dahil olmak \u00fczere [&hellip;]","og_url":"https:\/\/haberkuzey.com\/index.php\/2026\/03\/14\/iranin-uzay-ajansi-merkezini-ve-hava-savunma-sistemi-uretim-fabrikasini-hedef-aldik\/","og_site_name":"Haber Kuzey","article_published_time":"2026-03-14T14:03:19+00:00","author":"haberkuzey","twitter_card":"summary_large_image","twitter_misc":{"Yazan:":"haberkuzey","Tahmini okuma s\u00fcresi":"1 dakika"},"schema":{"@context":"https:\/\/schema.org","@graph":[{"@type":"Article","@id":"https:\/\/haberkuzey.com\/index.php\/2026\/03\/14\/iranin-uzay-ajansi-merkezini-ve-hava-savunma-sistemi-uretim-fabrikasini-hedef-aldik\/#article","isPartOf":{"@id":"https:\/\/haberkuzey.com\/index.php\/2026\/03\/14\/iranin-uzay-ajansi-merkezini-ve-hava-savunma-sistemi-uretim-fabrikasini-hedef-aldik\/"},"author":{"name":"haberkuzey","@id":"https:\/\/haberkuzey.com\/#\/schema\/person\/3372109ec735f9333f4fa47ebb9605ca"},"headline":"\u0130ran\u2019\u0131n Uzay Ajans\u0131 merkezini ve Hava Savunma Sistemi \u00fcretim fabrikas\u0131n\u0131 hedef ald\u0131k","datePublished":"2026-03-14T14:03:19+00:00","mainEntityOfPage":{"@id":"https:\/\/haberkuzey.com\/index.php\/2026\/03\/14\/iranin-uzay-ajansi-merkezini-ve-hava-savunma-sistemi-uretim-fabrikasini-hedef-aldik\/"},"wordCount":281,"commentCount":0,"image":{"@id":"https:\/\/haberkuzey.com\/index.php\/2026\/03\/14\/iranin-uzay-ajansi-merkezini-ve-hava-savunma-sistemi-uretim-fabrikasini-hedef-aldik\/#primaryimage"},"thumbnailUrl":"https:\/\/haberkuzey.com\/wp-content\/uploads\/2026\/03\/1773495192589iran-savasindan-son-dakika-haberl-etmw_cover.webp.webp","articleSection":["K\u0131br\u0131s"],"inLanguage":"tr","potentialAction":[{"@type":"CommentAction","name":"Comment","target":["https:\/\/haberkuzey.com\/index.php\/2026\/03\/14\/iranin-uzay-ajansi-merkezini-ve-hava-savunma-sistemi-uretim-fabrikasini-hedef-aldik\/#respond"]}]},{"@type":"WebPage","@id":"https:\/\/haberkuzey.com\/index.php\/2026\/03\/14\/iranin-uzay-ajansi-merkezini-ve-hava-savunma-sistemi-uretim-fabrikasini-hedef-aldik\/","url":"https:\/\/haberkuzey.com\/index.php\/2026\/03\/14\/iranin-uzay-ajansi-merkezini-ve-hava-savunma-sistemi-uretim-fabrikasini-hedef-aldik\/","name":"\u0130ran\u2019\u0131n Uzay Ajans\u0131 merkezini ve Hava Savunma Sistemi \u00fcretim fabrikas\u0131n\u0131 hedef ald\u0131k - Haber Kuzey","isPartOf":{"@id":"https:\/\/haberkuzey.com\/#website"},"primaryImageOfPage":{"@id":"https:\/\/haberkuzey.com\/index.php\/2026\/03\/14\/iranin-uzay-ajansi-merkezini-ve-hava-savunma-sistemi-uretim-fabrikasini-hedef-aldik\/#primaryimage"},"image":{"@id":"https:\/\/haberkuzey.com\/index.php\/2026\/03\/14\/iranin-uzay-ajansi-merkezini-ve-hava-savunma-sistemi-uretim-fabrikasini-hedef-aldik\/#primaryimage"},"thumbnailUrl":"https:\/\/haberkuzey.com\/wp-content\/uploads\/2026\/03\/1773495192589iran-savasindan-son-dakika-haberl-etmw_cover.webp.webp","datePublished":"2026-03-14T14:03:19+00:00","author":{"@id":"https:\/\/haberkuzey.com\/#\/schema\/person\/3372109ec735f9333f4fa47ebb9605ca"},"breadcrumb":{"@id":"https:\/\/haberkuzey.com\/index.php\/2026\/03\/14\/iranin-uzay-ajansi-merkezini-ve-hava-savunma-sistemi-uretim-fabrikasini-hedef-aldik\/#breadcrumb"},"inLanguage":"tr","potentialAction":[{"@type":"ReadAction","target":["https:\/\/haberkuzey.com\/index.php\/2026\/03\/14\/iranin-uzay-ajansi-merkezini-ve-hava-savunma-sistemi-uretim-fabrikasini-hedef-aldik\/"]}]},{"@type":"ImageObject","inLanguage":"tr","@id":"https:\/\/haberkuzey.com\/index.php\/2026\/03\/14\/iranin-uzay-ajansi-merkezini-ve-hava-savunma-sistemi-uretim-fabrikasini-hedef-aldik\/#primaryimage","url":"https:\/\/haberkuzey.com\/wp-content\/uploads\/2026\/03\/1773495192589iran-savasindan-son-dakika-haberl-etmw_cover.webp.webp","contentUrl":"https:\/\/haberkuzey.com\/wp-content\/uploads\/2026\/03\/1773495192589iran-savasindan-son-dakika-haberl-etmw_cover.webp.webp","width":1280,"height":720},{"@type":"BreadcrumbList","@id":"https:\/\/haberkuzey.com\/index.php\/2026\/03\/14\/iranin-uzay-ajansi-merkezini-ve-hava-savunma-sistemi-uretim-fabrikasini-hedef-aldik\/#breadcrumb","itemListElement":[{"@type":"ListItem","position":1,"name":"Anasayfa","item":"https:\/\/haberkuzey.com\/"},{"@type":"ListItem","position":2,"name":"\u0130ran\u2019\u0131n Uzay Ajans\u0131 merkezini ve Hava Savunma Sistemi \u00fcretim fabrikas\u0131n\u0131 hedef ald\u0131k"}]},{"@type":"WebSite","@id":"https:\/\/haberkuzey.com\/#website","url":"https:\/\/haberkuzey.com\/","name":"Haber Kuzey","description":"Do\u011fru Haberin Adresi","potentialAction":[{"@type":"SearchAction","target":{"@type":"EntryPoint","urlTemplate":"https:\/\/haberkuzey.com\/?s={search_term_string}"},"query-input":{"@type":"PropertyValueSpecification","valueRequired":true,"valueName":"search_term_string"}}],"inLanguage":"tr"},{"@type":"Person","@id":"https:\/\/haberkuzey.com\/#\/schema\/person\/3372109ec735f9333f4fa47ebb9605ca","name":"haberkuzey","image":{"@type":"ImageObject","inLanguage":"tr","@id":"https:\/\/secure.gravatar.com\/avatar\/f5fc875574b1575324358c3b9e6a32b8227aa5b74f3fa22e3cadb63e26fcc39c?s=96&d=mm&r=g","url":"https:\/\/secure.gravatar.com\/avatar\/f5fc875574b1575324358c3b9e6a32b8227aa5b74f3fa22e3cadb63e26fcc39c?s=96&d=mm&r=g","contentUrl":"https:\/\/secure.gravatar.com\/avatar\/f5fc875574b1575324358c3b9e6a32b8227aa5b74f3fa22e3cadb63e26fcc39c?s=96&d=mm&r=g","caption":"haberkuzey"},"sameAs":["https:\/\/haberkuzey.com"],"url":"https:\/\/haberkuzey.com\/index.php\/author\/haberkuzey\/"}]}},"_links":{"self":[{"href":"https:\/\/haberkuzey.com\/index.php\/wp-json\/wp\/v2\/posts\/35288","targetHints":{"allow":["GET"]}}],"collection":[{"href":"https:\/\/haberkuzey.com\/index.php\/wp-json\/wp\/v2\/posts"}],"about":[{"href":"https:\/\/haberkuzey.com\/index.php\/wp-json\/wp\/v2\/types\/post"}],"author":[{"embeddable":true,"href":"https:\/\/haberkuzey.com\/index.php\/wp-json\/wp\/v2\/users\/1"}],"replies":[{"embeddable":true,"href":"https:\/\/haberkuzey.com\/index.php\/wp-json\/wp\/v2\/comments?post=35288"}],"version-history":[{"count":0,"href":"https:\/\/haberkuzey.com\/index.php\/wp-json\/wp\/v2\/posts\/35288\/revisions"}],"wp:featuredmedia":[{"embeddable":true,"href":"https:\/\/haberkuzey.com\/index.php\/wp-json\/wp\/v2\/media\/35289"}],"wp:attachment":[{"href":"https:\/\/haberkuzey.com\/index.php\/wp-json\/wp\/v2\/media?parent=35288"}],"wp:term":[{"taxonomy":"category","embeddable":true,"href":"https:\/\/haberkuzey.com\/index.php\/wp-json\/wp\/v2\/categories?post=35288"},{"taxonomy":"post_tag","embeddable":true,"href":"https:\/\/haberkuzey.com\/index.php\/wp-json\/wp\/v2\/tags?post=35288"}],"curies":[{"name":"wp","href":"https:\/\/api.w.org\/{rel}","templated":true}]}}