{"id":35284,"date":"2026-03-14T15:33:20","date_gmt":"2026-03-14T13:33:20","guid":{"rendered":"https:\/\/haberkuzey.com\/index.php\/2026\/03\/14\/emperyalist-savas-ortaminda-enternasyonal-dayanismayi-buyutmek-temel-hedefimiz\/"},"modified":"2026-03-14T15:33:20","modified_gmt":"2026-03-14T13:33:20","slug":"emperyalist-savas-ortaminda-enternasyonal-dayanismayi-buyutmek-temel-hedefimiz","status":"publish","type":"post","link":"https:\/\/haberkuzey.com\/index.php\/2026\/03\/14\/emperyalist-savas-ortaminda-enternasyonal-dayanismayi-buyutmek-temel-hedefimiz\/","title":{"rendered":"Emperyalist sava\u015f ortam\u0131nda enternasyonal dayan\u0131\u015fmay\u0131 b\u00fcy\u00fctmek temel hedefimiz"},"content":{"rendered":"<p style=\"font-weight: 300\"><span style=\"font-weight: 300 !important\">Ba\u011f\u0131ms\u0131zl\u0131k Yolu Bas\u0131n B\u00fcrosundan verilen bilgiye g\u00f6re, Kanal T\u2019de Ahmet Kaptan\u2019\u0131n program\u0131na kat\u0131lan Nazl\u0131, genel sekreterlik g\u00f6revini kolektif m\u00fccadelenin bir par\u00e7as\u0131 olarak g\u00f6rd\u00fc\u011f\u00fcn\u00fc ve bu g\u00f6revi devralman\u0131n kendisi ve m\u00fccadeleyi temsil etmesi a\u00e7\u0131s\u0131ndan onur oldu\u011funu ifade etti.<\/span><\/p>\n<p style=\"font-weight: 300\"><span style=\"font-weight: 300 !important\">Nazl\u0131, partinin son genel kurulunda oy birli\u011fiyle al\u0131nan karar do\u011frultusunda, K\u0131br\u0131sl\u0131 sosyalistlerin b\u00f6lgesel geli\u015fmeler kar\u015f\u0131s\u0131nda dayan\u0131\u015fmay\u0131 art\u0131rmay\u0131 ama\u00e7lad\u0131\u011f\u0131n\u0131 belirtti.<\/span><\/p>\n<p style=\"font-weight: 300\"><span style=\"font-weight: 300 !important\">\u0130ngiliz \u00fcslerinin varl\u0131\u011f\u0131n\u0131n aday\u0131 &#8220;istemedi\u011fi sava\u015flar\u0131n par\u00e7as\u0131 haline getirdi\u011fini&#8221; s\u00f6yleyen Nazl\u0131, bu nedenle partisinin \u00fcslerin kald\u0131r\u0131lmas\u0131 talebinin g\u00fcncelli\u011fini korudu\u011funu kaydetti.<\/span><\/p>\n<p style=\"font-weight: 300\"><span style=\"font-weight: 300 !important\">Nazl\u0131, ayr\u0131ca Ektam i\u015f\u00e7ilerinin sendikal \u00f6rg\u00fctlenme m\u00fccadelesine de\u011finerek, mahkemenin verdi\u011fi ara emri karar\u0131n\u0131n t\u00fcm \u00f6zel sekt\u00f6r \u00e7al\u0131\u015fanlar\u0131n\u0131n sendikala\u015fma hakk\u0131 a\u00e7\u0131s\u0131ndan \u00f6nem ta\u015f\u0131d\u0131\u011f\u0131n\u0131 vurgulad\u0131.<\/span><\/p>\n<p style=\"font-weight: 300\"><span style=\"font-weight: 300 !important\">Nazl\u0131, Ba\u011f\u0131ms\u0131zl\u0131k Yolu\u2019nun 10 ve \u00fczeri \u00e7al\u0131\u015fana sahip i\u015f yerlerinde \u201csendikas\u0131z \u00e7al\u0131\u015ft\u0131rman\u0131n yasaklanmas\u0131\u201d y\u00f6n\u00fcndeki yasa \u00f6nerisinin yan\u0131 s\u0131ra, \u201casgari \u00fccretin kamu maa\u015flar\u0131na endekslenmesi\u201d talebini de hat\u0131rlatt\u0131.<\/span><\/p>\n<p style=\"font-weight: 300\"><span style=\"font-weight: 300 !important\">\u0130fade \u00f6zg\u00fcrl\u00fc\u011f\u00fcn\u00fc s\u0131n\u0131rlayan \u201czem ve kadih\u201d su\u00e7unun ceza yasas\u0131ndan \u00e7\u0131kar\u0131lmas\u0131 gerekti\u011fini de dile getiren Nazl\u0131, Cumhurba\u015fkan\u0131\u2019n\u0131n Anayasa Mahkemesine ta\u015f\u0131d\u0131\u011f\u0131 fiber optik protokol\u00fcn\u00fcn i\u00e7eri\u011fine ve stratejik \u00f6neme sahip ileti\u015fim altyap\u0131s\u0131n\u0131n yabanc\u0131 bir \u015firkete devredilmesine kar\u015f\u0131 olduklar\u0131n\u0131 da belirtti.<\/span><\/p>\n<p style=\"font-weight: 300\"><span style=\"font-weight: 300 !important\">T\u00fcrk Telekom\u2019a tan\u0131nan ayr\u0131cal\u0131klar\u0131n kamu maliyesine zarar verece\u011fini de savunan Nazl\u0131, veri g\u00fcvenli\u011fi risklerine dikkat \u00e7ekerek Tel-Sen\u2019in y\u00fcr\u00fctt\u00fc\u011f\u00fc m\u00fccadelenin desteklendi\u011fini ifade etti.<\/span><\/p>\n<p>Emperyalist sava\u015f ortam\u0131nda enternasyonal dayan\u0131\u015fmay\u0131 b\u00fcy\u00fctmek temel hedefimiz yaz\u0131s\u0131 ilk \u00f6nce K\u0131br\u0131s Hakikat \u00fczerinde ortaya \u00e7\u0131kt\u0131.<\/p>\n","protected":false},"excerpt":{"rendered":"<p>Ba\u011f\u0131ms\u0131zl\u0131k Yolu Bas\u0131n B\u00fcrosundan verilen bilgiye g\u00f6re, Kanal T\u2019de Ahmet Kaptan\u2019\u0131n program\u0131na kat\u0131lan Nazl\u0131, genel sekreterlik g\u00f6revini kolektif m\u00fccadelenin bir par\u00e7as\u0131 olarak g\u00f6rd\u00fc\u011f\u00fcn\u00fc ve bu g\u00f6revi devralman\u0131n kendisi ve m\u00fccadeleyi temsil etmesi a\u00e7\u0131s\u0131ndan onur oldu\u011funu ifade etti. Nazl\u0131, partinin son genel kurulunda oy birli\u011fiyle al\u0131nan karar do\u011frultusunda, K\u0131br\u0131sl\u0131 sosyalistlerin b\u00f6lgesel geli\u015fmeler kar\u015f\u0131s\u0131nda dayan\u0131\u015fmay\u0131 art\u0131rmay\u0131 ama\u00e7lad\u0131\u011f\u0131n\u0131 [&hellip;]<\/p>\n","protected":false},"author":1,"featured_media":35285,"comment_status":"open","ping_status":"open","sticky":false,"template":"","format":"standard","meta":{"jnews-multi-image_gallery":[],"jnews_single_post":[],"jnews_primary_category":[],"footnotes":""},"categories":[1],"tags":[],"class_list":["post-35284","post","type-post","status-publish","format-standard","has-post-thumbnail","hentry","category-kibris"],"yoast_head":"<!-- This site is optimized with the Yoast SEO plugin v27.5 - https:\/\/yoast.com\/product\/yoast-seo-wordpress\/ -->\n<title>Emperyalist sava\u015f ortam\u0131nda enternasyonal dayan\u0131\u015fmay\u0131 b\u00fcy\u00fctmek temel hedefimiz - Haber Kuzey<\/title>\n<meta name=\"robots\" content=\"index, follow, max-snippet:-1, max-image-preview:large, max-video-preview:-1\" \/>\n<link rel=\"canonical\" href=\"https:\/\/haberkuzey.com\/index.php\/2026\/03\/14\/emperyalist-savas-ortaminda-enternasyonal-dayanismayi-buyutmek-temel-hedefimiz\/\" \/>\n<meta property=\"og:locale\" content=\"tr_TR\" \/>\n<meta property=\"og:type\" content=\"article\" \/>\n<meta property=\"og:title\" content=\"Emperyalist sava\u015f ortam\u0131nda enternasyonal dayan\u0131\u015fmay\u0131 b\u00fcy\u00fctmek temel hedefimiz - Haber Kuzey\" \/>\n<meta property=\"og:description\" content=\"Ba\u011f\u0131ms\u0131zl\u0131k Yolu Bas\u0131n B\u00fcrosundan verilen bilgiye g\u00f6re, Kanal T\u2019de Ahmet Kaptan\u2019\u0131n program\u0131na kat\u0131lan Nazl\u0131, genel sekreterlik g\u00f6revini kolektif m\u00fccadelenin bir par\u00e7as\u0131 olarak g\u00f6rd\u00fc\u011f\u00fcn\u00fc ve bu g\u00f6revi devralman\u0131n kendisi ve m\u00fccadeleyi temsil etmesi a\u00e7\u0131s\u0131ndan onur oldu\u011funu ifade etti. Nazl\u0131, partinin son genel kurulunda oy birli\u011fiyle al\u0131nan karar do\u011frultusunda, K\u0131br\u0131sl\u0131 sosyalistlerin b\u00f6lgesel geli\u015fmeler kar\u015f\u0131s\u0131nda dayan\u0131\u015fmay\u0131 art\u0131rmay\u0131 ama\u00e7lad\u0131\u011f\u0131n\u0131 [&hellip;]\" \/>\n<meta property=\"og:url\" content=\"https:\/\/haberkuzey.com\/index.php\/2026\/03\/14\/emperyalist-savas-ortaminda-enternasyonal-dayanismayi-buyutmek-temel-hedefimiz\/\" \/>\n<meta property=\"og:site_name\" content=\"Haber Kuzey\" \/>\n<meta property=\"article:published_time\" content=\"2026-03-14T13:33:20+00:00\" \/>\n<meta name=\"author\" content=\"haberkuzey\" \/>\n<meta name=\"twitter:card\" content=\"summary_large_image\" \/>\n<meta name=\"twitter:label1\" content=\"Yazan:\" \/>\n\t<meta name=\"twitter:data1\" content=\"haberkuzey\" \/>\n\t<meta name=\"twitter:label2\" content=\"Tahmini okuma s\u00fcresi\" \/>\n\t<meta name=\"twitter:data2\" content=\"2 dakika\" \/>\n<script type=\"application\/ld+json\" class=\"yoast-schema-graph\">{\"@context\":\"https:\\\/\\\/schema.org\",\"@graph\":[{\"@type\":\"Article\",\"@id\":\"https:\\\/\\\/haberkuzey.com\\\/index.php\\\/2026\\\/03\\\/14\\\/emperyalist-savas-ortaminda-enternasyonal-dayanismayi-buyutmek-temel-hedefimiz\\\/#article\",\"isPartOf\":{\"@id\":\"https:\\\/\\\/haberkuzey.com\\\/index.php\\\/2026\\\/03\\\/14\\\/emperyalist-savas-ortaminda-enternasyonal-dayanismayi-buyutmek-temel-hedefimiz\\\/\"},\"author\":{\"name\":\"haberkuzey\",\"@id\":\"https:\\\/\\\/haberkuzey.com\\\/#\\\/schema\\\/person\\\/3372109ec735f9333f4fa47ebb9605ca\"},\"headline\":\"Emperyalist sava\u015f ortam\u0131nda enternasyonal dayan\u0131\u015fmay\u0131 b\u00fcy\u00fctmek temel hedefimiz\",\"datePublished\":\"2026-03-14T13:33:20+00:00\",\"mainEntityOfPage\":{\"@id\":\"https:\\\/\\\/haberkuzey.com\\\/index.php\\\/2026\\\/03\\\/14\\\/emperyalist-savas-ortaminda-enternasyonal-dayanismayi-buyutmek-temel-hedefimiz\\\/\"},\"wordCount\":333,\"commentCount\":0,\"image\":{\"@id\":\"https:\\\/\\\/haberkuzey.com\\\/index.php\\\/2026\\\/03\\\/14\\\/emperyalist-savas-ortaminda-enternasyonal-dayanismayi-buyutmek-temel-hedefimiz\\\/#primaryimage\"},\"thumbnailUrl\":\"https:\\\/\\\/haberkuzey.com\\\/wp-content\\\/uploads\\\/2026\\\/03\\\/1773491509900v2cansuuu_1666559039.webp.webp\",\"articleSection\":[\"K\u0131br\u0131s\"],\"inLanguage\":\"tr\",\"potentialAction\":[{\"@type\":\"CommentAction\",\"name\":\"Comment\",\"target\":[\"https:\\\/\\\/haberkuzey.com\\\/index.php\\\/2026\\\/03\\\/14\\\/emperyalist-savas-ortaminda-enternasyonal-dayanismayi-buyutmek-temel-hedefimiz\\\/#respond\"]}]},{\"@type\":\"WebPage\",\"@id\":\"https:\\\/\\\/haberkuzey.com\\\/index.php\\\/2026\\\/03\\\/14\\\/emperyalist-savas-ortaminda-enternasyonal-dayanismayi-buyutmek-temel-hedefimiz\\\/\",\"url\":\"https:\\\/\\\/haberkuzey.com\\\/index.php\\\/2026\\\/03\\\/14\\\/emperyalist-savas-ortaminda-enternasyonal-dayanismayi-buyutmek-temel-hedefimiz\\\/\",\"name\":\"Emperyalist sava\u015f ortam\u0131nda enternasyonal dayan\u0131\u015fmay\u0131 b\u00fcy\u00fctmek temel hedefimiz - Haber Kuzey\",\"isPartOf\":{\"@id\":\"https:\\\/\\\/haberkuzey.com\\\/#website\"},\"primaryImageOfPage\":{\"@id\":\"https:\\\/\\\/haberkuzey.com\\\/index.php\\\/2026\\\/03\\\/14\\\/emperyalist-savas-ortaminda-enternasyonal-dayanismayi-buyutmek-temel-hedefimiz\\\/#primaryimage\"},\"image\":{\"@id\":\"https:\\\/\\\/haberkuzey.com\\\/index.php\\\/2026\\\/03\\\/14\\\/emperyalist-savas-ortaminda-enternasyonal-dayanismayi-buyutmek-temel-hedefimiz\\\/#primaryimage\"},\"thumbnailUrl\":\"https:\\\/\\\/haberkuzey.com\\\/wp-content\\\/uploads\\\/2026\\\/03\\\/1773491509900v2cansuuu_1666559039.webp.webp\",\"datePublished\":\"2026-03-14T13:33:20+00:00\",\"author\":{\"@id\":\"https:\\\/\\\/haberkuzey.com\\\/#\\\/schema\\\/person\\\/3372109ec735f9333f4fa47ebb9605ca\"},\"breadcrumb\":{\"@id\":\"https:\\\/\\\/haberkuzey.com\\\/index.php\\\/2026\\\/03\\\/14\\\/emperyalist-savas-ortaminda-enternasyonal-dayanismayi-buyutmek-temel-hedefimiz\\\/#breadcrumb\"},\"inLanguage\":\"tr\",\"potentialAction\":[{\"@type\":\"ReadAction\",\"target\":[\"https:\\\/\\\/haberkuzey.com\\\/index.php\\\/2026\\\/03\\\/14\\\/emperyalist-savas-ortaminda-enternasyonal-dayanismayi-buyutmek-temel-hedefimiz\\\/\"]}]},{\"@type\":\"ImageObject\",\"inLanguage\":\"tr\",\"@id\":\"https:\\\/\\\/haberkuzey.com\\\/index.php\\\/2026\\\/03\\\/14\\\/emperyalist-savas-ortaminda-enternasyonal-dayanismayi-buyutmek-temel-hedefimiz\\\/#primaryimage\",\"url\":\"https:\\\/\\\/haberkuzey.com\\\/wp-content\\\/uploads\\\/2026\\\/03\\\/1773491509900v2cansuuu_1666559039.webp.webp\",\"contentUrl\":\"https:\\\/\\\/haberkuzey.com\\\/wp-content\\\/uploads\\\/2026\\\/03\\\/1773491509900v2cansuuu_1666559039.webp.webp\",\"width\":971,\"height\":551},{\"@type\":\"BreadcrumbList\",\"@id\":\"https:\\\/\\\/haberkuzey.com\\\/index.php\\\/2026\\\/03\\\/14\\\/emperyalist-savas-ortaminda-enternasyonal-dayanismayi-buyutmek-temel-hedefimiz\\\/#breadcrumb\",\"itemListElement\":[{\"@type\":\"ListItem\",\"position\":1,\"name\":\"Anasayfa\",\"item\":\"https:\\\/\\\/haberkuzey.com\\\/\"},{\"@type\":\"ListItem\",\"position\":2,\"name\":\"Emperyalist sava\u015f ortam\u0131nda enternasyonal dayan\u0131\u015fmay\u0131 b\u00fcy\u00fctmek temel hedefimiz\"}]},{\"@type\":\"WebSite\",\"@id\":\"https:\\\/\\\/haberkuzey.com\\\/#website\",\"url\":\"https:\\\/\\\/haberkuzey.com\\\/\",\"name\":\"Haber Kuzey\",\"description\":\"Do\u011fru Haberin Adresi\",\"potentialAction\":[{\"@type\":\"SearchAction\",\"target\":{\"@type\":\"EntryPoint\",\"urlTemplate\":\"https:\\\/\\\/haberkuzey.com\\\/?s={search_term_string}\"},\"query-input\":{\"@type\":\"PropertyValueSpecification\",\"valueRequired\":true,\"valueName\":\"search_term_string\"}}],\"inLanguage\":\"tr\"},{\"@type\":\"Person\",\"@id\":\"https:\\\/\\\/haberkuzey.com\\\/#\\\/schema\\\/person\\\/3372109ec735f9333f4fa47ebb9605ca\",\"name\":\"haberkuzey\",\"image\":{\"@type\":\"ImageObject\",\"inLanguage\":\"tr\",\"@id\":\"https:\\\/\\\/secure.gravatar.com\\\/avatar\\\/f5fc875574b1575324358c3b9e6a32b8227aa5b74f3fa22e3cadb63e26fcc39c?s=96&d=mm&r=g\",\"url\":\"https:\\\/\\\/secure.gravatar.com\\\/avatar\\\/f5fc875574b1575324358c3b9e6a32b8227aa5b74f3fa22e3cadb63e26fcc39c?s=96&d=mm&r=g\",\"contentUrl\":\"https:\\\/\\\/secure.gravatar.com\\\/avatar\\\/f5fc875574b1575324358c3b9e6a32b8227aa5b74f3fa22e3cadb63e26fcc39c?s=96&d=mm&r=g\",\"caption\":\"haberkuzey\"},\"sameAs\":[\"https:\\\/\\\/haberkuzey.com\"],\"url\":\"https:\\\/\\\/haberkuzey.com\\\/index.php\\\/author\\\/haberkuzey\\\/\"}]}<\/script>\n<!-- \/ Yoast SEO plugin. -->","yoast_head_json":{"title":"Emperyalist sava\u015f ortam\u0131nda enternasyonal dayan\u0131\u015fmay\u0131 b\u00fcy\u00fctmek temel hedefimiz - Haber Kuzey","robots":{"index":"index","follow":"follow","max-snippet":"max-snippet:-1","max-image-preview":"max-image-preview:large","max-video-preview":"max-video-preview:-1"},"canonical":"https:\/\/haberkuzey.com\/index.php\/2026\/03\/14\/emperyalist-savas-ortaminda-enternasyonal-dayanismayi-buyutmek-temel-hedefimiz\/","og_locale":"tr_TR","og_type":"article","og_title":"Emperyalist sava\u015f ortam\u0131nda enternasyonal dayan\u0131\u015fmay\u0131 b\u00fcy\u00fctmek temel hedefimiz - Haber Kuzey","og_description":"Ba\u011f\u0131ms\u0131zl\u0131k Yolu Bas\u0131n B\u00fcrosundan verilen bilgiye g\u00f6re, Kanal T\u2019de Ahmet Kaptan\u2019\u0131n program\u0131na kat\u0131lan Nazl\u0131, genel sekreterlik g\u00f6revini kolektif m\u00fccadelenin bir par\u00e7as\u0131 olarak g\u00f6rd\u00fc\u011f\u00fcn\u00fc ve bu g\u00f6revi devralman\u0131n kendisi ve m\u00fccadeleyi temsil etmesi a\u00e7\u0131s\u0131ndan onur oldu\u011funu ifade etti. Nazl\u0131, partinin son genel kurulunda oy birli\u011fiyle al\u0131nan karar do\u011frultusunda, K\u0131br\u0131sl\u0131 sosyalistlerin b\u00f6lgesel geli\u015fmeler kar\u015f\u0131s\u0131nda dayan\u0131\u015fmay\u0131 art\u0131rmay\u0131 ama\u00e7lad\u0131\u011f\u0131n\u0131 [&hellip;]","og_url":"https:\/\/haberkuzey.com\/index.php\/2026\/03\/14\/emperyalist-savas-ortaminda-enternasyonal-dayanismayi-buyutmek-temel-hedefimiz\/","og_site_name":"Haber Kuzey","article_published_time":"2026-03-14T13:33:20+00:00","author":"haberkuzey","twitter_card":"summary_large_image","twitter_misc":{"Yazan:":"haberkuzey","Tahmini okuma s\u00fcresi":"2 dakika"},"schema":{"@context":"https:\/\/schema.org","@graph":[{"@type":"Article","@id":"https:\/\/haberkuzey.com\/index.php\/2026\/03\/14\/emperyalist-savas-ortaminda-enternasyonal-dayanismayi-buyutmek-temel-hedefimiz\/#article","isPartOf":{"@id":"https:\/\/haberkuzey.com\/index.php\/2026\/03\/14\/emperyalist-savas-ortaminda-enternasyonal-dayanismayi-buyutmek-temel-hedefimiz\/"},"author":{"name":"haberkuzey","@id":"https:\/\/haberkuzey.com\/#\/schema\/person\/3372109ec735f9333f4fa47ebb9605ca"},"headline":"Emperyalist sava\u015f ortam\u0131nda enternasyonal dayan\u0131\u015fmay\u0131 b\u00fcy\u00fctmek temel hedefimiz","datePublished":"2026-03-14T13:33:20+00:00","mainEntityOfPage":{"@id":"https:\/\/haberkuzey.com\/index.php\/2026\/03\/14\/emperyalist-savas-ortaminda-enternasyonal-dayanismayi-buyutmek-temel-hedefimiz\/"},"wordCount":333,"commentCount":0,"image":{"@id":"https:\/\/haberkuzey.com\/index.php\/2026\/03\/14\/emperyalist-savas-ortaminda-enternasyonal-dayanismayi-buyutmek-temel-hedefimiz\/#primaryimage"},"thumbnailUrl":"https:\/\/haberkuzey.com\/wp-content\/uploads\/2026\/03\/1773491509900v2cansuuu_1666559039.webp.webp","articleSection":["K\u0131br\u0131s"],"inLanguage":"tr","potentialAction":[{"@type":"CommentAction","name":"Comment","target":["https:\/\/haberkuzey.com\/index.php\/2026\/03\/14\/emperyalist-savas-ortaminda-enternasyonal-dayanismayi-buyutmek-temel-hedefimiz\/#respond"]}]},{"@type":"WebPage","@id":"https:\/\/haberkuzey.com\/index.php\/2026\/03\/14\/emperyalist-savas-ortaminda-enternasyonal-dayanismayi-buyutmek-temel-hedefimiz\/","url":"https:\/\/haberkuzey.com\/index.php\/2026\/03\/14\/emperyalist-savas-ortaminda-enternasyonal-dayanismayi-buyutmek-temel-hedefimiz\/","name":"Emperyalist sava\u015f ortam\u0131nda enternasyonal dayan\u0131\u015fmay\u0131 b\u00fcy\u00fctmek temel hedefimiz - Haber Kuzey","isPartOf":{"@id":"https:\/\/haberkuzey.com\/#website"},"primaryImageOfPage":{"@id":"https:\/\/haberkuzey.com\/index.php\/2026\/03\/14\/emperyalist-savas-ortaminda-enternasyonal-dayanismayi-buyutmek-temel-hedefimiz\/#primaryimage"},"image":{"@id":"https:\/\/haberkuzey.com\/index.php\/2026\/03\/14\/emperyalist-savas-ortaminda-enternasyonal-dayanismayi-buyutmek-temel-hedefimiz\/#primaryimage"},"thumbnailUrl":"https:\/\/haberkuzey.com\/wp-content\/uploads\/2026\/03\/1773491509900v2cansuuu_1666559039.webp.webp","datePublished":"2026-03-14T13:33:20+00:00","author":{"@id":"https:\/\/haberkuzey.com\/#\/schema\/person\/3372109ec735f9333f4fa47ebb9605ca"},"breadcrumb":{"@id":"https:\/\/haberkuzey.com\/index.php\/2026\/03\/14\/emperyalist-savas-ortaminda-enternasyonal-dayanismayi-buyutmek-temel-hedefimiz\/#breadcrumb"},"inLanguage":"tr","potentialAction":[{"@type":"ReadAction","target":["https:\/\/haberkuzey.com\/index.php\/2026\/03\/14\/emperyalist-savas-ortaminda-enternasyonal-dayanismayi-buyutmek-temel-hedefimiz\/"]}]},{"@type":"ImageObject","inLanguage":"tr","@id":"https:\/\/haberkuzey.com\/index.php\/2026\/03\/14\/emperyalist-savas-ortaminda-enternasyonal-dayanismayi-buyutmek-temel-hedefimiz\/#primaryimage","url":"https:\/\/haberkuzey.com\/wp-content\/uploads\/2026\/03\/1773491509900v2cansuuu_1666559039.webp.webp","contentUrl":"https:\/\/haberkuzey.com\/wp-content\/uploads\/2026\/03\/1773491509900v2cansuuu_1666559039.webp.webp","width":971,"height":551},{"@type":"BreadcrumbList","@id":"https:\/\/haberkuzey.com\/index.php\/2026\/03\/14\/emperyalist-savas-ortaminda-enternasyonal-dayanismayi-buyutmek-temel-hedefimiz\/#breadcrumb","itemListElement":[{"@type":"ListItem","position":1,"name":"Anasayfa","item":"https:\/\/haberkuzey.com\/"},{"@type":"ListItem","position":2,"name":"Emperyalist sava\u015f ortam\u0131nda enternasyonal dayan\u0131\u015fmay\u0131 b\u00fcy\u00fctmek temel hedefimiz"}]},{"@type":"WebSite","@id":"https:\/\/haberkuzey.com\/#website","url":"https:\/\/haberkuzey.com\/","name":"Haber Kuzey","description":"Do\u011fru Haberin Adresi","potentialAction":[{"@type":"SearchAction","target":{"@type":"EntryPoint","urlTemplate":"https:\/\/haberkuzey.com\/?s={search_term_string}"},"query-input":{"@type":"PropertyValueSpecification","valueRequired":true,"valueName":"search_term_string"}}],"inLanguage":"tr"},{"@type":"Person","@id":"https:\/\/haberkuzey.com\/#\/schema\/person\/3372109ec735f9333f4fa47ebb9605ca","name":"haberkuzey","image":{"@type":"ImageObject","inLanguage":"tr","@id":"https:\/\/secure.gravatar.com\/avatar\/f5fc875574b1575324358c3b9e6a32b8227aa5b74f3fa22e3cadb63e26fcc39c?s=96&d=mm&r=g","url":"https:\/\/secure.gravatar.com\/avatar\/f5fc875574b1575324358c3b9e6a32b8227aa5b74f3fa22e3cadb63e26fcc39c?s=96&d=mm&r=g","contentUrl":"https:\/\/secure.gravatar.com\/avatar\/f5fc875574b1575324358c3b9e6a32b8227aa5b74f3fa22e3cadb63e26fcc39c?s=96&d=mm&r=g","caption":"haberkuzey"},"sameAs":["https:\/\/haberkuzey.com"],"url":"https:\/\/haberkuzey.com\/index.php\/author\/haberkuzey\/"}]}},"_links":{"self":[{"href":"https:\/\/haberkuzey.com\/index.php\/wp-json\/wp\/v2\/posts\/35284","targetHints":{"allow":["GET"]}}],"collection":[{"href":"https:\/\/haberkuzey.com\/index.php\/wp-json\/wp\/v2\/posts"}],"about":[{"href":"https:\/\/haberkuzey.com\/index.php\/wp-json\/wp\/v2\/types\/post"}],"author":[{"embeddable":true,"href":"https:\/\/haberkuzey.com\/index.php\/wp-json\/wp\/v2\/users\/1"}],"replies":[{"embeddable":true,"href":"https:\/\/haberkuzey.com\/index.php\/wp-json\/wp\/v2\/comments?post=35284"}],"version-history":[{"count":0,"href":"https:\/\/haberkuzey.com\/index.php\/wp-json\/wp\/v2\/posts\/35284\/revisions"}],"wp:featuredmedia":[{"embeddable":true,"href":"https:\/\/haberkuzey.com\/index.php\/wp-json\/wp\/v2\/media\/35285"}],"wp:attachment":[{"href":"https:\/\/haberkuzey.com\/index.php\/wp-json\/wp\/v2\/media?parent=35284"}],"wp:term":[{"taxonomy":"category","embeddable":true,"href":"https:\/\/haberkuzey.com\/index.php\/wp-json\/wp\/v2\/categories?post=35284"},{"taxonomy":"post_tag","embeddable":true,"href":"https:\/\/haberkuzey.com\/index.php\/wp-json\/wp\/v2\/tags?post=35284"}],"curies":[{"name":"wp","href":"https:\/\/api.w.org\/{rel}","templated":true}]}}