{"id":35280,"date":"2026-03-14T14:01:24","date_gmt":"2026-03-14T12:01:24","guid":{"rendered":"https:\/\/haberkuzey.com\/index.php\/2026\/03\/14\/dr-ayten-berkalpin-yasadiklariyla-kibris-turk-milli-mucadelesi-konferansi-yapildi\/"},"modified":"2026-03-14T14:01:24","modified_gmt":"2026-03-14T12:01:24","slug":"dr-ayten-berkalpin-yasadiklariyla-kibris-turk-milli-mucadelesi-konferansi-yapildi","status":"publish","type":"post","link":"https:\/\/haberkuzey.com\/index.php\/2026\/03\/14\/dr-ayten-berkalpin-yasadiklariyla-kibris-turk-milli-mucadelesi-konferansi-yapildi\/","title":{"rendered":"\u201cDr. Ayten Berkalp\u2019in Ya\u015fad\u0131klar\u0131yla K\u0131br\u0131s T\u00fcrk Mill\u00ee M\u00fccadelesi\u201d konferans\u0131 yap\u0131ld\u0131"},"content":{"rendered":"<p style=\"font-weight: 300 !important\"><span style=\"font-weight: 300 !important\">Ba\u015fkent \u00dcniversitesi K\u0131br\u0131s T\u00fcrk Tarihi Ara\u015ft\u0131rmalar Merkezi, Ba\u015fkent \u00dcniversitesi T\u0131p Fak\u00fcltesi ile K\u0131br\u0131s T\u00fcrk K\u00fclt\u00fcr Derne\u011fi Genel Merkezi\u00a0i\u015f birli\u011finde d\u00fczenlenen \u201cDr. Ayten Berkalp\u2019in Ya\u015fad\u0131klar\u0131yla K\u0131br\u0131s T\u00fcrk Mill\u00ee M\u00fccadelesi\u201d konulu konferans, Ba\u015fkent \u00dcniversitesi Ba\u011fl\u0131ca Kamp\u00fcs\u00fc Prof. Dr. \u0130hsan Do\u011framac\u0131 Konferans Salonu\u2019nda ger\u00e7ekle\u015ftirildi.<\/span><span style=\"font-weight: 300 !important\">K\u0131br\u0131s T\u00fcrk K\u00fclt\u00fcr Derne\u011finden verilen bilgiye g\u00f6re, konferansta K\u0131br\u0131s T\u00fcrk halk\u0131n\u0131n mill\u00ee m\u00fccadelesine ili\u015fkin de\u011ferlendirmeler payla\u015f\u0131l\u0131rken, Dernek Ba\u015fkan\u0131 Tolga \u00dcnsald\u0131 da konu\u015fmac\u0131lar aras\u0131nda yer ald\u0131.<br \/>\nKonferans\u0131n ard\u0131ndan Dr. Ayten Berkalp, K\u0131br\u0131s T\u00fcrk K\u00fclt\u00fcr Derne\u011fi\u2019ni ziyaret etti. Ziyaret kapsam\u0131nda Berkalp onuruna dernek lokalinde bir ak\u015fam yeme\u011fi d\u00fczenlendi.<br \/>\nProgram kapsam\u0131nda Dernek Ba\u015fkan\u0131 Tolga \u00dcnsald\u0131 taraf\u0131ndan, K\u0131br\u0131s T\u00fcrk tarihine ve mill\u00ee m\u00fccadeleye sundu\u011fu de\u011ferli katk\u0131lar dolay\u0131s\u0131yla Berkalp\u2019e g\u00fcn\u00fcn an\u0131s\u0131na plaket takdim edilerek, programa kat\u0131l\u0131m sa\u011flayan t\u00fcm konuklara ve dernek \u00fcyelerine te\u015fekk\u00fcr edildi.<\/span><\/p>\n<p>\u201cDr. Ayten Berkalp\u2019in Ya\u015fad\u0131klar\u0131yla K\u0131br\u0131s T\u00fcrk Mill\u00ee M\u00fccadelesi\u201d konferans\u0131 yap\u0131ld\u0131 yaz\u0131s\u0131 ilk \u00f6nce K\u0131br\u0131s Hakikat \u00fczerinde ortaya \u00e7\u0131kt\u0131.<\/p>\n","protected":false},"excerpt":{"rendered":"<p>Ba\u015fkent \u00dcniversitesi K\u0131br\u0131s T\u00fcrk Tarihi Ara\u015ft\u0131rmalar Merkezi, Ba\u015fkent \u00dcniversitesi T\u0131p Fak\u00fcltesi ile K\u0131br\u0131s T\u00fcrk K\u00fclt\u00fcr Derne\u011fi Genel Merkezi\u00a0i\u015f birli\u011finde d\u00fczenlenen \u201cDr. Ayten Berkalp\u2019in Ya\u015fad\u0131klar\u0131yla K\u0131br\u0131s T\u00fcrk Mill\u00ee M\u00fccadelesi\u201d konulu konferans, Ba\u015fkent \u00dcniversitesi Ba\u011fl\u0131ca Kamp\u00fcs\u00fc Prof. Dr. \u0130hsan Do\u011framac\u0131 Konferans Salonu\u2019nda ger\u00e7ekle\u015ftirildi.K\u0131br\u0131s T\u00fcrk K\u00fclt\u00fcr Derne\u011finden verilen bilgiye g\u00f6re, konferansta K\u0131br\u0131s T\u00fcrk halk\u0131n\u0131n mill\u00ee m\u00fccadelesine ili\u015fkin de\u011ferlendirmeler [&hellip;]<\/p>\n","protected":false},"author":1,"featured_media":35281,"comment_status":"open","ping_status":"open","sticky":false,"template":"","format":"standard","meta":{"jnews-multi-image_gallery":[],"jnews_single_post":[],"jnews_primary_category":[],"footnotes":""},"categories":[1],"tags":[],"class_list":["post-35280","post","type-post","status-publish","format-standard","has-post-thumbnail","hentry","category-kibris"],"yoast_head":"<!-- This site is optimized with the Yoast SEO plugin v27.5 - https:\/\/yoast.com\/product\/yoast-seo-wordpress\/ -->\n<title>\u201cDr. Ayten Berkalp\u2019in Ya\u015fad\u0131klar\u0131yla K\u0131br\u0131s T\u00fcrk Mill\u00ee M\u00fccadelesi\u201d konferans\u0131 yap\u0131ld\u0131 - Haber Kuzey<\/title>\n<meta name=\"robots\" content=\"index, follow, max-snippet:-1, max-image-preview:large, max-video-preview:-1\" \/>\n<link rel=\"canonical\" href=\"https:\/\/haberkuzey.com\/index.php\/2026\/03\/14\/dr-ayten-berkalpin-yasadiklariyla-kibris-turk-milli-mucadelesi-konferansi-yapildi\/\" \/>\n<meta property=\"og:locale\" content=\"tr_TR\" \/>\n<meta property=\"og:type\" content=\"article\" \/>\n<meta property=\"og:title\" content=\"\u201cDr. Ayten Berkalp\u2019in Ya\u015fad\u0131klar\u0131yla K\u0131br\u0131s T\u00fcrk Mill\u00ee M\u00fccadelesi\u201d konferans\u0131 yap\u0131ld\u0131 - Haber Kuzey\" \/>\n<meta property=\"og:description\" content=\"Ba\u015fkent \u00dcniversitesi K\u0131br\u0131s T\u00fcrk Tarihi Ara\u015ft\u0131rmalar Merkezi, Ba\u015fkent \u00dcniversitesi T\u0131p Fak\u00fcltesi ile K\u0131br\u0131s T\u00fcrk K\u00fclt\u00fcr Derne\u011fi Genel Merkezi\u00a0i\u015f birli\u011finde d\u00fczenlenen \u201cDr. Ayten Berkalp\u2019in Ya\u015fad\u0131klar\u0131yla K\u0131br\u0131s T\u00fcrk Mill\u00ee M\u00fccadelesi\u201d konulu konferans, Ba\u015fkent \u00dcniversitesi Ba\u011fl\u0131ca Kamp\u00fcs\u00fc Prof. Dr. \u0130hsan Do\u011framac\u0131 Konferans Salonu\u2019nda ger\u00e7ekle\u015ftirildi.K\u0131br\u0131s T\u00fcrk K\u00fclt\u00fcr Derne\u011finden verilen bilgiye g\u00f6re, konferansta K\u0131br\u0131s T\u00fcrk halk\u0131n\u0131n mill\u00ee m\u00fccadelesine ili\u015fkin de\u011ferlendirmeler [&hellip;]\" \/>\n<meta property=\"og:url\" content=\"https:\/\/haberkuzey.com\/index.php\/2026\/03\/14\/dr-ayten-berkalpin-yasadiklariyla-kibris-turk-milli-mucadelesi-konferansi-yapildi\/\" \/>\n<meta property=\"og:site_name\" content=\"Haber Kuzey\" \/>\n<meta property=\"article:published_time\" content=\"2026-03-14T12:01:24+00:00\" \/>\n<meta name=\"author\" content=\"haberkuzey\" \/>\n<meta name=\"twitter:card\" content=\"summary_large_image\" \/>\n<meta name=\"twitter:label1\" content=\"Yazan:\" \/>\n\t<meta name=\"twitter:data1\" content=\"haberkuzey\" \/>\n\t<meta name=\"twitter:label2\" content=\"Tahmini okuma s\u00fcresi\" \/>\n\t<meta name=\"twitter:data2\" content=\"1 dakika\" \/>\n<script type=\"application\/ld+json\" class=\"yoast-schema-graph\">{\"@context\":\"https:\\\/\\\/schema.org\",\"@graph\":[{\"@type\":\"Article\",\"@id\":\"https:\\\/\\\/haberkuzey.com\\\/index.php\\\/2026\\\/03\\\/14\\\/dr-ayten-berkalpin-yasadiklariyla-kibris-turk-milli-mucadelesi-konferansi-yapildi\\\/#article\",\"isPartOf\":{\"@id\":\"https:\\\/\\\/haberkuzey.com\\\/index.php\\\/2026\\\/03\\\/14\\\/dr-ayten-berkalpin-yasadiklariyla-kibris-turk-milli-mucadelesi-konferansi-yapildi\\\/\"},\"author\":{\"name\":\"haberkuzey\",\"@id\":\"https:\\\/\\\/haberkuzey.com\\\/#\\\/schema\\\/person\\\/3372109ec735f9333f4fa47ebb9605ca\"},\"headline\":\"\u201cDr. Ayten Berkalp\u2019in Ya\u015fad\u0131klar\u0131yla K\u0131br\u0131s T\u00fcrk Mill\u00ee M\u00fccadelesi\u201d konferans\u0131 yap\u0131ld\u0131\",\"datePublished\":\"2026-03-14T12:01:24+00:00\",\"mainEntityOfPage\":{\"@id\":\"https:\\\/\\\/haberkuzey.com\\\/index.php\\\/2026\\\/03\\\/14\\\/dr-ayten-berkalpin-yasadiklariyla-kibris-turk-milli-mucadelesi-konferansi-yapildi\\\/\"},\"wordCount\":260,\"commentCount\":0,\"image\":{\"@id\":\"https:\\\/\\\/haberkuzey.com\\\/index.php\\\/2026\\\/03\\\/14\\\/dr-ayten-berkalpin-yasadiklariyla-kibris-turk-milli-mucadelesi-konferansi-yapildi\\\/#primaryimage\"},\"thumbnailUrl\":\"https:\\\/\\\/haberkuzey.com\\\/wp-content\\\/uploads\\\/2026\\\/03\\\/1773484492572ayten-berkalp-3-1-scaled.jpeg\",\"articleSection\":[\"K\u0131br\u0131s\"],\"inLanguage\":\"tr\",\"potentialAction\":[{\"@type\":\"CommentAction\",\"name\":\"Comment\",\"target\":[\"https:\\\/\\\/haberkuzey.com\\\/index.php\\\/2026\\\/03\\\/14\\\/dr-ayten-berkalpin-yasadiklariyla-kibris-turk-milli-mucadelesi-konferansi-yapildi\\\/#respond\"]}]},{\"@type\":\"WebPage\",\"@id\":\"https:\\\/\\\/haberkuzey.com\\\/index.php\\\/2026\\\/03\\\/14\\\/dr-ayten-berkalpin-yasadiklariyla-kibris-turk-milli-mucadelesi-konferansi-yapildi\\\/\",\"url\":\"https:\\\/\\\/haberkuzey.com\\\/index.php\\\/2026\\\/03\\\/14\\\/dr-ayten-berkalpin-yasadiklariyla-kibris-turk-milli-mucadelesi-konferansi-yapildi\\\/\",\"name\":\"\u201cDr. Ayten Berkalp\u2019in Ya\u015fad\u0131klar\u0131yla K\u0131br\u0131s T\u00fcrk Mill\u00ee M\u00fccadelesi\u201d konferans\u0131 yap\u0131ld\u0131 - Haber Kuzey\",\"isPartOf\":{\"@id\":\"https:\\\/\\\/haberkuzey.com\\\/#website\"},\"primaryImageOfPage\":{\"@id\":\"https:\\\/\\\/haberkuzey.com\\\/index.php\\\/2026\\\/03\\\/14\\\/dr-ayten-berkalpin-yasadiklariyla-kibris-turk-milli-mucadelesi-konferansi-yapildi\\\/#primaryimage\"},\"image\":{\"@id\":\"https:\\\/\\\/haberkuzey.com\\\/index.php\\\/2026\\\/03\\\/14\\\/dr-ayten-berkalpin-yasadiklariyla-kibris-turk-milli-mucadelesi-konferansi-yapildi\\\/#primaryimage\"},\"thumbnailUrl\":\"https:\\\/\\\/haberkuzey.com\\\/wp-content\\\/uploads\\\/2026\\\/03\\\/1773484492572ayten-berkalp-3-1-scaled.jpeg\",\"datePublished\":\"2026-03-14T12:01:24+00:00\",\"author\":{\"@id\":\"https:\\\/\\\/haberkuzey.com\\\/#\\\/schema\\\/person\\\/3372109ec735f9333f4fa47ebb9605ca\"},\"breadcrumb\":{\"@id\":\"https:\\\/\\\/haberkuzey.com\\\/index.php\\\/2026\\\/03\\\/14\\\/dr-ayten-berkalpin-yasadiklariyla-kibris-turk-milli-mucadelesi-konferansi-yapildi\\\/#breadcrumb\"},\"inLanguage\":\"tr\",\"potentialAction\":[{\"@type\":\"ReadAction\",\"target\":[\"https:\\\/\\\/haberkuzey.com\\\/index.php\\\/2026\\\/03\\\/14\\\/dr-ayten-berkalpin-yasadiklariyla-kibris-turk-milli-mucadelesi-konferansi-yapildi\\\/\"]}]},{\"@type\":\"ImageObject\",\"inLanguage\":\"tr\",\"@id\":\"https:\\\/\\\/haberkuzey.com\\\/index.php\\\/2026\\\/03\\\/14\\\/dr-ayten-berkalpin-yasadiklariyla-kibris-turk-milli-mucadelesi-konferansi-yapildi\\\/#primaryimage\",\"url\":\"https:\\\/\\\/haberkuzey.com\\\/wp-content\\\/uploads\\\/2026\\\/03\\\/1773484492572ayten-berkalp-3-1-scaled.jpeg\",\"contentUrl\":\"https:\\\/\\\/haberkuzey.com\\\/wp-content\\\/uploads\\\/2026\\\/03\\\/1773484492572ayten-berkalp-3-1-scaled.jpeg\",\"width\":2560,\"height\":1920},{\"@type\":\"BreadcrumbList\",\"@id\":\"https:\\\/\\\/haberkuzey.com\\\/index.php\\\/2026\\\/03\\\/14\\\/dr-ayten-berkalpin-yasadiklariyla-kibris-turk-milli-mucadelesi-konferansi-yapildi\\\/#breadcrumb\",\"itemListElement\":[{\"@type\":\"ListItem\",\"position\":1,\"name\":\"Anasayfa\",\"item\":\"https:\\\/\\\/haberkuzey.com\\\/\"},{\"@type\":\"ListItem\",\"position\":2,\"name\":\"\u201cDr. Ayten Berkalp\u2019in Ya\u015fad\u0131klar\u0131yla K\u0131br\u0131s T\u00fcrk Mill\u00ee M\u00fccadelesi\u201d konferans\u0131 yap\u0131ld\u0131\"}]},{\"@type\":\"WebSite\",\"@id\":\"https:\\\/\\\/haberkuzey.com\\\/#website\",\"url\":\"https:\\\/\\\/haberkuzey.com\\\/\",\"name\":\"Haber Kuzey\",\"description\":\"Do\u011fru Haberin Adresi\",\"potentialAction\":[{\"@type\":\"SearchAction\",\"target\":{\"@type\":\"EntryPoint\",\"urlTemplate\":\"https:\\\/\\\/haberkuzey.com\\\/?s={search_term_string}\"},\"query-input\":{\"@type\":\"PropertyValueSpecification\",\"valueRequired\":true,\"valueName\":\"search_term_string\"}}],\"inLanguage\":\"tr\"},{\"@type\":\"Person\",\"@id\":\"https:\\\/\\\/haberkuzey.com\\\/#\\\/schema\\\/person\\\/3372109ec735f9333f4fa47ebb9605ca\",\"name\":\"haberkuzey\",\"image\":{\"@type\":\"ImageObject\",\"inLanguage\":\"tr\",\"@id\":\"https:\\\/\\\/secure.gravatar.com\\\/avatar\\\/f5fc875574b1575324358c3b9e6a32b8227aa5b74f3fa22e3cadb63e26fcc39c?s=96&d=mm&r=g\",\"url\":\"https:\\\/\\\/secure.gravatar.com\\\/avatar\\\/f5fc875574b1575324358c3b9e6a32b8227aa5b74f3fa22e3cadb63e26fcc39c?s=96&d=mm&r=g\",\"contentUrl\":\"https:\\\/\\\/secure.gravatar.com\\\/avatar\\\/f5fc875574b1575324358c3b9e6a32b8227aa5b74f3fa22e3cadb63e26fcc39c?s=96&d=mm&r=g\",\"caption\":\"haberkuzey\"},\"sameAs\":[\"https:\\\/\\\/haberkuzey.com\"],\"url\":\"https:\\\/\\\/haberkuzey.com\\\/index.php\\\/author\\\/haberkuzey\\\/\"}]}<\/script>\n<!-- \/ Yoast SEO plugin. -->","yoast_head_json":{"title":"\u201cDr. Ayten Berkalp\u2019in Ya\u015fad\u0131klar\u0131yla K\u0131br\u0131s T\u00fcrk Mill\u00ee M\u00fccadelesi\u201d konferans\u0131 yap\u0131ld\u0131 - Haber Kuzey","robots":{"index":"index","follow":"follow","max-snippet":"max-snippet:-1","max-image-preview":"max-image-preview:large","max-video-preview":"max-video-preview:-1"},"canonical":"https:\/\/haberkuzey.com\/index.php\/2026\/03\/14\/dr-ayten-berkalpin-yasadiklariyla-kibris-turk-milli-mucadelesi-konferansi-yapildi\/","og_locale":"tr_TR","og_type":"article","og_title":"\u201cDr. Ayten Berkalp\u2019in Ya\u015fad\u0131klar\u0131yla K\u0131br\u0131s T\u00fcrk Mill\u00ee M\u00fccadelesi\u201d konferans\u0131 yap\u0131ld\u0131 - Haber Kuzey","og_description":"Ba\u015fkent \u00dcniversitesi K\u0131br\u0131s T\u00fcrk Tarihi Ara\u015ft\u0131rmalar Merkezi, Ba\u015fkent \u00dcniversitesi T\u0131p Fak\u00fcltesi ile K\u0131br\u0131s T\u00fcrk K\u00fclt\u00fcr Derne\u011fi Genel Merkezi\u00a0i\u015f birli\u011finde d\u00fczenlenen \u201cDr. Ayten Berkalp\u2019in Ya\u015fad\u0131klar\u0131yla K\u0131br\u0131s T\u00fcrk Mill\u00ee M\u00fccadelesi\u201d konulu konferans, Ba\u015fkent \u00dcniversitesi Ba\u011fl\u0131ca Kamp\u00fcs\u00fc Prof. Dr. \u0130hsan Do\u011framac\u0131 Konferans Salonu\u2019nda ger\u00e7ekle\u015ftirildi.K\u0131br\u0131s T\u00fcrk K\u00fclt\u00fcr Derne\u011finden verilen bilgiye g\u00f6re, konferansta K\u0131br\u0131s T\u00fcrk halk\u0131n\u0131n mill\u00ee m\u00fccadelesine ili\u015fkin de\u011ferlendirmeler [&hellip;]","og_url":"https:\/\/haberkuzey.com\/index.php\/2026\/03\/14\/dr-ayten-berkalpin-yasadiklariyla-kibris-turk-milli-mucadelesi-konferansi-yapildi\/","og_site_name":"Haber Kuzey","article_published_time":"2026-03-14T12:01:24+00:00","author":"haberkuzey","twitter_card":"summary_large_image","twitter_misc":{"Yazan:":"haberkuzey","Tahmini okuma s\u00fcresi":"1 dakika"},"schema":{"@context":"https:\/\/schema.org","@graph":[{"@type":"Article","@id":"https:\/\/haberkuzey.com\/index.php\/2026\/03\/14\/dr-ayten-berkalpin-yasadiklariyla-kibris-turk-milli-mucadelesi-konferansi-yapildi\/#article","isPartOf":{"@id":"https:\/\/haberkuzey.com\/index.php\/2026\/03\/14\/dr-ayten-berkalpin-yasadiklariyla-kibris-turk-milli-mucadelesi-konferansi-yapildi\/"},"author":{"name":"haberkuzey","@id":"https:\/\/haberkuzey.com\/#\/schema\/person\/3372109ec735f9333f4fa47ebb9605ca"},"headline":"\u201cDr. Ayten Berkalp\u2019in Ya\u015fad\u0131klar\u0131yla K\u0131br\u0131s T\u00fcrk Mill\u00ee M\u00fccadelesi\u201d konferans\u0131 yap\u0131ld\u0131","datePublished":"2026-03-14T12:01:24+00:00","mainEntityOfPage":{"@id":"https:\/\/haberkuzey.com\/index.php\/2026\/03\/14\/dr-ayten-berkalpin-yasadiklariyla-kibris-turk-milli-mucadelesi-konferansi-yapildi\/"},"wordCount":260,"commentCount":0,"image":{"@id":"https:\/\/haberkuzey.com\/index.php\/2026\/03\/14\/dr-ayten-berkalpin-yasadiklariyla-kibris-turk-milli-mucadelesi-konferansi-yapildi\/#primaryimage"},"thumbnailUrl":"https:\/\/haberkuzey.com\/wp-content\/uploads\/2026\/03\/1773484492572ayten-berkalp-3-1-scaled.jpeg","articleSection":["K\u0131br\u0131s"],"inLanguage":"tr","potentialAction":[{"@type":"CommentAction","name":"Comment","target":["https:\/\/haberkuzey.com\/index.php\/2026\/03\/14\/dr-ayten-berkalpin-yasadiklariyla-kibris-turk-milli-mucadelesi-konferansi-yapildi\/#respond"]}]},{"@type":"WebPage","@id":"https:\/\/haberkuzey.com\/index.php\/2026\/03\/14\/dr-ayten-berkalpin-yasadiklariyla-kibris-turk-milli-mucadelesi-konferansi-yapildi\/","url":"https:\/\/haberkuzey.com\/index.php\/2026\/03\/14\/dr-ayten-berkalpin-yasadiklariyla-kibris-turk-milli-mucadelesi-konferansi-yapildi\/","name":"\u201cDr. Ayten Berkalp\u2019in Ya\u015fad\u0131klar\u0131yla K\u0131br\u0131s T\u00fcrk Mill\u00ee M\u00fccadelesi\u201d konferans\u0131 yap\u0131ld\u0131 - Haber Kuzey","isPartOf":{"@id":"https:\/\/haberkuzey.com\/#website"},"primaryImageOfPage":{"@id":"https:\/\/haberkuzey.com\/index.php\/2026\/03\/14\/dr-ayten-berkalpin-yasadiklariyla-kibris-turk-milli-mucadelesi-konferansi-yapildi\/#primaryimage"},"image":{"@id":"https:\/\/haberkuzey.com\/index.php\/2026\/03\/14\/dr-ayten-berkalpin-yasadiklariyla-kibris-turk-milli-mucadelesi-konferansi-yapildi\/#primaryimage"},"thumbnailUrl":"https:\/\/haberkuzey.com\/wp-content\/uploads\/2026\/03\/1773484492572ayten-berkalp-3-1-scaled.jpeg","datePublished":"2026-03-14T12:01:24+00:00","author":{"@id":"https:\/\/haberkuzey.com\/#\/schema\/person\/3372109ec735f9333f4fa47ebb9605ca"},"breadcrumb":{"@id":"https:\/\/haberkuzey.com\/index.php\/2026\/03\/14\/dr-ayten-berkalpin-yasadiklariyla-kibris-turk-milli-mucadelesi-konferansi-yapildi\/#breadcrumb"},"inLanguage":"tr","potentialAction":[{"@type":"ReadAction","target":["https:\/\/haberkuzey.com\/index.php\/2026\/03\/14\/dr-ayten-berkalpin-yasadiklariyla-kibris-turk-milli-mucadelesi-konferansi-yapildi\/"]}]},{"@type":"ImageObject","inLanguage":"tr","@id":"https:\/\/haberkuzey.com\/index.php\/2026\/03\/14\/dr-ayten-berkalpin-yasadiklariyla-kibris-turk-milli-mucadelesi-konferansi-yapildi\/#primaryimage","url":"https:\/\/haberkuzey.com\/wp-content\/uploads\/2026\/03\/1773484492572ayten-berkalp-3-1-scaled.jpeg","contentUrl":"https:\/\/haberkuzey.com\/wp-content\/uploads\/2026\/03\/1773484492572ayten-berkalp-3-1-scaled.jpeg","width":2560,"height":1920},{"@type":"BreadcrumbList","@id":"https:\/\/haberkuzey.com\/index.php\/2026\/03\/14\/dr-ayten-berkalpin-yasadiklariyla-kibris-turk-milli-mucadelesi-konferansi-yapildi\/#breadcrumb","itemListElement":[{"@type":"ListItem","position":1,"name":"Anasayfa","item":"https:\/\/haberkuzey.com\/"},{"@type":"ListItem","position":2,"name":"\u201cDr. Ayten Berkalp\u2019in Ya\u015fad\u0131klar\u0131yla K\u0131br\u0131s T\u00fcrk Mill\u00ee M\u00fccadelesi\u201d konferans\u0131 yap\u0131ld\u0131"}]},{"@type":"WebSite","@id":"https:\/\/haberkuzey.com\/#website","url":"https:\/\/haberkuzey.com\/","name":"Haber Kuzey","description":"Do\u011fru Haberin Adresi","potentialAction":[{"@type":"SearchAction","target":{"@type":"EntryPoint","urlTemplate":"https:\/\/haberkuzey.com\/?s={search_term_string}"},"query-input":{"@type":"PropertyValueSpecification","valueRequired":true,"valueName":"search_term_string"}}],"inLanguage":"tr"},{"@type":"Person","@id":"https:\/\/haberkuzey.com\/#\/schema\/person\/3372109ec735f9333f4fa47ebb9605ca","name":"haberkuzey","image":{"@type":"ImageObject","inLanguage":"tr","@id":"https:\/\/secure.gravatar.com\/avatar\/f5fc875574b1575324358c3b9e6a32b8227aa5b74f3fa22e3cadb63e26fcc39c?s=96&d=mm&r=g","url":"https:\/\/secure.gravatar.com\/avatar\/f5fc875574b1575324358c3b9e6a32b8227aa5b74f3fa22e3cadb63e26fcc39c?s=96&d=mm&r=g","contentUrl":"https:\/\/secure.gravatar.com\/avatar\/f5fc875574b1575324358c3b9e6a32b8227aa5b74f3fa22e3cadb63e26fcc39c?s=96&d=mm&r=g","caption":"haberkuzey"},"sameAs":["https:\/\/haberkuzey.com"],"url":"https:\/\/haberkuzey.com\/index.php\/author\/haberkuzey\/"}]}},"_links":{"self":[{"href":"https:\/\/haberkuzey.com\/index.php\/wp-json\/wp\/v2\/posts\/35280","targetHints":{"allow":["GET"]}}],"collection":[{"href":"https:\/\/haberkuzey.com\/index.php\/wp-json\/wp\/v2\/posts"}],"about":[{"href":"https:\/\/haberkuzey.com\/index.php\/wp-json\/wp\/v2\/types\/post"}],"author":[{"embeddable":true,"href":"https:\/\/haberkuzey.com\/index.php\/wp-json\/wp\/v2\/users\/1"}],"replies":[{"embeddable":true,"href":"https:\/\/haberkuzey.com\/index.php\/wp-json\/wp\/v2\/comments?post=35280"}],"version-history":[{"count":0,"href":"https:\/\/haberkuzey.com\/index.php\/wp-json\/wp\/v2\/posts\/35280\/revisions"}],"wp:featuredmedia":[{"embeddable":true,"href":"https:\/\/haberkuzey.com\/index.php\/wp-json\/wp\/v2\/media\/35281"}],"wp:attachment":[{"href":"https:\/\/haberkuzey.com\/index.php\/wp-json\/wp\/v2\/media?parent=35280"}],"wp:term":[{"taxonomy":"category","embeddable":true,"href":"https:\/\/haberkuzey.com\/index.php\/wp-json\/wp\/v2\/categories?post=35280"},{"taxonomy":"post_tag","embeddable":true,"href":"https:\/\/haberkuzey.com\/index.php\/wp-json\/wp\/v2\/tags?post=35280"}],"curies":[{"name":"wp","href":"https:\/\/api.w.org\/{rel}","templated":true}]}}