{"id":35278,"date":"2026-03-14T13:55:20","date_gmt":"2026-03-14T11:55:20","guid":{"rendered":"https:\/\/haberkuzey.com\/index.php\/2026\/03\/14\/cumhurbaskanligi-senfoni-orkestrasinin-8-mart-dunya-kadinlar-gunu-konseri-dun-aksam-yapildi\/"},"modified":"2026-03-14T13:55:20","modified_gmt":"2026-03-14T11:55:20","slug":"cumhurbaskanligi-senfoni-orkestrasinin-8-mart-dunya-kadinlar-gunu-konseri-dun-aksam-yapildi","status":"publish","type":"post","link":"https:\/\/haberkuzey.com\/index.php\/2026\/03\/14\/cumhurbaskanligi-senfoni-orkestrasinin-8-mart-dunya-kadinlar-gunu-konseri-dun-aksam-yapildi\/","title":{"rendered":"Cumhurba\u015fkanl\u0131\u011f\u0131 Senfoni Orkestras\u0131\u2019n\u0131n 8 Mart D\u00fcnya Kad\u0131nlar G\u00fcn\u00fc Konseri d\u00fcn ak\u015fam yap\u0131ld\u0131"},"content":{"rendered":"<p style=\"font-weight: 300\"><span style=\"font-weight: 300 !important\">Cumhurba\u015fkanl\u0131\u011f\u0131 Mavi Salon\u2019da d\u00fcn ak\u015fam d\u00fczenlenen konseri\u00a0<\/span><span style=\"font-weight: 300 !important\">Cumhurba\u015fkan\u0131 Tufan Erh\u00fcrman ve e\u015fi Nilden Bekta\u015f Erh\u00fcrman da izledi.<\/span><\/p>\n<p style=\"font-weight: 300\"><span style=\"font-weight: 300 !important\">\u015eef Murat Cem Orhan y\u00f6netiminde ve piyanist Evrim Turan&#8217;\u0131n solist olarak kat\u0131l\u0131m\u0131yla ger\u00e7ekle\u015fen konser program\u0131nda,\u00a0 Mikhail Glinka \u2013 Ruslan ve Ludmila Uvert\u00fcr\u00fc, Robert Schumann \u2013 Piyano Kon\u00e7ertosu, Johannes Brahms \u2013 3. Senfoni eserleri de yer ald\u0131.<\/span><\/p>\n<p>Cumhurba\u015fkanl\u0131\u011f\u0131 Senfoni Orkestras\u0131&#8217;n\u0131n 8 Mart D\u00fcnya Kad\u0131nlar G\u00fcn\u00fc Konseri d\u00fcn ak\u015fam yap\u0131ld\u0131 yaz\u0131s\u0131 ilk \u00f6nce K\u0131br\u0131s Hakikat \u00fczerinde ortaya \u00e7\u0131kt\u0131.<\/p>\n","protected":false},"excerpt":{"rendered":"<p>Cumhurba\u015fkanl\u0131\u011f\u0131 Mavi Salon\u2019da d\u00fcn ak\u015fam d\u00fczenlenen konseri\u00a0Cumhurba\u015fkan\u0131 Tufan Erh\u00fcrman ve e\u015fi Nilden Bekta\u015f Erh\u00fcrman da izledi. \u015eef Murat Cem Orhan y\u00f6netiminde ve piyanist Evrim Turan&#8217;\u0131n solist olarak kat\u0131l\u0131m\u0131yla ger\u00e7ekle\u015fen konser program\u0131nda,\u00a0 Mikhail Glinka \u2013 Ruslan ve Ludmila Uvert\u00fcr\u00fc, Robert Schumann \u2013 Piyano Kon\u00e7ertosu, Johannes Brahms \u2013 3. Senfoni eserleri de yer ald\u0131. Cumhurba\u015fkanl\u0131\u011f\u0131 Senfoni Orkestras\u0131&#8217;n\u0131n [&hellip;]<\/p>\n","protected":false},"author":1,"featured_media":35279,"comment_status":"open","ping_status":"open","sticky":false,"template":"","format":"standard","meta":{"jnews-multi-image_gallery":[],"jnews_single_post":[],"jnews_primary_category":[],"footnotes":""},"categories":[1],"tags":[],"class_list":["post-35278","post","type-post","status-publish","format-standard","has-post-thumbnail","hentry","category-kibris"],"yoast_head":"<!-- This site is optimized with the Yoast SEO plugin v27.5 - https:\/\/yoast.com\/product\/yoast-seo-wordpress\/ -->\n<title>Cumhurba\u015fkanl\u0131\u011f\u0131 Senfoni Orkestras\u0131\u2019n\u0131n 8 Mart D\u00fcnya Kad\u0131nlar G\u00fcn\u00fc Konseri d\u00fcn ak\u015fam yap\u0131ld\u0131 - Haber Kuzey<\/title>\n<meta name=\"robots\" content=\"index, follow, max-snippet:-1, max-image-preview:large, max-video-preview:-1\" \/>\n<link rel=\"canonical\" href=\"https:\/\/haberkuzey.com\/index.php\/2026\/03\/14\/cumhurbaskanligi-senfoni-orkestrasinin-8-mart-dunya-kadinlar-gunu-konseri-dun-aksam-yapildi\/\" \/>\n<meta property=\"og:locale\" content=\"tr_TR\" \/>\n<meta property=\"og:type\" content=\"article\" \/>\n<meta property=\"og:title\" content=\"Cumhurba\u015fkanl\u0131\u011f\u0131 Senfoni Orkestras\u0131\u2019n\u0131n 8 Mart D\u00fcnya Kad\u0131nlar G\u00fcn\u00fc Konseri d\u00fcn ak\u015fam yap\u0131ld\u0131 - Haber Kuzey\" \/>\n<meta property=\"og:description\" content=\"Cumhurba\u015fkanl\u0131\u011f\u0131 Mavi Salon\u2019da d\u00fcn ak\u015fam d\u00fczenlenen konseri\u00a0Cumhurba\u015fkan\u0131 Tufan Erh\u00fcrman ve e\u015fi Nilden Bekta\u015f Erh\u00fcrman da izledi. \u015eef Murat Cem Orhan y\u00f6netiminde ve piyanist Evrim Turan&#8217;\u0131n solist olarak kat\u0131l\u0131m\u0131yla ger\u00e7ekle\u015fen konser program\u0131nda,\u00a0 Mikhail Glinka \u2013 Ruslan ve Ludmila Uvert\u00fcr\u00fc, Robert Schumann \u2013 Piyano Kon\u00e7ertosu, Johannes Brahms \u2013 3. Senfoni eserleri de yer ald\u0131. Cumhurba\u015fkanl\u0131\u011f\u0131 Senfoni Orkestras\u0131&#8217;n\u0131n [&hellip;]\" \/>\n<meta property=\"og:url\" content=\"https:\/\/haberkuzey.com\/index.php\/2026\/03\/14\/cumhurbaskanligi-senfoni-orkestrasinin-8-mart-dunya-kadinlar-gunu-konseri-dun-aksam-yapildi\/\" \/>\n<meta property=\"og:site_name\" content=\"Haber Kuzey\" \/>\n<meta property=\"article:published_time\" content=\"2026-03-14T11:55:20+00:00\" \/>\n<meta name=\"author\" content=\"haberkuzey\" \/>\n<meta name=\"twitter:card\" content=\"summary_large_image\" \/>\n<meta name=\"twitter:label1\" content=\"Yazan:\" \/>\n\t<meta name=\"twitter:data1\" content=\"haberkuzey\" \/>\n<script type=\"application\/ld+json\" class=\"yoast-schema-graph\">{\"@context\":\"https:\\\/\\\/schema.org\",\"@graph\":[{\"@type\":\"Article\",\"@id\":\"https:\\\/\\\/haberkuzey.com\\\/index.php\\\/2026\\\/03\\\/14\\\/cumhurbaskanligi-senfoni-orkestrasinin-8-mart-dunya-kadinlar-gunu-konseri-dun-aksam-yapildi\\\/#article\",\"isPartOf\":{\"@id\":\"https:\\\/\\\/haberkuzey.com\\\/index.php\\\/2026\\\/03\\\/14\\\/cumhurbaskanligi-senfoni-orkestrasinin-8-mart-dunya-kadinlar-gunu-konseri-dun-aksam-yapildi\\\/\"},\"author\":{\"name\":\"haberkuzey\",\"@id\":\"https:\\\/\\\/haberkuzey.com\\\/#\\\/schema\\\/person\\\/3372109ec735f9333f4fa47ebb9605ca\"},\"headline\":\"Cumhurba\u015fkanl\u0131\u011f\u0131 Senfoni Orkestras\u0131\u2019n\u0131n 8 Mart D\u00fcnya Kad\u0131nlar G\u00fcn\u00fc Konseri d\u00fcn ak\u015fam yap\u0131ld\u0131\",\"datePublished\":\"2026-03-14T11:55:20+00:00\",\"mainEntityOfPage\":{\"@id\":\"https:\\\/\\\/haberkuzey.com\\\/index.php\\\/2026\\\/03\\\/14\\\/cumhurbaskanligi-senfoni-orkestrasinin-8-mart-dunya-kadinlar-gunu-konseri-dun-aksam-yapildi\\\/\"},\"wordCount\":119,\"commentCount\":0,\"image\":{\"@id\":\"https:\\\/\\\/haberkuzey.com\\\/index.php\\\/2026\\\/03\\\/14\\\/cumhurbaskanligi-senfoni-orkestrasinin-8-mart-dunya-kadinlar-gunu-konseri-dun-aksam-yapildi\\\/#primaryimage\"},\"thumbnailUrl\":\"https:\\\/\\\/haberkuzey.com\\\/wp-content\\\/uploads\\\/2026\\\/03\\\/1773487210231CSO-1.jpeg\",\"articleSection\":[\"K\u0131br\u0131s\"],\"inLanguage\":\"tr\",\"potentialAction\":[{\"@type\":\"CommentAction\",\"name\":\"Comment\",\"target\":[\"https:\\\/\\\/haberkuzey.com\\\/index.php\\\/2026\\\/03\\\/14\\\/cumhurbaskanligi-senfoni-orkestrasinin-8-mart-dunya-kadinlar-gunu-konseri-dun-aksam-yapildi\\\/#respond\"]}]},{\"@type\":\"WebPage\",\"@id\":\"https:\\\/\\\/haberkuzey.com\\\/index.php\\\/2026\\\/03\\\/14\\\/cumhurbaskanligi-senfoni-orkestrasinin-8-mart-dunya-kadinlar-gunu-konseri-dun-aksam-yapildi\\\/\",\"url\":\"https:\\\/\\\/haberkuzey.com\\\/index.php\\\/2026\\\/03\\\/14\\\/cumhurbaskanligi-senfoni-orkestrasinin-8-mart-dunya-kadinlar-gunu-konseri-dun-aksam-yapildi\\\/\",\"name\":\"Cumhurba\u015fkanl\u0131\u011f\u0131 Senfoni Orkestras\u0131\u2019n\u0131n 8 Mart D\u00fcnya Kad\u0131nlar G\u00fcn\u00fc Konseri d\u00fcn ak\u015fam yap\u0131ld\u0131 - Haber Kuzey\",\"isPartOf\":{\"@id\":\"https:\\\/\\\/haberkuzey.com\\\/#website\"},\"primaryImageOfPage\":{\"@id\":\"https:\\\/\\\/haberkuzey.com\\\/index.php\\\/2026\\\/03\\\/14\\\/cumhurbaskanligi-senfoni-orkestrasinin-8-mart-dunya-kadinlar-gunu-konseri-dun-aksam-yapildi\\\/#primaryimage\"},\"image\":{\"@id\":\"https:\\\/\\\/haberkuzey.com\\\/index.php\\\/2026\\\/03\\\/14\\\/cumhurbaskanligi-senfoni-orkestrasinin-8-mart-dunya-kadinlar-gunu-konseri-dun-aksam-yapildi\\\/#primaryimage\"},\"thumbnailUrl\":\"https:\\\/\\\/haberkuzey.com\\\/wp-content\\\/uploads\\\/2026\\\/03\\\/1773487210231CSO-1.jpeg\",\"datePublished\":\"2026-03-14T11:55:20+00:00\",\"author\":{\"@id\":\"https:\\\/\\\/haberkuzey.com\\\/#\\\/schema\\\/person\\\/3372109ec735f9333f4fa47ebb9605ca\"},\"breadcrumb\":{\"@id\":\"https:\\\/\\\/haberkuzey.com\\\/index.php\\\/2026\\\/03\\\/14\\\/cumhurbaskanligi-senfoni-orkestrasinin-8-mart-dunya-kadinlar-gunu-konseri-dun-aksam-yapildi\\\/#breadcrumb\"},\"inLanguage\":\"tr\",\"potentialAction\":[{\"@type\":\"ReadAction\",\"target\":[\"https:\\\/\\\/haberkuzey.com\\\/index.php\\\/2026\\\/03\\\/14\\\/cumhurbaskanligi-senfoni-orkestrasinin-8-mart-dunya-kadinlar-gunu-konseri-dun-aksam-yapildi\\\/\"]}]},{\"@type\":\"ImageObject\",\"inLanguage\":\"tr\",\"@id\":\"https:\\\/\\\/haberkuzey.com\\\/index.php\\\/2026\\\/03\\\/14\\\/cumhurbaskanligi-senfoni-orkestrasinin-8-mart-dunya-kadinlar-gunu-konseri-dun-aksam-yapildi\\\/#primaryimage\",\"url\":\"https:\\\/\\\/haberkuzey.com\\\/wp-content\\\/uploads\\\/2026\\\/03\\\/1773487210231CSO-1.jpeg\",\"contentUrl\":\"https:\\\/\\\/haberkuzey.com\\\/wp-content\\\/uploads\\\/2026\\\/03\\\/1773487210231CSO-1.jpeg\",\"width\":1600,\"height\":1066},{\"@type\":\"BreadcrumbList\",\"@id\":\"https:\\\/\\\/haberkuzey.com\\\/index.php\\\/2026\\\/03\\\/14\\\/cumhurbaskanligi-senfoni-orkestrasinin-8-mart-dunya-kadinlar-gunu-konseri-dun-aksam-yapildi\\\/#breadcrumb\",\"itemListElement\":[{\"@type\":\"ListItem\",\"position\":1,\"name\":\"Anasayfa\",\"item\":\"https:\\\/\\\/haberkuzey.com\\\/\"},{\"@type\":\"ListItem\",\"position\":2,\"name\":\"Cumhurba\u015fkanl\u0131\u011f\u0131 Senfoni Orkestras\u0131\u2019n\u0131n 8 Mart D\u00fcnya Kad\u0131nlar G\u00fcn\u00fc Konseri d\u00fcn ak\u015fam yap\u0131ld\u0131\"}]},{\"@type\":\"WebSite\",\"@id\":\"https:\\\/\\\/haberkuzey.com\\\/#website\",\"url\":\"https:\\\/\\\/haberkuzey.com\\\/\",\"name\":\"Haber Kuzey\",\"description\":\"Do\u011fru Haberin Adresi\",\"potentialAction\":[{\"@type\":\"SearchAction\",\"target\":{\"@type\":\"EntryPoint\",\"urlTemplate\":\"https:\\\/\\\/haberkuzey.com\\\/?s={search_term_string}\"},\"query-input\":{\"@type\":\"PropertyValueSpecification\",\"valueRequired\":true,\"valueName\":\"search_term_string\"}}],\"inLanguage\":\"tr\"},{\"@type\":\"Person\",\"@id\":\"https:\\\/\\\/haberkuzey.com\\\/#\\\/schema\\\/person\\\/3372109ec735f9333f4fa47ebb9605ca\",\"name\":\"haberkuzey\",\"image\":{\"@type\":\"ImageObject\",\"inLanguage\":\"tr\",\"@id\":\"https:\\\/\\\/secure.gravatar.com\\\/avatar\\\/f5fc875574b1575324358c3b9e6a32b8227aa5b74f3fa22e3cadb63e26fcc39c?s=96&d=mm&r=g\",\"url\":\"https:\\\/\\\/secure.gravatar.com\\\/avatar\\\/f5fc875574b1575324358c3b9e6a32b8227aa5b74f3fa22e3cadb63e26fcc39c?s=96&d=mm&r=g\",\"contentUrl\":\"https:\\\/\\\/secure.gravatar.com\\\/avatar\\\/f5fc875574b1575324358c3b9e6a32b8227aa5b74f3fa22e3cadb63e26fcc39c?s=96&d=mm&r=g\",\"caption\":\"haberkuzey\"},\"sameAs\":[\"https:\\\/\\\/haberkuzey.com\"],\"url\":\"https:\\\/\\\/haberkuzey.com\\\/index.php\\\/author\\\/haberkuzey\\\/\"}]}<\/script>\n<!-- \/ Yoast SEO plugin. -->","yoast_head_json":{"title":"Cumhurba\u015fkanl\u0131\u011f\u0131 Senfoni Orkestras\u0131\u2019n\u0131n 8 Mart D\u00fcnya Kad\u0131nlar G\u00fcn\u00fc Konseri d\u00fcn ak\u015fam yap\u0131ld\u0131 - Haber Kuzey","robots":{"index":"index","follow":"follow","max-snippet":"max-snippet:-1","max-image-preview":"max-image-preview:large","max-video-preview":"max-video-preview:-1"},"canonical":"https:\/\/haberkuzey.com\/index.php\/2026\/03\/14\/cumhurbaskanligi-senfoni-orkestrasinin-8-mart-dunya-kadinlar-gunu-konseri-dun-aksam-yapildi\/","og_locale":"tr_TR","og_type":"article","og_title":"Cumhurba\u015fkanl\u0131\u011f\u0131 Senfoni Orkestras\u0131\u2019n\u0131n 8 Mart D\u00fcnya Kad\u0131nlar G\u00fcn\u00fc Konseri d\u00fcn ak\u015fam yap\u0131ld\u0131 - Haber Kuzey","og_description":"Cumhurba\u015fkanl\u0131\u011f\u0131 Mavi Salon\u2019da d\u00fcn ak\u015fam d\u00fczenlenen konseri\u00a0Cumhurba\u015fkan\u0131 Tufan Erh\u00fcrman ve e\u015fi Nilden Bekta\u015f Erh\u00fcrman da izledi. \u015eef Murat Cem Orhan y\u00f6netiminde ve piyanist Evrim Turan&#8217;\u0131n solist olarak kat\u0131l\u0131m\u0131yla ger\u00e7ekle\u015fen konser program\u0131nda,\u00a0 Mikhail Glinka \u2013 Ruslan ve Ludmila Uvert\u00fcr\u00fc, Robert Schumann \u2013 Piyano Kon\u00e7ertosu, Johannes Brahms \u2013 3. Senfoni eserleri de yer ald\u0131. Cumhurba\u015fkanl\u0131\u011f\u0131 Senfoni Orkestras\u0131&#8217;n\u0131n [&hellip;]","og_url":"https:\/\/haberkuzey.com\/index.php\/2026\/03\/14\/cumhurbaskanligi-senfoni-orkestrasinin-8-mart-dunya-kadinlar-gunu-konseri-dun-aksam-yapildi\/","og_site_name":"Haber Kuzey","article_published_time":"2026-03-14T11:55:20+00:00","author":"haberkuzey","twitter_card":"summary_large_image","twitter_misc":{"Yazan:":"haberkuzey"},"schema":{"@context":"https:\/\/schema.org","@graph":[{"@type":"Article","@id":"https:\/\/haberkuzey.com\/index.php\/2026\/03\/14\/cumhurbaskanligi-senfoni-orkestrasinin-8-mart-dunya-kadinlar-gunu-konseri-dun-aksam-yapildi\/#article","isPartOf":{"@id":"https:\/\/haberkuzey.com\/index.php\/2026\/03\/14\/cumhurbaskanligi-senfoni-orkestrasinin-8-mart-dunya-kadinlar-gunu-konseri-dun-aksam-yapildi\/"},"author":{"name":"haberkuzey","@id":"https:\/\/haberkuzey.com\/#\/schema\/person\/3372109ec735f9333f4fa47ebb9605ca"},"headline":"Cumhurba\u015fkanl\u0131\u011f\u0131 Senfoni Orkestras\u0131\u2019n\u0131n 8 Mart D\u00fcnya Kad\u0131nlar G\u00fcn\u00fc Konseri d\u00fcn ak\u015fam yap\u0131ld\u0131","datePublished":"2026-03-14T11:55:20+00:00","mainEntityOfPage":{"@id":"https:\/\/haberkuzey.com\/index.php\/2026\/03\/14\/cumhurbaskanligi-senfoni-orkestrasinin-8-mart-dunya-kadinlar-gunu-konseri-dun-aksam-yapildi\/"},"wordCount":119,"commentCount":0,"image":{"@id":"https:\/\/haberkuzey.com\/index.php\/2026\/03\/14\/cumhurbaskanligi-senfoni-orkestrasinin-8-mart-dunya-kadinlar-gunu-konseri-dun-aksam-yapildi\/#primaryimage"},"thumbnailUrl":"https:\/\/haberkuzey.com\/wp-content\/uploads\/2026\/03\/1773487210231CSO-1.jpeg","articleSection":["K\u0131br\u0131s"],"inLanguage":"tr","potentialAction":[{"@type":"CommentAction","name":"Comment","target":["https:\/\/haberkuzey.com\/index.php\/2026\/03\/14\/cumhurbaskanligi-senfoni-orkestrasinin-8-mart-dunya-kadinlar-gunu-konseri-dun-aksam-yapildi\/#respond"]}]},{"@type":"WebPage","@id":"https:\/\/haberkuzey.com\/index.php\/2026\/03\/14\/cumhurbaskanligi-senfoni-orkestrasinin-8-mart-dunya-kadinlar-gunu-konseri-dun-aksam-yapildi\/","url":"https:\/\/haberkuzey.com\/index.php\/2026\/03\/14\/cumhurbaskanligi-senfoni-orkestrasinin-8-mart-dunya-kadinlar-gunu-konseri-dun-aksam-yapildi\/","name":"Cumhurba\u015fkanl\u0131\u011f\u0131 Senfoni Orkestras\u0131\u2019n\u0131n 8 Mart D\u00fcnya Kad\u0131nlar G\u00fcn\u00fc Konseri d\u00fcn ak\u015fam yap\u0131ld\u0131 - Haber Kuzey","isPartOf":{"@id":"https:\/\/haberkuzey.com\/#website"},"primaryImageOfPage":{"@id":"https:\/\/haberkuzey.com\/index.php\/2026\/03\/14\/cumhurbaskanligi-senfoni-orkestrasinin-8-mart-dunya-kadinlar-gunu-konseri-dun-aksam-yapildi\/#primaryimage"},"image":{"@id":"https:\/\/haberkuzey.com\/index.php\/2026\/03\/14\/cumhurbaskanligi-senfoni-orkestrasinin-8-mart-dunya-kadinlar-gunu-konseri-dun-aksam-yapildi\/#primaryimage"},"thumbnailUrl":"https:\/\/haberkuzey.com\/wp-content\/uploads\/2026\/03\/1773487210231CSO-1.jpeg","datePublished":"2026-03-14T11:55:20+00:00","author":{"@id":"https:\/\/haberkuzey.com\/#\/schema\/person\/3372109ec735f9333f4fa47ebb9605ca"},"breadcrumb":{"@id":"https:\/\/haberkuzey.com\/index.php\/2026\/03\/14\/cumhurbaskanligi-senfoni-orkestrasinin-8-mart-dunya-kadinlar-gunu-konseri-dun-aksam-yapildi\/#breadcrumb"},"inLanguage":"tr","potentialAction":[{"@type":"ReadAction","target":["https:\/\/haberkuzey.com\/index.php\/2026\/03\/14\/cumhurbaskanligi-senfoni-orkestrasinin-8-mart-dunya-kadinlar-gunu-konseri-dun-aksam-yapildi\/"]}]},{"@type":"ImageObject","inLanguage":"tr","@id":"https:\/\/haberkuzey.com\/index.php\/2026\/03\/14\/cumhurbaskanligi-senfoni-orkestrasinin-8-mart-dunya-kadinlar-gunu-konseri-dun-aksam-yapildi\/#primaryimage","url":"https:\/\/haberkuzey.com\/wp-content\/uploads\/2026\/03\/1773487210231CSO-1.jpeg","contentUrl":"https:\/\/haberkuzey.com\/wp-content\/uploads\/2026\/03\/1773487210231CSO-1.jpeg","width":1600,"height":1066},{"@type":"BreadcrumbList","@id":"https:\/\/haberkuzey.com\/index.php\/2026\/03\/14\/cumhurbaskanligi-senfoni-orkestrasinin-8-mart-dunya-kadinlar-gunu-konseri-dun-aksam-yapildi\/#breadcrumb","itemListElement":[{"@type":"ListItem","position":1,"name":"Anasayfa","item":"https:\/\/haberkuzey.com\/"},{"@type":"ListItem","position":2,"name":"Cumhurba\u015fkanl\u0131\u011f\u0131 Senfoni Orkestras\u0131\u2019n\u0131n 8 Mart D\u00fcnya Kad\u0131nlar G\u00fcn\u00fc Konseri d\u00fcn ak\u015fam yap\u0131ld\u0131"}]},{"@type":"WebSite","@id":"https:\/\/haberkuzey.com\/#website","url":"https:\/\/haberkuzey.com\/","name":"Haber Kuzey","description":"Do\u011fru Haberin Adresi","potentialAction":[{"@type":"SearchAction","target":{"@type":"EntryPoint","urlTemplate":"https:\/\/haberkuzey.com\/?s={search_term_string}"},"query-input":{"@type":"PropertyValueSpecification","valueRequired":true,"valueName":"search_term_string"}}],"inLanguage":"tr"},{"@type":"Person","@id":"https:\/\/haberkuzey.com\/#\/schema\/person\/3372109ec735f9333f4fa47ebb9605ca","name":"haberkuzey","image":{"@type":"ImageObject","inLanguage":"tr","@id":"https:\/\/secure.gravatar.com\/avatar\/f5fc875574b1575324358c3b9e6a32b8227aa5b74f3fa22e3cadb63e26fcc39c?s=96&d=mm&r=g","url":"https:\/\/secure.gravatar.com\/avatar\/f5fc875574b1575324358c3b9e6a32b8227aa5b74f3fa22e3cadb63e26fcc39c?s=96&d=mm&r=g","contentUrl":"https:\/\/secure.gravatar.com\/avatar\/f5fc875574b1575324358c3b9e6a32b8227aa5b74f3fa22e3cadb63e26fcc39c?s=96&d=mm&r=g","caption":"haberkuzey"},"sameAs":["https:\/\/haberkuzey.com"],"url":"https:\/\/haberkuzey.com\/index.php\/author\/haberkuzey\/"}]}},"_links":{"self":[{"href":"https:\/\/haberkuzey.com\/index.php\/wp-json\/wp\/v2\/posts\/35278","targetHints":{"allow":["GET"]}}],"collection":[{"href":"https:\/\/haberkuzey.com\/index.php\/wp-json\/wp\/v2\/posts"}],"about":[{"href":"https:\/\/haberkuzey.com\/index.php\/wp-json\/wp\/v2\/types\/post"}],"author":[{"embeddable":true,"href":"https:\/\/haberkuzey.com\/index.php\/wp-json\/wp\/v2\/users\/1"}],"replies":[{"embeddable":true,"href":"https:\/\/haberkuzey.com\/index.php\/wp-json\/wp\/v2\/comments?post=35278"}],"version-history":[{"count":0,"href":"https:\/\/haberkuzey.com\/index.php\/wp-json\/wp\/v2\/posts\/35278\/revisions"}],"wp:featuredmedia":[{"embeddable":true,"href":"https:\/\/haberkuzey.com\/index.php\/wp-json\/wp\/v2\/media\/35279"}],"wp:attachment":[{"href":"https:\/\/haberkuzey.com\/index.php\/wp-json\/wp\/v2\/media?parent=35278"}],"wp:term":[{"taxonomy":"category","embeddable":true,"href":"https:\/\/haberkuzey.com\/index.php\/wp-json\/wp\/v2\/categories?post=35278"},{"taxonomy":"post_tag","embeddable":true,"href":"https:\/\/haberkuzey.com\/index.php\/wp-json\/wp\/v2\/tags?post=35278"}],"curies":[{"name":"wp","href":"https:\/\/api.w.org\/{rel}","templated":true}]}}