{"id":35276,"date":"2026-03-14T13:43:13","date_gmt":"2026-03-14T11:43:13","guid":{"rendered":"https:\/\/haberkuzey.com\/index.php\/2026\/03\/14\/14-mart-tip-bayrami-kutlandi\/"},"modified":"2026-03-14T13:43:13","modified_gmt":"2026-03-14T11:43:13","slug":"14-mart-tip-bayrami-kutlandi","status":"publish","type":"post","link":"https:\/\/haberkuzey.com\/index.php\/2026\/03\/14\/14-mart-tip-bayrami-kutlandi\/","title":{"rendered":"14 Mart T\u0131p Bayram\u0131 kutland\u0131"},"content":{"rendered":"<p style=\"font-weight: 300\">K\u0131br\u0131s T\u00fcrk Tabipleri Birli\u011fi (KTTB) Dr. Mustafa Hami Konferans Salonunda yer alan 14 Mart T\u0131p Bayram\u0131 T\u00f6reni, sayg\u0131 duru\u015fu, \u0130stiklal Mar\u015f\u0131 ve kutlama mesajlar\u0131n\u0131n okunmas\u0131 ile ba\u015flad\u0131.<\/p>\n<p style=\"font-weight: 300\">T\u00f6rende, protokol konu\u015fmalar\u0131n\u0131,\u00a0<span style=\"font-weight: 300 !important\">Cumhuriyet\u00e7i T\u00fcrk Partisi Genel Ba\u015fkan\u0131 S\u0131la Usar \u0130ncirli,\u00a0<\/span><span style=\"font-weight: 300 !important\">\u00a0<\/span><span style=\"font-weight: 300 !important\">Halk\u0131n Partisi Genel Ba\u015fkan\u0131 Kudret \u00d6zersay,\u00a0<\/span><span style=\"font-weight: 300 !important\">Toplumcu Demokrasi Partisi Genel Ba\u015fkan\u0131 Zeki \u00c7eler yaparken,\u00a0<\/span><span style=\"font-weight: 300 !important\">K\u0131br\u0131s T\u00fcrk Serbest \u00c7al\u0131\u015fan Hekimler Birli\u011fi, K\u0131br\u0131s T\u00fcrk Hekimler Sendikas\u0131, K\u0131br\u0131s T\u00fcrk Di\u015f Tabipleri Odas\u0131, K\u0131br\u0131s T\u00fcrk Tabipleri Odas\u0131, K\u0131br\u0131s T\u00fcrk Tabipleri Birli\u011fi ad\u0131na a\u00e7\u0131l\u0131\u015f konu\u015fmalar\u0131 yap\u0131ld\u0131.\u00a0\u00a0<\/span><\/p>\n<p style=\"font-weight: 300\">Konu\u015fmalar\u0131n ard\u0131ndan Kurumsal, \u00d6zel \u00d6d\u00fcl ve Bas\u0131n \u00f6d\u00fcllerinin sunumu yap\u0131ld\u0131.<\/p>\n<p style=\"font-weight: 300\">\u201cMeslekte 50. Hizmet Y\u0131l\u0131n\u0131 Dolduran\u201d hekimler ile \u201cMeslekte 25. Hizmet Y\u0131l\u0131n\u0131 Dolduran\u201d hekimlere plaket ve onur belgesi sunuldu. T\u00f6ren, an\u0131 foto\u011fraf\u0131 \u00e7ekimi ve kokteylle tamamland\u0131.<\/p>\n<p style=\"font-weight: 300\">-\u00d6d\u00fcller<\/p>\n<p style=\"font-weight: 300\">Sanat\u00e7\u0131 Ya\u015far Ersoy, \u201cSanat\u0131 toplumla bulu\u015fturarak k\u00fclt\u00fcrel ya\u015fama sundu\u011fu de\u011ferli katk\u0131lar, toplumsal konulardaki hassasiyeti ve tiyatro sanat\u0131n\u0131n geli\u015fimine verdi\u011fi emek\u201d nedeniyle \u201cT\u0131p Haftas\u0131 Kurumsal \u00d6d\u00fcl\u00fc\u201d ile onurland\u0131r\u0131ld\u0131.<\/p>\n<p style=\"font-weight: 300\">Dr. Sibel Siber de, \u201cToplumsal ve siyasal ya\u015fama \u0131\u015f\u0131k tutan \u2018Kul\u00fcp\u2019 adl\u0131 eseriyle d\u00fc\u015f\u00fcnsel \u00fcretime ve toplumsal haf\u0131zaya yapt\u0131\u011f\u0131 de\u011ferli katk\u0131lar\u0131\u201d nedeniyle \u201cT\u0131p Haftas\u0131 \u00d6zel \u00d6d\u00fcl\u00fc\u201d ile onurland\u0131r\u0131ld\u0131.<\/p>\n<p style=\"font-weight: 300\">Gazeteci Damla Dabis de, \u201cToplum sa\u011fl\u0131\u011f\u0131na ili\u015fkin konular\u0131n duyarl\u0131 ve sorumlu gazetecilik anlay\u0131\u015f\u0131yla kamuoyuna aktar\u0131lmas\u0131na sa\u011flad\u0131\u011f\u0131 katk\u0131lar\u201d nedeniyle \u201cT\u0131p Haftas\u0131 Bas\u0131n \u00d6d\u00fcl\u00fc\u201d ile onurland\u0131r\u0131ld\u0131.<\/p>\n<p style=\"font-weight: 300\">Gazeteci Meltem Sakin ise, \u201cToplum sa\u011fl\u0131\u011f\u0131na ili\u015fkin konular\u0131n duyarl\u0131 ve sorumlu gazetecilik anlay\u0131\u015f\u0131yla kamuoyuna aktar\u0131lmas\u0131na sa\u011flad\u0131\u011f\u0131 katk\u0131lar\u201d nedeniyle \u201cT\u0131p Haftas\u0131 Bas\u0131n \u00d6d\u00fcl\u00fc\u201d ile onurland\u0131r\u0131ld\u0131.<\/p>\n<p style=\"font-weight: 300\">-50. Hizmet Y\u0131l\u0131n\u0131 Dolduran Hekimler (1976 Mezunlar\u0131) \u015f\u00f6yle:<\/p>\n<p style=\"font-weight: 300\">\u201cDr. Ahmet Tando\u011fdu, MD, Dr. Altay Ta\u015fy\u00fcrek, MD, Dr. Bilge T\u00fcrsoy, MD, Dr. Emine \u00c7elik, MD, Dr. Emir G\u00fcl, MD, Dr. Esin Arslansoyu, MD, Dr. Fisun I\u015f\u0131n, MD, Dr. G\u00f6kmen T\u00fcrsoy, MD, Dr. Hasan \u00d6ztoprak, MD, Dr. \u0130lhan Ala\u00e7am, MD, Dr. \u0130smail Bundak, MD, Dr. K\u0131van\u00e7 Buhara, MD,\u00a0 Prof. Dr. Mehmet \u00d6zmeno\u011flu, MD, Dr. Murat Efecan,MD, Dr. M\u00fchr\u00fcze Onar, MD, Prof. Dr. Nahide G\u00f6k\u00e7ora, MD, Dr. Oktay Ayzer, MD,\u00a0 Dt. Pertev G\u00fcnday, Dr. Raif Cenksoy, MD, Dr. Rasiha Serdaro\u011flu, MD, Dr. Sevin\u00e7 \u00c7iner, MD, Dr. \u015eaziye G\u00fc\u00e7l\u00fc, MD, Dt. Vehbi \u00dcng\u00fcder, Dt. Zehra Lama.<\/p>\n<p style=\"font-weight: 300\">-25. Hizmet Y\u0131l\u0131n\u0131 Dolduran Hekimler de (2001 Mezunlar\u0131) \u015fu \u015fekilde:<\/p>\n<p style=\"font-weight: 300\">\u201cDt. Ahmet Karaca, Dr. Aysel Abi, MD, Dr. Ay\u015fe Say\u0131l\u0131, MD, Dr. Ekim Yetkili, MD, Dr. Erol U\u00e7aner, MD, Prof. Dr. Hamza Duygu, MD, Dr. Hasan Birtan, MD, Dr. Hasan \u00d6zy\u00f6n\u00fcm, MD, Dr. H\u00fcseyin Tekerek, MD, Dt. \u0130pek G\u00fcrp\u0131nar, Dr. \u0130smail Serin, MD, Prof. Dr. Levent Cerit, MD, Dr. Dt. Lokman Onur Uyan\u0131k, Do\u00e7. Dr. Osman Beton, MD, Dr. Ozan Emiro\u011flu, MD, Dr. Ozan Tokmak, MD, Prof. Dr. \u00d6zcan G\u00fcr, MD, Dr. \u00d6zg\u00fcr T\u00fcrk, MD, Do\u00e7. Dr. \u00d6z\u00fcm Bu\u011fdayc\u0131, MD, Dr. Serkan Da\u011fdelen, MD, Dt. \u015eule Sera\u00e7, Dr. Vedat U\u011furel, MD.\u201d<\/p>\n<p style=\"font-weight: 300\">-Protokol konu\u015fmalar\u0131<\/p>\n<p style=\"font-weight: 300\">-\u0130ncirli<\/p>\n<p style=\"font-weight: 300\">T\u00f6rende konu\u015fan CTP Genel Ba\u015fkan\u0131 S\u0131la Usar \u0130ncirli,\u00a0 14 Mart\u2019\u0131n hekimlerin gurur g\u00fcn\u00fc oldu\u011funu vurgulad\u0131 ve bug\u00fcn meslekta\u015flar\u0131 ile bir arada olmaktan duydu\u011fu memnuniyeti dile getirdi.<\/p>\n<p style=\"font-weight: 300\">Meslekte 30\u2019uncu y\u0131l\u0131 oldu\u011funu ifade eden \u0130ncirli, T\u0131p Bayram\u0131 t\u00f6renin sa\u011fl\u0131k alan\u0131 i\u00e7in \u00f6nemine vurgu yapt\u0131.<\/p>\n<p style=\"font-weight: 300\">Hekimlerin toplumlar i\u00e7in her a\u015famada \u00f6nemli oldu\u011funu dile getiren \u0130ncirli, \u00fclkede hekimlerin sorunlar\u0131 s\u00fcrekli ortaya koydu\u011funu ancak t\u00fcm \u00e7aba ve emeklerine ra\u011fmen sorunlar\u0131n \u00e7\u00f6z\u00fcm\u00fc konusunda ilerleme ya\u015fanmad\u0131\u011f\u0131n\u0131 ve hekimlerin b\u00fcy\u00fck s\u0131k\u0131nt\u0131lar ya\u015fad\u0131\u011f\u0131n\u0131 s\u00f6yledi.<\/p>\n<p style=\"font-weight: 300\">\u00dclkede de\u011fi\u015fimin zaman\u0131 geldi\u011fini ve sa\u011fl\u0131ktaki s\u0131k\u0131nt\u0131lar\u0131n da bu de\u011fi\u015fimle \u00e7\u00f6z\u00fclece\u011fine i\u015faret eden \u0130ncirli, yasalardaki eksiklikler ve altyap\u0131 sorunlar\u0131 giderilerek, birbirlerine sayg\u0131 duyarak, mesle\u011fe itibar kayb\u0131 ya\u015fatmadan sorunlar\u0131 \u00e7\u00f6zeceklerini s\u00f6yledi.<\/p>\n<p style=\"font-weight: 300\">H\u00fck\u00fcmetin sa\u011fl\u0131\u011fa kar\u015f\u0131 duru\u015funu ele\u015ftiren \u0130ncirli, meslek onurunu koruyarak sorunlar\u0131n \u00e7\u00f6z\u00fcmlerini ad\u0131m ad\u0131m hayata ge\u00e7ireceklerini, hekimlerin \u00f6nlerindeki engelleri kald\u0131racaklar\u0131n\u0131 anlatt\u0131.<\/p>\n<p style=\"font-weight: 300\">Hekimlerin mesle\u011fini \u00f6zg\u00fcrce yapmas\u0131n\u0131 sa\u011flamak i\u00e7in \u00e7al\u0131\u015facaklar\u0131n\u0131 ifade eden \u0130ncirli, hekimlerin toplumun ayd\u0131nl\u0131k y\u00fcz\u00fc oldu\u011funu s\u00f6yledi, hekimlerin her zaman toplum kar\u015f\u0131s\u0131nda sayg\u0131 de\u011fer oldu\u011funu kaydetti.<\/p>\n<p style=\"font-weight: 300\">T\u00fcm hekimlerin g\u00fcn\u00fcn\u00fc kutlayan \u0130ncirli, t\u0131p camias\u0131n\u0131n sorunlar\u0131n\u0131n siyasi irade ile \u00e7\u00f6z\u00fclece\u011fini belirtti.<\/p>\n<p style=\"font-weight: 300\">-\u00d6zersay<\/p>\n<p style=\"font-weight: 300\"><span style=\"font-weight: 300 !important\">Halk\u0131n Partisi Genel Ba\u015fkan\u0131 Kudret \u00d6zersay da, sa\u011fl\u0131ktaki sorunlar\u0131n dile getirildi\u011fi konu\u015fmalarda sa\u011fl\u0131\u011f\u0131n i\u00e7inde oldu\u011fu durumun dile getirildi\u011fini kaydetti.<\/span><\/p>\n<p style=\"font-weight: 300\">\u00dclkenin iyi y\u00f6netilmesine talip olan insanlar\u0131n ta\u015f\u0131d\u0131\u011f\u0131 zihniyetin \u00f6nemine i\u015faret eden \u00d6zersay, sa\u011fl\u0131kl\u0131 verilere g\u00f6re \u00fclkenin y\u00f6netilebilece\u011fi ve \u00fclkede planlama yap\u0131labilece\u011fine i\u015faret etti.<\/p>\n<p style=\"font-weight: 300\">N\u00fcfus bilinmeden, hesap verebilir bir anlay\u0131\u015f olamadan \u00fclkede iyi y\u00f6netim yap\u0131lamayaca\u011f\u0131n\u0131 ifade eden \u00d6zersay, liyakata da \u00f6nem verilmesinin \u00f6nemine i\u015faret etti, sahte diploma gibi olaylarla \u00fclkede her alanda nitelik kayb\u0131 ya\u015fand\u0131\u011f\u0131n\u0131 s\u00f6yledi.<\/p>\n<p style=\"font-weight: 300\">Bu durumu \u201cendi\u015fe verici\u201d bir durum olarak niteleyen \u00d6zersay, hekim, \u00f6\u011fretmen maa\u015flar\u0131 tart\u0131\u015fmalar\u0131 yerine sorunlar\u0131n \u00e7\u00f6z\u00fclmesine odaklan\u0131lmas\u0131 gerekti\u011fini, sorunlar\u0131n \u00e7\u00f6z\u00fclebilece\u011fini, bunun i\u00e7in de yetkililerin samimiyetle t\u00fcm payda\u015flarla birlikte \u00f6zveriyle \u00e7al\u0131\u015fmas\u0131 gerekti\u011fini kaydetti.<\/p>\n<p style=\"font-weight: 300\">\u00d6zersay, hekimlerin ve fedakarl\u0131kla sa\u011fl\u0131k i\u00e7in m\u00fccadele eden t\u00fcm sa\u011fl\u0131k\u00e7\u0131lar\u0131n g\u00fcn\u00fcn\u00fc kutlad\u0131.<\/p>\n<p style=\"font-weight: 300\">-\u00c7eler<\/p>\n<p style=\"font-weight: 300\">T\u00f6rende konu\u015fan Toplumcu Demokrasi Partisi Genel Ba\u015fkan\u0131 Zeki \u00c7eler ise, sa\u011fl\u0131k \u00e7al\u0131\u015fanlar\u0131na de\u011fer verilmesi gerekirken de\u011fersizle\u015ftirilmeye \u00e7al\u0131\u015f\u0131ld\u0131\u011f\u0131n\u0131 savundu ve bunu yapan siyasileri ele\u015ftirdi.<\/p>\n<p style=\"font-weight: 300\">Bu siyasilerle zaman zaman ayn\u0131 yerde olduklar\u0131n\u0131 ancak ayn\u0131 d\u00fc\u015f\u00fcnceleri ta\u015f\u0131mad\u0131klar\u0131n\u0131 anlatan \u00c7eler, sa\u011fl\u0131ktaki sorunlar\u0131n\u0131n ayn\u0131 \u015fekilde y\u0131llard\u0131r s\u00fcrd\u00fc\u011f\u00fcn\u00fc, \u00fclkedeki insanlar\u0131n da sa\u011fl\u0131kta ya\u015fanan sorunlardan \u015fikayet etti\u011fini ancak bu sorunlar\u0131n sorumlular\u0131n\u0131n y\u00f6neticiler oldu\u011funu s\u00f6yledi.<\/p>\n<p style=\"font-weight: 300\">Sa\u011fl\u0131\u011fa ayr\u0131lan b\u00fct\u00e7enin yetersiz oldu\u011funu, \u00fclkedeki \u00f6nceliklerin \u015fa\u015ft\u0131\u011f\u0131n\u0131, mevcut siyasilerin odak noktalar\u0131n\u0131n sa\u011fl\u0131k ve e\u011fitim d\u0131\u015f\u0131nda oldu\u011funu savunan \u00c7eler, siyasileri ele\u015ftirdi.<\/p>\n<p style=\"font-weight: 300\">Toplumsal \u00f6nceliklerin yok oldu\u011funu, g\u00fcvenli sa\u011fl\u0131k alan\u0131 yarat\u0131lamad\u0131\u011f\u0131n\u0131 bug\u00fcn\u00fcn de bir bayram gibi olmad\u0131\u011f\u0131n\u0131, personelin \u201cd\u00fc\u015fman\u201d gibi g\u00f6r\u00fcld\u00fc\u011f\u00fcn\u00fc, b\u00fct\u00e7eye, yat\u0131r\u0131ma \u00f6nem verilmedi\u011fini ifade eden \u00c7eler, sa\u011fl\u0131ktaki sorunlar\u0131n \u00e7al\u0131\u015fanlara fatura edilemeyece\u011fini, doktorlar\u0131n, sa\u011fl\u0131k \u00e7al\u0131\u015fanlar\u0131n\u0131n \u00f6zverili \u00e7al\u0131\u015fmalar\u0131 olmasa bug\u00fcn sa\u011fl\u0131k alan\u0131n\u0131n \u00e7\u00f6km\u00fc\u015f olaca\u011f\u0131n\u0131 kaydetti.<\/p>\n<p style=\"font-weight: 300\">Sa\u011fl\u0131k Bakan\u0131n\u0131 yeni randevu sistemi konusunda da ele\u015ftiren \u00c7eler, bu konuda ilk \u00f6nce bilimsel verilerle pilot \u00e7al\u0131\u015fma yap\u0131lmas\u0131 gerekti\u011fini anlatt\u0131.<\/p>\n<p style=\"font-weight: 300\">T\u0131p haftas\u0131n\u0131n \u201ckaos\u201d i\u00e7inde ge\u00e7ti\u011fini, sorunlar\u0131 art\u0131ranlar\u0131n da yetkililer oldu\u011funu \u00f6ne s\u00fcren \u00c7eler, Genel Sa\u011fl\u0131k Sigortas\u0131, Kamusal Sa\u011fl\u0131k hizmetleri, kadrolar\u0131n g\u00fc\u00e7lendirilmesi gibi konularda gerekli ad\u0131mlar\u0131n at\u0131lmas\u0131 gerekti\u011fini ifade etti.<\/p>\n<p style=\"font-weight: 300\">-Sendika ve birlik ba\u015fkanlar\u0131n\u0131n a\u00e7\u0131l\u0131\u015f konu\u015fmalar\u0131<\/p>\n<p style=\"font-weight: 300\">K\u0131br\u0131s T\u00fcrk Serbest \u00c7al\u0131\u015fan Hekimler Birli\u011fi ad\u0131na konu\u015fma yapan Birlik Y\u00f6netim Kurulu \u00dcyesi Ahmet Terzio\u011flu, hekim say\u0131s\u0131 ve n\u00fcfus art\u0131\u015f\u0131n\u0131n plans\u0131z oldu\u011funu savunarak, \u00f6zel \u00fcniversitelerin, ticari kayg\u0131larla \u00f6\u011frenci almas\u0131n\u0131n t\u0131p e\u011fitiminin kalitesini d\u00fc\u015f\u00fcrd\u00fc\u011f\u00fcn\u00fc \u00f6ne s\u00fcrd\u00fc.<\/p>\n<p style=\"font-weight: 300\">Denetimleri yetersiz buldu\u011funu ifade eden Terzio\u011flu, s\u0131navs\u0131z \u00f6\u011frenci al\u0131m\u0131n\u0131n nitelik kayb\u0131na yol a\u00e7t\u0131\u011f\u0131n\u0131 s\u00f6yledi. Terzio\u011flu, Y\u00d6DAK&#8217;\u0131n yetkisi olmadan uzmanl\u0131k e\u011fitimi izni da\u011f\u0131tt\u0131\u011f\u0131n\u0131 iddia ederek, bunu &#8220;ihanet&#8221; olarak nitelendirdi.<\/p>\n<p style=\"font-weight: 300\">Terzio\u011flu, uzmanl\u0131k e\u011fitiminin merkezi s\u0131navla ve liyakatle olmas\u0131 gerekti\u011fini belirterek, \u00f6zel hastanelerde \u00e7al\u0131\u015fan hekimlerin haklar\u0131n\u0131n savunulmas\u0131 ve birlik, beraberlik i\u00e7inde m\u00fccadele etme \u00e7a\u011fr\u0131s\u0131 yapt\u0131.<\/p>\n<p style=\"font-weight: 300\">-G\u00fcrkut<\/p>\n<p style=\"font-weight: 300\">K\u0131br\u0131s T\u00fcrk Hekimler Sendikas\u0131 Ba\u015fkan\u0131 \u00d6zlem G\u00fcrkut da, 7 dakikal\u0131k bir konu\u015fma yaparak, bunun kamu hastanelerinde randevu s\u00fcresi olarak belirlenmesini ele\u015ftirdi.<\/p>\n<p style=\"font-weight: 300\">\u201cSava\u015f\u0131n g\u00f6lgesinde bir 14 Mart&#8217;\u0131 kar\u015f\u0131l\u0131yoruz\u201d diyen G\u00fcrkut, sa\u011fl\u0131kta ya\u015fanan sorunlar\u0131n y\u0131llard\u0131r anlat\u0131lmas\u0131na ra\u011fmen, yetkililer taraf\u0131ndan duymazdan gelindi\u011fini, \u00fclkedeki n\u00fcfusun bilinmedi\u011fini ve bunun planlama yapmay\u0131 imkans\u0131z hale getirdi\u011fini \u00f6ne s\u00fcrd\u00fc.<\/p>\n<p style=\"font-weight: 300\">Kamusal kurumlar\u0131n de\u011fersizle\u015ftirildi\u011fini ve ekonomik krizin bedelinin halka \u00f6dettirildi\u011fini savunan G\u00fcrkut, hastanelerde yatak, ila\u00e7 ve tetkik malzemesi eksikli\u011fi sorunlar\u0131na dikkat \u00e7ekti.<\/p>\n<p style=\"font-weight: 300\">Sistemin, hekimlerin fedakarl\u0131\u011f\u0131 sayesinde ayakta kald\u0131\u011f\u0131n\u0131, bunun s\u00fcrd\u00fcr\u00fclebilir olmad\u0131\u011f\u0131n\u0131 s\u00f6yleyen G\u00fcrkut, bilimsel temellere dayanan bir hekim yasas\u0131, uzmanl\u0131k e\u011fitimi ve \u00e7al\u0131\u015fma ko\u015fullar\u0131 talep etti.<\/p>\n<p style=\"font-weight: 300\">-Ulutekin<\/p>\n<p style=\"font-weight: 300\">K\u0131br\u0131s T\u00fcrk Di\u015f Tabipleri Odas\u0131 Ba\u015fkan\u0131 Turhan Ulutekin de Y\u00d6DAK&#8217;\u0131n plans\u0131z \u00f6\u011frenci al\u0131m\u0131na devam etti\u011fini iddia ederek, ele\u015ftirilerde bulundu. Bilimsel planlama olmadan sa\u011fl\u0131k politikas\u0131 \u00fcretilemeyece\u011fini vurgulayan Ulutekin, t\u0131bbi at\u0131k sorununa dikkat \u00e7ekti.<\/p>\n<p style=\"font-weight: 300\">\u201cAkademik altyap\u0131s\u0131 yetersiz fak\u00fcltelere \u00f6\u011frenci al\u0131nmas\u0131n\u0131n nitelik kayb\u0131na neden oldu\u011funu\u201d s\u00f6yleyen Ulutekin, T\u0131pta ve Di\u015f Hekimli\u011finde Uzmanl\u0131k Kurulu\u2019nun, uzmanl\u0131k e\u011fitimindeki yetkisinin k\u0131s\u0131tland\u0131\u011f\u0131 ele\u015ftirisinde bulundu.<\/p>\n<p style=\"font-weight: 300\">Kamuda di\u015f hekimli\u011fi alan\u0131nda uzman eksikli\u011fi oldu\u011funu ve baz\u0131 b\u00f6l\u00fcmlerde uzman bulunmad\u0131\u011f\u0131n\u0131 savunan Ulutekin, sa\u011fl\u0131k hizmetine eri\u015filebilirli\u011fin s\u0131n\u0131rl\u0131 oldu\u011funu ve koruyucu di\u015f hekimli\u011fi konusunda ad\u0131m at\u0131lmad\u0131\u011f\u0131n\u0131 \u00f6ne s\u00fcrd\u00fc.<\/p>\n<p style=\"font-weight: 300\">-Bar\u00e7\u0131n<\/p>\n<p style=\"font-weight: 300\">K\u0131br\u0131s T\u00fcrk Tabipleri Odas\u0131 Ba\u015fkan\u0131 Erol Bar\u00e7\u0131n da, hekimlerin \u00f6zg\u00fcrl\u00fcklerinin k\u0131s\u0131tland\u0131\u011f\u0131n\u0131, Sa\u011fl\u0131k Bakanl\u0131\u011f\u0131 b\u00fct\u00e7esinin yetersiz oldu\u011funu ve yat\u0131r\u0131mlar i\u00e7in ayr\u0131lan pay\u0131n s\u0131n\u0131rl\u0131 oldu\u011funu belirtti.<\/p>\n<p style=\"font-weight: 300\">N\u00fcfusun bilinmemesini ele\u015ftiren Bar\u00e7\u0131n, 500 yatakl\u0131 devlet hastanesinin yap\u0131m\u0131n\u0131n gecikti\u011fini ve mevcut hastanelerin kapasitesinin yetersiz oldu\u011funu savundu. Bar\u00e7\u0131n, yo\u011fun bak\u0131m yatak say\u0131s\u0131n\u0131n artt\u0131r\u0131lmas\u0131na ra\u011fmen, yeterli yo\u011fun bak\u0131m uzman\u0131 bulunmad\u0131\u011f\u0131n\u0131 s\u00f6yledi.<\/p>\n<p style=\"font-weight: 300\">Robotik cerrahi cihazlar\u0131n\u0131n al\u0131nm\u0131\u015f olmas\u0131na ra\u011fmen, personel ve e\u011fitim eksikli\u011fini sorunu oldu\u011funu kaydeden Bar\u00e7\u0131n, sa\u011fl\u0131k politikalar\u0131 olu\u015fturulurken, hekimler ve sa\u011fl\u0131k \u00e7al\u0131\u015fanlar\u0131yla i\u015fbirli\u011finin de\u011ferli oldu\u011funu vurgulad\u0131. Bar\u00e7\u0131n, t\u0131p fak\u00fcltelerinin say\u0131s\u0131 yerine, mezunlar\u0131n\u0131n ba\u015far\u0131s\u0131n\u0131n ve e\u011fitimin kalitesinin \u00f6nemli oldu\u011funu belirtti.<\/p>\n<p style=\"font-weight: 300\">-Dalkan<\/p>\n<p style=\"font-weight: 300\">K\u0131br\u0131s T\u00fcrk Tabipleri Birli\u011fi Ba\u015fkan\u0131 Ceyhun Dalkan ise, 14 Mart&#8217;\u0131n sadece bir kutlama de\u011fil, direni\u015f, m\u00fccadele ve mesleki onur g\u00fcn\u00fc oldu\u011funu vurgulad\u0131. Mesle\u011fe y\u00f6nelik sistemli sald\u0131r\u0131lar\u0131n artt\u0131\u011f\u0131n\u0131 ve hekimlerin hedef g\u00f6sterildi\u011fini iddia eden Dalkan, Sa\u011fl\u0131k Bakan\u0131&#8217;n\u0131n hekimleri itibars\u0131zla\u015ft\u0131rd\u0131\u011f\u0131n\u0131 \u00f6ne s\u00fcrd\u00fc.<\/p>\n<p style=\"font-weight: 300\">Bakan\u0131n s\u00f6ylemlerini ele\u015ftiren ve bunun &#8220;ba\u015far\u0131s\u0131z y\u00f6netimlerin&#8221; dili oldu\u011funu savunan Dalkan, \u201chekim onurunu zedeleyen bir dilin bu k\u00fcrs\u00fcde yeri olmad\u0131\u011f\u0131\u201d i\u00e7in, Sa\u011fl\u0131k Bakan\u0131&#8217;n\u0131 t\u00f6rene davet etmediklerini belirtti.<\/p>\n<p style=\"font-weight: 300\">\u201c\u00dclke sa\u011fl\u0131k sistemi plans\u0131zl\u0131k ve sorumluluk almayan y\u00f6neticiler nedeniyle savruldu\u201d diyen Dalkan, tamamlanamayan hastane yat\u0131r\u0131mlar\u0131n\u0131n yolsuzluk iddialar\u0131n\u0131 g\u00fcndeme getirdi\u011fini \u00f6ne s\u00fcrd\u00fc. Dalkan, sa\u011fl\u0131kta dijitalle\u015fmenin \u00f6nemine dikkat \u00e7ekerek, e-randevu sisteminin sorunlar\u0131n\u0131 dile getirdi.<\/p>\n<p style=\"font-weight: 300\">Kalite ve akreditasyon sisteminin kurulmas\u0131 gerekti\u011fini s\u00f6yleyen Dalkan, bilimsel temellere dayanan, adil ve eri\u015filebilir bir sa\u011fl\u0131k sistemi talep etti; kamu ve \u00f6zelde \u00e7al\u0131\u015fan hekimlerin i\u015f g\u00fcvencesi ile \u00e7al\u0131\u015fma ko\u015fullar\u0131nda ya\u015fad\u0131klar\u0131 sorunlar\u0131na dikkat \u00e7ekti.<\/p>\n<p style=\"font-weight: 300\">\u201cHekim, mesle\u011fini icra ederken \u00f6zg\u00fcr olmak zorundad\u0131r.\u201d \u015feklinde konu\u015fan Dalkan, fak\u00fclte ve uzmanl\u0131k e\u011fitimi denetimlerinin yetersiz oldu\u011funu iddia ederek, bunun mesle\u011fi ve halk sa\u011fl\u0131\u011f\u0131n\u0131 tehdit etti\u011fini savundu.<\/p>\n<p>14 Mart T\u0131p Bayram\u0131 kutland\u0131 yaz\u0131s\u0131 ilk \u00f6nce K\u0131br\u0131s Hakikat \u00fczerinde ortaya \u00e7\u0131kt\u0131.<\/p>\n","protected":false},"excerpt":{"rendered":"<p>K\u0131br\u0131s T\u00fcrk Tabipleri Birli\u011fi (KTTB) Dr. Mustafa Hami Konferans Salonunda yer alan 14 Mart T\u0131p Bayram\u0131 T\u00f6reni, sayg\u0131 duru\u015fu, \u0130stiklal Mar\u015f\u0131 ve kutlama mesajlar\u0131n\u0131n okunmas\u0131 ile ba\u015flad\u0131. T\u00f6rende, protokol konu\u015fmalar\u0131n\u0131,\u00a0Cumhuriyet\u00e7i T\u00fcrk Partisi Genel Ba\u015fkan\u0131 S\u0131la Usar \u0130ncirli,\u00a0\u00a0Halk\u0131n Partisi Genel Ba\u015fkan\u0131 Kudret \u00d6zersay,\u00a0Toplumcu Demokrasi Partisi Genel Ba\u015fkan\u0131 Zeki \u00c7eler yaparken,\u00a0K\u0131br\u0131s T\u00fcrk Serbest \u00c7al\u0131\u015fan Hekimler Birli\u011fi, K\u0131br\u0131s [&hellip;]<\/p>\n","protected":false},"author":1,"featured_media":35277,"comment_status":"open","ping_status":"open","sticky":false,"template":"","format":"standard","meta":{"jnews-multi-image_gallery":[],"jnews_single_post":[],"jnews_primary_category":[],"footnotes":""},"categories":[1],"tags":[],"class_list":["post-35276","post","type-post","status-publish","format-standard","has-post-thumbnail","hentry","category-kibris"],"yoast_head":"<!-- This site is optimized with the Yoast SEO plugin v27.5 - https:\/\/yoast.com\/product\/yoast-seo-wordpress\/ -->\n<title>14 Mart T\u0131p Bayram\u0131 kutland\u0131 - Haber Kuzey<\/title>\n<meta name=\"robots\" content=\"index, follow, max-snippet:-1, max-image-preview:large, max-video-preview:-1\" \/>\n<link rel=\"canonical\" href=\"https:\/\/haberkuzey.com\/index.php\/2026\/03\/14\/14-mart-tip-bayrami-kutlandi\/\" \/>\n<meta property=\"og:locale\" content=\"tr_TR\" \/>\n<meta property=\"og:type\" content=\"article\" \/>\n<meta property=\"og:title\" content=\"14 Mart T\u0131p Bayram\u0131 kutland\u0131 - Haber Kuzey\" \/>\n<meta property=\"og:description\" content=\"K\u0131br\u0131s T\u00fcrk Tabipleri Birli\u011fi (KTTB) Dr. Mustafa Hami Konferans Salonunda yer alan 14 Mart T\u0131p Bayram\u0131 T\u00f6reni, sayg\u0131 duru\u015fu, \u0130stiklal Mar\u015f\u0131 ve kutlama mesajlar\u0131n\u0131n okunmas\u0131 ile ba\u015flad\u0131. T\u00f6rende, protokol konu\u015fmalar\u0131n\u0131,\u00a0Cumhuriyet\u00e7i T\u00fcrk Partisi Genel Ba\u015fkan\u0131 S\u0131la Usar \u0130ncirli,\u00a0\u00a0Halk\u0131n Partisi Genel Ba\u015fkan\u0131 Kudret \u00d6zersay,\u00a0Toplumcu Demokrasi Partisi Genel Ba\u015fkan\u0131 Zeki \u00c7eler yaparken,\u00a0K\u0131br\u0131s T\u00fcrk Serbest \u00c7al\u0131\u015fan Hekimler Birli\u011fi, K\u0131br\u0131s [&hellip;]\" \/>\n<meta property=\"og:url\" content=\"https:\/\/haberkuzey.com\/index.php\/2026\/03\/14\/14-mart-tip-bayrami-kutlandi\/\" \/>\n<meta property=\"og:site_name\" content=\"Haber Kuzey\" \/>\n<meta property=\"article:published_time\" content=\"2026-03-14T11:43:13+00:00\" \/>\n<meta name=\"author\" content=\"haberkuzey\" \/>\n<meta name=\"twitter:card\" content=\"summary_large_image\" \/>\n<meta name=\"twitter:label1\" content=\"Yazan:\" \/>\n\t<meta name=\"twitter:data1\" content=\"haberkuzey\" \/>\n\t<meta name=\"twitter:label2\" content=\"Tahmini okuma s\u00fcresi\" \/>\n\t<meta name=\"twitter:data2\" content=\"11 dakika\" \/>\n<script type=\"application\/ld+json\" class=\"yoast-schema-graph\">{\"@context\":\"https:\\\/\\\/schema.org\",\"@graph\":[{\"@type\":\"Article\",\"@id\":\"https:\\\/\\\/haberkuzey.com\\\/index.php\\\/2026\\\/03\\\/14\\\/14-mart-tip-bayrami-kutlandi\\\/#article\",\"isPartOf\":{\"@id\":\"https:\\\/\\\/haberkuzey.com\\\/index.php\\\/2026\\\/03\\\/14\\\/14-mart-tip-bayrami-kutlandi\\\/\"},\"author\":{\"name\":\"haberkuzey\",\"@id\":\"https:\\\/\\\/haberkuzey.com\\\/#\\\/schema\\\/person\\\/3372109ec735f9333f4fa47ebb9605ca\"},\"headline\":\"14 Mart T\u0131p Bayram\u0131 kutland\u0131\",\"datePublished\":\"2026-03-14T11:43:13+00:00\",\"mainEntityOfPage\":{\"@id\":\"https:\\\/\\\/haberkuzey.com\\\/index.php\\\/2026\\\/03\\\/14\\\/14-mart-tip-bayrami-kutlandi\\\/\"},\"wordCount\":2160,\"commentCount\":0,\"image\":{\"@id\":\"https:\\\/\\\/haberkuzey.com\\\/index.php\\\/2026\\\/03\\\/14\\\/14-mart-tip-bayrami-kutlandi\\\/#primaryimage\"},\"thumbnailUrl\":\"https:\\\/\\\/haberkuzey.com\\\/wp-content\\\/uploads\\\/2026\\\/03\\\/1773482516266TIP-BAYRAMI-TORENI-ERO-3.jpg\",\"articleSection\":[\"K\u0131br\u0131s\"],\"inLanguage\":\"tr\",\"potentialAction\":[{\"@type\":\"CommentAction\",\"name\":\"Comment\",\"target\":[\"https:\\\/\\\/haberkuzey.com\\\/index.php\\\/2026\\\/03\\\/14\\\/14-mart-tip-bayrami-kutlandi\\\/#respond\"]}]},{\"@type\":\"WebPage\",\"@id\":\"https:\\\/\\\/haberkuzey.com\\\/index.php\\\/2026\\\/03\\\/14\\\/14-mart-tip-bayrami-kutlandi\\\/\",\"url\":\"https:\\\/\\\/haberkuzey.com\\\/index.php\\\/2026\\\/03\\\/14\\\/14-mart-tip-bayrami-kutlandi\\\/\",\"name\":\"14 Mart T\u0131p Bayram\u0131 kutland\u0131 - Haber Kuzey\",\"isPartOf\":{\"@id\":\"https:\\\/\\\/haberkuzey.com\\\/#website\"},\"primaryImageOfPage\":{\"@id\":\"https:\\\/\\\/haberkuzey.com\\\/index.php\\\/2026\\\/03\\\/14\\\/14-mart-tip-bayrami-kutlandi\\\/#primaryimage\"},\"image\":{\"@id\":\"https:\\\/\\\/haberkuzey.com\\\/index.php\\\/2026\\\/03\\\/14\\\/14-mart-tip-bayrami-kutlandi\\\/#primaryimage\"},\"thumbnailUrl\":\"https:\\\/\\\/haberkuzey.com\\\/wp-content\\\/uploads\\\/2026\\\/03\\\/1773482516266TIP-BAYRAMI-TORENI-ERO-3.jpg\",\"datePublished\":\"2026-03-14T11:43:13+00:00\",\"author\":{\"@id\":\"https:\\\/\\\/haberkuzey.com\\\/#\\\/schema\\\/person\\\/3372109ec735f9333f4fa47ebb9605ca\"},\"breadcrumb\":{\"@id\":\"https:\\\/\\\/haberkuzey.com\\\/index.php\\\/2026\\\/03\\\/14\\\/14-mart-tip-bayrami-kutlandi\\\/#breadcrumb\"},\"inLanguage\":\"tr\",\"potentialAction\":[{\"@type\":\"ReadAction\",\"target\":[\"https:\\\/\\\/haberkuzey.com\\\/index.php\\\/2026\\\/03\\\/14\\\/14-mart-tip-bayrami-kutlandi\\\/\"]}]},{\"@type\":\"ImageObject\",\"inLanguage\":\"tr\",\"@id\":\"https:\\\/\\\/haberkuzey.com\\\/index.php\\\/2026\\\/03\\\/14\\\/14-mart-tip-bayrami-kutlandi\\\/#primaryimage\",\"url\":\"https:\\\/\\\/haberkuzey.com\\\/wp-content\\\/uploads\\\/2026\\\/03\\\/1773482516266TIP-BAYRAMI-TORENI-ERO-3.jpg\",\"contentUrl\":\"https:\\\/\\\/haberkuzey.com\\\/wp-content\\\/uploads\\\/2026\\\/03\\\/1773482516266TIP-BAYRAMI-TORENI-ERO-3.jpg\",\"width\":2048,\"height\":1367},{\"@type\":\"BreadcrumbList\",\"@id\":\"https:\\\/\\\/haberkuzey.com\\\/index.php\\\/2026\\\/03\\\/14\\\/14-mart-tip-bayrami-kutlandi\\\/#breadcrumb\",\"itemListElement\":[{\"@type\":\"ListItem\",\"position\":1,\"name\":\"Anasayfa\",\"item\":\"https:\\\/\\\/haberkuzey.com\\\/\"},{\"@type\":\"ListItem\",\"position\":2,\"name\":\"14 Mart T\u0131p Bayram\u0131 kutland\u0131\"}]},{\"@type\":\"WebSite\",\"@id\":\"https:\\\/\\\/haberkuzey.com\\\/#website\",\"url\":\"https:\\\/\\\/haberkuzey.com\\\/\",\"name\":\"Haber Kuzey\",\"description\":\"Do\u011fru Haberin Adresi\",\"potentialAction\":[{\"@type\":\"SearchAction\",\"target\":{\"@type\":\"EntryPoint\",\"urlTemplate\":\"https:\\\/\\\/haberkuzey.com\\\/?s={search_term_string}\"},\"query-input\":{\"@type\":\"PropertyValueSpecification\",\"valueRequired\":true,\"valueName\":\"search_term_string\"}}],\"inLanguage\":\"tr\"},{\"@type\":\"Person\",\"@id\":\"https:\\\/\\\/haberkuzey.com\\\/#\\\/schema\\\/person\\\/3372109ec735f9333f4fa47ebb9605ca\",\"name\":\"haberkuzey\",\"image\":{\"@type\":\"ImageObject\",\"inLanguage\":\"tr\",\"@id\":\"https:\\\/\\\/secure.gravatar.com\\\/avatar\\\/f5fc875574b1575324358c3b9e6a32b8227aa5b74f3fa22e3cadb63e26fcc39c?s=96&d=mm&r=g\",\"url\":\"https:\\\/\\\/secure.gravatar.com\\\/avatar\\\/f5fc875574b1575324358c3b9e6a32b8227aa5b74f3fa22e3cadb63e26fcc39c?s=96&d=mm&r=g\",\"contentUrl\":\"https:\\\/\\\/secure.gravatar.com\\\/avatar\\\/f5fc875574b1575324358c3b9e6a32b8227aa5b74f3fa22e3cadb63e26fcc39c?s=96&d=mm&r=g\",\"caption\":\"haberkuzey\"},\"sameAs\":[\"https:\\\/\\\/haberkuzey.com\"],\"url\":\"https:\\\/\\\/haberkuzey.com\\\/index.php\\\/author\\\/haberkuzey\\\/\"}]}<\/script>\n<!-- \/ Yoast SEO plugin. -->","yoast_head_json":{"title":"14 Mart T\u0131p Bayram\u0131 kutland\u0131 - Haber Kuzey","robots":{"index":"index","follow":"follow","max-snippet":"max-snippet:-1","max-image-preview":"max-image-preview:large","max-video-preview":"max-video-preview:-1"},"canonical":"https:\/\/haberkuzey.com\/index.php\/2026\/03\/14\/14-mart-tip-bayrami-kutlandi\/","og_locale":"tr_TR","og_type":"article","og_title":"14 Mart T\u0131p Bayram\u0131 kutland\u0131 - Haber Kuzey","og_description":"K\u0131br\u0131s T\u00fcrk Tabipleri Birli\u011fi (KTTB) Dr. Mustafa Hami Konferans Salonunda yer alan 14 Mart T\u0131p Bayram\u0131 T\u00f6reni, sayg\u0131 duru\u015fu, \u0130stiklal Mar\u015f\u0131 ve kutlama mesajlar\u0131n\u0131n okunmas\u0131 ile ba\u015flad\u0131. T\u00f6rende, protokol konu\u015fmalar\u0131n\u0131,\u00a0Cumhuriyet\u00e7i T\u00fcrk Partisi Genel Ba\u015fkan\u0131 S\u0131la Usar \u0130ncirli,\u00a0\u00a0Halk\u0131n Partisi Genel Ba\u015fkan\u0131 Kudret \u00d6zersay,\u00a0Toplumcu Demokrasi Partisi Genel Ba\u015fkan\u0131 Zeki \u00c7eler yaparken,\u00a0K\u0131br\u0131s T\u00fcrk Serbest \u00c7al\u0131\u015fan Hekimler Birli\u011fi, K\u0131br\u0131s [&hellip;]","og_url":"https:\/\/haberkuzey.com\/index.php\/2026\/03\/14\/14-mart-tip-bayrami-kutlandi\/","og_site_name":"Haber Kuzey","article_published_time":"2026-03-14T11:43:13+00:00","author":"haberkuzey","twitter_card":"summary_large_image","twitter_misc":{"Yazan:":"haberkuzey","Tahmini okuma s\u00fcresi":"11 dakika"},"schema":{"@context":"https:\/\/schema.org","@graph":[{"@type":"Article","@id":"https:\/\/haberkuzey.com\/index.php\/2026\/03\/14\/14-mart-tip-bayrami-kutlandi\/#article","isPartOf":{"@id":"https:\/\/haberkuzey.com\/index.php\/2026\/03\/14\/14-mart-tip-bayrami-kutlandi\/"},"author":{"name":"haberkuzey","@id":"https:\/\/haberkuzey.com\/#\/schema\/person\/3372109ec735f9333f4fa47ebb9605ca"},"headline":"14 Mart T\u0131p Bayram\u0131 kutland\u0131","datePublished":"2026-03-14T11:43:13+00:00","mainEntityOfPage":{"@id":"https:\/\/haberkuzey.com\/index.php\/2026\/03\/14\/14-mart-tip-bayrami-kutlandi\/"},"wordCount":2160,"commentCount":0,"image":{"@id":"https:\/\/haberkuzey.com\/index.php\/2026\/03\/14\/14-mart-tip-bayrami-kutlandi\/#primaryimage"},"thumbnailUrl":"https:\/\/haberkuzey.com\/wp-content\/uploads\/2026\/03\/1773482516266TIP-BAYRAMI-TORENI-ERO-3.jpg","articleSection":["K\u0131br\u0131s"],"inLanguage":"tr","potentialAction":[{"@type":"CommentAction","name":"Comment","target":["https:\/\/haberkuzey.com\/index.php\/2026\/03\/14\/14-mart-tip-bayrami-kutlandi\/#respond"]}]},{"@type":"WebPage","@id":"https:\/\/haberkuzey.com\/index.php\/2026\/03\/14\/14-mart-tip-bayrami-kutlandi\/","url":"https:\/\/haberkuzey.com\/index.php\/2026\/03\/14\/14-mart-tip-bayrami-kutlandi\/","name":"14 Mart T\u0131p Bayram\u0131 kutland\u0131 - Haber Kuzey","isPartOf":{"@id":"https:\/\/haberkuzey.com\/#website"},"primaryImageOfPage":{"@id":"https:\/\/haberkuzey.com\/index.php\/2026\/03\/14\/14-mart-tip-bayrami-kutlandi\/#primaryimage"},"image":{"@id":"https:\/\/haberkuzey.com\/index.php\/2026\/03\/14\/14-mart-tip-bayrami-kutlandi\/#primaryimage"},"thumbnailUrl":"https:\/\/haberkuzey.com\/wp-content\/uploads\/2026\/03\/1773482516266TIP-BAYRAMI-TORENI-ERO-3.jpg","datePublished":"2026-03-14T11:43:13+00:00","author":{"@id":"https:\/\/haberkuzey.com\/#\/schema\/person\/3372109ec735f9333f4fa47ebb9605ca"},"breadcrumb":{"@id":"https:\/\/haberkuzey.com\/index.php\/2026\/03\/14\/14-mart-tip-bayrami-kutlandi\/#breadcrumb"},"inLanguage":"tr","potentialAction":[{"@type":"ReadAction","target":["https:\/\/haberkuzey.com\/index.php\/2026\/03\/14\/14-mart-tip-bayrami-kutlandi\/"]}]},{"@type":"ImageObject","inLanguage":"tr","@id":"https:\/\/haberkuzey.com\/index.php\/2026\/03\/14\/14-mart-tip-bayrami-kutlandi\/#primaryimage","url":"https:\/\/haberkuzey.com\/wp-content\/uploads\/2026\/03\/1773482516266TIP-BAYRAMI-TORENI-ERO-3.jpg","contentUrl":"https:\/\/haberkuzey.com\/wp-content\/uploads\/2026\/03\/1773482516266TIP-BAYRAMI-TORENI-ERO-3.jpg","width":2048,"height":1367},{"@type":"BreadcrumbList","@id":"https:\/\/haberkuzey.com\/index.php\/2026\/03\/14\/14-mart-tip-bayrami-kutlandi\/#breadcrumb","itemListElement":[{"@type":"ListItem","position":1,"name":"Anasayfa","item":"https:\/\/haberkuzey.com\/"},{"@type":"ListItem","position":2,"name":"14 Mart T\u0131p Bayram\u0131 kutland\u0131"}]},{"@type":"WebSite","@id":"https:\/\/haberkuzey.com\/#website","url":"https:\/\/haberkuzey.com\/","name":"Haber Kuzey","description":"Do\u011fru Haberin Adresi","potentialAction":[{"@type":"SearchAction","target":{"@type":"EntryPoint","urlTemplate":"https:\/\/haberkuzey.com\/?s={search_term_string}"},"query-input":{"@type":"PropertyValueSpecification","valueRequired":true,"valueName":"search_term_string"}}],"inLanguage":"tr"},{"@type":"Person","@id":"https:\/\/haberkuzey.com\/#\/schema\/person\/3372109ec735f9333f4fa47ebb9605ca","name":"haberkuzey","image":{"@type":"ImageObject","inLanguage":"tr","@id":"https:\/\/secure.gravatar.com\/avatar\/f5fc875574b1575324358c3b9e6a32b8227aa5b74f3fa22e3cadb63e26fcc39c?s=96&d=mm&r=g","url":"https:\/\/secure.gravatar.com\/avatar\/f5fc875574b1575324358c3b9e6a32b8227aa5b74f3fa22e3cadb63e26fcc39c?s=96&d=mm&r=g","contentUrl":"https:\/\/secure.gravatar.com\/avatar\/f5fc875574b1575324358c3b9e6a32b8227aa5b74f3fa22e3cadb63e26fcc39c?s=96&d=mm&r=g","caption":"haberkuzey"},"sameAs":["https:\/\/haberkuzey.com"],"url":"https:\/\/haberkuzey.com\/index.php\/author\/haberkuzey\/"}]}},"_links":{"self":[{"href":"https:\/\/haberkuzey.com\/index.php\/wp-json\/wp\/v2\/posts\/35276","targetHints":{"allow":["GET"]}}],"collection":[{"href":"https:\/\/haberkuzey.com\/index.php\/wp-json\/wp\/v2\/posts"}],"about":[{"href":"https:\/\/haberkuzey.com\/index.php\/wp-json\/wp\/v2\/types\/post"}],"author":[{"embeddable":true,"href":"https:\/\/haberkuzey.com\/index.php\/wp-json\/wp\/v2\/users\/1"}],"replies":[{"embeddable":true,"href":"https:\/\/haberkuzey.com\/index.php\/wp-json\/wp\/v2\/comments?post=35276"}],"version-history":[{"count":0,"href":"https:\/\/haberkuzey.com\/index.php\/wp-json\/wp\/v2\/posts\/35276\/revisions"}],"wp:featuredmedia":[{"embeddable":true,"href":"https:\/\/haberkuzey.com\/index.php\/wp-json\/wp\/v2\/media\/35277"}],"wp:attachment":[{"href":"https:\/\/haberkuzey.com\/index.php\/wp-json\/wp\/v2\/media?parent=35276"}],"wp:term":[{"taxonomy":"category","embeddable":true,"href":"https:\/\/haberkuzey.com\/index.php\/wp-json\/wp\/v2\/categories?post=35276"},{"taxonomy":"post_tag","embeddable":true,"href":"https:\/\/haberkuzey.com\/index.php\/wp-json\/wp\/v2\/tags?post=35276"}],"curies":[{"name":"wp","href":"https:\/\/api.w.org\/{rel}","templated":true}]}}