{"id":35274,"date":"2026-03-14T12:55:04","date_gmt":"2026-03-14T10:55:04","guid":{"rendered":"https:\/\/haberkuzey.com\/index.php\/2026\/03\/14\/iran-genelkurmay-baskanligi-abdnin-abraham-lincoln-ucak-gemisi-bolgeden-kacti\/"},"modified":"2026-03-14T12:55:04","modified_gmt":"2026-03-14T10:55:04","slug":"iran-genelkurmay-baskanligi-abdnin-abraham-lincoln-ucak-gemisi-bolgeden-kacti","status":"publish","type":"post","link":"https:\/\/haberkuzey.com\/index.php\/2026\/03\/14\/iran-genelkurmay-baskanligi-abdnin-abraham-lincoln-ucak-gemisi-bolgeden-kacti\/","title":{"rendered":"\u0130ran Genelkurmay Ba\u015fkanl\u0131\u011f\u0131: \u201cABD\u2019nin Abraham Lincoln u\u00e7ak gemisi b\u00f6lgeden ka\u00e7t\u0131\u201d"},"content":{"rendered":"<div>\u0130ran medyas\u0131nda yer alan haberlere g\u00f6re Genelkurmay Ba\u015fkanl\u0131\u011f\u0131 S\u00f6zc\u00fcs\u00fc Tu\u011fgeneral \u015eikar\u00e7i, b\u00f6lge \u00fclkelerinin ABD&#8217;ye g\u00fcvenmemesi gerekti\u011fini s\u00f6yledi.<\/div>\n<div><\/div>\n<div>&#8220;Amerika&#8217;n\u0131n kukla g\u00fcc\u00fcne g\u00fcvenmeyin. Kendi zay\u0131f ordular\u0131n\u0131 bile savunamayan Amerikal\u0131lar, M\u00fcsl\u00fcman \u00fclkelerin ve b\u00f6lgenin g\u00fcvenli\u011fini sa\u011flayamazlar.&#8221; diyen \u015eikar\u00e7i, &#8220;ABD ve Siyonistlerin \u00f6nderli\u011findeki k\u00fcf\u00fcr, \u015firk ve fitneye kar\u015f\u0131 \u0130slam d\u00fcnyas\u0131n\u0131n birle\u015fmesi&#8221; \u00e7a\u011fr\u0131s\u0131nda bulundu.<\/div>\n<div><\/div>\n<div>\u015eikar\u00e7i, ABD&#8217;nin b\u00f6lgedeki USS Abraham Lincoln u\u00e7ak gemisinin de \u0130ran Silahl\u0131 Kuvvetleri taraf\u0131ndan hedef al\u0131nd\u0131\u011f\u0131n\u0131 s\u00f6yledi.<\/div>\n<div><\/div>\n<div>\u0130ranl\u0131 S\u00f6zc\u00fc, &#8220;ABD&#8217;nin en b\u00fcy\u00fck sava\u015f gemisi olan ve ad\u0131n\u0131 kullanarak M\u00fcsl\u00fcmanlara ter\u00f6r estiren ve kaynaklar\u0131n\u0131 ya\u011fmalayan Abraham Lincoln, M\u00fcsl\u00fcman \u00fclke \u0130ran&#8217;\u0131n g\u00fcc\u00fcyle etkisiz hale getirildi ve tarihi bir yenilgiyle operasyonel menzilden ka\u00e7mak zorunda kald\u0131.&#8221; ifadelerini kulland\u0131.<\/div>\n<div><\/div>\n<div>\u0130ranl\u0131 komutan, u\u00e7ak gemisinin ABD&#8217;ye do\u011fru d\u00f6n\u00fc\u015f yoluna ge\u00e7ti\u011fini s\u00f6yledi.<\/div>\n<p>\u0130ran Genelkurmay Ba\u015fkanl\u0131\u011f\u0131: &#8220;ABD&#8217;nin Abraham Lincoln u\u00e7ak gemisi b\u00f6lgeden ka\u00e7t\u0131&#8221; yaz\u0131s\u0131 ilk \u00f6nce K\u0131br\u0131s Hakikat \u00fczerinde ortaya \u00e7\u0131kt\u0131.<\/p>\n","protected":false},"excerpt":{"rendered":"<p>\u0130ran medyas\u0131nda yer alan haberlere g\u00f6re Genelkurmay Ba\u015fkanl\u0131\u011f\u0131 S\u00f6zc\u00fcs\u00fc Tu\u011fgeneral \u015eikar\u00e7i, b\u00f6lge \u00fclkelerinin ABD&#8217;ye g\u00fcvenmemesi gerekti\u011fini s\u00f6yledi. &#8220;Amerika&#8217;n\u0131n kukla g\u00fcc\u00fcne g\u00fcvenmeyin. Kendi zay\u0131f ordular\u0131n\u0131 bile savunamayan Amerikal\u0131lar, M\u00fcsl\u00fcman \u00fclkelerin ve b\u00f6lgenin g\u00fcvenli\u011fini sa\u011flayamazlar.&#8221; diyen \u015eikar\u00e7i, &#8220;ABD ve Siyonistlerin \u00f6nderli\u011findeki k\u00fcf\u00fcr, \u015firk ve fitneye kar\u015f\u0131 \u0130slam d\u00fcnyas\u0131n\u0131n birle\u015fmesi&#8221; \u00e7a\u011fr\u0131s\u0131nda bulundu. \u015eikar\u00e7i, ABD&#8217;nin b\u00f6lgedeki USS Abraham Lincoln [&hellip;]<\/p>\n","protected":false},"author":1,"featured_media":35275,"comment_status":"open","ping_status":"open","sticky":false,"template":"","format":"standard","meta":{"jnews-multi-image_gallery":[],"jnews_single_post":[],"jnews_primary_category":[],"footnotes":""},"categories":[1],"tags":[],"class_list":["post-35274","post","type-post","status-publish","format-standard","has-post-thumbnail","hentry","category-kibris"],"yoast_head":"<!-- This site is optimized with the Yoast SEO plugin v27.5 - https:\/\/yoast.com\/product\/yoast-seo-wordpress\/ -->\n<title>\u0130ran Genelkurmay Ba\u015fkanl\u0131\u011f\u0131: \u201cABD\u2019nin Abraham Lincoln u\u00e7ak gemisi b\u00f6lgeden ka\u00e7t\u0131\u201d - Haber Kuzey<\/title>\n<meta name=\"robots\" content=\"index, follow, max-snippet:-1, max-image-preview:large, max-video-preview:-1\" \/>\n<link rel=\"canonical\" href=\"https:\/\/haberkuzey.com\/index.php\/2026\/03\/14\/iran-genelkurmay-baskanligi-abdnin-abraham-lincoln-ucak-gemisi-bolgeden-kacti\/\" \/>\n<meta property=\"og:locale\" content=\"tr_TR\" \/>\n<meta property=\"og:type\" content=\"article\" \/>\n<meta property=\"og:title\" content=\"\u0130ran Genelkurmay Ba\u015fkanl\u0131\u011f\u0131: \u201cABD\u2019nin Abraham Lincoln u\u00e7ak gemisi b\u00f6lgeden ka\u00e7t\u0131\u201d - Haber Kuzey\" \/>\n<meta property=\"og:description\" content=\"\u0130ran medyas\u0131nda yer alan haberlere g\u00f6re Genelkurmay Ba\u015fkanl\u0131\u011f\u0131 S\u00f6zc\u00fcs\u00fc Tu\u011fgeneral \u015eikar\u00e7i, b\u00f6lge \u00fclkelerinin ABD&#8217;ye g\u00fcvenmemesi gerekti\u011fini s\u00f6yledi. &#8220;Amerika&#8217;n\u0131n kukla g\u00fcc\u00fcne g\u00fcvenmeyin. Kendi zay\u0131f ordular\u0131n\u0131 bile savunamayan Amerikal\u0131lar, M\u00fcsl\u00fcman \u00fclkelerin ve b\u00f6lgenin g\u00fcvenli\u011fini sa\u011flayamazlar.&#8221; diyen \u015eikar\u00e7i, &#8220;ABD ve Siyonistlerin \u00f6nderli\u011findeki k\u00fcf\u00fcr, \u015firk ve fitneye kar\u015f\u0131 \u0130slam d\u00fcnyas\u0131n\u0131n birle\u015fmesi&#8221; \u00e7a\u011fr\u0131s\u0131nda bulundu. \u015eikar\u00e7i, ABD&#8217;nin b\u00f6lgedeki USS Abraham Lincoln [&hellip;]\" \/>\n<meta property=\"og:url\" content=\"https:\/\/haberkuzey.com\/index.php\/2026\/03\/14\/iran-genelkurmay-baskanligi-abdnin-abraham-lincoln-ucak-gemisi-bolgeden-kacti\/\" \/>\n<meta property=\"og:site_name\" content=\"Haber Kuzey\" \/>\n<meta property=\"article:published_time\" content=\"2026-03-14T10:55:04+00:00\" \/>\n<meta name=\"author\" content=\"haberkuzey\" \/>\n<meta name=\"twitter:card\" content=\"summary_large_image\" \/>\n<meta name=\"twitter:label1\" content=\"Yazan:\" \/>\n\t<meta name=\"twitter:data1\" content=\"haberkuzey\" \/>\n\t<meta name=\"twitter:label2\" content=\"Tahmini okuma s\u00fcresi\" \/>\n\t<meta name=\"twitter:data2\" content=\"1 dakika\" \/>\n<script type=\"application\/ld+json\" class=\"yoast-schema-graph\">{\"@context\":\"https:\\\/\\\/schema.org\",\"@graph\":[{\"@type\":\"Article\",\"@id\":\"https:\\\/\\\/haberkuzey.com\\\/index.php\\\/2026\\\/03\\\/14\\\/iran-genelkurmay-baskanligi-abdnin-abraham-lincoln-ucak-gemisi-bolgeden-kacti\\\/#article\",\"isPartOf\":{\"@id\":\"https:\\\/\\\/haberkuzey.com\\\/index.php\\\/2026\\\/03\\\/14\\\/iran-genelkurmay-baskanligi-abdnin-abraham-lincoln-ucak-gemisi-bolgeden-kacti\\\/\"},\"author\":{\"name\":\"haberkuzey\",\"@id\":\"https:\\\/\\\/haberkuzey.com\\\/#\\\/schema\\\/person\\\/3372109ec735f9333f4fa47ebb9605ca\"},\"headline\":\"\u0130ran Genelkurmay Ba\u015fkanl\u0131\u011f\u0131: \u201cABD\u2019nin Abraham Lincoln u\u00e7ak gemisi b\u00f6lgeden ka\u00e7t\u0131\u201d\",\"datePublished\":\"2026-03-14T10:55:04+00:00\",\"mainEntityOfPage\":{\"@id\":\"https:\\\/\\\/haberkuzey.com\\\/index.php\\\/2026\\\/03\\\/14\\\/iran-genelkurmay-baskanligi-abdnin-abraham-lincoln-ucak-gemisi-bolgeden-kacti\\\/\"},\"wordCount\":221,\"commentCount\":0,\"image\":{\"@id\":\"https:\\\/\\\/haberkuzey.com\\\/index.php\\\/2026\\\/03\\\/14\\\/iran-genelkurmay-baskanligi-abdnin-abraham-lincoln-ucak-gemisi-bolgeden-kacti\\\/#primaryimage\"},\"thumbnailUrl\":\"https:\\\/\\\/haberkuzey.com\\\/wp-content\\\/uploads\\\/2026\\\/03\\\/1773481289512937516Image1.jpg\",\"articleSection\":[\"K\u0131br\u0131s\"],\"inLanguage\":\"tr\",\"potentialAction\":[{\"@type\":\"CommentAction\",\"name\":\"Comment\",\"target\":[\"https:\\\/\\\/haberkuzey.com\\\/index.php\\\/2026\\\/03\\\/14\\\/iran-genelkurmay-baskanligi-abdnin-abraham-lincoln-ucak-gemisi-bolgeden-kacti\\\/#respond\"]}]},{\"@type\":\"WebPage\",\"@id\":\"https:\\\/\\\/haberkuzey.com\\\/index.php\\\/2026\\\/03\\\/14\\\/iran-genelkurmay-baskanligi-abdnin-abraham-lincoln-ucak-gemisi-bolgeden-kacti\\\/\",\"url\":\"https:\\\/\\\/haberkuzey.com\\\/index.php\\\/2026\\\/03\\\/14\\\/iran-genelkurmay-baskanligi-abdnin-abraham-lincoln-ucak-gemisi-bolgeden-kacti\\\/\",\"name\":\"\u0130ran Genelkurmay Ba\u015fkanl\u0131\u011f\u0131: \u201cABD\u2019nin Abraham Lincoln u\u00e7ak gemisi b\u00f6lgeden ka\u00e7t\u0131\u201d - Haber Kuzey\",\"isPartOf\":{\"@id\":\"https:\\\/\\\/haberkuzey.com\\\/#website\"},\"primaryImageOfPage\":{\"@id\":\"https:\\\/\\\/haberkuzey.com\\\/index.php\\\/2026\\\/03\\\/14\\\/iran-genelkurmay-baskanligi-abdnin-abraham-lincoln-ucak-gemisi-bolgeden-kacti\\\/#primaryimage\"},\"image\":{\"@id\":\"https:\\\/\\\/haberkuzey.com\\\/index.php\\\/2026\\\/03\\\/14\\\/iran-genelkurmay-baskanligi-abdnin-abraham-lincoln-ucak-gemisi-bolgeden-kacti\\\/#primaryimage\"},\"thumbnailUrl\":\"https:\\\/\\\/haberkuzey.com\\\/wp-content\\\/uploads\\\/2026\\\/03\\\/1773481289512937516Image1.jpg\",\"datePublished\":\"2026-03-14T10:55:04+00:00\",\"author\":{\"@id\":\"https:\\\/\\\/haberkuzey.com\\\/#\\\/schema\\\/person\\\/3372109ec735f9333f4fa47ebb9605ca\"},\"breadcrumb\":{\"@id\":\"https:\\\/\\\/haberkuzey.com\\\/index.php\\\/2026\\\/03\\\/14\\\/iran-genelkurmay-baskanligi-abdnin-abraham-lincoln-ucak-gemisi-bolgeden-kacti\\\/#breadcrumb\"},\"inLanguage\":\"tr\",\"potentialAction\":[{\"@type\":\"ReadAction\",\"target\":[\"https:\\\/\\\/haberkuzey.com\\\/index.php\\\/2026\\\/03\\\/14\\\/iran-genelkurmay-baskanligi-abdnin-abraham-lincoln-ucak-gemisi-bolgeden-kacti\\\/\"]}]},{\"@type\":\"ImageObject\",\"inLanguage\":\"tr\",\"@id\":\"https:\\\/\\\/haberkuzey.com\\\/index.php\\\/2026\\\/03\\\/14\\\/iran-genelkurmay-baskanligi-abdnin-abraham-lincoln-ucak-gemisi-bolgeden-kacti\\\/#primaryimage\",\"url\":\"https:\\\/\\\/haberkuzey.com\\\/wp-content\\\/uploads\\\/2026\\\/03\\\/1773481289512937516Image1.jpg\",\"contentUrl\":\"https:\\\/\\\/haberkuzey.com\\\/wp-content\\\/uploads\\\/2026\\\/03\\\/1773481289512937516Image1.jpg\",\"width\":1500,\"height\":945},{\"@type\":\"BreadcrumbList\",\"@id\":\"https:\\\/\\\/haberkuzey.com\\\/index.php\\\/2026\\\/03\\\/14\\\/iran-genelkurmay-baskanligi-abdnin-abraham-lincoln-ucak-gemisi-bolgeden-kacti\\\/#breadcrumb\",\"itemListElement\":[{\"@type\":\"ListItem\",\"position\":1,\"name\":\"Anasayfa\",\"item\":\"https:\\\/\\\/haberkuzey.com\\\/\"},{\"@type\":\"ListItem\",\"position\":2,\"name\":\"\u0130ran Genelkurmay Ba\u015fkanl\u0131\u011f\u0131: \u201cABD\u2019nin Abraham Lincoln u\u00e7ak gemisi b\u00f6lgeden ka\u00e7t\u0131\u201d\"}]},{\"@type\":\"WebSite\",\"@id\":\"https:\\\/\\\/haberkuzey.com\\\/#website\",\"url\":\"https:\\\/\\\/haberkuzey.com\\\/\",\"name\":\"Haber Kuzey\",\"description\":\"Do\u011fru Haberin Adresi\",\"potentialAction\":[{\"@type\":\"SearchAction\",\"target\":{\"@type\":\"EntryPoint\",\"urlTemplate\":\"https:\\\/\\\/haberkuzey.com\\\/?s={search_term_string}\"},\"query-input\":{\"@type\":\"PropertyValueSpecification\",\"valueRequired\":true,\"valueName\":\"search_term_string\"}}],\"inLanguage\":\"tr\"},{\"@type\":\"Person\",\"@id\":\"https:\\\/\\\/haberkuzey.com\\\/#\\\/schema\\\/person\\\/3372109ec735f9333f4fa47ebb9605ca\",\"name\":\"haberkuzey\",\"image\":{\"@type\":\"ImageObject\",\"inLanguage\":\"tr\",\"@id\":\"https:\\\/\\\/secure.gravatar.com\\\/avatar\\\/f5fc875574b1575324358c3b9e6a32b8227aa5b74f3fa22e3cadb63e26fcc39c?s=96&d=mm&r=g\",\"url\":\"https:\\\/\\\/secure.gravatar.com\\\/avatar\\\/f5fc875574b1575324358c3b9e6a32b8227aa5b74f3fa22e3cadb63e26fcc39c?s=96&d=mm&r=g\",\"contentUrl\":\"https:\\\/\\\/secure.gravatar.com\\\/avatar\\\/f5fc875574b1575324358c3b9e6a32b8227aa5b74f3fa22e3cadb63e26fcc39c?s=96&d=mm&r=g\",\"caption\":\"haberkuzey\"},\"sameAs\":[\"https:\\\/\\\/haberkuzey.com\"],\"url\":\"https:\\\/\\\/haberkuzey.com\\\/index.php\\\/author\\\/haberkuzey\\\/\"}]}<\/script>\n<!-- \/ Yoast SEO plugin. -->","yoast_head_json":{"title":"\u0130ran Genelkurmay Ba\u015fkanl\u0131\u011f\u0131: \u201cABD\u2019nin Abraham Lincoln u\u00e7ak gemisi b\u00f6lgeden ka\u00e7t\u0131\u201d - Haber Kuzey","robots":{"index":"index","follow":"follow","max-snippet":"max-snippet:-1","max-image-preview":"max-image-preview:large","max-video-preview":"max-video-preview:-1"},"canonical":"https:\/\/haberkuzey.com\/index.php\/2026\/03\/14\/iran-genelkurmay-baskanligi-abdnin-abraham-lincoln-ucak-gemisi-bolgeden-kacti\/","og_locale":"tr_TR","og_type":"article","og_title":"\u0130ran Genelkurmay Ba\u015fkanl\u0131\u011f\u0131: \u201cABD\u2019nin Abraham Lincoln u\u00e7ak gemisi b\u00f6lgeden ka\u00e7t\u0131\u201d - Haber Kuzey","og_description":"\u0130ran medyas\u0131nda yer alan haberlere g\u00f6re Genelkurmay Ba\u015fkanl\u0131\u011f\u0131 S\u00f6zc\u00fcs\u00fc Tu\u011fgeneral \u015eikar\u00e7i, b\u00f6lge \u00fclkelerinin ABD&#8217;ye g\u00fcvenmemesi gerekti\u011fini s\u00f6yledi. &#8220;Amerika&#8217;n\u0131n kukla g\u00fcc\u00fcne g\u00fcvenmeyin. Kendi zay\u0131f ordular\u0131n\u0131 bile savunamayan Amerikal\u0131lar, M\u00fcsl\u00fcman \u00fclkelerin ve b\u00f6lgenin g\u00fcvenli\u011fini sa\u011flayamazlar.&#8221; diyen \u015eikar\u00e7i, &#8220;ABD ve Siyonistlerin \u00f6nderli\u011findeki k\u00fcf\u00fcr, \u015firk ve fitneye kar\u015f\u0131 \u0130slam d\u00fcnyas\u0131n\u0131n birle\u015fmesi&#8221; \u00e7a\u011fr\u0131s\u0131nda bulundu. \u015eikar\u00e7i, ABD&#8217;nin b\u00f6lgedeki USS Abraham Lincoln [&hellip;]","og_url":"https:\/\/haberkuzey.com\/index.php\/2026\/03\/14\/iran-genelkurmay-baskanligi-abdnin-abraham-lincoln-ucak-gemisi-bolgeden-kacti\/","og_site_name":"Haber Kuzey","article_published_time":"2026-03-14T10:55:04+00:00","author":"haberkuzey","twitter_card":"summary_large_image","twitter_misc":{"Yazan:":"haberkuzey","Tahmini okuma s\u00fcresi":"1 dakika"},"schema":{"@context":"https:\/\/schema.org","@graph":[{"@type":"Article","@id":"https:\/\/haberkuzey.com\/index.php\/2026\/03\/14\/iran-genelkurmay-baskanligi-abdnin-abraham-lincoln-ucak-gemisi-bolgeden-kacti\/#article","isPartOf":{"@id":"https:\/\/haberkuzey.com\/index.php\/2026\/03\/14\/iran-genelkurmay-baskanligi-abdnin-abraham-lincoln-ucak-gemisi-bolgeden-kacti\/"},"author":{"name":"haberkuzey","@id":"https:\/\/haberkuzey.com\/#\/schema\/person\/3372109ec735f9333f4fa47ebb9605ca"},"headline":"\u0130ran Genelkurmay Ba\u015fkanl\u0131\u011f\u0131: \u201cABD\u2019nin Abraham Lincoln u\u00e7ak gemisi b\u00f6lgeden ka\u00e7t\u0131\u201d","datePublished":"2026-03-14T10:55:04+00:00","mainEntityOfPage":{"@id":"https:\/\/haberkuzey.com\/index.php\/2026\/03\/14\/iran-genelkurmay-baskanligi-abdnin-abraham-lincoln-ucak-gemisi-bolgeden-kacti\/"},"wordCount":221,"commentCount":0,"image":{"@id":"https:\/\/haberkuzey.com\/index.php\/2026\/03\/14\/iran-genelkurmay-baskanligi-abdnin-abraham-lincoln-ucak-gemisi-bolgeden-kacti\/#primaryimage"},"thumbnailUrl":"https:\/\/haberkuzey.com\/wp-content\/uploads\/2026\/03\/1773481289512937516Image1.jpg","articleSection":["K\u0131br\u0131s"],"inLanguage":"tr","potentialAction":[{"@type":"CommentAction","name":"Comment","target":["https:\/\/haberkuzey.com\/index.php\/2026\/03\/14\/iran-genelkurmay-baskanligi-abdnin-abraham-lincoln-ucak-gemisi-bolgeden-kacti\/#respond"]}]},{"@type":"WebPage","@id":"https:\/\/haberkuzey.com\/index.php\/2026\/03\/14\/iran-genelkurmay-baskanligi-abdnin-abraham-lincoln-ucak-gemisi-bolgeden-kacti\/","url":"https:\/\/haberkuzey.com\/index.php\/2026\/03\/14\/iran-genelkurmay-baskanligi-abdnin-abraham-lincoln-ucak-gemisi-bolgeden-kacti\/","name":"\u0130ran Genelkurmay Ba\u015fkanl\u0131\u011f\u0131: \u201cABD\u2019nin Abraham Lincoln u\u00e7ak gemisi b\u00f6lgeden ka\u00e7t\u0131\u201d - Haber Kuzey","isPartOf":{"@id":"https:\/\/haberkuzey.com\/#website"},"primaryImageOfPage":{"@id":"https:\/\/haberkuzey.com\/index.php\/2026\/03\/14\/iran-genelkurmay-baskanligi-abdnin-abraham-lincoln-ucak-gemisi-bolgeden-kacti\/#primaryimage"},"image":{"@id":"https:\/\/haberkuzey.com\/index.php\/2026\/03\/14\/iran-genelkurmay-baskanligi-abdnin-abraham-lincoln-ucak-gemisi-bolgeden-kacti\/#primaryimage"},"thumbnailUrl":"https:\/\/haberkuzey.com\/wp-content\/uploads\/2026\/03\/1773481289512937516Image1.jpg","datePublished":"2026-03-14T10:55:04+00:00","author":{"@id":"https:\/\/haberkuzey.com\/#\/schema\/person\/3372109ec735f9333f4fa47ebb9605ca"},"breadcrumb":{"@id":"https:\/\/haberkuzey.com\/index.php\/2026\/03\/14\/iran-genelkurmay-baskanligi-abdnin-abraham-lincoln-ucak-gemisi-bolgeden-kacti\/#breadcrumb"},"inLanguage":"tr","potentialAction":[{"@type":"ReadAction","target":["https:\/\/haberkuzey.com\/index.php\/2026\/03\/14\/iran-genelkurmay-baskanligi-abdnin-abraham-lincoln-ucak-gemisi-bolgeden-kacti\/"]}]},{"@type":"ImageObject","inLanguage":"tr","@id":"https:\/\/haberkuzey.com\/index.php\/2026\/03\/14\/iran-genelkurmay-baskanligi-abdnin-abraham-lincoln-ucak-gemisi-bolgeden-kacti\/#primaryimage","url":"https:\/\/haberkuzey.com\/wp-content\/uploads\/2026\/03\/1773481289512937516Image1.jpg","contentUrl":"https:\/\/haberkuzey.com\/wp-content\/uploads\/2026\/03\/1773481289512937516Image1.jpg","width":1500,"height":945},{"@type":"BreadcrumbList","@id":"https:\/\/haberkuzey.com\/index.php\/2026\/03\/14\/iran-genelkurmay-baskanligi-abdnin-abraham-lincoln-ucak-gemisi-bolgeden-kacti\/#breadcrumb","itemListElement":[{"@type":"ListItem","position":1,"name":"Anasayfa","item":"https:\/\/haberkuzey.com\/"},{"@type":"ListItem","position":2,"name":"\u0130ran Genelkurmay Ba\u015fkanl\u0131\u011f\u0131: \u201cABD\u2019nin Abraham Lincoln u\u00e7ak gemisi b\u00f6lgeden ka\u00e7t\u0131\u201d"}]},{"@type":"WebSite","@id":"https:\/\/haberkuzey.com\/#website","url":"https:\/\/haberkuzey.com\/","name":"Haber Kuzey","description":"Do\u011fru Haberin Adresi","potentialAction":[{"@type":"SearchAction","target":{"@type":"EntryPoint","urlTemplate":"https:\/\/haberkuzey.com\/?s={search_term_string}"},"query-input":{"@type":"PropertyValueSpecification","valueRequired":true,"valueName":"search_term_string"}}],"inLanguage":"tr"},{"@type":"Person","@id":"https:\/\/haberkuzey.com\/#\/schema\/person\/3372109ec735f9333f4fa47ebb9605ca","name":"haberkuzey","image":{"@type":"ImageObject","inLanguage":"tr","@id":"https:\/\/secure.gravatar.com\/avatar\/f5fc875574b1575324358c3b9e6a32b8227aa5b74f3fa22e3cadb63e26fcc39c?s=96&d=mm&r=g","url":"https:\/\/secure.gravatar.com\/avatar\/f5fc875574b1575324358c3b9e6a32b8227aa5b74f3fa22e3cadb63e26fcc39c?s=96&d=mm&r=g","contentUrl":"https:\/\/secure.gravatar.com\/avatar\/f5fc875574b1575324358c3b9e6a32b8227aa5b74f3fa22e3cadb63e26fcc39c?s=96&d=mm&r=g","caption":"haberkuzey"},"sameAs":["https:\/\/haberkuzey.com"],"url":"https:\/\/haberkuzey.com\/index.php\/author\/haberkuzey\/"}]}},"_links":{"self":[{"href":"https:\/\/haberkuzey.com\/index.php\/wp-json\/wp\/v2\/posts\/35274","targetHints":{"allow":["GET"]}}],"collection":[{"href":"https:\/\/haberkuzey.com\/index.php\/wp-json\/wp\/v2\/posts"}],"about":[{"href":"https:\/\/haberkuzey.com\/index.php\/wp-json\/wp\/v2\/types\/post"}],"author":[{"embeddable":true,"href":"https:\/\/haberkuzey.com\/index.php\/wp-json\/wp\/v2\/users\/1"}],"replies":[{"embeddable":true,"href":"https:\/\/haberkuzey.com\/index.php\/wp-json\/wp\/v2\/comments?post=35274"}],"version-history":[{"count":0,"href":"https:\/\/haberkuzey.com\/index.php\/wp-json\/wp\/v2\/posts\/35274\/revisions"}],"wp:featuredmedia":[{"embeddable":true,"href":"https:\/\/haberkuzey.com\/index.php\/wp-json\/wp\/v2\/media\/35275"}],"wp:attachment":[{"href":"https:\/\/haberkuzey.com\/index.php\/wp-json\/wp\/v2\/media?parent=35274"}],"wp:term":[{"taxonomy":"category","embeddable":true,"href":"https:\/\/haberkuzey.com\/index.php\/wp-json\/wp\/v2\/categories?post=35274"},{"taxonomy":"post_tag","embeddable":true,"href":"https:\/\/haberkuzey.com\/index.php\/wp-json\/wp\/v2\/tags?post=35274"}],"curies":[{"name":"wp","href":"https:\/\/api.w.org\/{rel}","templated":true}]}}