{"id":35270,"date":"2026-03-14T12:37:11","date_gmt":"2026-03-14T10:37:11","guid":{"rendered":"https:\/\/haberkuzey.com\/index.php\/2026\/03\/14\/catalkoy-esentepe-belediyesinde-yeni-hizmet-kompleksinin-temeli-atildi\/"},"modified":"2026-03-14T12:37:11","modified_gmt":"2026-03-14T10:37:11","slug":"catalkoy-esentepe-belediyesinde-yeni-hizmet-kompleksinin-temeli-atildi","status":"publish","type":"post","link":"https:\/\/haberkuzey.com\/index.php\/2026\/03\/14\/catalkoy-esentepe-belediyesinde-yeni-hizmet-kompleksinin-temeli-atildi\/","title":{"rendered":"\u00c7atalk\u00f6y\u2013Esentepe Belediyesi\u2019nde yeni hizmet kompleksinin temeli at\u0131ld\u0131"},"content":{"rendered":"<p style=\"font-weight: 300\"><span style=\"font-weight: 300 !important\">K\u0131rok,\u00a0 binan\u0131n belediye \u00e7al\u0131\u015fanlar\u0131n\u0131n daha modern ve verimli ko\u015fullarda hizmet verebilmesi amac\u0131yla hayata ge\u00e7irilece\u011fini belirtti.<\/span><\/p>\n<p style=\"font-weight: 300\"><span style=\"font-weight: 300 !important\">Projenin belediye personeli taraf\u0131ndan haz\u0131rland\u0131\u011f\u0131n\u0131 kaydeden K\u0131rok, komplekste t\u00fcm \u00e7al\u0131\u015fma ara\u00e7lar\u0131, teknik personel birimleri, ara\u00e7 bak\u0131m \u00fcnitesi (kademe) ve malzeme depolar\u0131n\u0131n tek bir noktada toplanaca\u011f\u0131n\u0131 vurgulad\u0131.<\/span><\/p>\n<p style=\"font-weight: 300\"><span style=\"font-weight: 300 !important\">K\u0131rok a\u00e7\u0131klamas\u0131nda, \u201cBug\u00fcn \u00e7al\u0131\u015fanlar\u0131m\u0131z\u0131n daha modern ve verimli \u015fartlarda hizmet verebilmesi i\u00e7in \u00f6nemli bir ad\u0131m att\u0131k. B\u00f6lgemize de\u011fer katacak bu \u00f6nemli yat\u0131r\u0131m\u0131n halk\u0131m\u0131za hay\u0131rl\u0131 olmas\u0131n\u0131 diliyorum\u201d ifadelerini kulland\u0131.<\/span><\/p>\n<p>\u00c7atalk\u00f6y\u2013Esentepe Belediyesi\u2019nde yeni hizmet kompleksinin temeli at\u0131ld\u0131 yaz\u0131s\u0131 ilk \u00f6nce K\u0131br\u0131s Hakikat \u00fczerinde ortaya \u00e7\u0131kt\u0131.<\/p>\n","protected":false},"excerpt":{"rendered":"<p>K\u0131rok,\u00a0 binan\u0131n belediye \u00e7al\u0131\u015fanlar\u0131n\u0131n daha modern ve verimli ko\u015fullarda hizmet verebilmesi amac\u0131yla hayata ge\u00e7irilece\u011fini belirtti. Projenin belediye personeli taraf\u0131ndan haz\u0131rland\u0131\u011f\u0131n\u0131 kaydeden K\u0131rok, komplekste t\u00fcm \u00e7al\u0131\u015fma ara\u00e7lar\u0131, teknik personel birimleri, ara\u00e7 bak\u0131m \u00fcnitesi (kademe) ve malzeme depolar\u0131n\u0131n tek bir noktada toplanaca\u011f\u0131n\u0131 vurgulad\u0131. K\u0131rok a\u00e7\u0131klamas\u0131nda, \u201cBug\u00fcn \u00e7al\u0131\u015fanlar\u0131m\u0131z\u0131n daha modern ve verimli \u015fartlarda hizmet verebilmesi i\u00e7in \u00f6nemli bir [&hellip;]<\/p>\n","protected":false},"author":1,"featured_media":35271,"comment_status":"open","ping_status":"open","sticky":false,"template":"","format":"standard","meta":{"jnews-multi-image_gallery":[],"jnews_single_post":[],"jnews_primary_category":[],"footnotes":""},"categories":[1],"tags":[],"class_list":["post-35270","post","type-post","status-publish","format-standard","has-post-thumbnail","hentry","category-kibris"],"yoast_head":"<!-- This site is optimized with the Yoast SEO plugin v27.5 - https:\/\/yoast.com\/product\/yoast-seo-wordpress\/ -->\n<title>\u00c7atalk\u00f6y\u2013Esentepe Belediyesi\u2019nde yeni hizmet kompleksinin temeli at\u0131ld\u0131 - Haber Kuzey<\/title>\n<meta name=\"robots\" content=\"index, follow, max-snippet:-1, max-image-preview:large, max-video-preview:-1\" \/>\n<link rel=\"canonical\" href=\"https:\/\/haberkuzey.com\/index.php\/2026\/03\/14\/catalkoy-esentepe-belediyesinde-yeni-hizmet-kompleksinin-temeli-atildi\/\" \/>\n<meta property=\"og:locale\" content=\"tr_TR\" \/>\n<meta property=\"og:type\" content=\"article\" \/>\n<meta property=\"og:title\" content=\"\u00c7atalk\u00f6y\u2013Esentepe Belediyesi\u2019nde yeni hizmet kompleksinin temeli at\u0131ld\u0131 - Haber Kuzey\" \/>\n<meta property=\"og:description\" content=\"K\u0131rok,\u00a0 binan\u0131n belediye \u00e7al\u0131\u015fanlar\u0131n\u0131n daha modern ve verimli ko\u015fullarda hizmet verebilmesi amac\u0131yla hayata ge\u00e7irilece\u011fini belirtti. Projenin belediye personeli taraf\u0131ndan haz\u0131rland\u0131\u011f\u0131n\u0131 kaydeden K\u0131rok, komplekste t\u00fcm \u00e7al\u0131\u015fma ara\u00e7lar\u0131, teknik personel birimleri, ara\u00e7 bak\u0131m \u00fcnitesi (kademe) ve malzeme depolar\u0131n\u0131n tek bir noktada toplanaca\u011f\u0131n\u0131 vurgulad\u0131. K\u0131rok a\u00e7\u0131klamas\u0131nda, \u201cBug\u00fcn \u00e7al\u0131\u015fanlar\u0131m\u0131z\u0131n daha modern ve verimli \u015fartlarda hizmet verebilmesi i\u00e7in \u00f6nemli bir [&hellip;]\" \/>\n<meta property=\"og:url\" content=\"https:\/\/haberkuzey.com\/index.php\/2026\/03\/14\/catalkoy-esentepe-belediyesinde-yeni-hizmet-kompleksinin-temeli-atildi\/\" \/>\n<meta property=\"og:site_name\" content=\"Haber Kuzey\" \/>\n<meta property=\"article:published_time\" content=\"2026-03-14T10:37:11+00:00\" \/>\n<meta name=\"author\" content=\"haberkuzey\" \/>\n<meta name=\"twitter:card\" content=\"summary_large_image\" \/>\n<meta name=\"twitter:label1\" content=\"Yazan:\" \/>\n\t<meta name=\"twitter:data1\" content=\"haberkuzey\" \/>\n\t<meta name=\"twitter:label2\" content=\"Tahmini okuma s\u00fcresi\" \/>\n\t<meta name=\"twitter:data2\" content=\"1 dakika\" \/>\n<script type=\"application\/ld+json\" class=\"yoast-schema-graph\">{\"@context\":\"https:\\\/\\\/schema.org\",\"@graph\":[{\"@type\":\"Article\",\"@id\":\"https:\\\/\\\/haberkuzey.com\\\/index.php\\\/2026\\\/03\\\/14\\\/catalkoy-esentepe-belediyesinde-yeni-hizmet-kompleksinin-temeli-atildi\\\/#article\",\"isPartOf\":{\"@id\":\"https:\\\/\\\/haberkuzey.com\\\/index.php\\\/2026\\\/03\\\/14\\\/catalkoy-esentepe-belediyesinde-yeni-hizmet-kompleksinin-temeli-atildi\\\/\"},\"author\":{\"name\":\"haberkuzey\",\"@id\":\"https:\\\/\\\/haberkuzey.com\\\/#\\\/schema\\\/person\\\/3372109ec735f9333f4fa47ebb9605ca\"},\"headline\":\"\u00c7atalk\u00f6y\u2013Esentepe Belediyesi\u2019nde yeni hizmet kompleksinin temeli at\u0131ld\u0131\",\"datePublished\":\"2026-03-14T10:37:11+00:00\",\"mainEntityOfPage\":{\"@id\":\"https:\\\/\\\/haberkuzey.com\\\/index.php\\\/2026\\\/03\\\/14\\\/catalkoy-esentepe-belediyesinde-yeni-hizmet-kompleksinin-temeli-atildi\\\/\"},\"wordCount\":142,\"commentCount\":0,\"image\":{\"@id\":\"https:\\\/\\\/haberkuzey.com\\\/index.php\\\/2026\\\/03\\\/14\\\/catalkoy-esentepe-belediyesinde-yeni-hizmet-kompleksinin-temeli-atildi\\\/#primaryimage\"},\"thumbnailUrl\":\"https:\\\/\\\/haberkuzey.com\\\/wp-content\\\/uploads\\\/2026\\\/03\\\/1773476864163CATALKOY-BELEDIYESI-6.jpg\",\"articleSection\":[\"K\u0131br\u0131s\"],\"inLanguage\":\"tr\",\"potentialAction\":[{\"@type\":\"CommentAction\",\"name\":\"Comment\",\"target\":[\"https:\\\/\\\/haberkuzey.com\\\/index.php\\\/2026\\\/03\\\/14\\\/catalkoy-esentepe-belediyesinde-yeni-hizmet-kompleksinin-temeli-atildi\\\/#respond\"]}]},{\"@type\":\"WebPage\",\"@id\":\"https:\\\/\\\/haberkuzey.com\\\/index.php\\\/2026\\\/03\\\/14\\\/catalkoy-esentepe-belediyesinde-yeni-hizmet-kompleksinin-temeli-atildi\\\/\",\"url\":\"https:\\\/\\\/haberkuzey.com\\\/index.php\\\/2026\\\/03\\\/14\\\/catalkoy-esentepe-belediyesinde-yeni-hizmet-kompleksinin-temeli-atildi\\\/\",\"name\":\"\u00c7atalk\u00f6y\u2013Esentepe Belediyesi\u2019nde yeni hizmet kompleksinin temeli at\u0131ld\u0131 - Haber Kuzey\",\"isPartOf\":{\"@id\":\"https:\\\/\\\/haberkuzey.com\\\/#website\"},\"primaryImageOfPage\":{\"@id\":\"https:\\\/\\\/haberkuzey.com\\\/index.php\\\/2026\\\/03\\\/14\\\/catalkoy-esentepe-belediyesinde-yeni-hizmet-kompleksinin-temeli-atildi\\\/#primaryimage\"},\"image\":{\"@id\":\"https:\\\/\\\/haberkuzey.com\\\/index.php\\\/2026\\\/03\\\/14\\\/catalkoy-esentepe-belediyesinde-yeni-hizmet-kompleksinin-temeli-atildi\\\/#primaryimage\"},\"thumbnailUrl\":\"https:\\\/\\\/haberkuzey.com\\\/wp-content\\\/uploads\\\/2026\\\/03\\\/1773476864163CATALKOY-BELEDIYESI-6.jpg\",\"datePublished\":\"2026-03-14T10:37:11+00:00\",\"author\":{\"@id\":\"https:\\\/\\\/haberkuzey.com\\\/#\\\/schema\\\/person\\\/3372109ec735f9333f4fa47ebb9605ca\"},\"breadcrumb\":{\"@id\":\"https:\\\/\\\/haberkuzey.com\\\/index.php\\\/2026\\\/03\\\/14\\\/catalkoy-esentepe-belediyesinde-yeni-hizmet-kompleksinin-temeli-atildi\\\/#breadcrumb\"},\"inLanguage\":\"tr\",\"potentialAction\":[{\"@type\":\"ReadAction\",\"target\":[\"https:\\\/\\\/haberkuzey.com\\\/index.php\\\/2026\\\/03\\\/14\\\/catalkoy-esentepe-belediyesinde-yeni-hizmet-kompleksinin-temeli-atildi\\\/\"]}]},{\"@type\":\"ImageObject\",\"inLanguage\":\"tr\",\"@id\":\"https:\\\/\\\/haberkuzey.com\\\/index.php\\\/2026\\\/03\\\/14\\\/catalkoy-esentepe-belediyesinde-yeni-hizmet-kompleksinin-temeli-atildi\\\/#primaryimage\",\"url\":\"https:\\\/\\\/haberkuzey.com\\\/wp-content\\\/uploads\\\/2026\\\/03\\\/1773476864163CATALKOY-BELEDIYESI-6.jpg\",\"contentUrl\":\"https:\\\/\\\/haberkuzey.com\\\/wp-content\\\/uploads\\\/2026\\\/03\\\/1773476864163CATALKOY-BELEDIYESI-6.jpg\",\"width\":1365,\"height\":2048},{\"@type\":\"BreadcrumbList\",\"@id\":\"https:\\\/\\\/haberkuzey.com\\\/index.php\\\/2026\\\/03\\\/14\\\/catalkoy-esentepe-belediyesinde-yeni-hizmet-kompleksinin-temeli-atildi\\\/#breadcrumb\",\"itemListElement\":[{\"@type\":\"ListItem\",\"position\":1,\"name\":\"Anasayfa\",\"item\":\"https:\\\/\\\/haberkuzey.com\\\/\"},{\"@type\":\"ListItem\",\"position\":2,\"name\":\"\u00c7atalk\u00f6y\u2013Esentepe Belediyesi\u2019nde yeni hizmet kompleksinin temeli at\u0131ld\u0131\"}]},{\"@type\":\"WebSite\",\"@id\":\"https:\\\/\\\/haberkuzey.com\\\/#website\",\"url\":\"https:\\\/\\\/haberkuzey.com\\\/\",\"name\":\"Haber Kuzey\",\"description\":\"Do\u011fru Haberin Adresi\",\"potentialAction\":[{\"@type\":\"SearchAction\",\"target\":{\"@type\":\"EntryPoint\",\"urlTemplate\":\"https:\\\/\\\/haberkuzey.com\\\/?s={search_term_string}\"},\"query-input\":{\"@type\":\"PropertyValueSpecification\",\"valueRequired\":true,\"valueName\":\"search_term_string\"}}],\"inLanguage\":\"tr\"},{\"@type\":\"Person\",\"@id\":\"https:\\\/\\\/haberkuzey.com\\\/#\\\/schema\\\/person\\\/3372109ec735f9333f4fa47ebb9605ca\",\"name\":\"haberkuzey\",\"image\":{\"@type\":\"ImageObject\",\"inLanguage\":\"tr\",\"@id\":\"https:\\\/\\\/secure.gravatar.com\\\/avatar\\\/f5fc875574b1575324358c3b9e6a32b8227aa5b74f3fa22e3cadb63e26fcc39c?s=96&d=mm&r=g\",\"url\":\"https:\\\/\\\/secure.gravatar.com\\\/avatar\\\/f5fc875574b1575324358c3b9e6a32b8227aa5b74f3fa22e3cadb63e26fcc39c?s=96&d=mm&r=g\",\"contentUrl\":\"https:\\\/\\\/secure.gravatar.com\\\/avatar\\\/f5fc875574b1575324358c3b9e6a32b8227aa5b74f3fa22e3cadb63e26fcc39c?s=96&d=mm&r=g\",\"caption\":\"haberkuzey\"},\"sameAs\":[\"https:\\\/\\\/haberkuzey.com\"],\"url\":\"https:\\\/\\\/haberkuzey.com\\\/index.php\\\/author\\\/haberkuzey\\\/\"}]}<\/script>\n<!-- \/ Yoast SEO plugin. -->","yoast_head_json":{"title":"\u00c7atalk\u00f6y\u2013Esentepe Belediyesi\u2019nde yeni hizmet kompleksinin temeli at\u0131ld\u0131 - Haber Kuzey","robots":{"index":"index","follow":"follow","max-snippet":"max-snippet:-1","max-image-preview":"max-image-preview:large","max-video-preview":"max-video-preview:-1"},"canonical":"https:\/\/haberkuzey.com\/index.php\/2026\/03\/14\/catalkoy-esentepe-belediyesinde-yeni-hizmet-kompleksinin-temeli-atildi\/","og_locale":"tr_TR","og_type":"article","og_title":"\u00c7atalk\u00f6y\u2013Esentepe Belediyesi\u2019nde yeni hizmet kompleksinin temeli at\u0131ld\u0131 - Haber Kuzey","og_description":"K\u0131rok,\u00a0 binan\u0131n belediye \u00e7al\u0131\u015fanlar\u0131n\u0131n daha modern ve verimli ko\u015fullarda hizmet verebilmesi amac\u0131yla hayata ge\u00e7irilece\u011fini belirtti. Projenin belediye personeli taraf\u0131ndan haz\u0131rland\u0131\u011f\u0131n\u0131 kaydeden K\u0131rok, komplekste t\u00fcm \u00e7al\u0131\u015fma ara\u00e7lar\u0131, teknik personel birimleri, ara\u00e7 bak\u0131m \u00fcnitesi (kademe) ve malzeme depolar\u0131n\u0131n tek bir noktada toplanaca\u011f\u0131n\u0131 vurgulad\u0131. K\u0131rok a\u00e7\u0131klamas\u0131nda, \u201cBug\u00fcn \u00e7al\u0131\u015fanlar\u0131m\u0131z\u0131n daha modern ve verimli \u015fartlarda hizmet verebilmesi i\u00e7in \u00f6nemli bir [&hellip;]","og_url":"https:\/\/haberkuzey.com\/index.php\/2026\/03\/14\/catalkoy-esentepe-belediyesinde-yeni-hizmet-kompleksinin-temeli-atildi\/","og_site_name":"Haber Kuzey","article_published_time":"2026-03-14T10:37:11+00:00","author":"haberkuzey","twitter_card":"summary_large_image","twitter_misc":{"Yazan:":"haberkuzey","Tahmini okuma s\u00fcresi":"1 dakika"},"schema":{"@context":"https:\/\/schema.org","@graph":[{"@type":"Article","@id":"https:\/\/haberkuzey.com\/index.php\/2026\/03\/14\/catalkoy-esentepe-belediyesinde-yeni-hizmet-kompleksinin-temeli-atildi\/#article","isPartOf":{"@id":"https:\/\/haberkuzey.com\/index.php\/2026\/03\/14\/catalkoy-esentepe-belediyesinde-yeni-hizmet-kompleksinin-temeli-atildi\/"},"author":{"name":"haberkuzey","@id":"https:\/\/haberkuzey.com\/#\/schema\/person\/3372109ec735f9333f4fa47ebb9605ca"},"headline":"\u00c7atalk\u00f6y\u2013Esentepe Belediyesi\u2019nde yeni hizmet kompleksinin temeli at\u0131ld\u0131","datePublished":"2026-03-14T10:37:11+00:00","mainEntityOfPage":{"@id":"https:\/\/haberkuzey.com\/index.php\/2026\/03\/14\/catalkoy-esentepe-belediyesinde-yeni-hizmet-kompleksinin-temeli-atildi\/"},"wordCount":142,"commentCount":0,"image":{"@id":"https:\/\/haberkuzey.com\/index.php\/2026\/03\/14\/catalkoy-esentepe-belediyesinde-yeni-hizmet-kompleksinin-temeli-atildi\/#primaryimage"},"thumbnailUrl":"https:\/\/haberkuzey.com\/wp-content\/uploads\/2026\/03\/1773476864163CATALKOY-BELEDIYESI-6.jpg","articleSection":["K\u0131br\u0131s"],"inLanguage":"tr","potentialAction":[{"@type":"CommentAction","name":"Comment","target":["https:\/\/haberkuzey.com\/index.php\/2026\/03\/14\/catalkoy-esentepe-belediyesinde-yeni-hizmet-kompleksinin-temeli-atildi\/#respond"]}]},{"@type":"WebPage","@id":"https:\/\/haberkuzey.com\/index.php\/2026\/03\/14\/catalkoy-esentepe-belediyesinde-yeni-hizmet-kompleksinin-temeli-atildi\/","url":"https:\/\/haberkuzey.com\/index.php\/2026\/03\/14\/catalkoy-esentepe-belediyesinde-yeni-hizmet-kompleksinin-temeli-atildi\/","name":"\u00c7atalk\u00f6y\u2013Esentepe Belediyesi\u2019nde yeni hizmet kompleksinin temeli at\u0131ld\u0131 - Haber Kuzey","isPartOf":{"@id":"https:\/\/haberkuzey.com\/#website"},"primaryImageOfPage":{"@id":"https:\/\/haberkuzey.com\/index.php\/2026\/03\/14\/catalkoy-esentepe-belediyesinde-yeni-hizmet-kompleksinin-temeli-atildi\/#primaryimage"},"image":{"@id":"https:\/\/haberkuzey.com\/index.php\/2026\/03\/14\/catalkoy-esentepe-belediyesinde-yeni-hizmet-kompleksinin-temeli-atildi\/#primaryimage"},"thumbnailUrl":"https:\/\/haberkuzey.com\/wp-content\/uploads\/2026\/03\/1773476864163CATALKOY-BELEDIYESI-6.jpg","datePublished":"2026-03-14T10:37:11+00:00","author":{"@id":"https:\/\/haberkuzey.com\/#\/schema\/person\/3372109ec735f9333f4fa47ebb9605ca"},"breadcrumb":{"@id":"https:\/\/haberkuzey.com\/index.php\/2026\/03\/14\/catalkoy-esentepe-belediyesinde-yeni-hizmet-kompleksinin-temeli-atildi\/#breadcrumb"},"inLanguage":"tr","potentialAction":[{"@type":"ReadAction","target":["https:\/\/haberkuzey.com\/index.php\/2026\/03\/14\/catalkoy-esentepe-belediyesinde-yeni-hizmet-kompleksinin-temeli-atildi\/"]}]},{"@type":"ImageObject","inLanguage":"tr","@id":"https:\/\/haberkuzey.com\/index.php\/2026\/03\/14\/catalkoy-esentepe-belediyesinde-yeni-hizmet-kompleksinin-temeli-atildi\/#primaryimage","url":"https:\/\/haberkuzey.com\/wp-content\/uploads\/2026\/03\/1773476864163CATALKOY-BELEDIYESI-6.jpg","contentUrl":"https:\/\/haberkuzey.com\/wp-content\/uploads\/2026\/03\/1773476864163CATALKOY-BELEDIYESI-6.jpg","width":1365,"height":2048},{"@type":"BreadcrumbList","@id":"https:\/\/haberkuzey.com\/index.php\/2026\/03\/14\/catalkoy-esentepe-belediyesinde-yeni-hizmet-kompleksinin-temeli-atildi\/#breadcrumb","itemListElement":[{"@type":"ListItem","position":1,"name":"Anasayfa","item":"https:\/\/haberkuzey.com\/"},{"@type":"ListItem","position":2,"name":"\u00c7atalk\u00f6y\u2013Esentepe Belediyesi\u2019nde yeni hizmet kompleksinin temeli at\u0131ld\u0131"}]},{"@type":"WebSite","@id":"https:\/\/haberkuzey.com\/#website","url":"https:\/\/haberkuzey.com\/","name":"Haber Kuzey","description":"Do\u011fru Haberin Adresi","potentialAction":[{"@type":"SearchAction","target":{"@type":"EntryPoint","urlTemplate":"https:\/\/haberkuzey.com\/?s={search_term_string}"},"query-input":{"@type":"PropertyValueSpecification","valueRequired":true,"valueName":"search_term_string"}}],"inLanguage":"tr"},{"@type":"Person","@id":"https:\/\/haberkuzey.com\/#\/schema\/person\/3372109ec735f9333f4fa47ebb9605ca","name":"haberkuzey","image":{"@type":"ImageObject","inLanguage":"tr","@id":"https:\/\/secure.gravatar.com\/avatar\/f5fc875574b1575324358c3b9e6a32b8227aa5b74f3fa22e3cadb63e26fcc39c?s=96&d=mm&r=g","url":"https:\/\/secure.gravatar.com\/avatar\/f5fc875574b1575324358c3b9e6a32b8227aa5b74f3fa22e3cadb63e26fcc39c?s=96&d=mm&r=g","contentUrl":"https:\/\/secure.gravatar.com\/avatar\/f5fc875574b1575324358c3b9e6a32b8227aa5b74f3fa22e3cadb63e26fcc39c?s=96&d=mm&r=g","caption":"haberkuzey"},"sameAs":["https:\/\/haberkuzey.com"],"url":"https:\/\/haberkuzey.com\/index.php\/author\/haberkuzey\/"}]}},"_links":{"self":[{"href":"https:\/\/haberkuzey.com\/index.php\/wp-json\/wp\/v2\/posts\/35270","targetHints":{"allow":["GET"]}}],"collection":[{"href":"https:\/\/haberkuzey.com\/index.php\/wp-json\/wp\/v2\/posts"}],"about":[{"href":"https:\/\/haberkuzey.com\/index.php\/wp-json\/wp\/v2\/types\/post"}],"author":[{"embeddable":true,"href":"https:\/\/haberkuzey.com\/index.php\/wp-json\/wp\/v2\/users\/1"}],"replies":[{"embeddable":true,"href":"https:\/\/haberkuzey.com\/index.php\/wp-json\/wp\/v2\/comments?post=35270"}],"version-history":[{"count":0,"href":"https:\/\/haberkuzey.com\/index.php\/wp-json\/wp\/v2\/posts\/35270\/revisions"}],"wp:featuredmedia":[{"embeddable":true,"href":"https:\/\/haberkuzey.com\/index.php\/wp-json\/wp\/v2\/media\/35271"}],"wp:attachment":[{"href":"https:\/\/haberkuzey.com\/index.php\/wp-json\/wp\/v2\/media?parent=35270"}],"wp:term":[{"taxonomy":"category","embeddable":true,"href":"https:\/\/haberkuzey.com\/index.php\/wp-json\/wp\/v2\/categories?post=35270"},{"taxonomy":"post_tag","embeddable":true,"href":"https:\/\/haberkuzey.com\/index.php\/wp-json\/wp\/v2\/tags?post=35270"}],"curies":[{"name":"wp","href":"https:\/\/api.w.org\/{rel}","templated":true}]}}