{"id":35268,"date":"2026-03-14T12:30:49","date_gmt":"2026-03-14T10:30:49","guid":{"rendered":"https:\/\/haberkuzey.com\/index.php\/2026\/03\/14\/ilder-girne-belediyesi-izcileri-izmirde-uzay-kampi-programina-katildi\/"},"modified":"2026-03-14T12:30:49","modified_gmt":"2026-03-14T10:30:49","slug":"ilder-girne-belediyesi-izcileri-izmirde-uzay-kampi-programina-katildi","status":"publish","type":"post","link":"https:\/\/haberkuzey.com\/index.php\/2026\/03\/14\/ilder-girne-belediyesi-izcileri-izmirde-uzay-kampi-programina-katildi\/","title":{"rendered":"\u0130LDER Girne Belediyesi \u0130zcileri, \u0130zmir\u2019de Uzay Kamp\u0131 program\u0131na kat\u0131ld\u0131"},"content":{"rendered":"<p>Verilen bilgiye g\u00f6re, Kafile Ba\u015fkan\u0131 Ye\u015fim Beyzade liderli\u011finde 3 lider ve 13 izciden olu\u015fan ekip, kamp Program\u0131 kapsam\u0131nda e\u011flenceli ve heyecan verici etkinliklere de kat\u0131larak deneyimlerini art\u0131r\u0131rken keyifli zaman da ge\u00e7iriyor.<\/p>\n<p>\u0130LDER Girne Belediyesi \u0130zcileri, \u0130zmir\u2019de Uzay Kamp\u0131 program\u0131na kat\u0131ld\u0131 yaz\u0131s\u0131 ilk \u00f6nce K\u0131br\u0131s Hakikat \u00fczerinde ortaya \u00e7\u0131kt\u0131.<\/p>\n","protected":false},"excerpt":{"rendered":"<p>Verilen bilgiye g\u00f6re, Kafile Ba\u015fkan\u0131 Ye\u015fim Beyzade liderli\u011finde 3 lider ve 13 izciden olu\u015fan ekip, kamp Program\u0131 kapsam\u0131nda e\u011flenceli ve heyecan verici etkinliklere de kat\u0131larak deneyimlerini art\u0131r\u0131rken keyifli zaman da ge\u00e7iriyor. \u0130LDER Girne Belediyesi \u0130zcileri, \u0130zmir\u2019de Uzay Kamp\u0131 program\u0131na kat\u0131ld\u0131 yaz\u0131s\u0131 ilk \u00f6nce K\u0131br\u0131s Hakikat \u00fczerinde ortaya \u00e7\u0131kt\u0131.<\/p>\n","protected":false},"author":1,"featured_media":35269,"comment_status":"open","ping_status":"open","sticky":false,"template":"","format":"standard","meta":{"jnews-multi-image_gallery":[],"jnews_single_post":[],"jnews_primary_category":[],"footnotes":""},"categories":[1],"tags":[],"class_list":["post-35268","post","type-post","status-publish","format-standard","has-post-thumbnail","hentry","category-kibris"],"yoast_head":"<!-- This site is optimized with the Yoast SEO plugin v27.5 - https:\/\/yoast.com\/product\/yoast-seo-wordpress\/ -->\n<title>\u0130LDER Girne Belediyesi \u0130zcileri, \u0130zmir\u2019de Uzay Kamp\u0131 program\u0131na kat\u0131ld\u0131 - Haber Kuzey<\/title>\n<meta name=\"robots\" content=\"index, follow, max-snippet:-1, max-image-preview:large, max-video-preview:-1\" \/>\n<link rel=\"canonical\" href=\"https:\/\/haberkuzey.com\/index.php\/2026\/03\/14\/ilder-girne-belediyesi-izcileri-izmirde-uzay-kampi-programina-katildi\/\" \/>\n<meta property=\"og:locale\" content=\"tr_TR\" \/>\n<meta property=\"og:type\" content=\"article\" \/>\n<meta property=\"og:title\" content=\"\u0130LDER Girne Belediyesi \u0130zcileri, \u0130zmir\u2019de Uzay Kamp\u0131 program\u0131na kat\u0131ld\u0131 - Haber Kuzey\" \/>\n<meta property=\"og:description\" content=\"Verilen bilgiye g\u00f6re, Kafile Ba\u015fkan\u0131 Ye\u015fim Beyzade liderli\u011finde 3 lider ve 13 izciden olu\u015fan ekip, kamp Program\u0131 kapsam\u0131nda e\u011flenceli ve heyecan verici etkinliklere de kat\u0131larak deneyimlerini art\u0131r\u0131rken keyifli zaman da ge\u00e7iriyor. \u0130LDER Girne Belediyesi \u0130zcileri, \u0130zmir\u2019de Uzay Kamp\u0131 program\u0131na kat\u0131ld\u0131 yaz\u0131s\u0131 ilk \u00f6nce K\u0131br\u0131s Hakikat \u00fczerinde ortaya \u00e7\u0131kt\u0131.\" \/>\n<meta property=\"og:url\" content=\"https:\/\/haberkuzey.com\/index.php\/2026\/03\/14\/ilder-girne-belediyesi-izcileri-izmirde-uzay-kampi-programina-katildi\/\" \/>\n<meta property=\"og:site_name\" content=\"Haber Kuzey\" \/>\n<meta property=\"article:published_time\" content=\"2026-03-14T10:30:49+00:00\" \/>\n<meta name=\"author\" content=\"haberkuzey\" \/>\n<meta name=\"twitter:card\" content=\"summary_large_image\" \/>\n<meta name=\"twitter:label1\" content=\"Yazan:\" \/>\n\t<meta name=\"twitter:data1\" content=\"haberkuzey\" \/>\n<script type=\"application\/ld+json\" class=\"yoast-schema-graph\">{\"@context\":\"https:\\\/\\\/schema.org\",\"@graph\":[{\"@type\":\"Article\",\"@id\":\"https:\\\/\\\/haberkuzey.com\\\/index.php\\\/2026\\\/03\\\/14\\\/ilder-girne-belediyesi-izcileri-izmirde-uzay-kampi-programina-katildi\\\/#article\",\"isPartOf\":{\"@id\":\"https:\\\/\\\/haberkuzey.com\\\/index.php\\\/2026\\\/03\\\/14\\\/ilder-girne-belediyesi-izcileri-izmirde-uzay-kampi-programina-katildi\\\/\"},\"author\":{\"name\":\"haberkuzey\",\"@id\":\"https:\\\/\\\/haberkuzey.com\\\/#\\\/schema\\\/person\\\/3372109ec735f9333f4fa47ebb9605ca\"},\"headline\":\"\u0130LDER Girne Belediyesi \u0130zcileri, \u0130zmir\u2019de Uzay Kamp\u0131 program\u0131na kat\u0131ld\u0131\",\"datePublished\":\"2026-03-14T10:30:49+00:00\",\"mainEntityOfPage\":{\"@id\":\"https:\\\/\\\/haberkuzey.com\\\/index.php\\\/2026\\\/03\\\/14\\\/ilder-girne-belediyesi-izcileri-izmirde-uzay-kampi-programina-katildi\\\/\"},\"wordCount\":75,\"commentCount\":0,\"image\":{\"@id\":\"https:\\\/\\\/haberkuzey.com\\\/index.php\\\/2026\\\/03\\\/14\\\/ilder-girne-belediyesi-izcileri-izmirde-uzay-kampi-programina-katildi\\\/#primaryimage\"},\"thumbnailUrl\":\"https:\\\/\\\/haberkuzey.com\\\/wp-content\\\/uploads\\\/2026\\\/03\\\/1773476560504IZCILER-UZAY-KAMPI-4.jpeg\",\"articleSection\":[\"K\u0131br\u0131s\"],\"inLanguage\":\"tr\",\"potentialAction\":[{\"@type\":\"CommentAction\",\"name\":\"Comment\",\"target\":[\"https:\\\/\\\/haberkuzey.com\\\/index.php\\\/2026\\\/03\\\/14\\\/ilder-girne-belediyesi-izcileri-izmirde-uzay-kampi-programina-katildi\\\/#respond\"]}]},{\"@type\":\"WebPage\",\"@id\":\"https:\\\/\\\/haberkuzey.com\\\/index.php\\\/2026\\\/03\\\/14\\\/ilder-girne-belediyesi-izcileri-izmirde-uzay-kampi-programina-katildi\\\/\",\"url\":\"https:\\\/\\\/haberkuzey.com\\\/index.php\\\/2026\\\/03\\\/14\\\/ilder-girne-belediyesi-izcileri-izmirde-uzay-kampi-programina-katildi\\\/\",\"name\":\"\u0130LDER Girne Belediyesi \u0130zcileri, \u0130zmir\u2019de Uzay Kamp\u0131 program\u0131na kat\u0131ld\u0131 - Haber Kuzey\",\"isPartOf\":{\"@id\":\"https:\\\/\\\/haberkuzey.com\\\/#website\"},\"primaryImageOfPage\":{\"@id\":\"https:\\\/\\\/haberkuzey.com\\\/index.php\\\/2026\\\/03\\\/14\\\/ilder-girne-belediyesi-izcileri-izmirde-uzay-kampi-programina-katildi\\\/#primaryimage\"},\"image\":{\"@id\":\"https:\\\/\\\/haberkuzey.com\\\/index.php\\\/2026\\\/03\\\/14\\\/ilder-girne-belediyesi-izcileri-izmirde-uzay-kampi-programina-katildi\\\/#primaryimage\"},\"thumbnailUrl\":\"https:\\\/\\\/haberkuzey.com\\\/wp-content\\\/uploads\\\/2026\\\/03\\\/1773476560504IZCILER-UZAY-KAMPI-4.jpeg\",\"datePublished\":\"2026-03-14T10:30:49+00:00\",\"author\":{\"@id\":\"https:\\\/\\\/haberkuzey.com\\\/#\\\/schema\\\/person\\\/3372109ec735f9333f4fa47ebb9605ca\"},\"breadcrumb\":{\"@id\":\"https:\\\/\\\/haberkuzey.com\\\/index.php\\\/2026\\\/03\\\/14\\\/ilder-girne-belediyesi-izcileri-izmirde-uzay-kampi-programina-katildi\\\/#breadcrumb\"},\"inLanguage\":\"tr\",\"potentialAction\":[{\"@type\":\"ReadAction\",\"target\":[\"https:\\\/\\\/haberkuzey.com\\\/index.php\\\/2026\\\/03\\\/14\\\/ilder-girne-belediyesi-izcileri-izmirde-uzay-kampi-programina-katildi\\\/\"]}]},{\"@type\":\"ImageObject\",\"inLanguage\":\"tr\",\"@id\":\"https:\\\/\\\/haberkuzey.com\\\/index.php\\\/2026\\\/03\\\/14\\\/ilder-girne-belediyesi-izcileri-izmirde-uzay-kampi-programina-katildi\\\/#primaryimage\",\"url\":\"https:\\\/\\\/haberkuzey.com\\\/wp-content\\\/uploads\\\/2026\\\/03\\\/1773476560504IZCILER-UZAY-KAMPI-4.jpeg\",\"contentUrl\":\"https:\\\/\\\/haberkuzey.com\\\/wp-content\\\/uploads\\\/2026\\\/03\\\/1773476560504IZCILER-UZAY-KAMPI-4.jpeg\",\"width\":2040,\"height\":942},{\"@type\":\"BreadcrumbList\",\"@id\":\"https:\\\/\\\/haberkuzey.com\\\/index.php\\\/2026\\\/03\\\/14\\\/ilder-girne-belediyesi-izcileri-izmirde-uzay-kampi-programina-katildi\\\/#breadcrumb\",\"itemListElement\":[{\"@type\":\"ListItem\",\"position\":1,\"name\":\"Anasayfa\",\"item\":\"https:\\\/\\\/haberkuzey.com\\\/\"},{\"@type\":\"ListItem\",\"position\":2,\"name\":\"\u0130LDER Girne Belediyesi \u0130zcileri, \u0130zmir\u2019de Uzay Kamp\u0131 program\u0131na kat\u0131ld\u0131\"}]},{\"@type\":\"WebSite\",\"@id\":\"https:\\\/\\\/haberkuzey.com\\\/#website\",\"url\":\"https:\\\/\\\/haberkuzey.com\\\/\",\"name\":\"Haber Kuzey\",\"description\":\"Do\u011fru Haberin Adresi\",\"potentialAction\":[{\"@type\":\"SearchAction\",\"target\":{\"@type\":\"EntryPoint\",\"urlTemplate\":\"https:\\\/\\\/haberkuzey.com\\\/?s={search_term_string}\"},\"query-input\":{\"@type\":\"PropertyValueSpecification\",\"valueRequired\":true,\"valueName\":\"search_term_string\"}}],\"inLanguage\":\"tr\"},{\"@type\":\"Person\",\"@id\":\"https:\\\/\\\/haberkuzey.com\\\/#\\\/schema\\\/person\\\/3372109ec735f9333f4fa47ebb9605ca\",\"name\":\"haberkuzey\",\"image\":{\"@type\":\"ImageObject\",\"inLanguage\":\"tr\",\"@id\":\"https:\\\/\\\/secure.gravatar.com\\\/avatar\\\/f5fc875574b1575324358c3b9e6a32b8227aa5b74f3fa22e3cadb63e26fcc39c?s=96&d=mm&r=g\",\"url\":\"https:\\\/\\\/secure.gravatar.com\\\/avatar\\\/f5fc875574b1575324358c3b9e6a32b8227aa5b74f3fa22e3cadb63e26fcc39c?s=96&d=mm&r=g\",\"contentUrl\":\"https:\\\/\\\/secure.gravatar.com\\\/avatar\\\/f5fc875574b1575324358c3b9e6a32b8227aa5b74f3fa22e3cadb63e26fcc39c?s=96&d=mm&r=g\",\"caption\":\"haberkuzey\"},\"sameAs\":[\"https:\\\/\\\/haberkuzey.com\"],\"url\":\"https:\\\/\\\/haberkuzey.com\\\/index.php\\\/author\\\/haberkuzey\\\/\"}]}<\/script>\n<!-- \/ Yoast SEO plugin. -->","yoast_head_json":{"title":"\u0130LDER Girne Belediyesi \u0130zcileri, \u0130zmir\u2019de Uzay Kamp\u0131 program\u0131na kat\u0131ld\u0131 - Haber Kuzey","robots":{"index":"index","follow":"follow","max-snippet":"max-snippet:-1","max-image-preview":"max-image-preview:large","max-video-preview":"max-video-preview:-1"},"canonical":"https:\/\/haberkuzey.com\/index.php\/2026\/03\/14\/ilder-girne-belediyesi-izcileri-izmirde-uzay-kampi-programina-katildi\/","og_locale":"tr_TR","og_type":"article","og_title":"\u0130LDER Girne Belediyesi \u0130zcileri, \u0130zmir\u2019de Uzay Kamp\u0131 program\u0131na kat\u0131ld\u0131 - Haber Kuzey","og_description":"Verilen bilgiye g\u00f6re, Kafile Ba\u015fkan\u0131 Ye\u015fim Beyzade liderli\u011finde 3 lider ve 13 izciden olu\u015fan ekip, kamp Program\u0131 kapsam\u0131nda e\u011flenceli ve heyecan verici etkinliklere de kat\u0131larak deneyimlerini art\u0131r\u0131rken keyifli zaman da ge\u00e7iriyor. \u0130LDER Girne Belediyesi \u0130zcileri, \u0130zmir\u2019de Uzay Kamp\u0131 program\u0131na kat\u0131ld\u0131 yaz\u0131s\u0131 ilk \u00f6nce K\u0131br\u0131s Hakikat \u00fczerinde ortaya \u00e7\u0131kt\u0131.","og_url":"https:\/\/haberkuzey.com\/index.php\/2026\/03\/14\/ilder-girne-belediyesi-izcileri-izmirde-uzay-kampi-programina-katildi\/","og_site_name":"Haber Kuzey","article_published_time":"2026-03-14T10:30:49+00:00","author":"haberkuzey","twitter_card":"summary_large_image","twitter_misc":{"Yazan:":"haberkuzey"},"schema":{"@context":"https:\/\/schema.org","@graph":[{"@type":"Article","@id":"https:\/\/haberkuzey.com\/index.php\/2026\/03\/14\/ilder-girne-belediyesi-izcileri-izmirde-uzay-kampi-programina-katildi\/#article","isPartOf":{"@id":"https:\/\/haberkuzey.com\/index.php\/2026\/03\/14\/ilder-girne-belediyesi-izcileri-izmirde-uzay-kampi-programina-katildi\/"},"author":{"name":"haberkuzey","@id":"https:\/\/haberkuzey.com\/#\/schema\/person\/3372109ec735f9333f4fa47ebb9605ca"},"headline":"\u0130LDER Girne Belediyesi \u0130zcileri, \u0130zmir\u2019de Uzay Kamp\u0131 program\u0131na kat\u0131ld\u0131","datePublished":"2026-03-14T10:30:49+00:00","mainEntityOfPage":{"@id":"https:\/\/haberkuzey.com\/index.php\/2026\/03\/14\/ilder-girne-belediyesi-izcileri-izmirde-uzay-kampi-programina-katildi\/"},"wordCount":75,"commentCount":0,"image":{"@id":"https:\/\/haberkuzey.com\/index.php\/2026\/03\/14\/ilder-girne-belediyesi-izcileri-izmirde-uzay-kampi-programina-katildi\/#primaryimage"},"thumbnailUrl":"https:\/\/haberkuzey.com\/wp-content\/uploads\/2026\/03\/1773476560504IZCILER-UZAY-KAMPI-4.jpeg","articleSection":["K\u0131br\u0131s"],"inLanguage":"tr","potentialAction":[{"@type":"CommentAction","name":"Comment","target":["https:\/\/haberkuzey.com\/index.php\/2026\/03\/14\/ilder-girne-belediyesi-izcileri-izmirde-uzay-kampi-programina-katildi\/#respond"]}]},{"@type":"WebPage","@id":"https:\/\/haberkuzey.com\/index.php\/2026\/03\/14\/ilder-girne-belediyesi-izcileri-izmirde-uzay-kampi-programina-katildi\/","url":"https:\/\/haberkuzey.com\/index.php\/2026\/03\/14\/ilder-girne-belediyesi-izcileri-izmirde-uzay-kampi-programina-katildi\/","name":"\u0130LDER Girne Belediyesi \u0130zcileri, \u0130zmir\u2019de Uzay Kamp\u0131 program\u0131na kat\u0131ld\u0131 - Haber Kuzey","isPartOf":{"@id":"https:\/\/haberkuzey.com\/#website"},"primaryImageOfPage":{"@id":"https:\/\/haberkuzey.com\/index.php\/2026\/03\/14\/ilder-girne-belediyesi-izcileri-izmirde-uzay-kampi-programina-katildi\/#primaryimage"},"image":{"@id":"https:\/\/haberkuzey.com\/index.php\/2026\/03\/14\/ilder-girne-belediyesi-izcileri-izmirde-uzay-kampi-programina-katildi\/#primaryimage"},"thumbnailUrl":"https:\/\/haberkuzey.com\/wp-content\/uploads\/2026\/03\/1773476560504IZCILER-UZAY-KAMPI-4.jpeg","datePublished":"2026-03-14T10:30:49+00:00","author":{"@id":"https:\/\/haberkuzey.com\/#\/schema\/person\/3372109ec735f9333f4fa47ebb9605ca"},"breadcrumb":{"@id":"https:\/\/haberkuzey.com\/index.php\/2026\/03\/14\/ilder-girne-belediyesi-izcileri-izmirde-uzay-kampi-programina-katildi\/#breadcrumb"},"inLanguage":"tr","potentialAction":[{"@type":"ReadAction","target":["https:\/\/haberkuzey.com\/index.php\/2026\/03\/14\/ilder-girne-belediyesi-izcileri-izmirde-uzay-kampi-programina-katildi\/"]}]},{"@type":"ImageObject","inLanguage":"tr","@id":"https:\/\/haberkuzey.com\/index.php\/2026\/03\/14\/ilder-girne-belediyesi-izcileri-izmirde-uzay-kampi-programina-katildi\/#primaryimage","url":"https:\/\/haberkuzey.com\/wp-content\/uploads\/2026\/03\/1773476560504IZCILER-UZAY-KAMPI-4.jpeg","contentUrl":"https:\/\/haberkuzey.com\/wp-content\/uploads\/2026\/03\/1773476560504IZCILER-UZAY-KAMPI-4.jpeg","width":2040,"height":942},{"@type":"BreadcrumbList","@id":"https:\/\/haberkuzey.com\/index.php\/2026\/03\/14\/ilder-girne-belediyesi-izcileri-izmirde-uzay-kampi-programina-katildi\/#breadcrumb","itemListElement":[{"@type":"ListItem","position":1,"name":"Anasayfa","item":"https:\/\/haberkuzey.com\/"},{"@type":"ListItem","position":2,"name":"\u0130LDER Girne Belediyesi \u0130zcileri, \u0130zmir\u2019de Uzay Kamp\u0131 program\u0131na kat\u0131ld\u0131"}]},{"@type":"WebSite","@id":"https:\/\/haberkuzey.com\/#website","url":"https:\/\/haberkuzey.com\/","name":"Haber Kuzey","description":"Do\u011fru Haberin Adresi","potentialAction":[{"@type":"SearchAction","target":{"@type":"EntryPoint","urlTemplate":"https:\/\/haberkuzey.com\/?s={search_term_string}"},"query-input":{"@type":"PropertyValueSpecification","valueRequired":true,"valueName":"search_term_string"}}],"inLanguage":"tr"},{"@type":"Person","@id":"https:\/\/haberkuzey.com\/#\/schema\/person\/3372109ec735f9333f4fa47ebb9605ca","name":"haberkuzey","image":{"@type":"ImageObject","inLanguage":"tr","@id":"https:\/\/secure.gravatar.com\/avatar\/f5fc875574b1575324358c3b9e6a32b8227aa5b74f3fa22e3cadb63e26fcc39c?s=96&d=mm&r=g","url":"https:\/\/secure.gravatar.com\/avatar\/f5fc875574b1575324358c3b9e6a32b8227aa5b74f3fa22e3cadb63e26fcc39c?s=96&d=mm&r=g","contentUrl":"https:\/\/secure.gravatar.com\/avatar\/f5fc875574b1575324358c3b9e6a32b8227aa5b74f3fa22e3cadb63e26fcc39c?s=96&d=mm&r=g","caption":"haberkuzey"},"sameAs":["https:\/\/haberkuzey.com"],"url":"https:\/\/haberkuzey.com\/index.php\/author\/haberkuzey\/"}]}},"_links":{"self":[{"href":"https:\/\/haberkuzey.com\/index.php\/wp-json\/wp\/v2\/posts\/35268","targetHints":{"allow":["GET"]}}],"collection":[{"href":"https:\/\/haberkuzey.com\/index.php\/wp-json\/wp\/v2\/posts"}],"about":[{"href":"https:\/\/haberkuzey.com\/index.php\/wp-json\/wp\/v2\/types\/post"}],"author":[{"embeddable":true,"href":"https:\/\/haberkuzey.com\/index.php\/wp-json\/wp\/v2\/users\/1"}],"replies":[{"embeddable":true,"href":"https:\/\/haberkuzey.com\/index.php\/wp-json\/wp\/v2\/comments?post=35268"}],"version-history":[{"count":0,"href":"https:\/\/haberkuzey.com\/index.php\/wp-json\/wp\/v2\/posts\/35268\/revisions"}],"wp:featuredmedia":[{"embeddable":true,"href":"https:\/\/haberkuzey.com\/index.php\/wp-json\/wp\/v2\/media\/35269"}],"wp:attachment":[{"href":"https:\/\/haberkuzey.com\/index.php\/wp-json\/wp\/v2\/media?parent=35268"}],"wp:term":[{"taxonomy":"category","embeddable":true,"href":"https:\/\/haberkuzey.com\/index.php\/wp-json\/wp\/v2\/categories?post=35268"},{"taxonomy":"post_tag","embeddable":true,"href":"https:\/\/haberkuzey.com\/index.php\/wp-json\/wp\/v2\/tags?post=35268"}],"curies":[{"name":"wp","href":"https:\/\/api.w.org\/{rel}","templated":true}]}}