{"id":35264,"date":"2026-03-14T12:18:32","date_gmt":"2026-03-14T10:18:32","guid":{"rendered":"https:\/\/haberkuzey.com\/index.php\/2026\/03\/14\/kirmizi-bultenle-aranan-18-ulusal-seviyede-aranan-27-suclu-turkiyeye-getirildi\/"},"modified":"2026-03-14T12:18:32","modified_gmt":"2026-03-14T10:18:32","slug":"kirmizi-bultenle-aranan-18-ulusal-seviyede-aranan-27-suclu-turkiyeye-getirildi","status":"publish","type":"post","link":"https:\/\/haberkuzey.com\/index.php\/2026\/03\/14\/kirmizi-bultenle-aranan-18-ulusal-seviyede-aranan-27-suclu-turkiyeye-getirildi\/","title":{"rendered":"K\u0131rm\u0131z\u0131 b\u00fcltenle aranan 18, ulusal seviyede aranan 27 su\u00e7lu T\u00fcrkiye\u2019ye getirildi"},"content":{"rendered":"<p>Al\u0131nan bilgiye g\u00f6re, \u0130\u00e7i\u015fleri ile Adalet bakanl\u0131klar\u0131 koordinesinde y\u00fcr\u00fct\u00fclen \u00e7al\u0131\u015fmalar sonucunda, yurt d\u0131\u015f\u0131na ka\u00e7an ve haklar\u0131nda arama karar\u0131 bulunan su\u00e7lular\u0131n iadesine y\u00f6nelik Emniyet Genel M\u00fcd\u00fcrl\u00fc\u011f\u00fc (EGM) Interpol-Europol Daire Ba\u015fkanl\u0131\u011f\u0131, Ka\u00e7ak\u00e7\u0131l\u0131k ve Organize Su\u00e7larla M\u00fccadele, \u0130stihbarat, Narkotik Su\u00e7larla M\u00fccadele, Siber Su\u00e7larla M\u00fccadele, Asayi\u015f ve Ter\u00f6rle M\u00fccadele daire ba\u015fkanl\u0131klar\u0131nca \u00e7al\u0131\u015fmalar ger\u00e7ekle\u015ftirildi.<\/p>\n<p>Bu kapsamda ilgili \u00fclkelerin kolluk birimleriyle y\u00fcr\u00fct\u00fclen i\u015fbirli\u011fi sonucu, G\u00fcrcistan&#8217;da 35, Almanya&#8217;da 5 ve Arjantin, Bulgaristan, Irak, \u0130sve\u00e7 ve Karada\u011f&#8217;da birer olmak \u00fczere 45 ki\u015fi yakalanarak T\u00fcrkiye&#8217;ye iade edildi. Bu ki\u015filerden 18&#8217;i k\u0131rm\u0131z\u0131 b\u00fcltenle, 27&#8217;si ise ulusal seviyede aran\u0131yordu.<\/p>\n<p>Kuzey K\u0131br\u0131s T\u00fcrk Cumhuriyeti&#8217;nde \u00f6ld\u00fcr\u00fclen su\u00e7 \u00f6rg\u00fct\u00fc lideri Halil Falyal\u0131&#8217;n\u0131n korumas\u0131 Hakan At\u0131c\u0131&#8217;n\u0131n Arjantin&#8217;den, &#8220;Redkitler&#8221; isimli organize su\u00e7 \u00f6rg\u00fct\u00fc \u00fcyesi Ramazan Sadan&#8217;\u0131n ise G\u00fcrcistan&#8217;dan teslim al\u0131narak T\u00fcrkiye&#8217;ye getirildi\u011fi \u00f6\u011frenildi.<\/p>\n<p>Yakalananlar\u0131n \u015fu su\u00e7lardan arand\u0131klar\u0131 belirtildi:<\/p>\n<p>&#8220;Nitelikli doland\u0131r\u0131c\u0131l\u0131k, bili\u015fim sistemleri ile banka veya kredi kurumlar\u0131n\u0131n ara\u00e7 olarak kullan\u0131lmas\u0131 suretiyle doland\u0131r\u0131c\u0131l\u0131k, ki\u015finin kendisini kamu g\u00f6revlisi ya da banka, sigorta ve kredi kurumlar\u0131n\u0131n \u00e7al\u0131\u015fan\u0131 olarak tan\u0131tmas\u0131 suretiyle doland\u0131r\u0131c\u0131l\u0131k, resmi belgede sahtecilik, \u00e7ekle ilgili kar\u015f\u0131l\u0131ks\u0131zd\u0131r i\u015flemi yap\u0131lmas\u0131na sebebiyet verme, uyu\u015fturucu veya uyar\u0131c\u0131 madde ticareti yapma veya sa\u011flama ile kullanmak i\u00e7in uyu\u015fturucu veya uyar\u0131c\u0131 madde bulundurma, kasten \u00f6ld\u00fcrme, kasten yaralama ve basit yaralama, ki\u015fiyi h\u00fcrriyetinden yoksun k\u0131lma, silahla ya\u011fma, bili\u015fim sistemleri kullan\u0131larak h\u0131rs\u0131zl\u0131k ve muhafaza alt\u0131na al\u0131nm\u0131\u015f e\u015fya hakk\u0131nda h\u0131rs\u0131zl\u0131k, parada sahtecilik, \u00e7ocu\u011fun cinsel istismar\u0131, bir kimseyi fuh\u015fa te\u015fvik etmek veya yapt\u0131rmak, su\u00e7 i\u015flemek amac\u0131yla \u00f6rg\u00fct kurma ve \u00f6rg\u00fcte \u00fcye olma, silahl\u0131 ter\u00f6r \u00f6rg\u00fct\u00fcne \u00fcye olma (FET\u00d6), ruhsats\u0131z ate\u015fli silah ve m\u00fchimmat bulundurma ile say\u0131ca ve nitelik bak\u0131m\u0131ndan vahim silah veya m\u00fchimmat bulundurma, h\u00fck\u00fcml\u00fc veya tutuklunun ka\u00e7mas\u0131, kad\u0131na kar\u015f\u0131 \u015fiddet ve ilgili kanun maddesine muhalefet.&#8221;<\/p>\n<p>K\u0131rm\u0131z\u0131 b\u00fcltenle aranan 18, ulusal seviyede aranan 27 su\u00e7lu T\u00fcrkiye&#8217;ye getirildi yaz\u0131s\u0131 ilk \u00f6nce K\u0131br\u0131s Hakikat \u00fczerinde ortaya \u00e7\u0131kt\u0131.<\/p>\n","protected":false},"excerpt":{"rendered":"<p>Al\u0131nan bilgiye g\u00f6re, \u0130\u00e7i\u015fleri ile Adalet bakanl\u0131klar\u0131 koordinesinde y\u00fcr\u00fct\u00fclen \u00e7al\u0131\u015fmalar sonucunda, yurt d\u0131\u015f\u0131na ka\u00e7an ve haklar\u0131nda arama karar\u0131 bulunan su\u00e7lular\u0131n iadesine y\u00f6nelik Emniyet Genel M\u00fcd\u00fcrl\u00fc\u011f\u00fc (EGM) Interpol-Europol Daire Ba\u015fkanl\u0131\u011f\u0131, Ka\u00e7ak\u00e7\u0131l\u0131k ve Organize Su\u00e7larla M\u00fccadele, \u0130stihbarat, Narkotik Su\u00e7larla M\u00fccadele, Siber Su\u00e7larla M\u00fccadele, Asayi\u015f ve Ter\u00f6rle M\u00fccadele daire ba\u015fkanl\u0131klar\u0131nca \u00e7al\u0131\u015fmalar ger\u00e7ekle\u015ftirildi. Bu kapsamda ilgili \u00fclkelerin kolluk birimleriyle [&hellip;]<\/p>\n","protected":false},"author":1,"featured_media":35265,"comment_status":"open","ping_status":"open","sticky":false,"template":"","format":"standard","meta":{"jnews-multi-image_gallery":[],"jnews_single_post":[],"jnews_primary_category":[],"footnotes":""},"categories":[1],"tags":[],"class_list":["post-35264","post","type-post","status-publish","format-standard","has-post-thumbnail","hentry","category-kibris"],"yoast_head":"<!-- This site is optimized with the Yoast SEO plugin v27.5 - https:\/\/yoast.com\/product\/yoast-seo-wordpress\/ -->\n<title>K\u0131rm\u0131z\u0131 b\u00fcltenle aranan 18, ulusal seviyede aranan 27 su\u00e7lu T\u00fcrkiye\u2019ye getirildi - Haber Kuzey<\/title>\n<meta name=\"robots\" content=\"index, follow, max-snippet:-1, max-image-preview:large, max-video-preview:-1\" \/>\n<link rel=\"canonical\" href=\"https:\/\/haberkuzey.com\/index.php\/2026\/03\/14\/kirmizi-bultenle-aranan-18-ulusal-seviyede-aranan-27-suclu-turkiyeye-getirildi\/\" \/>\n<meta property=\"og:locale\" content=\"tr_TR\" \/>\n<meta property=\"og:type\" content=\"article\" \/>\n<meta property=\"og:title\" content=\"K\u0131rm\u0131z\u0131 b\u00fcltenle aranan 18, ulusal seviyede aranan 27 su\u00e7lu T\u00fcrkiye\u2019ye getirildi - Haber Kuzey\" \/>\n<meta property=\"og:description\" content=\"Al\u0131nan bilgiye g\u00f6re, \u0130\u00e7i\u015fleri ile Adalet bakanl\u0131klar\u0131 koordinesinde y\u00fcr\u00fct\u00fclen \u00e7al\u0131\u015fmalar sonucunda, yurt d\u0131\u015f\u0131na ka\u00e7an ve haklar\u0131nda arama karar\u0131 bulunan su\u00e7lular\u0131n iadesine y\u00f6nelik Emniyet Genel M\u00fcd\u00fcrl\u00fc\u011f\u00fc (EGM) Interpol-Europol Daire Ba\u015fkanl\u0131\u011f\u0131, Ka\u00e7ak\u00e7\u0131l\u0131k ve Organize Su\u00e7larla M\u00fccadele, \u0130stihbarat, Narkotik Su\u00e7larla M\u00fccadele, Siber Su\u00e7larla M\u00fccadele, Asayi\u015f ve Ter\u00f6rle M\u00fccadele daire ba\u015fkanl\u0131klar\u0131nca \u00e7al\u0131\u015fmalar ger\u00e7ekle\u015ftirildi. Bu kapsamda ilgili \u00fclkelerin kolluk birimleriyle [&hellip;]\" \/>\n<meta property=\"og:url\" content=\"https:\/\/haberkuzey.com\/index.php\/2026\/03\/14\/kirmizi-bultenle-aranan-18-ulusal-seviyede-aranan-27-suclu-turkiyeye-getirildi\/\" \/>\n<meta property=\"og:site_name\" content=\"Haber Kuzey\" \/>\n<meta property=\"article:published_time\" content=\"2026-03-14T10:18:32+00:00\" \/>\n<meta name=\"author\" content=\"haberkuzey\" \/>\n<meta name=\"twitter:card\" content=\"summary_large_image\" \/>\n<meta name=\"twitter:label1\" content=\"Yazan:\" \/>\n\t<meta name=\"twitter:data1\" content=\"haberkuzey\" \/>\n\t<meta name=\"twitter:label2\" content=\"Tahmini okuma s\u00fcresi\" \/>\n\t<meta name=\"twitter:data2\" content=\"2 dakika\" \/>\n<script type=\"application\/ld+json\" class=\"yoast-schema-graph\">{\"@context\":\"https:\\\/\\\/schema.org\",\"@graph\":[{\"@type\":\"Article\",\"@id\":\"https:\\\/\\\/haberkuzey.com\\\/index.php\\\/2026\\\/03\\\/14\\\/kirmizi-bultenle-aranan-18-ulusal-seviyede-aranan-27-suclu-turkiyeye-getirildi\\\/#article\",\"isPartOf\":{\"@id\":\"https:\\\/\\\/haberkuzey.com\\\/index.php\\\/2026\\\/03\\\/14\\\/kirmizi-bultenle-aranan-18-ulusal-seviyede-aranan-27-suclu-turkiyeye-getirildi\\\/\"},\"author\":{\"name\":\"haberkuzey\",\"@id\":\"https:\\\/\\\/haberkuzey.com\\\/#\\\/schema\\\/person\\\/3372109ec735f9333f4fa47ebb9605ca\"},\"headline\":\"K\u0131rm\u0131z\u0131 b\u00fcltenle aranan 18, ulusal seviyede aranan 27 su\u00e7lu T\u00fcrkiye\u2019ye getirildi\",\"datePublished\":\"2026-03-14T10:18:32+00:00\",\"mainEntityOfPage\":{\"@id\":\"https:\\\/\\\/haberkuzey.com\\\/index.php\\\/2026\\\/03\\\/14\\\/kirmizi-bultenle-aranan-18-ulusal-seviyede-aranan-27-suclu-turkiyeye-getirildi\\\/\"},\"wordCount\":444,\"commentCount\":0,\"image\":{\"@id\":\"https:\\\/\\\/haberkuzey.com\\\/index.php\\\/2026\\\/03\\\/14\\\/kirmizi-bultenle-aranan-18-ulusal-seviyede-aranan-27-suclu-turkiyeye-getirildi\\\/#primaryimage\"},\"thumbnailUrl\":\"https:\\\/\\\/haberkuzey.com\\\/wp-content\\\/uploads\\\/2026\\\/03\\\/1773482004515960x540.jpg\",\"articleSection\":[\"K\u0131br\u0131s\"],\"inLanguage\":\"tr\",\"potentialAction\":[{\"@type\":\"CommentAction\",\"name\":\"Comment\",\"target\":[\"https:\\\/\\\/haberkuzey.com\\\/index.php\\\/2026\\\/03\\\/14\\\/kirmizi-bultenle-aranan-18-ulusal-seviyede-aranan-27-suclu-turkiyeye-getirildi\\\/#respond\"]}]},{\"@type\":\"WebPage\",\"@id\":\"https:\\\/\\\/haberkuzey.com\\\/index.php\\\/2026\\\/03\\\/14\\\/kirmizi-bultenle-aranan-18-ulusal-seviyede-aranan-27-suclu-turkiyeye-getirildi\\\/\",\"url\":\"https:\\\/\\\/haberkuzey.com\\\/index.php\\\/2026\\\/03\\\/14\\\/kirmizi-bultenle-aranan-18-ulusal-seviyede-aranan-27-suclu-turkiyeye-getirildi\\\/\",\"name\":\"K\u0131rm\u0131z\u0131 b\u00fcltenle aranan 18, ulusal seviyede aranan 27 su\u00e7lu T\u00fcrkiye\u2019ye getirildi - Haber Kuzey\",\"isPartOf\":{\"@id\":\"https:\\\/\\\/haberkuzey.com\\\/#website\"},\"primaryImageOfPage\":{\"@id\":\"https:\\\/\\\/haberkuzey.com\\\/index.php\\\/2026\\\/03\\\/14\\\/kirmizi-bultenle-aranan-18-ulusal-seviyede-aranan-27-suclu-turkiyeye-getirildi\\\/#primaryimage\"},\"image\":{\"@id\":\"https:\\\/\\\/haberkuzey.com\\\/index.php\\\/2026\\\/03\\\/14\\\/kirmizi-bultenle-aranan-18-ulusal-seviyede-aranan-27-suclu-turkiyeye-getirildi\\\/#primaryimage\"},\"thumbnailUrl\":\"https:\\\/\\\/haberkuzey.com\\\/wp-content\\\/uploads\\\/2026\\\/03\\\/1773482004515960x540.jpg\",\"datePublished\":\"2026-03-14T10:18:32+00:00\",\"author\":{\"@id\":\"https:\\\/\\\/haberkuzey.com\\\/#\\\/schema\\\/person\\\/3372109ec735f9333f4fa47ebb9605ca\"},\"breadcrumb\":{\"@id\":\"https:\\\/\\\/haberkuzey.com\\\/index.php\\\/2026\\\/03\\\/14\\\/kirmizi-bultenle-aranan-18-ulusal-seviyede-aranan-27-suclu-turkiyeye-getirildi\\\/#breadcrumb\"},\"inLanguage\":\"tr\",\"potentialAction\":[{\"@type\":\"ReadAction\",\"target\":[\"https:\\\/\\\/haberkuzey.com\\\/index.php\\\/2026\\\/03\\\/14\\\/kirmizi-bultenle-aranan-18-ulusal-seviyede-aranan-27-suclu-turkiyeye-getirildi\\\/\"]}]},{\"@type\":\"ImageObject\",\"inLanguage\":\"tr\",\"@id\":\"https:\\\/\\\/haberkuzey.com\\\/index.php\\\/2026\\\/03\\\/14\\\/kirmizi-bultenle-aranan-18-ulusal-seviyede-aranan-27-suclu-turkiyeye-getirildi\\\/#primaryimage\",\"url\":\"https:\\\/\\\/haberkuzey.com\\\/wp-content\\\/uploads\\\/2026\\\/03\\\/1773482004515960x540.jpg\",\"contentUrl\":\"https:\\\/\\\/haberkuzey.com\\\/wp-content\\\/uploads\\\/2026\\\/03\\\/1773482004515960x540.jpg\",\"width\":960,\"height\":540},{\"@type\":\"BreadcrumbList\",\"@id\":\"https:\\\/\\\/haberkuzey.com\\\/index.php\\\/2026\\\/03\\\/14\\\/kirmizi-bultenle-aranan-18-ulusal-seviyede-aranan-27-suclu-turkiyeye-getirildi\\\/#breadcrumb\",\"itemListElement\":[{\"@type\":\"ListItem\",\"position\":1,\"name\":\"Anasayfa\",\"item\":\"https:\\\/\\\/haberkuzey.com\\\/\"},{\"@type\":\"ListItem\",\"position\":2,\"name\":\"K\u0131rm\u0131z\u0131 b\u00fcltenle aranan 18, ulusal seviyede aranan 27 su\u00e7lu T\u00fcrkiye\u2019ye getirildi\"}]},{\"@type\":\"WebSite\",\"@id\":\"https:\\\/\\\/haberkuzey.com\\\/#website\",\"url\":\"https:\\\/\\\/haberkuzey.com\\\/\",\"name\":\"Haber Kuzey\",\"description\":\"Do\u011fru Haberin Adresi\",\"potentialAction\":[{\"@type\":\"SearchAction\",\"target\":{\"@type\":\"EntryPoint\",\"urlTemplate\":\"https:\\\/\\\/haberkuzey.com\\\/?s={search_term_string}\"},\"query-input\":{\"@type\":\"PropertyValueSpecification\",\"valueRequired\":true,\"valueName\":\"search_term_string\"}}],\"inLanguage\":\"tr\"},{\"@type\":\"Person\",\"@id\":\"https:\\\/\\\/haberkuzey.com\\\/#\\\/schema\\\/person\\\/3372109ec735f9333f4fa47ebb9605ca\",\"name\":\"haberkuzey\",\"image\":{\"@type\":\"ImageObject\",\"inLanguage\":\"tr\",\"@id\":\"https:\\\/\\\/secure.gravatar.com\\\/avatar\\\/f5fc875574b1575324358c3b9e6a32b8227aa5b74f3fa22e3cadb63e26fcc39c?s=96&d=mm&r=g\",\"url\":\"https:\\\/\\\/secure.gravatar.com\\\/avatar\\\/f5fc875574b1575324358c3b9e6a32b8227aa5b74f3fa22e3cadb63e26fcc39c?s=96&d=mm&r=g\",\"contentUrl\":\"https:\\\/\\\/secure.gravatar.com\\\/avatar\\\/f5fc875574b1575324358c3b9e6a32b8227aa5b74f3fa22e3cadb63e26fcc39c?s=96&d=mm&r=g\",\"caption\":\"haberkuzey\"},\"sameAs\":[\"https:\\\/\\\/haberkuzey.com\"],\"url\":\"https:\\\/\\\/haberkuzey.com\\\/index.php\\\/author\\\/haberkuzey\\\/\"}]}<\/script>\n<!-- \/ Yoast SEO plugin. -->","yoast_head_json":{"title":"K\u0131rm\u0131z\u0131 b\u00fcltenle aranan 18, ulusal seviyede aranan 27 su\u00e7lu T\u00fcrkiye\u2019ye getirildi - Haber Kuzey","robots":{"index":"index","follow":"follow","max-snippet":"max-snippet:-1","max-image-preview":"max-image-preview:large","max-video-preview":"max-video-preview:-1"},"canonical":"https:\/\/haberkuzey.com\/index.php\/2026\/03\/14\/kirmizi-bultenle-aranan-18-ulusal-seviyede-aranan-27-suclu-turkiyeye-getirildi\/","og_locale":"tr_TR","og_type":"article","og_title":"K\u0131rm\u0131z\u0131 b\u00fcltenle aranan 18, ulusal seviyede aranan 27 su\u00e7lu T\u00fcrkiye\u2019ye getirildi - Haber Kuzey","og_description":"Al\u0131nan bilgiye g\u00f6re, \u0130\u00e7i\u015fleri ile Adalet bakanl\u0131klar\u0131 koordinesinde y\u00fcr\u00fct\u00fclen \u00e7al\u0131\u015fmalar sonucunda, yurt d\u0131\u015f\u0131na ka\u00e7an ve haklar\u0131nda arama karar\u0131 bulunan su\u00e7lular\u0131n iadesine y\u00f6nelik Emniyet Genel M\u00fcd\u00fcrl\u00fc\u011f\u00fc (EGM) Interpol-Europol Daire Ba\u015fkanl\u0131\u011f\u0131, Ka\u00e7ak\u00e7\u0131l\u0131k ve Organize Su\u00e7larla M\u00fccadele, \u0130stihbarat, Narkotik Su\u00e7larla M\u00fccadele, Siber Su\u00e7larla M\u00fccadele, Asayi\u015f ve Ter\u00f6rle M\u00fccadele daire ba\u015fkanl\u0131klar\u0131nca \u00e7al\u0131\u015fmalar ger\u00e7ekle\u015ftirildi. Bu kapsamda ilgili \u00fclkelerin kolluk birimleriyle [&hellip;]","og_url":"https:\/\/haberkuzey.com\/index.php\/2026\/03\/14\/kirmizi-bultenle-aranan-18-ulusal-seviyede-aranan-27-suclu-turkiyeye-getirildi\/","og_site_name":"Haber Kuzey","article_published_time":"2026-03-14T10:18:32+00:00","author":"haberkuzey","twitter_card":"summary_large_image","twitter_misc":{"Yazan:":"haberkuzey","Tahmini okuma s\u00fcresi":"2 dakika"},"schema":{"@context":"https:\/\/schema.org","@graph":[{"@type":"Article","@id":"https:\/\/haberkuzey.com\/index.php\/2026\/03\/14\/kirmizi-bultenle-aranan-18-ulusal-seviyede-aranan-27-suclu-turkiyeye-getirildi\/#article","isPartOf":{"@id":"https:\/\/haberkuzey.com\/index.php\/2026\/03\/14\/kirmizi-bultenle-aranan-18-ulusal-seviyede-aranan-27-suclu-turkiyeye-getirildi\/"},"author":{"name":"haberkuzey","@id":"https:\/\/haberkuzey.com\/#\/schema\/person\/3372109ec735f9333f4fa47ebb9605ca"},"headline":"K\u0131rm\u0131z\u0131 b\u00fcltenle aranan 18, ulusal seviyede aranan 27 su\u00e7lu T\u00fcrkiye\u2019ye getirildi","datePublished":"2026-03-14T10:18:32+00:00","mainEntityOfPage":{"@id":"https:\/\/haberkuzey.com\/index.php\/2026\/03\/14\/kirmizi-bultenle-aranan-18-ulusal-seviyede-aranan-27-suclu-turkiyeye-getirildi\/"},"wordCount":444,"commentCount":0,"image":{"@id":"https:\/\/haberkuzey.com\/index.php\/2026\/03\/14\/kirmizi-bultenle-aranan-18-ulusal-seviyede-aranan-27-suclu-turkiyeye-getirildi\/#primaryimage"},"thumbnailUrl":"https:\/\/haberkuzey.com\/wp-content\/uploads\/2026\/03\/1773482004515960x540.jpg","articleSection":["K\u0131br\u0131s"],"inLanguage":"tr","potentialAction":[{"@type":"CommentAction","name":"Comment","target":["https:\/\/haberkuzey.com\/index.php\/2026\/03\/14\/kirmizi-bultenle-aranan-18-ulusal-seviyede-aranan-27-suclu-turkiyeye-getirildi\/#respond"]}]},{"@type":"WebPage","@id":"https:\/\/haberkuzey.com\/index.php\/2026\/03\/14\/kirmizi-bultenle-aranan-18-ulusal-seviyede-aranan-27-suclu-turkiyeye-getirildi\/","url":"https:\/\/haberkuzey.com\/index.php\/2026\/03\/14\/kirmizi-bultenle-aranan-18-ulusal-seviyede-aranan-27-suclu-turkiyeye-getirildi\/","name":"K\u0131rm\u0131z\u0131 b\u00fcltenle aranan 18, ulusal seviyede aranan 27 su\u00e7lu T\u00fcrkiye\u2019ye getirildi - Haber Kuzey","isPartOf":{"@id":"https:\/\/haberkuzey.com\/#website"},"primaryImageOfPage":{"@id":"https:\/\/haberkuzey.com\/index.php\/2026\/03\/14\/kirmizi-bultenle-aranan-18-ulusal-seviyede-aranan-27-suclu-turkiyeye-getirildi\/#primaryimage"},"image":{"@id":"https:\/\/haberkuzey.com\/index.php\/2026\/03\/14\/kirmizi-bultenle-aranan-18-ulusal-seviyede-aranan-27-suclu-turkiyeye-getirildi\/#primaryimage"},"thumbnailUrl":"https:\/\/haberkuzey.com\/wp-content\/uploads\/2026\/03\/1773482004515960x540.jpg","datePublished":"2026-03-14T10:18:32+00:00","author":{"@id":"https:\/\/haberkuzey.com\/#\/schema\/person\/3372109ec735f9333f4fa47ebb9605ca"},"breadcrumb":{"@id":"https:\/\/haberkuzey.com\/index.php\/2026\/03\/14\/kirmizi-bultenle-aranan-18-ulusal-seviyede-aranan-27-suclu-turkiyeye-getirildi\/#breadcrumb"},"inLanguage":"tr","potentialAction":[{"@type":"ReadAction","target":["https:\/\/haberkuzey.com\/index.php\/2026\/03\/14\/kirmizi-bultenle-aranan-18-ulusal-seviyede-aranan-27-suclu-turkiyeye-getirildi\/"]}]},{"@type":"ImageObject","inLanguage":"tr","@id":"https:\/\/haberkuzey.com\/index.php\/2026\/03\/14\/kirmizi-bultenle-aranan-18-ulusal-seviyede-aranan-27-suclu-turkiyeye-getirildi\/#primaryimage","url":"https:\/\/haberkuzey.com\/wp-content\/uploads\/2026\/03\/1773482004515960x540.jpg","contentUrl":"https:\/\/haberkuzey.com\/wp-content\/uploads\/2026\/03\/1773482004515960x540.jpg","width":960,"height":540},{"@type":"BreadcrumbList","@id":"https:\/\/haberkuzey.com\/index.php\/2026\/03\/14\/kirmizi-bultenle-aranan-18-ulusal-seviyede-aranan-27-suclu-turkiyeye-getirildi\/#breadcrumb","itemListElement":[{"@type":"ListItem","position":1,"name":"Anasayfa","item":"https:\/\/haberkuzey.com\/"},{"@type":"ListItem","position":2,"name":"K\u0131rm\u0131z\u0131 b\u00fcltenle aranan 18, ulusal seviyede aranan 27 su\u00e7lu T\u00fcrkiye\u2019ye getirildi"}]},{"@type":"WebSite","@id":"https:\/\/haberkuzey.com\/#website","url":"https:\/\/haberkuzey.com\/","name":"Haber Kuzey","description":"Do\u011fru Haberin Adresi","potentialAction":[{"@type":"SearchAction","target":{"@type":"EntryPoint","urlTemplate":"https:\/\/haberkuzey.com\/?s={search_term_string}"},"query-input":{"@type":"PropertyValueSpecification","valueRequired":true,"valueName":"search_term_string"}}],"inLanguage":"tr"},{"@type":"Person","@id":"https:\/\/haberkuzey.com\/#\/schema\/person\/3372109ec735f9333f4fa47ebb9605ca","name":"haberkuzey","image":{"@type":"ImageObject","inLanguage":"tr","@id":"https:\/\/secure.gravatar.com\/avatar\/f5fc875574b1575324358c3b9e6a32b8227aa5b74f3fa22e3cadb63e26fcc39c?s=96&d=mm&r=g","url":"https:\/\/secure.gravatar.com\/avatar\/f5fc875574b1575324358c3b9e6a32b8227aa5b74f3fa22e3cadb63e26fcc39c?s=96&d=mm&r=g","contentUrl":"https:\/\/secure.gravatar.com\/avatar\/f5fc875574b1575324358c3b9e6a32b8227aa5b74f3fa22e3cadb63e26fcc39c?s=96&d=mm&r=g","caption":"haberkuzey"},"sameAs":["https:\/\/haberkuzey.com"],"url":"https:\/\/haberkuzey.com\/index.php\/author\/haberkuzey\/"}]}},"_links":{"self":[{"href":"https:\/\/haberkuzey.com\/index.php\/wp-json\/wp\/v2\/posts\/35264","targetHints":{"allow":["GET"]}}],"collection":[{"href":"https:\/\/haberkuzey.com\/index.php\/wp-json\/wp\/v2\/posts"}],"about":[{"href":"https:\/\/haberkuzey.com\/index.php\/wp-json\/wp\/v2\/types\/post"}],"author":[{"embeddable":true,"href":"https:\/\/haberkuzey.com\/index.php\/wp-json\/wp\/v2\/users\/1"}],"replies":[{"embeddable":true,"href":"https:\/\/haberkuzey.com\/index.php\/wp-json\/wp\/v2\/comments?post=35264"}],"version-history":[{"count":0,"href":"https:\/\/haberkuzey.com\/index.php\/wp-json\/wp\/v2\/posts\/35264\/revisions"}],"wp:featuredmedia":[{"embeddable":true,"href":"https:\/\/haberkuzey.com\/index.php\/wp-json\/wp\/v2\/media\/35265"}],"wp:attachment":[{"href":"https:\/\/haberkuzey.com\/index.php\/wp-json\/wp\/v2\/media?parent=35264"}],"wp:term":[{"taxonomy":"category","embeddable":true,"href":"https:\/\/haberkuzey.com\/index.php\/wp-json\/wp\/v2\/categories?post=35264"},{"taxonomy":"post_tag","embeddable":true,"href":"https:\/\/haberkuzey.com\/index.php\/wp-json\/wp\/v2\/tags?post=35264"}],"curies":[{"name":"wp","href":"https:\/\/api.w.org\/{rel}","templated":true}]}}