{"id":35260,"date":"2026-03-14T11:59:37","date_gmt":"2026-03-14T09:59:37","guid":{"rendered":"https:\/\/haberkuzey.com\/index.php\/2026\/03\/14\/guney-kore-ve-japonya-kuzey-korenin-balistik-fuze-firlattigini-bildirdi\/"},"modified":"2026-03-14T11:59:37","modified_gmt":"2026-03-14T09:59:37","slug":"guney-kore-ve-japonya-kuzey-korenin-balistik-fuze-firlattigini-bildirdi","status":"publish","type":"post","link":"https:\/\/haberkuzey.com\/index.php\/2026\/03\/14\/guney-kore-ve-japonya-kuzey-korenin-balistik-fuze-firlattigini-bildirdi\/","title":{"rendered":"G\u00fcney Kore ve Japonya, Kuzey Kore\u2019nin balistik f\u00fcze f\u0131rlatt\u0131\u011f\u0131n\u0131 bildirdi"},"content":{"rendered":"<p>G\u00fcney Kore Genelkurmay Ba\u015fkanl\u0131\u011f\u0131ndan yap\u0131lan a\u00e7\u0131klamada, Pyongyang y\u00f6netiminin, ba\u015fkent yak\u0131nlar\u0131ndaki Sunan b\u00f6lgesinden Japon Denizi y\u00f6n\u00fcne do\u011fru yakla\u015f\u0131k 10 balistik f\u00fcze f\u0131rlatt\u0131\u011f\u0131 kaydedildi.<\/p>\n<p>A\u00e7\u0131klamada, ilave f\u00fcze f\u0131rlatmalar\u0131na kar\u015f\u0131 teyakkuza ge\u00e7ildi\u011fi ve olaya ili\u015fkin bilgilerin ABD ile Japonya&#8217;ya iletildi\u011fi belirtildi.<\/p>\n<p>Japon Kyodo ajans\u0131n\u0131n haberine g\u00f6re, Japonya Savunma Bakanl\u0131\u011f\u0131, f\u00fczelerin ulusal M\u00fcnhas\u0131r Ekonomik B\u00f6lge&#8217;nin d\u0131\u015f\u0131na d\u00fc\u015ft\u00fc\u011f\u00fcn\u00fcn tahmin edildi\u011fini a\u00e7\u0131klad\u0131.<\/p>\n<p>Haberde, Japonya Ba\u015fbakan\u0131 Takai\u00e7i Sanae&#8217;nin h\u00fck\u00fcmet yetkililerine olayla ilgili bilgi toplanmas\u0131 ve u\u00e7ak ile gemilerin g\u00fcvenli\u011finin sa\u011flanmas\u0131 talimat\u0131n\u0131 verdi\u011fi ifade edildi.<\/p>\n<p>G\u00fcney Kore ve Japonya, Kuzey Kore&#8217;nin balistik f\u00fcze f\u0131rlatt\u0131\u011f\u0131n\u0131 bildirdi yaz\u0131s\u0131 ilk \u00f6nce K\u0131br\u0131s Hakikat \u00fczerinde ortaya \u00e7\u0131kt\u0131.<\/p>\n","protected":false},"excerpt":{"rendered":"<p>G\u00fcney Kore Genelkurmay Ba\u015fkanl\u0131\u011f\u0131ndan yap\u0131lan a\u00e7\u0131klamada, Pyongyang y\u00f6netiminin, ba\u015fkent yak\u0131nlar\u0131ndaki Sunan b\u00f6lgesinden Japon Denizi y\u00f6n\u00fcne do\u011fru yakla\u015f\u0131k 10 balistik f\u00fcze f\u0131rlatt\u0131\u011f\u0131 kaydedildi. A\u00e7\u0131klamada, ilave f\u00fcze f\u0131rlatmalar\u0131na kar\u015f\u0131 teyakkuza ge\u00e7ildi\u011fi ve olaya ili\u015fkin bilgilerin ABD ile Japonya&#8217;ya iletildi\u011fi belirtildi. Japon Kyodo ajans\u0131n\u0131n haberine g\u00f6re, Japonya Savunma Bakanl\u0131\u011f\u0131, f\u00fczelerin ulusal M\u00fcnhas\u0131r Ekonomik B\u00f6lge&#8217;nin d\u0131\u015f\u0131na d\u00fc\u015ft\u00fc\u011f\u00fcn\u00fcn tahmin edildi\u011fini [&hellip;]<\/p>\n","protected":false},"author":1,"featured_media":35261,"comment_status":"open","ping_status":"open","sticky":false,"template":"","format":"standard","meta":{"jnews-multi-image_gallery":[],"jnews_single_post":[],"jnews_primary_category":[],"footnotes":""},"categories":[1],"tags":[],"class_list":["post-35260","post","type-post","status-publish","format-standard","has-post-thumbnail","hentry","category-kibris"],"yoast_head":"<!-- This site is optimized with the Yoast SEO plugin v27.5 - https:\/\/yoast.com\/product\/yoast-seo-wordpress\/ -->\n<title>G\u00fcney Kore ve Japonya, Kuzey Kore\u2019nin balistik f\u00fcze f\u0131rlatt\u0131\u011f\u0131n\u0131 bildirdi - Haber Kuzey<\/title>\n<meta name=\"robots\" content=\"index, follow, max-snippet:-1, max-image-preview:large, max-video-preview:-1\" \/>\n<link rel=\"canonical\" href=\"https:\/\/haberkuzey.com\/index.php\/2026\/03\/14\/guney-kore-ve-japonya-kuzey-korenin-balistik-fuze-firlattigini-bildirdi\/\" \/>\n<meta property=\"og:locale\" content=\"tr_TR\" \/>\n<meta property=\"og:type\" content=\"article\" \/>\n<meta property=\"og:title\" content=\"G\u00fcney Kore ve Japonya, Kuzey Kore\u2019nin balistik f\u00fcze f\u0131rlatt\u0131\u011f\u0131n\u0131 bildirdi - Haber Kuzey\" \/>\n<meta property=\"og:description\" content=\"G\u00fcney Kore Genelkurmay Ba\u015fkanl\u0131\u011f\u0131ndan yap\u0131lan a\u00e7\u0131klamada, Pyongyang y\u00f6netiminin, ba\u015fkent yak\u0131nlar\u0131ndaki Sunan b\u00f6lgesinden Japon Denizi y\u00f6n\u00fcne do\u011fru yakla\u015f\u0131k 10 balistik f\u00fcze f\u0131rlatt\u0131\u011f\u0131 kaydedildi. A\u00e7\u0131klamada, ilave f\u00fcze f\u0131rlatmalar\u0131na kar\u015f\u0131 teyakkuza ge\u00e7ildi\u011fi ve olaya ili\u015fkin bilgilerin ABD ile Japonya&#8217;ya iletildi\u011fi belirtildi. Japon Kyodo ajans\u0131n\u0131n haberine g\u00f6re, Japonya Savunma Bakanl\u0131\u011f\u0131, f\u00fczelerin ulusal M\u00fcnhas\u0131r Ekonomik B\u00f6lge&#8217;nin d\u0131\u015f\u0131na d\u00fc\u015ft\u00fc\u011f\u00fcn\u00fcn tahmin edildi\u011fini [&hellip;]\" \/>\n<meta property=\"og:url\" content=\"https:\/\/haberkuzey.com\/index.php\/2026\/03\/14\/guney-kore-ve-japonya-kuzey-korenin-balistik-fuze-firlattigini-bildirdi\/\" \/>\n<meta property=\"og:site_name\" content=\"Haber Kuzey\" \/>\n<meta property=\"article:published_time\" content=\"2026-03-14T09:59:37+00:00\" \/>\n<meta name=\"author\" content=\"haberkuzey\" \/>\n<meta name=\"twitter:card\" content=\"summary_large_image\" \/>\n<meta name=\"twitter:label1\" content=\"Yazan:\" \/>\n\t<meta name=\"twitter:data1\" content=\"haberkuzey\" \/>\n\t<meta name=\"twitter:label2\" content=\"Tahmini okuma s\u00fcresi\" \/>\n\t<meta name=\"twitter:data2\" content=\"1 dakika\" \/>\n<script type=\"application\/ld+json\" class=\"yoast-schema-graph\">{\"@context\":\"https:\\\/\\\/schema.org\",\"@graph\":[{\"@type\":\"Article\",\"@id\":\"https:\\\/\\\/haberkuzey.com\\\/index.php\\\/2026\\\/03\\\/14\\\/guney-kore-ve-japonya-kuzey-korenin-balistik-fuze-firlattigini-bildirdi\\\/#article\",\"isPartOf\":{\"@id\":\"https:\\\/\\\/haberkuzey.com\\\/index.php\\\/2026\\\/03\\\/14\\\/guney-kore-ve-japonya-kuzey-korenin-balistik-fuze-firlattigini-bildirdi\\\/\"},\"author\":{\"name\":\"haberkuzey\",\"@id\":\"https:\\\/\\\/haberkuzey.com\\\/#\\\/schema\\\/person\\\/3372109ec735f9333f4fa47ebb9605ca\"},\"headline\":\"G\u00fcney Kore ve Japonya, Kuzey Kore\u2019nin balistik f\u00fcze f\u0131rlatt\u0131\u011f\u0131n\u0131 bildirdi\",\"datePublished\":\"2026-03-14T09:59:37+00:00\",\"mainEntityOfPage\":{\"@id\":\"https:\\\/\\\/haberkuzey.com\\\/index.php\\\/2026\\\/03\\\/14\\\/guney-kore-ve-japonya-kuzey-korenin-balistik-fuze-firlattigini-bildirdi\\\/\"},\"wordCount\":167,\"commentCount\":0,\"image\":{\"@id\":\"https:\\\/\\\/haberkuzey.com\\\/index.php\\\/2026\\\/03\\\/14\\\/guney-kore-ve-japonya-kuzey-korenin-balistik-fuze-firlattigini-bildirdi\\\/#primaryimage\"},\"thumbnailUrl\":\"https:\\\/\\\/haberkuzey.com\\\/wp-content\\\/uploads\\\/2026\\\/03\\\/1773479950512kuzey-kore-seyir-fuzesi-reu-2337429.jpg\",\"articleSection\":[\"K\u0131br\u0131s\"],\"inLanguage\":\"tr\",\"potentialAction\":[{\"@type\":\"CommentAction\",\"name\":\"Comment\",\"target\":[\"https:\\\/\\\/haberkuzey.com\\\/index.php\\\/2026\\\/03\\\/14\\\/guney-kore-ve-japonya-kuzey-korenin-balistik-fuze-firlattigini-bildirdi\\\/#respond\"]}]},{\"@type\":\"WebPage\",\"@id\":\"https:\\\/\\\/haberkuzey.com\\\/index.php\\\/2026\\\/03\\\/14\\\/guney-kore-ve-japonya-kuzey-korenin-balistik-fuze-firlattigini-bildirdi\\\/\",\"url\":\"https:\\\/\\\/haberkuzey.com\\\/index.php\\\/2026\\\/03\\\/14\\\/guney-kore-ve-japonya-kuzey-korenin-balistik-fuze-firlattigini-bildirdi\\\/\",\"name\":\"G\u00fcney Kore ve Japonya, Kuzey Kore\u2019nin balistik f\u00fcze f\u0131rlatt\u0131\u011f\u0131n\u0131 bildirdi - Haber Kuzey\",\"isPartOf\":{\"@id\":\"https:\\\/\\\/haberkuzey.com\\\/#website\"},\"primaryImageOfPage\":{\"@id\":\"https:\\\/\\\/haberkuzey.com\\\/index.php\\\/2026\\\/03\\\/14\\\/guney-kore-ve-japonya-kuzey-korenin-balistik-fuze-firlattigini-bildirdi\\\/#primaryimage\"},\"image\":{\"@id\":\"https:\\\/\\\/haberkuzey.com\\\/index.php\\\/2026\\\/03\\\/14\\\/guney-kore-ve-japonya-kuzey-korenin-balistik-fuze-firlattigini-bildirdi\\\/#primaryimage\"},\"thumbnailUrl\":\"https:\\\/\\\/haberkuzey.com\\\/wp-content\\\/uploads\\\/2026\\\/03\\\/1773479950512kuzey-kore-seyir-fuzesi-reu-2337429.jpg\",\"datePublished\":\"2026-03-14T09:59:37+00:00\",\"author\":{\"@id\":\"https:\\\/\\\/haberkuzey.com\\\/#\\\/schema\\\/person\\\/3372109ec735f9333f4fa47ebb9605ca\"},\"breadcrumb\":{\"@id\":\"https:\\\/\\\/haberkuzey.com\\\/index.php\\\/2026\\\/03\\\/14\\\/guney-kore-ve-japonya-kuzey-korenin-balistik-fuze-firlattigini-bildirdi\\\/#breadcrumb\"},\"inLanguage\":\"tr\",\"potentialAction\":[{\"@type\":\"ReadAction\",\"target\":[\"https:\\\/\\\/haberkuzey.com\\\/index.php\\\/2026\\\/03\\\/14\\\/guney-kore-ve-japonya-kuzey-korenin-balistik-fuze-firlattigini-bildirdi\\\/\"]}]},{\"@type\":\"ImageObject\",\"inLanguage\":\"tr\",\"@id\":\"https:\\\/\\\/haberkuzey.com\\\/index.php\\\/2026\\\/03\\\/14\\\/guney-kore-ve-japonya-kuzey-korenin-balistik-fuze-firlattigini-bildirdi\\\/#primaryimage\",\"url\":\"https:\\\/\\\/haberkuzey.com\\\/wp-content\\\/uploads\\\/2026\\\/03\\\/1773479950512kuzey-kore-seyir-fuzesi-reu-2337429.jpg\",\"contentUrl\":\"https:\\\/\\\/haberkuzey.com\\\/wp-content\\\/uploads\\\/2026\\\/03\\\/1773479950512kuzey-kore-seyir-fuzesi-reu-2337429.jpg\",\"width\":1280,\"height\":720},{\"@type\":\"BreadcrumbList\",\"@id\":\"https:\\\/\\\/haberkuzey.com\\\/index.php\\\/2026\\\/03\\\/14\\\/guney-kore-ve-japonya-kuzey-korenin-balistik-fuze-firlattigini-bildirdi\\\/#breadcrumb\",\"itemListElement\":[{\"@type\":\"ListItem\",\"position\":1,\"name\":\"Anasayfa\",\"item\":\"https:\\\/\\\/haberkuzey.com\\\/\"},{\"@type\":\"ListItem\",\"position\":2,\"name\":\"G\u00fcney Kore ve Japonya, Kuzey Kore\u2019nin balistik f\u00fcze f\u0131rlatt\u0131\u011f\u0131n\u0131 bildirdi\"}]},{\"@type\":\"WebSite\",\"@id\":\"https:\\\/\\\/haberkuzey.com\\\/#website\",\"url\":\"https:\\\/\\\/haberkuzey.com\\\/\",\"name\":\"Haber Kuzey\",\"description\":\"Do\u011fru Haberin Adresi\",\"potentialAction\":[{\"@type\":\"SearchAction\",\"target\":{\"@type\":\"EntryPoint\",\"urlTemplate\":\"https:\\\/\\\/haberkuzey.com\\\/?s={search_term_string}\"},\"query-input\":{\"@type\":\"PropertyValueSpecification\",\"valueRequired\":true,\"valueName\":\"search_term_string\"}}],\"inLanguage\":\"tr\"},{\"@type\":\"Person\",\"@id\":\"https:\\\/\\\/haberkuzey.com\\\/#\\\/schema\\\/person\\\/3372109ec735f9333f4fa47ebb9605ca\",\"name\":\"haberkuzey\",\"image\":{\"@type\":\"ImageObject\",\"inLanguage\":\"tr\",\"@id\":\"https:\\\/\\\/secure.gravatar.com\\\/avatar\\\/f5fc875574b1575324358c3b9e6a32b8227aa5b74f3fa22e3cadb63e26fcc39c?s=96&d=mm&r=g\",\"url\":\"https:\\\/\\\/secure.gravatar.com\\\/avatar\\\/f5fc875574b1575324358c3b9e6a32b8227aa5b74f3fa22e3cadb63e26fcc39c?s=96&d=mm&r=g\",\"contentUrl\":\"https:\\\/\\\/secure.gravatar.com\\\/avatar\\\/f5fc875574b1575324358c3b9e6a32b8227aa5b74f3fa22e3cadb63e26fcc39c?s=96&d=mm&r=g\",\"caption\":\"haberkuzey\"},\"sameAs\":[\"https:\\\/\\\/haberkuzey.com\"],\"url\":\"https:\\\/\\\/haberkuzey.com\\\/index.php\\\/author\\\/haberkuzey\\\/\"}]}<\/script>\n<!-- \/ Yoast SEO plugin. -->","yoast_head_json":{"title":"G\u00fcney Kore ve Japonya, Kuzey Kore\u2019nin balistik f\u00fcze f\u0131rlatt\u0131\u011f\u0131n\u0131 bildirdi - Haber Kuzey","robots":{"index":"index","follow":"follow","max-snippet":"max-snippet:-1","max-image-preview":"max-image-preview:large","max-video-preview":"max-video-preview:-1"},"canonical":"https:\/\/haberkuzey.com\/index.php\/2026\/03\/14\/guney-kore-ve-japonya-kuzey-korenin-balistik-fuze-firlattigini-bildirdi\/","og_locale":"tr_TR","og_type":"article","og_title":"G\u00fcney Kore ve Japonya, Kuzey Kore\u2019nin balistik f\u00fcze f\u0131rlatt\u0131\u011f\u0131n\u0131 bildirdi - Haber Kuzey","og_description":"G\u00fcney Kore Genelkurmay Ba\u015fkanl\u0131\u011f\u0131ndan yap\u0131lan a\u00e7\u0131klamada, Pyongyang y\u00f6netiminin, ba\u015fkent yak\u0131nlar\u0131ndaki Sunan b\u00f6lgesinden Japon Denizi y\u00f6n\u00fcne do\u011fru yakla\u015f\u0131k 10 balistik f\u00fcze f\u0131rlatt\u0131\u011f\u0131 kaydedildi. A\u00e7\u0131klamada, ilave f\u00fcze f\u0131rlatmalar\u0131na kar\u015f\u0131 teyakkuza ge\u00e7ildi\u011fi ve olaya ili\u015fkin bilgilerin ABD ile Japonya&#8217;ya iletildi\u011fi belirtildi. Japon Kyodo ajans\u0131n\u0131n haberine g\u00f6re, Japonya Savunma Bakanl\u0131\u011f\u0131, f\u00fczelerin ulusal M\u00fcnhas\u0131r Ekonomik B\u00f6lge&#8217;nin d\u0131\u015f\u0131na d\u00fc\u015ft\u00fc\u011f\u00fcn\u00fcn tahmin edildi\u011fini [&hellip;]","og_url":"https:\/\/haberkuzey.com\/index.php\/2026\/03\/14\/guney-kore-ve-japonya-kuzey-korenin-balistik-fuze-firlattigini-bildirdi\/","og_site_name":"Haber Kuzey","article_published_time":"2026-03-14T09:59:37+00:00","author":"haberkuzey","twitter_card":"summary_large_image","twitter_misc":{"Yazan:":"haberkuzey","Tahmini okuma s\u00fcresi":"1 dakika"},"schema":{"@context":"https:\/\/schema.org","@graph":[{"@type":"Article","@id":"https:\/\/haberkuzey.com\/index.php\/2026\/03\/14\/guney-kore-ve-japonya-kuzey-korenin-balistik-fuze-firlattigini-bildirdi\/#article","isPartOf":{"@id":"https:\/\/haberkuzey.com\/index.php\/2026\/03\/14\/guney-kore-ve-japonya-kuzey-korenin-balistik-fuze-firlattigini-bildirdi\/"},"author":{"name":"haberkuzey","@id":"https:\/\/haberkuzey.com\/#\/schema\/person\/3372109ec735f9333f4fa47ebb9605ca"},"headline":"G\u00fcney Kore ve Japonya, Kuzey Kore\u2019nin balistik f\u00fcze f\u0131rlatt\u0131\u011f\u0131n\u0131 bildirdi","datePublished":"2026-03-14T09:59:37+00:00","mainEntityOfPage":{"@id":"https:\/\/haberkuzey.com\/index.php\/2026\/03\/14\/guney-kore-ve-japonya-kuzey-korenin-balistik-fuze-firlattigini-bildirdi\/"},"wordCount":167,"commentCount":0,"image":{"@id":"https:\/\/haberkuzey.com\/index.php\/2026\/03\/14\/guney-kore-ve-japonya-kuzey-korenin-balistik-fuze-firlattigini-bildirdi\/#primaryimage"},"thumbnailUrl":"https:\/\/haberkuzey.com\/wp-content\/uploads\/2026\/03\/1773479950512kuzey-kore-seyir-fuzesi-reu-2337429.jpg","articleSection":["K\u0131br\u0131s"],"inLanguage":"tr","potentialAction":[{"@type":"CommentAction","name":"Comment","target":["https:\/\/haberkuzey.com\/index.php\/2026\/03\/14\/guney-kore-ve-japonya-kuzey-korenin-balistik-fuze-firlattigini-bildirdi\/#respond"]}]},{"@type":"WebPage","@id":"https:\/\/haberkuzey.com\/index.php\/2026\/03\/14\/guney-kore-ve-japonya-kuzey-korenin-balistik-fuze-firlattigini-bildirdi\/","url":"https:\/\/haberkuzey.com\/index.php\/2026\/03\/14\/guney-kore-ve-japonya-kuzey-korenin-balistik-fuze-firlattigini-bildirdi\/","name":"G\u00fcney Kore ve Japonya, Kuzey Kore\u2019nin balistik f\u00fcze f\u0131rlatt\u0131\u011f\u0131n\u0131 bildirdi - Haber Kuzey","isPartOf":{"@id":"https:\/\/haberkuzey.com\/#website"},"primaryImageOfPage":{"@id":"https:\/\/haberkuzey.com\/index.php\/2026\/03\/14\/guney-kore-ve-japonya-kuzey-korenin-balistik-fuze-firlattigini-bildirdi\/#primaryimage"},"image":{"@id":"https:\/\/haberkuzey.com\/index.php\/2026\/03\/14\/guney-kore-ve-japonya-kuzey-korenin-balistik-fuze-firlattigini-bildirdi\/#primaryimage"},"thumbnailUrl":"https:\/\/haberkuzey.com\/wp-content\/uploads\/2026\/03\/1773479950512kuzey-kore-seyir-fuzesi-reu-2337429.jpg","datePublished":"2026-03-14T09:59:37+00:00","author":{"@id":"https:\/\/haberkuzey.com\/#\/schema\/person\/3372109ec735f9333f4fa47ebb9605ca"},"breadcrumb":{"@id":"https:\/\/haberkuzey.com\/index.php\/2026\/03\/14\/guney-kore-ve-japonya-kuzey-korenin-balistik-fuze-firlattigini-bildirdi\/#breadcrumb"},"inLanguage":"tr","potentialAction":[{"@type":"ReadAction","target":["https:\/\/haberkuzey.com\/index.php\/2026\/03\/14\/guney-kore-ve-japonya-kuzey-korenin-balistik-fuze-firlattigini-bildirdi\/"]}]},{"@type":"ImageObject","inLanguage":"tr","@id":"https:\/\/haberkuzey.com\/index.php\/2026\/03\/14\/guney-kore-ve-japonya-kuzey-korenin-balistik-fuze-firlattigini-bildirdi\/#primaryimage","url":"https:\/\/haberkuzey.com\/wp-content\/uploads\/2026\/03\/1773479950512kuzey-kore-seyir-fuzesi-reu-2337429.jpg","contentUrl":"https:\/\/haberkuzey.com\/wp-content\/uploads\/2026\/03\/1773479950512kuzey-kore-seyir-fuzesi-reu-2337429.jpg","width":1280,"height":720},{"@type":"BreadcrumbList","@id":"https:\/\/haberkuzey.com\/index.php\/2026\/03\/14\/guney-kore-ve-japonya-kuzey-korenin-balistik-fuze-firlattigini-bildirdi\/#breadcrumb","itemListElement":[{"@type":"ListItem","position":1,"name":"Anasayfa","item":"https:\/\/haberkuzey.com\/"},{"@type":"ListItem","position":2,"name":"G\u00fcney Kore ve Japonya, Kuzey Kore\u2019nin balistik f\u00fcze f\u0131rlatt\u0131\u011f\u0131n\u0131 bildirdi"}]},{"@type":"WebSite","@id":"https:\/\/haberkuzey.com\/#website","url":"https:\/\/haberkuzey.com\/","name":"Haber Kuzey","description":"Do\u011fru Haberin Adresi","potentialAction":[{"@type":"SearchAction","target":{"@type":"EntryPoint","urlTemplate":"https:\/\/haberkuzey.com\/?s={search_term_string}"},"query-input":{"@type":"PropertyValueSpecification","valueRequired":true,"valueName":"search_term_string"}}],"inLanguage":"tr"},{"@type":"Person","@id":"https:\/\/haberkuzey.com\/#\/schema\/person\/3372109ec735f9333f4fa47ebb9605ca","name":"haberkuzey","image":{"@type":"ImageObject","inLanguage":"tr","@id":"https:\/\/secure.gravatar.com\/avatar\/f5fc875574b1575324358c3b9e6a32b8227aa5b74f3fa22e3cadb63e26fcc39c?s=96&d=mm&r=g","url":"https:\/\/secure.gravatar.com\/avatar\/f5fc875574b1575324358c3b9e6a32b8227aa5b74f3fa22e3cadb63e26fcc39c?s=96&d=mm&r=g","contentUrl":"https:\/\/secure.gravatar.com\/avatar\/f5fc875574b1575324358c3b9e6a32b8227aa5b74f3fa22e3cadb63e26fcc39c?s=96&d=mm&r=g","caption":"haberkuzey"},"sameAs":["https:\/\/haberkuzey.com"],"url":"https:\/\/haberkuzey.com\/index.php\/author\/haberkuzey\/"}]}},"_links":{"self":[{"href":"https:\/\/haberkuzey.com\/index.php\/wp-json\/wp\/v2\/posts\/35260","targetHints":{"allow":["GET"]}}],"collection":[{"href":"https:\/\/haberkuzey.com\/index.php\/wp-json\/wp\/v2\/posts"}],"about":[{"href":"https:\/\/haberkuzey.com\/index.php\/wp-json\/wp\/v2\/types\/post"}],"author":[{"embeddable":true,"href":"https:\/\/haberkuzey.com\/index.php\/wp-json\/wp\/v2\/users\/1"}],"replies":[{"embeddable":true,"href":"https:\/\/haberkuzey.com\/index.php\/wp-json\/wp\/v2\/comments?post=35260"}],"version-history":[{"count":0,"href":"https:\/\/haberkuzey.com\/index.php\/wp-json\/wp\/v2\/posts\/35260\/revisions"}],"wp:featuredmedia":[{"embeddable":true,"href":"https:\/\/haberkuzey.com\/index.php\/wp-json\/wp\/v2\/media\/35261"}],"wp:attachment":[{"href":"https:\/\/haberkuzey.com\/index.php\/wp-json\/wp\/v2\/media?parent=35260"}],"wp:term":[{"taxonomy":"category","embeddable":true,"href":"https:\/\/haberkuzey.com\/index.php\/wp-json\/wp\/v2\/categories?post=35260"},{"taxonomy":"post_tag","embeddable":true,"href":"https:\/\/haberkuzey.com\/index.php\/wp-json\/wp\/v2\/tags?post=35260"}],"curies":[{"name":"wp","href":"https:\/\/api.w.org\/{rel}","templated":true}]}}