{"id":35256,"date":"2026-03-14T11:41:29","date_gmt":"2026-03-14T09:41:29","guid":{"rendered":"https:\/\/haberkuzey.com\/index.php\/2026\/03\/14\/icecekte-turkiyenin-ab-cografi-isaretli-ilk-urunu\/"},"modified":"2026-03-14T11:41:29","modified_gmt":"2026-03-14T09:41:29","slug":"icecekte-turkiyenin-ab-cografi-isaretli-ilk-urunu","status":"publish","type":"post","link":"https:\/\/haberkuzey.com\/index.php\/2026\/03\/14\/icecekte-turkiyenin-ab-cografi-isaretli-ilk-urunu\/","title":{"rendered":"\u0130\u00e7ecekte T\u00fcrkiye\u2019nin AB co\u011frafi i\u015faretli ilk \u00fcr\u00fcn\u00fc"},"content":{"rendered":"<p>T\u00fcrk Patent ve Marka Kurumunca 2020&#8217;de co\u011frafi i\u015faret tescili alan \u015falgam suyu, Adana Ticaret Odas\u0131 \u00f6nc\u00fcl\u00fc\u011f\u00fcnde y\u00fcr\u00fct\u00fclen \u00e7al\u0131\u015fmalarla AB&#8217;den de tescillendi.<\/p>\n<p>\u015ealgam suyu \u00fcreticileri, siyah havu\u00e7, \u015falgam turpu ve bulgur unu mayas\u0131yla haz\u0131rlad\u0131klar\u0131 i\u00e7ece\u011fi, Avrupa Birli\u011fi tesciliyle \u00e7ok daha fazla ki\u015fiye ula\u015ft\u0131rmay\u0131 hedefliyor.<\/p>\n<p>&#8211; \u015ealgam suyunun ihracat\u0131 artacak<\/p>\n<p>\u015ealgam \u00dcreticileri Derne\u011fi Ba\u015fkan\u0131 Selahiddin Nas, AA muhabirine, \u015falgam suyunun tescillenmesini sevin\u00e7le kar\u015f\u0131lad\u0131klar\u0131n\u0131 s\u00f6yledi.<\/p>\n<p>Tan\u0131t\u0131m \u00e7al\u0131\u015fmalar\u0131n\u0131n meyvesini ald\u0131klar\u0131n\u0131 anlatan Nas, tescille i\u00e7ece\u011fin \u00fcn\u00fcn\u00fcn daha da artaca\u011f\u0131n\u0131 ifade etti.<\/p>\n<p>Nas, kentte \u00fcretimi yap\u0131lan \u015falgam suyunun 55 \u00fclkeye ihra\u00e7 edildi\u011fini belirtti.<\/p>\n<p>Avrupa Birli\u011fi&#8217;nden al\u0131nan tescille \u00fcr\u00fcn\u00fcn ihracat\u0131n\u0131n daha da artaca\u011f\u0131n\u0131 vurgulayan Nas, \u015f\u00f6yle konu\u015ftu:<\/p>\n<p>&#8220;\u00d6zellikle Avrupa ve o b\u00f6lgelerde bu \u00fcr\u00fcn\u00fcn tan\u0131nabilmesi i\u00e7in b\u00f6yle bir belgeye inan\u0131lmaz ihtiyac\u0131m\u0131z vard\u0131. Sonu\u00e7ta \u015falgam biliniyor ama Avrupa bilmiyor. Bu belge i\u00e7in \u00f6zellikle son 3 y\u0131ld\u0131r \u00e7ok b\u00fcy\u00fck \u00e7abalar ve \u00e7al\u0131\u015fmalar oldu. O \u00e7al\u0131\u015fmalar\u0131n sonucunda bu belgeyi alabildik. \u0130\u00e7ecekte T\u00fcrkiye&#8217;nin AB co\u011frafi i\u015faretli ilk \u00fcr\u00fcn\u00fc oldu. Avrupa&#8217;da sat\u0131\u015flar\u0131m\u0131z\u0131 en az iki veya \u00fc\u00e7 kata \u00e7\u0131karacak. D\u00fcnyada bizim d\u0131\u015f\u0131m\u0131zda \u015falgam \u00fcreten ba\u015fka bir \u00fclke yok, bilen de yok. Onun i\u00e7in bu belge, bize d\u00fcnyan\u0131n di\u011fer farkl\u0131 \u00fclkelerinde de \u00f6n\u00fcm\u00fcz\u00fc a\u00e7t\u0131. Bu belgenin olmas\u0131, \u00f6zellikle Amerika k\u0131tas\u0131nda, Kanada ve Japonya taraflar\u0131nda \u00f6n\u00fcm\u00fcz\u00fc a\u00e7acak.&#8221;<\/p>\n<p>&#8211; &#8220;\u015ealgam\u0131 d\u00fcnyaya tan\u0131taca\u011f\u0131z&#8221;<\/p>\n<p>\u00dcretici \u0130lhan Kurnaz da \u015falgam suyunun kebab\u0131n yan\u0131nda t\u00fcketilen vazge\u00e7ilmez bir i\u00e7ecek oldu\u011funu dile getirdi.<\/p>\n<p>\u015ealgam suyunun AB&#8217;den tescil almas\u0131n\u0131n \u00fcr\u00fcn\u00fcn yan\u0131 s\u0131ra kentin tan\u0131t\u0131m\u0131na da b\u00fcy\u00fck katk\u0131 sa\u011flayaca\u011f\u0131n\u0131 belirten Kurnaz, \u015f\u00f6yle konu\u015ftu:<\/p>\n<p>&#8220;\u015ealgam, \u00e7ok t\u00fcketilen bir i\u00e7ecek. Son y\u0131llarda t\u00fcketimi daha da artt\u0131. Do\u011fal oldu\u011fundan dolay\u0131 insanlar tamamen \u015falgama y\u00f6neldiler. \u015ealgam suyunun Avrupa&#8217;dan tescil almas\u0131, bizim i\u00e7in \u00e7ok iyi oldu. Eminim ki bundan sonra i\u015flerimize \u00e7ok katk\u0131 sa\u011flayacak. \u015ealgam\u0131 d\u00fcnyaya tan\u0131taca\u011f\u0131z, bundan daha iyi bir \u015fey olamaz. Tescili ald\u0131ktan sonra sat\u0131\u015flar\u0131m\u0131z katlar diye d\u00fc\u015f\u00fcn\u00fcyorum.&#8221;<\/p>\n<p>Kenan Konak de tescil sayesinde \u015falgam suyu sat\u0131\u015flar\u0131n\u0131n daha da artaca\u011f\u0131n\u0131 s\u00f6yledi.<\/p>\n<p>\u0130\u00e7ecekte T\u00fcrkiye&#8217;nin AB co\u011frafi i\u015faretli ilk \u00fcr\u00fcn\u00fc yaz\u0131s\u0131 ilk \u00f6nce K\u0131br\u0131s Hakikat \u00fczerinde ortaya \u00e7\u0131kt\u0131.<\/p>\n","protected":false},"excerpt":{"rendered":"<p>T\u00fcrk Patent ve Marka Kurumunca 2020&#8217;de co\u011frafi i\u015faret tescili alan \u015falgam suyu, Adana Ticaret Odas\u0131 \u00f6nc\u00fcl\u00fc\u011f\u00fcnde y\u00fcr\u00fct\u00fclen \u00e7al\u0131\u015fmalarla AB&#8217;den de tescillendi. \u015ealgam suyu \u00fcreticileri, siyah havu\u00e7, \u015falgam turpu ve bulgur unu mayas\u0131yla haz\u0131rlad\u0131klar\u0131 i\u00e7ece\u011fi, Avrupa Birli\u011fi tesciliyle \u00e7ok daha fazla ki\u015fiye ula\u015ft\u0131rmay\u0131 hedefliyor. &#8211; \u015ealgam suyunun ihracat\u0131 artacak \u015ealgam \u00dcreticileri Derne\u011fi Ba\u015fkan\u0131 Selahiddin Nas, AA [&hellip;]<\/p>\n","protected":false},"author":1,"featured_media":35257,"comment_status":"open","ping_status":"open","sticky":false,"template":"","format":"standard","meta":{"jnews-multi-image_gallery":[],"jnews_single_post":[],"jnews_primary_category":[],"footnotes":""},"categories":[1],"tags":[],"class_list":["post-35256","post","type-post","status-publish","format-standard","has-post-thumbnail","hentry","category-kibris"],"yoast_head":"<!-- This site is optimized with the Yoast SEO plugin v27.5 - https:\/\/yoast.com\/product\/yoast-seo-wordpress\/ -->\n<title>\u0130\u00e7ecekte T\u00fcrkiye\u2019nin AB co\u011frafi i\u015faretli ilk \u00fcr\u00fcn\u00fc - Haber Kuzey<\/title>\n<meta name=\"robots\" content=\"index, follow, max-snippet:-1, max-image-preview:large, max-video-preview:-1\" \/>\n<link rel=\"canonical\" href=\"https:\/\/haberkuzey.com\/index.php\/2026\/03\/14\/icecekte-turkiyenin-ab-cografi-isaretli-ilk-urunu\/\" \/>\n<meta property=\"og:locale\" content=\"tr_TR\" \/>\n<meta property=\"og:type\" content=\"article\" \/>\n<meta property=\"og:title\" content=\"\u0130\u00e7ecekte T\u00fcrkiye\u2019nin AB co\u011frafi i\u015faretli ilk \u00fcr\u00fcn\u00fc - Haber Kuzey\" \/>\n<meta property=\"og:description\" content=\"T\u00fcrk Patent ve Marka Kurumunca 2020&#8217;de co\u011frafi i\u015faret tescili alan \u015falgam suyu, Adana Ticaret Odas\u0131 \u00f6nc\u00fcl\u00fc\u011f\u00fcnde y\u00fcr\u00fct\u00fclen \u00e7al\u0131\u015fmalarla AB&#8217;den de tescillendi. \u015ealgam suyu \u00fcreticileri, siyah havu\u00e7, \u015falgam turpu ve bulgur unu mayas\u0131yla haz\u0131rlad\u0131klar\u0131 i\u00e7ece\u011fi, Avrupa Birli\u011fi tesciliyle \u00e7ok daha fazla ki\u015fiye ula\u015ft\u0131rmay\u0131 hedefliyor. &#8211; \u015ealgam suyunun ihracat\u0131 artacak \u015ealgam \u00dcreticileri Derne\u011fi Ba\u015fkan\u0131 Selahiddin Nas, AA [&hellip;]\" \/>\n<meta property=\"og:url\" content=\"https:\/\/haberkuzey.com\/index.php\/2026\/03\/14\/icecekte-turkiyenin-ab-cografi-isaretli-ilk-urunu\/\" \/>\n<meta property=\"og:site_name\" content=\"Haber Kuzey\" \/>\n<meta property=\"article:published_time\" content=\"2026-03-14T09:41:29+00:00\" \/>\n<meta name=\"author\" content=\"haberkuzey\" \/>\n<meta name=\"twitter:card\" content=\"summary_large_image\" \/>\n<meta name=\"twitter:label1\" content=\"Yazan:\" \/>\n\t<meta name=\"twitter:data1\" content=\"haberkuzey\" \/>\n\t<meta name=\"twitter:label2\" content=\"Tahmini okuma s\u00fcresi\" \/>\n\t<meta name=\"twitter:data2\" content=\"2 dakika\" \/>\n<script type=\"application\/ld+json\" class=\"yoast-schema-graph\">{\"@context\":\"https:\\\/\\\/schema.org\",\"@graph\":[{\"@type\":\"Article\",\"@id\":\"https:\\\/\\\/haberkuzey.com\\\/index.php\\\/2026\\\/03\\\/14\\\/icecekte-turkiyenin-ab-cografi-isaretli-ilk-urunu\\\/#article\",\"isPartOf\":{\"@id\":\"https:\\\/\\\/haberkuzey.com\\\/index.php\\\/2026\\\/03\\\/14\\\/icecekte-turkiyenin-ab-cografi-isaretli-ilk-urunu\\\/\"},\"author\":{\"name\":\"haberkuzey\",\"@id\":\"https:\\\/\\\/haberkuzey.com\\\/#\\\/schema\\\/person\\\/3372109ec735f9333f4fa47ebb9605ca\"},\"headline\":\"\u0130\u00e7ecekte T\u00fcrkiye\u2019nin AB co\u011frafi i\u015faretli ilk \u00fcr\u00fcn\u00fc\",\"datePublished\":\"2026-03-14T09:41:29+00:00\",\"mainEntityOfPage\":{\"@id\":\"https:\\\/\\\/haberkuzey.com\\\/index.php\\\/2026\\\/03\\\/14\\\/icecekte-turkiyenin-ab-cografi-isaretli-ilk-urunu\\\/\"},\"wordCount\":465,\"commentCount\":0,\"image\":{\"@id\":\"https:\\\/\\\/haberkuzey.com\\\/index.php\\\/2026\\\/03\\\/14\\\/icecekte-turkiyenin-ab-cografi-isaretli-ilk-urunu\\\/#primaryimage\"},\"thumbnailUrl\":\"https:\\\/\\\/haberkuzey.com\\\/wp-content\\\/uploads\\\/2026\\\/03\\\/1773480089252adana-salgami-tescil.webp.webp\",\"articleSection\":[\"K\u0131br\u0131s\"],\"inLanguage\":\"tr\",\"potentialAction\":[{\"@type\":\"CommentAction\",\"name\":\"Comment\",\"target\":[\"https:\\\/\\\/haberkuzey.com\\\/index.php\\\/2026\\\/03\\\/14\\\/icecekte-turkiyenin-ab-cografi-isaretli-ilk-urunu\\\/#respond\"]}]},{\"@type\":\"WebPage\",\"@id\":\"https:\\\/\\\/haberkuzey.com\\\/index.php\\\/2026\\\/03\\\/14\\\/icecekte-turkiyenin-ab-cografi-isaretli-ilk-urunu\\\/\",\"url\":\"https:\\\/\\\/haberkuzey.com\\\/index.php\\\/2026\\\/03\\\/14\\\/icecekte-turkiyenin-ab-cografi-isaretli-ilk-urunu\\\/\",\"name\":\"\u0130\u00e7ecekte T\u00fcrkiye\u2019nin AB co\u011frafi i\u015faretli ilk \u00fcr\u00fcn\u00fc - Haber Kuzey\",\"isPartOf\":{\"@id\":\"https:\\\/\\\/haberkuzey.com\\\/#website\"},\"primaryImageOfPage\":{\"@id\":\"https:\\\/\\\/haberkuzey.com\\\/index.php\\\/2026\\\/03\\\/14\\\/icecekte-turkiyenin-ab-cografi-isaretli-ilk-urunu\\\/#primaryimage\"},\"image\":{\"@id\":\"https:\\\/\\\/haberkuzey.com\\\/index.php\\\/2026\\\/03\\\/14\\\/icecekte-turkiyenin-ab-cografi-isaretli-ilk-urunu\\\/#primaryimage\"},\"thumbnailUrl\":\"https:\\\/\\\/haberkuzey.com\\\/wp-content\\\/uploads\\\/2026\\\/03\\\/1773480089252adana-salgami-tescil.webp.webp\",\"datePublished\":\"2026-03-14T09:41:29+00:00\",\"author\":{\"@id\":\"https:\\\/\\\/haberkuzey.com\\\/#\\\/schema\\\/person\\\/3372109ec735f9333f4fa47ebb9605ca\"},\"breadcrumb\":{\"@id\":\"https:\\\/\\\/haberkuzey.com\\\/index.php\\\/2026\\\/03\\\/14\\\/icecekte-turkiyenin-ab-cografi-isaretli-ilk-urunu\\\/#breadcrumb\"},\"inLanguage\":\"tr\",\"potentialAction\":[{\"@type\":\"ReadAction\",\"target\":[\"https:\\\/\\\/haberkuzey.com\\\/index.php\\\/2026\\\/03\\\/14\\\/icecekte-turkiyenin-ab-cografi-isaretli-ilk-urunu\\\/\"]}]},{\"@type\":\"ImageObject\",\"inLanguage\":\"tr\",\"@id\":\"https:\\\/\\\/haberkuzey.com\\\/index.php\\\/2026\\\/03\\\/14\\\/icecekte-turkiyenin-ab-cografi-isaretli-ilk-urunu\\\/#primaryimage\",\"url\":\"https:\\\/\\\/haberkuzey.com\\\/wp-content\\\/uploads\\\/2026\\\/03\\\/1773480089252adana-salgami-tescil.webp.webp\",\"contentUrl\":\"https:\\\/\\\/haberkuzey.com\\\/wp-content\\\/uploads\\\/2026\\\/03\\\/1773480089252adana-salgami-tescil.webp.webp\",\"width\":680,\"height\":680},{\"@type\":\"BreadcrumbList\",\"@id\":\"https:\\\/\\\/haberkuzey.com\\\/index.php\\\/2026\\\/03\\\/14\\\/icecekte-turkiyenin-ab-cografi-isaretli-ilk-urunu\\\/#breadcrumb\",\"itemListElement\":[{\"@type\":\"ListItem\",\"position\":1,\"name\":\"Anasayfa\",\"item\":\"https:\\\/\\\/haberkuzey.com\\\/\"},{\"@type\":\"ListItem\",\"position\":2,\"name\":\"\u0130\u00e7ecekte T\u00fcrkiye\u2019nin AB co\u011frafi i\u015faretli ilk \u00fcr\u00fcn\u00fc\"}]},{\"@type\":\"WebSite\",\"@id\":\"https:\\\/\\\/haberkuzey.com\\\/#website\",\"url\":\"https:\\\/\\\/haberkuzey.com\\\/\",\"name\":\"Haber Kuzey\",\"description\":\"Do\u011fru Haberin Adresi\",\"potentialAction\":[{\"@type\":\"SearchAction\",\"target\":{\"@type\":\"EntryPoint\",\"urlTemplate\":\"https:\\\/\\\/haberkuzey.com\\\/?s={search_term_string}\"},\"query-input\":{\"@type\":\"PropertyValueSpecification\",\"valueRequired\":true,\"valueName\":\"search_term_string\"}}],\"inLanguage\":\"tr\"},{\"@type\":\"Person\",\"@id\":\"https:\\\/\\\/haberkuzey.com\\\/#\\\/schema\\\/person\\\/3372109ec735f9333f4fa47ebb9605ca\",\"name\":\"haberkuzey\",\"image\":{\"@type\":\"ImageObject\",\"inLanguage\":\"tr\",\"@id\":\"https:\\\/\\\/secure.gravatar.com\\\/avatar\\\/f5fc875574b1575324358c3b9e6a32b8227aa5b74f3fa22e3cadb63e26fcc39c?s=96&d=mm&r=g\",\"url\":\"https:\\\/\\\/secure.gravatar.com\\\/avatar\\\/f5fc875574b1575324358c3b9e6a32b8227aa5b74f3fa22e3cadb63e26fcc39c?s=96&d=mm&r=g\",\"contentUrl\":\"https:\\\/\\\/secure.gravatar.com\\\/avatar\\\/f5fc875574b1575324358c3b9e6a32b8227aa5b74f3fa22e3cadb63e26fcc39c?s=96&d=mm&r=g\",\"caption\":\"haberkuzey\"},\"sameAs\":[\"https:\\\/\\\/haberkuzey.com\"],\"url\":\"https:\\\/\\\/haberkuzey.com\\\/index.php\\\/author\\\/haberkuzey\\\/\"}]}<\/script>\n<!-- \/ Yoast SEO plugin. -->","yoast_head_json":{"title":"\u0130\u00e7ecekte T\u00fcrkiye\u2019nin AB co\u011frafi i\u015faretli ilk \u00fcr\u00fcn\u00fc - Haber Kuzey","robots":{"index":"index","follow":"follow","max-snippet":"max-snippet:-1","max-image-preview":"max-image-preview:large","max-video-preview":"max-video-preview:-1"},"canonical":"https:\/\/haberkuzey.com\/index.php\/2026\/03\/14\/icecekte-turkiyenin-ab-cografi-isaretli-ilk-urunu\/","og_locale":"tr_TR","og_type":"article","og_title":"\u0130\u00e7ecekte T\u00fcrkiye\u2019nin AB co\u011frafi i\u015faretli ilk \u00fcr\u00fcn\u00fc - Haber Kuzey","og_description":"T\u00fcrk Patent ve Marka Kurumunca 2020&#8217;de co\u011frafi i\u015faret tescili alan \u015falgam suyu, Adana Ticaret Odas\u0131 \u00f6nc\u00fcl\u00fc\u011f\u00fcnde y\u00fcr\u00fct\u00fclen \u00e7al\u0131\u015fmalarla AB&#8217;den de tescillendi. \u015ealgam suyu \u00fcreticileri, siyah havu\u00e7, \u015falgam turpu ve bulgur unu mayas\u0131yla haz\u0131rlad\u0131klar\u0131 i\u00e7ece\u011fi, Avrupa Birli\u011fi tesciliyle \u00e7ok daha fazla ki\u015fiye ula\u015ft\u0131rmay\u0131 hedefliyor. &#8211; \u015ealgam suyunun ihracat\u0131 artacak \u015ealgam \u00dcreticileri Derne\u011fi Ba\u015fkan\u0131 Selahiddin Nas, AA [&hellip;]","og_url":"https:\/\/haberkuzey.com\/index.php\/2026\/03\/14\/icecekte-turkiyenin-ab-cografi-isaretli-ilk-urunu\/","og_site_name":"Haber Kuzey","article_published_time":"2026-03-14T09:41:29+00:00","author":"haberkuzey","twitter_card":"summary_large_image","twitter_misc":{"Yazan:":"haberkuzey","Tahmini okuma s\u00fcresi":"2 dakika"},"schema":{"@context":"https:\/\/schema.org","@graph":[{"@type":"Article","@id":"https:\/\/haberkuzey.com\/index.php\/2026\/03\/14\/icecekte-turkiyenin-ab-cografi-isaretli-ilk-urunu\/#article","isPartOf":{"@id":"https:\/\/haberkuzey.com\/index.php\/2026\/03\/14\/icecekte-turkiyenin-ab-cografi-isaretli-ilk-urunu\/"},"author":{"name":"haberkuzey","@id":"https:\/\/haberkuzey.com\/#\/schema\/person\/3372109ec735f9333f4fa47ebb9605ca"},"headline":"\u0130\u00e7ecekte T\u00fcrkiye\u2019nin AB co\u011frafi i\u015faretli ilk \u00fcr\u00fcn\u00fc","datePublished":"2026-03-14T09:41:29+00:00","mainEntityOfPage":{"@id":"https:\/\/haberkuzey.com\/index.php\/2026\/03\/14\/icecekte-turkiyenin-ab-cografi-isaretli-ilk-urunu\/"},"wordCount":465,"commentCount":0,"image":{"@id":"https:\/\/haberkuzey.com\/index.php\/2026\/03\/14\/icecekte-turkiyenin-ab-cografi-isaretli-ilk-urunu\/#primaryimage"},"thumbnailUrl":"https:\/\/haberkuzey.com\/wp-content\/uploads\/2026\/03\/1773480089252adana-salgami-tescil.webp.webp","articleSection":["K\u0131br\u0131s"],"inLanguage":"tr","potentialAction":[{"@type":"CommentAction","name":"Comment","target":["https:\/\/haberkuzey.com\/index.php\/2026\/03\/14\/icecekte-turkiyenin-ab-cografi-isaretli-ilk-urunu\/#respond"]}]},{"@type":"WebPage","@id":"https:\/\/haberkuzey.com\/index.php\/2026\/03\/14\/icecekte-turkiyenin-ab-cografi-isaretli-ilk-urunu\/","url":"https:\/\/haberkuzey.com\/index.php\/2026\/03\/14\/icecekte-turkiyenin-ab-cografi-isaretli-ilk-urunu\/","name":"\u0130\u00e7ecekte T\u00fcrkiye\u2019nin AB co\u011frafi i\u015faretli ilk \u00fcr\u00fcn\u00fc - Haber Kuzey","isPartOf":{"@id":"https:\/\/haberkuzey.com\/#website"},"primaryImageOfPage":{"@id":"https:\/\/haberkuzey.com\/index.php\/2026\/03\/14\/icecekte-turkiyenin-ab-cografi-isaretli-ilk-urunu\/#primaryimage"},"image":{"@id":"https:\/\/haberkuzey.com\/index.php\/2026\/03\/14\/icecekte-turkiyenin-ab-cografi-isaretli-ilk-urunu\/#primaryimage"},"thumbnailUrl":"https:\/\/haberkuzey.com\/wp-content\/uploads\/2026\/03\/1773480089252adana-salgami-tescil.webp.webp","datePublished":"2026-03-14T09:41:29+00:00","author":{"@id":"https:\/\/haberkuzey.com\/#\/schema\/person\/3372109ec735f9333f4fa47ebb9605ca"},"breadcrumb":{"@id":"https:\/\/haberkuzey.com\/index.php\/2026\/03\/14\/icecekte-turkiyenin-ab-cografi-isaretli-ilk-urunu\/#breadcrumb"},"inLanguage":"tr","potentialAction":[{"@type":"ReadAction","target":["https:\/\/haberkuzey.com\/index.php\/2026\/03\/14\/icecekte-turkiyenin-ab-cografi-isaretli-ilk-urunu\/"]}]},{"@type":"ImageObject","inLanguage":"tr","@id":"https:\/\/haberkuzey.com\/index.php\/2026\/03\/14\/icecekte-turkiyenin-ab-cografi-isaretli-ilk-urunu\/#primaryimage","url":"https:\/\/haberkuzey.com\/wp-content\/uploads\/2026\/03\/1773480089252adana-salgami-tescil.webp.webp","contentUrl":"https:\/\/haberkuzey.com\/wp-content\/uploads\/2026\/03\/1773480089252adana-salgami-tescil.webp.webp","width":680,"height":680},{"@type":"BreadcrumbList","@id":"https:\/\/haberkuzey.com\/index.php\/2026\/03\/14\/icecekte-turkiyenin-ab-cografi-isaretli-ilk-urunu\/#breadcrumb","itemListElement":[{"@type":"ListItem","position":1,"name":"Anasayfa","item":"https:\/\/haberkuzey.com\/"},{"@type":"ListItem","position":2,"name":"\u0130\u00e7ecekte T\u00fcrkiye\u2019nin AB co\u011frafi i\u015faretli ilk \u00fcr\u00fcn\u00fc"}]},{"@type":"WebSite","@id":"https:\/\/haberkuzey.com\/#website","url":"https:\/\/haberkuzey.com\/","name":"Haber Kuzey","description":"Do\u011fru Haberin Adresi","potentialAction":[{"@type":"SearchAction","target":{"@type":"EntryPoint","urlTemplate":"https:\/\/haberkuzey.com\/?s={search_term_string}"},"query-input":{"@type":"PropertyValueSpecification","valueRequired":true,"valueName":"search_term_string"}}],"inLanguage":"tr"},{"@type":"Person","@id":"https:\/\/haberkuzey.com\/#\/schema\/person\/3372109ec735f9333f4fa47ebb9605ca","name":"haberkuzey","image":{"@type":"ImageObject","inLanguage":"tr","@id":"https:\/\/secure.gravatar.com\/avatar\/f5fc875574b1575324358c3b9e6a32b8227aa5b74f3fa22e3cadb63e26fcc39c?s=96&d=mm&r=g","url":"https:\/\/secure.gravatar.com\/avatar\/f5fc875574b1575324358c3b9e6a32b8227aa5b74f3fa22e3cadb63e26fcc39c?s=96&d=mm&r=g","contentUrl":"https:\/\/secure.gravatar.com\/avatar\/f5fc875574b1575324358c3b9e6a32b8227aa5b74f3fa22e3cadb63e26fcc39c?s=96&d=mm&r=g","caption":"haberkuzey"},"sameAs":["https:\/\/haberkuzey.com"],"url":"https:\/\/haberkuzey.com\/index.php\/author\/haberkuzey\/"}]}},"_links":{"self":[{"href":"https:\/\/haberkuzey.com\/index.php\/wp-json\/wp\/v2\/posts\/35256","targetHints":{"allow":["GET"]}}],"collection":[{"href":"https:\/\/haberkuzey.com\/index.php\/wp-json\/wp\/v2\/posts"}],"about":[{"href":"https:\/\/haberkuzey.com\/index.php\/wp-json\/wp\/v2\/types\/post"}],"author":[{"embeddable":true,"href":"https:\/\/haberkuzey.com\/index.php\/wp-json\/wp\/v2\/users\/1"}],"replies":[{"embeddable":true,"href":"https:\/\/haberkuzey.com\/index.php\/wp-json\/wp\/v2\/comments?post=35256"}],"version-history":[{"count":0,"href":"https:\/\/haberkuzey.com\/index.php\/wp-json\/wp\/v2\/posts\/35256\/revisions"}],"wp:featuredmedia":[{"embeddable":true,"href":"https:\/\/haberkuzey.com\/index.php\/wp-json\/wp\/v2\/media\/35257"}],"wp:attachment":[{"href":"https:\/\/haberkuzey.com\/index.php\/wp-json\/wp\/v2\/media?parent=35256"}],"wp:term":[{"taxonomy":"category","embeddable":true,"href":"https:\/\/haberkuzey.com\/index.php\/wp-json\/wp\/v2\/categories?post=35256"},{"taxonomy":"post_tag","embeddable":true,"href":"https:\/\/haberkuzey.com\/index.php\/wp-json\/wp\/v2\/tags?post=35256"}],"curies":[{"name":"wp","href":"https:\/\/api.w.org\/{rel}","templated":true}]}}