{"id":35254,"date":"2026-03-14T10:30:05","date_gmt":"2026-03-14T08:30:05","guid":{"rendered":"https:\/\/haberkuzey.com\/index.php\/2026\/03\/14\/cumhurbaskanligindan-tasinmaz-mal-komisyonu-uyeligi-icin-hatirlatma\/"},"modified":"2026-03-14T10:30:05","modified_gmt":"2026-03-14T08:30:05","slug":"cumhurbaskanligindan-tasinmaz-mal-komisyonu-uyeligi-icin-hatirlatma","status":"publish","type":"post","link":"https:\/\/haberkuzey.com\/index.php\/2026\/03\/14\/cumhurbaskanligindan-tasinmaz-mal-komisyonu-uyeligi-icin-hatirlatma\/","title":{"rendered":"Cumhurba\u015fkanl\u0131\u011f\u0131\u2019ndan Ta\u015f\u0131nmaz Mal Komisyonu \u00fcyeli\u011fi i\u00e7in hat\u0131rlatma"},"content":{"rendered":"<p style=\"font-weight: 300\">Cumhurba\u015fkanl\u0131\u011f\u0131\u2019ndan yap\u0131lan a\u00e7\u0131klamada, Cumhurba\u015fkan\u0131 Erh\u00fcrman\u2019\u0131n \u201c67\/2005 say\u0131l\u0131 Anayasa\u2019n\u0131n 159\u2019uncu maddesinin (1)\u2019inci f\u0131kras\u0131n\u0131n (b) bendi kapsam\u0131na giren Ta\u015f\u0131nmaz Mallar\u0131n Tazmini, Takas\u0131 ve \u0130adesi Yasas\u0131\u2019n\u0131n 11\u2019inci maddesi uyar\u0131nca,\u201d Ta\u015f\u0131nmaz Mal Komisyonu\u2019na atanacak bir \u00fcye i\u00e7in aday \u00f6nerece\u011fi belirtildi.<\/p>\n<p style=\"font-weight: 300\">S\u00f6z konusu yasa gere\u011fi Erh\u00fcrman\u2019\u0131n Y\u00fcksek Adliye Kurulu taraf\u0131ndan yap\u0131lacak atama i\u00e7in se\u00e7ilecek aday say\u0131s\u0131n\u0131n iki kat\u0131 kadar ismi Y\u00fcksek Adliye Kurulu\u2019na sunaca\u011f\u0131n\u0131n ifade edildi\u011fi a\u00e7\u0131klamada, gerekli nitelikleri ta\u015f\u0131yan adaylar\u0131n ba\u015fvurular\u0131n\u0131 en ge\u00e7 18 Mart mesai bitimine kadar Cumhurba\u015fkanl\u0131\u011f\u0131\u2019na yapmalar\u0131 gerekiyor.<\/p>\n<p style=\"font-weight: 300\">A\u00e7\u0131klamada, ba\u015fvuruda bulunacak adaylarda aranacak nitelikler ise \u015f\u00f6yle s\u0131raland\u0131:<\/p>\n<p style=\"font-weight: 300\">\u201cKuzey K\u0131br\u0131s T\u00fcrk Cumhuriyeti yurtta\u015f\u0131 olmak, hukuk\u00e7u olmak ya da kamu y\u00f6netimi ve mal de\u011ferlendirme konular\u0131nda tecr\u00fcbeli olmak, 1974 y\u0131l\u0131nda ta\u015f\u0131nmaz mallar\u0131n\u0131 b\u0131rakarak K\u0131br\u0131s\u2019\u0131n kuzeyinden g\u00f6\u00e7 etmek zorunda kalan ki\u015filerin hak iddia etti\u011fi ta\u015f\u0131nmaz mallardan do\u011frudan veya dolayl\u0131 bi\u00e7imde yararlanm\u0131yor olmak ve \u0130ngilizce diline h\u00e2kim olmak (avantaj say\u0131lacak).\u201d<\/p>\n<p style=\"font-weight: 300\">Halen Ta\u015f\u0131nmaz Mal Komisyonu\u2019nda g\u00f6rev yapan \u00fcyelerin, kamu g\u00f6revlileri ve emekli ki\u015filerin de s\u00f6z konusu pozisyona ba\u015fvurabilece\u011fi belirtilen a\u00e7\u0131klamada, ba\u015fvuru yapmak isteyen adaylar\u0131n, Ta\u015f\u0131nmaz Mal Komisyonu \u00dcyelik Ba\u015fvuru Formu\u2019nu Cumhurba\u015fkanl\u0131\u011f\u0131\u2019ndan temin edebilecekleri gibi,\u00a0<span style=\"font-weight: 300 !important\">https:\/\/cb.gov.ct.tr\/tr\/tmk_basvuru<\/span><span style=\"font-weight: 300 !important\">\u00a0 adresinden de\u00a0<\/span><span style=\"font-weight: 300 !important\">indirilebilece\u011fi ifade edildi.<\/span><\/p>\n<p style=\"font-weight: 300\">A\u00e7\u0131klamada, ba\u015fvurular\u0131n, ba\u015fvuru formu ve gerekli belgelerle birlikte belirtilen s\u00fcre i\u00e7inde yap\u0131lmas\u0131 gerekti\u011fi kaydedildi.<\/p>\n<p>Cumhurba\u015fkanl\u0131\u011f\u0131\u2019ndan Ta\u015f\u0131nmaz Mal Komisyonu \u00fcyeli\u011fi i\u00e7in hat\u0131rlatma yaz\u0131s\u0131 ilk \u00f6nce K\u0131br\u0131s Hakikat \u00fczerinde ortaya \u00e7\u0131kt\u0131.<\/p>\n","protected":false},"excerpt":{"rendered":"<p>Cumhurba\u015fkanl\u0131\u011f\u0131\u2019ndan yap\u0131lan a\u00e7\u0131klamada, Cumhurba\u015fkan\u0131 Erh\u00fcrman\u2019\u0131n \u201c67\/2005 say\u0131l\u0131 Anayasa\u2019n\u0131n 159\u2019uncu maddesinin (1)\u2019inci f\u0131kras\u0131n\u0131n (b) bendi kapsam\u0131na giren Ta\u015f\u0131nmaz Mallar\u0131n Tazmini, Takas\u0131 ve \u0130adesi Yasas\u0131\u2019n\u0131n 11\u2019inci maddesi uyar\u0131nca,\u201d Ta\u015f\u0131nmaz Mal Komisyonu\u2019na atanacak bir \u00fcye i\u00e7in aday \u00f6nerece\u011fi belirtildi. S\u00f6z konusu yasa gere\u011fi Erh\u00fcrman\u2019\u0131n Y\u00fcksek Adliye Kurulu taraf\u0131ndan yap\u0131lacak atama i\u00e7in se\u00e7ilecek aday say\u0131s\u0131n\u0131n iki kat\u0131 kadar ismi [&hellip;]<\/p>\n","protected":false},"author":1,"featured_media":35255,"comment_status":"open","ping_status":"open","sticky":false,"template":"","format":"standard","meta":{"jnews-multi-image_gallery":[],"jnews_single_post":[],"jnews_primary_category":[],"footnotes":""},"categories":[1],"tags":[],"class_list":["post-35254","post","type-post","status-publish","format-standard","has-post-thumbnail","hentry","category-kibris"],"yoast_head":"<!-- This site is optimized with the Yoast SEO plugin v27.5 - https:\/\/yoast.com\/product\/yoast-seo-wordpress\/ -->\n<title>Cumhurba\u015fkanl\u0131\u011f\u0131\u2019ndan Ta\u015f\u0131nmaz Mal Komisyonu \u00fcyeli\u011fi i\u00e7in hat\u0131rlatma - Haber Kuzey<\/title>\n<meta name=\"robots\" content=\"index, follow, max-snippet:-1, max-image-preview:large, max-video-preview:-1\" \/>\n<link rel=\"canonical\" href=\"https:\/\/haberkuzey.com\/index.php\/2026\/03\/14\/cumhurbaskanligindan-tasinmaz-mal-komisyonu-uyeligi-icin-hatirlatma\/\" \/>\n<meta property=\"og:locale\" content=\"tr_TR\" \/>\n<meta property=\"og:type\" content=\"article\" \/>\n<meta property=\"og:title\" content=\"Cumhurba\u015fkanl\u0131\u011f\u0131\u2019ndan Ta\u015f\u0131nmaz Mal Komisyonu \u00fcyeli\u011fi i\u00e7in hat\u0131rlatma - Haber Kuzey\" \/>\n<meta property=\"og:description\" content=\"Cumhurba\u015fkanl\u0131\u011f\u0131\u2019ndan yap\u0131lan a\u00e7\u0131klamada, Cumhurba\u015fkan\u0131 Erh\u00fcrman\u2019\u0131n \u201c67\/2005 say\u0131l\u0131 Anayasa\u2019n\u0131n 159\u2019uncu maddesinin (1)\u2019inci f\u0131kras\u0131n\u0131n (b) bendi kapsam\u0131na giren Ta\u015f\u0131nmaz Mallar\u0131n Tazmini, Takas\u0131 ve \u0130adesi Yasas\u0131\u2019n\u0131n 11\u2019inci maddesi uyar\u0131nca,\u201d Ta\u015f\u0131nmaz Mal Komisyonu\u2019na atanacak bir \u00fcye i\u00e7in aday \u00f6nerece\u011fi belirtildi. S\u00f6z konusu yasa gere\u011fi Erh\u00fcrman\u2019\u0131n Y\u00fcksek Adliye Kurulu taraf\u0131ndan yap\u0131lacak atama i\u00e7in se\u00e7ilecek aday say\u0131s\u0131n\u0131n iki kat\u0131 kadar ismi [&hellip;]\" \/>\n<meta property=\"og:url\" content=\"https:\/\/haberkuzey.com\/index.php\/2026\/03\/14\/cumhurbaskanligindan-tasinmaz-mal-komisyonu-uyeligi-icin-hatirlatma\/\" \/>\n<meta property=\"og:site_name\" content=\"Haber Kuzey\" \/>\n<meta property=\"article:published_time\" content=\"2026-03-14T08:30:05+00:00\" \/>\n<meta name=\"author\" content=\"haberkuzey\" \/>\n<meta name=\"twitter:card\" content=\"summary_large_image\" \/>\n<meta name=\"twitter:label1\" content=\"Yazan:\" \/>\n\t<meta name=\"twitter:data1\" content=\"haberkuzey\" \/>\n\t<meta name=\"twitter:label2\" content=\"Tahmini okuma s\u00fcresi\" \/>\n\t<meta name=\"twitter:data2\" content=\"2 dakika\" \/>\n<script type=\"application\/ld+json\" class=\"yoast-schema-graph\">{\"@context\":\"https:\\\/\\\/schema.org\",\"@graph\":[{\"@type\":\"Article\",\"@id\":\"https:\\\/\\\/haberkuzey.com\\\/index.php\\\/2026\\\/03\\\/14\\\/cumhurbaskanligindan-tasinmaz-mal-komisyonu-uyeligi-icin-hatirlatma\\\/#article\",\"isPartOf\":{\"@id\":\"https:\\\/\\\/haberkuzey.com\\\/index.php\\\/2026\\\/03\\\/14\\\/cumhurbaskanligindan-tasinmaz-mal-komisyonu-uyeligi-icin-hatirlatma\\\/\"},\"author\":{\"name\":\"haberkuzey\",\"@id\":\"https:\\\/\\\/haberkuzey.com\\\/#\\\/schema\\\/person\\\/3372109ec735f9333f4fa47ebb9605ca\"},\"headline\":\"Cumhurba\u015fkanl\u0131\u011f\u0131\u2019ndan Ta\u015f\u0131nmaz Mal Komisyonu \u00fcyeli\u011fi i\u00e7in hat\u0131rlatma\",\"datePublished\":\"2026-03-14T08:30:05+00:00\",\"mainEntityOfPage\":{\"@id\":\"https:\\\/\\\/haberkuzey.com\\\/index.php\\\/2026\\\/03\\\/14\\\/cumhurbaskanligindan-tasinmaz-mal-komisyonu-uyeligi-icin-hatirlatma\\\/\"},\"wordCount\":327,\"commentCount\":0,\"image\":{\"@id\":\"https:\\\/\\\/haberkuzey.com\\\/index.php\\\/2026\\\/03\\\/14\\\/cumhurbaskanligindan-tasinmaz-mal-komisyonu-uyeligi-icin-hatirlatma\\\/#primaryimage\"},\"thumbnailUrl\":\"https:\\\/\\\/haberkuzey.com\\\/wp-content\\\/uploads\\\/2026\\\/03\\\/1773418900016tasinmaz-mal-komisyonu-uyelik-basvurusu-ek.jpg\",\"articleSection\":[\"K\u0131br\u0131s\"],\"inLanguage\":\"tr\",\"potentialAction\":[{\"@type\":\"CommentAction\",\"name\":\"Comment\",\"target\":[\"https:\\\/\\\/haberkuzey.com\\\/index.php\\\/2026\\\/03\\\/14\\\/cumhurbaskanligindan-tasinmaz-mal-komisyonu-uyeligi-icin-hatirlatma\\\/#respond\"]}]},{\"@type\":\"WebPage\",\"@id\":\"https:\\\/\\\/haberkuzey.com\\\/index.php\\\/2026\\\/03\\\/14\\\/cumhurbaskanligindan-tasinmaz-mal-komisyonu-uyeligi-icin-hatirlatma\\\/\",\"url\":\"https:\\\/\\\/haberkuzey.com\\\/index.php\\\/2026\\\/03\\\/14\\\/cumhurbaskanligindan-tasinmaz-mal-komisyonu-uyeligi-icin-hatirlatma\\\/\",\"name\":\"Cumhurba\u015fkanl\u0131\u011f\u0131\u2019ndan Ta\u015f\u0131nmaz Mal Komisyonu \u00fcyeli\u011fi i\u00e7in hat\u0131rlatma - Haber Kuzey\",\"isPartOf\":{\"@id\":\"https:\\\/\\\/haberkuzey.com\\\/#website\"},\"primaryImageOfPage\":{\"@id\":\"https:\\\/\\\/haberkuzey.com\\\/index.php\\\/2026\\\/03\\\/14\\\/cumhurbaskanligindan-tasinmaz-mal-komisyonu-uyeligi-icin-hatirlatma\\\/#primaryimage\"},\"image\":{\"@id\":\"https:\\\/\\\/haberkuzey.com\\\/index.php\\\/2026\\\/03\\\/14\\\/cumhurbaskanligindan-tasinmaz-mal-komisyonu-uyeligi-icin-hatirlatma\\\/#primaryimage\"},\"thumbnailUrl\":\"https:\\\/\\\/haberkuzey.com\\\/wp-content\\\/uploads\\\/2026\\\/03\\\/1773418900016tasinmaz-mal-komisyonu-uyelik-basvurusu-ek.jpg\",\"datePublished\":\"2026-03-14T08:30:05+00:00\",\"author\":{\"@id\":\"https:\\\/\\\/haberkuzey.com\\\/#\\\/schema\\\/person\\\/3372109ec735f9333f4fa47ebb9605ca\"},\"breadcrumb\":{\"@id\":\"https:\\\/\\\/haberkuzey.com\\\/index.php\\\/2026\\\/03\\\/14\\\/cumhurbaskanligindan-tasinmaz-mal-komisyonu-uyeligi-icin-hatirlatma\\\/#breadcrumb\"},\"inLanguage\":\"tr\",\"potentialAction\":[{\"@type\":\"ReadAction\",\"target\":[\"https:\\\/\\\/haberkuzey.com\\\/index.php\\\/2026\\\/03\\\/14\\\/cumhurbaskanligindan-tasinmaz-mal-komisyonu-uyeligi-icin-hatirlatma\\\/\"]}]},{\"@type\":\"ImageObject\",\"inLanguage\":\"tr\",\"@id\":\"https:\\\/\\\/haberkuzey.com\\\/index.php\\\/2026\\\/03\\\/14\\\/cumhurbaskanligindan-tasinmaz-mal-komisyonu-uyeligi-icin-hatirlatma\\\/#primaryimage\",\"url\":\"https:\\\/\\\/haberkuzey.com\\\/wp-content\\\/uploads\\\/2026\\\/03\\\/1773418900016tasinmaz-mal-komisyonu-uyelik-basvurusu-ek.jpg\",\"contentUrl\":\"https:\\\/\\\/haberkuzey.com\\\/wp-content\\\/uploads\\\/2026\\\/03\\\/1773418900016tasinmaz-mal-komisyonu-uyelik-basvurusu-ek.jpg\",\"width\":1080,\"height\":1370},{\"@type\":\"BreadcrumbList\",\"@id\":\"https:\\\/\\\/haberkuzey.com\\\/index.php\\\/2026\\\/03\\\/14\\\/cumhurbaskanligindan-tasinmaz-mal-komisyonu-uyeligi-icin-hatirlatma\\\/#breadcrumb\",\"itemListElement\":[{\"@type\":\"ListItem\",\"position\":1,\"name\":\"Anasayfa\",\"item\":\"https:\\\/\\\/haberkuzey.com\\\/\"},{\"@type\":\"ListItem\",\"position\":2,\"name\":\"Cumhurba\u015fkanl\u0131\u011f\u0131\u2019ndan Ta\u015f\u0131nmaz Mal Komisyonu \u00fcyeli\u011fi i\u00e7in hat\u0131rlatma\"}]},{\"@type\":\"WebSite\",\"@id\":\"https:\\\/\\\/haberkuzey.com\\\/#website\",\"url\":\"https:\\\/\\\/haberkuzey.com\\\/\",\"name\":\"Haber Kuzey\",\"description\":\"Do\u011fru Haberin Adresi\",\"potentialAction\":[{\"@type\":\"SearchAction\",\"target\":{\"@type\":\"EntryPoint\",\"urlTemplate\":\"https:\\\/\\\/haberkuzey.com\\\/?s={search_term_string}\"},\"query-input\":{\"@type\":\"PropertyValueSpecification\",\"valueRequired\":true,\"valueName\":\"search_term_string\"}}],\"inLanguage\":\"tr\"},{\"@type\":\"Person\",\"@id\":\"https:\\\/\\\/haberkuzey.com\\\/#\\\/schema\\\/person\\\/3372109ec735f9333f4fa47ebb9605ca\",\"name\":\"haberkuzey\",\"image\":{\"@type\":\"ImageObject\",\"inLanguage\":\"tr\",\"@id\":\"https:\\\/\\\/secure.gravatar.com\\\/avatar\\\/f5fc875574b1575324358c3b9e6a32b8227aa5b74f3fa22e3cadb63e26fcc39c?s=96&d=mm&r=g\",\"url\":\"https:\\\/\\\/secure.gravatar.com\\\/avatar\\\/f5fc875574b1575324358c3b9e6a32b8227aa5b74f3fa22e3cadb63e26fcc39c?s=96&d=mm&r=g\",\"contentUrl\":\"https:\\\/\\\/secure.gravatar.com\\\/avatar\\\/f5fc875574b1575324358c3b9e6a32b8227aa5b74f3fa22e3cadb63e26fcc39c?s=96&d=mm&r=g\",\"caption\":\"haberkuzey\"},\"sameAs\":[\"https:\\\/\\\/haberkuzey.com\"],\"url\":\"https:\\\/\\\/haberkuzey.com\\\/index.php\\\/author\\\/haberkuzey\\\/\"}]}<\/script>\n<!-- \/ Yoast SEO plugin. -->","yoast_head_json":{"title":"Cumhurba\u015fkanl\u0131\u011f\u0131\u2019ndan Ta\u015f\u0131nmaz Mal Komisyonu \u00fcyeli\u011fi i\u00e7in hat\u0131rlatma - Haber Kuzey","robots":{"index":"index","follow":"follow","max-snippet":"max-snippet:-1","max-image-preview":"max-image-preview:large","max-video-preview":"max-video-preview:-1"},"canonical":"https:\/\/haberkuzey.com\/index.php\/2026\/03\/14\/cumhurbaskanligindan-tasinmaz-mal-komisyonu-uyeligi-icin-hatirlatma\/","og_locale":"tr_TR","og_type":"article","og_title":"Cumhurba\u015fkanl\u0131\u011f\u0131\u2019ndan Ta\u015f\u0131nmaz Mal Komisyonu \u00fcyeli\u011fi i\u00e7in hat\u0131rlatma - Haber Kuzey","og_description":"Cumhurba\u015fkanl\u0131\u011f\u0131\u2019ndan yap\u0131lan a\u00e7\u0131klamada, Cumhurba\u015fkan\u0131 Erh\u00fcrman\u2019\u0131n \u201c67\/2005 say\u0131l\u0131 Anayasa\u2019n\u0131n 159\u2019uncu maddesinin (1)\u2019inci f\u0131kras\u0131n\u0131n (b) bendi kapsam\u0131na giren Ta\u015f\u0131nmaz Mallar\u0131n Tazmini, Takas\u0131 ve \u0130adesi Yasas\u0131\u2019n\u0131n 11\u2019inci maddesi uyar\u0131nca,\u201d Ta\u015f\u0131nmaz Mal Komisyonu\u2019na atanacak bir \u00fcye i\u00e7in aday \u00f6nerece\u011fi belirtildi. S\u00f6z konusu yasa gere\u011fi Erh\u00fcrman\u2019\u0131n Y\u00fcksek Adliye Kurulu taraf\u0131ndan yap\u0131lacak atama i\u00e7in se\u00e7ilecek aday say\u0131s\u0131n\u0131n iki kat\u0131 kadar ismi [&hellip;]","og_url":"https:\/\/haberkuzey.com\/index.php\/2026\/03\/14\/cumhurbaskanligindan-tasinmaz-mal-komisyonu-uyeligi-icin-hatirlatma\/","og_site_name":"Haber Kuzey","article_published_time":"2026-03-14T08:30:05+00:00","author":"haberkuzey","twitter_card":"summary_large_image","twitter_misc":{"Yazan:":"haberkuzey","Tahmini okuma s\u00fcresi":"2 dakika"},"schema":{"@context":"https:\/\/schema.org","@graph":[{"@type":"Article","@id":"https:\/\/haberkuzey.com\/index.php\/2026\/03\/14\/cumhurbaskanligindan-tasinmaz-mal-komisyonu-uyeligi-icin-hatirlatma\/#article","isPartOf":{"@id":"https:\/\/haberkuzey.com\/index.php\/2026\/03\/14\/cumhurbaskanligindan-tasinmaz-mal-komisyonu-uyeligi-icin-hatirlatma\/"},"author":{"name":"haberkuzey","@id":"https:\/\/haberkuzey.com\/#\/schema\/person\/3372109ec735f9333f4fa47ebb9605ca"},"headline":"Cumhurba\u015fkanl\u0131\u011f\u0131\u2019ndan Ta\u015f\u0131nmaz Mal Komisyonu \u00fcyeli\u011fi i\u00e7in hat\u0131rlatma","datePublished":"2026-03-14T08:30:05+00:00","mainEntityOfPage":{"@id":"https:\/\/haberkuzey.com\/index.php\/2026\/03\/14\/cumhurbaskanligindan-tasinmaz-mal-komisyonu-uyeligi-icin-hatirlatma\/"},"wordCount":327,"commentCount":0,"image":{"@id":"https:\/\/haberkuzey.com\/index.php\/2026\/03\/14\/cumhurbaskanligindan-tasinmaz-mal-komisyonu-uyeligi-icin-hatirlatma\/#primaryimage"},"thumbnailUrl":"https:\/\/haberkuzey.com\/wp-content\/uploads\/2026\/03\/1773418900016tasinmaz-mal-komisyonu-uyelik-basvurusu-ek.jpg","articleSection":["K\u0131br\u0131s"],"inLanguage":"tr","potentialAction":[{"@type":"CommentAction","name":"Comment","target":["https:\/\/haberkuzey.com\/index.php\/2026\/03\/14\/cumhurbaskanligindan-tasinmaz-mal-komisyonu-uyeligi-icin-hatirlatma\/#respond"]}]},{"@type":"WebPage","@id":"https:\/\/haberkuzey.com\/index.php\/2026\/03\/14\/cumhurbaskanligindan-tasinmaz-mal-komisyonu-uyeligi-icin-hatirlatma\/","url":"https:\/\/haberkuzey.com\/index.php\/2026\/03\/14\/cumhurbaskanligindan-tasinmaz-mal-komisyonu-uyeligi-icin-hatirlatma\/","name":"Cumhurba\u015fkanl\u0131\u011f\u0131\u2019ndan Ta\u015f\u0131nmaz Mal Komisyonu \u00fcyeli\u011fi i\u00e7in hat\u0131rlatma - Haber Kuzey","isPartOf":{"@id":"https:\/\/haberkuzey.com\/#website"},"primaryImageOfPage":{"@id":"https:\/\/haberkuzey.com\/index.php\/2026\/03\/14\/cumhurbaskanligindan-tasinmaz-mal-komisyonu-uyeligi-icin-hatirlatma\/#primaryimage"},"image":{"@id":"https:\/\/haberkuzey.com\/index.php\/2026\/03\/14\/cumhurbaskanligindan-tasinmaz-mal-komisyonu-uyeligi-icin-hatirlatma\/#primaryimage"},"thumbnailUrl":"https:\/\/haberkuzey.com\/wp-content\/uploads\/2026\/03\/1773418900016tasinmaz-mal-komisyonu-uyelik-basvurusu-ek.jpg","datePublished":"2026-03-14T08:30:05+00:00","author":{"@id":"https:\/\/haberkuzey.com\/#\/schema\/person\/3372109ec735f9333f4fa47ebb9605ca"},"breadcrumb":{"@id":"https:\/\/haberkuzey.com\/index.php\/2026\/03\/14\/cumhurbaskanligindan-tasinmaz-mal-komisyonu-uyeligi-icin-hatirlatma\/#breadcrumb"},"inLanguage":"tr","potentialAction":[{"@type":"ReadAction","target":["https:\/\/haberkuzey.com\/index.php\/2026\/03\/14\/cumhurbaskanligindan-tasinmaz-mal-komisyonu-uyeligi-icin-hatirlatma\/"]}]},{"@type":"ImageObject","inLanguage":"tr","@id":"https:\/\/haberkuzey.com\/index.php\/2026\/03\/14\/cumhurbaskanligindan-tasinmaz-mal-komisyonu-uyeligi-icin-hatirlatma\/#primaryimage","url":"https:\/\/haberkuzey.com\/wp-content\/uploads\/2026\/03\/1773418900016tasinmaz-mal-komisyonu-uyelik-basvurusu-ek.jpg","contentUrl":"https:\/\/haberkuzey.com\/wp-content\/uploads\/2026\/03\/1773418900016tasinmaz-mal-komisyonu-uyelik-basvurusu-ek.jpg","width":1080,"height":1370},{"@type":"BreadcrumbList","@id":"https:\/\/haberkuzey.com\/index.php\/2026\/03\/14\/cumhurbaskanligindan-tasinmaz-mal-komisyonu-uyeligi-icin-hatirlatma\/#breadcrumb","itemListElement":[{"@type":"ListItem","position":1,"name":"Anasayfa","item":"https:\/\/haberkuzey.com\/"},{"@type":"ListItem","position":2,"name":"Cumhurba\u015fkanl\u0131\u011f\u0131\u2019ndan Ta\u015f\u0131nmaz Mal Komisyonu \u00fcyeli\u011fi i\u00e7in hat\u0131rlatma"}]},{"@type":"WebSite","@id":"https:\/\/haberkuzey.com\/#website","url":"https:\/\/haberkuzey.com\/","name":"Haber Kuzey","description":"Do\u011fru Haberin Adresi","potentialAction":[{"@type":"SearchAction","target":{"@type":"EntryPoint","urlTemplate":"https:\/\/haberkuzey.com\/?s={search_term_string}"},"query-input":{"@type":"PropertyValueSpecification","valueRequired":true,"valueName":"search_term_string"}}],"inLanguage":"tr"},{"@type":"Person","@id":"https:\/\/haberkuzey.com\/#\/schema\/person\/3372109ec735f9333f4fa47ebb9605ca","name":"haberkuzey","image":{"@type":"ImageObject","inLanguage":"tr","@id":"https:\/\/secure.gravatar.com\/avatar\/f5fc875574b1575324358c3b9e6a32b8227aa5b74f3fa22e3cadb63e26fcc39c?s=96&d=mm&r=g","url":"https:\/\/secure.gravatar.com\/avatar\/f5fc875574b1575324358c3b9e6a32b8227aa5b74f3fa22e3cadb63e26fcc39c?s=96&d=mm&r=g","contentUrl":"https:\/\/secure.gravatar.com\/avatar\/f5fc875574b1575324358c3b9e6a32b8227aa5b74f3fa22e3cadb63e26fcc39c?s=96&d=mm&r=g","caption":"haberkuzey"},"sameAs":["https:\/\/haberkuzey.com"],"url":"https:\/\/haberkuzey.com\/index.php\/author\/haberkuzey\/"}]}},"_links":{"self":[{"href":"https:\/\/haberkuzey.com\/index.php\/wp-json\/wp\/v2\/posts\/35254","targetHints":{"allow":["GET"]}}],"collection":[{"href":"https:\/\/haberkuzey.com\/index.php\/wp-json\/wp\/v2\/posts"}],"about":[{"href":"https:\/\/haberkuzey.com\/index.php\/wp-json\/wp\/v2\/types\/post"}],"author":[{"embeddable":true,"href":"https:\/\/haberkuzey.com\/index.php\/wp-json\/wp\/v2\/users\/1"}],"replies":[{"embeddable":true,"href":"https:\/\/haberkuzey.com\/index.php\/wp-json\/wp\/v2\/comments?post=35254"}],"version-history":[{"count":0,"href":"https:\/\/haberkuzey.com\/index.php\/wp-json\/wp\/v2\/posts\/35254\/revisions"}],"wp:featuredmedia":[{"embeddable":true,"href":"https:\/\/haberkuzey.com\/index.php\/wp-json\/wp\/v2\/media\/35255"}],"wp:attachment":[{"href":"https:\/\/haberkuzey.com\/index.php\/wp-json\/wp\/v2\/media?parent=35254"}],"wp:term":[{"taxonomy":"category","embeddable":true,"href":"https:\/\/haberkuzey.com\/index.php\/wp-json\/wp\/v2\/categories?post=35254"},{"taxonomy":"post_tag","embeddable":true,"href":"https:\/\/haberkuzey.com\/index.php\/wp-json\/wp\/v2\/tags?post=35254"}],"curies":[{"name":"wp","href":"https:\/\/api.w.org\/{rel}","templated":true}]}}