{"id":35250,"date":"2026-03-14T10:18:15","date_gmt":"2026-03-14T08:18:15","guid":{"rendered":"https:\/\/haberkuzey.com\/index.php\/2026\/03\/14\/trump-iranin-lider-kadrosunu-iki-kez-yok-ettiklerini-iddia-etti\/"},"modified":"2026-03-14T10:18:15","modified_gmt":"2026-03-14T08:18:15","slug":"trump-iranin-lider-kadrosunu-iki-kez-yok-ettiklerini-iddia-etti","status":"publish","type":"post","link":"https:\/\/haberkuzey.com\/index.php\/2026\/03\/14\/trump-iranin-lider-kadrosunu-iki-kez-yok-ettiklerini-iddia-etti\/","title":{"rendered":"Trump, \u0130ran\u2019\u0131n lider kadrosunu iki kez \u201cyok ettiklerini\u201d iddia etti"},"content":{"rendered":"<p style=\"font-weight: 300\"><span style=\"font-weight: 300 !important\">ABD Ba\u015fkan\u0131 Trump, YouTuber ve boks\u00f6r Jake Paul&#8217;e verdi\u011fi r\u00f6portajda \u0130ran g\u00fcndemine ili\u015fkin a\u00e7\u0131klamalarda bulundu.<\/span><\/p>\n<p style=\"font-weight: 300\"><span style=\"font-weight: 300 !important\">\u0130ran&#8217;\u0131n lider kadrosunu iki kez &#8220;yok ettiklerini&#8221; iddia eden Trump, &#8220;\u0130kinci sefer toplanm\u0131\u015flard\u0131, aralar\u0131ndan kimin lider olaca\u011f\u0131na karar veriyorlard\u0131. Tam o s\u0131rada yok edildiler. \u015eimdi \u00fc\u00e7\u00fcnc\u00fc kez bir f\u0131rsat kolluyorlar.&#8221; de\u011ferlendirmesini yapt\u0131.<\/span><\/p>\n<p style=\"font-weight: 300\"><span style=\"font-weight: 300 !important\">\u0130srail ile birlikte \u0130ran&#8217;a y\u00f6nelik sald\u0131r\u0131lara nas\u0131l karar verdiklerini anlatan ABD Ba\u015fkan\u0131, proaktif hareket ettiklerini vurgulad\u0131.<\/span><\/p>\n<p style=\"font-weight: 300\"><span style=\"font-weight: 300 !important\">&#8220;Bir \u015feyler yapmam\u0131z gerekti\u011fini biliyorduk \u00e7\u00fcnk\u00fc bize sald\u0131racaklard\u0131. Biz onlara sald\u0131rmasayd\u0131k, onlar bize sald\u0131racakt\u0131. \u0130lk hamleyi biz yapt\u0131k.&#8221; yorumunu yapan Trump, bu yolla \u0130ran&#8217;a ait binlerce f\u00fczeyi imha ettiklerini kaydetti.<\/span><\/p>\n<p style=\"font-weight: 300\"><span style=\"font-weight: 300 !important\">\u0130ran&#8217;la n\u00fckleer m\u00fczakereler konusunu da de\u011ferlendiren ABD Ba\u015fkan\u0131 Trump, &#8220;Ger\u00e7ekten \u00e7ok iyi bir anla\u015fma olmas\u0131 gerekiyordu. En \u00f6nemli \u015fart, n\u00fckleer silahlara sahip olmamalar\u0131yd\u0131. Aksi takdirde \u0130srail&#8217;i yery\u00fcz\u00fcnden silip s\u00fcp\u00fcr\u00fcrlerdi.&#8221; diye konu\u015ftu.<\/span><\/p>\n<p style=\"font-weight: 300\"><span style=\"font-weight: 300 !important\">Trump ayr\u0131ca, ge\u00e7en y\u0131l haziranda yapt\u0131klar\u0131 B-2 sald\u0131r\u0131lar\u0131n\u0131 yapmam\u0131\u015f olsalard\u0131 o durumda \u0130ran&#8217;\u0131n n\u00fckleer silaha sahip olaca\u011f\u0131 iddias\u0131n\u0131 yineledi.<\/span><\/p>\n<p>Trump, \u0130ran&#8217;\u0131n lider kadrosunu iki kez &#8220;yok ettiklerini\u201d iddia etti yaz\u0131s\u0131 ilk \u00f6nce K\u0131br\u0131s Hakikat \u00fczerinde ortaya \u00e7\u0131kt\u0131.<\/p>\n","protected":false},"excerpt":{"rendered":"<p>ABD Ba\u015fkan\u0131 Trump, YouTuber ve boks\u00f6r Jake Paul&#8217;e verdi\u011fi r\u00f6portajda \u0130ran g\u00fcndemine ili\u015fkin a\u00e7\u0131klamalarda bulundu. \u0130ran&#8217;\u0131n lider kadrosunu iki kez &#8220;yok ettiklerini&#8221; iddia eden Trump, &#8220;\u0130kinci sefer toplanm\u0131\u015flard\u0131, aralar\u0131ndan kimin lider olaca\u011f\u0131na karar veriyorlard\u0131. Tam o s\u0131rada yok edildiler. \u015eimdi \u00fc\u00e7\u00fcnc\u00fc kez bir f\u0131rsat kolluyorlar.&#8221; de\u011ferlendirmesini yapt\u0131. \u0130srail ile birlikte \u0130ran&#8217;a y\u00f6nelik sald\u0131r\u0131lara nas\u0131l karar [&hellip;]<\/p>\n","protected":false},"author":1,"featured_media":35251,"comment_status":"open","ping_status":"open","sticky":false,"template":"","format":"standard","meta":{"jnews-multi-image_gallery":[],"jnews_single_post":[],"jnews_primary_category":[],"footnotes":""},"categories":[1],"tags":[],"class_list":["post-35250","post","type-post","status-publish","format-standard","has-post-thumbnail","hentry","category-kibris"],"yoast_head":"<!-- This site is optimized with the Yoast SEO plugin v27.5 - https:\/\/yoast.com\/product\/yoast-seo-wordpress\/ -->\n<title>Trump, \u0130ran\u2019\u0131n lider kadrosunu iki kez \u201cyok ettiklerini\u201d iddia etti - Haber Kuzey<\/title>\n<meta name=\"robots\" content=\"index, follow, max-snippet:-1, max-image-preview:large, max-video-preview:-1\" \/>\n<link rel=\"canonical\" href=\"https:\/\/haberkuzey.com\/index.php\/2026\/03\/14\/trump-iranin-lider-kadrosunu-iki-kez-yok-ettiklerini-iddia-etti\/\" \/>\n<meta property=\"og:locale\" content=\"tr_TR\" \/>\n<meta property=\"og:type\" content=\"article\" \/>\n<meta property=\"og:title\" content=\"Trump, \u0130ran\u2019\u0131n lider kadrosunu iki kez \u201cyok ettiklerini\u201d iddia etti - Haber Kuzey\" \/>\n<meta property=\"og:description\" content=\"ABD Ba\u015fkan\u0131 Trump, YouTuber ve boks\u00f6r Jake Paul&#8217;e verdi\u011fi r\u00f6portajda \u0130ran g\u00fcndemine ili\u015fkin a\u00e7\u0131klamalarda bulundu. \u0130ran&#8217;\u0131n lider kadrosunu iki kez &#8220;yok ettiklerini&#8221; iddia eden Trump, &#8220;\u0130kinci sefer toplanm\u0131\u015flard\u0131, aralar\u0131ndan kimin lider olaca\u011f\u0131na karar veriyorlard\u0131. Tam o s\u0131rada yok edildiler. \u015eimdi \u00fc\u00e7\u00fcnc\u00fc kez bir f\u0131rsat kolluyorlar.&#8221; de\u011ferlendirmesini yapt\u0131. \u0130srail ile birlikte \u0130ran&#8217;a y\u00f6nelik sald\u0131r\u0131lara nas\u0131l karar [&hellip;]\" \/>\n<meta property=\"og:url\" content=\"https:\/\/haberkuzey.com\/index.php\/2026\/03\/14\/trump-iranin-lider-kadrosunu-iki-kez-yok-ettiklerini-iddia-etti\/\" \/>\n<meta property=\"og:site_name\" content=\"Haber Kuzey\" \/>\n<meta property=\"article:published_time\" content=\"2026-03-14T08:18:15+00:00\" \/>\n<meta name=\"author\" content=\"haberkuzey\" \/>\n<meta name=\"twitter:card\" content=\"summary_large_image\" \/>\n<meta name=\"twitter:label1\" content=\"Yazan:\" \/>\n\t<meta name=\"twitter:data1\" content=\"haberkuzey\" \/>\n\t<meta name=\"twitter:label2\" content=\"Tahmini okuma s\u00fcresi\" \/>\n\t<meta name=\"twitter:data2\" content=\"1 dakika\" \/>\n<script type=\"application\/ld+json\" class=\"yoast-schema-graph\">{\"@context\":\"https:\\\/\\\/schema.org\",\"@graph\":[{\"@type\":\"Article\",\"@id\":\"https:\\\/\\\/haberkuzey.com\\\/index.php\\\/2026\\\/03\\\/14\\\/trump-iranin-lider-kadrosunu-iki-kez-yok-ettiklerini-iddia-etti\\\/#article\",\"isPartOf\":{\"@id\":\"https:\\\/\\\/haberkuzey.com\\\/index.php\\\/2026\\\/03\\\/14\\\/trump-iranin-lider-kadrosunu-iki-kez-yok-ettiklerini-iddia-etti\\\/\"},\"author\":{\"name\":\"haberkuzey\",\"@id\":\"https:\\\/\\\/haberkuzey.com\\\/#\\\/schema\\\/person\\\/3372109ec735f9333f4fa47ebb9605ca\"},\"headline\":\"Trump, \u0130ran\u2019\u0131n lider kadrosunu iki kez \u201cyok ettiklerini\u201d iddia etti\",\"datePublished\":\"2026-03-14T08:18:15+00:00\",\"mainEntityOfPage\":{\"@id\":\"https:\\\/\\\/haberkuzey.com\\\/index.php\\\/2026\\\/03\\\/14\\\/trump-iranin-lider-kadrosunu-iki-kez-yok-ettiklerini-iddia-etti\\\/\"},\"wordCount\":232,\"commentCount\":0,\"image\":{\"@id\":\"https:\\\/\\\/haberkuzey.com\\\/index.php\\\/2026\\\/03\\\/14\\\/trump-iranin-lider-kadrosunu-iki-kez-yok-ettiklerini-iddia-etti\\\/#primaryimage\"},\"thumbnailUrl\":\"https:\\\/\\\/haberkuzey.com\\\/wp-content\\\/uploads\\\/2026\\\/03\\\/1773470230250trump-8.jpg\",\"articleSection\":[\"K\u0131br\u0131s\"],\"inLanguage\":\"tr\",\"potentialAction\":[{\"@type\":\"CommentAction\",\"name\":\"Comment\",\"target\":[\"https:\\\/\\\/haberkuzey.com\\\/index.php\\\/2026\\\/03\\\/14\\\/trump-iranin-lider-kadrosunu-iki-kez-yok-ettiklerini-iddia-etti\\\/#respond\"]}]},{\"@type\":\"WebPage\",\"@id\":\"https:\\\/\\\/haberkuzey.com\\\/index.php\\\/2026\\\/03\\\/14\\\/trump-iranin-lider-kadrosunu-iki-kez-yok-ettiklerini-iddia-etti\\\/\",\"url\":\"https:\\\/\\\/haberkuzey.com\\\/index.php\\\/2026\\\/03\\\/14\\\/trump-iranin-lider-kadrosunu-iki-kez-yok-ettiklerini-iddia-etti\\\/\",\"name\":\"Trump, \u0130ran\u2019\u0131n lider kadrosunu iki kez \u201cyok ettiklerini\u201d iddia etti - Haber Kuzey\",\"isPartOf\":{\"@id\":\"https:\\\/\\\/haberkuzey.com\\\/#website\"},\"primaryImageOfPage\":{\"@id\":\"https:\\\/\\\/haberkuzey.com\\\/index.php\\\/2026\\\/03\\\/14\\\/trump-iranin-lider-kadrosunu-iki-kez-yok-ettiklerini-iddia-etti\\\/#primaryimage\"},\"image\":{\"@id\":\"https:\\\/\\\/haberkuzey.com\\\/index.php\\\/2026\\\/03\\\/14\\\/trump-iranin-lider-kadrosunu-iki-kez-yok-ettiklerini-iddia-etti\\\/#primaryimage\"},\"thumbnailUrl\":\"https:\\\/\\\/haberkuzey.com\\\/wp-content\\\/uploads\\\/2026\\\/03\\\/1773470230250trump-8.jpg\",\"datePublished\":\"2026-03-14T08:18:15+00:00\",\"author\":{\"@id\":\"https:\\\/\\\/haberkuzey.com\\\/#\\\/schema\\\/person\\\/3372109ec735f9333f4fa47ebb9605ca\"},\"breadcrumb\":{\"@id\":\"https:\\\/\\\/haberkuzey.com\\\/index.php\\\/2026\\\/03\\\/14\\\/trump-iranin-lider-kadrosunu-iki-kez-yok-ettiklerini-iddia-etti\\\/#breadcrumb\"},\"inLanguage\":\"tr\",\"potentialAction\":[{\"@type\":\"ReadAction\",\"target\":[\"https:\\\/\\\/haberkuzey.com\\\/index.php\\\/2026\\\/03\\\/14\\\/trump-iranin-lider-kadrosunu-iki-kez-yok-ettiklerini-iddia-etti\\\/\"]}]},{\"@type\":\"ImageObject\",\"inLanguage\":\"tr\",\"@id\":\"https:\\\/\\\/haberkuzey.com\\\/index.php\\\/2026\\\/03\\\/14\\\/trump-iranin-lider-kadrosunu-iki-kez-yok-ettiklerini-iddia-etti\\\/#primaryimage\",\"url\":\"https:\\\/\\\/haberkuzey.com\\\/wp-content\\\/uploads\\\/2026\\\/03\\\/1773470230250trump-8.jpg\",\"contentUrl\":\"https:\\\/\\\/haberkuzey.com\\\/wp-content\\\/uploads\\\/2026\\\/03\\\/1773470230250trump-8.jpg\",\"width\":864,\"height\":486},{\"@type\":\"BreadcrumbList\",\"@id\":\"https:\\\/\\\/haberkuzey.com\\\/index.php\\\/2026\\\/03\\\/14\\\/trump-iranin-lider-kadrosunu-iki-kez-yok-ettiklerini-iddia-etti\\\/#breadcrumb\",\"itemListElement\":[{\"@type\":\"ListItem\",\"position\":1,\"name\":\"Anasayfa\",\"item\":\"https:\\\/\\\/haberkuzey.com\\\/\"},{\"@type\":\"ListItem\",\"position\":2,\"name\":\"Trump, \u0130ran\u2019\u0131n lider kadrosunu iki kez \u201cyok ettiklerini\u201d iddia etti\"}]},{\"@type\":\"WebSite\",\"@id\":\"https:\\\/\\\/haberkuzey.com\\\/#website\",\"url\":\"https:\\\/\\\/haberkuzey.com\\\/\",\"name\":\"Haber Kuzey\",\"description\":\"Do\u011fru Haberin Adresi\",\"potentialAction\":[{\"@type\":\"SearchAction\",\"target\":{\"@type\":\"EntryPoint\",\"urlTemplate\":\"https:\\\/\\\/haberkuzey.com\\\/?s={search_term_string}\"},\"query-input\":{\"@type\":\"PropertyValueSpecification\",\"valueRequired\":true,\"valueName\":\"search_term_string\"}}],\"inLanguage\":\"tr\"},{\"@type\":\"Person\",\"@id\":\"https:\\\/\\\/haberkuzey.com\\\/#\\\/schema\\\/person\\\/3372109ec735f9333f4fa47ebb9605ca\",\"name\":\"haberkuzey\",\"image\":{\"@type\":\"ImageObject\",\"inLanguage\":\"tr\",\"@id\":\"https:\\\/\\\/secure.gravatar.com\\\/avatar\\\/f5fc875574b1575324358c3b9e6a32b8227aa5b74f3fa22e3cadb63e26fcc39c?s=96&d=mm&r=g\",\"url\":\"https:\\\/\\\/secure.gravatar.com\\\/avatar\\\/f5fc875574b1575324358c3b9e6a32b8227aa5b74f3fa22e3cadb63e26fcc39c?s=96&d=mm&r=g\",\"contentUrl\":\"https:\\\/\\\/secure.gravatar.com\\\/avatar\\\/f5fc875574b1575324358c3b9e6a32b8227aa5b74f3fa22e3cadb63e26fcc39c?s=96&d=mm&r=g\",\"caption\":\"haberkuzey\"},\"sameAs\":[\"https:\\\/\\\/haberkuzey.com\"],\"url\":\"https:\\\/\\\/haberkuzey.com\\\/index.php\\\/author\\\/haberkuzey\\\/\"}]}<\/script>\n<!-- \/ Yoast SEO plugin. -->","yoast_head_json":{"title":"Trump, \u0130ran\u2019\u0131n lider kadrosunu iki kez \u201cyok ettiklerini\u201d iddia etti - Haber Kuzey","robots":{"index":"index","follow":"follow","max-snippet":"max-snippet:-1","max-image-preview":"max-image-preview:large","max-video-preview":"max-video-preview:-1"},"canonical":"https:\/\/haberkuzey.com\/index.php\/2026\/03\/14\/trump-iranin-lider-kadrosunu-iki-kez-yok-ettiklerini-iddia-etti\/","og_locale":"tr_TR","og_type":"article","og_title":"Trump, \u0130ran\u2019\u0131n lider kadrosunu iki kez \u201cyok ettiklerini\u201d iddia etti - Haber Kuzey","og_description":"ABD Ba\u015fkan\u0131 Trump, YouTuber ve boks\u00f6r Jake Paul&#8217;e verdi\u011fi r\u00f6portajda \u0130ran g\u00fcndemine ili\u015fkin a\u00e7\u0131klamalarda bulundu. \u0130ran&#8217;\u0131n lider kadrosunu iki kez &#8220;yok ettiklerini&#8221; iddia eden Trump, &#8220;\u0130kinci sefer toplanm\u0131\u015flard\u0131, aralar\u0131ndan kimin lider olaca\u011f\u0131na karar veriyorlard\u0131. Tam o s\u0131rada yok edildiler. \u015eimdi \u00fc\u00e7\u00fcnc\u00fc kez bir f\u0131rsat kolluyorlar.&#8221; de\u011ferlendirmesini yapt\u0131. \u0130srail ile birlikte \u0130ran&#8217;a y\u00f6nelik sald\u0131r\u0131lara nas\u0131l karar [&hellip;]","og_url":"https:\/\/haberkuzey.com\/index.php\/2026\/03\/14\/trump-iranin-lider-kadrosunu-iki-kez-yok-ettiklerini-iddia-etti\/","og_site_name":"Haber Kuzey","article_published_time":"2026-03-14T08:18:15+00:00","author":"haberkuzey","twitter_card":"summary_large_image","twitter_misc":{"Yazan:":"haberkuzey","Tahmini okuma s\u00fcresi":"1 dakika"},"schema":{"@context":"https:\/\/schema.org","@graph":[{"@type":"Article","@id":"https:\/\/haberkuzey.com\/index.php\/2026\/03\/14\/trump-iranin-lider-kadrosunu-iki-kez-yok-ettiklerini-iddia-etti\/#article","isPartOf":{"@id":"https:\/\/haberkuzey.com\/index.php\/2026\/03\/14\/trump-iranin-lider-kadrosunu-iki-kez-yok-ettiklerini-iddia-etti\/"},"author":{"name":"haberkuzey","@id":"https:\/\/haberkuzey.com\/#\/schema\/person\/3372109ec735f9333f4fa47ebb9605ca"},"headline":"Trump, \u0130ran\u2019\u0131n lider kadrosunu iki kez \u201cyok ettiklerini\u201d iddia etti","datePublished":"2026-03-14T08:18:15+00:00","mainEntityOfPage":{"@id":"https:\/\/haberkuzey.com\/index.php\/2026\/03\/14\/trump-iranin-lider-kadrosunu-iki-kez-yok-ettiklerini-iddia-etti\/"},"wordCount":232,"commentCount":0,"image":{"@id":"https:\/\/haberkuzey.com\/index.php\/2026\/03\/14\/trump-iranin-lider-kadrosunu-iki-kez-yok-ettiklerini-iddia-etti\/#primaryimage"},"thumbnailUrl":"https:\/\/haberkuzey.com\/wp-content\/uploads\/2026\/03\/1773470230250trump-8.jpg","articleSection":["K\u0131br\u0131s"],"inLanguage":"tr","potentialAction":[{"@type":"CommentAction","name":"Comment","target":["https:\/\/haberkuzey.com\/index.php\/2026\/03\/14\/trump-iranin-lider-kadrosunu-iki-kez-yok-ettiklerini-iddia-etti\/#respond"]}]},{"@type":"WebPage","@id":"https:\/\/haberkuzey.com\/index.php\/2026\/03\/14\/trump-iranin-lider-kadrosunu-iki-kez-yok-ettiklerini-iddia-etti\/","url":"https:\/\/haberkuzey.com\/index.php\/2026\/03\/14\/trump-iranin-lider-kadrosunu-iki-kez-yok-ettiklerini-iddia-etti\/","name":"Trump, \u0130ran\u2019\u0131n lider kadrosunu iki kez \u201cyok ettiklerini\u201d iddia etti - Haber Kuzey","isPartOf":{"@id":"https:\/\/haberkuzey.com\/#website"},"primaryImageOfPage":{"@id":"https:\/\/haberkuzey.com\/index.php\/2026\/03\/14\/trump-iranin-lider-kadrosunu-iki-kez-yok-ettiklerini-iddia-etti\/#primaryimage"},"image":{"@id":"https:\/\/haberkuzey.com\/index.php\/2026\/03\/14\/trump-iranin-lider-kadrosunu-iki-kez-yok-ettiklerini-iddia-etti\/#primaryimage"},"thumbnailUrl":"https:\/\/haberkuzey.com\/wp-content\/uploads\/2026\/03\/1773470230250trump-8.jpg","datePublished":"2026-03-14T08:18:15+00:00","author":{"@id":"https:\/\/haberkuzey.com\/#\/schema\/person\/3372109ec735f9333f4fa47ebb9605ca"},"breadcrumb":{"@id":"https:\/\/haberkuzey.com\/index.php\/2026\/03\/14\/trump-iranin-lider-kadrosunu-iki-kez-yok-ettiklerini-iddia-etti\/#breadcrumb"},"inLanguage":"tr","potentialAction":[{"@type":"ReadAction","target":["https:\/\/haberkuzey.com\/index.php\/2026\/03\/14\/trump-iranin-lider-kadrosunu-iki-kez-yok-ettiklerini-iddia-etti\/"]}]},{"@type":"ImageObject","inLanguage":"tr","@id":"https:\/\/haberkuzey.com\/index.php\/2026\/03\/14\/trump-iranin-lider-kadrosunu-iki-kez-yok-ettiklerini-iddia-etti\/#primaryimage","url":"https:\/\/haberkuzey.com\/wp-content\/uploads\/2026\/03\/1773470230250trump-8.jpg","contentUrl":"https:\/\/haberkuzey.com\/wp-content\/uploads\/2026\/03\/1773470230250trump-8.jpg","width":864,"height":486},{"@type":"BreadcrumbList","@id":"https:\/\/haberkuzey.com\/index.php\/2026\/03\/14\/trump-iranin-lider-kadrosunu-iki-kez-yok-ettiklerini-iddia-etti\/#breadcrumb","itemListElement":[{"@type":"ListItem","position":1,"name":"Anasayfa","item":"https:\/\/haberkuzey.com\/"},{"@type":"ListItem","position":2,"name":"Trump, \u0130ran\u2019\u0131n lider kadrosunu iki kez \u201cyok ettiklerini\u201d iddia etti"}]},{"@type":"WebSite","@id":"https:\/\/haberkuzey.com\/#website","url":"https:\/\/haberkuzey.com\/","name":"Haber Kuzey","description":"Do\u011fru Haberin Adresi","potentialAction":[{"@type":"SearchAction","target":{"@type":"EntryPoint","urlTemplate":"https:\/\/haberkuzey.com\/?s={search_term_string}"},"query-input":{"@type":"PropertyValueSpecification","valueRequired":true,"valueName":"search_term_string"}}],"inLanguage":"tr"},{"@type":"Person","@id":"https:\/\/haberkuzey.com\/#\/schema\/person\/3372109ec735f9333f4fa47ebb9605ca","name":"haberkuzey","image":{"@type":"ImageObject","inLanguage":"tr","@id":"https:\/\/secure.gravatar.com\/avatar\/f5fc875574b1575324358c3b9e6a32b8227aa5b74f3fa22e3cadb63e26fcc39c?s=96&d=mm&r=g","url":"https:\/\/secure.gravatar.com\/avatar\/f5fc875574b1575324358c3b9e6a32b8227aa5b74f3fa22e3cadb63e26fcc39c?s=96&d=mm&r=g","contentUrl":"https:\/\/secure.gravatar.com\/avatar\/f5fc875574b1575324358c3b9e6a32b8227aa5b74f3fa22e3cadb63e26fcc39c?s=96&d=mm&r=g","caption":"haberkuzey"},"sameAs":["https:\/\/haberkuzey.com"],"url":"https:\/\/haberkuzey.com\/index.php\/author\/haberkuzey\/"}]}},"_links":{"self":[{"href":"https:\/\/haberkuzey.com\/index.php\/wp-json\/wp\/v2\/posts\/35250","targetHints":{"allow":["GET"]}}],"collection":[{"href":"https:\/\/haberkuzey.com\/index.php\/wp-json\/wp\/v2\/posts"}],"about":[{"href":"https:\/\/haberkuzey.com\/index.php\/wp-json\/wp\/v2\/types\/post"}],"author":[{"embeddable":true,"href":"https:\/\/haberkuzey.com\/index.php\/wp-json\/wp\/v2\/users\/1"}],"replies":[{"embeddable":true,"href":"https:\/\/haberkuzey.com\/index.php\/wp-json\/wp\/v2\/comments?post=35250"}],"version-history":[{"count":0,"href":"https:\/\/haberkuzey.com\/index.php\/wp-json\/wp\/v2\/posts\/35250\/revisions"}],"wp:featuredmedia":[{"embeddable":true,"href":"https:\/\/haberkuzey.com\/index.php\/wp-json\/wp\/v2\/media\/35251"}],"wp:attachment":[{"href":"https:\/\/haberkuzey.com\/index.php\/wp-json\/wp\/v2\/media?parent=35250"}],"wp:term":[{"taxonomy":"category","embeddable":true,"href":"https:\/\/haberkuzey.com\/index.php\/wp-json\/wp\/v2\/categories?post=35250"},{"taxonomy":"post_tag","embeddable":true,"href":"https:\/\/haberkuzey.com\/index.php\/wp-json\/wp\/v2\/tags?post=35250"}],"curies":[{"name":"wp","href":"https:\/\/api.w.org\/{rel}","templated":true}]}}