{"id":35236,"date":"2026-03-13T19:37:11","date_gmt":"2026-03-13T17:37:11","guid":{"rendered":"https:\/\/haberkuzey.com\/index.php\/2026\/03\/13\/bengihan-hukumet-yasanan-her-krizin-bedelini-emekcilere-ve-dar-gelirlilere-odetiyor\/"},"modified":"2026-03-13T19:37:11","modified_gmt":"2026-03-13T17:37:11","slug":"bengihan-hukumet-yasanan-her-krizin-bedelini-emekcilere-ve-dar-gelirlilere-odetiyor","status":"publish","type":"post","link":"https:\/\/haberkuzey.com\/index.php\/2026\/03\/13\/bengihan-hukumet-yasanan-her-krizin-bedelini-emekcilere-ve-dar-gelirlilere-odetiyor\/","title":{"rendered":"Bengihan: H\u00fck\u00fcmet ya\u015fanan her krizin bedelini emek\u00e7ilere ve dar gelirlilere \u00f6detiyor"},"content":{"rendered":"<p>K\u0131br\u0131s T\u00fcrk Amme Memurlar\u0131 Sendikas\u0131 (KTAMS) ve K\u0131br\u0131s \u0130\u015f\u00e7i ve Emek\u00e7i Sendikalar\u0131 Federasyonu (K\u0130EF) Ba\u015fkan\u0131 G\u00fcven Bengihan akaryak\u0131ta ikinci kez zam yap\u0131lmas\u0131n\u0131 ele\u015ftirdi; h\u00fck\u00fcmetin ya\u015fanan her krizin bedelini emek\u00e7ilere ve dar gelirlilere \u00f6detti\u011fini savundu.<\/p>\n<p>Bengihan yaz\u0131l\u0131 a\u00e7\u0131klamas\u0131nda, &#8220;UBP-DP-YDP h\u00fck\u00fcmeti, koltuklar\u0131n\u0131 korumak u\u011fruna, krizi f\u0131rsat bilerek halk\u0131n cebinden \u00e7almaktad\u0131r.\u201d iddias\u0131nda bulundu.<\/p>\n<p>Akaryak\u0131ta yap\u0131lan zamlarla \u00fcreticilerin i\u015f yapamaz duruma geldi\u011fini ve emek\u00e7ilerin ge\u00e7imini nas\u0131l sa\u011flayaca\u011f\u0131n\u0131n gailesini ta\u015f\u0131d\u0131\u011f\u0131n\u0131 savunan Bengihan, yap\u0131lan akaryak\u0131t zamm\u0131n\u0131n, zincirleme olarak bir\u00e7ok \u00fcr\u00fcn ve hizmetin fiyat\u0131na yans\u0131yaca\u011f\u0131n\u0131n ortada oldu\u011funu belirtti.<\/p>\n<p>H\u00fck\u00fcmetin tek derdinin kendi kasas\u0131n\u0131 doldurmak oldu\u011funu ileri s\u00fcren Bengihan, &#8220;h\u00fckmetin iktidar\u0131 terk etmesi gerekti\u011fini&#8221; de savundu.<\/p>\n<p>Bengihan: H\u00fck\u00fcmet ya\u015fanan her krizin bedelini emek\u00e7ilere ve dar gelirlilere \u00f6detiyor yaz\u0131s\u0131 ilk \u00f6nce K\u0131br\u0131s Hakikat \u00fczerinde ortaya \u00e7\u0131kt\u0131.<\/p>\n","protected":false},"excerpt":{"rendered":"<p>K\u0131br\u0131s T\u00fcrk Amme Memurlar\u0131 Sendikas\u0131 (KTAMS) ve K\u0131br\u0131s \u0130\u015f\u00e7i ve Emek\u00e7i Sendikalar\u0131 Federasyonu (K\u0130EF) Ba\u015fkan\u0131 G\u00fcven Bengihan akaryak\u0131ta ikinci kez zam yap\u0131lmas\u0131n\u0131 ele\u015ftirdi; h\u00fck\u00fcmetin ya\u015fanan her krizin bedelini emek\u00e7ilere ve dar gelirlilere \u00f6detti\u011fini savundu. Bengihan yaz\u0131l\u0131 a\u00e7\u0131klamas\u0131nda, &#8220;UBP-DP-YDP h\u00fck\u00fcmeti, koltuklar\u0131n\u0131 korumak u\u011fruna, krizi f\u0131rsat bilerek halk\u0131n cebinden \u00e7almaktad\u0131r.\u201d iddias\u0131nda bulundu. Akaryak\u0131ta yap\u0131lan zamlarla \u00fcreticilerin i\u015f [&hellip;]<\/p>\n","protected":false},"author":1,"featured_media":35237,"comment_status":"open","ping_status":"open","sticky":false,"template":"","format":"standard","meta":{"jnews-multi-image_gallery":[],"jnews_single_post":[],"jnews_primary_category":[],"footnotes":""},"categories":[1],"tags":[],"class_list":["post-35236","post","type-post","status-publish","format-standard","has-post-thumbnail","hentry","category-kibris"],"yoast_head":"<!-- This site is optimized with the Yoast SEO plugin v27.5 - https:\/\/yoast.com\/product\/yoast-seo-wordpress\/ -->\n<title>Bengihan: H\u00fck\u00fcmet ya\u015fanan her krizin bedelini emek\u00e7ilere ve dar gelirlilere \u00f6detiyor - Haber Kuzey<\/title>\n<meta name=\"robots\" content=\"index, follow, max-snippet:-1, max-image-preview:large, max-video-preview:-1\" \/>\n<link rel=\"canonical\" href=\"https:\/\/haberkuzey.com\/index.php\/2026\/03\/13\/bengihan-hukumet-yasanan-her-krizin-bedelini-emekcilere-ve-dar-gelirlilere-odetiyor\/\" \/>\n<meta property=\"og:locale\" content=\"tr_TR\" \/>\n<meta property=\"og:type\" content=\"article\" \/>\n<meta property=\"og:title\" content=\"Bengihan: H\u00fck\u00fcmet ya\u015fanan her krizin bedelini emek\u00e7ilere ve dar gelirlilere \u00f6detiyor - Haber Kuzey\" \/>\n<meta property=\"og:description\" content=\"K\u0131br\u0131s T\u00fcrk Amme Memurlar\u0131 Sendikas\u0131 (KTAMS) ve K\u0131br\u0131s \u0130\u015f\u00e7i ve Emek\u00e7i Sendikalar\u0131 Federasyonu (K\u0130EF) Ba\u015fkan\u0131 G\u00fcven Bengihan akaryak\u0131ta ikinci kez zam yap\u0131lmas\u0131n\u0131 ele\u015ftirdi; h\u00fck\u00fcmetin ya\u015fanan her krizin bedelini emek\u00e7ilere ve dar gelirlilere \u00f6detti\u011fini savundu. Bengihan yaz\u0131l\u0131 a\u00e7\u0131klamas\u0131nda, &#8220;UBP-DP-YDP h\u00fck\u00fcmeti, koltuklar\u0131n\u0131 korumak u\u011fruna, krizi f\u0131rsat bilerek halk\u0131n cebinden \u00e7almaktad\u0131r.\u201d iddias\u0131nda bulundu. Akaryak\u0131ta yap\u0131lan zamlarla \u00fcreticilerin i\u015f [&hellip;]\" \/>\n<meta property=\"og:url\" content=\"https:\/\/haberkuzey.com\/index.php\/2026\/03\/13\/bengihan-hukumet-yasanan-her-krizin-bedelini-emekcilere-ve-dar-gelirlilere-odetiyor\/\" \/>\n<meta property=\"og:site_name\" content=\"Haber Kuzey\" \/>\n<meta property=\"article:published_time\" content=\"2026-03-13T17:37:11+00:00\" \/>\n<meta name=\"author\" content=\"haberkuzey\" \/>\n<meta name=\"twitter:card\" content=\"summary_large_image\" \/>\n<meta name=\"twitter:label1\" content=\"Yazan:\" \/>\n\t<meta name=\"twitter:data1\" content=\"haberkuzey\" \/>\n\t<meta name=\"twitter:label2\" content=\"Tahmini okuma s\u00fcresi\" \/>\n\t<meta name=\"twitter:data2\" content=\"1 dakika\" \/>\n<script type=\"application\/ld+json\" class=\"yoast-schema-graph\">{\"@context\":\"https:\\\/\\\/schema.org\",\"@graph\":[{\"@type\":\"Article\",\"@id\":\"https:\\\/\\\/haberkuzey.com\\\/index.php\\\/2026\\\/03\\\/13\\\/bengihan-hukumet-yasanan-her-krizin-bedelini-emekcilere-ve-dar-gelirlilere-odetiyor\\\/#article\",\"isPartOf\":{\"@id\":\"https:\\\/\\\/haberkuzey.com\\\/index.php\\\/2026\\\/03\\\/13\\\/bengihan-hukumet-yasanan-her-krizin-bedelini-emekcilere-ve-dar-gelirlilere-odetiyor\\\/\"},\"author\":{\"name\":\"haberkuzey\",\"@id\":\"https:\\\/\\\/haberkuzey.com\\\/#\\\/schema\\\/person\\\/3372109ec735f9333f4fa47ebb9605ca\"},\"headline\":\"Bengihan: H\u00fck\u00fcmet ya\u015fanan her krizin bedelini emek\u00e7ilere ve dar gelirlilere \u00f6detiyor\",\"datePublished\":\"2026-03-13T17:37:11+00:00\",\"mainEntityOfPage\":{\"@id\":\"https:\\\/\\\/haberkuzey.com\\\/index.php\\\/2026\\\/03\\\/13\\\/bengihan-hukumet-yasanan-her-krizin-bedelini-emekcilere-ve-dar-gelirlilere-odetiyor\\\/\"},\"wordCount\":197,\"commentCount\":0,\"image\":{\"@id\":\"https:\\\/\\\/haberkuzey.com\\\/index.php\\\/2026\\\/03\\\/13\\\/bengihan-hukumet-yasanan-her-krizin-bedelini-emekcilere-ve-dar-gelirlilere-odetiyor\\\/#primaryimage\"},\"thumbnailUrl\":\"https:\\\/\\\/haberkuzey.com\\\/wp-content\\\/uploads\\\/2026\\\/03\\\/IMG_8136.webp.webp\",\"articleSection\":[\"K\u0131br\u0131s\"],\"inLanguage\":\"tr\",\"potentialAction\":[{\"@type\":\"CommentAction\",\"name\":\"Comment\",\"target\":[\"https:\\\/\\\/haberkuzey.com\\\/index.php\\\/2026\\\/03\\\/13\\\/bengihan-hukumet-yasanan-her-krizin-bedelini-emekcilere-ve-dar-gelirlilere-odetiyor\\\/#respond\"]}]},{\"@type\":\"WebPage\",\"@id\":\"https:\\\/\\\/haberkuzey.com\\\/index.php\\\/2026\\\/03\\\/13\\\/bengihan-hukumet-yasanan-her-krizin-bedelini-emekcilere-ve-dar-gelirlilere-odetiyor\\\/\",\"url\":\"https:\\\/\\\/haberkuzey.com\\\/index.php\\\/2026\\\/03\\\/13\\\/bengihan-hukumet-yasanan-her-krizin-bedelini-emekcilere-ve-dar-gelirlilere-odetiyor\\\/\",\"name\":\"Bengihan: H\u00fck\u00fcmet ya\u015fanan her krizin bedelini emek\u00e7ilere ve dar gelirlilere \u00f6detiyor - Haber Kuzey\",\"isPartOf\":{\"@id\":\"https:\\\/\\\/haberkuzey.com\\\/#website\"},\"primaryImageOfPage\":{\"@id\":\"https:\\\/\\\/haberkuzey.com\\\/index.php\\\/2026\\\/03\\\/13\\\/bengihan-hukumet-yasanan-her-krizin-bedelini-emekcilere-ve-dar-gelirlilere-odetiyor\\\/#primaryimage\"},\"image\":{\"@id\":\"https:\\\/\\\/haberkuzey.com\\\/index.php\\\/2026\\\/03\\\/13\\\/bengihan-hukumet-yasanan-her-krizin-bedelini-emekcilere-ve-dar-gelirlilere-odetiyor\\\/#primaryimage\"},\"thumbnailUrl\":\"https:\\\/\\\/haberkuzey.com\\\/wp-content\\\/uploads\\\/2026\\\/03\\\/IMG_8136.webp.webp\",\"datePublished\":\"2026-03-13T17:37:11+00:00\",\"author\":{\"@id\":\"https:\\\/\\\/haberkuzey.com\\\/#\\\/schema\\\/person\\\/3372109ec735f9333f4fa47ebb9605ca\"},\"breadcrumb\":{\"@id\":\"https:\\\/\\\/haberkuzey.com\\\/index.php\\\/2026\\\/03\\\/13\\\/bengihan-hukumet-yasanan-her-krizin-bedelini-emekcilere-ve-dar-gelirlilere-odetiyor\\\/#breadcrumb\"},\"inLanguage\":\"tr\",\"potentialAction\":[{\"@type\":\"ReadAction\",\"target\":[\"https:\\\/\\\/haberkuzey.com\\\/index.php\\\/2026\\\/03\\\/13\\\/bengihan-hukumet-yasanan-her-krizin-bedelini-emekcilere-ve-dar-gelirlilere-odetiyor\\\/\"]}]},{\"@type\":\"ImageObject\",\"inLanguage\":\"tr\",\"@id\":\"https:\\\/\\\/haberkuzey.com\\\/index.php\\\/2026\\\/03\\\/13\\\/bengihan-hukumet-yasanan-her-krizin-bedelini-emekcilere-ve-dar-gelirlilere-odetiyor\\\/#primaryimage\",\"url\":\"https:\\\/\\\/haberkuzey.com\\\/wp-content\\\/uploads\\\/2026\\\/03\\\/IMG_8136.webp.webp\",\"contentUrl\":\"https:\\\/\\\/haberkuzey.com\\\/wp-content\\\/uploads\\\/2026\\\/03\\\/IMG_8136.webp.webp\",\"width\":971,\"height\":551},{\"@type\":\"BreadcrumbList\",\"@id\":\"https:\\\/\\\/haberkuzey.com\\\/index.php\\\/2026\\\/03\\\/13\\\/bengihan-hukumet-yasanan-her-krizin-bedelini-emekcilere-ve-dar-gelirlilere-odetiyor\\\/#breadcrumb\",\"itemListElement\":[{\"@type\":\"ListItem\",\"position\":1,\"name\":\"Anasayfa\",\"item\":\"https:\\\/\\\/haberkuzey.com\\\/\"},{\"@type\":\"ListItem\",\"position\":2,\"name\":\"Bengihan: H\u00fck\u00fcmet ya\u015fanan her krizin bedelini emek\u00e7ilere ve dar gelirlilere \u00f6detiyor\"}]},{\"@type\":\"WebSite\",\"@id\":\"https:\\\/\\\/haberkuzey.com\\\/#website\",\"url\":\"https:\\\/\\\/haberkuzey.com\\\/\",\"name\":\"Haber Kuzey\",\"description\":\"Do\u011fru Haberin Adresi\",\"potentialAction\":[{\"@type\":\"SearchAction\",\"target\":{\"@type\":\"EntryPoint\",\"urlTemplate\":\"https:\\\/\\\/haberkuzey.com\\\/?s={search_term_string}\"},\"query-input\":{\"@type\":\"PropertyValueSpecification\",\"valueRequired\":true,\"valueName\":\"search_term_string\"}}],\"inLanguage\":\"tr\"},{\"@type\":\"Person\",\"@id\":\"https:\\\/\\\/haberkuzey.com\\\/#\\\/schema\\\/person\\\/3372109ec735f9333f4fa47ebb9605ca\",\"name\":\"haberkuzey\",\"image\":{\"@type\":\"ImageObject\",\"inLanguage\":\"tr\",\"@id\":\"https:\\\/\\\/secure.gravatar.com\\\/avatar\\\/f5fc875574b1575324358c3b9e6a32b8227aa5b74f3fa22e3cadb63e26fcc39c?s=96&d=mm&r=g\",\"url\":\"https:\\\/\\\/secure.gravatar.com\\\/avatar\\\/f5fc875574b1575324358c3b9e6a32b8227aa5b74f3fa22e3cadb63e26fcc39c?s=96&d=mm&r=g\",\"contentUrl\":\"https:\\\/\\\/secure.gravatar.com\\\/avatar\\\/f5fc875574b1575324358c3b9e6a32b8227aa5b74f3fa22e3cadb63e26fcc39c?s=96&d=mm&r=g\",\"caption\":\"haberkuzey\"},\"sameAs\":[\"https:\\\/\\\/haberkuzey.com\"],\"url\":\"https:\\\/\\\/haberkuzey.com\\\/index.php\\\/author\\\/haberkuzey\\\/\"}]}<\/script>\n<!-- \/ Yoast SEO plugin. -->","yoast_head_json":{"title":"Bengihan: H\u00fck\u00fcmet ya\u015fanan her krizin bedelini emek\u00e7ilere ve dar gelirlilere \u00f6detiyor - Haber Kuzey","robots":{"index":"index","follow":"follow","max-snippet":"max-snippet:-1","max-image-preview":"max-image-preview:large","max-video-preview":"max-video-preview:-1"},"canonical":"https:\/\/haberkuzey.com\/index.php\/2026\/03\/13\/bengihan-hukumet-yasanan-her-krizin-bedelini-emekcilere-ve-dar-gelirlilere-odetiyor\/","og_locale":"tr_TR","og_type":"article","og_title":"Bengihan: H\u00fck\u00fcmet ya\u015fanan her krizin bedelini emek\u00e7ilere ve dar gelirlilere \u00f6detiyor - Haber Kuzey","og_description":"K\u0131br\u0131s T\u00fcrk Amme Memurlar\u0131 Sendikas\u0131 (KTAMS) ve K\u0131br\u0131s \u0130\u015f\u00e7i ve Emek\u00e7i Sendikalar\u0131 Federasyonu (K\u0130EF) Ba\u015fkan\u0131 G\u00fcven Bengihan akaryak\u0131ta ikinci kez zam yap\u0131lmas\u0131n\u0131 ele\u015ftirdi; h\u00fck\u00fcmetin ya\u015fanan her krizin bedelini emek\u00e7ilere ve dar gelirlilere \u00f6detti\u011fini savundu. Bengihan yaz\u0131l\u0131 a\u00e7\u0131klamas\u0131nda, &#8220;UBP-DP-YDP h\u00fck\u00fcmeti, koltuklar\u0131n\u0131 korumak u\u011fruna, krizi f\u0131rsat bilerek halk\u0131n cebinden \u00e7almaktad\u0131r.\u201d iddias\u0131nda bulundu. Akaryak\u0131ta yap\u0131lan zamlarla \u00fcreticilerin i\u015f [&hellip;]","og_url":"https:\/\/haberkuzey.com\/index.php\/2026\/03\/13\/bengihan-hukumet-yasanan-her-krizin-bedelini-emekcilere-ve-dar-gelirlilere-odetiyor\/","og_site_name":"Haber Kuzey","article_published_time":"2026-03-13T17:37:11+00:00","author":"haberkuzey","twitter_card":"summary_large_image","twitter_misc":{"Yazan:":"haberkuzey","Tahmini okuma s\u00fcresi":"1 dakika"},"schema":{"@context":"https:\/\/schema.org","@graph":[{"@type":"Article","@id":"https:\/\/haberkuzey.com\/index.php\/2026\/03\/13\/bengihan-hukumet-yasanan-her-krizin-bedelini-emekcilere-ve-dar-gelirlilere-odetiyor\/#article","isPartOf":{"@id":"https:\/\/haberkuzey.com\/index.php\/2026\/03\/13\/bengihan-hukumet-yasanan-her-krizin-bedelini-emekcilere-ve-dar-gelirlilere-odetiyor\/"},"author":{"name":"haberkuzey","@id":"https:\/\/haberkuzey.com\/#\/schema\/person\/3372109ec735f9333f4fa47ebb9605ca"},"headline":"Bengihan: H\u00fck\u00fcmet ya\u015fanan her krizin bedelini emek\u00e7ilere ve dar gelirlilere \u00f6detiyor","datePublished":"2026-03-13T17:37:11+00:00","mainEntityOfPage":{"@id":"https:\/\/haberkuzey.com\/index.php\/2026\/03\/13\/bengihan-hukumet-yasanan-her-krizin-bedelini-emekcilere-ve-dar-gelirlilere-odetiyor\/"},"wordCount":197,"commentCount":0,"image":{"@id":"https:\/\/haberkuzey.com\/index.php\/2026\/03\/13\/bengihan-hukumet-yasanan-her-krizin-bedelini-emekcilere-ve-dar-gelirlilere-odetiyor\/#primaryimage"},"thumbnailUrl":"https:\/\/haberkuzey.com\/wp-content\/uploads\/2026\/03\/IMG_8136.webp.webp","articleSection":["K\u0131br\u0131s"],"inLanguage":"tr","potentialAction":[{"@type":"CommentAction","name":"Comment","target":["https:\/\/haberkuzey.com\/index.php\/2026\/03\/13\/bengihan-hukumet-yasanan-her-krizin-bedelini-emekcilere-ve-dar-gelirlilere-odetiyor\/#respond"]}]},{"@type":"WebPage","@id":"https:\/\/haberkuzey.com\/index.php\/2026\/03\/13\/bengihan-hukumet-yasanan-her-krizin-bedelini-emekcilere-ve-dar-gelirlilere-odetiyor\/","url":"https:\/\/haberkuzey.com\/index.php\/2026\/03\/13\/bengihan-hukumet-yasanan-her-krizin-bedelini-emekcilere-ve-dar-gelirlilere-odetiyor\/","name":"Bengihan: H\u00fck\u00fcmet ya\u015fanan her krizin bedelini emek\u00e7ilere ve dar gelirlilere \u00f6detiyor - Haber Kuzey","isPartOf":{"@id":"https:\/\/haberkuzey.com\/#website"},"primaryImageOfPage":{"@id":"https:\/\/haberkuzey.com\/index.php\/2026\/03\/13\/bengihan-hukumet-yasanan-her-krizin-bedelini-emekcilere-ve-dar-gelirlilere-odetiyor\/#primaryimage"},"image":{"@id":"https:\/\/haberkuzey.com\/index.php\/2026\/03\/13\/bengihan-hukumet-yasanan-her-krizin-bedelini-emekcilere-ve-dar-gelirlilere-odetiyor\/#primaryimage"},"thumbnailUrl":"https:\/\/haberkuzey.com\/wp-content\/uploads\/2026\/03\/IMG_8136.webp.webp","datePublished":"2026-03-13T17:37:11+00:00","author":{"@id":"https:\/\/haberkuzey.com\/#\/schema\/person\/3372109ec735f9333f4fa47ebb9605ca"},"breadcrumb":{"@id":"https:\/\/haberkuzey.com\/index.php\/2026\/03\/13\/bengihan-hukumet-yasanan-her-krizin-bedelini-emekcilere-ve-dar-gelirlilere-odetiyor\/#breadcrumb"},"inLanguage":"tr","potentialAction":[{"@type":"ReadAction","target":["https:\/\/haberkuzey.com\/index.php\/2026\/03\/13\/bengihan-hukumet-yasanan-her-krizin-bedelini-emekcilere-ve-dar-gelirlilere-odetiyor\/"]}]},{"@type":"ImageObject","inLanguage":"tr","@id":"https:\/\/haberkuzey.com\/index.php\/2026\/03\/13\/bengihan-hukumet-yasanan-her-krizin-bedelini-emekcilere-ve-dar-gelirlilere-odetiyor\/#primaryimage","url":"https:\/\/haberkuzey.com\/wp-content\/uploads\/2026\/03\/IMG_8136.webp.webp","contentUrl":"https:\/\/haberkuzey.com\/wp-content\/uploads\/2026\/03\/IMG_8136.webp.webp","width":971,"height":551},{"@type":"BreadcrumbList","@id":"https:\/\/haberkuzey.com\/index.php\/2026\/03\/13\/bengihan-hukumet-yasanan-her-krizin-bedelini-emekcilere-ve-dar-gelirlilere-odetiyor\/#breadcrumb","itemListElement":[{"@type":"ListItem","position":1,"name":"Anasayfa","item":"https:\/\/haberkuzey.com\/"},{"@type":"ListItem","position":2,"name":"Bengihan: H\u00fck\u00fcmet ya\u015fanan her krizin bedelini emek\u00e7ilere ve dar gelirlilere \u00f6detiyor"}]},{"@type":"WebSite","@id":"https:\/\/haberkuzey.com\/#website","url":"https:\/\/haberkuzey.com\/","name":"Haber Kuzey","description":"Do\u011fru Haberin Adresi","potentialAction":[{"@type":"SearchAction","target":{"@type":"EntryPoint","urlTemplate":"https:\/\/haberkuzey.com\/?s={search_term_string}"},"query-input":{"@type":"PropertyValueSpecification","valueRequired":true,"valueName":"search_term_string"}}],"inLanguage":"tr"},{"@type":"Person","@id":"https:\/\/haberkuzey.com\/#\/schema\/person\/3372109ec735f9333f4fa47ebb9605ca","name":"haberkuzey","image":{"@type":"ImageObject","inLanguage":"tr","@id":"https:\/\/secure.gravatar.com\/avatar\/f5fc875574b1575324358c3b9e6a32b8227aa5b74f3fa22e3cadb63e26fcc39c?s=96&d=mm&r=g","url":"https:\/\/secure.gravatar.com\/avatar\/f5fc875574b1575324358c3b9e6a32b8227aa5b74f3fa22e3cadb63e26fcc39c?s=96&d=mm&r=g","contentUrl":"https:\/\/secure.gravatar.com\/avatar\/f5fc875574b1575324358c3b9e6a32b8227aa5b74f3fa22e3cadb63e26fcc39c?s=96&d=mm&r=g","caption":"haberkuzey"},"sameAs":["https:\/\/haberkuzey.com"],"url":"https:\/\/haberkuzey.com\/index.php\/author\/haberkuzey\/"}]}},"_links":{"self":[{"href":"https:\/\/haberkuzey.com\/index.php\/wp-json\/wp\/v2\/posts\/35236","targetHints":{"allow":["GET"]}}],"collection":[{"href":"https:\/\/haberkuzey.com\/index.php\/wp-json\/wp\/v2\/posts"}],"about":[{"href":"https:\/\/haberkuzey.com\/index.php\/wp-json\/wp\/v2\/types\/post"}],"author":[{"embeddable":true,"href":"https:\/\/haberkuzey.com\/index.php\/wp-json\/wp\/v2\/users\/1"}],"replies":[{"embeddable":true,"href":"https:\/\/haberkuzey.com\/index.php\/wp-json\/wp\/v2\/comments?post=35236"}],"version-history":[{"count":0,"href":"https:\/\/haberkuzey.com\/index.php\/wp-json\/wp\/v2\/posts\/35236\/revisions"}],"wp:featuredmedia":[{"embeddable":true,"href":"https:\/\/haberkuzey.com\/index.php\/wp-json\/wp\/v2\/media\/35237"}],"wp:attachment":[{"href":"https:\/\/haberkuzey.com\/index.php\/wp-json\/wp\/v2\/media?parent=35236"}],"wp:term":[{"taxonomy":"category","embeddable":true,"href":"https:\/\/haberkuzey.com\/index.php\/wp-json\/wp\/v2\/categories?post=35236"},{"taxonomy":"post_tag","embeddable":true,"href":"https:\/\/haberkuzey.com\/index.php\/wp-json\/wp\/v2\/tags?post=35236"}],"curies":[{"name":"wp","href":"https:\/\/api.w.org\/{rel}","templated":true}]}}