{"id":35234,"date":"2026-03-13T19:31:30","date_gmt":"2026-03-13T17:31:30","guid":{"rendered":"https:\/\/haberkuzey.com\/index.php\/2026\/03\/13\/aktunc-guney-kibris-turizminin-yasadigi-kadar-buyuk-darbe-almadik-ancak-simdilik-avantaj-da-yaratamadik\/"},"modified":"2026-03-13T19:31:30","modified_gmt":"2026-03-13T17:31:30","slug":"aktunc-guney-kibris-turizminin-yasadigi-kadar-buyuk-darbe-almadik-ancak-simdilik-avantaj-da-yaratamadik","status":"publish","type":"post","link":"https:\/\/haberkuzey.com\/index.php\/2026\/03\/13\/aktunc-guney-kibris-turizminin-yasadigi-kadar-buyuk-darbe-almadik-ancak-simdilik-avantaj-da-yaratamadik\/","title":{"rendered":"Aktun\u00e7: G\u00fcney K\u0131br\u0131s turizminin ya\u015fad\u0131\u011f\u0131 kadar b\u00fcy\u00fck darbe almad\u0131k, ancak \u015fimdilik avantaj da yaratamad\u0131k"},"content":{"rendered":"<p data-start=\"582\" data-end=\"873\">Turizm Bakanl\u0131\u011f\u0131 M\u00fcste\u015far\u0131 Serhan Aktun\u00e7, turizmin ekonomik ve siyasi geli\u015fmelerden h\u0131zl\u0131 etkilenen k\u0131r\u0131lgan bir sekt\u00f6r oldu\u011funu ifade etti. Aktun\u00e7, \u00f6zellikle g\u00fcvenlik, \u00e7at\u0131\u015fma ve sava\u015f gibi risklerin turistlerin tatil tercihlerinde belirleyici rol oynad\u0131\u011f\u0131n\u0131 vurgulad\u0131.<\/p>\n<p data-start=\"875\" data-end=\"1218\">M\u00fcste\u015far, turistlerin \u00f6ncelikle g\u00fcvenli\u011fi, ard\u0131ndan fiyat ve hizmet kalitesini de\u011ferlendirdi\u011fini belirterek, \u00fclkemizin do\u011frudan sava\u015f i\u00e7inde olmamas\u0131na ra\u011fmen b\u00f6lgesel risklerden pay ald\u0131\u011f\u0131n\u0131 kaydetti. Buna ra\u011fmen T\u00fcrkiye pazar\u0131na dayal\u0131 turizmin ve u\u00e7u\u015f iptallerinin ya\u015fanmam\u0131\u015f olmas\u0131n\u0131n, rezervasyonlardaki d\u00fc\u015f\u00fc\u015f\u00fc s\u0131n\u0131rlad\u0131\u011f\u0131n\u0131 ifade etti.<\/p>\n<p data-start=\"1220\" data-end=\"1478\">Aktun\u00e7, kriz d\u00f6neminde turizmin rekabet g\u00fcc\u00fcn\u00fc art\u0131racak ad\u0131mlar\u0131n at\u0131lmas\u0131 gerekti\u011fini, piyasay\u0131 pahal\u0131la\u015ft\u0131ran uygulamalardan ka\u00e7\u0131n\u0131lmas\u0131 gerekti\u011fini s\u00f6yledi. Sekt\u00f6re moral verecek hibe ve te\u015fvik mekanizmalar\u0131n\u0131n devreye al\u0131nmas\u0131n\u0131n \u00f6nemine dikkat \u00e7ekti.<\/p>\n<p data-start=\"1480\" data-end=\"1842\">Turizmin insan odakl\u0131 bir sekt\u00f6r oldu\u011funu hat\u0131rlatan M\u00fcste\u015far, turist say\u0131s\u0131ndaki d\u00fc\u015f\u00fc\u015f\u00fcn i\u015fletmelerin personel azaltmas\u0131na yol a\u00e7abilece\u011fini, bunun da kamu maliyesi ve \u00c7al\u0131\u015fma Bakanl\u0131\u011f\u0131 b\u00fct\u00e7esi \u00fczerinde olumsuz etkiler yarataca\u011f\u0131n\u0131 belirtti. Aktun\u00e7, turizmin 2025\u2019te 2 milyar dolar\u0131n \u00fczerinde gelir sa\u011flamas\u0131 \u00f6ng\u00f6r\u00fclen stratejik bir sekt\u00f6r oldu\u011funu vurgulad\u0131.<\/p>\n<p data-start=\"1844\" data-end=\"2089\">M\u00fcste\u015far, tasarruf tedbirlerinin anla\u015f\u0131labilir oldu\u011funu, ancak piyasay\u0131 zay\u0131flatmayacak ve rekabet g\u00fcc\u00fcn\u00fc art\u0131racak \u00f6nlemlerin de hayata ge\u00e7irilmesi gerekti\u011fini ifade ederek, aksi takdirde kriz sonras\u0131 toparlanman\u0131n daha zor olaca\u011f\u0131n\u0131 s\u00f6yledi.<\/p>\n<p data-start=\"1844\" data-end=\"2089\"><strong>Aktun\u00e7&#8217;un tam payla\u015f\u0131m\u0131 \u015f\u00f6yle:<\/strong><\/p>\n<p>&#8220;Turizm son derece k\u0131r\u0131lgan bir sekt\u00f6rd\u00fcr. \u00c7evresindeki ekonomik ve siyasi geli\u015fmelerden \u00e7ok h\u0131zl\u0131 ve g\u00fc\u00e7l\u00fc \u015fekilde etkilenir. \u00d6zellikle g\u00fcvenlik, \u00e7at\u0131\u015fma ve sava\u015f gibi konular s\u00f6z konusu oldu\u011funda bu etkiler \u00e7ok daha belirgin ve y\u0131k\u0131c\u0131 olabilmektedir.<\/p>\n<p>\u0130nsanlar y\u0131l boyunca \u00e7al\u0131\u015f\u0131r, yorulur, para biriktirir ve genellikle y\u0131lda bir ya da iki kez bu birikimleriyle tatil yapmay\u0131 planlar. Tatil plan\u0131 yap\u0131l\u0131rken alternatif destinasyonlar aras\u0131nda ilk bak\u0131lan unsur g\u00fcvenliktir. Gidecekleri destinasyonun g\u00fcvenli olup olmad\u0131\u011f\u0131, turistin karar\u0131nda belirleyici rol oynar. E\u011fer tercih etmeyi d\u00fc\u015f\u00fcnd\u00fckleri \u00fclkede veya yak\u0131n co\u011frafyas\u0131nda bir istikrars\u0131zl\u0131k ya da sava\u015f varsa, o destinasyon ne kadar cazip olursa olsun insanlar \u00e7o\u011fu zaman o b\u00f6lgeyi tercih etmez.<\/p>\n<p>G\u00fcvenlikten sonra en \u00f6nemli ikinci unsur ise fiyat ve rekabet ko\u015fullar\u0131d\u0131r. Turistler gitmeye karar verdikleri b\u00f6lge i\u00e7indeki alternatif destinasyonlar\u0131 kar\u015f\u0131la\u015ft\u0131r\u0131r; fiyatlar\u0131, sunulan hizmet kalitesini ve toplam tatil maliyetini de\u011ferlendirerek karar verir.<\/p>\n<p>Bu genel turizm motivasyonlar\u0131n\u0131 ortaya koyduktan sonra \u00fclkemize bakt\u0131\u011f\u0131m\u0131zda, sava\u015f\u0131n do\u011frudan i\u00e7inde olmasak da b\u00f6lgesel risk ve tehditlerin etkilerinden bizim de pay ald\u0131\u011f\u0131m\u0131z g\u00f6r\u00fclmektedir.<\/p>\n<p>Buna ra\u011fmen turizmimizin b\u00fcy\u00fck \u00f6l\u00e7\u00fcde T\u00fcrkiye pazar\u0131na dayan\u0131yor olmas\u0131 ve T\u00fcrkiye\u2019den u\u00e7u\u015f iptallerinin ya\u015fanmam\u0131\u015f olmas\u0131 sayesinde, rezervasyonlarda bir miktar d\u00fc\u015f\u00fc\u015f g\u00f6r\u00fclse de G\u00fcney K\u0131br\u0131s turizminin ya\u015fad\u0131\u011f\u0131 kadar b\u00fcy\u00fck bir darbe almad\u0131\u011f\u0131m\u0131z da bir ger\u00e7ektir.<\/p>\n<p>Ancak bu durumdan bir avantaj da \u015fimdilik yaratamad\u0131k. \u00c7\u00fcnk\u00fc b\u00f6yle bir d\u00f6nemde \u00fclkemizin rekabet g\u00fcc\u00fcn\u00fc art\u0131racak ad\u0131mlar at\u0131lmas\u0131 gerekirken, piyasay\u0131 ucuzlatmak yerine pahal\u0131la\u015ft\u0131ran uygulamalardan ka\u00e7\u0131nmam\u0131z gerekir.<\/p>\n<p>Oysa b\u00f6yle bir sava\u015f ve kriz ortam\u0131nda baz\u0131 tasarruf \u00f6nlemlerinin al\u0131nmas\u0131 anla\u015f\u0131labilir olmakla birlikte, piyasay\u0131 rahatlatacak, sekt\u00f6re moral verecek ve turizm payda\u015flar\u0131n\u0131 motive edecek hibe ve te\u015fvik mekanizmalar\u0131n\u0131n devreye al\u0131nmas\u0131 gerekir.<\/p>\n<p>Rekabet g\u00fcc\u00fcm\u00fcz\u00fc \u00f6zellikle b\u00f6ylesi zor zamanlarda daha da g\u00fc\u00e7lendirmeli ve turizm sekt\u00f6r\u00fcn\u00fcn t\u00fcm payda\u015flar\u0131na daha fazla destek olmal\u0131y\u0131z.<\/p>\n<p>\u0130nsan odakl\u0131 bir sekt\u00f6r olan turizm, yerli ve yabanc\u0131 turist say\u0131s\u0131ndaki d\u00fc\u015f\u00fc\u015ften do\u011frudan ve a\u011f\u0131r \u015fekilde etkilenir. Bu durum i\u015fletmelerin personel azaltmas\u0131na yol a\u00e7abilir ve sonu\u00e7 olarak hem kamu maliyesi hem de \u00c7al\u0131\u015fma Bakanl\u0131\u011f\u0131 b\u00fct\u00e7esi a\u00e7\u0131s\u0131ndan ciddi kay\u0131plar ortaya \u00e7\u0131karabilir.<\/p>\n<p>Oysa turizm, cari a\u00e7\u0131\u011f\u0131m\u0131z\u0131n y\u00fczde 60\u2019tan fazlas\u0131n\u0131 kar\u015f\u0131layan ve 2025 y\u0131l\u0131 i\u00e7in 2 milyar dolar\u0131n \u00fczerinde gelir yaratmas\u0131 \u00f6ng\u00f6r\u00fclen stratejik bir sekt\u00f6rd\u00fcr. \u00c7arpan etkisi sayesinde kamu maliyesine \u00f6nemli katk\u0131lar sa\u011flar, \u00c7al\u0131\u015fma Bakanl\u0131\u011f\u0131 b\u00fct\u00e7esine g\u00fc\u00e7l\u00fc destek olu\u015fturur ve \u00fcreticinin \u00fcretti\u011fini satabildi\u011fi, hizmetler sekt\u00f6r\u00fcn\u00fcn ayakta kald\u0131\u011f\u0131 bir ekonomik ekosistem yarat\u0131r.<\/p>\n<p>Bu nedenle b\u00f6yle bir kriz ortam\u0131nda turizm sekt\u00f6r\u00fcne destek sa\u011flamak bir tercih de\u011fil, zorunluluktur.<\/p>\n<p>Tasarruf tedbirlerini elbette anlayabiliriz. Ancak ayn\u0131 zamanda hayat\u0131 pahal\u0131la\u015ft\u0131rmayacak, piyasay\u0131 daha da zay\u0131flatmayacak ve rekabet g\u00fcc\u00fcm\u00fcz\u00fc d\u00fc\u015f\u00fcrmeyecek; aksine art\u0131racak tedbirlerin de hayata ge\u00e7irilmesi gerekmektedir.<\/p>\n<p>Aksi takdirde bu sava\u015f ve kriz sona erdi\u011finde eski seviyemize d\u00f6nmemiz \u00e7ok daha zor olacak ve belki de toparlanmas\u0131 \u00e7ok daha g\u00fc\u00e7 bir ekonomi ile kar\u015f\u0131 kar\u015f\u0131ya kalaca\u011f\u0131z.&#8221;<\/p>\n<p>Aktun\u00e7: G\u00fcney K\u0131br\u0131s turizminin ya\u015fad\u0131\u011f\u0131 kadar b\u00fcy\u00fck darbe almad\u0131k, ancak \u015fimdilik avantaj da yaratamad\u0131k yaz\u0131s\u0131 ilk \u00f6nce K\u0131br\u0131s Hakikat \u00fczerinde ortaya \u00e7\u0131kt\u0131.<\/p>\n","protected":false},"excerpt":{"rendered":"<p>Turizm Bakanl\u0131\u011f\u0131 M\u00fcste\u015far\u0131 Serhan Aktun\u00e7, turizmin ekonomik ve siyasi geli\u015fmelerden h\u0131zl\u0131 etkilenen k\u0131r\u0131lgan bir sekt\u00f6r oldu\u011funu ifade etti. Aktun\u00e7, \u00f6zellikle g\u00fcvenlik, \u00e7at\u0131\u015fma ve sava\u015f gibi risklerin turistlerin tatil tercihlerinde belirleyici rol oynad\u0131\u011f\u0131n\u0131 vurgulad\u0131. M\u00fcste\u015far, turistlerin \u00f6ncelikle g\u00fcvenli\u011fi, ard\u0131ndan fiyat ve hizmet kalitesini de\u011ferlendirdi\u011fini belirterek, \u00fclkemizin do\u011frudan sava\u015f i\u00e7inde olmamas\u0131na ra\u011fmen b\u00f6lgesel risklerden pay ald\u0131\u011f\u0131n\u0131 kaydetti. [&hellip;]<\/p>\n","protected":false},"author":1,"featured_media":35235,"comment_status":"open","ping_status":"open","sticky":false,"template":"","format":"standard","meta":{"jnews-multi-image_gallery":[],"jnews_single_post":[],"jnews_primary_category":[],"footnotes":""},"categories":[1],"tags":[],"class_list":["post-35234","post","type-post","status-publish","format-standard","has-post-thumbnail","hentry","category-kibris"],"yoast_head":"<!-- This site is optimized with the Yoast SEO plugin v27.4 - https:\/\/yoast.com\/product\/yoast-seo-wordpress\/ -->\n<title>Aktun\u00e7: G\u00fcney K\u0131br\u0131s turizminin ya\u015fad\u0131\u011f\u0131 kadar b\u00fcy\u00fck darbe almad\u0131k, ancak \u015fimdilik avantaj da yaratamad\u0131k - Haber Kuzey<\/title>\n<meta name=\"robots\" content=\"index, follow, max-snippet:-1, max-image-preview:large, max-video-preview:-1\" \/>\n<link rel=\"canonical\" href=\"https:\/\/haberkuzey.com\/index.php\/2026\/03\/13\/aktunc-guney-kibris-turizminin-yasadigi-kadar-buyuk-darbe-almadik-ancak-simdilik-avantaj-da-yaratamadik\/\" \/>\n<meta property=\"og:locale\" content=\"tr_TR\" \/>\n<meta property=\"og:type\" content=\"article\" \/>\n<meta property=\"og:title\" content=\"Aktun\u00e7: G\u00fcney K\u0131br\u0131s turizminin ya\u015fad\u0131\u011f\u0131 kadar b\u00fcy\u00fck darbe almad\u0131k, ancak \u015fimdilik avantaj da yaratamad\u0131k - Haber Kuzey\" \/>\n<meta property=\"og:description\" content=\"Turizm Bakanl\u0131\u011f\u0131 M\u00fcste\u015far\u0131 Serhan Aktun\u00e7, turizmin ekonomik ve siyasi geli\u015fmelerden h\u0131zl\u0131 etkilenen k\u0131r\u0131lgan bir sekt\u00f6r oldu\u011funu ifade etti. Aktun\u00e7, \u00f6zellikle g\u00fcvenlik, \u00e7at\u0131\u015fma ve sava\u015f gibi risklerin turistlerin tatil tercihlerinde belirleyici rol oynad\u0131\u011f\u0131n\u0131 vurgulad\u0131. M\u00fcste\u015far, turistlerin \u00f6ncelikle g\u00fcvenli\u011fi, ard\u0131ndan fiyat ve hizmet kalitesini de\u011ferlendirdi\u011fini belirterek, \u00fclkemizin do\u011frudan sava\u015f i\u00e7inde olmamas\u0131na ra\u011fmen b\u00f6lgesel risklerden pay ald\u0131\u011f\u0131n\u0131 kaydetti. [&hellip;]\" \/>\n<meta property=\"og:url\" content=\"https:\/\/haberkuzey.com\/index.php\/2026\/03\/13\/aktunc-guney-kibris-turizminin-yasadigi-kadar-buyuk-darbe-almadik-ancak-simdilik-avantaj-da-yaratamadik\/\" \/>\n<meta property=\"og:site_name\" content=\"Haber Kuzey\" \/>\n<meta property=\"article:published_time\" content=\"2026-03-13T17:31:30+00:00\" \/>\n<meta name=\"author\" content=\"haberkuzey\" \/>\n<meta name=\"twitter:card\" content=\"summary_large_image\" \/>\n<meta name=\"twitter:label1\" content=\"Yazan:\" \/>\n\t<meta name=\"twitter:data1\" content=\"haberkuzey\" \/>\n\t<meta name=\"twitter:label2\" content=\"Tahmini okuma s\u00fcresi\" \/>\n\t<meta name=\"twitter:data2\" content=\"4 dakika\" \/>\n<script type=\"application\/ld+json\" class=\"yoast-schema-graph\">{\"@context\":\"https:\\\/\\\/schema.org\",\"@graph\":[{\"@type\":\"Article\",\"@id\":\"https:\\\/\\\/haberkuzey.com\\\/index.php\\\/2026\\\/03\\\/13\\\/aktunc-guney-kibris-turizminin-yasadigi-kadar-buyuk-darbe-almadik-ancak-simdilik-avantaj-da-yaratamadik\\\/#article\",\"isPartOf\":{\"@id\":\"https:\\\/\\\/haberkuzey.com\\\/index.php\\\/2026\\\/03\\\/13\\\/aktunc-guney-kibris-turizminin-yasadigi-kadar-buyuk-darbe-almadik-ancak-simdilik-avantaj-da-yaratamadik\\\/\"},\"author\":{\"name\":\"haberkuzey\",\"@id\":\"https:\\\/\\\/haberkuzey.com\\\/#\\\/schema\\\/person\\\/3372109ec735f9333f4fa47ebb9605ca\"},\"headline\":\"Aktun\u00e7: G\u00fcney K\u0131br\u0131s turizminin ya\u015fad\u0131\u011f\u0131 kadar b\u00fcy\u00fck darbe almad\u0131k, ancak \u015fimdilik avantaj da yaratamad\u0131k\",\"datePublished\":\"2026-03-13T17:31:30+00:00\",\"mainEntityOfPage\":{\"@id\":\"https:\\\/\\\/haberkuzey.com\\\/index.php\\\/2026\\\/03\\\/13\\\/aktunc-guney-kibris-turizminin-yasadigi-kadar-buyuk-darbe-almadik-ancak-simdilik-avantaj-da-yaratamadik\\\/\"},\"wordCount\":916,\"commentCount\":0,\"image\":{\"@id\":\"https:\\\/\\\/haberkuzey.com\\\/index.php\\\/2026\\\/03\\\/13\\\/aktunc-guney-kibris-turizminin-yasadigi-kadar-buyuk-darbe-almadik-ancak-simdilik-avantaj-da-yaratamadik\\\/#primaryimage\"},\"thumbnailUrl\":\"https:\\\/\\\/haberkuzey.com\\\/wp-content\\\/uploads\\\/2026\\\/03\\\/IMG_8134.webp.webp\",\"articleSection\":[\"K\u0131br\u0131s\"],\"inLanguage\":\"tr\",\"potentialAction\":[{\"@type\":\"CommentAction\",\"name\":\"Comment\",\"target\":[\"https:\\\/\\\/haberkuzey.com\\\/index.php\\\/2026\\\/03\\\/13\\\/aktunc-guney-kibris-turizminin-yasadigi-kadar-buyuk-darbe-almadik-ancak-simdilik-avantaj-da-yaratamadik\\\/#respond\"]}]},{\"@type\":\"WebPage\",\"@id\":\"https:\\\/\\\/haberkuzey.com\\\/index.php\\\/2026\\\/03\\\/13\\\/aktunc-guney-kibris-turizminin-yasadigi-kadar-buyuk-darbe-almadik-ancak-simdilik-avantaj-da-yaratamadik\\\/\",\"url\":\"https:\\\/\\\/haberkuzey.com\\\/index.php\\\/2026\\\/03\\\/13\\\/aktunc-guney-kibris-turizminin-yasadigi-kadar-buyuk-darbe-almadik-ancak-simdilik-avantaj-da-yaratamadik\\\/\",\"name\":\"Aktun\u00e7: G\u00fcney K\u0131br\u0131s turizminin ya\u015fad\u0131\u011f\u0131 kadar b\u00fcy\u00fck darbe almad\u0131k, ancak \u015fimdilik avantaj da yaratamad\u0131k - Haber Kuzey\",\"isPartOf\":{\"@id\":\"https:\\\/\\\/haberkuzey.com\\\/#website\"},\"primaryImageOfPage\":{\"@id\":\"https:\\\/\\\/haberkuzey.com\\\/index.php\\\/2026\\\/03\\\/13\\\/aktunc-guney-kibris-turizminin-yasadigi-kadar-buyuk-darbe-almadik-ancak-simdilik-avantaj-da-yaratamadik\\\/#primaryimage\"},\"image\":{\"@id\":\"https:\\\/\\\/haberkuzey.com\\\/index.php\\\/2026\\\/03\\\/13\\\/aktunc-guney-kibris-turizminin-yasadigi-kadar-buyuk-darbe-almadik-ancak-simdilik-avantaj-da-yaratamadik\\\/#primaryimage\"},\"thumbnailUrl\":\"https:\\\/\\\/haberkuzey.com\\\/wp-content\\\/uploads\\\/2026\\\/03\\\/IMG_8134.webp.webp\",\"datePublished\":\"2026-03-13T17:31:30+00:00\",\"author\":{\"@id\":\"https:\\\/\\\/haberkuzey.com\\\/#\\\/schema\\\/person\\\/3372109ec735f9333f4fa47ebb9605ca\"},\"breadcrumb\":{\"@id\":\"https:\\\/\\\/haberkuzey.com\\\/index.php\\\/2026\\\/03\\\/13\\\/aktunc-guney-kibris-turizminin-yasadigi-kadar-buyuk-darbe-almadik-ancak-simdilik-avantaj-da-yaratamadik\\\/#breadcrumb\"},\"inLanguage\":\"tr\",\"potentialAction\":[{\"@type\":\"ReadAction\",\"target\":[\"https:\\\/\\\/haberkuzey.com\\\/index.php\\\/2026\\\/03\\\/13\\\/aktunc-guney-kibris-turizminin-yasadigi-kadar-buyuk-darbe-almadik-ancak-simdilik-avantaj-da-yaratamadik\\\/\"]}]},{\"@type\":\"ImageObject\",\"inLanguage\":\"tr\",\"@id\":\"https:\\\/\\\/haberkuzey.com\\\/index.php\\\/2026\\\/03\\\/13\\\/aktunc-guney-kibris-turizminin-yasadigi-kadar-buyuk-darbe-almadik-ancak-simdilik-avantaj-da-yaratamadik\\\/#primaryimage\",\"url\":\"https:\\\/\\\/haberkuzey.com\\\/wp-content\\\/uploads\\\/2026\\\/03\\\/IMG_8134.webp.webp\",\"contentUrl\":\"https:\\\/\\\/haberkuzey.com\\\/wp-content\\\/uploads\\\/2026\\\/03\\\/IMG_8134.webp.webp\",\"width\":971,\"height\":551},{\"@type\":\"BreadcrumbList\",\"@id\":\"https:\\\/\\\/haberkuzey.com\\\/index.php\\\/2026\\\/03\\\/13\\\/aktunc-guney-kibris-turizminin-yasadigi-kadar-buyuk-darbe-almadik-ancak-simdilik-avantaj-da-yaratamadik\\\/#breadcrumb\",\"itemListElement\":[{\"@type\":\"ListItem\",\"position\":1,\"name\":\"Anasayfa\",\"item\":\"https:\\\/\\\/haberkuzey.com\\\/\"},{\"@type\":\"ListItem\",\"position\":2,\"name\":\"Aktun\u00e7: G\u00fcney K\u0131br\u0131s turizminin ya\u015fad\u0131\u011f\u0131 kadar b\u00fcy\u00fck darbe almad\u0131k, ancak \u015fimdilik avantaj da yaratamad\u0131k\"}]},{\"@type\":\"WebSite\",\"@id\":\"https:\\\/\\\/haberkuzey.com\\\/#website\",\"url\":\"https:\\\/\\\/haberkuzey.com\\\/\",\"name\":\"Haber Kuzey\",\"description\":\"Do\u011fru Haberin Adresi\",\"potentialAction\":[{\"@type\":\"SearchAction\",\"target\":{\"@type\":\"EntryPoint\",\"urlTemplate\":\"https:\\\/\\\/haberkuzey.com\\\/?s={search_term_string}\"},\"query-input\":{\"@type\":\"PropertyValueSpecification\",\"valueRequired\":true,\"valueName\":\"search_term_string\"}}],\"inLanguage\":\"tr\"},{\"@type\":\"Person\",\"@id\":\"https:\\\/\\\/haberkuzey.com\\\/#\\\/schema\\\/person\\\/3372109ec735f9333f4fa47ebb9605ca\",\"name\":\"haberkuzey\",\"image\":{\"@type\":\"ImageObject\",\"inLanguage\":\"tr\",\"@id\":\"https:\\\/\\\/secure.gravatar.com\\\/avatar\\\/f5fc875574b1575324358c3b9e6a32b8227aa5b74f3fa22e3cadb63e26fcc39c?s=96&d=mm&r=g\",\"url\":\"https:\\\/\\\/secure.gravatar.com\\\/avatar\\\/f5fc875574b1575324358c3b9e6a32b8227aa5b74f3fa22e3cadb63e26fcc39c?s=96&d=mm&r=g\",\"contentUrl\":\"https:\\\/\\\/secure.gravatar.com\\\/avatar\\\/f5fc875574b1575324358c3b9e6a32b8227aa5b74f3fa22e3cadb63e26fcc39c?s=96&d=mm&r=g\",\"caption\":\"haberkuzey\"},\"sameAs\":[\"https:\\\/\\\/haberkuzey.com\"],\"url\":\"https:\\\/\\\/haberkuzey.com\\\/index.php\\\/author\\\/haberkuzey\\\/\"}]}<\/script>\n<!-- \/ Yoast SEO plugin. -->","yoast_head_json":{"title":"Aktun\u00e7: G\u00fcney K\u0131br\u0131s turizminin ya\u015fad\u0131\u011f\u0131 kadar b\u00fcy\u00fck darbe almad\u0131k, ancak \u015fimdilik avantaj da yaratamad\u0131k - Haber Kuzey","robots":{"index":"index","follow":"follow","max-snippet":"max-snippet:-1","max-image-preview":"max-image-preview:large","max-video-preview":"max-video-preview:-1"},"canonical":"https:\/\/haberkuzey.com\/index.php\/2026\/03\/13\/aktunc-guney-kibris-turizminin-yasadigi-kadar-buyuk-darbe-almadik-ancak-simdilik-avantaj-da-yaratamadik\/","og_locale":"tr_TR","og_type":"article","og_title":"Aktun\u00e7: G\u00fcney K\u0131br\u0131s turizminin ya\u015fad\u0131\u011f\u0131 kadar b\u00fcy\u00fck darbe almad\u0131k, ancak \u015fimdilik avantaj da yaratamad\u0131k - Haber Kuzey","og_description":"Turizm Bakanl\u0131\u011f\u0131 M\u00fcste\u015far\u0131 Serhan Aktun\u00e7, turizmin ekonomik ve siyasi geli\u015fmelerden h\u0131zl\u0131 etkilenen k\u0131r\u0131lgan bir sekt\u00f6r oldu\u011funu ifade etti. Aktun\u00e7, \u00f6zellikle g\u00fcvenlik, \u00e7at\u0131\u015fma ve sava\u015f gibi risklerin turistlerin tatil tercihlerinde belirleyici rol oynad\u0131\u011f\u0131n\u0131 vurgulad\u0131. M\u00fcste\u015far, turistlerin \u00f6ncelikle g\u00fcvenli\u011fi, ard\u0131ndan fiyat ve hizmet kalitesini de\u011ferlendirdi\u011fini belirterek, \u00fclkemizin do\u011frudan sava\u015f i\u00e7inde olmamas\u0131na ra\u011fmen b\u00f6lgesel risklerden pay ald\u0131\u011f\u0131n\u0131 kaydetti. [&hellip;]","og_url":"https:\/\/haberkuzey.com\/index.php\/2026\/03\/13\/aktunc-guney-kibris-turizminin-yasadigi-kadar-buyuk-darbe-almadik-ancak-simdilik-avantaj-da-yaratamadik\/","og_site_name":"Haber Kuzey","article_published_time":"2026-03-13T17:31:30+00:00","author":"haberkuzey","twitter_card":"summary_large_image","twitter_misc":{"Yazan:":"haberkuzey","Tahmini okuma s\u00fcresi":"4 dakika"},"schema":{"@context":"https:\/\/schema.org","@graph":[{"@type":"Article","@id":"https:\/\/haberkuzey.com\/index.php\/2026\/03\/13\/aktunc-guney-kibris-turizminin-yasadigi-kadar-buyuk-darbe-almadik-ancak-simdilik-avantaj-da-yaratamadik\/#article","isPartOf":{"@id":"https:\/\/haberkuzey.com\/index.php\/2026\/03\/13\/aktunc-guney-kibris-turizminin-yasadigi-kadar-buyuk-darbe-almadik-ancak-simdilik-avantaj-da-yaratamadik\/"},"author":{"name":"haberkuzey","@id":"https:\/\/haberkuzey.com\/#\/schema\/person\/3372109ec735f9333f4fa47ebb9605ca"},"headline":"Aktun\u00e7: G\u00fcney K\u0131br\u0131s turizminin ya\u015fad\u0131\u011f\u0131 kadar b\u00fcy\u00fck darbe almad\u0131k, ancak \u015fimdilik avantaj da yaratamad\u0131k","datePublished":"2026-03-13T17:31:30+00:00","mainEntityOfPage":{"@id":"https:\/\/haberkuzey.com\/index.php\/2026\/03\/13\/aktunc-guney-kibris-turizminin-yasadigi-kadar-buyuk-darbe-almadik-ancak-simdilik-avantaj-da-yaratamadik\/"},"wordCount":916,"commentCount":0,"image":{"@id":"https:\/\/haberkuzey.com\/index.php\/2026\/03\/13\/aktunc-guney-kibris-turizminin-yasadigi-kadar-buyuk-darbe-almadik-ancak-simdilik-avantaj-da-yaratamadik\/#primaryimage"},"thumbnailUrl":"https:\/\/haberkuzey.com\/wp-content\/uploads\/2026\/03\/IMG_8134.webp.webp","articleSection":["K\u0131br\u0131s"],"inLanguage":"tr","potentialAction":[{"@type":"CommentAction","name":"Comment","target":["https:\/\/haberkuzey.com\/index.php\/2026\/03\/13\/aktunc-guney-kibris-turizminin-yasadigi-kadar-buyuk-darbe-almadik-ancak-simdilik-avantaj-da-yaratamadik\/#respond"]}]},{"@type":"WebPage","@id":"https:\/\/haberkuzey.com\/index.php\/2026\/03\/13\/aktunc-guney-kibris-turizminin-yasadigi-kadar-buyuk-darbe-almadik-ancak-simdilik-avantaj-da-yaratamadik\/","url":"https:\/\/haberkuzey.com\/index.php\/2026\/03\/13\/aktunc-guney-kibris-turizminin-yasadigi-kadar-buyuk-darbe-almadik-ancak-simdilik-avantaj-da-yaratamadik\/","name":"Aktun\u00e7: G\u00fcney K\u0131br\u0131s turizminin ya\u015fad\u0131\u011f\u0131 kadar b\u00fcy\u00fck darbe almad\u0131k, ancak \u015fimdilik avantaj da yaratamad\u0131k - Haber Kuzey","isPartOf":{"@id":"https:\/\/haberkuzey.com\/#website"},"primaryImageOfPage":{"@id":"https:\/\/haberkuzey.com\/index.php\/2026\/03\/13\/aktunc-guney-kibris-turizminin-yasadigi-kadar-buyuk-darbe-almadik-ancak-simdilik-avantaj-da-yaratamadik\/#primaryimage"},"image":{"@id":"https:\/\/haberkuzey.com\/index.php\/2026\/03\/13\/aktunc-guney-kibris-turizminin-yasadigi-kadar-buyuk-darbe-almadik-ancak-simdilik-avantaj-da-yaratamadik\/#primaryimage"},"thumbnailUrl":"https:\/\/haberkuzey.com\/wp-content\/uploads\/2026\/03\/IMG_8134.webp.webp","datePublished":"2026-03-13T17:31:30+00:00","author":{"@id":"https:\/\/haberkuzey.com\/#\/schema\/person\/3372109ec735f9333f4fa47ebb9605ca"},"breadcrumb":{"@id":"https:\/\/haberkuzey.com\/index.php\/2026\/03\/13\/aktunc-guney-kibris-turizminin-yasadigi-kadar-buyuk-darbe-almadik-ancak-simdilik-avantaj-da-yaratamadik\/#breadcrumb"},"inLanguage":"tr","potentialAction":[{"@type":"ReadAction","target":["https:\/\/haberkuzey.com\/index.php\/2026\/03\/13\/aktunc-guney-kibris-turizminin-yasadigi-kadar-buyuk-darbe-almadik-ancak-simdilik-avantaj-da-yaratamadik\/"]}]},{"@type":"ImageObject","inLanguage":"tr","@id":"https:\/\/haberkuzey.com\/index.php\/2026\/03\/13\/aktunc-guney-kibris-turizminin-yasadigi-kadar-buyuk-darbe-almadik-ancak-simdilik-avantaj-da-yaratamadik\/#primaryimage","url":"https:\/\/haberkuzey.com\/wp-content\/uploads\/2026\/03\/IMG_8134.webp.webp","contentUrl":"https:\/\/haberkuzey.com\/wp-content\/uploads\/2026\/03\/IMG_8134.webp.webp","width":971,"height":551},{"@type":"BreadcrumbList","@id":"https:\/\/haberkuzey.com\/index.php\/2026\/03\/13\/aktunc-guney-kibris-turizminin-yasadigi-kadar-buyuk-darbe-almadik-ancak-simdilik-avantaj-da-yaratamadik\/#breadcrumb","itemListElement":[{"@type":"ListItem","position":1,"name":"Anasayfa","item":"https:\/\/haberkuzey.com\/"},{"@type":"ListItem","position":2,"name":"Aktun\u00e7: G\u00fcney K\u0131br\u0131s turizminin ya\u015fad\u0131\u011f\u0131 kadar b\u00fcy\u00fck darbe almad\u0131k, ancak \u015fimdilik avantaj da yaratamad\u0131k"}]},{"@type":"WebSite","@id":"https:\/\/haberkuzey.com\/#website","url":"https:\/\/haberkuzey.com\/","name":"Haber Kuzey","description":"Do\u011fru Haberin Adresi","potentialAction":[{"@type":"SearchAction","target":{"@type":"EntryPoint","urlTemplate":"https:\/\/haberkuzey.com\/?s={search_term_string}"},"query-input":{"@type":"PropertyValueSpecification","valueRequired":true,"valueName":"search_term_string"}}],"inLanguage":"tr"},{"@type":"Person","@id":"https:\/\/haberkuzey.com\/#\/schema\/person\/3372109ec735f9333f4fa47ebb9605ca","name":"haberkuzey","image":{"@type":"ImageObject","inLanguage":"tr","@id":"https:\/\/secure.gravatar.com\/avatar\/f5fc875574b1575324358c3b9e6a32b8227aa5b74f3fa22e3cadb63e26fcc39c?s=96&d=mm&r=g","url":"https:\/\/secure.gravatar.com\/avatar\/f5fc875574b1575324358c3b9e6a32b8227aa5b74f3fa22e3cadb63e26fcc39c?s=96&d=mm&r=g","contentUrl":"https:\/\/secure.gravatar.com\/avatar\/f5fc875574b1575324358c3b9e6a32b8227aa5b74f3fa22e3cadb63e26fcc39c?s=96&d=mm&r=g","caption":"haberkuzey"},"sameAs":["https:\/\/haberkuzey.com"],"url":"https:\/\/haberkuzey.com\/index.php\/author\/haberkuzey\/"}]}},"_links":{"self":[{"href":"https:\/\/haberkuzey.com\/index.php\/wp-json\/wp\/v2\/posts\/35234","targetHints":{"allow":["GET"]}}],"collection":[{"href":"https:\/\/haberkuzey.com\/index.php\/wp-json\/wp\/v2\/posts"}],"about":[{"href":"https:\/\/haberkuzey.com\/index.php\/wp-json\/wp\/v2\/types\/post"}],"author":[{"embeddable":true,"href":"https:\/\/haberkuzey.com\/index.php\/wp-json\/wp\/v2\/users\/1"}],"replies":[{"embeddable":true,"href":"https:\/\/haberkuzey.com\/index.php\/wp-json\/wp\/v2\/comments?post=35234"}],"version-history":[{"count":0,"href":"https:\/\/haberkuzey.com\/index.php\/wp-json\/wp\/v2\/posts\/35234\/revisions"}],"wp:featuredmedia":[{"embeddable":true,"href":"https:\/\/haberkuzey.com\/index.php\/wp-json\/wp\/v2\/media\/35235"}],"wp:attachment":[{"href":"https:\/\/haberkuzey.com\/index.php\/wp-json\/wp\/v2\/media?parent=35234"}],"wp:term":[{"taxonomy":"category","embeddable":true,"href":"https:\/\/haberkuzey.com\/index.php\/wp-json\/wp\/v2\/categories?post=35234"},{"taxonomy":"post_tag","embeddable":true,"href":"https:\/\/haberkuzey.com\/index.php\/wp-json\/wp\/v2\/tags?post=35234"}],"curies":[{"name":"wp","href":"https:\/\/api.w.org\/{rel}","templated":true}]}}