{"id":35232,"date":"2026-03-13T17:22:53","date_gmt":"2026-03-13T15:22:53","guid":{"rendered":"https:\/\/haberkuzey.com\/index.php\/2026\/03\/13\/ulke-ciddi-bir-mali-krizin-esiginde\/"},"modified":"2026-03-13T17:22:53","modified_gmt":"2026-03-13T15:22:53","slug":"ulke-ciddi-bir-mali-krizin-esiginde","status":"publish","type":"post","link":"https:\/\/haberkuzey.com\/index.php\/2026\/03\/13\/ulke-ciddi-bir-mali-krizin-esiginde\/","title":{"rendered":"\u00dclke ciddi bir mali krizin e\u015fi\u011finde"},"content":{"rendered":"<p>\u00d6zersay, son d\u00f6nemde yap\u0131lan akaryak\u0131t zamlar\u0131n\u0131n d\u00fcnya petrol fiyatlar\u0131ndaki dalgalanman\u0131n \u00fczerinde oldu\u011funu savunarak bunun hayat pahal\u0131l\u0131\u011f\u0131n\u0131 daha da art\u0131raca\u011f\u0131n\u0131 s\u00f6yledi. Zamlar\u0131n yaln\u0131zca akaryak\u0131tla s\u0131n\u0131rl\u0131 kalmayaca\u011f\u0131n\u0131 belirten \u00d6zersay, elektrikten ta\u015f\u0131mac\u0131l\u0131\u011fa, g\u0131dadan \u00fcretim maliyetlerine kadar bir\u00e7ok alanda zincirleme etkiler yarataca\u011f\u0131n\u0131 ifade etti.<\/p>\n<p>Ekonomi y\u00f6netimine y\u00f6nelik ele\u015ftirilerde bulunan \u00d6zersay, \u00fclkede ciddi bir mali kriz riskinin olu\u015ftu\u011funu savundu. H\u00fck\u00fcmetin mali politikalar\u0131nda \u00f6ng\u00f6r\u00fc eksikli\u011fi oldu\u011funu dile getiren \u00d6zersay, zamlar\u0131n planl\u0131 ve kademeli \u015fekilde yap\u0131lmas\u0131 gerekti\u011fini s\u00f6yledi.<\/p>\n<p>\u00d6zersay ayr\u0131ca b\u00fct\u00e7e y\u00f6netimine de de\u011finerek siyasi partilere yap\u0131lan devlet yard\u0131mlar\u0131n\u0131 g\u00fcndeme getirdi. Meclisteki iki b\u00fcy\u00fck partinin b\u00fct\u00e7eden y\u00fcz milyonlarca lira yard\u0131m ald\u0131\u011f\u0131n\u0131 hat\u0131rlatan \u00d6zersay, tasarruf tedbirlerinden s\u00f6z edilirken bu kalemlerin g\u00fcndeme gelmemesini ele\u015ftirdi.<\/p>\n<p>Programda uluslararas\u0131 geli\u015fmelere de de\u011finen \u00d6zersay, ABD ile \u0130ran aras\u0131ndaki gerilimin petrol fiyatlar\u0131nda dalgalanma yaratt\u0131\u011f\u0131n\u0131 belirterek bunun enerji fiyatlar\u0131 \u00fczerinden bir\u00e7ok \u00fclkeyi etkiledi\u011fini s\u00f6yledi. B\u00f6lgedeki \u00e7at\u0131\u015fma riskinin petrol piyasalar\u0131nda belirsizlik olu\u015fturdu\u011funu ifade eden \u00d6zersay, bu t\u00fcr geli\u015fmelerin ekonomik kararlar al\u0131n\u0131rken dikkatle izlenmesi gerekti\u011fini vurgulad\u0131.<\/p>\n<p>\u00dclke ciddi bir mali krizin e\u015fi\u011finde yaz\u0131s\u0131 ilk \u00f6nce K\u0131br\u0131s Hakikat \u00fczerinde ortaya \u00e7\u0131kt\u0131.<\/p>\n","protected":false},"excerpt":{"rendered":"<p>\u00d6zersay, son d\u00f6nemde yap\u0131lan akaryak\u0131t zamlar\u0131n\u0131n d\u00fcnya petrol fiyatlar\u0131ndaki dalgalanman\u0131n \u00fczerinde oldu\u011funu savunarak bunun hayat pahal\u0131l\u0131\u011f\u0131n\u0131 daha da art\u0131raca\u011f\u0131n\u0131 s\u00f6yledi. Zamlar\u0131n yaln\u0131zca akaryak\u0131tla s\u0131n\u0131rl\u0131 kalmayaca\u011f\u0131n\u0131 belirten \u00d6zersay, elektrikten ta\u015f\u0131mac\u0131l\u0131\u011fa, g\u0131dadan \u00fcretim maliyetlerine kadar bir\u00e7ok alanda zincirleme etkiler yarataca\u011f\u0131n\u0131 ifade etti. Ekonomi y\u00f6netimine y\u00f6nelik ele\u015ftirilerde bulunan \u00d6zersay, \u00fclkede ciddi bir mali kriz riskinin olu\u015ftu\u011funu savundu. H\u00fck\u00fcmetin [&hellip;]<\/p>\n","protected":false},"author":1,"featured_media":35233,"comment_status":"open","ping_status":"open","sticky":false,"template":"","format":"standard","meta":{"jnews-multi-image_gallery":[],"jnews_single_post":[],"jnews_primary_category":[],"footnotes":""},"categories":[1],"tags":[],"class_list":["post-35232","post","type-post","status-publish","format-standard","has-post-thumbnail","hentry","category-kibris"],"yoast_head":"<!-- This site is optimized with the Yoast SEO plugin v27.5 - https:\/\/yoast.com\/product\/yoast-seo-wordpress\/ -->\n<title>\u00dclke ciddi bir mali krizin e\u015fi\u011finde - Haber Kuzey<\/title>\n<meta name=\"robots\" content=\"index, follow, max-snippet:-1, max-image-preview:large, max-video-preview:-1\" \/>\n<link rel=\"canonical\" href=\"https:\/\/haberkuzey.com\/index.php\/2026\/03\/13\/ulke-ciddi-bir-mali-krizin-esiginde\/\" \/>\n<meta property=\"og:locale\" content=\"tr_TR\" \/>\n<meta property=\"og:type\" content=\"article\" \/>\n<meta property=\"og:title\" content=\"\u00dclke ciddi bir mali krizin e\u015fi\u011finde - Haber Kuzey\" \/>\n<meta property=\"og:description\" content=\"\u00d6zersay, son d\u00f6nemde yap\u0131lan akaryak\u0131t zamlar\u0131n\u0131n d\u00fcnya petrol fiyatlar\u0131ndaki dalgalanman\u0131n \u00fczerinde oldu\u011funu savunarak bunun hayat pahal\u0131l\u0131\u011f\u0131n\u0131 daha da art\u0131raca\u011f\u0131n\u0131 s\u00f6yledi. Zamlar\u0131n yaln\u0131zca akaryak\u0131tla s\u0131n\u0131rl\u0131 kalmayaca\u011f\u0131n\u0131 belirten \u00d6zersay, elektrikten ta\u015f\u0131mac\u0131l\u0131\u011fa, g\u0131dadan \u00fcretim maliyetlerine kadar bir\u00e7ok alanda zincirleme etkiler yarataca\u011f\u0131n\u0131 ifade etti. Ekonomi y\u00f6netimine y\u00f6nelik ele\u015ftirilerde bulunan \u00d6zersay, \u00fclkede ciddi bir mali kriz riskinin olu\u015ftu\u011funu savundu. H\u00fck\u00fcmetin [&hellip;]\" \/>\n<meta property=\"og:url\" content=\"https:\/\/haberkuzey.com\/index.php\/2026\/03\/13\/ulke-ciddi-bir-mali-krizin-esiginde\/\" \/>\n<meta property=\"og:site_name\" content=\"Haber Kuzey\" \/>\n<meta property=\"article:published_time\" content=\"2026-03-13T15:22:53+00:00\" \/>\n<meta name=\"author\" content=\"haberkuzey\" \/>\n<meta name=\"twitter:card\" content=\"summary_large_image\" \/>\n<meta name=\"twitter:label1\" content=\"Yazan:\" \/>\n\t<meta name=\"twitter:data1\" content=\"haberkuzey\" \/>\n\t<meta name=\"twitter:label2\" content=\"Tahmini okuma s\u00fcresi\" \/>\n\t<meta name=\"twitter:data2\" content=\"1 dakika\" \/>\n<script type=\"application\/ld+json\" class=\"yoast-schema-graph\">{\"@context\":\"https:\\\/\\\/schema.org\",\"@graph\":[{\"@type\":\"Article\",\"@id\":\"https:\\\/\\\/haberkuzey.com\\\/index.php\\\/2026\\\/03\\\/13\\\/ulke-ciddi-bir-mali-krizin-esiginde\\\/#article\",\"isPartOf\":{\"@id\":\"https:\\\/\\\/haberkuzey.com\\\/index.php\\\/2026\\\/03\\\/13\\\/ulke-ciddi-bir-mali-krizin-esiginde\\\/\"},\"author\":{\"name\":\"haberkuzey\",\"@id\":\"https:\\\/\\\/haberkuzey.com\\\/#\\\/schema\\\/person\\\/3372109ec735f9333f4fa47ebb9605ca\"},\"headline\":\"\u00dclke ciddi bir mali krizin e\u015fi\u011finde\",\"datePublished\":\"2026-03-13T15:22:53+00:00\",\"mainEntityOfPage\":{\"@id\":\"https:\\\/\\\/haberkuzey.com\\\/index.php\\\/2026\\\/03\\\/13\\\/ulke-ciddi-bir-mali-krizin-esiginde\\\/\"},\"wordCount\":255,\"commentCount\":0,\"image\":{\"@id\":\"https:\\\/\\\/haberkuzey.com\\\/index.php\\\/2026\\\/03\\\/13\\\/ulke-ciddi-bir-mali-krizin-esiginde\\\/#primaryimage\"},\"thumbnailUrl\":\"https:\\\/\\\/haberkuzey.com\\\/wp-content\\\/uploads\\\/2026\\\/03\\\/Sari-ve-Beyaz-Dinamik-Dogru-Zaman-YouTube-Kucuk-Resmi-2.png\",\"articleSection\":[\"K\u0131br\u0131s\"],\"inLanguage\":\"tr\",\"potentialAction\":[{\"@type\":\"CommentAction\",\"name\":\"Comment\",\"target\":[\"https:\\\/\\\/haberkuzey.com\\\/index.php\\\/2026\\\/03\\\/13\\\/ulke-ciddi-bir-mali-krizin-esiginde\\\/#respond\"]}]},{\"@type\":\"WebPage\",\"@id\":\"https:\\\/\\\/haberkuzey.com\\\/index.php\\\/2026\\\/03\\\/13\\\/ulke-ciddi-bir-mali-krizin-esiginde\\\/\",\"url\":\"https:\\\/\\\/haberkuzey.com\\\/index.php\\\/2026\\\/03\\\/13\\\/ulke-ciddi-bir-mali-krizin-esiginde\\\/\",\"name\":\"\u00dclke ciddi bir mali krizin e\u015fi\u011finde - Haber Kuzey\",\"isPartOf\":{\"@id\":\"https:\\\/\\\/haberkuzey.com\\\/#website\"},\"primaryImageOfPage\":{\"@id\":\"https:\\\/\\\/haberkuzey.com\\\/index.php\\\/2026\\\/03\\\/13\\\/ulke-ciddi-bir-mali-krizin-esiginde\\\/#primaryimage\"},\"image\":{\"@id\":\"https:\\\/\\\/haberkuzey.com\\\/index.php\\\/2026\\\/03\\\/13\\\/ulke-ciddi-bir-mali-krizin-esiginde\\\/#primaryimage\"},\"thumbnailUrl\":\"https:\\\/\\\/haberkuzey.com\\\/wp-content\\\/uploads\\\/2026\\\/03\\\/Sari-ve-Beyaz-Dinamik-Dogru-Zaman-YouTube-Kucuk-Resmi-2.png\",\"datePublished\":\"2026-03-13T15:22:53+00:00\",\"author\":{\"@id\":\"https:\\\/\\\/haberkuzey.com\\\/#\\\/schema\\\/person\\\/3372109ec735f9333f4fa47ebb9605ca\"},\"breadcrumb\":{\"@id\":\"https:\\\/\\\/haberkuzey.com\\\/index.php\\\/2026\\\/03\\\/13\\\/ulke-ciddi-bir-mali-krizin-esiginde\\\/#breadcrumb\"},\"inLanguage\":\"tr\",\"potentialAction\":[{\"@type\":\"ReadAction\",\"target\":[\"https:\\\/\\\/haberkuzey.com\\\/index.php\\\/2026\\\/03\\\/13\\\/ulke-ciddi-bir-mali-krizin-esiginde\\\/\"]}]},{\"@type\":\"ImageObject\",\"inLanguage\":\"tr\",\"@id\":\"https:\\\/\\\/haberkuzey.com\\\/index.php\\\/2026\\\/03\\\/13\\\/ulke-ciddi-bir-mali-krizin-esiginde\\\/#primaryimage\",\"url\":\"https:\\\/\\\/haberkuzey.com\\\/wp-content\\\/uploads\\\/2026\\\/03\\\/Sari-ve-Beyaz-Dinamik-Dogru-Zaman-YouTube-Kucuk-Resmi-2.png\",\"contentUrl\":\"https:\\\/\\\/haberkuzey.com\\\/wp-content\\\/uploads\\\/2026\\\/03\\\/Sari-ve-Beyaz-Dinamik-Dogru-Zaman-YouTube-Kucuk-Resmi-2.png\",\"width\":1280,\"height\":720},{\"@type\":\"BreadcrumbList\",\"@id\":\"https:\\\/\\\/haberkuzey.com\\\/index.php\\\/2026\\\/03\\\/13\\\/ulke-ciddi-bir-mali-krizin-esiginde\\\/#breadcrumb\",\"itemListElement\":[{\"@type\":\"ListItem\",\"position\":1,\"name\":\"Anasayfa\",\"item\":\"https:\\\/\\\/haberkuzey.com\\\/\"},{\"@type\":\"ListItem\",\"position\":2,\"name\":\"\u00dclke ciddi bir mali krizin e\u015fi\u011finde\"}]},{\"@type\":\"WebSite\",\"@id\":\"https:\\\/\\\/haberkuzey.com\\\/#website\",\"url\":\"https:\\\/\\\/haberkuzey.com\\\/\",\"name\":\"Haber Kuzey\",\"description\":\"Do\u011fru Haberin Adresi\",\"potentialAction\":[{\"@type\":\"SearchAction\",\"target\":{\"@type\":\"EntryPoint\",\"urlTemplate\":\"https:\\\/\\\/haberkuzey.com\\\/?s={search_term_string}\"},\"query-input\":{\"@type\":\"PropertyValueSpecification\",\"valueRequired\":true,\"valueName\":\"search_term_string\"}}],\"inLanguage\":\"tr\"},{\"@type\":\"Person\",\"@id\":\"https:\\\/\\\/haberkuzey.com\\\/#\\\/schema\\\/person\\\/3372109ec735f9333f4fa47ebb9605ca\",\"name\":\"haberkuzey\",\"image\":{\"@type\":\"ImageObject\",\"inLanguage\":\"tr\",\"@id\":\"https:\\\/\\\/secure.gravatar.com\\\/avatar\\\/f5fc875574b1575324358c3b9e6a32b8227aa5b74f3fa22e3cadb63e26fcc39c?s=96&d=mm&r=g\",\"url\":\"https:\\\/\\\/secure.gravatar.com\\\/avatar\\\/f5fc875574b1575324358c3b9e6a32b8227aa5b74f3fa22e3cadb63e26fcc39c?s=96&d=mm&r=g\",\"contentUrl\":\"https:\\\/\\\/secure.gravatar.com\\\/avatar\\\/f5fc875574b1575324358c3b9e6a32b8227aa5b74f3fa22e3cadb63e26fcc39c?s=96&d=mm&r=g\",\"caption\":\"haberkuzey\"},\"sameAs\":[\"https:\\\/\\\/haberkuzey.com\"],\"url\":\"https:\\\/\\\/haberkuzey.com\\\/index.php\\\/author\\\/haberkuzey\\\/\"}]}<\/script>\n<!-- \/ Yoast SEO plugin. -->","yoast_head_json":{"title":"\u00dclke ciddi bir mali krizin e\u015fi\u011finde - Haber Kuzey","robots":{"index":"index","follow":"follow","max-snippet":"max-snippet:-1","max-image-preview":"max-image-preview:large","max-video-preview":"max-video-preview:-1"},"canonical":"https:\/\/haberkuzey.com\/index.php\/2026\/03\/13\/ulke-ciddi-bir-mali-krizin-esiginde\/","og_locale":"tr_TR","og_type":"article","og_title":"\u00dclke ciddi bir mali krizin e\u015fi\u011finde - Haber Kuzey","og_description":"\u00d6zersay, son d\u00f6nemde yap\u0131lan akaryak\u0131t zamlar\u0131n\u0131n d\u00fcnya petrol fiyatlar\u0131ndaki dalgalanman\u0131n \u00fczerinde oldu\u011funu savunarak bunun hayat pahal\u0131l\u0131\u011f\u0131n\u0131 daha da art\u0131raca\u011f\u0131n\u0131 s\u00f6yledi. Zamlar\u0131n yaln\u0131zca akaryak\u0131tla s\u0131n\u0131rl\u0131 kalmayaca\u011f\u0131n\u0131 belirten \u00d6zersay, elektrikten ta\u015f\u0131mac\u0131l\u0131\u011fa, g\u0131dadan \u00fcretim maliyetlerine kadar bir\u00e7ok alanda zincirleme etkiler yarataca\u011f\u0131n\u0131 ifade etti. Ekonomi y\u00f6netimine y\u00f6nelik ele\u015ftirilerde bulunan \u00d6zersay, \u00fclkede ciddi bir mali kriz riskinin olu\u015ftu\u011funu savundu. H\u00fck\u00fcmetin [&hellip;]","og_url":"https:\/\/haberkuzey.com\/index.php\/2026\/03\/13\/ulke-ciddi-bir-mali-krizin-esiginde\/","og_site_name":"Haber Kuzey","article_published_time":"2026-03-13T15:22:53+00:00","author":"haberkuzey","twitter_card":"summary_large_image","twitter_misc":{"Yazan:":"haberkuzey","Tahmini okuma s\u00fcresi":"1 dakika"},"schema":{"@context":"https:\/\/schema.org","@graph":[{"@type":"Article","@id":"https:\/\/haberkuzey.com\/index.php\/2026\/03\/13\/ulke-ciddi-bir-mali-krizin-esiginde\/#article","isPartOf":{"@id":"https:\/\/haberkuzey.com\/index.php\/2026\/03\/13\/ulke-ciddi-bir-mali-krizin-esiginde\/"},"author":{"name":"haberkuzey","@id":"https:\/\/haberkuzey.com\/#\/schema\/person\/3372109ec735f9333f4fa47ebb9605ca"},"headline":"\u00dclke ciddi bir mali krizin e\u015fi\u011finde","datePublished":"2026-03-13T15:22:53+00:00","mainEntityOfPage":{"@id":"https:\/\/haberkuzey.com\/index.php\/2026\/03\/13\/ulke-ciddi-bir-mali-krizin-esiginde\/"},"wordCount":255,"commentCount":0,"image":{"@id":"https:\/\/haberkuzey.com\/index.php\/2026\/03\/13\/ulke-ciddi-bir-mali-krizin-esiginde\/#primaryimage"},"thumbnailUrl":"https:\/\/haberkuzey.com\/wp-content\/uploads\/2026\/03\/Sari-ve-Beyaz-Dinamik-Dogru-Zaman-YouTube-Kucuk-Resmi-2.png","articleSection":["K\u0131br\u0131s"],"inLanguage":"tr","potentialAction":[{"@type":"CommentAction","name":"Comment","target":["https:\/\/haberkuzey.com\/index.php\/2026\/03\/13\/ulke-ciddi-bir-mali-krizin-esiginde\/#respond"]}]},{"@type":"WebPage","@id":"https:\/\/haberkuzey.com\/index.php\/2026\/03\/13\/ulke-ciddi-bir-mali-krizin-esiginde\/","url":"https:\/\/haberkuzey.com\/index.php\/2026\/03\/13\/ulke-ciddi-bir-mali-krizin-esiginde\/","name":"\u00dclke ciddi bir mali krizin e\u015fi\u011finde - Haber Kuzey","isPartOf":{"@id":"https:\/\/haberkuzey.com\/#website"},"primaryImageOfPage":{"@id":"https:\/\/haberkuzey.com\/index.php\/2026\/03\/13\/ulke-ciddi-bir-mali-krizin-esiginde\/#primaryimage"},"image":{"@id":"https:\/\/haberkuzey.com\/index.php\/2026\/03\/13\/ulke-ciddi-bir-mali-krizin-esiginde\/#primaryimage"},"thumbnailUrl":"https:\/\/haberkuzey.com\/wp-content\/uploads\/2026\/03\/Sari-ve-Beyaz-Dinamik-Dogru-Zaman-YouTube-Kucuk-Resmi-2.png","datePublished":"2026-03-13T15:22:53+00:00","author":{"@id":"https:\/\/haberkuzey.com\/#\/schema\/person\/3372109ec735f9333f4fa47ebb9605ca"},"breadcrumb":{"@id":"https:\/\/haberkuzey.com\/index.php\/2026\/03\/13\/ulke-ciddi-bir-mali-krizin-esiginde\/#breadcrumb"},"inLanguage":"tr","potentialAction":[{"@type":"ReadAction","target":["https:\/\/haberkuzey.com\/index.php\/2026\/03\/13\/ulke-ciddi-bir-mali-krizin-esiginde\/"]}]},{"@type":"ImageObject","inLanguage":"tr","@id":"https:\/\/haberkuzey.com\/index.php\/2026\/03\/13\/ulke-ciddi-bir-mali-krizin-esiginde\/#primaryimage","url":"https:\/\/haberkuzey.com\/wp-content\/uploads\/2026\/03\/Sari-ve-Beyaz-Dinamik-Dogru-Zaman-YouTube-Kucuk-Resmi-2.png","contentUrl":"https:\/\/haberkuzey.com\/wp-content\/uploads\/2026\/03\/Sari-ve-Beyaz-Dinamik-Dogru-Zaman-YouTube-Kucuk-Resmi-2.png","width":1280,"height":720},{"@type":"BreadcrumbList","@id":"https:\/\/haberkuzey.com\/index.php\/2026\/03\/13\/ulke-ciddi-bir-mali-krizin-esiginde\/#breadcrumb","itemListElement":[{"@type":"ListItem","position":1,"name":"Anasayfa","item":"https:\/\/haberkuzey.com\/"},{"@type":"ListItem","position":2,"name":"\u00dclke ciddi bir mali krizin e\u015fi\u011finde"}]},{"@type":"WebSite","@id":"https:\/\/haberkuzey.com\/#website","url":"https:\/\/haberkuzey.com\/","name":"Haber Kuzey","description":"Do\u011fru Haberin Adresi","potentialAction":[{"@type":"SearchAction","target":{"@type":"EntryPoint","urlTemplate":"https:\/\/haberkuzey.com\/?s={search_term_string}"},"query-input":{"@type":"PropertyValueSpecification","valueRequired":true,"valueName":"search_term_string"}}],"inLanguage":"tr"},{"@type":"Person","@id":"https:\/\/haberkuzey.com\/#\/schema\/person\/3372109ec735f9333f4fa47ebb9605ca","name":"haberkuzey","image":{"@type":"ImageObject","inLanguage":"tr","@id":"https:\/\/secure.gravatar.com\/avatar\/f5fc875574b1575324358c3b9e6a32b8227aa5b74f3fa22e3cadb63e26fcc39c?s=96&d=mm&r=g","url":"https:\/\/secure.gravatar.com\/avatar\/f5fc875574b1575324358c3b9e6a32b8227aa5b74f3fa22e3cadb63e26fcc39c?s=96&d=mm&r=g","contentUrl":"https:\/\/secure.gravatar.com\/avatar\/f5fc875574b1575324358c3b9e6a32b8227aa5b74f3fa22e3cadb63e26fcc39c?s=96&d=mm&r=g","caption":"haberkuzey"},"sameAs":["https:\/\/haberkuzey.com"],"url":"https:\/\/haberkuzey.com\/index.php\/author\/haberkuzey\/"}]}},"_links":{"self":[{"href":"https:\/\/haberkuzey.com\/index.php\/wp-json\/wp\/v2\/posts\/35232","targetHints":{"allow":["GET"]}}],"collection":[{"href":"https:\/\/haberkuzey.com\/index.php\/wp-json\/wp\/v2\/posts"}],"about":[{"href":"https:\/\/haberkuzey.com\/index.php\/wp-json\/wp\/v2\/types\/post"}],"author":[{"embeddable":true,"href":"https:\/\/haberkuzey.com\/index.php\/wp-json\/wp\/v2\/users\/1"}],"replies":[{"embeddable":true,"href":"https:\/\/haberkuzey.com\/index.php\/wp-json\/wp\/v2\/comments?post=35232"}],"version-history":[{"count":0,"href":"https:\/\/haberkuzey.com\/index.php\/wp-json\/wp\/v2\/posts\/35232\/revisions"}],"wp:featuredmedia":[{"embeddable":true,"href":"https:\/\/haberkuzey.com\/index.php\/wp-json\/wp\/v2\/media\/35233"}],"wp:attachment":[{"href":"https:\/\/haberkuzey.com\/index.php\/wp-json\/wp\/v2\/media?parent=35232"}],"wp:term":[{"taxonomy":"category","embeddable":true,"href":"https:\/\/haberkuzey.com\/index.php\/wp-json\/wp\/v2\/categories?post=35232"},{"taxonomy":"post_tag","embeddable":true,"href":"https:\/\/haberkuzey.com\/index.php\/wp-json\/wp\/v2\/tags?post=35232"}],"curies":[{"name":"wp","href":"https:\/\/api.w.org\/{rel}","templated":true}]}}