{"id":35230,"date":"2026-03-13T16:02:41","date_gmt":"2026-03-13T14:02:41","guid":{"rendered":"https:\/\/haberkuzey.com\/index.php\/2026\/03\/13\/baglikoy-direnisinin-61-yil-donumu-toreni-bu-topraklarin-vatan-kalmasi-icin-buyuk-mucadele-verildi\/"},"modified":"2026-03-13T16:02:41","modified_gmt":"2026-03-13T14:02:41","slug":"baglikoy-direnisinin-61-yil-donumu-toreni-bu-topraklarin-vatan-kalmasi-icin-buyuk-mucadele-verildi","status":"publish","type":"post","link":"https:\/\/haberkuzey.com\/index.php\/2026\/03\/13\/baglikoy-direnisinin-61-yil-donumu-toreni-bu-topraklarin-vatan-kalmasi-icin-buyuk-mucadele-verildi\/","title":{"rendered":"Ba\u011fl\u0131k\u00f6y Direni\u015fi\u2019nin 61. y\u0131l d\u00f6n\u00fcm\u00fc t\u00f6reni: Bu topraklar\u0131n vatan kalmas\u0131 i\u00e7in b\u00fcy\u00fck m\u00fccadele verildi"},"content":{"rendered":"<p>Ba\u011fl\u0131k\u00f6y Direni\u015fi\u2019nin 61. y\u0131l d\u00f6n\u00fcm\u00fc ve direni\u015fte \u015fehit d\u00fc\u015fenler i\u00e7in Ba\u011fl\u0131k\u00f6y \u015eehitli\u011fi&#8217;nde t\u00f6ren d\u00fczenlendi.<\/p>\n<p>Meclis Ba\u015fkan\u0131 Ziya \u00d6zt\u00fcrkler ve baz\u0131 milletvekillerinin kat\u0131ld\u0131\u011f\u0131 t\u00f6ren, protokol s\u0131ras\u0131na g\u00f6re \u00e7elenklerin \u015fehitli\u011fe sunulmas\u0131yla ba\u015flad\u0131. Ard\u0131ndan sayg\u0131 duru\u015fu, sayg\u0131 at\u0131\u015f\u0131 ve \u0130stiklal Mar\u015f\u0131 ile bayraklar g\u00f6ndere \u00e7ekildi. Konu\u015fmalar\u0131n ard\u0131ndan, \u015fiirler okundu.<\/p>\n<p>T\u00f6rende; Cumhuriyet Meclisi Ba\u015fkan\u0131 Ziya \u00d6zt\u00fcrkler , \u00a0Ba\u011fl\u0131k\u00f6y \u015eehitleri Tertip Komitesi Ba\u015fkan\u0131 Taner Kerimo\u011flu ile Yedidalga \u0130lkokulu \u00d6\u011fretmeni Hazal Canbolat birer konu\u015fma yapt\u0131.<\/p>\n<p><\/p>\n<p><strong>\u00d6ZT\u00dcRKLER: \u201cBA\u011eLIK\u00d6Y HALKI, BU TOPRAKLARIN VATAN KALMASI \u0130\u00c7\u0130N B\u00dcY\u00dcK M\u00dcCADELE VE \u015eEH\u0130TLER VERD\u0130\u201d<\/strong><\/p>\n<p>\u00d6zt\u00fcrkler, Ba\u011fl\u0131k\u00f6y halk\u0131n\u0131n, bu topraklar\u0131n vatan kalabilmesi, T\u00fcrk bayra\u011f\u0131n\u0131n ve K\u0131br\u0131s T\u00fcrk halk\u0131n\u0131n var olabilmesi i\u00e7in b\u00fcy\u00fck m\u00fccadele ve \u015fehitler verdi\u011fini an\u0131msatarak, b\u00f6ylesi g\u00fcnlerin ge\u00e7mi\u015fte ya\u015fananlar\u0131 hat\u0131rlamak, \u015fehitlerin emanetine ve tarihe sahip \u00e7\u0131kmak ad\u0131na \u00e7ok \u00f6nemli oldu\u011funu belirtti.<\/p>\n<p>K\u0131br\u0131s T\u00fcrk halk\u0131n\u0131n anavatan T\u00fcrkiye ile birlikte y\u00fcr\u00fctt\u00fc\u011f\u00fc egemen e\u015fitlik ve e\u015fit uluslararas\u0131 stat\u00fcden asla taviz verilemeyece\u011fini vurgulayan \u00d6zt\u00fcrkler, dikkatli olunmas\u0131 ve birlik beraberli\u011fin bozulmamas\u0131 gereken g\u00fcnlerden ge\u00e7ildi\u011fini s\u00f6yledi.<\/p>\n<p>Orta Do\u011fu\u2019da ve d\u00fcnyan\u0131n bir\u00e7ok yerinde ya\u015fanan sava\u015flardan dersler \u00e7\u0131kar\u0131lmas\u0131 gerekti\u011fini ifade eden \u00d6zt\u00fcrkler, G\u00fcney K\u0131br\u0131s Rum Y\u00f6netimi\u2019nin ABD ve \u0130srail\u2019le yapt\u0131\u011f\u0131 anla\u015fmalar sonucu aday\u0131 bir ate\u015f barutu haline getirdi\u011fini s\u00f6yledi. \u00d6zt\u00fcrkler, Yunanistan ve G\u00fcney K\u0131br\u0131s Rum kesiminde yap\u0131lan baz\u0131 a\u00e7\u0131klamalara da de\u011findi, \u201cT\u00fcrk askeri her zaman KKTC\u2019de vard\u0131r ve var olacakt\u0131r.\u201d diye konu\u015ftu.<\/p>\n<p>\u00d6zt\u00fcrkler, K\u0131br\u0131s T\u00fcrk\u00fc\u2019n\u00fcn anavatan T\u00fcrkiye ile toprakla, kanla, tarihle b\u00fct\u00fcnle\u015fmi\u015f kopmaz sars\u0131lmaz ba\u011flar\u0131 bulundu\u011funu hat\u0131rlatt\u0131.<\/p>\n<p><img decoding=\"async\" class=\"lazy loaded\" src=\"https:\/\/www.kibrispostasi.com\/upload\/news\/v\/v2\/v2yeniproje-2026-03-13t145156421_1773406373.jpg\" data-ll-status=\"loaded\" \/><\/p>\n<p><strong>\u201cBA\u011eLIK\u00d6Y HALKI 7\u2019DEN 70\u2019E KAHRAMANCA D\u0130REND\u0130\u201d<\/strong><\/p>\n<p>Ba\u011fl\u0131k\u00f6y \u015eehitleri T\u00f6ren Tertip Komitesi Ba\u015fkan\u0131 Taner Kerimo\u011flu ise, Ba\u011fl\u0131k\u00f6y halk\u0131n\u0131n 7\u2019den 70\u2019e, insan g\u00fcc\u00fc, silah ve cephane bak\u0131m\u0131ndan kat kat \u00fcst\u00fcn Rum sald\u0131r\u0131lar\u0131na kar\u015f\u0131 kahramanca direndi\u011fini belirterek, K\u0131br\u0131s T\u00fcrk halk\u0131n\u0131n bu adada egemen ve e\u015fit bir halk olarak varl\u0131\u011f\u0131n\u0131 \u015fehitlere bor\u00e7lu oldu\u011funu kaydetti.<\/p>\n<p>Yedidalga \u0130lkokulu \u00f6\u011fretmeni Hazal Canbolat da, Ba\u011fl\u0131k\u00f6y Direni\u015fi\u2019nin K\u0131br\u0131s T\u00fcrk halk\u0131n\u0131n varolu\u015f m\u00fccadelesinde onurlu bir yere sahip oldu\u011funu ifade ederek, bu direni\u015fin yaln\u0131zca bir k\u00f6y savunmas\u0131 de\u011fil, K\u0131br\u0131s T\u00fcrk halk\u0131n\u0131n \u00f6zg\u00fcrl\u00fc\u011f\u00fcn\u00fc, kimli\u011fini ve gelece\u011fini muhafaza etme iradesi oldu\u011funu vurgulad\u0131.<\/p>\n<p>T\u00f6ren dini vecibenin yerine getirilmesi ve \u015fehit kabirlerine \u00e7i\u00e7ek b\u0131rak\u0131lmas\u0131yla sona erdi.<\/p>\n<p>Ba\u011fl\u0131k\u00f6y Direni\u015fi\u2019nin 61. y\u0131l d\u00f6n\u00fcm\u00fc t\u00f6reni: Bu topraklar\u0131n vatan kalmas\u0131 i\u00e7in b\u00fcy\u00fck m\u00fccadele verildi yaz\u0131s\u0131 ilk \u00f6nce K\u0131br\u0131s Hakikat \u00fczerinde ortaya \u00e7\u0131kt\u0131.<\/p>\n","protected":false},"excerpt":{"rendered":"<p>Ba\u011fl\u0131k\u00f6y Direni\u015fi\u2019nin 61. y\u0131l d\u00f6n\u00fcm\u00fc ve direni\u015fte \u015fehit d\u00fc\u015fenler i\u00e7in Ba\u011fl\u0131k\u00f6y \u015eehitli\u011fi&#8217;nde t\u00f6ren d\u00fczenlendi. Meclis Ba\u015fkan\u0131 Ziya \u00d6zt\u00fcrkler ve baz\u0131 milletvekillerinin kat\u0131ld\u0131\u011f\u0131 t\u00f6ren, protokol s\u0131ras\u0131na g\u00f6re \u00e7elenklerin \u015fehitli\u011fe sunulmas\u0131yla ba\u015flad\u0131. Ard\u0131ndan sayg\u0131 duru\u015fu, sayg\u0131 at\u0131\u015f\u0131 ve \u0130stiklal Mar\u015f\u0131 ile bayraklar g\u00f6ndere \u00e7ekildi. Konu\u015fmalar\u0131n ard\u0131ndan, \u015fiirler okundu. T\u00f6rende; Cumhuriyet Meclisi Ba\u015fkan\u0131 Ziya \u00d6zt\u00fcrkler , \u00a0Ba\u011fl\u0131k\u00f6y \u015eehitleri [&hellip;]<\/p>\n","protected":false},"author":1,"featured_media":35231,"comment_status":"open","ping_status":"open","sticky":false,"template":"","format":"standard","meta":{"jnews-multi-image_gallery":[],"jnews_single_post":[],"jnews_primary_category":[],"footnotes":""},"categories":[1],"tags":[],"class_list":["post-35230","post","type-post","status-publish","format-standard","has-post-thumbnail","hentry","category-kibris"],"yoast_head":"<!-- This site is optimized with the Yoast SEO plugin v27.5 - https:\/\/yoast.com\/product\/yoast-seo-wordpress\/ -->\n<title>Ba\u011fl\u0131k\u00f6y Direni\u015fi\u2019nin 61. y\u0131l d\u00f6n\u00fcm\u00fc t\u00f6reni: Bu topraklar\u0131n vatan kalmas\u0131 i\u00e7in b\u00fcy\u00fck m\u00fccadele verildi - Haber Kuzey<\/title>\n<meta name=\"robots\" content=\"index, follow, max-snippet:-1, max-image-preview:large, max-video-preview:-1\" \/>\n<link rel=\"canonical\" href=\"https:\/\/haberkuzey.com\/index.php\/2026\/03\/13\/baglikoy-direnisinin-61-yil-donumu-toreni-bu-topraklarin-vatan-kalmasi-icin-buyuk-mucadele-verildi\/\" \/>\n<meta property=\"og:locale\" content=\"tr_TR\" \/>\n<meta property=\"og:type\" content=\"article\" \/>\n<meta property=\"og:title\" content=\"Ba\u011fl\u0131k\u00f6y Direni\u015fi\u2019nin 61. y\u0131l d\u00f6n\u00fcm\u00fc t\u00f6reni: Bu topraklar\u0131n vatan kalmas\u0131 i\u00e7in b\u00fcy\u00fck m\u00fccadele verildi - Haber Kuzey\" \/>\n<meta property=\"og:description\" content=\"Ba\u011fl\u0131k\u00f6y Direni\u015fi\u2019nin 61. y\u0131l d\u00f6n\u00fcm\u00fc ve direni\u015fte \u015fehit d\u00fc\u015fenler i\u00e7in Ba\u011fl\u0131k\u00f6y \u015eehitli\u011fi&#8217;nde t\u00f6ren d\u00fczenlendi. Meclis Ba\u015fkan\u0131 Ziya \u00d6zt\u00fcrkler ve baz\u0131 milletvekillerinin kat\u0131ld\u0131\u011f\u0131 t\u00f6ren, protokol s\u0131ras\u0131na g\u00f6re \u00e7elenklerin \u015fehitli\u011fe sunulmas\u0131yla ba\u015flad\u0131. Ard\u0131ndan sayg\u0131 duru\u015fu, sayg\u0131 at\u0131\u015f\u0131 ve \u0130stiklal Mar\u015f\u0131 ile bayraklar g\u00f6ndere \u00e7ekildi. Konu\u015fmalar\u0131n ard\u0131ndan, \u015fiirler okundu. T\u00f6rende; Cumhuriyet Meclisi Ba\u015fkan\u0131 Ziya \u00d6zt\u00fcrkler , \u00a0Ba\u011fl\u0131k\u00f6y \u015eehitleri [&hellip;]\" \/>\n<meta property=\"og:url\" content=\"https:\/\/haberkuzey.com\/index.php\/2026\/03\/13\/baglikoy-direnisinin-61-yil-donumu-toreni-bu-topraklarin-vatan-kalmasi-icin-buyuk-mucadele-verildi\/\" \/>\n<meta property=\"og:site_name\" content=\"Haber Kuzey\" \/>\n<meta property=\"article:published_time\" content=\"2026-03-13T14:02:41+00:00\" \/>\n<meta property=\"og:image\" content=\"https:\/\/www.kibrispostasi.com\/upload\/news\/v\/v2\/v2yeniproje-2026-03-13t145212005_1773406363.jpg\" \/>\n<meta name=\"author\" content=\"haberkuzey\" \/>\n<meta name=\"twitter:card\" content=\"summary_large_image\" \/>\n<meta name=\"twitter:label1\" content=\"Yazan:\" \/>\n\t<meta name=\"twitter:data1\" content=\"haberkuzey\" \/>\n\t<meta name=\"twitter:label2\" content=\"Tahmini okuma s\u00fcresi\" \/>\n\t<meta name=\"twitter:data2\" content=\"3 dakika\" \/>\n<script type=\"application\/ld+json\" class=\"yoast-schema-graph\">{\"@context\":\"https:\\\/\\\/schema.org\",\"@graph\":[{\"@type\":\"Article\",\"@id\":\"https:\\\/\\\/haberkuzey.com\\\/index.php\\\/2026\\\/03\\\/13\\\/baglikoy-direnisinin-61-yil-donumu-toreni-bu-topraklarin-vatan-kalmasi-icin-buyuk-mucadele-verildi\\\/#article\",\"isPartOf\":{\"@id\":\"https:\\\/\\\/haberkuzey.com\\\/index.php\\\/2026\\\/03\\\/13\\\/baglikoy-direnisinin-61-yil-donumu-toreni-bu-topraklarin-vatan-kalmasi-icin-buyuk-mucadele-verildi\\\/\"},\"author\":{\"name\":\"haberkuzey\",\"@id\":\"https:\\\/\\\/haberkuzey.com\\\/#\\\/schema\\\/person\\\/3372109ec735f9333f4fa47ebb9605ca\"},\"headline\":\"Ba\u011fl\u0131k\u00f6y Direni\u015fi\u2019nin 61. y\u0131l d\u00f6n\u00fcm\u00fc t\u00f6reni: Bu topraklar\u0131n vatan kalmas\u0131 i\u00e7in b\u00fcy\u00fck m\u00fccadele verildi\",\"datePublished\":\"2026-03-13T14:02:41+00:00\",\"mainEntityOfPage\":{\"@id\":\"https:\\\/\\\/haberkuzey.com\\\/index.php\\\/2026\\\/03\\\/13\\\/baglikoy-direnisinin-61-yil-donumu-toreni-bu-topraklarin-vatan-kalmasi-icin-buyuk-mucadele-verildi\\\/\"},\"wordCount\":586,\"commentCount\":0,\"image\":{\"@id\":\"https:\\\/\\\/haberkuzey.com\\\/index.php\\\/2026\\\/03\\\/13\\\/baglikoy-direnisinin-61-yil-donumu-toreni-bu-topraklarin-vatan-kalmasi-icin-buyuk-mucadele-verildi\\\/#primaryimage\"},\"thumbnailUrl\":\"https:\\\/\\\/haberkuzey.com\\\/wp-content\\\/uploads\\\/2026\\\/03\\\/IMG_8129.webp.webp\",\"articleSection\":[\"K\u0131br\u0131s\"],\"inLanguage\":\"tr\",\"potentialAction\":[{\"@type\":\"CommentAction\",\"name\":\"Comment\",\"target\":[\"https:\\\/\\\/haberkuzey.com\\\/index.php\\\/2026\\\/03\\\/13\\\/baglikoy-direnisinin-61-yil-donumu-toreni-bu-topraklarin-vatan-kalmasi-icin-buyuk-mucadele-verildi\\\/#respond\"]}]},{\"@type\":\"WebPage\",\"@id\":\"https:\\\/\\\/haberkuzey.com\\\/index.php\\\/2026\\\/03\\\/13\\\/baglikoy-direnisinin-61-yil-donumu-toreni-bu-topraklarin-vatan-kalmasi-icin-buyuk-mucadele-verildi\\\/\",\"url\":\"https:\\\/\\\/haberkuzey.com\\\/index.php\\\/2026\\\/03\\\/13\\\/baglikoy-direnisinin-61-yil-donumu-toreni-bu-topraklarin-vatan-kalmasi-icin-buyuk-mucadele-verildi\\\/\",\"name\":\"Ba\u011fl\u0131k\u00f6y Direni\u015fi\u2019nin 61. y\u0131l d\u00f6n\u00fcm\u00fc t\u00f6reni: Bu topraklar\u0131n vatan kalmas\u0131 i\u00e7in b\u00fcy\u00fck m\u00fccadele verildi - Haber Kuzey\",\"isPartOf\":{\"@id\":\"https:\\\/\\\/haberkuzey.com\\\/#website\"},\"primaryImageOfPage\":{\"@id\":\"https:\\\/\\\/haberkuzey.com\\\/index.php\\\/2026\\\/03\\\/13\\\/baglikoy-direnisinin-61-yil-donumu-toreni-bu-topraklarin-vatan-kalmasi-icin-buyuk-mucadele-verildi\\\/#primaryimage\"},\"image\":{\"@id\":\"https:\\\/\\\/haberkuzey.com\\\/index.php\\\/2026\\\/03\\\/13\\\/baglikoy-direnisinin-61-yil-donumu-toreni-bu-topraklarin-vatan-kalmasi-icin-buyuk-mucadele-verildi\\\/#primaryimage\"},\"thumbnailUrl\":\"https:\\\/\\\/haberkuzey.com\\\/wp-content\\\/uploads\\\/2026\\\/03\\\/IMG_8129.webp.webp\",\"datePublished\":\"2026-03-13T14:02:41+00:00\",\"author\":{\"@id\":\"https:\\\/\\\/haberkuzey.com\\\/#\\\/schema\\\/person\\\/3372109ec735f9333f4fa47ebb9605ca\"},\"breadcrumb\":{\"@id\":\"https:\\\/\\\/haberkuzey.com\\\/index.php\\\/2026\\\/03\\\/13\\\/baglikoy-direnisinin-61-yil-donumu-toreni-bu-topraklarin-vatan-kalmasi-icin-buyuk-mucadele-verildi\\\/#breadcrumb\"},\"inLanguage\":\"tr\",\"potentialAction\":[{\"@type\":\"ReadAction\",\"target\":[\"https:\\\/\\\/haberkuzey.com\\\/index.php\\\/2026\\\/03\\\/13\\\/baglikoy-direnisinin-61-yil-donumu-toreni-bu-topraklarin-vatan-kalmasi-icin-buyuk-mucadele-verildi\\\/\"]}]},{\"@type\":\"ImageObject\",\"inLanguage\":\"tr\",\"@id\":\"https:\\\/\\\/haberkuzey.com\\\/index.php\\\/2026\\\/03\\\/13\\\/baglikoy-direnisinin-61-yil-donumu-toreni-bu-topraklarin-vatan-kalmasi-icin-buyuk-mucadele-verildi\\\/#primaryimage\",\"url\":\"https:\\\/\\\/haberkuzey.com\\\/wp-content\\\/uploads\\\/2026\\\/03\\\/IMG_8129.webp.webp\",\"contentUrl\":\"https:\\\/\\\/haberkuzey.com\\\/wp-content\\\/uploads\\\/2026\\\/03\\\/IMG_8129.webp.webp\",\"width\":971,\"height\":551},{\"@type\":\"BreadcrumbList\",\"@id\":\"https:\\\/\\\/haberkuzey.com\\\/index.php\\\/2026\\\/03\\\/13\\\/baglikoy-direnisinin-61-yil-donumu-toreni-bu-topraklarin-vatan-kalmasi-icin-buyuk-mucadele-verildi\\\/#breadcrumb\",\"itemListElement\":[{\"@type\":\"ListItem\",\"position\":1,\"name\":\"Anasayfa\",\"item\":\"https:\\\/\\\/haberkuzey.com\\\/\"},{\"@type\":\"ListItem\",\"position\":2,\"name\":\"Ba\u011fl\u0131k\u00f6y Direni\u015fi\u2019nin 61. y\u0131l d\u00f6n\u00fcm\u00fc t\u00f6reni: Bu topraklar\u0131n vatan kalmas\u0131 i\u00e7in b\u00fcy\u00fck m\u00fccadele verildi\"}]},{\"@type\":\"WebSite\",\"@id\":\"https:\\\/\\\/haberkuzey.com\\\/#website\",\"url\":\"https:\\\/\\\/haberkuzey.com\\\/\",\"name\":\"Haber Kuzey\",\"description\":\"Do\u011fru Haberin Adresi\",\"potentialAction\":[{\"@type\":\"SearchAction\",\"target\":{\"@type\":\"EntryPoint\",\"urlTemplate\":\"https:\\\/\\\/haberkuzey.com\\\/?s={search_term_string}\"},\"query-input\":{\"@type\":\"PropertyValueSpecification\",\"valueRequired\":true,\"valueName\":\"search_term_string\"}}],\"inLanguage\":\"tr\"},{\"@type\":\"Person\",\"@id\":\"https:\\\/\\\/haberkuzey.com\\\/#\\\/schema\\\/person\\\/3372109ec735f9333f4fa47ebb9605ca\",\"name\":\"haberkuzey\",\"image\":{\"@type\":\"ImageObject\",\"inLanguage\":\"tr\",\"@id\":\"https:\\\/\\\/secure.gravatar.com\\\/avatar\\\/f5fc875574b1575324358c3b9e6a32b8227aa5b74f3fa22e3cadb63e26fcc39c?s=96&d=mm&r=g\",\"url\":\"https:\\\/\\\/secure.gravatar.com\\\/avatar\\\/f5fc875574b1575324358c3b9e6a32b8227aa5b74f3fa22e3cadb63e26fcc39c?s=96&d=mm&r=g\",\"contentUrl\":\"https:\\\/\\\/secure.gravatar.com\\\/avatar\\\/f5fc875574b1575324358c3b9e6a32b8227aa5b74f3fa22e3cadb63e26fcc39c?s=96&d=mm&r=g\",\"caption\":\"haberkuzey\"},\"sameAs\":[\"https:\\\/\\\/haberkuzey.com\"],\"url\":\"https:\\\/\\\/haberkuzey.com\\\/index.php\\\/author\\\/haberkuzey\\\/\"}]}<\/script>\n<!-- \/ Yoast SEO plugin. -->","yoast_head_json":{"title":"Ba\u011fl\u0131k\u00f6y Direni\u015fi\u2019nin 61. y\u0131l d\u00f6n\u00fcm\u00fc t\u00f6reni: Bu topraklar\u0131n vatan kalmas\u0131 i\u00e7in b\u00fcy\u00fck m\u00fccadele verildi - Haber Kuzey","robots":{"index":"index","follow":"follow","max-snippet":"max-snippet:-1","max-image-preview":"max-image-preview:large","max-video-preview":"max-video-preview:-1"},"canonical":"https:\/\/haberkuzey.com\/index.php\/2026\/03\/13\/baglikoy-direnisinin-61-yil-donumu-toreni-bu-topraklarin-vatan-kalmasi-icin-buyuk-mucadele-verildi\/","og_locale":"tr_TR","og_type":"article","og_title":"Ba\u011fl\u0131k\u00f6y Direni\u015fi\u2019nin 61. y\u0131l d\u00f6n\u00fcm\u00fc t\u00f6reni: Bu topraklar\u0131n vatan kalmas\u0131 i\u00e7in b\u00fcy\u00fck m\u00fccadele verildi - Haber Kuzey","og_description":"Ba\u011fl\u0131k\u00f6y Direni\u015fi\u2019nin 61. y\u0131l d\u00f6n\u00fcm\u00fc ve direni\u015fte \u015fehit d\u00fc\u015fenler i\u00e7in Ba\u011fl\u0131k\u00f6y \u015eehitli\u011fi&#8217;nde t\u00f6ren d\u00fczenlendi. Meclis Ba\u015fkan\u0131 Ziya \u00d6zt\u00fcrkler ve baz\u0131 milletvekillerinin kat\u0131ld\u0131\u011f\u0131 t\u00f6ren, protokol s\u0131ras\u0131na g\u00f6re \u00e7elenklerin \u015fehitli\u011fe sunulmas\u0131yla ba\u015flad\u0131. Ard\u0131ndan sayg\u0131 duru\u015fu, sayg\u0131 at\u0131\u015f\u0131 ve \u0130stiklal Mar\u015f\u0131 ile bayraklar g\u00f6ndere \u00e7ekildi. Konu\u015fmalar\u0131n ard\u0131ndan, \u015fiirler okundu. T\u00f6rende; Cumhuriyet Meclisi Ba\u015fkan\u0131 Ziya \u00d6zt\u00fcrkler , \u00a0Ba\u011fl\u0131k\u00f6y \u015eehitleri [&hellip;]","og_url":"https:\/\/haberkuzey.com\/index.php\/2026\/03\/13\/baglikoy-direnisinin-61-yil-donumu-toreni-bu-topraklarin-vatan-kalmasi-icin-buyuk-mucadele-verildi\/","og_site_name":"Haber Kuzey","article_published_time":"2026-03-13T14:02:41+00:00","og_image":[{"url":"https:\/\/www.kibrispostasi.com\/upload\/news\/v\/v2\/v2yeniproje-2026-03-13t145212005_1773406363.jpg","type":"","width":"","height":""}],"author":"haberkuzey","twitter_card":"summary_large_image","twitter_misc":{"Yazan:":"haberkuzey","Tahmini okuma s\u00fcresi":"3 dakika"},"schema":{"@context":"https:\/\/schema.org","@graph":[{"@type":"Article","@id":"https:\/\/haberkuzey.com\/index.php\/2026\/03\/13\/baglikoy-direnisinin-61-yil-donumu-toreni-bu-topraklarin-vatan-kalmasi-icin-buyuk-mucadele-verildi\/#article","isPartOf":{"@id":"https:\/\/haberkuzey.com\/index.php\/2026\/03\/13\/baglikoy-direnisinin-61-yil-donumu-toreni-bu-topraklarin-vatan-kalmasi-icin-buyuk-mucadele-verildi\/"},"author":{"name":"haberkuzey","@id":"https:\/\/haberkuzey.com\/#\/schema\/person\/3372109ec735f9333f4fa47ebb9605ca"},"headline":"Ba\u011fl\u0131k\u00f6y Direni\u015fi\u2019nin 61. y\u0131l d\u00f6n\u00fcm\u00fc t\u00f6reni: Bu topraklar\u0131n vatan kalmas\u0131 i\u00e7in b\u00fcy\u00fck m\u00fccadele verildi","datePublished":"2026-03-13T14:02:41+00:00","mainEntityOfPage":{"@id":"https:\/\/haberkuzey.com\/index.php\/2026\/03\/13\/baglikoy-direnisinin-61-yil-donumu-toreni-bu-topraklarin-vatan-kalmasi-icin-buyuk-mucadele-verildi\/"},"wordCount":586,"commentCount":0,"image":{"@id":"https:\/\/haberkuzey.com\/index.php\/2026\/03\/13\/baglikoy-direnisinin-61-yil-donumu-toreni-bu-topraklarin-vatan-kalmasi-icin-buyuk-mucadele-verildi\/#primaryimage"},"thumbnailUrl":"https:\/\/haberkuzey.com\/wp-content\/uploads\/2026\/03\/IMG_8129.webp.webp","articleSection":["K\u0131br\u0131s"],"inLanguage":"tr","potentialAction":[{"@type":"CommentAction","name":"Comment","target":["https:\/\/haberkuzey.com\/index.php\/2026\/03\/13\/baglikoy-direnisinin-61-yil-donumu-toreni-bu-topraklarin-vatan-kalmasi-icin-buyuk-mucadele-verildi\/#respond"]}]},{"@type":"WebPage","@id":"https:\/\/haberkuzey.com\/index.php\/2026\/03\/13\/baglikoy-direnisinin-61-yil-donumu-toreni-bu-topraklarin-vatan-kalmasi-icin-buyuk-mucadele-verildi\/","url":"https:\/\/haberkuzey.com\/index.php\/2026\/03\/13\/baglikoy-direnisinin-61-yil-donumu-toreni-bu-topraklarin-vatan-kalmasi-icin-buyuk-mucadele-verildi\/","name":"Ba\u011fl\u0131k\u00f6y Direni\u015fi\u2019nin 61. y\u0131l d\u00f6n\u00fcm\u00fc t\u00f6reni: Bu topraklar\u0131n vatan kalmas\u0131 i\u00e7in b\u00fcy\u00fck m\u00fccadele verildi - Haber Kuzey","isPartOf":{"@id":"https:\/\/haberkuzey.com\/#website"},"primaryImageOfPage":{"@id":"https:\/\/haberkuzey.com\/index.php\/2026\/03\/13\/baglikoy-direnisinin-61-yil-donumu-toreni-bu-topraklarin-vatan-kalmasi-icin-buyuk-mucadele-verildi\/#primaryimage"},"image":{"@id":"https:\/\/haberkuzey.com\/index.php\/2026\/03\/13\/baglikoy-direnisinin-61-yil-donumu-toreni-bu-topraklarin-vatan-kalmasi-icin-buyuk-mucadele-verildi\/#primaryimage"},"thumbnailUrl":"https:\/\/haberkuzey.com\/wp-content\/uploads\/2026\/03\/IMG_8129.webp.webp","datePublished":"2026-03-13T14:02:41+00:00","author":{"@id":"https:\/\/haberkuzey.com\/#\/schema\/person\/3372109ec735f9333f4fa47ebb9605ca"},"breadcrumb":{"@id":"https:\/\/haberkuzey.com\/index.php\/2026\/03\/13\/baglikoy-direnisinin-61-yil-donumu-toreni-bu-topraklarin-vatan-kalmasi-icin-buyuk-mucadele-verildi\/#breadcrumb"},"inLanguage":"tr","potentialAction":[{"@type":"ReadAction","target":["https:\/\/haberkuzey.com\/index.php\/2026\/03\/13\/baglikoy-direnisinin-61-yil-donumu-toreni-bu-topraklarin-vatan-kalmasi-icin-buyuk-mucadele-verildi\/"]}]},{"@type":"ImageObject","inLanguage":"tr","@id":"https:\/\/haberkuzey.com\/index.php\/2026\/03\/13\/baglikoy-direnisinin-61-yil-donumu-toreni-bu-topraklarin-vatan-kalmasi-icin-buyuk-mucadele-verildi\/#primaryimage","url":"https:\/\/haberkuzey.com\/wp-content\/uploads\/2026\/03\/IMG_8129.webp.webp","contentUrl":"https:\/\/haberkuzey.com\/wp-content\/uploads\/2026\/03\/IMG_8129.webp.webp","width":971,"height":551},{"@type":"BreadcrumbList","@id":"https:\/\/haberkuzey.com\/index.php\/2026\/03\/13\/baglikoy-direnisinin-61-yil-donumu-toreni-bu-topraklarin-vatan-kalmasi-icin-buyuk-mucadele-verildi\/#breadcrumb","itemListElement":[{"@type":"ListItem","position":1,"name":"Anasayfa","item":"https:\/\/haberkuzey.com\/"},{"@type":"ListItem","position":2,"name":"Ba\u011fl\u0131k\u00f6y Direni\u015fi\u2019nin 61. y\u0131l d\u00f6n\u00fcm\u00fc t\u00f6reni: Bu topraklar\u0131n vatan kalmas\u0131 i\u00e7in b\u00fcy\u00fck m\u00fccadele verildi"}]},{"@type":"WebSite","@id":"https:\/\/haberkuzey.com\/#website","url":"https:\/\/haberkuzey.com\/","name":"Haber Kuzey","description":"Do\u011fru Haberin Adresi","potentialAction":[{"@type":"SearchAction","target":{"@type":"EntryPoint","urlTemplate":"https:\/\/haberkuzey.com\/?s={search_term_string}"},"query-input":{"@type":"PropertyValueSpecification","valueRequired":true,"valueName":"search_term_string"}}],"inLanguage":"tr"},{"@type":"Person","@id":"https:\/\/haberkuzey.com\/#\/schema\/person\/3372109ec735f9333f4fa47ebb9605ca","name":"haberkuzey","image":{"@type":"ImageObject","inLanguage":"tr","@id":"https:\/\/secure.gravatar.com\/avatar\/f5fc875574b1575324358c3b9e6a32b8227aa5b74f3fa22e3cadb63e26fcc39c?s=96&d=mm&r=g","url":"https:\/\/secure.gravatar.com\/avatar\/f5fc875574b1575324358c3b9e6a32b8227aa5b74f3fa22e3cadb63e26fcc39c?s=96&d=mm&r=g","contentUrl":"https:\/\/secure.gravatar.com\/avatar\/f5fc875574b1575324358c3b9e6a32b8227aa5b74f3fa22e3cadb63e26fcc39c?s=96&d=mm&r=g","caption":"haberkuzey"},"sameAs":["https:\/\/haberkuzey.com"],"url":"https:\/\/haberkuzey.com\/index.php\/author\/haberkuzey\/"}]}},"_links":{"self":[{"href":"https:\/\/haberkuzey.com\/index.php\/wp-json\/wp\/v2\/posts\/35230","targetHints":{"allow":["GET"]}}],"collection":[{"href":"https:\/\/haberkuzey.com\/index.php\/wp-json\/wp\/v2\/posts"}],"about":[{"href":"https:\/\/haberkuzey.com\/index.php\/wp-json\/wp\/v2\/types\/post"}],"author":[{"embeddable":true,"href":"https:\/\/haberkuzey.com\/index.php\/wp-json\/wp\/v2\/users\/1"}],"replies":[{"embeddable":true,"href":"https:\/\/haberkuzey.com\/index.php\/wp-json\/wp\/v2\/comments?post=35230"}],"version-history":[{"count":0,"href":"https:\/\/haberkuzey.com\/index.php\/wp-json\/wp\/v2\/posts\/35230\/revisions"}],"wp:featuredmedia":[{"embeddable":true,"href":"https:\/\/haberkuzey.com\/index.php\/wp-json\/wp\/v2\/media\/35231"}],"wp:attachment":[{"href":"https:\/\/haberkuzey.com\/index.php\/wp-json\/wp\/v2\/media?parent=35230"}],"wp:term":[{"taxonomy":"category","embeddable":true,"href":"https:\/\/haberkuzey.com\/index.php\/wp-json\/wp\/v2\/categories?post=35230"},{"taxonomy":"post_tag","embeddable":true,"href":"https:\/\/haberkuzey.com\/index.php\/wp-json\/wp\/v2\/tags?post=35230"}],"curies":[{"name":"wp","href":"https:\/\/api.w.org\/{rel}","templated":true}]}}