{"id":35228,"date":"2026-03-13T15:44:14","date_gmt":"2026-03-13T13:44:14","guid":{"rendered":"https:\/\/haberkuzey.com\/index.php\/2026\/03\/13\/yayman-ve-erdemden-kktcye-guclu-destek-mesaji\/"},"modified":"2026-03-13T15:44:14","modified_gmt":"2026-03-13T13:44:14","slug":"yayman-ve-erdemden-kktcye-guclu-destek-mesaji","status":"publish","type":"post","link":"https:\/\/haberkuzey.com\/index.php\/2026\/03\/13\/yayman-ve-erdemden-kktcye-guclu-destek-mesaji\/","title":{"rendered":"YAYMAN VE ERDEM\u2019DEN KKTC\u2019YE G\u00dc\u00c7L\u00dc DESTEK MESAJI"},"content":{"rendered":"<p>Yayman: T\u00fcrkiye Oldubittiye Asla M\u00fcsade Etmeyecektir<br \/>\nProgramda konu\u015fan H\u00fcseyin Yayman, Kuzey K\u0131br\u0131s T\u00fcrk Cumhuriyeti\u2019nin \u00e7ok b\u00fcy\u00fck bedeller \u00f6denerek kuruldu\u011funu vurgulad\u0131.<br \/>\nT\u00fcrkiye\u2019nin uluslararas\u0131 anla\u015fmalardan do\u011fan garant\u00f6rl\u00fck hakk\u0131n\u0131 1974 Mutlu Bar\u0131\u015f Harek\u00e2t\u0131\u2019nda kulland\u0131\u011f\u0131n\u0131 hat\u0131rlatan Yayman, Makarios y\u00f6netimi d\u00f6neminde M\u00fcsl\u00fcmanlara ve T\u00fcrklere y\u00f6nelik sald\u0131r\u0131lar\u0131n h\u00e2l\u00e2 haf\u0131zalarda tazeli\u011fini korudu\u011funu belirtti.<br \/>\nRum taraf\u0131n\u0131n maceradan vazge\u00e7mesi gerekti\u011fini ifade eden Yayman, adadaki havalimanlar\u0131n\u0131n ve stratejik noktalar\u0131n \u00fc\u00e7\u00fcnc\u00fc \u00fclkelere kulland\u0131r\u0131lmas\u0131n\u0131n do\u011fru olmad\u0131\u011f\u0131n\u0131 s\u00f6yledi.<br \/>\n\u0130srail\u2019in b\u00f6lgede yapt\u0131\u011f\u0131 y\u0131\u011f\u0131nak ve hava savunma sistemlerinin aday\u0131 bir tehdit ve hedef haline getirdi\u011fini dile getiren Yayman, T\u00fcrkiye\u2019nin b\u00f6yle bir oldu bittiye asla m\u00fcsaade etmeyece\u011fini vurgulad\u0131.<br \/>\nF-16\u2019lar\u0131n, \u0130HA ve S\u0130HA\u2019lar\u0131n konu\u015fland\u0131r\u0131lmas\u0131n\u0131n T\u00fcrkiye\u2019nin bu meseleye hem diplomatik hem de gerekti\u011finde risk alarak m\u00fcdahil olaca\u011f\u0131n\u0131n g\u00f6stergesi oldu\u011funu ifade etti.<br \/>\nT\u00fcrkiye\u2019de bu s\u00fcre\u00e7te olu\u015fan psikolojiye de de\u011finen Yayman, AK Parti\u2019ye mesafeli duran hatta oy vermeyen insanlar\u0131n bile \u201ciyi ki T\u00fcrkiye\u2019nin ba\u015f\u0131nda tecr\u00fcbeli, d\u00fcnyay\u0131 bilen, Trump ve Putin\u2019le m\u00fczakereyi y\u00f6neten bir lider var, Tayyip Erdo\u011fan var\u201d noktas\u0131na geldi\u011fini s\u00f6yledi.<br \/>\nT\u00fcrkiye\u2019nin kimsenin topra\u011f\u0131nda g\u00f6z\u00fc olmad\u0131\u011f\u0131n\u0131, herkesin kendi \u00fclkesinde bar\u0131\u015f i\u00e7inde ya\u015famas\u0131n\u0131 savundu\u011funu belirtti.<br \/>\nSon olarak Rum taraf\u0131na Lefko\u015fa\u2019dan \u00e7a\u011fr\u0131da bulunan Yayman, \u201cBu silahlar\u0131 kim i\u00e7in kullanacaks\u0131n\u0131z? E\u011fer T\u00fcrkiye i\u00e7in kullanacaksan\u0131z, bu silahlar \u00e7ok yetersizdir. Kendiniz i\u00e7in kullanacaksan\u0131z, bu da anlams\u0131zd\u0131r\u201d dedi.<br \/>\nT\u00fcrkiye\u2019nin tavr\u0131n\u0131n a\u00e7\u0131k oldu\u011funu vurgulayan Yayman, diplomasi \u00f6ncelikli olsa da oldu bittiye asla izin verilmeyece\u011fini ifade etti.<br \/>\nErdem: Elli y\u0131l\u0131 a\u015fk\u0131n s\u00fcredir adada bir huzur iklimi varsa, bu T\u00fcrkiye\u2019nin sayesindedir<br \/>\nAK Parti Konya Milletvekili, TBMM Plan ve B\u00fct\u00e7e Komisyonu S\u00f6zc\u00fcs\u00fc ve KKTC Dostluk Grubu Ba\u015fkan\u0131 Orhan Erdem de, T\u00fcrkiye\u2019nin Kuzey K\u0131br\u0131s T\u00fcrk Cumhuriyeti\u2019ne y\u00f6nelik kararl\u0131 duru\u015funu yineledi.<br \/>\nErdem, Cumhurba\u015fkan\u0131 Yard\u0131mc\u0131s\u0131 Cevdet Y\u0131lmaz\u2019\u0131n a\u00e7\u0131klamalar\u0131na at\u0131fta bulunarak, T\u00fcrkiye\u2019nin hem maddi hem askeri anlamda, hem de tarih\u00ee ve k\u00fclt\u00fcrel ba\u011flar\u0131yla KKTC\u2019nin yan\u0131nda oldu\u011funu belirtti.<br \/>\n\u201cGarant\u00f6r \u00fclke olman\u0131n sorumlulu\u011funu ta\u015f\u0131yor, KKTC\u2019nin huzurunu korumak i\u00e7in gerekli t\u00fcm ad\u0131mlar\u0131 at\u0131yoruz\u201d dedi.<br \/>\nD\u00fcnyada sava\u015f hukukunun zay\u0131flad\u0131\u011f\u0131 bir d\u00f6nemde T\u00fcrkiye\u2019nin g\u00fc\u00e7l\u00fc liderli\u011fiyle temkinli ve kararl\u0131 ad\u0131mlar att\u0131\u011f\u0131n\u0131 ifade eden Erdem, Rum taraf\u0131n\u0131n ve Avrupa \u00fclkelerinin Akdeniz\u2019deki giri\u015fimlerinin sonu\u00e7suz kalaca\u011f\u0131n\u0131 s\u00f6yledi.<br \/>\n1974 m\u00fcdahalesine dikkat \u00e7eken Erdem, \u201cElli y\u0131l\u0131 a\u015fk\u0131n s\u00fcredir adada bir huzur iklimi varsa, bu T\u00fcrkiye\u2019nin sayesindedir\u201d dedi.<br \/>\nKKTC\u2019nin devlet yap\u0131s\u0131n\u0131 tamamlad\u0131\u011f\u0131n\u0131, meclisi, cumhurba\u015fkanl\u0131\u011f\u0131, y\u00fcksek mahkemesi ve altyap\u0131 projeleriyle g\u00fc\u00e7l\u00fc bir noktaya ula\u015ft\u0131\u011f\u0131n\u0131 vurgulayan Erdem, \u201cDevlet olmak kolay de\u011fildir; ama Kuzey K\u0131br\u0131s bunu ba\u015farm\u0131\u015ft\u0131r. Arkas\u0131nda b\u00fcy\u00fck T\u00fcrk milleti vard\u0131r, T\u00fcrkiye vard\u0131r, dost \u00fclkeler vard\u0131r\u201d ifadelerini kulland\u0131.<br \/>\nRum taraf\u0131n\u0131n silahlanma giri\u015fimlerini \u201chayal\u201d olarak nitelendiren Erdem, T\u00fcrkiye\u2019nin g\u00fc\u00e7l\u00fc ordusunun att\u0131\u011f\u0131 ad\u0131mlar\u0131n insani ve adan\u0131n tamam\u0131na faydal\u0131 oldu\u011funu belirtti.<br \/>\nAvrupa Birli\u011fi\u2019nin y\u0131llard\u0131r Rum taraf\u0131na ayr\u0131cal\u0131kl\u0131 yakla\u015f\u0131m\u0131n\u0131 s\u00fcrd\u00fcrd\u00fc\u011f\u00fcn\u00fc hat\u0131rlatan Erdem, T\u00fcrkiye\u2019nin haklar\u0131n\u0131 her \u015fekilde arayaca\u011f\u0131n\u0131 ve soyda\u015flar\u0131n\u0131n g\u00fcvenli\u011fini teminat alt\u0131na alaca\u011f\u0131n\u0131 s\u00f6yledi.<br \/>\nErdem, Rumlar\u0131n \u00e7e\u015fitli \u00fclkeleri Akdeniz\u2019e davet etmesini ele\u015ftirerek, \u201cRumlar akl\u0131n\u0131 ba\u015f\u0131na toplas\u0131n. Frans\u0131zlar\u0131 da en son \u00e7a\u011f\u0131rd\u0131lar, \u00e7a\u011f\u0131rmad\u0131klar\u0131 bir \u00fclke kalmad\u0131. Hi\u00e7 \u00f6nemli de\u011fil, buradan bir \u015fey umuyorlarsa avu\u00e7lar\u0131n\u0131 yalarlar\u201d dedi.<br \/>\nT\u00fcrkiye\u2019nin att\u0131\u011f\u0131 ad\u0131mlar\u0131n yaln\u0131zca Kuzey K\u0131br\u0131s\u2019a de\u011fil G\u00fcney K\u0131br\u0131s\u2019a da fayda sa\u011flad\u0131\u011f\u0131n\u0131 vurgulayan Erdem, \u201cBiz onlar gibi hareket etmeyiz ama hakk\u0131m\u0131z\u0131 da arar\u0131z. Azerbaycan ve Pakistan gibi karde\u015f \u00fclkelerle de katk\u0131 veririz\u201d ifadelerini kulland\u0131.<br \/>\nErdem, Rum taraf\u0131n\u0131n giri\u015fimlerinin T\u00fcrkiye taraf\u0131ndan yak\u0131ndan takip edildi\u011fini belirterek, \u201cBunlar \u00e7ok yak\u0131ndan izleniyor, not ediliyor ve ne oldu\u011fu g\u00f6r\u00fcl\u00fcyor. Avrupa Birli\u011fi d\u00f6nem ba\u015fkanl\u0131\u011f\u0131n\u0131n Rumlarda olmas\u0131, g\u00fcvenlik ad\u0131 alt\u0131nda i\u015f birliklerini g\u00fc\u00e7lendiriyor\u201d de\u011ferlendirmesinde bulundu.<br \/>\nSon olarak KKTC halk\u0131na seslenen Erdem, \u201cKuzey K\u0131br\u0131s\u2019taki karde\u015flerimiz bilsinler ki, ate\u015fe yak\u0131n olsalar da g\u00fcvendedirler. T\u00fcrkiye her zaman yanlar\u0131nda olacak, gelece\u011fimizi birlikte daha g\u00fczel ad\u0131mlarla in\u015fa edece\u011fiz\u201d dedi.<\/p>\n<p>YAYMAN VE ERDEM\u2019DEN KKTC\u2019YE G\u00dc\u00c7L\u00dc DESTEK MESAJI yaz\u0131s\u0131 ilk \u00f6nce K\u0131br\u0131s Hakikat \u00fczerinde ortaya \u00e7\u0131kt\u0131.<\/p>\n","protected":false},"excerpt":{"rendered":"<p>Yayman: T\u00fcrkiye Oldubittiye Asla M\u00fcsade Etmeyecektir Programda konu\u015fan H\u00fcseyin Yayman, Kuzey K\u0131br\u0131s T\u00fcrk Cumhuriyeti\u2019nin \u00e7ok b\u00fcy\u00fck bedeller \u00f6denerek kuruldu\u011funu vurgulad\u0131. T\u00fcrkiye\u2019nin uluslararas\u0131 anla\u015fmalardan do\u011fan garant\u00f6rl\u00fck hakk\u0131n\u0131 1974 Mutlu Bar\u0131\u015f Harek\u00e2t\u0131\u2019nda kulland\u0131\u011f\u0131n\u0131 hat\u0131rlatan Yayman, Makarios y\u00f6netimi d\u00f6neminde M\u00fcsl\u00fcmanlara ve T\u00fcrklere y\u00f6nelik sald\u0131r\u0131lar\u0131n h\u00e2l\u00e2 haf\u0131zalarda tazeli\u011fini korudu\u011funu belirtti. Rum taraf\u0131n\u0131n maceradan vazge\u00e7mesi gerekti\u011fini ifade eden Yayman, adadaki [&hellip;]<\/p>\n","protected":false},"author":1,"featured_media":35229,"comment_status":"open","ping_status":"open","sticky":false,"template":"","format":"standard","meta":{"jnews-multi-image_gallery":[],"jnews_single_post":[],"jnews_primary_category":[],"footnotes":""},"categories":[1],"tags":[],"class_list":["post-35228","post","type-post","status-publish","format-standard","has-post-thumbnail","hentry","category-kibris"],"yoast_head":"<!-- This site is optimized with the Yoast SEO plugin v27.5 - https:\/\/yoast.com\/product\/yoast-seo-wordpress\/ -->\n<title>YAYMAN VE ERDEM\u2019DEN KKTC\u2019YE G\u00dc\u00c7L\u00dc DESTEK MESAJI - Haber Kuzey<\/title>\n<meta name=\"robots\" content=\"index, follow, max-snippet:-1, max-image-preview:large, max-video-preview:-1\" \/>\n<link rel=\"canonical\" href=\"https:\/\/haberkuzey.com\/index.php\/2026\/03\/13\/yayman-ve-erdemden-kktcye-guclu-destek-mesaji\/\" \/>\n<meta property=\"og:locale\" content=\"tr_TR\" \/>\n<meta property=\"og:type\" content=\"article\" \/>\n<meta property=\"og:title\" content=\"YAYMAN VE ERDEM\u2019DEN KKTC\u2019YE G\u00dc\u00c7L\u00dc DESTEK MESAJI - Haber Kuzey\" \/>\n<meta property=\"og:description\" content=\"Yayman: T\u00fcrkiye Oldubittiye Asla M\u00fcsade Etmeyecektir Programda konu\u015fan H\u00fcseyin Yayman, Kuzey K\u0131br\u0131s T\u00fcrk Cumhuriyeti\u2019nin \u00e7ok b\u00fcy\u00fck bedeller \u00f6denerek kuruldu\u011funu vurgulad\u0131. T\u00fcrkiye\u2019nin uluslararas\u0131 anla\u015fmalardan do\u011fan garant\u00f6rl\u00fck hakk\u0131n\u0131 1974 Mutlu Bar\u0131\u015f Harek\u00e2t\u0131\u2019nda kulland\u0131\u011f\u0131n\u0131 hat\u0131rlatan Yayman, Makarios y\u00f6netimi d\u00f6neminde M\u00fcsl\u00fcmanlara ve T\u00fcrklere y\u00f6nelik sald\u0131r\u0131lar\u0131n h\u00e2l\u00e2 haf\u0131zalarda tazeli\u011fini korudu\u011funu belirtti. Rum taraf\u0131n\u0131n maceradan vazge\u00e7mesi gerekti\u011fini ifade eden Yayman, adadaki [&hellip;]\" \/>\n<meta property=\"og:url\" content=\"https:\/\/haberkuzey.com\/index.php\/2026\/03\/13\/yayman-ve-erdemden-kktcye-guclu-destek-mesaji\/\" \/>\n<meta property=\"og:site_name\" content=\"Haber Kuzey\" \/>\n<meta property=\"article:published_time\" content=\"2026-03-13T13:44:14+00:00\" \/>\n<meta name=\"author\" content=\"haberkuzey\" \/>\n<meta name=\"twitter:card\" content=\"summary_large_image\" \/>\n<meta name=\"twitter:label1\" content=\"Yazan:\" \/>\n\t<meta name=\"twitter:data1\" content=\"haberkuzey\" \/>\n\t<meta name=\"twitter:label2\" content=\"Tahmini okuma s\u00fcresi\" \/>\n\t<meta name=\"twitter:data2\" content=\"4 dakika\" \/>\n<script type=\"application\/ld+json\" class=\"yoast-schema-graph\">{\"@context\":\"https:\\\/\\\/schema.org\",\"@graph\":[{\"@type\":\"Article\",\"@id\":\"https:\\\/\\\/haberkuzey.com\\\/index.php\\\/2026\\\/03\\\/13\\\/yayman-ve-erdemden-kktcye-guclu-destek-mesaji\\\/#article\",\"isPartOf\":{\"@id\":\"https:\\\/\\\/haberkuzey.com\\\/index.php\\\/2026\\\/03\\\/13\\\/yayman-ve-erdemden-kktcye-guclu-destek-mesaji\\\/\"},\"author\":{\"name\":\"haberkuzey\",\"@id\":\"https:\\\/\\\/haberkuzey.com\\\/#\\\/schema\\\/person\\\/3372109ec735f9333f4fa47ebb9605ca\"},\"headline\":\"YAYMAN VE ERDEM\u2019DEN KKTC\u2019YE G\u00dc\u00c7L\u00dc DESTEK MESAJI\",\"datePublished\":\"2026-03-13T13:44:14+00:00\",\"mainEntityOfPage\":{\"@id\":\"https:\\\/\\\/haberkuzey.com\\\/index.php\\\/2026\\\/03\\\/13\\\/yayman-ve-erdemden-kktcye-guclu-destek-mesaji\\\/\"},\"wordCount\":893,\"commentCount\":0,\"image\":{\"@id\":\"https:\\\/\\\/haberkuzey.com\\\/index.php\\\/2026\\\/03\\\/13\\\/yayman-ve-erdemden-kktcye-guclu-destek-mesaji\\\/#primaryimage\"},\"thumbnailUrl\":\"https:\\\/\\\/haberkuzey.com\\\/wp-content\\\/uploads\\\/2026\\\/03\\\/IMG_8128.jpeg\",\"articleSection\":[\"K\u0131br\u0131s\"],\"inLanguage\":\"tr\",\"potentialAction\":[{\"@type\":\"CommentAction\",\"name\":\"Comment\",\"target\":[\"https:\\\/\\\/haberkuzey.com\\\/index.php\\\/2026\\\/03\\\/13\\\/yayman-ve-erdemden-kktcye-guclu-destek-mesaji\\\/#respond\"]}]},{\"@type\":\"WebPage\",\"@id\":\"https:\\\/\\\/haberkuzey.com\\\/index.php\\\/2026\\\/03\\\/13\\\/yayman-ve-erdemden-kktcye-guclu-destek-mesaji\\\/\",\"url\":\"https:\\\/\\\/haberkuzey.com\\\/index.php\\\/2026\\\/03\\\/13\\\/yayman-ve-erdemden-kktcye-guclu-destek-mesaji\\\/\",\"name\":\"YAYMAN VE ERDEM\u2019DEN KKTC\u2019YE G\u00dc\u00c7L\u00dc DESTEK MESAJI - Haber Kuzey\",\"isPartOf\":{\"@id\":\"https:\\\/\\\/haberkuzey.com\\\/#website\"},\"primaryImageOfPage\":{\"@id\":\"https:\\\/\\\/haberkuzey.com\\\/index.php\\\/2026\\\/03\\\/13\\\/yayman-ve-erdemden-kktcye-guclu-destek-mesaji\\\/#primaryimage\"},\"image\":{\"@id\":\"https:\\\/\\\/haberkuzey.com\\\/index.php\\\/2026\\\/03\\\/13\\\/yayman-ve-erdemden-kktcye-guclu-destek-mesaji\\\/#primaryimage\"},\"thumbnailUrl\":\"https:\\\/\\\/haberkuzey.com\\\/wp-content\\\/uploads\\\/2026\\\/03\\\/IMG_8128.jpeg\",\"datePublished\":\"2026-03-13T13:44:14+00:00\",\"author\":{\"@id\":\"https:\\\/\\\/haberkuzey.com\\\/#\\\/schema\\\/person\\\/3372109ec735f9333f4fa47ebb9605ca\"},\"breadcrumb\":{\"@id\":\"https:\\\/\\\/haberkuzey.com\\\/index.php\\\/2026\\\/03\\\/13\\\/yayman-ve-erdemden-kktcye-guclu-destek-mesaji\\\/#breadcrumb\"},\"inLanguage\":\"tr\",\"potentialAction\":[{\"@type\":\"ReadAction\",\"target\":[\"https:\\\/\\\/haberkuzey.com\\\/index.php\\\/2026\\\/03\\\/13\\\/yayman-ve-erdemden-kktcye-guclu-destek-mesaji\\\/\"]}]},{\"@type\":\"ImageObject\",\"inLanguage\":\"tr\",\"@id\":\"https:\\\/\\\/haberkuzey.com\\\/index.php\\\/2026\\\/03\\\/13\\\/yayman-ve-erdemden-kktcye-guclu-destek-mesaji\\\/#primaryimage\",\"url\":\"https:\\\/\\\/haberkuzey.com\\\/wp-content\\\/uploads\\\/2026\\\/03\\\/IMG_8128.jpeg\",\"contentUrl\":\"https:\\\/\\\/haberkuzey.com\\\/wp-content\\\/uploads\\\/2026\\\/03\\\/IMG_8128.jpeg\",\"width\":1200,\"height\":648},{\"@type\":\"BreadcrumbList\",\"@id\":\"https:\\\/\\\/haberkuzey.com\\\/index.php\\\/2026\\\/03\\\/13\\\/yayman-ve-erdemden-kktcye-guclu-destek-mesaji\\\/#breadcrumb\",\"itemListElement\":[{\"@type\":\"ListItem\",\"position\":1,\"name\":\"Anasayfa\",\"item\":\"https:\\\/\\\/haberkuzey.com\\\/\"},{\"@type\":\"ListItem\",\"position\":2,\"name\":\"YAYMAN VE ERDEM\u2019DEN KKTC\u2019YE G\u00dc\u00c7L\u00dc DESTEK MESAJI\"}]},{\"@type\":\"WebSite\",\"@id\":\"https:\\\/\\\/haberkuzey.com\\\/#website\",\"url\":\"https:\\\/\\\/haberkuzey.com\\\/\",\"name\":\"Haber Kuzey\",\"description\":\"Do\u011fru Haberin Adresi\",\"potentialAction\":[{\"@type\":\"SearchAction\",\"target\":{\"@type\":\"EntryPoint\",\"urlTemplate\":\"https:\\\/\\\/haberkuzey.com\\\/?s={search_term_string}\"},\"query-input\":{\"@type\":\"PropertyValueSpecification\",\"valueRequired\":true,\"valueName\":\"search_term_string\"}}],\"inLanguage\":\"tr\"},{\"@type\":\"Person\",\"@id\":\"https:\\\/\\\/haberkuzey.com\\\/#\\\/schema\\\/person\\\/3372109ec735f9333f4fa47ebb9605ca\",\"name\":\"haberkuzey\",\"image\":{\"@type\":\"ImageObject\",\"inLanguage\":\"tr\",\"@id\":\"https:\\\/\\\/secure.gravatar.com\\\/avatar\\\/f5fc875574b1575324358c3b9e6a32b8227aa5b74f3fa22e3cadb63e26fcc39c?s=96&d=mm&r=g\",\"url\":\"https:\\\/\\\/secure.gravatar.com\\\/avatar\\\/f5fc875574b1575324358c3b9e6a32b8227aa5b74f3fa22e3cadb63e26fcc39c?s=96&d=mm&r=g\",\"contentUrl\":\"https:\\\/\\\/secure.gravatar.com\\\/avatar\\\/f5fc875574b1575324358c3b9e6a32b8227aa5b74f3fa22e3cadb63e26fcc39c?s=96&d=mm&r=g\",\"caption\":\"haberkuzey\"},\"sameAs\":[\"https:\\\/\\\/haberkuzey.com\"],\"url\":\"https:\\\/\\\/haberkuzey.com\\\/index.php\\\/author\\\/haberkuzey\\\/\"}]}<\/script>\n<!-- \/ Yoast SEO plugin. -->","yoast_head_json":{"title":"YAYMAN VE ERDEM\u2019DEN KKTC\u2019YE G\u00dc\u00c7L\u00dc DESTEK MESAJI - Haber Kuzey","robots":{"index":"index","follow":"follow","max-snippet":"max-snippet:-1","max-image-preview":"max-image-preview:large","max-video-preview":"max-video-preview:-1"},"canonical":"https:\/\/haberkuzey.com\/index.php\/2026\/03\/13\/yayman-ve-erdemden-kktcye-guclu-destek-mesaji\/","og_locale":"tr_TR","og_type":"article","og_title":"YAYMAN VE ERDEM\u2019DEN KKTC\u2019YE G\u00dc\u00c7L\u00dc DESTEK MESAJI - Haber Kuzey","og_description":"Yayman: T\u00fcrkiye Oldubittiye Asla M\u00fcsade Etmeyecektir Programda konu\u015fan H\u00fcseyin Yayman, Kuzey K\u0131br\u0131s T\u00fcrk Cumhuriyeti\u2019nin \u00e7ok b\u00fcy\u00fck bedeller \u00f6denerek kuruldu\u011funu vurgulad\u0131. T\u00fcrkiye\u2019nin uluslararas\u0131 anla\u015fmalardan do\u011fan garant\u00f6rl\u00fck hakk\u0131n\u0131 1974 Mutlu Bar\u0131\u015f Harek\u00e2t\u0131\u2019nda kulland\u0131\u011f\u0131n\u0131 hat\u0131rlatan Yayman, Makarios y\u00f6netimi d\u00f6neminde M\u00fcsl\u00fcmanlara ve T\u00fcrklere y\u00f6nelik sald\u0131r\u0131lar\u0131n h\u00e2l\u00e2 haf\u0131zalarda tazeli\u011fini korudu\u011funu belirtti. Rum taraf\u0131n\u0131n maceradan vazge\u00e7mesi gerekti\u011fini ifade eden Yayman, adadaki [&hellip;]","og_url":"https:\/\/haberkuzey.com\/index.php\/2026\/03\/13\/yayman-ve-erdemden-kktcye-guclu-destek-mesaji\/","og_site_name":"Haber Kuzey","article_published_time":"2026-03-13T13:44:14+00:00","author":"haberkuzey","twitter_card":"summary_large_image","twitter_misc":{"Yazan:":"haberkuzey","Tahmini okuma s\u00fcresi":"4 dakika"},"schema":{"@context":"https:\/\/schema.org","@graph":[{"@type":"Article","@id":"https:\/\/haberkuzey.com\/index.php\/2026\/03\/13\/yayman-ve-erdemden-kktcye-guclu-destek-mesaji\/#article","isPartOf":{"@id":"https:\/\/haberkuzey.com\/index.php\/2026\/03\/13\/yayman-ve-erdemden-kktcye-guclu-destek-mesaji\/"},"author":{"name":"haberkuzey","@id":"https:\/\/haberkuzey.com\/#\/schema\/person\/3372109ec735f9333f4fa47ebb9605ca"},"headline":"YAYMAN VE ERDEM\u2019DEN KKTC\u2019YE G\u00dc\u00c7L\u00dc DESTEK MESAJI","datePublished":"2026-03-13T13:44:14+00:00","mainEntityOfPage":{"@id":"https:\/\/haberkuzey.com\/index.php\/2026\/03\/13\/yayman-ve-erdemden-kktcye-guclu-destek-mesaji\/"},"wordCount":893,"commentCount":0,"image":{"@id":"https:\/\/haberkuzey.com\/index.php\/2026\/03\/13\/yayman-ve-erdemden-kktcye-guclu-destek-mesaji\/#primaryimage"},"thumbnailUrl":"https:\/\/haberkuzey.com\/wp-content\/uploads\/2026\/03\/IMG_8128.jpeg","articleSection":["K\u0131br\u0131s"],"inLanguage":"tr","potentialAction":[{"@type":"CommentAction","name":"Comment","target":["https:\/\/haberkuzey.com\/index.php\/2026\/03\/13\/yayman-ve-erdemden-kktcye-guclu-destek-mesaji\/#respond"]}]},{"@type":"WebPage","@id":"https:\/\/haberkuzey.com\/index.php\/2026\/03\/13\/yayman-ve-erdemden-kktcye-guclu-destek-mesaji\/","url":"https:\/\/haberkuzey.com\/index.php\/2026\/03\/13\/yayman-ve-erdemden-kktcye-guclu-destek-mesaji\/","name":"YAYMAN VE ERDEM\u2019DEN KKTC\u2019YE G\u00dc\u00c7L\u00dc DESTEK MESAJI - Haber Kuzey","isPartOf":{"@id":"https:\/\/haberkuzey.com\/#website"},"primaryImageOfPage":{"@id":"https:\/\/haberkuzey.com\/index.php\/2026\/03\/13\/yayman-ve-erdemden-kktcye-guclu-destek-mesaji\/#primaryimage"},"image":{"@id":"https:\/\/haberkuzey.com\/index.php\/2026\/03\/13\/yayman-ve-erdemden-kktcye-guclu-destek-mesaji\/#primaryimage"},"thumbnailUrl":"https:\/\/haberkuzey.com\/wp-content\/uploads\/2026\/03\/IMG_8128.jpeg","datePublished":"2026-03-13T13:44:14+00:00","author":{"@id":"https:\/\/haberkuzey.com\/#\/schema\/person\/3372109ec735f9333f4fa47ebb9605ca"},"breadcrumb":{"@id":"https:\/\/haberkuzey.com\/index.php\/2026\/03\/13\/yayman-ve-erdemden-kktcye-guclu-destek-mesaji\/#breadcrumb"},"inLanguage":"tr","potentialAction":[{"@type":"ReadAction","target":["https:\/\/haberkuzey.com\/index.php\/2026\/03\/13\/yayman-ve-erdemden-kktcye-guclu-destek-mesaji\/"]}]},{"@type":"ImageObject","inLanguage":"tr","@id":"https:\/\/haberkuzey.com\/index.php\/2026\/03\/13\/yayman-ve-erdemden-kktcye-guclu-destek-mesaji\/#primaryimage","url":"https:\/\/haberkuzey.com\/wp-content\/uploads\/2026\/03\/IMG_8128.jpeg","contentUrl":"https:\/\/haberkuzey.com\/wp-content\/uploads\/2026\/03\/IMG_8128.jpeg","width":1200,"height":648},{"@type":"BreadcrumbList","@id":"https:\/\/haberkuzey.com\/index.php\/2026\/03\/13\/yayman-ve-erdemden-kktcye-guclu-destek-mesaji\/#breadcrumb","itemListElement":[{"@type":"ListItem","position":1,"name":"Anasayfa","item":"https:\/\/haberkuzey.com\/"},{"@type":"ListItem","position":2,"name":"YAYMAN VE ERDEM\u2019DEN KKTC\u2019YE G\u00dc\u00c7L\u00dc DESTEK MESAJI"}]},{"@type":"WebSite","@id":"https:\/\/haberkuzey.com\/#website","url":"https:\/\/haberkuzey.com\/","name":"Haber Kuzey","description":"Do\u011fru Haberin Adresi","potentialAction":[{"@type":"SearchAction","target":{"@type":"EntryPoint","urlTemplate":"https:\/\/haberkuzey.com\/?s={search_term_string}"},"query-input":{"@type":"PropertyValueSpecification","valueRequired":true,"valueName":"search_term_string"}}],"inLanguage":"tr"},{"@type":"Person","@id":"https:\/\/haberkuzey.com\/#\/schema\/person\/3372109ec735f9333f4fa47ebb9605ca","name":"haberkuzey","image":{"@type":"ImageObject","inLanguage":"tr","@id":"https:\/\/secure.gravatar.com\/avatar\/f5fc875574b1575324358c3b9e6a32b8227aa5b74f3fa22e3cadb63e26fcc39c?s=96&d=mm&r=g","url":"https:\/\/secure.gravatar.com\/avatar\/f5fc875574b1575324358c3b9e6a32b8227aa5b74f3fa22e3cadb63e26fcc39c?s=96&d=mm&r=g","contentUrl":"https:\/\/secure.gravatar.com\/avatar\/f5fc875574b1575324358c3b9e6a32b8227aa5b74f3fa22e3cadb63e26fcc39c?s=96&d=mm&r=g","caption":"haberkuzey"},"sameAs":["https:\/\/haberkuzey.com"],"url":"https:\/\/haberkuzey.com\/index.php\/author\/haberkuzey\/"}]}},"_links":{"self":[{"href":"https:\/\/haberkuzey.com\/index.php\/wp-json\/wp\/v2\/posts\/35228","targetHints":{"allow":["GET"]}}],"collection":[{"href":"https:\/\/haberkuzey.com\/index.php\/wp-json\/wp\/v2\/posts"}],"about":[{"href":"https:\/\/haberkuzey.com\/index.php\/wp-json\/wp\/v2\/types\/post"}],"author":[{"embeddable":true,"href":"https:\/\/haberkuzey.com\/index.php\/wp-json\/wp\/v2\/users\/1"}],"replies":[{"embeddable":true,"href":"https:\/\/haberkuzey.com\/index.php\/wp-json\/wp\/v2\/comments?post=35228"}],"version-history":[{"count":0,"href":"https:\/\/haberkuzey.com\/index.php\/wp-json\/wp\/v2\/posts\/35228\/revisions"}],"wp:featuredmedia":[{"embeddable":true,"href":"https:\/\/haberkuzey.com\/index.php\/wp-json\/wp\/v2\/media\/35229"}],"wp:attachment":[{"href":"https:\/\/haberkuzey.com\/index.php\/wp-json\/wp\/v2\/media?parent=35228"}],"wp:term":[{"taxonomy":"category","embeddable":true,"href":"https:\/\/haberkuzey.com\/index.php\/wp-json\/wp\/v2\/categories?post=35228"},{"taxonomy":"post_tag","embeddable":true,"href":"https:\/\/haberkuzey.com\/index.php\/wp-json\/wp\/v2\/tags?post=35228"}],"curies":[{"name":"wp","href":"https:\/\/api.w.org\/{rel}","templated":true}]}}