{"id":35226,"date":"2026-03-13T15:32:03","date_gmt":"2026-03-13T13:32:03","guid":{"rendered":"https:\/\/haberkuzey.com\/index.php\/2026\/03\/13\/sendikal-haklar-calisma-hayatinin-temelidir\/"},"modified":"2026-03-13T15:32:03","modified_gmt":"2026-03-13T13:32:03","slug":"sendikal-haklar-calisma-hayatinin-temelidir","status":"publish","type":"post","link":"https:\/\/haberkuzey.com\/index.php\/2026\/03\/13\/sendikal-haklar-calisma-hayatinin-temelidir\/","title":{"rendered":"Sendikal haklar \u00e7al\u0131\u015fma hayat\u0131n\u0131n temelidir."},"content":{"rendered":"<p>&nbsp;<\/p>\n<p>Atan, s\u00fcrecin diyalog ve kar\u015f\u0131l\u0131kl\u0131 anlay\u0131\u015fla sonu\u00e7lanmas\u0131n\u0131n hem \u00e7al\u0131\u015fanlar hem de \u00fclke ekonomisi a\u00e7\u0131s\u0131ndan \u00f6nemli oldu\u011funu belirtti. Ba\u015fbakan \u00dcnal \u00dcstel ba\u015fta olmak \u00fczere h\u00fck\u00fcmetin ve \u00c7al\u0131\u015fma Bakanl\u0131\u011f\u0131\u2019n\u0131n s\u00fcrece katk\u0131 koymas\u0131n\u0131n \u00e7\u00f6z\u00fcm\u00fcn sa\u011flanmas\u0131nda etkili oldu\u011funu ifade etti.<\/p>\n<p>\u201cSendikal haklar demokrasinin ve \u00e7al\u0131\u015fma hayat\u0131n\u0131n temelidir\u201d diyen Atan, i\u015f\u00e7ilerin haklar\u0131n\u0131n korunmas\u0131 ve geli\u015ftirilmesi a\u00e7\u0131s\u0131ndan sendikal m\u00fccadelenin b\u00fcy\u00fck \u00f6nem ta\u015f\u0131d\u0131\u011f\u0131n\u0131 vurgulad\u0131. \u00c7al\u0131\u015fanlar\u0131n eme\u011finin kar\u015f\u0131l\u0131\u011f\u0131n\u0131 almas\u0131n\u0131n sosyal adaletin gere\u011fi oldu\u011funu belirten Atan, toplu i\u015f s\u00f6zle\u015fmesi mekanizmas\u0131n\u0131n \u00e7al\u0131\u015fma bar\u0131\u015f\u0131n\u0131 g\u00fc\u00e7lendirdi\u011fini s\u00f6yledi.<\/p>\n<p>Atan ayr\u0131ca, \u00fcretimin yeniden ba\u015flamas\u0131n\u0131n \u00fclke ekonomisi a\u00e7\u0131s\u0131ndan \u00f6nemli oldu\u011funu belirterek, \u00e7al\u0131\u015fma hayat\u0131nda sorunlar\u0131n diyalog ve uzla\u015f\u0131yla \u00e7\u00f6z\u00fclmesinin en do\u011fru yol oldu\u011funu kaydetti<\/p>\n<p>Sendikal haklar \u00e7al\u0131\u015fma hayat\u0131n\u0131n temelidir. yaz\u0131s\u0131 ilk \u00f6nce K\u0131br\u0131s Hakikat \u00fczerinde ortaya \u00e7\u0131kt\u0131.<\/p>\n","protected":false},"excerpt":{"rendered":"<p>&nbsp; Atan, s\u00fcrecin diyalog ve kar\u015f\u0131l\u0131kl\u0131 anlay\u0131\u015fla sonu\u00e7lanmas\u0131n\u0131n hem \u00e7al\u0131\u015fanlar hem de \u00fclke ekonomisi a\u00e7\u0131s\u0131ndan \u00f6nemli oldu\u011funu belirtti. Ba\u015fbakan \u00dcnal \u00dcstel ba\u015fta olmak \u00fczere h\u00fck\u00fcmetin ve \u00c7al\u0131\u015fma Bakanl\u0131\u011f\u0131\u2019n\u0131n s\u00fcrece katk\u0131 koymas\u0131n\u0131n \u00e7\u00f6z\u00fcm\u00fcn sa\u011flanmas\u0131nda etkili oldu\u011funu ifade etti. \u201cSendikal haklar demokrasinin ve \u00e7al\u0131\u015fma hayat\u0131n\u0131n temelidir\u201d diyen Atan, i\u015f\u00e7ilerin haklar\u0131n\u0131n korunmas\u0131 ve geli\u015ftirilmesi a\u00e7\u0131s\u0131ndan sendikal m\u00fccadelenin b\u00fcy\u00fck [&hellip;]<\/p>\n","protected":false},"author":1,"featured_media":35227,"comment_status":"open","ping_status":"open","sticky":false,"template":"","format":"standard","meta":{"jnews-multi-image_gallery":[],"jnews_single_post":[],"jnews_primary_category":[],"footnotes":""},"categories":[1],"tags":[],"class_list":["post-35226","post","type-post","status-publish","format-standard","has-post-thumbnail","hentry","category-kibris"],"yoast_head":"<!-- This site is optimized with the Yoast SEO plugin v27.5 - https:\/\/yoast.com\/product\/yoast-seo-wordpress\/ -->\n<title>Sendikal haklar \u00e7al\u0131\u015fma hayat\u0131n\u0131n temelidir. - Haber Kuzey<\/title>\n<meta name=\"robots\" content=\"index, follow, max-snippet:-1, max-image-preview:large, max-video-preview:-1\" \/>\n<link rel=\"canonical\" href=\"https:\/\/haberkuzey.com\/index.php\/2026\/03\/13\/sendikal-haklar-calisma-hayatinin-temelidir\/\" \/>\n<meta property=\"og:locale\" content=\"tr_TR\" \/>\n<meta property=\"og:type\" content=\"article\" \/>\n<meta property=\"og:title\" content=\"Sendikal haklar \u00e7al\u0131\u015fma hayat\u0131n\u0131n temelidir. - Haber Kuzey\" \/>\n<meta property=\"og:description\" content=\"&nbsp; Atan, s\u00fcrecin diyalog ve kar\u015f\u0131l\u0131kl\u0131 anlay\u0131\u015fla sonu\u00e7lanmas\u0131n\u0131n hem \u00e7al\u0131\u015fanlar hem de \u00fclke ekonomisi a\u00e7\u0131s\u0131ndan \u00f6nemli oldu\u011funu belirtti. Ba\u015fbakan \u00dcnal \u00dcstel ba\u015fta olmak \u00fczere h\u00fck\u00fcmetin ve \u00c7al\u0131\u015fma Bakanl\u0131\u011f\u0131\u2019n\u0131n s\u00fcrece katk\u0131 koymas\u0131n\u0131n \u00e7\u00f6z\u00fcm\u00fcn sa\u011flanmas\u0131nda etkili oldu\u011funu ifade etti. \u201cSendikal haklar demokrasinin ve \u00e7al\u0131\u015fma hayat\u0131n\u0131n temelidir\u201d diyen Atan, i\u015f\u00e7ilerin haklar\u0131n\u0131n korunmas\u0131 ve geli\u015ftirilmesi a\u00e7\u0131s\u0131ndan sendikal m\u00fccadelenin b\u00fcy\u00fck [&hellip;]\" \/>\n<meta property=\"og:url\" content=\"https:\/\/haberkuzey.com\/index.php\/2026\/03\/13\/sendikal-haklar-calisma-hayatinin-temelidir\/\" \/>\n<meta property=\"og:site_name\" content=\"Haber Kuzey\" \/>\n<meta property=\"article:published_time\" content=\"2026-03-13T13:32:03+00:00\" \/>\n<meta name=\"author\" content=\"haberkuzey\" \/>\n<meta name=\"twitter:card\" content=\"summary_large_image\" \/>\n<meta name=\"twitter:label1\" content=\"Yazan:\" \/>\n\t<meta name=\"twitter:data1\" content=\"haberkuzey\" \/>\n\t<meta name=\"twitter:label2\" content=\"Tahmini okuma s\u00fcresi\" \/>\n\t<meta name=\"twitter:data2\" content=\"1 dakika\" \/>\n<script type=\"application\/ld+json\" class=\"yoast-schema-graph\">{\"@context\":\"https:\\\/\\\/schema.org\",\"@graph\":[{\"@type\":\"Article\",\"@id\":\"https:\\\/\\\/haberkuzey.com\\\/index.php\\\/2026\\\/03\\\/13\\\/sendikal-haklar-calisma-hayatinin-temelidir\\\/#article\",\"isPartOf\":{\"@id\":\"https:\\\/\\\/haberkuzey.com\\\/index.php\\\/2026\\\/03\\\/13\\\/sendikal-haklar-calisma-hayatinin-temelidir\\\/\"},\"author\":{\"name\":\"haberkuzey\",\"@id\":\"https:\\\/\\\/haberkuzey.com\\\/#\\\/schema\\\/person\\\/3372109ec735f9333f4fa47ebb9605ca\"},\"headline\":\"Sendikal haklar \u00e7al\u0131\u015fma hayat\u0131n\u0131n temelidir.\",\"datePublished\":\"2026-03-13T13:32:03+00:00\",\"mainEntityOfPage\":{\"@id\":\"https:\\\/\\\/haberkuzey.com\\\/index.php\\\/2026\\\/03\\\/13\\\/sendikal-haklar-calisma-hayatinin-temelidir\\\/\"},\"wordCount\":198,\"commentCount\":0,\"image\":{\"@id\":\"https:\\\/\\\/haberkuzey.com\\\/index.php\\\/2026\\\/03\\\/13\\\/sendikal-haklar-calisma-hayatinin-temelidir\\\/#primaryimage\"},\"thumbnailUrl\":\"https:\\\/\\\/haberkuzey.com\\\/wp-content\\\/uploads\\\/2026\\\/03\\\/IMG_8127.jpeg\",\"articleSection\":[\"K\u0131br\u0131s\"],\"inLanguage\":\"tr\",\"potentialAction\":[{\"@type\":\"CommentAction\",\"name\":\"Comment\",\"target\":[\"https:\\\/\\\/haberkuzey.com\\\/index.php\\\/2026\\\/03\\\/13\\\/sendikal-haklar-calisma-hayatinin-temelidir\\\/#respond\"]}]},{\"@type\":\"WebPage\",\"@id\":\"https:\\\/\\\/haberkuzey.com\\\/index.php\\\/2026\\\/03\\\/13\\\/sendikal-haklar-calisma-hayatinin-temelidir\\\/\",\"url\":\"https:\\\/\\\/haberkuzey.com\\\/index.php\\\/2026\\\/03\\\/13\\\/sendikal-haklar-calisma-hayatinin-temelidir\\\/\",\"name\":\"Sendikal haklar \u00e7al\u0131\u015fma hayat\u0131n\u0131n temelidir. - Haber Kuzey\",\"isPartOf\":{\"@id\":\"https:\\\/\\\/haberkuzey.com\\\/#website\"},\"primaryImageOfPage\":{\"@id\":\"https:\\\/\\\/haberkuzey.com\\\/index.php\\\/2026\\\/03\\\/13\\\/sendikal-haklar-calisma-hayatinin-temelidir\\\/#primaryimage\"},\"image\":{\"@id\":\"https:\\\/\\\/haberkuzey.com\\\/index.php\\\/2026\\\/03\\\/13\\\/sendikal-haklar-calisma-hayatinin-temelidir\\\/#primaryimage\"},\"thumbnailUrl\":\"https:\\\/\\\/haberkuzey.com\\\/wp-content\\\/uploads\\\/2026\\\/03\\\/IMG_8127.jpeg\",\"datePublished\":\"2026-03-13T13:32:03+00:00\",\"author\":{\"@id\":\"https:\\\/\\\/haberkuzey.com\\\/#\\\/schema\\\/person\\\/3372109ec735f9333f4fa47ebb9605ca\"},\"breadcrumb\":{\"@id\":\"https:\\\/\\\/haberkuzey.com\\\/index.php\\\/2026\\\/03\\\/13\\\/sendikal-haklar-calisma-hayatinin-temelidir\\\/#breadcrumb\"},\"inLanguage\":\"tr\",\"potentialAction\":[{\"@type\":\"ReadAction\",\"target\":[\"https:\\\/\\\/haberkuzey.com\\\/index.php\\\/2026\\\/03\\\/13\\\/sendikal-haklar-calisma-hayatinin-temelidir\\\/\"]}]},{\"@type\":\"ImageObject\",\"inLanguage\":\"tr\",\"@id\":\"https:\\\/\\\/haberkuzey.com\\\/index.php\\\/2026\\\/03\\\/13\\\/sendikal-haklar-calisma-hayatinin-temelidir\\\/#primaryimage\",\"url\":\"https:\\\/\\\/haberkuzey.com\\\/wp-content\\\/uploads\\\/2026\\\/03\\\/IMG_8127.jpeg\",\"contentUrl\":\"https:\\\/\\\/haberkuzey.com\\\/wp-content\\\/uploads\\\/2026\\\/03\\\/IMG_8127.jpeg\",\"width\":1396,\"height\":782},{\"@type\":\"BreadcrumbList\",\"@id\":\"https:\\\/\\\/haberkuzey.com\\\/index.php\\\/2026\\\/03\\\/13\\\/sendikal-haklar-calisma-hayatinin-temelidir\\\/#breadcrumb\",\"itemListElement\":[{\"@type\":\"ListItem\",\"position\":1,\"name\":\"Anasayfa\",\"item\":\"https:\\\/\\\/haberkuzey.com\\\/\"},{\"@type\":\"ListItem\",\"position\":2,\"name\":\"Sendikal haklar \u00e7al\u0131\u015fma hayat\u0131n\u0131n temelidir.\"}]},{\"@type\":\"WebSite\",\"@id\":\"https:\\\/\\\/haberkuzey.com\\\/#website\",\"url\":\"https:\\\/\\\/haberkuzey.com\\\/\",\"name\":\"Haber Kuzey\",\"description\":\"Do\u011fru Haberin Adresi\",\"potentialAction\":[{\"@type\":\"SearchAction\",\"target\":{\"@type\":\"EntryPoint\",\"urlTemplate\":\"https:\\\/\\\/haberkuzey.com\\\/?s={search_term_string}\"},\"query-input\":{\"@type\":\"PropertyValueSpecification\",\"valueRequired\":true,\"valueName\":\"search_term_string\"}}],\"inLanguage\":\"tr\"},{\"@type\":\"Person\",\"@id\":\"https:\\\/\\\/haberkuzey.com\\\/#\\\/schema\\\/person\\\/3372109ec735f9333f4fa47ebb9605ca\",\"name\":\"haberkuzey\",\"image\":{\"@type\":\"ImageObject\",\"inLanguage\":\"tr\",\"@id\":\"https:\\\/\\\/secure.gravatar.com\\\/avatar\\\/f5fc875574b1575324358c3b9e6a32b8227aa5b74f3fa22e3cadb63e26fcc39c?s=96&d=mm&r=g\",\"url\":\"https:\\\/\\\/secure.gravatar.com\\\/avatar\\\/f5fc875574b1575324358c3b9e6a32b8227aa5b74f3fa22e3cadb63e26fcc39c?s=96&d=mm&r=g\",\"contentUrl\":\"https:\\\/\\\/secure.gravatar.com\\\/avatar\\\/f5fc875574b1575324358c3b9e6a32b8227aa5b74f3fa22e3cadb63e26fcc39c?s=96&d=mm&r=g\",\"caption\":\"haberkuzey\"},\"sameAs\":[\"https:\\\/\\\/haberkuzey.com\"],\"url\":\"https:\\\/\\\/haberkuzey.com\\\/index.php\\\/author\\\/haberkuzey\\\/\"}]}<\/script>\n<!-- \/ Yoast SEO plugin. -->","yoast_head_json":{"title":"Sendikal haklar \u00e7al\u0131\u015fma hayat\u0131n\u0131n temelidir. - Haber Kuzey","robots":{"index":"index","follow":"follow","max-snippet":"max-snippet:-1","max-image-preview":"max-image-preview:large","max-video-preview":"max-video-preview:-1"},"canonical":"https:\/\/haberkuzey.com\/index.php\/2026\/03\/13\/sendikal-haklar-calisma-hayatinin-temelidir\/","og_locale":"tr_TR","og_type":"article","og_title":"Sendikal haklar \u00e7al\u0131\u015fma hayat\u0131n\u0131n temelidir. - Haber Kuzey","og_description":"&nbsp; Atan, s\u00fcrecin diyalog ve kar\u015f\u0131l\u0131kl\u0131 anlay\u0131\u015fla sonu\u00e7lanmas\u0131n\u0131n hem \u00e7al\u0131\u015fanlar hem de \u00fclke ekonomisi a\u00e7\u0131s\u0131ndan \u00f6nemli oldu\u011funu belirtti. Ba\u015fbakan \u00dcnal \u00dcstel ba\u015fta olmak \u00fczere h\u00fck\u00fcmetin ve \u00c7al\u0131\u015fma Bakanl\u0131\u011f\u0131\u2019n\u0131n s\u00fcrece katk\u0131 koymas\u0131n\u0131n \u00e7\u00f6z\u00fcm\u00fcn sa\u011flanmas\u0131nda etkili oldu\u011funu ifade etti. \u201cSendikal haklar demokrasinin ve \u00e7al\u0131\u015fma hayat\u0131n\u0131n temelidir\u201d diyen Atan, i\u015f\u00e7ilerin haklar\u0131n\u0131n korunmas\u0131 ve geli\u015ftirilmesi a\u00e7\u0131s\u0131ndan sendikal m\u00fccadelenin b\u00fcy\u00fck [&hellip;]","og_url":"https:\/\/haberkuzey.com\/index.php\/2026\/03\/13\/sendikal-haklar-calisma-hayatinin-temelidir\/","og_site_name":"Haber Kuzey","article_published_time":"2026-03-13T13:32:03+00:00","author":"haberkuzey","twitter_card":"summary_large_image","twitter_misc":{"Yazan:":"haberkuzey","Tahmini okuma s\u00fcresi":"1 dakika"},"schema":{"@context":"https:\/\/schema.org","@graph":[{"@type":"Article","@id":"https:\/\/haberkuzey.com\/index.php\/2026\/03\/13\/sendikal-haklar-calisma-hayatinin-temelidir\/#article","isPartOf":{"@id":"https:\/\/haberkuzey.com\/index.php\/2026\/03\/13\/sendikal-haklar-calisma-hayatinin-temelidir\/"},"author":{"name":"haberkuzey","@id":"https:\/\/haberkuzey.com\/#\/schema\/person\/3372109ec735f9333f4fa47ebb9605ca"},"headline":"Sendikal haklar \u00e7al\u0131\u015fma hayat\u0131n\u0131n temelidir.","datePublished":"2026-03-13T13:32:03+00:00","mainEntityOfPage":{"@id":"https:\/\/haberkuzey.com\/index.php\/2026\/03\/13\/sendikal-haklar-calisma-hayatinin-temelidir\/"},"wordCount":198,"commentCount":0,"image":{"@id":"https:\/\/haberkuzey.com\/index.php\/2026\/03\/13\/sendikal-haklar-calisma-hayatinin-temelidir\/#primaryimage"},"thumbnailUrl":"https:\/\/haberkuzey.com\/wp-content\/uploads\/2026\/03\/IMG_8127.jpeg","articleSection":["K\u0131br\u0131s"],"inLanguage":"tr","potentialAction":[{"@type":"CommentAction","name":"Comment","target":["https:\/\/haberkuzey.com\/index.php\/2026\/03\/13\/sendikal-haklar-calisma-hayatinin-temelidir\/#respond"]}]},{"@type":"WebPage","@id":"https:\/\/haberkuzey.com\/index.php\/2026\/03\/13\/sendikal-haklar-calisma-hayatinin-temelidir\/","url":"https:\/\/haberkuzey.com\/index.php\/2026\/03\/13\/sendikal-haklar-calisma-hayatinin-temelidir\/","name":"Sendikal haklar \u00e7al\u0131\u015fma hayat\u0131n\u0131n temelidir. - Haber Kuzey","isPartOf":{"@id":"https:\/\/haberkuzey.com\/#website"},"primaryImageOfPage":{"@id":"https:\/\/haberkuzey.com\/index.php\/2026\/03\/13\/sendikal-haklar-calisma-hayatinin-temelidir\/#primaryimage"},"image":{"@id":"https:\/\/haberkuzey.com\/index.php\/2026\/03\/13\/sendikal-haklar-calisma-hayatinin-temelidir\/#primaryimage"},"thumbnailUrl":"https:\/\/haberkuzey.com\/wp-content\/uploads\/2026\/03\/IMG_8127.jpeg","datePublished":"2026-03-13T13:32:03+00:00","author":{"@id":"https:\/\/haberkuzey.com\/#\/schema\/person\/3372109ec735f9333f4fa47ebb9605ca"},"breadcrumb":{"@id":"https:\/\/haberkuzey.com\/index.php\/2026\/03\/13\/sendikal-haklar-calisma-hayatinin-temelidir\/#breadcrumb"},"inLanguage":"tr","potentialAction":[{"@type":"ReadAction","target":["https:\/\/haberkuzey.com\/index.php\/2026\/03\/13\/sendikal-haklar-calisma-hayatinin-temelidir\/"]}]},{"@type":"ImageObject","inLanguage":"tr","@id":"https:\/\/haberkuzey.com\/index.php\/2026\/03\/13\/sendikal-haklar-calisma-hayatinin-temelidir\/#primaryimage","url":"https:\/\/haberkuzey.com\/wp-content\/uploads\/2026\/03\/IMG_8127.jpeg","contentUrl":"https:\/\/haberkuzey.com\/wp-content\/uploads\/2026\/03\/IMG_8127.jpeg","width":1396,"height":782},{"@type":"BreadcrumbList","@id":"https:\/\/haberkuzey.com\/index.php\/2026\/03\/13\/sendikal-haklar-calisma-hayatinin-temelidir\/#breadcrumb","itemListElement":[{"@type":"ListItem","position":1,"name":"Anasayfa","item":"https:\/\/haberkuzey.com\/"},{"@type":"ListItem","position":2,"name":"Sendikal haklar \u00e7al\u0131\u015fma hayat\u0131n\u0131n temelidir."}]},{"@type":"WebSite","@id":"https:\/\/haberkuzey.com\/#website","url":"https:\/\/haberkuzey.com\/","name":"Haber Kuzey","description":"Do\u011fru Haberin Adresi","potentialAction":[{"@type":"SearchAction","target":{"@type":"EntryPoint","urlTemplate":"https:\/\/haberkuzey.com\/?s={search_term_string}"},"query-input":{"@type":"PropertyValueSpecification","valueRequired":true,"valueName":"search_term_string"}}],"inLanguage":"tr"},{"@type":"Person","@id":"https:\/\/haberkuzey.com\/#\/schema\/person\/3372109ec735f9333f4fa47ebb9605ca","name":"haberkuzey","image":{"@type":"ImageObject","inLanguage":"tr","@id":"https:\/\/secure.gravatar.com\/avatar\/f5fc875574b1575324358c3b9e6a32b8227aa5b74f3fa22e3cadb63e26fcc39c?s=96&d=mm&r=g","url":"https:\/\/secure.gravatar.com\/avatar\/f5fc875574b1575324358c3b9e6a32b8227aa5b74f3fa22e3cadb63e26fcc39c?s=96&d=mm&r=g","contentUrl":"https:\/\/secure.gravatar.com\/avatar\/f5fc875574b1575324358c3b9e6a32b8227aa5b74f3fa22e3cadb63e26fcc39c?s=96&d=mm&r=g","caption":"haberkuzey"},"sameAs":["https:\/\/haberkuzey.com"],"url":"https:\/\/haberkuzey.com\/index.php\/author\/haberkuzey\/"}]}},"_links":{"self":[{"href":"https:\/\/haberkuzey.com\/index.php\/wp-json\/wp\/v2\/posts\/35226","targetHints":{"allow":["GET"]}}],"collection":[{"href":"https:\/\/haberkuzey.com\/index.php\/wp-json\/wp\/v2\/posts"}],"about":[{"href":"https:\/\/haberkuzey.com\/index.php\/wp-json\/wp\/v2\/types\/post"}],"author":[{"embeddable":true,"href":"https:\/\/haberkuzey.com\/index.php\/wp-json\/wp\/v2\/users\/1"}],"replies":[{"embeddable":true,"href":"https:\/\/haberkuzey.com\/index.php\/wp-json\/wp\/v2\/comments?post=35226"}],"version-history":[{"count":0,"href":"https:\/\/haberkuzey.com\/index.php\/wp-json\/wp\/v2\/posts\/35226\/revisions"}],"wp:featuredmedia":[{"embeddable":true,"href":"https:\/\/haberkuzey.com\/index.php\/wp-json\/wp\/v2\/media\/35227"}],"wp:attachment":[{"href":"https:\/\/haberkuzey.com\/index.php\/wp-json\/wp\/v2\/media?parent=35226"}],"wp:term":[{"taxonomy":"category","embeddable":true,"href":"https:\/\/haberkuzey.com\/index.php\/wp-json\/wp\/v2\/categories?post=35226"},{"taxonomy":"post_tag","embeddable":true,"href":"https:\/\/haberkuzey.com\/index.php\/wp-json\/wp\/v2\/tags?post=35226"}],"curies":[{"name":"wp","href":"https:\/\/api.w.org\/{rel}","templated":true}]}}