{"id":35224,"date":"2026-03-13T08:01:05","date_gmt":"2026-03-13T06:01:05","guid":{"rendered":"https:\/\/haberkuzey.com\/index.php\/2026\/03\/13\/turkiye-genclik-bakani-osman-askin-bak-spora-ambargo-konulmasina-karsiyiz\/"},"modified":"2026-03-13T08:01:05","modified_gmt":"2026-03-13T06:01:05","slug":"turkiye-genclik-bakani-osman-askin-bak-spora-ambargo-konulmasina-karsiyiz","status":"publish","type":"post","link":"https:\/\/haberkuzey.com\/index.php\/2026\/03\/13\/turkiye-genclik-bakani-osman-askin-bak-spora-ambargo-konulmasina-karsiyiz\/","title":{"rendered":"T\u00fcrkiye Gen\u00e7lik Bakan\u0131 Osman A\u015fk\u0131n Bak: Spora ambargo konulmas\u0131na kar\u015f\u0131y\u0131z"},"content":{"rendered":"<p>T\u00fcrkiye Gen\u00e7lik ve Spor Bakan\u0131 Osman A\u015fk\u0131n Bak, sporun siyasi ya da ba\u015fka sebeplerle engellenmemesi gerekti\u011fini belirterek, &#8220;Spora ambargo konulmas\u0131na kar\u015f\u0131y\u0131z.&#8221; ifadesini kulland\u0131.<\/p>\n<p>\u00c7e\u015fitli temaslarda bulunmak \u00fczere Kuzey K\u0131br\u0131s&#8217;ta bulunan Gen\u00e7lik ve Spor Bakan\u0131 Osman A\u015fk\u0131n Bak, Cumhurba\u015fkan\u0131 Tufan Erh\u00fcrman ile Cumhurba\u015fkanl\u0131\u011f\u0131 Yerle\u015fkesinde d\u00fczenlenen &#8220;Gen\u00e7 Ba\u015far\u0131 Program\u0131&#8221;n\u0131n tan\u0131t\u0131m\u0131na kat\u0131ld\u0131.<\/p>\n<p>Bakan Bak, burada yapt\u0131\u011f\u0131 konu\u015fmada, T\u00fcrkiye Milli Tak\u0131m\u0131&#8217;n\u0131n Kuzey K\u0131br\u0131s&#8217;l\u0131 badminton oyuncusu Nehir Deniz&#8217;in ba\u015far\u0131lar\u0131na dikkat \u00e7ekerek, sporda ba\u015far\u0131 i\u00e7in ailenin deste\u011finin \u00f6nemli oldu\u011funu s\u00f6yledi.<\/p>\n<p>T\u00fcrkiye olarak Kuzey K\u0131br\u0131s&#8217;a gerek tesis gerekse di\u011fer alanlarda her t\u00fcrl\u00fc deste\u011fi verdiklerine i\u015faret eden Bak, bundan sonra da destek vermeye devam edeceklerini vurgulad\u0131.<\/p>\n<p>Sporun \u00f6n\u00fcndeki engellerden birinin de ambargolar oldu\u011funu dile getiren Bak, sporun evrensel bir g\u00fc\u00e7 oldu\u011funu anlatt\u0131.<\/p>\n<p>Bak, sporun siyasi ya da ba\u015fka sebeplerle engellenmemesi gerekti\u011fini belirterek, \u015funlar\u0131 kaydetti:<\/p>\n<p>&#8220;Spora ambargo konulmas\u0131na kar\u015f\u0131y\u0131z. Spor engellenmemeli. Bu gen\u00e7lerin heyecanlar\u0131, kapasiteleri, vizyonlar\u0131, \u00fclkelerini temsil etme arzular\u0131 hi\u00e7bir \u015fekilde engellenmemeli. Sporun bu evrensel dilini kullanmam\u0131z laz\u0131m. Spor ve sporcu engel tan\u0131maz. Y\u00fcrekleri spor a\u015fk\u0131yla dolu bu gen\u00e7leri hi\u00e7 kimse engelleyemez.&#8221;<\/p>\n<p>Kuzey K\u0131br\u0131s&#8217;taki gen\u00e7lere y\u00f6nelik yeni programlar\u0131n planland\u0131\u011f\u0131n\u0131 ve \u00e7e\u015fitli spor organizasyonlar\u0131n\u0131n g\u00fcndemde oldu\u011funu kaydeden Bak, &#8220;Alt liglerde \u00e7e\u015fitli turnuvalar\u0131n yap\u0131lmas\u0131 noktas\u0131nda bir \u00e7al\u0131\u015fma s\u00fcreci \u00f6ng\u00f6r\u00fcyoruz.&#8221; dedi.<\/p>\n<p>T\u00fcrkiye Gen\u00e7lik Bakan\u0131 Osman A\u015fk\u0131n Bak: Spora ambargo konulmas\u0131na kar\u015f\u0131y\u0131z yaz\u0131s\u0131 ilk \u00f6nce K\u0131br\u0131s Hakikat \u00fczerinde ortaya \u00e7\u0131kt\u0131.<\/p>\n","protected":false},"excerpt":{"rendered":"<p>T\u00fcrkiye Gen\u00e7lik ve Spor Bakan\u0131 Osman A\u015fk\u0131n Bak, sporun siyasi ya da ba\u015fka sebeplerle engellenmemesi gerekti\u011fini belirterek, &#8220;Spora ambargo konulmas\u0131na kar\u015f\u0131y\u0131z.&#8221; ifadesini kulland\u0131. \u00c7e\u015fitli temaslarda bulunmak \u00fczere Kuzey K\u0131br\u0131s&#8217;ta bulunan Gen\u00e7lik ve Spor Bakan\u0131 Osman A\u015fk\u0131n Bak, Cumhurba\u015fkan\u0131 Tufan Erh\u00fcrman ile Cumhurba\u015fkanl\u0131\u011f\u0131 Yerle\u015fkesinde d\u00fczenlenen &#8220;Gen\u00e7 Ba\u015far\u0131 Program\u0131&#8221;n\u0131n tan\u0131t\u0131m\u0131na kat\u0131ld\u0131. Bakan Bak, burada yapt\u0131\u011f\u0131 konu\u015fmada, T\u00fcrkiye [&hellip;]<\/p>\n","protected":false},"author":1,"featured_media":35225,"comment_status":"open","ping_status":"open","sticky":false,"template":"","format":"standard","meta":{"jnews-multi-image_gallery":[],"jnews_single_post":[],"jnews_primary_category":[],"footnotes":""},"categories":[1],"tags":[],"class_list":["post-35224","post","type-post","status-publish","format-standard","has-post-thumbnail","hentry","category-kibris"],"yoast_head":"<!-- This site is optimized with the Yoast SEO plugin v27.5 - https:\/\/yoast.com\/product\/yoast-seo-wordpress\/ -->\n<title>T\u00fcrkiye Gen\u00e7lik Bakan\u0131 Osman A\u015fk\u0131n Bak: Spora ambargo konulmas\u0131na kar\u015f\u0131y\u0131z - Haber Kuzey<\/title>\n<meta name=\"robots\" content=\"index, follow, max-snippet:-1, max-image-preview:large, max-video-preview:-1\" \/>\n<link rel=\"canonical\" href=\"https:\/\/haberkuzey.com\/index.php\/2026\/03\/13\/turkiye-genclik-bakani-osman-askin-bak-spora-ambargo-konulmasina-karsiyiz\/\" \/>\n<meta property=\"og:locale\" content=\"tr_TR\" \/>\n<meta property=\"og:type\" content=\"article\" \/>\n<meta property=\"og:title\" content=\"T\u00fcrkiye Gen\u00e7lik Bakan\u0131 Osman A\u015fk\u0131n Bak: Spora ambargo konulmas\u0131na kar\u015f\u0131y\u0131z - Haber Kuzey\" \/>\n<meta property=\"og:description\" content=\"T\u00fcrkiye Gen\u00e7lik ve Spor Bakan\u0131 Osman A\u015fk\u0131n Bak, sporun siyasi ya da ba\u015fka sebeplerle engellenmemesi gerekti\u011fini belirterek, &#8220;Spora ambargo konulmas\u0131na kar\u015f\u0131y\u0131z.&#8221; ifadesini kulland\u0131. \u00c7e\u015fitli temaslarda bulunmak \u00fczere Kuzey K\u0131br\u0131s&#8217;ta bulunan Gen\u00e7lik ve Spor Bakan\u0131 Osman A\u015fk\u0131n Bak, Cumhurba\u015fkan\u0131 Tufan Erh\u00fcrman ile Cumhurba\u015fkanl\u0131\u011f\u0131 Yerle\u015fkesinde d\u00fczenlenen &#8220;Gen\u00e7 Ba\u015far\u0131 Program\u0131&#8221;n\u0131n tan\u0131t\u0131m\u0131na kat\u0131ld\u0131. Bakan Bak, burada yapt\u0131\u011f\u0131 konu\u015fmada, T\u00fcrkiye [&hellip;]\" \/>\n<meta property=\"og:url\" content=\"https:\/\/haberkuzey.com\/index.php\/2026\/03\/13\/turkiye-genclik-bakani-osman-askin-bak-spora-ambargo-konulmasina-karsiyiz\/\" \/>\n<meta property=\"og:site_name\" content=\"Haber Kuzey\" \/>\n<meta property=\"article:published_time\" content=\"2026-03-13T06:01:05+00:00\" \/>\n<meta name=\"author\" content=\"haberkuzey\" \/>\n<meta name=\"twitter:card\" content=\"summary_large_image\" \/>\n<meta name=\"twitter:label1\" content=\"Yazan:\" \/>\n\t<meta name=\"twitter:data1\" content=\"haberkuzey\" \/>\n\t<meta name=\"twitter:label2\" content=\"Tahmini okuma s\u00fcresi\" \/>\n\t<meta name=\"twitter:data2\" content=\"2 dakika\" \/>\n<script type=\"application\/ld+json\" class=\"yoast-schema-graph\">{\"@context\":\"https:\\\/\\\/schema.org\",\"@graph\":[{\"@type\":\"Article\",\"@id\":\"https:\\\/\\\/haberkuzey.com\\\/index.php\\\/2026\\\/03\\\/13\\\/turkiye-genclik-bakani-osman-askin-bak-spora-ambargo-konulmasina-karsiyiz\\\/#article\",\"isPartOf\":{\"@id\":\"https:\\\/\\\/haberkuzey.com\\\/index.php\\\/2026\\\/03\\\/13\\\/turkiye-genclik-bakani-osman-askin-bak-spora-ambargo-konulmasina-karsiyiz\\\/\"},\"author\":{\"name\":\"haberkuzey\",\"@id\":\"https:\\\/\\\/haberkuzey.com\\\/#\\\/schema\\\/person\\\/3372109ec735f9333f4fa47ebb9605ca\"},\"headline\":\"T\u00fcrkiye Gen\u00e7lik Bakan\u0131 Osman A\u015fk\u0131n Bak: Spora ambargo konulmas\u0131na kar\u015f\u0131y\u0131z\",\"datePublished\":\"2026-03-13T06:01:05+00:00\",\"mainEntityOfPage\":{\"@id\":\"https:\\\/\\\/haberkuzey.com\\\/index.php\\\/2026\\\/03\\\/13\\\/turkiye-genclik-bakani-osman-askin-bak-spora-ambargo-konulmasina-karsiyiz\\\/\"},\"wordCount\":325,\"commentCount\":0,\"image\":{\"@id\":\"https:\\\/\\\/haberkuzey.com\\\/index.php\\\/2026\\\/03\\\/13\\\/turkiye-genclik-bakani-osman-askin-bak-spora-ambargo-konulmasina-karsiyiz\\\/#primaryimage\"},\"thumbnailUrl\":\"https:\\\/\\\/haberkuzey.com\\\/wp-content\\\/uploads\\\/2026\\\/03\\\/IMG_8116.webp.webp\",\"articleSection\":[\"K\u0131br\u0131s\"],\"inLanguage\":\"tr\",\"potentialAction\":[{\"@type\":\"CommentAction\",\"name\":\"Comment\",\"target\":[\"https:\\\/\\\/haberkuzey.com\\\/index.php\\\/2026\\\/03\\\/13\\\/turkiye-genclik-bakani-osman-askin-bak-spora-ambargo-konulmasina-karsiyiz\\\/#respond\"]}]},{\"@type\":\"WebPage\",\"@id\":\"https:\\\/\\\/haberkuzey.com\\\/index.php\\\/2026\\\/03\\\/13\\\/turkiye-genclik-bakani-osman-askin-bak-spora-ambargo-konulmasina-karsiyiz\\\/\",\"url\":\"https:\\\/\\\/haberkuzey.com\\\/index.php\\\/2026\\\/03\\\/13\\\/turkiye-genclik-bakani-osman-askin-bak-spora-ambargo-konulmasina-karsiyiz\\\/\",\"name\":\"T\u00fcrkiye Gen\u00e7lik Bakan\u0131 Osman A\u015fk\u0131n Bak: Spora ambargo konulmas\u0131na kar\u015f\u0131y\u0131z - Haber Kuzey\",\"isPartOf\":{\"@id\":\"https:\\\/\\\/haberkuzey.com\\\/#website\"},\"primaryImageOfPage\":{\"@id\":\"https:\\\/\\\/haberkuzey.com\\\/index.php\\\/2026\\\/03\\\/13\\\/turkiye-genclik-bakani-osman-askin-bak-spora-ambargo-konulmasina-karsiyiz\\\/#primaryimage\"},\"image\":{\"@id\":\"https:\\\/\\\/haberkuzey.com\\\/index.php\\\/2026\\\/03\\\/13\\\/turkiye-genclik-bakani-osman-askin-bak-spora-ambargo-konulmasina-karsiyiz\\\/#primaryimage\"},\"thumbnailUrl\":\"https:\\\/\\\/haberkuzey.com\\\/wp-content\\\/uploads\\\/2026\\\/03\\\/IMG_8116.webp.webp\",\"datePublished\":\"2026-03-13T06:01:05+00:00\",\"author\":{\"@id\":\"https:\\\/\\\/haberkuzey.com\\\/#\\\/schema\\\/person\\\/3372109ec735f9333f4fa47ebb9605ca\"},\"breadcrumb\":{\"@id\":\"https:\\\/\\\/haberkuzey.com\\\/index.php\\\/2026\\\/03\\\/13\\\/turkiye-genclik-bakani-osman-askin-bak-spora-ambargo-konulmasina-karsiyiz\\\/#breadcrumb\"},\"inLanguage\":\"tr\",\"potentialAction\":[{\"@type\":\"ReadAction\",\"target\":[\"https:\\\/\\\/haberkuzey.com\\\/index.php\\\/2026\\\/03\\\/13\\\/turkiye-genclik-bakani-osman-askin-bak-spora-ambargo-konulmasina-karsiyiz\\\/\"]}]},{\"@type\":\"ImageObject\",\"inLanguage\":\"tr\",\"@id\":\"https:\\\/\\\/haberkuzey.com\\\/index.php\\\/2026\\\/03\\\/13\\\/turkiye-genclik-bakani-osman-askin-bak-spora-ambargo-konulmasina-karsiyiz\\\/#primaryimage\",\"url\":\"https:\\\/\\\/haberkuzey.com\\\/wp-content\\\/uploads\\\/2026\\\/03\\\/IMG_8116.webp.webp\",\"contentUrl\":\"https:\\\/\\\/haberkuzey.com\\\/wp-content\\\/uploads\\\/2026\\\/03\\\/IMG_8116.webp.webp\",\"width\":971,\"height\":551},{\"@type\":\"BreadcrumbList\",\"@id\":\"https:\\\/\\\/haberkuzey.com\\\/index.php\\\/2026\\\/03\\\/13\\\/turkiye-genclik-bakani-osman-askin-bak-spora-ambargo-konulmasina-karsiyiz\\\/#breadcrumb\",\"itemListElement\":[{\"@type\":\"ListItem\",\"position\":1,\"name\":\"Anasayfa\",\"item\":\"https:\\\/\\\/haberkuzey.com\\\/\"},{\"@type\":\"ListItem\",\"position\":2,\"name\":\"T\u00fcrkiye Gen\u00e7lik Bakan\u0131 Osman A\u015fk\u0131n Bak: Spora ambargo konulmas\u0131na kar\u015f\u0131y\u0131z\"}]},{\"@type\":\"WebSite\",\"@id\":\"https:\\\/\\\/haberkuzey.com\\\/#website\",\"url\":\"https:\\\/\\\/haberkuzey.com\\\/\",\"name\":\"Haber Kuzey\",\"description\":\"Do\u011fru Haberin Adresi\",\"potentialAction\":[{\"@type\":\"SearchAction\",\"target\":{\"@type\":\"EntryPoint\",\"urlTemplate\":\"https:\\\/\\\/haberkuzey.com\\\/?s={search_term_string}\"},\"query-input\":{\"@type\":\"PropertyValueSpecification\",\"valueRequired\":true,\"valueName\":\"search_term_string\"}}],\"inLanguage\":\"tr\"},{\"@type\":\"Person\",\"@id\":\"https:\\\/\\\/haberkuzey.com\\\/#\\\/schema\\\/person\\\/3372109ec735f9333f4fa47ebb9605ca\",\"name\":\"haberkuzey\",\"image\":{\"@type\":\"ImageObject\",\"inLanguage\":\"tr\",\"@id\":\"https:\\\/\\\/secure.gravatar.com\\\/avatar\\\/f5fc875574b1575324358c3b9e6a32b8227aa5b74f3fa22e3cadb63e26fcc39c?s=96&d=mm&r=g\",\"url\":\"https:\\\/\\\/secure.gravatar.com\\\/avatar\\\/f5fc875574b1575324358c3b9e6a32b8227aa5b74f3fa22e3cadb63e26fcc39c?s=96&d=mm&r=g\",\"contentUrl\":\"https:\\\/\\\/secure.gravatar.com\\\/avatar\\\/f5fc875574b1575324358c3b9e6a32b8227aa5b74f3fa22e3cadb63e26fcc39c?s=96&d=mm&r=g\",\"caption\":\"haberkuzey\"},\"sameAs\":[\"https:\\\/\\\/haberkuzey.com\"],\"url\":\"https:\\\/\\\/haberkuzey.com\\\/index.php\\\/author\\\/haberkuzey\\\/\"}]}<\/script>\n<!-- \/ Yoast SEO plugin. -->","yoast_head_json":{"title":"T\u00fcrkiye Gen\u00e7lik Bakan\u0131 Osman A\u015fk\u0131n Bak: Spora ambargo konulmas\u0131na kar\u015f\u0131y\u0131z - Haber Kuzey","robots":{"index":"index","follow":"follow","max-snippet":"max-snippet:-1","max-image-preview":"max-image-preview:large","max-video-preview":"max-video-preview:-1"},"canonical":"https:\/\/haberkuzey.com\/index.php\/2026\/03\/13\/turkiye-genclik-bakani-osman-askin-bak-spora-ambargo-konulmasina-karsiyiz\/","og_locale":"tr_TR","og_type":"article","og_title":"T\u00fcrkiye Gen\u00e7lik Bakan\u0131 Osman A\u015fk\u0131n Bak: Spora ambargo konulmas\u0131na kar\u015f\u0131y\u0131z - Haber Kuzey","og_description":"T\u00fcrkiye Gen\u00e7lik ve Spor Bakan\u0131 Osman A\u015fk\u0131n Bak, sporun siyasi ya da ba\u015fka sebeplerle engellenmemesi gerekti\u011fini belirterek, &#8220;Spora ambargo konulmas\u0131na kar\u015f\u0131y\u0131z.&#8221; ifadesini kulland\u0131. \u00c7e\u015fitli temaslarda bulunmak \u00fczere Kuzey K\u0131br\u0131s&#8217;ta bulunan Gen\u00e7lik ve Spor Bakan\u0131 Osman A\u015fk\u0131n Bak, Cumhurba\u015fkan\u0131 Tufan Erh\u00fcrman ile Cumhurba\u015fkanl\u0131\u011f\u0131 Yerle\u015fkesinde d\u00fczenlenen &#8220;Gen\u00e7 Ba\u015far\u0131 Program\u0131&#8221;n\u0131n tan\u0131t\u0131m\u0131na kat\u0131ld\u0131. Bakan Bak, burada yapt\u0131\u011f\u0131 konu\u015fmada, T\u00fcrkiye [&hellip;]","og_url":"https:\/\/haberkuzey.com\/index.php\/2026\/03\/13\/turkiye-genclik-bakani-osman-askin-bak-spora-ambargo-konulmasina-karsiyiz\/","og_site_name":"Haber Kuzey","article_published_time":"2026-03-13T06:01:05+00:00","author":"haberkuzey","twitter_card":"summary_large_image","twitter_misc":{"Yazan:":"haberkuzey","Tahmini okuma s\u00fcresi":"2 dakika"},"schema":{"@context":"https:\/\/schema.org","@graph":[{"@type":"Article","@id":"https:\/\/haberkuzey.com\/index.php\/2026\/03\/13\/turkiye-genclik-bakani-osman-askin-bak-spora-ambargo-konulmasina-karsiyiz\/#article","isPartOf":{"@id":"https:\/\/haberkuzey.com\/index.php\/2026\/03\/13\/turkiye-genclik-bakani-osman-askin-bak-spora-ambargo-konulmasina-karsiyiz\/"},"author":{"name":"haberkuzey","@id":"https:\/\/haberkuzey.com\/#\/schema\/person\/3372109ec735f9333f4fa47ebb9605ca"},"headline":"T\u00fcrkiye Gen\u00e7lik Bakan\u0131 Osman A\u015fk\u0131n Bak: Spora ambargo konulmas\u0131na kar\u015f\u0131y\u0131z","datePublished":"2026-03-13T06:01:05+00:00","mainEntityOfPage":{"@id":"https:\/\/haberkuzey.com\/index.php\/2026\/03\/13\/turkiye-genclik-bakani-osman-askin-bak-spora-ambargo-konulmasina-karsiyiz\/"},"wordCount":325,"commentCount":0,"image":{"@id":"https:\/\/haberkuzey.com\/index.php\/2026\/03\/13\/turkiye-genclik-bakani-osman-askin-bak-spora-ambargo-konulmasina-karsiyiz\/#primaryimage"},"thumbnailUrl":"https:\/\/haberkuzey.com\/wp-content\/uploads\/2026\/03\/IMG_8116.webp.webp","articleSection":["K\u0131br\u0131s"],"inLanguage":"tr","potentialAction":[{"@type":"CommentAction","name":"Comment","target":["https:\/\/haberkuzey.com\/index.php\/2026\/03\/13\/turkiye-genclik-bakani-osman-askin-bak-spora-ambargo-konulmasina-karsiyiz\/#respond"]}]},{"@type":"WebPage","@id":"https:\/\/haberkuzey.com\/index.php\/2026\/03\/13\/turkiye-genclik-bakani-osman-askin-bak-spora-ambargo-konulmasina-karsiyiz\/","url":"https:\/\/haberkuzey.com\/index.php\/2026\/03\/13\/turkiye-genclik-bakani-osman-askin-bak-spora-ambargo-konulmasina-karsiyiz\/","name":"T\u00fcrkiye Gen\u00e7lik Bakan\u0131 Osman A\u015fk\u0131n Bak: Spora ambargo konulmas\u0131na kar\u015f\u0131y\u0131z - Haber Kuzey","isPartOf":{"@id":"https:\/\/haberkuzey.com\/#website"},"primaryImageOfPage":{"@id":"https:\/\/haberkuzey.com\/index.php\/2026\/03\/13\/turkiye-genclik-bakani-osman-askin-bak-spora-ambargo-konulmasina-karsiyiz\/#primaryimage"},"image":{"@id":"https:\/\/haberkuzey.com\/index.php\/2026\/03\/13\/turkiye-genclik-bakani-osman-askin-bak-spora-ambargo-konulmasina-karsiyiz\/#primaryimage"},"thumbnailUrl":"https:\/\/haberkuzey.com\/wp-content\/uploads\/2026\/03\/IMG_8116.webp.webp","datePublished":"2026-03-13T06:01:05+00:00","author":{"@id":"https:\/\/haberkuzey.com\/#\/schema\/person\/3372109ec735f9333f4fa47ebb9605ca"},"breadcrumb":{"@id":"https:\/\/haberkuzey.com\/index.php\/2026\/03\/13\/turkiye-genclik-bakani-osman-askin-bak-spora-ambargo-konulmasina-karsiyiz\/#breadcrumb"},"inLanguage":"tr","potentialAction":[{"@type":"ReadAction","target":["https:\/\/haberkuzey.com\/index.php\/2026\/03\/13\/turkiye-genclik-bakani-osman-askin-bak-spora-ambargo-konulmasina-karsiyiz\/"]}]},{"@type":"ImageObject","inLanguage":"tr","@id":"https:\/\/haberkuzey.com\/index.php\/2026\/03\/13\/turkiye-genclik-bakani-osman-askin-bak-spora-ambargo-konulmasina-karsiyiz\/#primaryimage","url":"https:\/\/haberkuzey.com\/wp-content\/uploads\/2026\/03\/IMG_8116.webp.webp","contentUrl":"https:\/\/haberkuzey.com\/wp-content\/uploads\/2026\/03\/IMG_8116.webp.webp","width":971,"height":551},{"@type":"BreadcrumbList","@id":"https:\/\/haberkuzey.com\/index.php\/2026\/03\/13\/turkiye-genclik-bakani-osman-askin-bak-spora-ambargo-konulmasina-karsiyiz\/#breadcrumb","itemListElement":[{"@type":"ListItem","position":1,"name":"Anasayfa","item":"https:\/\/haberkuzey.com\/"},{"@type":"ListItem","position":2,"name":"T\u00fcrkiye Gen\u00e7lik Bakan\u0131 Osman A\u015fk\u0131n Bak: Spora ambargo konulmas\u0131na kar\u015f\u0131y\u0131z"}]},{"@type":"WebSite","@id":"https:\/\/haberkuzey.com\/#website","url":"https:\/\/haberkuzey.com\/","name":"Haber Kuzey","description":"Do\u011fru Haberin Adresi","potentialAction":[{"@type":"SearchAction","target":{"@type":"EntryPoint","urlTemplate":"https:\/\/haberkuzey.com\/?s={search_term_string}"},"query-input":{"@type":"PropertyValueSpecification","valueRequired":true,"valueName":"search_term_string"}}],"inLanguage":"tr"},{"@type":"Person","@id":"https:\/\/haberkuzey.com\/#\/schema\/person\/3372109ec735f9333f4fa47ebb9605ca","name":"haberkuzey","image":{"@type":"ImageObject","inLanguage":"tr","@id":"https:\/\/secure.gravatar.com\/avatar\/f5fc875574b1575324358c3b9e6a32b8227aa5b74f3fa22e3cadb63e26fcc39c?s=96&d=mm&r=g","url":"https:\/\/secure.gravatar.com\/avatar\/f5fc875574b1575324358c3b9e6a32b8227aa5b74f3fa22e3cadb63e26fcc39c?s=96&d=mm&r=g","contentUrl":"https:\/\/secure.gravatar.com\/avatar\/f5fc875574b1575324358c3b9e6a32b8227aa5b74f3fa22e3cadb63e26fcc39c?s=96&d=mm&r=g","caption":"haberkuzey"},"sameAs":["https:\/\/haberkuzey.com"],"url":"https:\/\/haberkuzey.com\/index.php\/author\/haberkuzey\/"}]}},"_links":{"self":[{"href":"https:\/\/haberkuzey.com\/index.php\/wp-json\/wp\/v2\/posts\/35224","targetHints":{"allow":["GET"]}}],"collection":[{"href":"https:\/\/haberkuzey.com\/index.php\/wp-json\/wp\/v2\/posts"}],"about":[{"href":"https:\/\/haberkuzey.com\/index.php\/wp-json\/wp\/v2\/types\/post"}],"author":[{"embeddable":true,"href":"https:\/\/haberkuzey.com\/index.php\/wp-json\/wp\/v2\/users\/1"}],"replies":[{"embeddable":true,"href":"https:\/\/haberkuzey.com\/index.php\/wp-json\/wp\/v2\/comments?post=35224"}],"version-history":[{"count":0,"href":"https:\/\/haberkuzey.com\/index.php\/wp-json\/wp\/v2\/posts\/35224\/revisions"}],"wp:featuredmedia":[{"embeddable":true,"href":"https:\/\/haberkuzey.com\/index.php\/wp-json\/wp\/v2\/media\/35225"}],"wp:attachment":[{"href":"https:\/\/haberkuzey.com\/index.php\/wp-json\/wp\/v2\/media?parent=35224"}],"wp:term":[{"taxonomy":"category","embeddable":true,"href":"https:\/\/haberkuzey.com\/index.php\/wp-json\/wp\/v2\/categories?post=35224"},{"taxonomy":"post_tag","embeddable":true,"href":"https:\/\/haberkuzey.com\/index.php\/wp-json\/wp\/v2\/tags?post=35224"}],"curies":[{"name":"wp","href":"https:\/\/api.w.org\/{rel}","templated":true}]}}