{"id":35222,"date":"2026-03-13T07:55:03","date_gmt":"2026-03-13T05:55:03","guid":{"rendered":"https:\/\/haberkuzey.com\/index.php\/2026\/03\/13\/guterres-gorev-suremin-sonuna-kadar-kibris-sorununun-cozumu-icin-elimden-geleni-yapacagim\/"},"modified":"2026-03-13T07:55:03","modified_gmt":"2026-03-13T05:55:03","slug":"guterres-gorev-suremin-sonuna-kadar-kibris-sorununun-cozumu-icin-elimden-geleni-yapacagim","status":"publish","type":"post","link":"https:\/\/haberkuzey.com\/index.php\/2026\/03\/13\/guterres-gorev-suremin-sonuna-kadar-kibris-sorununun-cozumu-icin-elimden-geleni-yapacagim\/","title":{"rendered":"Guterres: G\u00f6rev s\u00fcremin sonuna kadar, K\u0131br\u0131s sorununun \u00e7\u00f6z\u00fcm\u00fc i\u00e7in elimden geleni yapaca\u011f\u0131m"},"content":{"rendered":"<div class=\"news-copy\">\n<p>Birle\u015fmi\u015f Milletler Genel Sekreteri Antonio Guterres, NTV&#8217;den Deniz Kilislio\u011flu&#8217;nun sorular\u0131na yan\u0131t verdi.<\/p>\n<p>Guterres&#8217;in yan\u0131tlad\u0131\u011f\u0131 sorular ve verdi\u011fi cevaplar \u015fu \u015fekilde:<\/p>\n<p>K\u0131br\u0131s adas\u0131 da \u0130ran\u2019\u0131n misillemelerinden etkileniyor. Adan\u0131n \u00e7evresinde sava\u015f gemileri var, i\u00e7erisi de silahlan\u0131yor. T\u00fcrk taraf\u0131n\u0131n g\u00fcvenli\u011fi konusunda ne s\u00f6ylersiniz?<\/p>\n<p>&#8220;K\u0131br\u0131s sorununu \u00e7\u00f6zmek i\u00e7in \u00e7ok s\u0131k\u0131 \u00e7al\u0131\u015f\u0131yoruz. Yak\u0131n\u0131z demezdim ancak ileriye olumlu a\u00e7\u0131da ilerledik. Yeniden ba\u015flad\u0131k ileti\u015fimlere. Bizim tek amac\u0131m\u0131z adan\u0131n halklar\u0131 modern d\u00fcnyan\u0131n t\u00fcm imkanlar\u0131ndan yaralans\u0131n. \u0130yimser ya da k\u00f6t\u00fcmser de\u011filim ama kararl\u0131y\u0131m. G\u00f6rev s\u00fcremin son g\u00fcn\u00fcne kadar K\u0131br\u0131s sorununun \u00e7\u00f6z\u00fclmesi i\u00e7in elimden gelen her \u015feyi yapaca\u011f\u0131m.&#8221;<\/p>\n<p><strong>BM S\u0130STEM\u0130 \u00c7\u00d6K\u00dc\u015e\u00dc M\u00dc YA\u015eIYOR?<\/strong><\/p>\n<p>&#8220;Sistem \u00e7\u00f6kmez. Sistem \u00e7\u00f6kmeyecek ama tabii ki b\u00fcy\u00fck belirsizliklerle kar\u015f\u0131 kar\u015f\u0131ya olmaya devam ediyor.<\/p>\n<p>\u015eu anda ger\u00e7ekten \u00e7ok b\u00fcy\u00fck bir belirsizlik i\u00e7inde ya\u015f\u0131yoruz. \u00c7at\u0131\u015fmalar\u0131n katlanarak artt\u0131\u011f\u0131n\u0131 g\u00f6r\u00fcyoruz ve bence bu noktada en dramatik boyutu uluslararas\u0131 hukukun art\u0131k uygulanmamas\u0131. Bunu uygulama sorumlulu\u011funa sahip olan BM G\u00fcvenlik Konseyi \u00fcyelerince bile hayata ge\u00e7irilmedi\u011fini g\u00f6r\u00fcyoruz.<\/p>\n<p>BM Genel Sekreteri&#8217;nin biz uluslararas\u0131 hukukun koruyucusu olaca\u011f\u0131z demesi \u00e7ok \u00f6nemli ve d\u00fcnyaya bu tarz durumlar\u0131n devam edemeyece\u011fini s\u00f6ylemesi \u00e7ok \u00f6nemli.<\/p>\n<p><strong>\u201cULUSLARARASI HUKUK GAL\u0130P GELMEL\u0130\u201d<\/strong><\/p>\n<p>Evet kontrolden \u00e7\u0131k\u0131yor gibi g\u00f6r\u00fcn\u00fcyor ancak geriye d\u00f6nmeli. Uluslararas\u0131 hukukun \u00fcst\u00fcnl\u00fc\u011f\u00fcn\u00fcn ve hukukun g\u00fcc\u00fcn\u00fcn, g\u00fcc\u00fcn \u00fcst\u00fcnl\u00fc\u011f\u00fcne galip geldi\u011fi bir d\u00fcnyaya geri d\u00f6nmemiz gerekiyor.<\/p>\n<p>Uluslararas\u0131 kurumlar\u0131n hem sayg\u0131 g\u00f6rd\u00fc\u011f\u00fc hem de ellerinden gelen her \u015feyi yaparak ve b\u00fct\u00fcn imkanlar\u0131n\u0131 kullanarak bar\u0131\u015f i\u00e7in gerekli ko\u015fullar\u0131n olu\u015fturulmas\u0131n\u0131 sa\u011flamas\u0131 gerekiyor. Yeniden tesis edilmesini mevcut ve m\u00fcmk\u00fcn k\u0131lmalar\u0131 gerekiyor. Adaletin uluslararas\u0131 ili\u015fkilerde galip gelmesi gerekiyor.<\/p>\n<p>Sorun sistemde de\u011fil \u00fclkelerde mi diyorsunuz?<\/p>\n<p>&#8220;Prensipler \u00e7er\u00e7evesinde herkesin oyunun kurallar\u0131n\u0131 kabul etti\u011fi, uluslararas\u0131 hukuku kabul etti\u011fi bir \u00e7er\u00e7eve ile kurulmu\u015ftu sistem. Yani buradaki sorun kanunlarda de\u011fil. Buradaki \u00fclkelerin kurallar\u0131, kanunlar\u0131 ihlal edip hem de veto g\u00fc\u00e7leriyle BMGK&#8217;da oturup bu bar\u0131\u015f ve g\u00fccenli\u011fi garanti edecek kurumun \u00e7al\u0131\u015fmas\u0131na izin vermemelerinden kaynaklan\u0131yor.&#8221;<\/p>\n<p>Peki bu \u00fclkelerin uluslararas\u0131 hukuka uymalar\u0131n\u0131 nas\u0131l sa\u011flayacaks\u0131n\u0131z? Bunun form\u00fcl\u00fc ne olacak?<\/p>\n<p>\u201cM\u00fcmk\u00fcn oldu\u011funca fazla bask\u0131 kurmam\u0131z gerekiyor. D\u00fcnyadaki g\u00fc\u00e7 dengeleri ve ili\u015fkileri de\u011fi\u015fiyor. Gelecek i\u00e7in benim umudum \u015fu \u015fekilde. Bug\u00fcn bakt\u0131\u011f\u0131n\u0131zda bir\u00e7ok etkisini art\u0131ran geli\u015fmekte olan ekonomiler g\u00f6r\u00fcyorsunuz. Ge\u00e7mi\u015fin s\u00fcper g\u00fc\u00e7leri ge\u00e7mi\u015fte kald\u0131. Bakt\u0131\u011f\u0131n\u0131z zaman Hindistan, T\u00fcrkiye, \u00c7in, Brezilya ve Endonezya gibi \u00fclkeleri g\u00f6r\u00fcyorsunuz. Yeni bir dengelenme var. D\u00fcnya de\u011fi\u015fiyor ve bununla birlikte G\u00fcvenlik Konseyi ba\u015fta olmak \u00fczere reforma ihtiyac\u0131m\u0131z var. \u0130kinci D\u00fcnya Sava\u015f\u0131 sonras\u0131 kurulmu\u015f kurumlar\u0131n mevcut d\u00fcnyaya adapte olmas\u0131 gerekiyor.\u201d<\/p>\n<p>Peki sizin yeniden \u015fekillendirme i\u00e7in form\u00fcl\u00fcn\u00fcz ne? BMGK&#8217;n\u0131n yeniden \u015fekillendirilmesi konusunda kurumun ba\u015f\u0131ndaki isim olarak buradaki plan\u0131n\u0131z nedir?<\/p>\n<p>&#8220;D\u00fcnyada g\u00fc\u00e7 ili\u015fkileri de\u011fi\u015fiyor. Yeni ortaya \u00e7\u0131kan ekonomilerin uluslararas\u0131 ili\u015fkilere etkileri de art\u0131yor. Bug\u00fcn T\u00fcrkiye&#8217;nin \u00e7ok etkili bir \u00fclke oldu\u011funu g\u00f6r\u00fcyoruz. Ger\u00e7ekler her zaman kazanacakt\u0131r ve biz de tabii ki hala kurumlar\u0131n temel g\u00fc\u00e7lerinin d\u00fcnyadaki ger\u00e7ek g\u00fcc\u00fcne ula\u015fmas\u0131 i\u00e7in reformlar ger\u00e7ekle\u015ftirmemiz gerekiyor.<\/p>\n<p>Yapay olan sonunda biter. Gelecek i\u00e7in iyimserim. Gelecekte daha fazla reform bask\u0131s\u0131 olacakt\u0131r. Adaleti tesis etmek i\u00e7in ve e\u015fitsizli\u011fi azaltmak i\u00e7in daha fazla bask\u0131 olacakt\u0131r. Hukukun \u00fcst\u00fcnl\u00fc\u011f\u00fcn\u00fc ve sayg\u0131 g\u00f6rmesini sa\u011flamak i\u00e7in daha fazla bask\u0131 olacakt\u0131r.&#8221;<\/p>\n<p><strong>ABD-\u0130SRA\u0130L-\u0130RAN SAVA\u015eI<\/strong><\/p>\n<p>Son sava\u015f\u0131n 13. g\u00fcn\u00fcndeyiz. ABD, \u0130ran&#8217;a sald\u0131rd\u0131. ABD Ba\u015fkan\u0131 Donald Trump&#8217;\u0131n bu sald\u0131r\u0131y\u0131 ilk ba\u015flatt\u0131\u011f\u0131n\u0131 \u00f6\u011frendi\u011finizde akl\u0131n\u0131zdan ne ge\u00e7ti? ABD bu sava\u015f\u0131 ni\u00e7in \u00e7\u0131kard\u0131? Ama\u00e7lar\u0131 nedir?<\/p>\n<p>&#8220;A\u00e7\u0131k konu\u015fmak gerekirse ama\u00e7lar\u0131 net de\u011fil. Asl\u0131nda bu \u0130srail&#8217;in her zaman istedi\u011fi sava\u015ft\u0131 ve ABD&#8217;yi her zaman i\u00e7ine \u00e7\u0131kmak istedi\u011fi sava\u015ft\u0131. ABD&#8217;nin mevcut amac\u0131 nedir, oyun sonu hedefi nedir net de\u011fil \u015fu anda. Bu sava\u015f\u0131n en k\u0131sa s\u00fcrede sona ermesi \u00e7ok \u00f6nemli. \u00c7\u00fcnk\u00fc art\u0131k bu sadece ABD ve \u0130srail&#8217;in \u0130ran&#8217;a ger\u00e7ekle\u015ftirdi\u011fi bir sald\u0131r\u0131 olman\u0131n \u00f6tesine ge\u00e7ti. \u0130ran&#8217;\u0131n b\u00f6lgedeki bir\u00e7ok \u00fclkeye sald\u0131rd\u0131\u011f\u0131 bir durumday\u0131z.<\/p>\n<p>BMGK taraf\u0131ndan da bu sald\u0131r\u0131lar g\u00fc\u00e7l\u00fc bir \u015fekilde k\u0131nand\u0131. Bu da \u00f6ylesine bir ortam olu\u015fturuyor ki k\u00fcresel ekonomi \u00e7ok b\u00fcy\u00fck bir s\u0131k\u0131nt\u0131 i\u00e7erisinde. \u00d6zellikle enerji arz\u0131, g\u00fcbre arz\u0131, g\u0131da gibi arz zincirlerinin s\u0131k\u0131nt\u0131ya girdi\u011fini ve enflasyonun d\u00fcnya \u00e7ap\u0131nda artma e\u011filiminde oldu\u011funu g\u00f6r\u00fcyoruz. En hassas \u00fclkeler ve n\u00fcfuslar daha do\u011frudan etkilenecek ve bu kesinlikle adil de\u011fil. Tabi ki bu sava\u015f en k\u0131sa s\u00fcrede sona ermeli.&#8221;<\/p>\n<p>BM olarak H\u00fcrm\u00fcz Bo\u011faz\u0131&#8217;n\u0131n kapat\u0131lmas\u0131n\u0131n olas\u0131 sonu\u00e7lar\u0131yla ilgili bir rapor yay\u0131nlad\u0131n\u0131z.<\/p>\n<p>&#8220;Kesinlikle uluslararas\u0131 hukuk galip gelmeli. Denizcilik hukuku a\u00e7\u0131kt\u0131r, seyr\u00fcsefer \u00f6zg\u00fcrl\u00fc\u011f\u00fc olmal\u0131d\u0131r. Hi\u00e7bir \u015fekilde H\u00fcrm\u00fcz Bo\u011faz\u0131&#8217;n\u0131n kapat\u0131lmas\u0131 kabul edilemez. Navigasyon i\u00e7in, seyr\u00fcfeser i\u00e7i\u00e7n a\u00e7\u0131k olmas\u0131 gerekir. Buradan gelecek \u00fcr\u00fcnlere t\u00fcm d\u00fcnyan\u0131n ihtiyac\u0131 var.&#8221;<\/p>\n<p>\u0130srail L\u00fcbnan&#8217;a sald\u0131rd\u0131. L\u00fcbnan\u2019daki bar\u0131\u015f g\u00fcc\u00fcn\u00fcz UNIFIL\u2019in g\u00f6zlem noktalar\u0131 ate\u015f hatt\u0131nda kald\u0131. BM neden hala bar\u0131\u015f g\u00fc\u00e7lerini b\u00f6lgede tutuyor? Canl\u0131 kalkan oluyorlar, bar\u0131\u015f\u0131 beklemek i\u00e7in bar\u0131\u015f gerekir, oradaki g\u00f6zlemciler \u00e7ekilsin ele\u015ftirileri var. Neden \u00e7ekmiyorsunuz?<\/p>\n<p>&#8220;L\u00fcbnan halk\u0131na soracak olursan\u0131z BM&#8217;nin oradaki varl\u0131\u011f\u0131n\u0131 istiyorlar. L\u00fcbnan&#8217;daki durum dayan\u0131lacak gibi de\u011fil. Sava\u015f ve baz\u0131 sald\u0131r\u0131lar burada 700 bin ki\u015finin yerinden edilmesine neden oldu \u00e7ok say\u0131da insan \u00f6ld\u00fc ve yaraland\u0131. \u00c7ok say\u0131da insan ac\u0131 \u00e7ekiyor. Derhal sona ermeli ve ate\u015fkes ilan edilmeli. L\u00fcbnan&#8217;\u0131n toprak b\u00fct\u00fcnl\u00fc\u011f\u00fcne sayg\u0131 g\u00f6sterilmeli. Silahl\u0131 tek g\u00fc\u00e7 L\u00fcbnan devleti olmal\u0131.&#8221;<\/p>\n<p>\u0130srail hep bu sava\u015f\u0131 istiyor dediniz. ABD bu sava\u015ftan \u00e7ekilirse \u0130srail sava\u015fmaya devam eder mi?<\/p>\n<p>&#8220;ABD sava\u015f\u0131 bitirmek isterse sava\u015f biter.&#8221;<\/p>\n<p>G\u00f6rev s\u00fcreniz bu y\u0131l\u0131n sonunda bitiyor. Sizin d\u00fcnyaya mesaj\u0131n\u0131z ne olacak? BM Genel Sekreteri olmak i\u00e7in zor bir zamand\u0131 diyecek misiniz?<\/p>\n<p>&#8220;Kar\u015f\u0131la\u015ft\u0131rma yapmak istemem ama son derece zor bir d\u00f6nemdi. \u00c7ok dramatik s\u00fcre\u00e7ler ve durumlarla kar\u015f\u0131 kar\u015f\u0131ya kald\u0131k. K\u00f6rfez&#8217;de ve Ukrayna&#8217;da sava\u015f var. Pek \u00e7ok b\u00f6lgede sava\u015flarla u\u011fra\u015f\u0131yoruz. \u0130nan\u0131lmaz bir e\u015fitsizlik, adaletsizlik, a\u00e7l\u0131k ve yoksulluk var. \u0130klim kaosuyla kar\u015f\u0131 kar\u015f\u0131yay\u0131z ve bunun insanlar i\u00e7in varolu\u015fsal bir tehdit oldu\u011fu bir noktaday\u0131z. Baz\u0131 teknolojiler kontrolden \u00e7\u0131kma tehlikesiyle kar\u015f\u0131 kar\u015f\u0131ya. D\u00fcnya bir araya gelmeli. \u0130nsanlar anlamal\u0131 ki bizi ay\u0131ran her neyse \u00e7ok daha \u00f6nemsiz \u00e7\u00fcnk\u00fc hepimizin d\u00fcnyay\u0131 do\u011fru raya oturtmas\u0131 gerekiyor.&#8221;<\/p>\n<p class=\"source\"><span class=\"bold\">Kaynak: <\/span>NTV<\/p>\n<\/div>\n<p>Guterres: G\u00f6rev s\u00fcremin sonuna kadar, K\u0131br\u0131s sorununun \u00e7\u00f6z\u00fcm\u00fc i\u00e7in elimden geleni yapaca\u011f\u0131m yaz\u0131s\u0131 ilk \u00f6nce K\u0131br\u0131s Hakikat \u00fczerinde ortaya \u00e7\u0131kt\u0131.<\/p>\n","protected":false},"excerpt":{"rendered":"<p>Birle\u015fmi\u015f Milletler Genel Sekreteri Antonio Guterres, NTV&#8217;den Deniz Kilislio\u011flu&#8217;nun sorular\u0131na yan\u0131t verdi. Guterres&#8217;in yan\u0131tlad\u0131\u011f\u0131 sorular ve verdi\u011fi cevaplar \u015fu \u015fekilde: K\u0131br\u0131s adas\u0131 da \u0130ran\u2019\u0131n misillemelerinden etkileniyor. Adan\u0131n \u00e7evresinde sava\u015f gemileri var, i\u00e7erisi de silahlan\u0131yor. T\u00fcrk taraf\u0131n\u0131n g\u00fcvenli\u011fi konusunda ne s\u00f6ylersiniz? &#8220;K\u0131br\u0131s sorununu \u00e7\u00f6zmek i\u00e7in \u00e7ok s\u0131k\u0131 \u00e7al\u0131\u015f\u0131yoruz. Yak\u0131n\u0131z demezdim ancak ileriye olumlu a\u00e7\u0131da ilerledik. Yeniden [&hellip;]<\/p>\n","protected":false},"author":1,"featured_media":35223,"comment_status":"open","ping_status":"open","sticky":false,"template":"","format":"standard","meta":{"jnews-multi-image_gallery":[],"jnews_single_post":[],"jnews_primary_category":[],"footnotes":""},"categories":[1],"tags":[],"class_list":["post-35222","post","type-post","status-publish","format-standard","has-post-thumbnail","hentry","category-kibris"],"yoast_head":"<!-- This site is optimized with the Yoast SEO plugin v27.5 - https:\/\/yoast.com\/product\/yoast-seo-wordpress\/ -->\n<title>Guterres: G\u00f6rev s\u00fcremin sonuna kadar, K\u0131br\u0131s sorununun \u00e7\u00f6z\u00fcm\u00fc i\u00e7in elimden geleni yapaca\u011f\u0131m - Haber Kuzey<\/title>\n<meta name=\"robots\" content=\"index, follow, max-snippet:-1, max-image-preview:large, max-video-preview:-1\" \/>\n<link rel=\"canonical\" href=\"https:\/\/haberkuzey.com\/index.php\/2026\/03\/13\/guterres-gorev-suremin-sonuna-kadar-kibris-sorununun-cozumu-icin-elimden-geleni-yapacagim\/\" \/>\n<meta property=\"og:locale\" content=\"tr_TR\" \/>\n<meta property=\"og:type\" content=\"article\" \/>\n<meta property=\"og:title\" content=\"Guterres: G\u00f6rev s\u00fcremin sonuna kadar, K\u0131br\u0131s sorununun \u00e7\u00f6z\u00fcm\u00fc i\u00e7in elimden geleni yapaca\u011f\u0131m - Haber Kuzey\" \/>\n<meta property=\"og:description\" content=\"Birle\u015fmi\u015f Milletler Genel Sekreteri Antonio Guterres, NTV&#8217;den Deniz Kilislio\u011flu&#8217;nun sorular\u0131na yan\u0131t verdi. Guterres&#8217;in yan\u0131tlad\u0131\u011f\u0131 sorular ve verdi\u011fi cevaplar \u015fu \u015fekilde: K\u0131br\u0131s adas\u0131 da \u0130ran\u2019\u0131n misillemelerinden etkileniyor. Adan\u0131n \u00e7evresinde sava\u015f gemileri var, i\u00e7erisi de silahlan\u0131yor. T\u00fcrk taraf\u0131n\u0131n g\u00fcvenli\u011fi konusunda ne s\u00f6ylersiniz? &#8220;K\u0131br\u0131s sorununu \u00e7\u00f6zmek i\u00e7in \u00e7ok s\u0131k\u0131 \u00e7al\u0131\u015f\u0131yoruz. Yak\u0131n\u0131z demezdim ancak ileriye olumlu a\u00e7\u0131da ilerledik. Yeniden [&hellip;]\" \/>\n<meta property=\"og:url\" content=\"https:\/\/haberkuzey.com\/index.php\/2026\/03\/13\/guterres-gorev-suremin-sonuna-kadar-kibris-sorununun-cozumu-icin-elimden-geleni-yapacagim\/\" \/>\n<meta property=\"og:site_name\" content=\"Haber Kuzey\" \/>\n<meta property=\"article:published_time\" content=\"2026-03-13T05:55:03+00:00\" \/>\n<meta name=\"author\" content=\"haberkuzey\" \/>\n<meta name=\"twitter:card\" content=\"summary_large_image\" \/>\n<meta name=\"twitter:label1\" content=\"Yazan:\" \/>\n\t<meta name=\"twitter:data1\" content=\"haberkuzey\" \/>\n\t<meta name=\"twitter:label2\" content=\"Tahmini okuma s\u00fcresi\" \/>\n\t<meta name=\"twitter:data2\" content=\"7 dakika\" \/>\n<script type=\"application\/ld+json\" class=\"yoast-schema-graph\">{\"@context\":\"https:\\\/\\\/schema.org\",\"@graph\":[{\"@type\":\"Article\",\"@id\":\"https:\\\/\\\/haberkuzey.com\\\/index.php\\\/2026\\\/03\\\/13\\\/guterres-gorev-suremin-sonuna-kadar-kibris-sorununun-cozumu-icin-elimden-geleni-yapacagim\\\/#article\",\"isPartOf\":{\"@id\":\"https:\\\/\\\/haberkuzey.com\\\/index.php\\\/2026\\\/03\\\/13\\\/guterres-gorev-suremin-sonuna-kadar-kibris-sorununun-cozumu-icin-elimden-geleni-yapacagim\\\/\"},\"author\":{\"name\":\"haberkuzey\",\"@id\":\"https:\\\/\\\/haberkuzey.com\\\/#\\\/schema\\\/person\\\/3372109ec735f9333f4fa47ebb9605ca\"},\"headline\":\"Guterres: G\u00f6rev s\u00fcremin sonuna kadar, K\u0131br\u0131s sorununun \u00e7\u00f6z\u00fcm\u00fc i\u00e7in elimden geleni yapaca\u011f\u0131m\",\"datePublished\":\"2026-03-13T05:55:03+00:00\",\"mainEntityOfPage\":{\"@id\":\"https:\\\/\\\/haberkuzey.com\\\/index.php\\\/2026\\\/03\\\/13\\\/guterres-gorev-suremin-sonuna-kadar-kibris-sorununun-cozumu-icin-elimden-geleni-yapacagim\\\/\"},\"wordCount\":1328,\"commentCount\":0,\"image\":{\"@id\":\"https:\\\/\\\/haberkuzey.com\\\/index.php\\\/2026\\\/03\\\/13\\\/guterres-gorev-suremin-sonuna-kadar-kibris-sorununun-cozumu-icin-elimden-geleni-yapacagim\\\/#primaryimage\"},\"thumbnailUrl\":\"https:\\\/\\\/haberkuzey.com\\\/wp-content\\\/uploads\\\/2026\\\/03\\\/IMG_8114.webp.webp\",\"articleSection\":[\"K\u0131br\u0131s\"],\"inLanguage\":\"tr\",\"potentialAction\":[{\"@type\":\"CommentAction\",\"name\":\"Comment\",\"target\":[\"https:\\\/\\\/haberkuzey.com\\\/index.php\\\/2026\\\/03\\\/13\\\/guterres-gorev-suremin-sonuna-kadar-kibris-sorununun-cozumu-icin-elimden-geleni-yapacagim\\\/#respond\"]}]},{\"@type\":\"WebPage\",\"@id\":\"https:\\\/\\\/haberkuzey.com\\\/index.php\\\/2026\\\/03\\\/13\\\/guterres-gorev-suremin-sonuna-kadar-kibris-sorununun-cozumu-icin-elimden-geleni-yapacagim\\\/\",\"url\":\"https:\\\/\\\/haberkuzey.com\\\/index.php\\\/2026\\\/03\\\/13\\\/guterres-gorev-suremin-sonuna-kadar-kibris-sorununun-cozumu-icin-elimden-geleni-yapacagim\\\/\",\"name\":\"Guterres: G\u00f6rev s\u00fcremin sonuna kadar, K\u0131br\u0131s sorununun \u00e7\u00f6z\u00fcm\u00fc i\u00e7in elimden geleni yapaca\u011f\u0131m - Haber Kuzey\",\"isPartOf\":{\"@id\":\"https:\\\/\\\/haberkuzey.com\\\/#website\"},\"primaryImageOfPage\":{\"@id\":\"https:\\\/\\\/haberkuzey.com\\\/index.php\\\/2026\\\/03\\\/13\\\/guterres-gorev-suremin-sonuna-kadar-kibris-sorununun-cozumu-icin-elimden-geleni-yapacagim\\\/#primaryimage\"},\"image\":{\"@id\":\"https:\\\/\\\/haberkuzey.com\\\/index.php\\\/2026\\\/03\\\/13\\\/guterres-gorev-suremin-sonuna-kadar-kibris-sorununun-cozumu-icin-elimden-geleni-yapacagim\\\/#primaryimage\"},\"thumbnailUrl\":\"https:\\\/\\\/haberkuzey.com\\\/wp-content\\\/uploads\\\/2026\\\/03\\\/IMG_8114.webp.webp\",\"datePublished\":\"2026-03-13T05:55:03+00:00\",\"author\":{\"@id\":\"https:\\\/\\\/haberkuzey.com\\\/#\\\/schema\\\/person\\\/3372109ec735f9333f4fa47ebb9605ca\"},\"breadcrumb\":{\"@id\":\"https:\\\/\\\/haberkuzey.com\\\/index.php\\\/2026\\\/03\\\/13\\\/guterres-gorev-suremin-sonuna-kadar-kibris-sorununun-cozumu-icin-elimden-geleni-yapacagim\\\/#breadcrumb\"},\"inLanguage\":\"tr\",\"potentialAction\":[{\"@type\":\"ReadAction\",\"target\":[\"https:\\\/\\\/haberkuzey.com\\\/index.php\\\/2026\\\/03\\\/13\\\/guterres-gorev-suremin-sonuna-kadar-kibris-sorununun-cozumu-icin-elimden-geleni-yapacagim\\\/\"]}]},{\"@type\":\"ImageObject\",\"inLanguage\":\"tr\",\"@id\":\"https:\\\/\\\/haberkuzey.com\\\/index.php\\\/2026\\\/03\\\/13\\\/guterres-gorev-suremin-sonuna-kadar-kibris-sorununun-cozumu-icin-elimden-geleni-yapacagim\\\/#primaryimage\",\"url\":\"https:\\\/\\\/haberkuzey.com\\\/wp-content\\\/uploads\\\/2026\\\/03\\\/IMG_8114.webp.webp\",\"contentUrl\":\"https:\\\/\\\/haberkuzey.com\\\/wp-content\\\/uploads\\\/2026\\\/03\\\/IMG_8114.webp.webp\",\"width\":971,\"height\":551},{\"@type\":\"BreadcrumbList\",\"@id\":\"https:\\\/\\\/haberkuzey.com\\\/index.php\\\/2026\\\/03\\\/13\\\/guterres-gorev-suremin-sonuna-kadar-kibris-sorununun-cozumu-icin-elimden-geleni-yapacagim\\\/#breadcrumb\",\"itemListElement\":[{\"@type\":\"ListItem\",\"position\":1,\"name\":\"Anasayfa\",\"item\":\"https:\\\/\\\/haberkuzey.com\\\/\"},{\"@type\":\"ListItem\",\"position\":2,\"name\":\"Guterres: G\u00f6rev s\u00fcremin sonuna kadar, K\u0131br\u0131s sorununun \u00e7\u00f6z\u00fcm\u00fc i\u00e7in elimden geleni yapaca\u011f\u0131m\"}]},{\"@type\":\"WebSite\",\"@id\":\"https:\\\/\\\/haberkuzey.com\\\/#website\",\"url\":\"https:\\\/\\\/haberkuzey.com\\\/\",\"name\":\"Haber Kuzey\",\"description\":\"Do\u011fru Haberin Adresi\",\"potentialAction\":[{\"@type\":\"SearchAction\",\"target\":{\"@type\":\"EntryPoint\",\"urlTemplate\":\"https:\\\/\\\/haberkuzey.com\\\/?s={search_term_string}\"},\"query-input\":{\"@type\":\"PropertyValueSpecification\",\"valueRequired\":true,\"valueName\":\"search_term_string\"}}],\"inLanguage\":\"tr\"},{\"@type\":\"Person\",\"@id\":\"https:\\\/\\\/haberkuzey.com\\\/#\\\/schema\\\/person\\\/3372109ec735f9333f4fa47ebb9605ca\",\"name\":\"haberkuzey\",\"image\":{\"@type\":\"ImageObject\",\"inLanguage\":\"tr\",\"@id\":\"https:\\\/\\\/secure.gravatar.com\\\/avatar\\\/f5fc875574b1575324358c3b9e6a32b8227aa5b74f3fa22e3cadb63e26fcc39c?s=96&d=mm&r=g\",\"url\":\"https:\\\/\\\/secure.gravatar.com\\\/avatar\\\/f5fc875574b1575324358c3b9e6a32b8227aa5b74f3fa22e3cadb63e26fcc39c?s=96&d=mm&r=g\",\"contentUrl\":\"https:\\\/\\\/secure.gravatar.com\\\/avatar\\\/f5fc875574b1575324358c3b9e6a32b8227aa5b74f3fa22e3cadb63e26fcc39c?s=96&d=mm&r=g\",\"caption\":\"haberkuzey\"},\"sameAs\":[\"https:\\\/\\\/haberkuzey.com\"],\"url\":\"https:\\\/\\\/haberkuzey.com\\\/index.php\\\/author\\\/haberkuzey\\\/\"}]}<\/script>\n<!-- \/ Yoast SEO plugin. -->","yoast_head_json":{"title":"Guterres: G\u00f6rev s\u00fcremin sonuna kadar, K\u0131br\u0131s sorununun \u00e7\u00f6z\u00fcm\u00fc i\u00e7in elimden geleni yapaca\u011f\u0131m - Haber Kuzey","robots":{"index":"index","follow":"follow","max-snippet":"max-snippet:-1","max-image-preview":"max-image-preview:large","max-video-preview":"max-video-preview:-1"},"canonical":"https:\/\/haberkuzey.com\/index.php\/2026\/03\/13\/guterres-gorev-suremin-sonuna-kadar-kibris-sorununun-cozumu-icin-elimden-geleni-yapacagim\/","og_locale":"tr_TR","og_type":"article","og_title":"Guterres: G\u00f6rev s\u00fcremin sonuna kadar, K\u0131br\u0131s sorununun \u00e7\u00f6z\u00fcm\u00fc i\u00e7in elimden geleni yapaca\u011f\u0131m - Haber Kuzey","og_description":"Birle\u015fmi\u015f Milletler Genel Sekreteri Antonio Guterres, NTV&#8217;den Deniz Kilislio\u011flu&#8217;nun sorular\u0131na yan\u0131t verdi. Guterres&#8217;in yan\u0131tlad\u0131\u011f\u0131 sorular ve verdi\u011fi cevaplar \u015fu \u015fekilde: K\u0131br\u0131s adas\u0131 da \u0130ran\u2019\u0131n misillemelerinden etkileniyor. Adan\u0131n \u00e7evresinde sava\u015f gemileri var, i\u00e7erisi de silahlan\u0131yor. T\u00fcrk taraf\u0131n\u0131n g\u00fcvenli\u011fi konusunda ne s\u00f6ylersiniz? &#8220;K\u0131br\u0131s sorununu \u00e7\u00f6zmek i\u00e7in \u00e7ok s\u0131k\u0131 \u00e7al\u0131\u015f\u0131yoruz. Yak\u0131n\u0131z demezdim ancak ileriye olumlu a\u00e7\u0131da ilerledik. Yeniden [&hellip;]","og_url":"https:\/\/haberkuzey.com\/index.php\/2026\/03\/13\/guterres-gorev-suremin-sonuna-kadar-kibris-sorununun-cozumu-icin-elimden-geleni-yapacagim\/","og_site_name":"Haber Kuzey","article_published_time":"2026-03-13T05:55:03+00:00","author":"haberkuzey","twitter_card":"summary_large_image","twitter_misc":{"Yazan:":"haberkuzey","Tahmini okuma s\u00fcresi":"7 dakika"},"schema":{"@context":"https:\/\/schema.org","@graph":[{"@type":"Article","@id":"https:\/\/haberkuzey.com\/index.php\/2026\/03\/13\/guterres-gorev-suremin-sonuna-kadar-kibris-sorununun-cozumu-icin-elimden-geleni-yapacagim\/#article","isPartOf":{"@id":"https:\/\/haberkuzey.com\/index.php\/2026\/03\/13\/guterres-gorev-suremin-sonuna-kadar-kibris-sorununun-cozumu-icin-elimden-geleni-yapacagim\/"},"author":{"name":"haberkuzey","@id":"https:\/\/haberkuzey.com\/#\/schema\/person\/3372109ec735f9333f4fa47ebb9605ca"},"headline":"Guterres: G\u00f6rev s\u00fcremin sonuna kadar, K\u0131br\u0131s sorununun \u00e7\u00f6z\u00fcm\u00fc i\u00e7in elimden geleni yapaca\u011f\u0131m","datePublished":"2026-03-13T05:55:03+00:00","mainEntityOfPage":{"@id":"https:\/\/haberkuzey.com\/index.php\/2026\/03\/13\/guterres-gorev-suremin-sonuna-kadar-kibris-sorununun-cozumu-icin-elimden-geleni-yapacagim\/"},"wordCount":1328,"commentCount":0,"image":{"@id":"https:\/\/haberkuzey.com\/index.php\/2026\/03\/13\/guterres-gorev-suremin-sonuna-kadar-kibris-sorununun-cozumu-icin-elimden-geleni-yapacagim\/#primaryimage"},"thumbnailUrl":"https:\/\/haberkuzey.com\/wp-content\/uploads\/2026\/03\/IMG_8114.webp.webp","articleSection":["K\u0131br\u0131s"],"inLanguage":"tr","potentialAction":[{"@type":"CommentAction","name":"Comment","target":["https:\/\/haberkuzey.com\/index.php\/2026\/03\/13\/guterres-gorev-suremin-sonuna-kadar-kibris-sorununun-cozumu-icin-elimden-geleni-yapacagim\/#respond"]}]},{"@type":"WebPage","@id":"https:\/\/haberkuzey.com\/index.php\/2026\/03\/13\/guterres-gorev-suremin-sonuna-kadar-kibris-sorununun-cozumu-icin-elimden-geleni-yapacagim\/","url":"https:\/\/haberkuzey.com\/index.php\/2026\/03\/13\/guterres-gorev-suremin-sonuna-kadar-kibris-sorununun-cozumu-icin-elimden-geleni-yapacagim\/","name":"Guterres: G\u00f6rev s\u00fcremin sonuna kadar, K\u0131br\u0131s sorununun \u00e7\u00f6z\u00fcm\u00fc i\u00e7in elimden geleni yapaca\u011f\u0131m - Haber Kuzey","isPartOf":{"@id":"https:\/\/haberkuzey.com\/#website"},"primaryImageOfPage":{"@id":"https:\/\/haberkuzey.com\/index.php\/2026\/03\/13\/guterres-gorev-suremin-sonuna-kadar-kibris-sorununun-cozumu-icin-elimden-geleni-yapacagim\/#primaryimage"},"image":{"@id":"https:\/\/haberkuzey.com\/index.php\/2026\/03\/13\/guterres-gorev-suremin-sonuna-kadar-kibris-sorununun-cozumu-icin-elimden-geleni-yapacagim\/#primaryimage"},"thumbnailUrl":"https:\/\/haberkuzey.com\/wp-content\/uploads\/2026\/03\/IMG_8114.webp.webp","datePublished":"2026-03-13T05:55:03+00:00","author":{"@id":"https:\/\/haberkuzey.com\/#\/schema\/person\/3372109ec735f9333f4fa47ebb9605ca"},"breadcrumb":{"@id":"https:\/\/haberkuzey.com\/index.php\/2026\/03\/13\/guterres-gorev-suremin-sonuna-kadar-kibris-sorununun-cozumu-icin-elimden-geleni-yapacagim\/#breadcrumb"},"inLanguage":"tr","potentialAction":[{"@type":"ReadAction","target":["https:\/\/haberkuzey.com\/index.php\/2026\/03\/13\/guterres-gorev-suremin-sonuna-kadar-kibris-sorununun-cozumu-icin-elimden-geleni-yapacagim\/"]}]},{"@type":"ImageObject","inLanguage":"tr","@id":"https:\/\/haberkuzey.com\/index.php\/2026\/03\/13\/guterres-gorev-suremin-sonuna-kadar-kibris-sorununun-cozumu-icin-elimden-geleni-yapacagim\/#primaryimage","url":"https:\/\/haberkuzey.com\/wp-content\/uploads\/2026\/03\/IMG_8114.webp.webp","contentUrl":"https:\/\/haberkuzey.com\/wp-content\/uploads\/2026\/03\/IMG_8114.webp.webp","width":971,"height":551},{"@type":"BreadcrumbList","@id":"https:\/\/haberkuzey.com\/index.php\/2026\/03\/13\/guterres-gorev-suremin-sonuna-kadar-kibris-sorununun-cozumu-icin-elimden-geleni-yapacagim\/#breadcrumb","itemListElement":[{"@type":"ListItem","position":1,"name":"Anasayfa","item":"https:\/\/haberkuzey.com\/"},{"@type":"ListItem","position":2,"name":"Guterres: G\u00f6rev s\u00fcremin sonuna kadar, K\u0131br\u0131s sorununun \u00e7\u00f6z\u00fcm\u00fc i\u00e7in elimden geleni yapaca\u011f\u0131m"}]},{"@type":"WebSite","@id":"https:\/\/haberkuzey.com\/#website","url":"https:\/\/haberkuzey.com\/","name":"Haber Kuzey","description":"Do\u011fru Haberin Adresi","potentialAction":[{"@type":"SearchAction","target":{"@type":"EntryPoint","urlTemplate":"https:\/\/haberkuzey.com\/?s={search_term_string}"},"query-input":{"@type":"PropertyValueSpecification","valueRequired":true,"valueName":"search_term_string"}}],"inLanguage":"tr"},{"@type":"Person","@id":"https:\/\/haberkuzey.com\/#\/schema\/person\/3372109ec735f9333f4fa47ebb9605ca","name":"haberkuzey","image":{"@type":"ImageObject","inLanguage":"tr","@id":"https:\/\/secure.gravatar.com\/avatar\/f5fc875574b1575324358c3b9e6a32b8227aa5b74f3fa22e3cadb63e26fcc39c?s=96&d=mm&r=g","url":"https:\/\/secure.gravatar.com\/avatar\/f5fc875574b1575324358c3b9e6a32b8227aa5b74f3fa22e3cadb63e26fcc39c?s=96&d=mm&r=g","contentUrl":"https:\/\/secure.gravatar.com\/avatar\/f5fc875574b1575324358c3b9e6a32b8227aa5b74f3fa22e3cadb63e26fcc39c?s=96&d=mm&r=g","caption":"haberkuzey"},"sameAs":["https:\/\/haberkuzey.com"],"url":"https:\/\/haberkuzey.com\/index.php\/author\/haberkuzey\/"}]}},"_links":{"self":[{"href":"https:\/\/haberkuzey.com\/index.php\/wp-json\/wp\/v2\/posts\/35222","targetHints":{"allow":["GET"]}}],"collection":[{"href":"https:\/\/haberkuzey.com\/index.php\/wp-json\/wp\/v2\/posts"}],"about":[{"href":"https:\/\/haberkuzey.com\/index.php\/wp-json\/wp\/v2\/types\/post"}],"author":[{"embeddable":true,"href":"https:\/\/haberkuzey.com\/index.php\/wp-json\/wp\/v2\/users\/1"}],"replies":[{"embeddable":true,"href":"https:\/\/haberkuzey.com\/index.php\/wp-json\/wp\/v2\/comments?post=35222"}],"version-history":[{"count":0,"href":"https:\/\/haberkuzey.com\/index.php\/wp-json\/wp\/v2\/posts\/35222\/revisions"}],"wp:featuredmedia":[{"embeddable":true,"href":"https:\/\/haberkuzey.com\/index.php\/wp-json\/wp\/v2\/media\/35223"}],"wp:attachment":[{"href":"https:\/\/haberkuzey.com\/index.php\/wp-json\/wp\/v2\/media?parent=35222"}],"wp:term":[{"taxonomy":"category","embeddable":true,"href":"https:\/\/haberkuzey.com\/index.php\/wp-json\/wp\/v2\/categories?post=35222"},{"taxonomy":"post_tag","embeddable":true,"href":"https:\/\/haberkuzey.com\/index.php\/wp-json\/wp\/v2\/tags?post=35222"}],"curies":[{"name":"wp","href":"https:\/\/api.w.org\/{rel}","templated":true}]}}