{"id":35220,"date":"2026-03-12T14:48:04","date_gmt":"2026-03-12T12:48:04","guid":{"rendered":"https:\/\/haberkuzey.com\/index.php\/2026\/03\/12\/serdaroglundan-akaryakit-zammina-sert-tepki\/"},"modified":"2026-03-12T14:48:04","modified_gmt":"2026-03-12T12:48:04","slug":"serdaroglundan-akaryakit-zammina-sert-tepki","status":"publish","type":"post","link":"https:\/\/haberkuzey.com\/index.php\/2026\/03\/12\/serdaroglundan-akaryakit-zammina-sert-tepki\/","title":{"rendered":"Serdaro\u011flu\u2019ndan akaryak\u0131t zamm\u0131na sert tepki"},"content":{"rendered":"<h2>H\u00dcR-\u0130\u015e\u2019TEN ZAM TEPK\u0130S\u0130<\/h2>\n<p>H\u00fcr-\u0130\u015f Federasyonu Genel Ba\u015fkan\u0131 Ahmet Serdaro\u011flu, akaryak\u0131t fiyatlar\u0131na k\u0131sa s\u00fcrede yap\u0131lan toplam <strong>11 TL\u2019lik zamma sert tepki<\/strong> g\u00f6sterdi.<\/p>\n<p>Serdaro\u011flu yapt\u0131\u011f\u0131 yaz\u0131l\u0131 a\u00e7\u0131klamada, h\u00fck\u00fcmetin ekonomi y\u00f6netimini ele\u015ftirerek bu zamlar\u0131n sava\u015f nedeniyle de\u011fil <strong>ekonomiyi y\u00f6netemeyenlerin beceriksizli\u011finden kaynakland\u0131\u011f\u0131n\u0131<\/strong> savundu.<\/p>\n<h2>\u201cBU ZAM YALNIZCA POMPADA KALMAYACAK\u201d<\/h2>\n<p>Serdaro\u011flu, akaryak\u0131t zamlar\u0131n\u0131n piyasadaki t\u00fcm \u00fcr\u00fcn ve hizmetlere yans\u0131yaca\u011f\u0131n\u0131 belirterek yeni bir <strong>zam dalgas\u0131n\u0131n ka\u00e7\u0131n\u0131lmaz olaca\u011f\u0131n\u0131<\/strong> ifade etti.<\/p>\n<p>A\u00e7\u0131klamas\u0131nda \u015fu ifadelere yer verdi:<br \/>\n\u201cAkaryak\u0131ta yap\u0131lan bu zam yaln\u0131zca pompada kalmayacakt\u0131r. Bu zamla birlikte i\u011fneden ipli\u011fe her \u015fey zamlanacak ve \u00fclke ekonomik bir kaosun i\u00e7ine s\u00fcr\u00fcklenecektir.\u201d<\/p>\n<h2>\u0130\u015e D\u00dcNYASINA VE HALKA \u00c7A\u011eRI<\/h2>\n<p>Serdaro\u011flu, i\u015f d\u00fcnyas\u0131na da \u00e7a\u011fr\u0131da bulunarak bu zamlar\u0131n sessizce kabul edilmemesi gerekti\u011fini s\u00f6yledi.<\/p>\n<p>\u00dcretici, esnaf ve sanayicinin de bu maliyet art\u0131\u015flar\u0131ndan ciddi \u015fekilde etkilenece\u011fini belirten Serdaro\u011flu, halk\u0131n demokratik tepkisini g\u00f6stermesi gerekti\u011fini dile getirdi.<\/p>\n<h2>\u201cASGAR\u0130 \u00dcCRETL\u0130 GE\u00c7\u0130NEM\u0130YOR\u201d<\/h2>\n<p>Serdaro\u011flu, a\u00e7l\u0131k s\u0131n\u0131r\u0131n\u0131n <strong>48 bin 269 TL\u2019ye<\/strong> ula\u015ft\u0131\u011f\u0131n\u0131 hat\u0131rlatarak dar gelirli vatanda\u015flar\u0131n temel g\u0131daya ula\u015fmakta dahi zorland\u0131\u011f\u0131n\u0131 s\u00f6yledi.<\/p>\n<p>H\u00fck\u00fcmete y\u00f6nelik sorular y\u00f6nelten Serdaro\u011flu, akaryak\u0131t zamm\u0131n\u0131n piyasada yarataca\u011f\u0131 yeni fiyat art\u0131\u015flar\u0131n\u0131 <strong>hangi b\u00fct\u00e7enin kar\u015f\u0131layaca\u011f\u0131n\u0131<\/strong> sordu.<\/p>\n<p>Serdaro\u011flu, mevcut ekonomik politikalar\u0131n de\u011fi\u015fmemesi halinde \u00fclkenin <strong>daha derin bir ekonomik krizle kar\u015f\u0131 kar\u015f\u0131ya kalabilece\u011fi<\/strong> uyar\u0131s\u0131nda bulundu.<\/p>\n<p>Serdaro\u011flu\u2019ndan akaryak\u0131t zamm\u0131na sert tepki yaz\u0131s\u0131 ilk \u00f6nce K\u0131br\u0131s Hakikat \u00fczerinde ortaya \u00e7\u0131kt\u0131.<\/p>\n","protected":false},"excerpt":{"rendered":"<p>H\u00dcR-\u0130\u015e\u2019TEN ZAM TEPK\u0130S\u0130 H\u00fcr-\u0130\u015f Federasyonu Genel Ba\u015fkan\u0131 Ahmet Serdaro\u011flu, akaryak\u0131t fiyatlar\u0131na k\u0131sa s\u00fcrede yap\u0131lan toplam 11 TL\u2019lik zamma sert tepki g\u00f6sterdi. Serdaro\u011flu yapt\u0131\u011f\u0131 yaz\u0131l\u0131 a\u00e7\u0131klamada, h\u00fck\u00fcmetin ekonomi y\u00f6netimini ele\u015ftirerek bu zamlar\u0131n sava\u015f nedeniyle de\u011fil ekonomiyi y\u00f6netemeyenlerin beceriksizli\u011finden kaynakland\u0131\u011f\u0131n\u0131 savundu. \u201cBU ZAM YALNIZCA POMPADA KALMAYACAK\u201d Serdaro\u011flu, akaryak\u0131t zamlar\u0131n\u0131n piyasadaki t\u00fcm \u00fcr\u00fcn ve hizmetlere yans\u0131yaca\u011f\u0131n\u0131 belirterek yeni [&hellip;]<\/p>\n","protected":false},"author":1,"featured_media":35221,"comment_status":"open","ping_status":"open","sticky":false,"template":"","format":"standard","meta":{"jnews-multi-image_gallery":[],"jnews_single_post":[],"jnews_primary_category":[],"footnotes":""},"categories":[1],"tags":[],"class_list":["post-35220","post","type-post","status-publish","format-standard","has-post-thumbnail","hentry","category-kibris"],"yoast_head":"<!-- This site is optimized with the Yoast SEO plugin v27.5 - https:\/\/yoast.com\/product\/yoast-seo-wordpress\/ -->\n<title>Serdaro\u011flu\u2019ndan akaryak\u0131t zamm\u0131na sert tepki - Haber Kuzey<\/title>\n<meta name=\"robots\" content=\"index, follow, max-snippet:-1, max-image-preview:large, max-video-preview:-1\" \/>\n<link rel=\"canonical\" href=\"https:\/\/haberkuzey.com\/index.php\/2026\/03\/12\/serdaroglundan-akaryakit-zammina-sert-tepki\/\" \/>\n<meta property=\"og:locale\" content=\"tr_TR\" \/>\n<meta property=\"og:type\" content=\"article\" \/>\n<meta property=\"og:title\" content=\"Serdaro\u011flu\u2019ndan akaryak\u0131t zamm\u0131na sert tepki - Haber Kuzey\" \/>\n<meta property=\"og:description\" content=\"H\u00dcR-\u0130\u015e\u2019TEN ZAM TEPK\u0130S\u0130 H\u00fcr-\u0130\u015f Federasyonu Genel Ba\u015fkan\u0131 Ahmet Serdaro\u011flu, akaryak\u0131t fiyatlar\u0131na k\u0131sa s\u00fcrede yap\u0131lan toplam 11 TL\u2019lik zamma sert tepki g\u00f6sterdi. Serdaro\u011flu yapt\u0131\u011f\u0131 yaz\u0131l\u0131 a\u00e7\u0131klamada, h\u00fck\u00fcmetin ekonomi y\u00f6netimini ele\u015ftirerek bu zamlar\u0131n sava\u015f nedeniyle de\u011fil ekonomiyi y\u00f6netemeyenlerin beceriksizli\u011finden kaynakland\u0131\u011f\u0131n\u0131 savundu. \u201cBU ZAM YALNIZCA POMPADA KALMAYACAK\u201d Serdaro\u011flu, akaryak\u0131t zamlar\u0131n\u0131n piyasadaki t\u00fcm \u00fcr\u00fcn ve hizmetlere yans\u0131yaca\u011f\u0131n\u0131 belirterek yeni [&hellip;]\" \/>\n<meta property=\"og:url\" content=\"https:\/\/haberkuzey.com\/index.php\/2026\/03\/12\/serdaroglundan-akaryakit-zammina-sert-tepki\/\" \/>\n<meta property=\"og:site_name\" content=\"Haber Kuzey\" \/>\n<meta property=\"article:published_time\" content=\"2026-03-12T12:48:04+00:00\" \/>\n<meta name=\"author\" content=\"haberkuzey\" \/>\n<meta name=\"twitter:card\" content=\"summary_large_image\" \/>\n<meta name=\"twitter:label1\" content=\"Yazan:\" \/>\n\t<meta name=\"twitter:data1\" content=\"haberkuzey\" \/>\n\t<meta name=\"twitter:label2\" content=\"Tahmini okuma s\u00fcresi\" \/>\n\t<meta name=\"twitter:data2\" content=\"2 dakika\" \/>\n<script type=\"application\/ld+json\" class=\"yoast-schema-graph\">{\"@context\":\"https:\\\/\\\/schema.org\",\"@graph\":[{\"@type\":\"Article\",\"@id\":\"https:\\\/\\\/haberkuzey.com\\\/index.php\\\/2026\\\/03\\\/12\\\/serdaroglundan-akaryakit-zammina-sert-tepki\\\/#article\",\"isPartOf\":{\"@id\":\"https:\\\/\\\/haberkuzey.com\\\/index.php\\\/2026\\\/03\\\/12\\\/serdaroglundan-akaryakit-zammina-sert-tepki\\\/\"},\"author\":{\"name\":\"haberkuzey\",\"@id\":\"https:\\\/\\\/haberkuzey.com\\\/#\\\/schema\\\/person\\\/3372109ec735f9333f4fa47ebb9605ca\"},\"headline\":\"Serdaro\u011flu\u2019ndan akaryak\u0131t zamm\u0131na sert tepki\",\"datePublished\":\"2026-03-12T12:48:04+00:00\",\"mainEntityOfPage\":{\"@id\":\"https:\\\/\\\/haberkuzey.com\\\/index.php\\\/2026\\\/03\\\/12\\\/serdaroglundan-akaryakit-zammina-sert-tepki\\\/\"},\"wordCount\":313,\"commentCount\":0,\"image\":{\"@id\":\"https:\\\/\\\/haberkuzey.com\\\/index.php\\\/2026\\\/03\\\/12\\\/serdaroglundan-akaryakit-zammina-sert-tepki\\\/#primaryimage\"},\"thumbnailUrl\":\"https:\\\/\\\/haberkuzey.com\\\/wp-content\\\/uploads\\\/2026\\\/03\\\/Basit-Metin-ve-Fotograf-Yeni-Sarki-Videosu-Youtube-Kucuk-Resmi-17.png\",\"articleSection\":[\"K\u0131br\u0131s\"],\"inLanguage\":\"tr\",\"potentialAction\":[{\"@type\":\"CommentAction\",\"name\":\"Comment\",\"target\":[\"https:\\\/\\\/haberkuzey.com\\\/index.php\\\/2026\\\/03\\\/12\\\/serdaroglundan-akaryakit-zammina-sert-tepki\\\/#respond\"]}]},{\"@type\":\"WebPage\",\"@id\":\"https:\\\/\\\/haberkuzey.com\\\/index.php\\\/2026\\\/03\\\/12\\\/serdaroglundan-akaryakit-zammina-sert-tepki\\\/\",\"url\":\"https:\\\/\\\/haberkuzey.com\\\/index.php\\\/2026\\\/03\\\/12\\\/serdaroglundan-akaryakit-zammina-sert-tepki\\\/\",\"name\":\"Serdaro\u011flu\u2019ndan akaryak\u0131t zamm\u0131na sert tepki - Haber Kuzey\",\"isPartOf\":{\"@id\":\"https:\\\/\\\/haberkuzey.com\\\/#website\"},\"primaryImageOfPage\":{\"@id\":\"https:\\\/\\\/haberkuzey.com\\\/index.php\\\/2026\\\/03\\\/12\\\/serdaroglundan-akaryakit-zammina-sert-tepki\\\/#primaryimage\"},\"image\":{\"@id\":\"https:\\\/\\\/haberkuzey.com\\\/index.php\\\/2026\\\/03\\\/12\\\/serdaroglundan-akaryakit-zammina-sert-tepki\\\/#primaryimage\"},\"thumbnailUrl\":\"https:\\\/\\\/haberkuzey.com\\\/wp-content\\\/uploads\\\/2026\\\/03\\\/Basit-Metin-ve-Fotograf-Yeni-Sarki-Videosu-Youtube-Kucuk-Resmi-17.png\",\"datePublished\":\"2026-03-12T12:48:04+00:00\",\"author\":{\"@id\":\"https:\\\/\\\/haberkuzey.com\\\/#\\\/schema\\\/person\\\/3372109ec735f9333f4fa47ebb9605ca\"},\"breadcrumb\":{\"@id\":\"https:\\\/\\\/haberkuzey.com\\\/index.php\\\/2026\\\/03\\\/12\\\/serdaroglundan-akaryakit-zammina-sert-tepki\\\/#breadcrumb\"},\"inLanguage\":\"tr\",\"potentialAction\":[{\"@type\":\"ReadAction\",\"target\":[\"https:\\\/\\\/haberkuzey.com\\\/index.php\\\/2026\\\/03\\\/12\\\/serdaroglundan-akaryakit-zammina-sert-tepki\\\/\"]}]},{\"@type\":\"ImageObject\",\"inLanguage\":\"tr\",\"@id\":\"https:\\\/\\\/haberkuzey.com\\\/index.php\\\/2026\\\/03\\\/12\\\/serdaroglundan-akaryakit-zammina-sert-tepki\\\/#primaryimage\",\"url\":\"https:\\\/\\\/haberkuzey.com\\\/wp-content\\\/uploads\\\/2026\\\/03\\\/Basit-Metin-ve-Fotograf-Yeni-Sarki-Videosu-Youtube-Kucuk-Resmi-17.png\",\"contentUrl\":\"https:\\\/\\\/haberkuzey.com\\\/wp-content\\\/uploads\\\/2026\\\/03\\\/Basit-Metin-ve-Fotograf-Yeni-Sarki-Videosu-Youtube-Kucuk-Resmi-17.png\",\"width\":1280,\"height\":720},{\"@type\":\"BreadcrumbList\",\"@id\":\"https:\\\/\\\/haberkuzey.com\\\/index.php\\\/2026\\\/03\\\/12\\\/serdaroglundan-akaryakit-zammina-sert-tepki\\\/#breadcrumb\",\"itemListElement\":[{\"@type\":\"ListItem\",\"position\":1,\"name\":\"Anasayfa\",\"item\":\"https:\\\/\\\/haberkuzey.com\\\/\"},{\"@type\":\"ListItem\",\"position\":2,\"name\":\"Serdaro\u011flu\u2019ndan akaryak\u0131t zamm\u0131na sert tepki\"}]},{\"@type\":\"WebSite\",\"@id\":\"https:\\\/\\\/haberkuzey.com\\\/#website\",\"url\":\"https:\\\/\\\/haberkuzey.com\\\/\",\"name\":\"Haber Kuzey\",\"description\":\"Do\u011fru Haberin Adresi\",\"potentialAction\":[{\"@type\":\"SearchAction\",\"target\":{\"@type\":\"EntryPoint\",\"urlTemplate\":\"https:\\\/\\\/haberkuzey.com\\\/?s={search_term_string}\"},\"query-input\":{\"@type\":\"PropertyValueSpecification\",\"valueRequired\":true,\"valueName\":\"search_term_string\"}}],\"inLanguage\":\"tr\"},{\"@type\":\"Person\",\"@id\":\"https:\\\/\\\/haberkuzey.com\\\/#\\\/schema\\\/person\\\/3372109ec735f9333f4fa47ebb9605ca\",\"name\":\"haberkuzey\",\"image\":{\"@type\":\"ImageObject\",\"inLanguage\":\"tr\",\"@id\":\"https:\\\/\\\/secure.gravatar.com\\\/avatar\\\/f5fc875574b1575324358c3b9e6a32b8227aa5b74f3fa22e3cadb63e26fcc39c?s=96&d=mm&r=g\",\"url\":\"https:\\\/\\\/secure.gravatar.com\\\/avatar\\\/f5fc875574b1575324358c3b9e6a32b8227aa5b74f3fa22e3cadb63e26fcc39c?s=96&d=mm&r=g\",\"contentUrl\":\"https:\\\/\\\/secure.gravatar.com\\\/avatar\\\/f5fc875574b1575324358c3b9e6a32b8227aa5b74f3fa22e3cadb63e26fcc39c?s=96&d=mm&r=g\",\"caption\":\"haberkuzey\"},\"sameAs\":[\"https:\\\/\\\/haberkuzey.com\"],\"url\":\"https:\\\/\\\/haberkuzey.com\\\/index.php\\\/author\\\/haberkuzey\\\/\"}]}<\/script>\n<!-- \/ Yoast SEO plugin. -->","yoast_head_json":{"title":"Serdaro\u011flu\u2019ndan akaryak\u0131t zamm\u0131na sert tepki - Haber Kuzey","robots":{"index":"index","follow":"follow","max-snippet":"max-snippet:-1","max-image-preview":"max-image-preview:large","max-video-preview":"max-video-preview:-1"},"canonical":"https:\/\/haberkuzey.com\/index.php\/2026\/03\/12\/serdaroglundan-akaryakit-zammina-sert-tepki\/","og_locale":"tr_TR","og_type":"article","og_title":"Serdaro\u011flu\u2019ndan akaryak\u0131t zamm\u0131na sert tepki - Haber Kuzey","og_description":"H\u00dcR-\u0130\u015e\u2019TEN ZAM TEPK\u0130S\u0130 H\u00fcr-\u0130\u015f Federasyonu Genel Ba\u015fkan\u0131 Ahmet Serdaro\u011flu, akaryak\u0131t fiyatlar\u0131na k\u0131sa s\u00fcrede yap\u0131lan toplam 11 TL\u2019lik zamma sert tepki g\u00f6sterdi. Serdaro\u011flu yapt\u0131\u011f\u0131 yaz\u0131l\u0131 a\u00e7\u0131klamada, h\u00fck\u00fcmetin ekonomi y\u00f6netimini ele\u015ftirerek bu zamlar\u0131n sava\u015f nedeniyle de\u011fil ekonomiyi y\u00f6netemeyenlerin beceriksizli\u011finden kaynakland\u0131\u011f\u0131n\u0131 savundu. \u201cBU ZAM YALNIZCA POMPADA KALMAYACAK\u201d Serdaro\u011flu, akaryak\u0131t zamlar\u0131n\u0131n piyasadaki t\u00fcm \u00fcr\u00fcn ve hizmetlere yans\u0131yaca\u011f\u0131n\u0131 belirterek yeni [&hellip;]","og_url":"https:\/\/haberkuzey.com\/index.php\/2026\/03\/12\/serdaroglundan-akaryakit-zammina-sert-tepki\/","og_site_name":"Haber Kuzey","article_published_time":"2026-03-12T12:48:04+00:00","author":"haberkuzey","twitter_card":"summary_large_image","twitter_misc":{"Yazan:":"haberkuzey","Tahmini okuma s\u00fcresi":"2 dakika"},"schema":{"@context":"https:\/\/schema.org","@graph":[{"@type":"Article","@id":"https:\/\/haberkuzey.com\/index.php\/2026\/03\/12\/serdaroglundan-akaryakit-zammina-sert-tepki\/#article","isPartOf":{"@id":"https:\/\/haberkuzey.com\/index.php\/2026\/03\/12\/serdaroglundan-akaryakit-zammina-sert-tepki\/"},"author":{"name":"haberkuzey","@id":"https:\/\/haberkuzey.com\/#\/schema\/person\/3372109ec735f9333f4fa47ebb9605ca"},"headline":"Serdaro\u011flu\u2019ndan akaryak\u0131t zamm\u0131na sert tepki","datePublished":"2026-03-12T12:48:04+00:00","mainEntityOfPage":{"@id":"https:\/\/haberkuzey.com\/index.php\/2026\/03\/12\/serdaroglundan-akaryakit-zammina-sert-tepki\/"},"wordCount":313,"commentCount":0,"image":{"@id":"https:\/\/haberkuzey.com\/index.php\/2026\/03\/12\/serdaroglundan-akaryakit-zammina-sert-tepki\/#primaryimage"},"thumbnailUrl":"https:\/\/haberkuzey.com\/wp-content\/uploads\/2026\/03\/Basit-Metin-ve-Fotograf-Yeni-Sarki-Videosu-Youtube-Kucuk-Resmi-17.png","articleSection":["K\u0131br\u0131s"],"inLanguage":"tr","potentialAction":[{"@type":"CommentAction","name":"Comment","target":["https:\/\/haberkuzey.com\/index.php\/2026\/03\/12\/serdaroglundan-akaryakit-zammina-sert-tepki\/#respond"]}]},{"@type":"WebPage","@id":"https:\/\/haberkuzey.com\/index.php\/2026\/03\/12\/serdaroglundan-akaryakit-zammina-sert-tepki\/","url":"https:\/\/haberkuzey.com\/index.php\/2026\/03\/12\/serdaroglundan-akaryakit-zammina-sert-tepki\/","name":"Serdaro\u011flu\u2019ndan akaryak\u0131t zamm\u0131na sert tepki - Haber Kuzey","isPartOf":{"@id":"https:\/\/haberkuzey.com\/#website"},"primaryImageOfPage":{"@id":"https:\/\/haberkuzey.com\/index.php\/2026\/03\/12\/serdaroglundan-akaryakit-zammina-sert-tepki\/#primaryimage"},"image":{"@id":"https:\/\/haberkuzey.com\/index.php\/2026\/03\/12\/serdaroglundan-akaryakit-zammina-sert-tepki\/#primaryimage"},"thumbnailUrl":"https:\/\/haberkuzey.com\/wp-content\/uploads\/2026\/03\/Basit-Metin-ve-Fotograf-Yeni-Sarki-Videosu-Youtube-Kucuk-Resmi-17.png","datePublished":"2026-03-12T12:48:04+00:00","author":{"@id":"https:\/\/haberkuzey.com\/#\/schema\/person\/3372109ec735f9333f4fa47ebb9605ca"},"breadcrumb":{"@id":"https:\/\/haberkuzey.com\/index.php\/2026\/03\/12\/serdaroglundan-akaryakit-zammina-sert-tepki\/#breadcrumb"},"inLanguage":"tr","potentialAction":[{"@type":"ReadAction","target":["https:\/\/haberkuzey.com\/index.php\/2026\/03\/12\/serdaroglundan-akaryakit-zammina-sert-tepki\/"]}]},{"@type":"ImageObject","inLanguage":"tr","@id":"https:\/\/haberkuzey.com\/index.php\/2026\/03\/12\/serdaroglundan-akaryakit-zammina-sert-tepki\/#primaryimage","url":"https:\/\/haberkuzey.com\/wp-content\/uploads\/2026\/03\/Basit-Metin-ve-Fotograf-Yeni-Sarki-Videosu-Youtube-Kucuk-Resmi-17.png","contentUrl":"https:\/\/haberkuzey.com\/wp-content\/uploads\/2026\/03\/Basit-Metin-ve-Fotograf-Yeni-Sarki-Videosu-Youtube-Kucuk-Resmi-17.png","width":1280,"height":720},{"@type":"BreadcrumbList","@id":"https:\/\/haberkuzey.com\/index.php\/2026\/03\/12\/serdaroglundan-akaryakit-zammina-sert-tepki\/#breadcrumb","itemListElement":[{"@type":"ListItem","position":1,"name":"Anasayfa","item":"https:\/\/haberkuzey.com\/"},{"@type":"ListItem","position":2,"name":"Serdaro\u011flu\u2019ndan akaryak\u0131t zamm\u0131na sert tepki"}]},{"@type":"WebSite","@id":"https:\/\/haberkuzey.com\/#website","url":"https:\/\/haberkuzey.com\/","name":"Haber Kuzey","description":"Do\u011fru Haberin Adresi","potentialAction":[{"@type":"SearchAction","target":{"@type":"EntryPoint","urlTemplate":"https:\/\/haberkuzey.com\/?s={search_term_string}"},"query-input":{"@type":"PropertyValueSpecification","valueRequired":true,"valueName":"search_term_string"}}],"inLanguage":"tr"},{"@type":"Person","@id":"https:\/\/haberkuzey.com\/#\/schema\/person\/3372109ec735f9333f4fa47ebb9605ca","name":"haberkuzey","image":{"@type":"ImageObject","inLanguage":"tr","@id":"https:\/\/secure.gravatar.com\/avatar\/f5fc875574b1575324358c3b9e6a32b8227aa5b74f3fa22e3cadb63e26fcc39c?s=96&d=mm&r=g","url":"https:\/\/secure.gravatar.com\/avatar\/f5fc875574b1575324358c3b9e6a32b8227aa5b74f3fa22e3cadb63e26fcc39c?s=96&d=mm&r=g","contentUrl":"https:\/\/secure.gravatar.com\/avatar\/f5fc875574b1575324358c3b9e6a32b8227aa5b74f3fa22e3cadb63e26fcc39c?s=96&d=mm&r=g","caption":"haberkuzey"},"sameAs":["https:\/\/haberkuzey.com"],"url":"https:\/\/haberkuzey.com\/index.php\/author\/haberkuzey\/"}]}},"_links":{"self":[{"href":"https:\/\/haberkuzey.com\/index.php\/wp-json\/wp\/v2\/posts\/35220","targetHints":{"allow":["GET"]}}],"collection":[{"href":"https:\/\/haberkuzey.com\/index.php\/wp-json\/wp\/v2\/posts"}],"about":[{"href":"https:\/\/haberkuzey.com\/index.php\/wp-json\/wp\/v2\/types\/post"}],"author":[{"embeddable":true,"href":"https:\/\/haberkuzey.com\/index.php\/wp-json\/wp\/v2\/users\/1"}],"replies":[{"embeddable":true,"href":"https:\/\/haberkuzey.com\/index.php\/wp-json\/wp\/v2\/comments?post=35220"}],"version-history":[{"count":0,"href":"https:\/\/haberkuzey.com\/index.php\/wp-json\/wp\/v2\/posts\/35220\/revisions"}],"wp:featuredmedia":[{"embeddable":true,"href":"https:\/\/haberkuzey.com\/index.php\/wp-json\/wp\/v2\/media\/35221"}],"wp:attachment":[{"href":"https:\/\/haberkuzey.com\/index.php\/wp-json\/wp\/v2\/media?parent=35220"}],"wp:term":[{"taxonomy":"category","embeddable":true,"href":"https:\/\/haberkuzey.com\/index.php\/wp-json\/wp\/v2\/categories?post=35220"},{"taxonomy":"post_tag","embeddable":true,"href":"https:\/\/haberkuzey.com\/index.php\/wp-json\/wp\/v2\/tags?post=35220"}],"curies":[{"name":"wp","href":"https:\/\/api.w.org\/{rel}","templated":true}]}}