{"id":35218,"date":"2026-03-12T14:42:05","date_gmt":"2026-03-12T12:42:05","guid":{"rendered":"https:\/\/haberkuzey.com\/index.php\/2026\/03\/12\/tcmb-faizi-sabit-tuttu-politika-faizi-yuzde-37\/"},"modified":"2026-03-12T14:42:05","modified_gmt":"2026-03-12T12:42:05","slug":"tcmb-faizi-sabit-tuttu-politika-faizi-yuzde-37","status":"publish","type":"post","link":"https:\/\/haberkuzey.com\/index.php\/2026\/03\/12\/tcmb-faizi-sabit-tuttu-politika-faizi-yuzde-37\/","title":{"rendered":"TCMB faizi sabit tuttu: Politika faizi y\u00fczde 37"},"content":{"rendered":"<h2>TCMB FA\u0130Z KARARINI A\u00c7IKLADI<\/h2>\n<p>T\u00fcrkiye Cumhuriyet Merkez Bankas\u0131 (TCMB), Mart 2026 Para Politikas\u0131 Kurulu (PPK) toplant\u0131s\u0131n\u0131n ard\u0131ndan politika faizine ili\u015fkin karar\u0131n\u0131 a\u00e7\u0131klad\u0131.<\/p>\n<p>TCMB Ba\u015fkan\u0131 Fatih Karahan ba\u015fkanl\u0131\u011f\u0131nda ger\u00e7ekle\u015ftirilen toplant\u0131da <strong>bir hafta vadeli repo ihale faiz oran\u0131 y\u00fczde 37 seviyesinde sabit tutuldu.<\/strong><\/p>\n<h2>GECEL\u0130K FA\u0130Z ORANLARI DA SAB\u0130T<\/h2>\n<p>PPK karar\u0131na g\u00f6re;<\/p>\n<ul>\n<li>Gecelik vadede <strong>bor\u00e7 verme faizi y\u00fczde 40<\/strong>,<\/li>\n<li>Gecelik vadede <strong>bor\u00e7lanma faizi y\u00fczde 35,5<\/strong> seviyesinde sabit b\u0131rak\u0131ld\u0131.<\/li>\n<\/ul>\n<h2>OCAK AYINDA FA\u0130Z \u0130ND\u0130R\u0130M\u0130 YAPILMI\u015eTI<\/h2>\n<p>Merkez Bankas\u0131, y\u0131l\u0131n ilk Para Politikas\u0131 Kurulu toplant\u0131s\u0131nda politika faizini <strong>100 baz puan indirerek y\u00fczde 38\u2019den y\u00fczde 37\u2019ye d\u00fc\u015f\u00fcrm\u00fc\u015ft\u00fc.<\/strong><\/p>\n<p>Mart ay\u0131ndaki toplant\u0131da ise faiz oran\u0131nda herhangi bir de\u011fi\u015fikli\u011fe gidilmedi.<\/p>\n<h2>JEOPOL\u0130T\u0130K R\u0130SKLER P\u0130YASALARDA TAK\u0130P ED\u0130L\u0130YOR<\/h2>\n<p>Faiz karar\u0131, k\u00fcresel piyasalarda <strong>ABD ve \u0130srail ile \u0130ran aras\u0131nda ya\u015fanan gerilim<\/strong> nedeniyle belirsizli\u011fin artt\u0131\u011f\u0131 bir d\u00f6nemde a\u00e7\u0131kland\u0131.<\/p>\n<p>Uzmanlar, Para Politikas\u0131 Kurulu karar\u0131n\u0131n finans piyasalar\u0131 \u00fczerinde \u00f6nemli etkiler olu\u015fturabilece\u011fini de\u011ferlendiriyor.<\/p>\n<h2>2026 YILI PPK TAKV\u0130M\u0130<\/h2>\n<p>TCMB\u2019nin 2026 y\u0131l\u0131 Para Politikas\u0131 Kurulu toplant\u0131 tarihleri \u015fu \u015fekilde:<\/p>\n<ul>\n<li>12 Mart<\/li>\n<li>22 Nisan<\/li>\n<li>11 Haziran<\/li>\n<li>23 Temmuz<\/li>\n<li>10 Eyl\u00fcl<\/li>\n<li>22 Ekim<\/li>\n<li>10 Aral\u0131k<\/li>\n<\/ul>\n<p>TCMB faizi sabit tuttu: Politika faizi y\u00fczde 37 yaz\u0131s\u0131 ilk \u00f6nce K\u0131br\u0131s Hakikat \u00fczerinde ortaya \u00e7\u0131kt\u0131.<\/p>\n","protected":false},"excerpt":{"rendered":"<p>TCMB FA\u0130Z KARARINI A\u00c7IKLADI T\u00fcrkiye Cumhuriyet Merkez Bankas\u0131 (TCMB), Mart 2026 Para Politikas\u0131 Kurulu (PPK) toplant\u0131s\u0131n\u0131n ard\u0131ndan politika faizine ili\u015fkin karar\u0131n\u0131 a\u00e7\u0131klad\u0131. TCMB Ba\u015fkan\u0131 Fatih Karahan ba\u015fkanl\u0131\u011f\u0131nda ger\u00e7ekle\u015ftirilen toplant\u0131da bir hafta vadeli repo ihale faiz oran\u0131 y\u00fczde 37 seviyesinde sabit tutuldu. GECEL\u0130K FA\u0130Z ORANLARI DA SAB\u0130T PPK karar\u0131na g\u00f6re; Gecelik vadede bor\u00e7 verme faizi y\u00fczde [&hellip;]<\/p>\n","protected":false},"author":1,"featured_media":35219,"comment_status":"open","ping_status":"open","sticky":false,"template":"","format":"standard","meta":{"jnews-multi-image_gallery":[],"jnews_single_post":[],"jnews_primary_category":[],"footnotes":""},"categories":[1],"tags":[],"class_list":["post-35218","post","type-post","status-publish","format-standard","has-post-thumbnail","hentry","category-kibris"],"yoast_head":"<!-- This site is optimized with the Yoast SEO plugin v27.5 - https:\/\/yoast.com\/product\/yoast-seo-wordpress\/ -->\n<title>TCMB faizi sabit tuttu: Politika faizi y\u00fczde 37 - Haber Kuzey<\/title>\n<meta name=\"robots\" content=\"index, follow, max-snippet:-1, max-image-preview:large, max-video-preview:-1\" \/>\n<link rel=\"canonical\" href=\"https:\/\/haberkuzey.com\/index.php\/2026\/03\/12\/tcmb-faizi-sabit-tuttu-politika-faizi-yuzde-37\/\" \/>\n<meta property=\"og:locale\" content=\"tr_TR\" \/>\n<meta property=\"og:type\" content=\"article\" \/>\n<meta property=\"og:title\" content=\"TCMB faizi sabit tuttu: Politika faizi y\u00fczde 37 - Haber Kuzey\" \/>\n<meta property=\"og:description\" content=\"TCMB FA\u0130Z KARARINI A\u00c7IKLADI T\u00fcrkiye Cumhuriyet Merkez Bankas\u0131 (TCMB), Mart 2026 Para Politikas\u0131 Kurulu (PPK) toplant\u0131s\u0131n\u0131n ard\u0131ndan politika faizine ili\u015fkin karar\u0131n\u0131 a\u00e7\u0131klad\u0131. TCMB Ba\u015fkan\u0131 Fatih Karahan ba\u015fkanl\u0131\u011f\u0131nda ger\u00e7ekle\u015ftirilen toplant\u0131da bir hafta vadeli repo ihale faiz oran\u0131 y\u00fczde 37 seviyesinde sabit tutuldu. GECEL\u0130K FA\u0130Z ORANLARI DA SAB\u0130T PPK karar\u0131na g\u00f6re; Gecelik vadede bor\u00e7 verme faizi y\u00fczde [&hellip;]\" \/>\n<meta property=\"og:url\" content=\"https:\/\/haberkuzey.com\/index.php\/2026\/03\/12\/tcmb-faizi-sabit-tuttu-politika-faizi-yuzde-37\/\" \/>\n<meta property=\"og:site_name\" content=\"Haber Kuzey\" \/>\n<meta property=\"article:published_time\" content=\"2026-03-12T12:42:05+00:00\" \/>\n<meta name=\"author\" content=\"haberkuzey\" \/>\n<meta name=\"twitter:card\" content=\"summary_large_image\" \/>\n<meta name=\"twitter:label1\" content=\"Yazan:\" \/>\n\t<meta name=\"twitter:data1\" content=\"haberkuzey\" \/>\n\t<meta name=\"twitter:label2\" content=\"Tahmini okuma s\u00fcresi\" \/>\n\t<meta name=\"twitter:data2\" content=\"1 dakika\" \/>\n<script type=\"application\/ld+json\" class=\"yoast-schema-graph\">{\"@context\":\"https:\\\/\\\/schema.org\",\"@graph\":[{\"@type\":\"Article\",\"@id\":\"https:\\\/\\\/haberkuzey.com\\\/index.php\\\/2026\\\/03\\\/12\\\/tcmb-faizi-sabit-tuttu-politika-faizi-yuzde-37\\\/#article\",\"isPartOf\":{\"@id\":\"https:\\\/\\\/haberkuzey.com\\\/index.php\\\/2026\\\/03\\\/12\\\/tcmb-faizi-sabit-tuttu-politika-faizi-yuzde-37\\\/\"},\"author\":{\"name\":\"haberkuzey\",\"@id\":\"https:\\\/\\\/haberkuzey.com\\\/#\\\/schema\\\/person\\\/3372109ec735f9333f4fa47ebb9605ca\"},\"headline\":\"TCMB faizi sabit tuttu: Politika faizi y\u00fczde 37\",\"datePublished\":\"2026-03-12T12:42:05+00:00\",\"mainEntityOfPage\":{\"@id\":\"https:\\\/\\\/haberkuzey.com\\\/index.php\\\/2026\\\/03\\\/12\\\/tcmb-faizi-sabit-tuttu-politika-faizi-yuzde-37\\\/\"},\"wordCount\":243,\"commentCount\":0,\"image\":{\"@id\":\"https:\\\/\\\/haberkuzey.com\\\/index.php\\\/2026\\\/03\\\/12\\\/tcmb-faizi-sabit-tuttu-politika-faizi-yuzde-37\\\/#primaryimage\"},\"thumbnailUrl\":\"https:\\\/\\\/haberkuzey.com\\\/wp-content\\\/uploads\\\/2026\\\/03\\\/IMG_8098.webp.webp\",\"articleSection\":[\"K\u0131br\u0131s\"],\"inLanguage\":\"tr\",\"potentialAction\":[{\"@type\":\"CommentAction\",\"name\":\"Comment\",\"target\":[\"https:\\\/\\\/haberkuzey.com\\\/index.php\\\/2026\\\/03\\\/12\\\/tcmb-faizi-sabit-tuttu-politika-faizi-yuzde-37\\\/#respond\"]}]},{\"@type\":\"WebPage\",\"@id\":\"https:\\\/\\\/haberkuzey.com\\\/index.php\\\/2026\\\/03\\\/12\\\/tcmb-faizi-sabit-tuttu-politika-faizi-yuzde-37\\\/\",\"url\":\"https:\\\/\\\/haberkuzey.com\\\/index.php\\\/2026\\\/03\\\/12\\\/tcmb-faizi-sabit-tuttu-politika-faizi-yuzde-37\\\/\",\"name\":\"TCMB faizi sabit tuttu: Politika faizi y\u00fczde 37 - Haber Kuzey\",\"isPartOf\":{\"@id\":\"https:\\\/\\\/haberkuzey.com\\\/#website\"},\"primaryImageOfPage\":{\"@id\":\"https:\\\/\\\/haberkuzey.com\\\/index.php\\\/2026\\\/03\\\/12\\\/tcmb-faizi-sabit-tuttu-politika-faizi-yuzde-37\\\/#primaryimage\"},\"image\":{\"@id\":\"https:\\\/\\\/haberkuzey.com\\\/index.php\\\/2026\\\/03\\\/12\\\/tcmb-faizi-sabit-tuttu-politika-faizi-yuzde-37\\\/#primaryimage\"},\"thumbnailUrl\":\"https:\\\/\\\/haberkuzey.com\\\/wp-content\\\/uploads\\\/2026\\\/03\\\/IMG_8098.webp.webp\",\"datePublished\":\"2026-03-12T12:42:05+00:00\",\"author\":{\"@id\":\"https:\\\/\\\/haberkuzey.com\\\/#\\\/schema\\\/person\\\/3372109ec735f9333f4fa47ebb9605ca\"},\"breadcrumb\":{\"@id\":\"https:\\\/\\\/haberkuzey.com\\\/index.php\\\/2026\\\/03\\\/12\\\/tcmb-faizi-sabit-tuttu-politika-faizi-yuzde-37\\\/#breadcrumb\"},\"inLanguage\":\"tr\",\"potentialAction\":[{\"@type\":\"ReadAction\",\"target\":[\"https:\\\/\\\/haberkuzey.com\\\/index.php\\\/2026\\\/03\\\/12\\\/tcmb-faizi-sabit-tuttu-politika-faizi-yuzde-37\\\/\"]}]},{\"@type\":\"ImageObject\",\"inLanguage\":\"tr\",\"@id\":\"https:\\\/\\\/haberkuzey.com\\\/index.php\\\/2026\\\/03\\\/12\\\/tcmb-faizi-sabit-tuttu-politika-faizi-yuzde-37\\\/#primaryimage\",\"url\":\"https:\\\/\\\/haberkuzey.com\\\/wp-content\\\/uploads\\\/2026\\\/03\\\/IMG_8098.webp.webp\",\"contentUrl\":\"https:\\\/\\\/haberkuzey.com\\\/wp-content\\\/uploads\\\/2026\\\/03\\\/IMG_8098.webp.webp\",\"width\":1280,\"height\":720},{\"@type\":\"BreadcrumbList\",\"@id\":\"https:\\\/\\\/haberkuzey.com\\\/index.php\\\/2026\\\/03\\\/12\\\/tcmb-faizi-sabit-tuttu-politika-faizi-yuzde-37\\\/#breadcrumb\",\"itemListElement\":[{\"@type\":\"ListItem\",\"position\":1,\"name\":\"Anasayfa\",\"item\":\"https:\\\/\\\/haberkuzey.com\\\/\"},{\"@type\":\"ListItem\",\"position\":2,\"name\":\"TCMB faizi sabit tuttu: Politika faizi y\u00fczde 37\"}]},{\"@type\":\"WebSite\",\"@id\":\"https:\\\/\\\/haberkuzey.com\\\/#website\",\"url\":\"https:\\\/\\\/haberkuzey.com\\\/\",\"name\":\"Haber Kuzey\",\"description\":\"Do\u011fru Haberin Adresi\",\"potentialAction\":[{\"@type\":\"SearchAction\",\"target\":{\"@type\":\"EntryPoint\",\"urlTemplate\":\"https:\\\/\\\/haberkuzey.com\\\/?s={search_term_string}\"},\"query-input\":{\"@type\":\"PropertyValueSpecification\",\"valueRequired\":true,\"valueName\":\"search_term_string\"}}],\"inLanguage\":\"tr\"},{\"@type\":\"Person\",\"@id\":\"https:\\\/\\\/haberkuzey.com\\\/#\\\/schema\\\/person\\\/3372109ec735f9333f4fa47ebb9605ca\",\"name\":\"haberkuzey\",\"image\":{\"@type\":\"ImageObject\",\"inLanguage\":\"tr\",\"@id\":\"https:\\\/\\\/secure.gravatar.com\\\/avatar\\\/f5fc875574b1575324358c3b9e6a32b8227aa5b74f3fa22e3cadb63e26fcc39c?s=96&d=mm&r=g\",\"url\":\"https:\\\/\\\/secure.gravatar.com\\\/avatar\\\/f5fc875574b1575324358c3b9e6a32b8227aa5b74f3fa22e3cadb63e26fcc39c?s=96&d=mm&r=g\",\"contentUrl\":\"https:\\\/\\\/secure.gravatar.com\\\/avatar\\\/f5fc875574b1575324358c3b9e6a32b8227aa5b74f3fa22e3cadb63e26fcc39c?s=96&d=mm&r=g\",\"caption\":\"haberkuzey\"},\"sameAs\":[\"https:\\\/\\\/haberkuzey.com\"],\"url\":\"https:\\\/\\\/haberkuzey.com\\\/index.php\\\/author\\\/haberkuzey\\\/\"}]}<\/script>\n<!-- \/ Yoast SEO plugin. -->","yoast_head_json":{"title":"TCMB faizi sabit tuttu: Politika faizi y\u00fczde 37 - Haber Kuzey","robots":{"index":"index","follow":"follow","max-snippet":"max-snippet:-1","max-image-preview":"max-image-preview:large","max-video-preview":"max-video-preview:-1"},"canonical":"https:\/\/haberkuzey.com\/index.php\/2026\/03\/12\/tcmb-faizi-sabit-tuttu-politika-faizi-yuzde-37\/","og_locale":"tr_TR","og_type":"article","og_title":"TCMB faizi sabit tuttu: Politika faizi y\u00fczde 37 - Haber Kuzey","og_description":"TCMB FA\u0130Z KARARINI A\u00c7IKLADI T\u00fcrkiye Cumhuriyet Merkez Bankas\u0131 (TCMB), Mart 2026 Para Politikas\u0131 Kurulu (PPK) toplant\u0131s\u0131n\u0131n ard\u0131ndan politika faizine ili\u015fkin karar\u0131n\u0131 a\u00e7\u0131klad\u0131. TCMB Ba\u015fkan\u0131 Fatih Karahan ba\u015fkanl\u0131\u011f\u0131nda ger\u00e7ekle\u015ftirilen toplant\u0131da bir hafta vadeli repo ihale faiz oran\u0131 y\u00fczde 37 seviyesinde sabit tutuldu. GECEL\u0130K FA\u0130Z ORANLARI DA SAB\u0130T PPK karar\u0131na g\u00f6re; Gecelik vadede bor\u00e7 verme faizi y\u00fczde [&hellip;]","og_url":"https:\/\/haberkuzey.com\/index.php\/2026\/03\/12\/tcmb-faizi-sabit-tuttu-politika-faizi-yuzde-37\/","og_site_name":"Haber Kuzey","article_published_time":"2026-03-12T12:42:05+00:00","author":"haberkuzey","twitter_card":"summary_large_image","twitter_misc":{"Yazan:":"haberkuzey","Tahmini okuma s\u00fcresi":"1 dakika"},"schema":{"@context":"https:\/\/schema.org","@graph":[{"@type":"Article","@id":"https:\/\/haberkuzey.com\/index.php\/2026\/03\/12\/tcmb-faizi-sabit-tuttu-politika-faizi-yuzde-37\/#article","isPartOf":{"@id":"https:\/\/haberkuzey.com\/index.php\/2026\/03\/12\/tcmb-faizi-sabit-tuttu-politika-faizi-yuzde-37\/"},"author":{"name":"haberkuzey","@id":"https:\/\/haberkuzey.com\/#\/schema\/person\/3372109ec735f9333f4fa47ebb9605ca"},"headline":"TCMB faizi sabit tuttu: Politika faizi y\u00fczde 37","datePublished":"2026-03-12T12:42:05+00:00","mainEntityOfPage":{"@id":"https:\/\/haberkuzey.com\/index.php\/2026\/03\/12\/tcmb-faizi-sabit-tuttu-politika-faizi-yuzde-37\/"},"wordCount":243,"commentCount":0,"image":{"@id":"https:\/\/haberkuzey.com\/index.php\/2026\/03\/12\/tcmb-faizi-sabit-tuttu-politika-faizi-yuzde-37\/#primaryimage"},"thumbnailUrl":"https:\/\/haberkuzey.com\/wp-content\/uploads\/2026\/03\/IMG_8098.webp.webp","articleSection":["K\u0131br\u0131s"],"inLanguage":"tr","potentialAction":[{"@type":"CommentAction","name":"Comment","target":["https:\/\/haberkuzey.com\/index.php\/2026\/03\/12\/tcmb-faizi-sabit-tuttu-politika-faizi-yuzde-37\/#respond"]}]},{"@type":"WebPage","@id":"https:\/\/haberkuzey.com\/index.php\/2026\/03\/12\/tcmb-faizi-sabit-tuttu-politika-faizi-yuzde-37\/","url":"https:\/\/haberkuzey.com\/index.php\/2026\/03\/12\/tcmb-faizi-sabit-tuttu-politika-faizi-yuzde-37\/","name":"TCMB faizi sabit tuttu: Politika faizi y\u00fczde 37 - Haber Kuzey","isPartOf":{"@id":"https:\/\/haberkuzey.com\/#website"},"primaryImageOfPage":{"@id":"https:\/\/haberkuzey.com\/index.php\/2026\/03\/12\/tcmb-faizi-sabit-tuttu-politika-faizi-yuzde-37\/#primaryimage"},"image":{"@id":"https:\/\/haberkuzey.com\/index.php\/2026\/03\/12\/tcmb-faizi-sabit-tuttu-politika-faizi-yuzde-37\/#primaryimage"},"thumbnailUrl":"https:\/\/haberkuzey.com\/wp-content\/uploads\/2026\/03\/IMG_8098.webp.webp","datePublished":"2026-03-12T12:42:05+00:00","author":{"@id":"https:\/\/haberkuzey.com\/#\/schema\/person\/3372109ec735f9333f4fa47ebb9605ca"},"breadcrumb":{"@id":"https:\/\/haberkuzey.com\/index.php\/2026\/03\/12\/tcmb-faizi-sabit-tuttu-politika-faizi-yuzde-37\/#breadcrumb"},"inLanguage":"tr","potentialAction":[{"@type":"ReadAction","target":["https:\/\/haberkuzey.com\/index.php\/2026\/03\/12\/tcmb-faizi-sabit-tuttu-politika-faizi-yuzde-37\/"]}]},{"@type":"ImageObject","inLanguage":"tr","@id":"https:\/\/haberkuzey.com\/index.php\/2026\/03\/12\/tcmb-faizi-sabit-tuttu-politika-faizi-yuzde-37\/#primaryimage","url":"https:\/\/haberkuzey.com\/wp-content\/uploads\/2026\/03\/IMG_8098.webp.webp","contentUrl":"https:\/\/haberkuzey.com\/wp-content\/uploads\/2026\/03\/IMG_8098.webp.webp","width":1280,"height":720},{"@type":"BreadcrumbList","@id":"https:\/\/haberkuzey.com\/index.php\/2026\/03\/12\/tcmb-faizi-sabit-tuttu-politika-faizi-yuzde-37\/#breadcrumb","itemListElement":[{"@type":"ListItem","position":1,"name":"Anasayfa","item":"https:\/\/haberkuzey.com\/"},{"@type":"ListItem","position":2,"name":"TCMB faizi sabit tuttu: Politika faizi y\u00fczde 37"}]},{"@type":"WebSite","@id":"https:\/\/haberkuzey.com\/#website","url":"https:\/\/haberkuzey.com\/","name":"Haber Kuzey","description":"Do\u011fru Haberin Adresi","potentialAction":[{"@type":"SearchAction","target":{"@type":"EntryPoint","urlTemplate":"https:\/\/haberkuzey.com\/?s={search_term_string}"},"query-input":{"@type":"PropertyValueSpecification","valueRequired":true,"valueName":"search_term_string"}}],"inLanguage":"tr"},{"@type":"Person","@id":"https:\/\/haberkuzey.com\/#\/schema\/person\/3372109ec735f9333f4fa47ebb9605ca","name":"haberkuzey","image":{"@type":"ImageObject","inLanguage":"tr","@id":"https:\/\/secure.gravatar.com\/avatar\/f5fc875574b1575324358c3b9e6a32b8227aa5b74f3fa22e3cadb63e26fcc39c?s=96&d=mm&r=g","url":"https:\/\/secure.gravatar.com\/avatar\/f5fc875574b1575324358c3b9e6a32b8227aa5b74f3fa22e3cadb63e26fcc39c?s=96&d=mm&r=g","contentUrl":"https:\/\/secure.gravatar.com\/avatar\/f5fc875574b1575324358c3b9e6a32b8227aa5b74f3fa22e3cadb63e26fcc39c?s=96&d=mm&r=g","caption":"haberkuzey"},"sameAs":["https:\/\/haberkuzey.com"],"url":"https:\/\/haberkuzey.com\/index.php\/author\/haberkuzey\/"}]}},"_links":{"self":[{"href":"https:\/\/haberkuzey.com\/index.php\/wp-json\/wp\/v2\/posts\/35218","targetHints":{"allow":["GET"]}}],"collection":[{"href":"https:\/\/haberkuzey.com\/index.php\/wp-json\/wp\/v2\/posts"}],"about":[{"href":"https:\/\/haberkuzey.com\/index.php\/wp-json\/wp\/v2\/types\/post"}],"author":[{"embeddable":true,"href":"https:\/\/haberkuzey.com\/index.php\/wp-json\/wp\/v2\/users\/1"}],"replies":[{"embeddable":true,"href":"https:\/\/haberkuzey.com\/index.php\/wp-json\/wp\/v2\/comments?post=35218"}],"version-history":[{"count":0,"href":"https:\/\/haberkuzey.com\/index.php\/wp-json\/wp\/v2\/posts\/35218\/revisions"}],"wp:featuredmedia":[{"embeddable":true,"href":"https:\/\/haberkuzey.com\/index.php\/wp-json\/wp\/v2\/media\/35219"}],"wp:attachment":[{"href":"https:\/\/haberkuzey.com\/index.php\/wp-json\/wp\/v2\/media?parent=35218"}],"wp:term":[{"taxonomy":"category","embeddable":true,"href":"https:\/\/haberkuzey.com\/index.php\/wp-json\/wp\/v2\/categories?post=35218"},{"taxonomy":"post_tag","embeddable":true,"href":"https:\/\/haberkuzey.com\/index.php\/wp-json\/wp\/v2\/tags?post=35218"}],"curies":[{"name":"wp","href":"https:\/\/api.w.org\/{rel}","templated":true}]}}