{"id":35216,"date":"2026-03-12T14:11:03","date_gmt":"2026-03-12T12:11:03","guid":{"rendered":"https:\/\/haberkuzey.com\/index.php\/2026\/03\/12\/erhurman-gazimagusa-ilahiyat-protokolu-en-kisa-sure-icerisinde-imzalanip-yayimlanacak\/"},"modified":"2026-03-12T14:11:03","modified_gmt":"2026-03-12T12:11:03","slug":"erhurman-gazimagusa-ilahiyat-protokolu-en-kisa-sure-icerisinde-imzalanip-yayimlanacak","status":"publish","type":"post","link":"https:\/\/haberkuzey.com\/index.php\/2026\/03\/12\/erhurman-gazimagusa-ilahiyat-protokolu-en-kisa-sure-icerisinde-imzalanip-yayimlanacak\/","title":{"rendered":"Erh\u00fcrman: Gazima\u011fusa \u0130lahiyat Protokol\u00fc en k\u0131sa s\u00fcre i\u00e7erisinde imzalan\u0131p yay\u0131mlanacak"},"content":{"rendered":"<p data-start=\"270\" data-end=\"588\">Cumhurba\u015fkan\u0131 Tufan Erh\u00fcrman, Anayasa&#8217;n\u0131n 146. maddesi gere\u011fince, bir yasay\u0131 yay\u0131mlamadan \u00f6nce Anayasa\u2019ya ayk\u0131r\u0131 olup olmad\u0131\u011f\u0131 konusunda g\u00f6r\u00fc\u015f almak amac\u0131yla Anayasa Mahkemesi\u2019ne g\u00f6nderdi\u011fi Gazima\u011fusa \u0130lahiyat Koleji Yap\u0131m Projesi Protokol\u00fcne ili\u015fkin onay yasas\u0131 ile ilgili a\u00e7\u0131klamalarda bulundu.<\/p>\n<p data-start=\"590\" data-end=\"763\">Erh\u00fcrman, Anayasa Mahkemesi\u2019nin bug\u00fcn konuyla ilgili g\u00f6r\u00fc\u015f\u00fcn\u00fc a\u00e7\u0131klad\u0131\u011f\u0131n\u0131 ve mahkemenin s\u00f6z konusu protokol\u00fcn Anayasa\u2019ya ayk\u0131r\u0131 olmad\u0131\u011f\u0131 y\u00f6n\u00fcnde karar verdi\u011fini belirtti.<\/p>\n<p data-start=\"765\" data-end=\"913\" data-is-last-node=\"\" data-is-only-node=\"\">Erh\u00fcrman, Anayasa Mahkemesi\u2019nin olumlu g\u00f6r\u00fc\u015f\u00fc do\u011frultusunda ilgili onay yasas\u0131n\u0131n en k\u0131sa s\u00fcre i\u00e7erisinde imzalan\u0131p yay\u0131mlanaca\u011f\u0131n\u0131 ifade etti.<\/p>\n<p>&nbsp;<\/p>\n<p>Erh\u00fcrman: Gazima\u011fusa \u0130lahiyat Protokol\u00fc en k\u0131sa s\u00fcre i\u00e7erisinde imzalan\u0131p yay\u0131mlanacak yaz\u0131s\u0131 ilk \u00f6nce K\u0131br\u0131s Hakikat \u00fczerinde ortaya \u00e7\u0131kt\u0131.<\/p>\n","protected":false},"excerpt":{"rendered":"<p>Cumhurba\u015fkan\u0131 Tufan Erh\u00fcrman, Anayasa&#8217;n\u0131n 146. maddesi gere\u011fince, bir yasay\u0131 yay\u0131mlamadan \u00f6nce Anayasa\u2019ya ayk\u0131r\u0131 olup olmad\u0131\u011f\u0131 konusunda g\u00f6r\u00fc\u015f almak amac\u0131yla Anayasa Mahkemesi\u2019ne g\u00f6nderdi\u011fi Gazima\u011fusa \u0130lahiyat Koleji Yap\u0131m Projesi Protokol\u00fcne ili\u015fkin onay yasas\u0131 ile ilgili a\u00e7\u0131klamalarda bulundu. Erh\u00fcrman, Anayasa Mahkemesi\u2019nin bug\u00fcn konuyla ilgili g\u00f6r\u00fc\u015f\u00fcn\u00fc a\u00e7\u0131klad\u0131\u011f\u0131n\u0131 ve mahkemenin s\u00f6z konusu protokol\u00fcn Anayasa\u2019ya ayk\u0131r\u0131 olmad\u0131\u011f\u0131 y\u00f6n\u00fcnde karar verdi\u011fini belirtti. [&hellip;]<\/p>\n","protected":false},"author":1,"featured_media":35217,"comment_status":"open","ping_status":"open","sticky":false,"template":"","format":"standard","meta":{"jnews-multi-image_gallery":[],"jnews_single_post":[],"jnews_primary_category":[],"footnotes":""},"categories":[1],"tags":[],"class_list":["post-35216","post","type-post","status-publish","format-standard","has-post-thumbnail","hentry","category-kibris"],"yoast_head":"<!-- This site is optimized with the Yoast SEO plugin v27.5 - https:\/\/yoast.com\/product\/yoast-seo-wordpress\/ -->\n<title>Erh\u00fcrman: Gazima\u011fusa \u0130lahiyat Protokol\u00fc en k\u0131sa s\u00fcre i\u00e7erisinde imzalan\u0131p yay\u0131mlanacak - Haber Kuzey<\/title>\n<meta name=\"robots\" content=\"index, follow, max-snippet:-1, max-image-preview:large, max-video-preview:-1\" \/>\n<link rel=\"canonical\" href=\"https:\/\/haberkuzey.com\/index.php\/2026\/03\/12\/erhurman-gazimagusa-ilahiyat-protokolu-en-kisa-sure-icerisinde-imzalanip-yayimlanacak\/\" \/>\n<meta property=\"og:locale\" content=\"tr_TR\" \/>\n<meta property=\"og:type\" content=\"article\" \/>\n<meta property=\"og:title\" content=\"Erh\u00fcrman: Gazima\u011fusa \u0130lahiyat Protokol\u00fc en k\u0131sa s\u00fcre i\u00e7erisinde imzalan\u0131p yay\u0131mlanacak - Haber Kuzey\" \/>\n<meta property=\"og:description\" content=\"Cumhurba\u015fkan\u0131 Tufan Erh\u00fcrman, Anayasa&#8217;n\u0131n 146. maddesi gere\u011fince, bir yasay\u0131 yay\u0131mlamadan \u00f6nce Anayasa\u2019ya ayk\u0131r\u0131 olup olmad\u0131\u011f\u0131 konusunda g\u00f6r\u00fc\u015f almak amac\u0131yla Anayasa Mahkemesi\u2019ne g\u00f6nderdi\u011fi Gazima\u011fusa \u0130lahiyat Koleji Yap\u0131m Projesi Protokol\u00fcne ili\u015fkin onay yasas\u0131 ile ilgili a\u00e7\u0131klamalarda bulundu. Erh\u00fcrman, Anayasa Mahkemesi\u2019nin bug\u00fcn konuyla ilgili g\u00f6r\u00fc\u015f\u00fcn\u00fc a\u00e7\u0131klad\u0131\u011f\u0131n\u0131 ve mahkemenin s\u00f6z konusu protokol\u00fcn Anayasa\u2019ya ayk\u0131r\u0131 olmad\u0131\u011f\u0131 y\u00f6n\u00fcnde karar verdi\u011fini belirtti. [&hellip;]\" \/>\n<meta property=\"og:url\" content=\"https:\/\/haberkuzey.com\/index.php\/2026\/03\/12\/erhurman-gazimagusa-ilahiyat-protokolu-en-kisa-sure-icerisinde-imzalanip-yayimlanacak\/\" \/>\n<meta property=\"og:site_name\" content=\"Haber Kuzey\" \/>\n<meta property=\"article:published_time\" content=\"2026-03-12T12:11:03+00:00\" \/>\n<meta name=\"author\" content=\"haberkuzey\" \/>\n<meta name=\"twitter:card\" content=\"summary_large_image\" \/>\n<meta name=\"twitter:label1\" content=\"Yazan:\" \/>\n\t<meta name=\"twitter:data1\" content=\"haberkuzey\" \/>\n\t<meta name=\"twitter:label2\" content=\"Tahmini okuma s\u00fcresi\" \/>\n\t<meta name=\"twitter:data2\" content=\"1 dakika\" \/>\n<script type=\"application\/ld+json\" class=\"yoast-schema-graph\">{\"@context\":\"https:\\\/\\\/schema.org\",\"@graph\":[{\"@type\":\"Article\",\"@id\":\"https:\\\/\\\/haberkuzey.com\\\/index.php\\\/2026\\\/03\\\/12\\\/erhurman-gazimagusa-ilahiyat-protokolu-en-kisa-sure-icerisinde-imzalanip-yayimlanacak\\\/#article\",\"isPartOf\":{\"@id\":\"https:\\\/\\\/haberkuzey.com\\\/index.php\\\/2026\\\/03\\\/12\\\/erhurman-gazimagusa-ilahiyat-protokolu-en-kisa-sure-icerisinde-imzalanip-yayimlanacak\\\/\"},\"author\":{\"name\":\"haberkuzey\",\"@id\":\"https:\\\/\\\/haberkuzey.com\\\/#\\\/schema\\\/person\\\/3372109ec735f9333f4fa47ebb9605ca\"},\"headline\":\"Erh\u00fcrman: Gazima\u011fusa \u0130lahiyat Protokol\u00fc en k\u0131sa s\u00fcre i\u00e7erisinde imzalan\u0131p yay\u0131mlanacak\",\"datePublished\":\"2026-03-12T12:11:03+00:00\",\"mainEntityOfPage\":{\"@id\":\"https:\\\/\\\/haberkuzey.com\\\/index.php\\\/2026\\\/03\\\/12\\\/erhurman-gazimagusa-ilahiyat-protokolu-en-kisa-sure-icerisinde-imzalanip-yayimlanacak\\\/\"},\"wordCount\":161,\"commentCount\":0,\"image\":{\"@id\":\"https:\\\/\\\/haberkuzey.com\\\/index.php\\\/2026\\\/03\\\/12\\\/erhurman-gazimagusa-ilahiyat-protokolu-en-kisa-sure-icerisinde-imzalanip-yayimlanacak\\\/#primaryimage\"},\"thumbnailUrl\":\"https:\\\/\\\/haberkuzey.com\\\/wp-content\\\/uploads\\\/2026\\\/03\\\/IMG_5735-1.webp.webp\",\"articleSection\":[\"K\u0131br\u0131s\"],\"inLanguage\":\"tr\",\"potentialAction\":[{\"@type\":\"CommentAction\",\"name\":\"Comment\",\"target\":[\"https:\\\/\\\/haberkuzey.com\\\/index.php\\\/2026\\\/03\\\/12\\\/erhurman-gazimagusa-ilahiyat-protokolu-en-kisa-sure-icerisinde-imzalanip-yayimlanacak\\\/#respond\"]}]},{\"@type\":\"WebPage\",\"@id\":\"https:\\\/\\\/haberkuzey.com\\\/index.php\\\/2026\\\/03\\\/12\\\/erhurman-gazimagusa-ilahiyat-protokolu-en-kisa-sure-icerisinde-imzalanip-yayimlanacak\\\/\",\"url\":\"https:\\\/\\\/haberkuzey.com\\\/index.php\\\/2026\\\/03\\\/12\\\/erhurman-gazimagusa-ilahiyat-protokolu-en-kisa-sure-icerisinde-imzalanip-yayimlanacak\\\/\",\"name\":\"Erh\u00fcrman: Gazima\u011fusa \u0130lahiyat Protokol\u00fc en k\u0131sa s\u00fcre i\u00e7erisinde imzalan\u0131p yay\u0131mlanacak - Haber Kuzey\",\"isPartOf\":{\"@id\":\"https:\\\/\\\/haberkuzey.com\\\/#website\"},\"primaryImageOfPage\":{\"@id\":\"https:\\\/\\\/haberkuzey.com\\\/index.php\\\/2026\\\/03\\\/12\\\/erhurman-gazimagusa-ilahiyat-protokolu-en-kisa-sure-icerisinde-imzalanip-yayimlanacak\\\/#primaryimage\"},\"image\":{\"@id\":\"https:\\\/\\\/haberkuzey.com\\\/index.php\\\/2026\\\/03\\\/12\\\/erhurman-gazimagusa-ilahiyat-protokolu-en-kisa-sure-icerisinde-imzalanip-yayimlanacak\\\/#primaryimage\"},\"thumbnailUrl\":\"https:\\\/\\\/haberkuzey.com\\\/wp-content\\\/uploads\\\/2026\\\/03\\\/IMG_5735-1.webp.webp\",\"datePublished\":\"2026-03-12T12:11:03+00:00\",\"author\":{\"@id\":\"https:\\\/\\\/haberkuzey.com\\\/#\\\/schema\\\/person\\\/3372109ec735f9333f4fa47ebb9605ca\"},\"breadcrumb\":{\"@id\":\"https:\\\/\\\/haberkuzey.com\\\/index.php\\\/2026\\\/03\\\/12\\\/erhurman-gazimagusa-ilahiyat-protokolu-en-kisa-sure-icerisinde-imzalanip-yayimlanacak\\\/#breadcrumb\"},\"inLanguage\":\"tr\",\"potentialAction\":[{\"@type\":\"ReadAction\",\"target\":[\"https:\\\/\\\/haberkuzey.com\\\/index.php\\\/2026\\\/03\\\/12\\\/erhurman-gazimagusa-ilahiyat-protokolu-en-kisa-sure-icerisinde-imzalanip-yayimlanacak\\\/\"]}]},{\"@type\":\"ImageObject\",\"inLanguage\":\"tr\",\"@id\":\"https:\\\/\\\/haberkuzey.com\\\/index.php\\\/2026\\\/03\\\/12\\\/erhurman-gazimagusa-ilahiyat-protokolu-en-kisa-sure-icerisinde-imzalanip-yayimlanacak\\\/#primaryimage\",\"url\":\"https:\\\/\\\/haberkuzey.com\\\/wp-content\\\/uploads\\\/2026\\\/03\\\/IMG_5735-1.webp.webp\",\"contentUrl\":\"https:\\\/\\\/haberkuzey.com\\\/wp-content\\\/uploads\\\/2026\\\/03\\\/IMG_5735-1.webp.webp\",\"width\":971,\"height\":551},{\"@type\":\"BreadcrumbList\",\"@id\":\"https:\\\/\\\/haberkuzey.com\\\/index.php\\\/2026\\\/03\\\/12\\\/erhurman-gazimagusa-ilahiyat-protokolu-en-kisa-sure-icerisinde-imzalanip-yayimlanacak\\\/#breadcrumb\",\"itemListElement\":[{\"@type\":\"ListItem\",\"position\":1,\"name\":\"Anasayfa\",\"item\":\"https:\\\/\\\/haberkuzey.com\\\/\"},{\"@type\":\"ListItem\",\"position\":2,\"name\":\"Erh\u00fcrman: Gazima\u011fusa \u0130lahiyat Protokol\u00fc en k\u0131sa s\u00fcre i\u00e7erisinde imzalan\u0131p yay\u0131mlanacak\"}]},{\"@type\":\"WebSite\",\"@id\":\"https:\\\/\\\/haberkuzey.com\\\/#website\",\"url\":\"https:\\\/\\\/haberkuzey.com\\\/\",\"name\":\"Haber Kuzey\",\"description\":\"Do\u011fru Haberin Adresi\",\"potentialAction\":[{\"@type\":\"SearchAction\",\"target\":{\"@type\":\"EntryPoint\",\"urlTemplate\":\"https:\\\/\\\/haberkuzey.com\\\/?s={search_term_string}\"},\"query-input\":{\"@type\":\"PropertyValueSpecification\",\"valueRequired\":true,\"valueName\":\"search_term_string\"}}],\"inLanguage\":\"tr\"},{\"@type\":\"Person\",\"@id\":\"https:\\\/\\\/haberkuzey.com\\\/#\\\/schema\\\/person\\\/3372109ec735f9333f4fa47ebb9605ca\",\"name\":\"haberkuzey\",\"image\":{\"@type\":\"ImageObject\",\"inLanguage\":\"tr\",\"@id\":\"https:\\\/\\\/secure.gravatar.com\\\/avatar\\\/f5fc875574b1575324358c3b9e6a32b8227aa5b74f3fa22e3cadb63e26fcc39c?s=96&d=mm&r=g\",\"url\":\"https:\\\/\\\/secure.gravatar.com\\\/avatar\\\/f5fc875574b1575324358c3b9e6a32b8227aa5b74f3fa22e3cadb63e26fcc39c?s=96&d=mm&r=g\",\"contentUrl\":\"https:\\\/\\\/secure.gravatar.com\\\/avatar\\\/f5fc875574b1575324358c3b9e6a32b8227aa5b74f3fa22e3cadb63e26fcc39c?s=96&d=mm&r=g\",\"caption\":\"haberkuzey\"},\"sameAs\":[\"https:\\\/\\\/haberkuzey.com\"],\"url\":\"https:\\\/\\\/haberkuzey.com\\\/index.php\\\/author\\\/haberkuzey\\\/\"}]}<\/script>\n<!-- \/ Yoast SEO plugin. -->","yoast_head_json":{"title":"Erh\u00fcrman: Gazima\u011fusa \u0130lahiyat Protokol\u00fc en k\u0131sa s\u00fcre i\u00e7erisinde imzalan\u0131p yay\u0131mlanacak - Haber Kuzey","robots":{"index":"index","follow":"follow","max-snippet":"max-snippet:-1","max-image-preview":"max-image-preview:large","max-video-preview":"max-video-preview:-1"},"canonical":"https:\/\/haberkuzey.com\/index.php\/2026\/03\/12\/erhurman-gazimagusa-ilahiyat-protokolu-en-kisa-sure-icerisinde-imzalanip-yayimlanacak\/","og_locale":"tr_TR","og_type":"article","og_title":"Erh\u00fcrman: Gazima\u011fusa \u0130lahiyat Protokol\u00fc en k\u0131sa s\u00fcre i\u00e7erisinde imzalan\u0131p yay\u0131mlanacak - Haber Kuzey","og_description":"Cumhurba\u015fkan\u0131 Tufan Erh\u00fcrman, Anayasa&#8217;n\u0131n 146. maddesi gere\u011fince, bir yasay\u0131 yay\u0131mlamadan \u00f6nce Anayasa\u2019ya ayk\u0131r\u0131 olup olmad\u0131\u011f\u0131 konusunda g\u00f6r\u00fc\u015f almak amac\u0131yla Anayasa Mahkemesi\u2019ne g\u00f6nderdi\u011fi Gazima\u011fusa \u0130lahiyat Koleji Yap\u0131m Projesi Protokol\u00fcne ili\u015fkin onay yasas\u0131 ile ilgili a\u00e7\u0131klamalarda bulundu. Erh\u00fcrman, Anayasa Mahkemesi\u2019nin bug\u00fcn konuyla ilgili g\u00f6r\u00fc\u015f\u00fcn\u00fc a\u00e7\u0131klad\u0131\u011f\u0131n\u0131 ve mahkemenin s\u00f6z konusu protokol\u00fcn Anayasa\u2019ya ayk\u0131r\u0131 olmad\u0131\u011f\u0131 y\u00f6n\u00fcnde karar verdi\u011fini belirtti. [&hellip;]","og_url":"https:\/\/haberkuzey.com\/index.php\/2026\/03\/12\/erhurman-gazimagusa-ilahiyat-protokolu-en-kisa-sure-icerisinde-imzalanip-yayimlanacak\/","og_site_name":"Haber Kuzey","article_published_time":"2026-03-12T12:11:03+00:00","author":"haberkuzey","twitter_card":"summary_large_image","twitter_misc":{"Yazan:":"haberkuzey","Tahmini okuma s\u00fcresi":"1 dakika"},"schema":{"@context":"https:\/\/schema.org","@graph":[{"@type":"Article","@id":"https:\/\/haberkuzey.com\/index.php\/2026\/03\/12\/erhurman-gazimagusa-ilahiyat-protokolu-en-kisa-sure-icerisinde-imzalanip-yayimlanacak\/#article","isPartOf":{"@id":"https:\/\/haberkuzey.com\/index.php\/2026\/03\/12\/erhurman-gazimagusa-ilahiyat-protokolu-en-kisa-sure-icerisinde-imzalanip-yayimlanacak\/"},"author":{"name":"haberkuzey","@id":"https:\/\/haberkuzey.com\/#\/schema\/person\/3372109ec735f9333f4fa47ebb9605ca"},"headline":"Erh\u00fcrman: Gazima\u011fusa \u0130lahiyat Protokol\u00fc en k\u0131sa s\u00fcre i\u00e7erisinde imzalan\u0131p yay\u0131mlanacak","datePublished":"2026-03-12T12:11:03+00:00","mainEntityOfPage":{"@id":"https:\/\/haberkuzey.com\/index.php\/2026\/03\/12\/erhurman-gazimagusa-ilahiyat-protokolu-en-kisa-sure-icerisinde-imzalanip-yayimlanacak\/"},"wordCount":161,"commentCount":0,"image":{"@id":"https:\/\/haberkuzey.com\/index.php\/2026\/03\/12\/erhurman-gazimagusa-ilahiyat-protokolu-en-kisa-sure-icerisinde-imzalanip-yayimlanacak\/#primaryimage"},"thumbnailUrl":"https:\/\/haberkuzey.com\/wp-content\/uploads\/2026\/03\/IMG_5735-1.webp.webp","articleSection":["K\u0131br\u0131s"],"inLanguage":"tr","potentialAction":[{"@type":"CommentAction","name":"Comment","target":["https:\/\/haberkuzey.com\/index.php\/2026\/03\/12\/erhurman-gazimagusa-ilahiyat-protokolu-en-kisa-sure-icerisinde-imzalanip-yayimlanacak\/#respond"]}]},{"@type":"WebPage","@id":"https:\/\/haberkuzey.com\/index.php\/2026\/03\/12\/erhurman-gazimagusa-ilahiyat-protokolu-en-kisa-sure-icerisinde-imzalanip-yayimlanacak\/","url":"https:\/\/haberkuzey.com\/index.php\/2026\/03\/12\/erhurman-gazimagusa-ilahiyat-protokolu-en-kisa-sure-icerisinde-imzalanip-yayimlanacak\/","name":"Erh\u00fcrman: Gazima\u011fusa \u0130lahiyat Protokol\u00fc en k\u0131sa s\u00fcre i\u00e7erisinde imzalan\u0131p yay\u0131mlanacak - Haber Kuzey","isPartOf":{"@id":"https:\/\/haberkuzey.com\/#website"},"primaryImageOfPage":{"@id":"https:\/\/haberkuzey.com\/index.php\/2026\/03\/12\/erhurman-gazimagusa-ilahiyat-protokolu-en-kisa-sure-icerisinde-imzalanip-yayimlanacak\/#primaryimage"},"image":{"@id":"https:\/\/haberkuzey.com\/index.php\/2026\/03\/12\/erhurman-gazimagusa-ilahiyat-protokolu-en-kisa-sure-icerisinde-imzalanip-yayimlanacak\/#primaryimage"},"thumbnailUrl":"https:\/\/haberkuzey.com\/wp-content\/uploads\/2026\/03\/IMG_5735-1.webp.webp","datePublished":"2026-03-12T12:11:03+00:00","author":{"@id":"https:\/\/haberkuzey.com\/#\/schema\/person\/3372109ec735f9333f4fa47ebb9605ca"},"breadcrumb":{"@id":"https:\/\/haberkuzey.com\/index.php\/2026\/03\/12\/erhurman-gazimagusa-ilahiyat-protokolu-en-kisa-sure-icerisinde-imzalanip-yayimlanacak\/#breadcrumb"},"inLanguage":"tr","potentialAction":[{"@type":"ReadAction","target":["https:\/\/haberkuzey.com\/index.php\/2026\/03\/12\/erhurman-gazimagusa-ilahiyat-protokolu-en-kisa-sure-icerisinde-imzalanip-yayimlanacak\/"]}]},{"@type":"ImageObject","inLanguage":"tr","@id":"https:\/\/haberkuzey.com\/index.php\/2026\/03\/12\/erhurman-gazimagusa-ilahiyat-protokolu-en-kisa-sure-icerisinde-imzalanip-yayimlanacak\/#primaryimage","url":"https:\/\/haberkuzey.com\/wp-content\/uploads\/2026\/03\/IMG_5735-1.webp.webp","contentUrl":"https:\/\/haberkuzey.com\/wp-content\/uploads\/2026\/03\/IMG_5735-1.webp.webp","width":971,"height":551},{"@type":"BreadcrumbList","@id":"https:\/\/haberkuzey.com\/index.php\/2026\/03\/12\/erhurman-gazimagusa-ilahiyat-protokolu-en-kisa-sure-icerisinde-imzalanip-yayimlanacak\/#breadcrumb","itemListElement":[{"@type":"ListItem","position":1,"name":"Anasayfa","item":"https:\/\/haberkuzey.com\/"},{"@type":"ListItem","position":2,"name":"Erh\u00fcrman: Gazima\u011fusa \u0130lahiyat Protokol\u00fc en k\u0131sa s\u00fcre i\u00e7erisinde imzalan\u0131p yay\u0131mlanacak"}]},{"@type":"WebSite","@id":"https:\/\/haberkuzey.com\/#website","url":"https:\/\/haberkuzey.com\/","name":"Haber Kuzey","description":"Do\u011fru Haberin Adresi","potentialAction":[{"@type":"SearchAction","target":{"@type":"EntryPoint","urlTemplate":"https:\/\/haberkuzey.com\/?s={search_term_string}"},"query-input":{"@type":"PropertyValueSpecification","valueRequired":true,"valueName":"search_term_string"}}],"inLanguage":"tr"},{"@type":"Person","@id":"https:\/\/haberkuzey.com\/#\/schema\/person\/3372109ec735f9333f4fa47ebb9605ca","name":"haberkuzey","image":{"@type":"ImageObject","inLanguage":"tr","@id":"https:\/\/secure.gravatar.com\/avatar\/f5fc875574b1575324358c3b9e6a32b8227aa5b74f3fa22e3cadb63e26fcc39c?s=96&d=mm&r=g","url":"https:\/\/secure.gravatar.com\/avatar\/f5fc875574b1575324358c3b9e6a32b8227aa5b74f3fa22e3cadb63e26fcc39c?s=96&d=mm&r=g","contentUrl":"https:\/\/secure.gravatar.com\/avatar\/f5fc875574b1575324358c3b9e6a32b8227aa5b74f3fa22e3cadb63e26fcc39c?s=96&d=mm&r=g","caption":"haberkuzey"},"sameAs":["https:\/\/haberkuzey.com"],"url":"https:\/\/haberkuzey.com\/index.php\/author\/haberkuzey\/"}]}},"_links":{"self":[{"href":"https:\/\/haberkuzey.com\/index.php\/wp-json\/wp\/v2\/posts\/35216","targetHints":{"allow":["GET"]}}],"collection":[{"href":"https:\/\/haberkuzey.com\/index.php\/wp-json\/wp\/v2\/posts"}],"about":[{"href":"https:\/\/haberkuzey.com\/index.php\/wp-json\/wp\/v2\/types\/post"}],"author":[{"embeddable":true,"href":"https:\/\/haberkuzey.com\/index.php\/wp-json\/wp\/v2\/users\/1"}],"replies":[{"embeddable":true,"href":"https:\/\/haberkuzey.com\/index.php\/wp-json\/wp\/v2\/comments?post=35216"}],"version-history":[{"count":0,"href":"https:\/\/haberkuzey.com\/index.php\/wp-json\/wp\/v2\/posts\/35216\/revisions"}],"wp:featuredmedia":[{"embeddable":true,"href":"https:\/\/haberkuzey.com\/index.php\/wp-json\/wp\/v2\/media\/35217"}],"wp:attachment":[{"href":"https:\/\/haberkuzey.com\/index.php\/wp-json\/wp\/v2\/media?parent=35216"}],"wp:term":[{"taxonomy":"category","embeddable":true,"href":"https:\/\/haberkuzey.com\/index.php\/wp-json\/wp\/v2\/categories?post=35216"},{"taxonomy":"post_tag","embeddable":true,"href":"https:\/\/haberkuzey.com\/index.php\/wp-json\/wp\/v2\/tags?post=35216"}],"curies":[{"name":"wp","href":"https:\/\/api.w.org\/{rel}","templated":true}]}}