{"id":35214,"date":"2026-03-12T11:52:42","date_gmt":"2026-03-12T09:52:42","guid":{"rendered":"https:\/\/haberkuzey.com\/index.php\/2026\/03\/12\/ilahiyat-koleji-protokolune-anayasa-mahkemesinden-onay\/"},"modified":"2026-03-12T11:52:42","modified_gmt":"2026-03-12T09:52:42","slug":"ilahiyat-koleji-protokolune-anayasa-mahkemesinden-onay","status":"publish","type":"post","link":"https:\/\/haberkuzey.com\/index.php\/2026\/03\/12\/ilahiyat-koleji-protokolune-anayasa-mahkemesinden-onay\/","title":{"rendered":"\u0130lahiyat Koleji protokol\u00fcne Anayasa Mahkemesi\u2019nden onay"},"content":{"rendered":"<p>KKTC H\u00fck\u00fcmeti ile T\u00fcrkiye Cumhuriyeti H\u00fck\u00fcmeti aras\u0131nda imzalanan Gazima\u011fusa \u0130lahiyat Koleji Yap\u0131m Projesi Protokol\u00fc\u2019n\u00fcn onaylanmas\u0131na ili\u015fkin yasa tasar\u0131s\u0131 hakk\u0131nda Anayasa Mahkemesi g\u00f6r\u00fc\u015f\u00fcn\u00fc a\u00e7\u0131klad\u0131.<\/p>\n<p>Cumhuriyet Meclisi Genel Kurulu\u2019nun 17 Kas\u0131m 2025 tarihli 6\u2019nc\u0131 birle\u015fiminde oy\u00e7oklu\u011fuyla kabul edilen \u201cKuzey K\u0131br\u0131s T\u00fcrk Cumhuriyeti H\u00fck\u00fcmeti ile T\u00fcrkiye Cumhuriyeti H\u00fck\u00fcmeti Aras\u0131nda Gazima\u011fusa \u0130lahiyat Koleji Yap\u0131m Projesi Protokol\u00fcn\u00fcn Onaylanmas\u0131n\u0131n Uygun Bulunmas\u0131na \u0130li\u015fkin (Onay) Yasa Tasar\u0131s\u0131\u201d, daha sonra Cumhurba\u015fkan\u0131\u2019n\u0131n onay\u0131na sunulmu\u015ftu.<\/p>\n<p>Cumhurba\u015fkan\u0131, s\u00f6z konusu yasan\u0131n Anayasa\u2019ya ayk\u0131r\u0131l\u0131k i\u00e7erip i\u00e7ermedi\u011fi konusunda g\u00f6r\u00fc\u015f al\u0131nmas\u0131 amac\u0131yla d\u00fczenlemeyi Anayasa Mahkemesi\u2019ne g\u00f6ndermi\u015fti.<\/p>\n<p>S\u00fcre\u00e7 kapsam\u0131nda Anayasa Mahkemesi\u2019nde yap\u0131lan de\u011ferlendirmelerin ard\u0131ndan mahkeme bug\u00fcn karar\u0131n\u0131 a\u00e7\u0131klad\u0131.<\/p>\n<p>Cumhuriyet Meclisi Ba\u015fkan\u0131 <strong>Ziya \u00d6zt\u00fcrkler yapt\u0131\u011f\u0131 a\u00e7\u0131klamada bug\u00fcnk\u00fc k<\/strong>arar duru\u015fmas\u0131nda Meclis personelinden al\u0131nan bilgiye g\u00f6re Anayasa Mahkemesi, s\u00f6z konusu yasan\u0131n Anayasa\u2019ya uygun oldu\u011fu y\u00f6n\u00fcnde g\u00f6r\u00fc\u015f bildirdi\u011fini kaydetti.<\/p>\n<p><strong>\u00d6zt\u00fcrkler<\/strong>, mahkemenin bu g\u00f6r\u00fc\u015f\u00fcn\u00fcn ilgili d\u00fczenlemenin hukuki zemininin teyit edilmesi a\u00e7\u0131s\u0131ndan \u00f6nem ta\u015f\u0131d\u0131\u011f\u0131n\u0131 belirtti.<\/p>\n<p>\u0130lahiyat Koleji protokol\u00fcne Anayasa Mahkemesi\u2019nden onay yaz\u0131s\u0131 ilk \u00f6nce K\u0131br\u0131s Hakikat \u00fczerinde ortaya \u00e7\u0131kt\u0131.<\/p>\n","protected":false},"excerpt":{"rendered":"<p>KKTC H\u00fck\u00fcmeti ile T\u00fcrkiye Cumhuriyeti H\u00fck\u00fcmeti aras\u0131nda imzalanan Gazima\u011fusa \u0130lahiyat Koleji Yap\u0131m Projesi Protokol\u00fc\u2019n\u00fcn onaylanmas\u0131na ili\u015fkin yasa tasar\u0131s\u0131 hakk\u0131nda Anayasa Mahkemesi g\u00f6r\u00fc\u015f\u00fcn\u00fc a\u00e7\u0131klad\u0131. Cumhuriyet Meclisi Genel Kurulu\u2019nun 17 Kas\u0131m 2025 tarihli 6\u2019nc\u0131 birle\u015fiminde oy\u00e7oklu\u011fuyla kabul edilen \u201cKuzey K\u0131br\u0131s T\u00fcrk Cumhuriyeti H\u00fck\u00fcmeti ile T\u00fcrkiye Cumhuriyeti H\u00fck\u00fcmeti Aras\u0131nda Gazima\u011fusa \u0130lahiyat Koleji Yap\u0131m Projesi Protokol\u00fcn\u00fcn Onaylanmas\u0131n\u0131n Uygun Bulunmas\u0131na [&hellip;]<\/p>\n","protected":false},"author":1,"featured_media":35215,"comment_status":"open","ping_status":"open","sticky":false,"template":"","format":"standard","meta":{"jnews-multi-image_gallery":[],"jnews_single_post":[],"jnews_primary_category":[],"footnotes":""},"categories":[1],"tags":[],"class_list":["post-35214","post","type-post","status-publish","format-standard","has-post-thumbnail","hentry","category-kibris"],"yoast_head":"<!-- This site is optimized with the Yoast SEO plugin v27.5 - https:\/\/yoast.com\/product\/yoast-seo-wordpress\/ -->\n<title>\u0130lahiyat Koleji protokol\u00fcne Anayasa Mahkemesi\u2019nden onay - Haber Kuzey<\/title>\n<meta name=\"robots\" content=\"index, follow, max-snippet:-1, max-image-preview:large, max-video-preview:-1\" \/>\n<link rel=\"canonical\" href=\"https:\/\/haberkuzey.com\/index.php\/2026\/03\/12\/ilahiyat-koleji-protokolune-anayasa-mahkemesinden-onay\/\" \/>\n<meta property=\"og:locale\" content=\"tr_TR\" \/>\n<meta property=\"og:type\" content=\"article\" \/>\n<meta property=\"og:title\" content=\"\u0130lahiyat Koleji protokol\u00fcne Anayasa Mahkemesi\u2019nden onay - Haber Kuzey\" \/>\n<meta property=\"og:description\" content=\"KKTC H\u00fck\u00fcmeti ile T\u00fcrkiye Cumhuriyeti H\u00fck\u00fcmeti aras\u0131nda imzalanan Gazima\u011fusa \u0130lahiyat Koleji Yap\u0131m Projesi Protokol\u00fc\u2019n\u00fcn onaylanmas\u0131na ili\u015fkin yasa tasar\u0131s\u0131 hakk\u0131nda Anayasa Mahkemesi g\u00f6r\u00fc\u015f\u00fcn\u00fc a\u00e7\u0131klad\u0131. Cumhuriyet Meclisi Genel Kurulu\u2019nun 17 Kas\u0131m 2025 tarihli 6\u2019nc\u0131 birle\u015fiminde oy\u00e7oklu\u011fuyla kabul edilen \u201cKuzey K\u0131br\u0131s T\u00fcrk Cumhuriyeti H\u00fck\u00fcmeti ile T\u00fcrkiye Cumhuriyeti H\u00fck\u00fcmeti Aras\u0131nda Gazima\u011fusa \u0130lahiyat Koleji Yap\u0131m Projesi Protokol\u00fcn\u00fcn Onaylanmas\u0131n\u0131n Uygun Bulunmas\u0131na [&hellip;]\" \/>\n<meta property=\"og:url\" content=\"https:\/\/haberkuzey.com\/index.php\/2026\/03\/12\/ilahiyat-koleji-protokolune-anayasa-mahkemesinden-onay\/\" \/>\n<meta property=\"og:site_name\" content=\"Haber Kuzey\" \/>\n<meta property=\"article:published_time\" content=\"2026-03-12T09:52:42+00:00\" \/>\n<meta name=\"author\" content=\"haberkuzey\" \/>\n<meta name=\"twitter:card\" content=\"summary_large_image\" \/>\n<meta name=\"twitter:label1\" content=\"Yazan:\" \/>\n\t<meta name=\"twitter:data1\" content=\"haberkuzey\" \/>\n\t<meta name=\"twitter:label2\" content=\"Tahmini okuma s\u00fcresi\" \/>\n\t<meta name=\"twitter:data2\" content=\"1 dakika\" \/>\n<script type=\"application\/ld+json\" class=\"yoast-schema-graph\">{\"@context\":\"https:\\\/\\\/schema.org\",\"@graph\":[{\"@type\":\"Article\",\"@id\":\"https:\\\/\\\/haberkuzey.com\\\/index.php\\\/2026\\\/03\\\/12\\\/ilahiyat-koleji-protokolune-anayasa-mahkemesinden-onay\\\/#article\",\"isPartOf\":{\"@id\":\"https:\\\/\\\/haberkuzey.com\\\/index.php\\\/2026\\\/03\\\/12\\\/ilahiyat-koleji-protokolune-anayasa-mahkemesinden-onay\\\/\"},\"author\":{\"name\":\"haberkuzey\",\"@id\":\"https:\\\/\\\/haberkuzey.com\\\/#\\\/schema\\\/person\\\/3372109ec735f9333f4fa47ebb9605ca\"},\"headline\":\"\u0130lahiyat Koleji protokol\u00fcne Anayasa Mahkemesi\u2019nden onay\",\"datePublished\":\"2026-03-12T09:52:42+00:00\",\"mainEntityOfPage\":{\"@id\":\"https:\\\/\\\/haberkuzey.com\\\/index.php\\\/2026\\\/03\\\/12\\\/ilahiyat-koleji-protokolune-anayasa-mahkemesinden-onay\\\/\"},\"wordCount\":253,\"commentCount\":0,\"image\":{\"@id\":\"https:\\\/\\\/haberkuzey.com\\\/index.php\\\/2026\\\/03\\\/12\\\/ilahiyat-koleji-protokolune-anayasa-mahkemesinden-onay\\\/#primaryimage\"},\"thumbnailUrl\":\"https:\\\/\\\/haberkuzey.com\\\/wp-content\\\/uploads\\\/2026\\\/03\\\/Basit-Metin-ve-Fotograf-Yeni-Sarki-Videosu-Youtube-Kucuk-Resmi-16.png\",\"articleSection\":[\"K\u0131br\u0131s\"],\"inLanguage\":\"tr\",\"potentialAction\":[{\"@type\":\"CommentAction\",\"name\":\"Comment\",\"target\":[\"https:\\\/\\\/haberkuzey.com\\\/index.php\\\/2026\\\/03\\\/12\\\/ilahiyat-koleji-protokolune-anayasa-mahkemesinden-onay\\\/#respond\"]}]},{\"@type\":\"WebPage\",\"@id\":\"https:\\\/\\\/haberkuzey.com\\\/index.php\\\/2026\\\/03\\\/12\\\/ilahiyat-koleji-protokolune-anayasa-mahkemesinden-onay\\\/\",\"url\":\"https:\\\/\\\/haberkuzey.com\\\/index.php\\\/2026\\\/03\\\/12\\\/ilahiyat-koleji-protokolune-anayasa-mahkemesinden-onay\\\/\",\"name\":\"\u0130lahiyat Koleji protokol\u00fcne Anayasa Mahkemesi\u2019nden onay - Haber Kuzey\",\"isPartOf\":{\"@id\":\"https:\\\/\\\/haberkuzey.com\\\/#website\"},\"primaryImageOfPage\":{\"@id\":\"https:\\\/\\\/haberkuzey.com\\\/index.php\\\/2026\\\/03\\\/12\\\/ilahiyat-koleji-protokolune-anayasa-mahkemesinden-onay\\\/#primaryimage\"},\"image\":{\"@id\":\"https:\\\/\\\/haberkuzey.com\\\/index.php\\\/2026\\\/03\\\/12\\\/ilahiyat-koleji-protokolune-anayasa-mahkemesinden-onay\\\/#primaryimage\"},\"thumbnailUrl\":\"https:\\\/\\\/haberkuzey.com\\\/wp-content\\\/uploads\\\/2026\\\/03\\\/Basit-Metin-ve-Fotograf-Yeni-Sarki-Videosu-Youtube-Kucuk-Resmi-16.png\",\"datePublished\":\"2026-03-12T09:52:42+00:00\",\"author\":{\"@id\":\"https:\\\/\\\/haberkuzey.com\\\/#\\\/schema\\\/person\\\/3372109ec735f9333f4fa47ebb9605ca\"},\"breadcrumb\":{\"@id\":\"https:\\\/\\\/haberkuzey.com\\\/index.php\\\/2026\\\/03\\\/12\\\/ilahiyat-koleji-protokolune-anayasa-mahkemesinden-onay\\\/#breadcrumb\"},\"inLanguage\":\"tr\",\"potentialAction\":[{\"@type\":\"ReadAction\",\"target\":[\"https:\\\/\\\/haberkuzey.com\\\/index.php\\\/2026\\\/03\\\/12\\\/ilahiyat-koleji-protokolune-anayasa-mahkemesinden-onay\\\/\"]}]},{\"@type\":\"ImageObject\",\"inLanguage\":\"tr\",\"@id\":\"https:\\\/\\\/haberkuzey.com\\\/index.php\\\/2026\\\/03\\\/12\\\/ilahiyat-koleji-protokolune-anayasa-mahkemesinden-onay\\\/#primaryimage\",\"url\":\"https:\\\/\\\/haberkuzey.com\\\/wp-content\\\/uploads\\\/2026\\\/03\\\/Basit-Metin-ve-Fotograf-Yeni-Sarki-Videosu-Youtube-Kucuk-Resmi-16.png\",\"contentUrl\":\"https:\\\/\\\/haberkuzey.com\\\/wp-content\\\/uploads\\\/2026\\\/03\\\/Basit-Metin-ve-Fotograf-Yeni-Sarki-Videosu-Youtube-Kucuk-Resmi-16.png\",\"width\":1280,\"height\":720},{\"@type\":\"BreadcrumbList\",\"@id\":\"https:\\\/\\\/haberkuzey.com\\\/index.php\\\/2026\\\/03\\\/12\\\/ilahiyat-koleji-protokolune-anayasa-mahkemesinden-onay\\\/#breadcrumb\",\"itemListElement\":[{\"@type\":\"ListItem\",\"position\":1,\"name\":\"Anasayfa\",\"item\":\"https:\\\/\\\/haberkuzey.com\\\/\"},{\"@type\":\"ListItem\",\"position\":2,\"name\":\"\u0130lahiyat Koleji protokol\u00fcne Anayasa Mahkemesi\u2019nden onay\"}]},{\"@type\":\"WebSite\",\"@id\":\"https:\\\/\\\/haberkuzey.com\\\/#website\",\"url\":\"https:\\\/\\\/haberkuzey.com\\\/\",\"name\":\"Haber Kuzey\",\"description\":\"Do\u011fru Haberin Adresi\",\"potentialAction\":[{\"@type\":\"SearchAction\",\"target\":{\"@type\":\"EntryPoint\",\"urlTemplate\":\"https:\\\/\\\/haberkuzey.com\\\/?s={search_term_string}\"},\"query-input\":{\"@type\":\"PropertyValueSpecification\",\"valueRequired\":true,\"valueName\":\"search_term_string\"}}],\"inLanguage\":\"tr\"},{\"@type\":\"Person\",\"@id\":\"https:\\\/\\\/haberkuzey.com\\\/#\\\/schema\\\/person\\\/3372109ec735f9333f4fa47ebb9605ca\",\"name\":\"haberkuzey\",\"image\":{\"@type\":\"ImageObject\",\"inLanguage\":\"tr\",\"@id\":\"https:\\\/\\\/secure.gravatar.com\\\/avatar\\\/f5fc875574b1575324358c3b9e6a32b8227aa5b74f3fa22e3cadb63e26fcc39c?s=96&d=mm&r=g\",\"url\":\"https:\\\/\\\/secure.gravatar.com\\\/avatar\\\/f5fc875574b1575324358c3b9e6a32b8227aa5b74f3fa22e3cadb63e26fcc39c?s=96&d=mm&r=g\",\"contentUrl\":\"https:\\\/\\\/secure.gravatar.com\\\/avatar\\\/f5fc875574b1575324358c3b9e6a32b8227aa5b74f3fa22e3cadb63e26fcc39c?s=96&d=mm&r=g\",\"caption\":\"haberkuzey\"},\"sameAs\":[\"https:\\\/\\\/haberkuzey.com\"],\"url\":\"https:\\\/\\\/haberkuzey.com\\\/index.php\\\/author\\\/haberkuzey\\\/\"}]}<\/script>\n<!-- \/ Yoast SEO plugin. -->","yoast_head_json":{"title":"\u0130lahiyat Koleji protokol\u00fcne Anayasa Mahkemesi\u2019nden onay - Haber Kuzey","robots":{"index":"index","follow":"follow","max-snippet":"max-snippet:-1","max-image-preview":"max-image-preview:large","max-video-preview":"max-video-preview:-1"},"canonical":"https:\/\/haberkuzey.com\/index.php\/2026\/03\/12\/ilahiyat-koleji-protokolune-anayasa-mahkemesinden-onay\/","og_locale":"tr_TR","og_type":"article","og_title":"\u0130lahiyat Koleji protokol\u00fcne Anayasa Mahkemesi\u2019nden onay - Haber Kuzey","og_description":"KKTC H\u00fck\u00fcmeti ile T\u00fcrkiye Cumhuriyeti H\u00fck\u00fcmeti aras\u0131nda imzalanan Gazima\u011fusa \u0130lahiyat Koleji Yap\u0131m Projesi Protokol\u00fc\u2019n\u00fcn onaylanmas\u0131na ili\u015fkin yasa tasar\u0131s\u0131 hakk\u0131nda Anayasa Mahkemesi g\u00f6r\u00fc\u015f\u00fcn\u00fc a\u00e7\u0131klad\u0131. Cumhuriyet Meclisi Genel Kurulu\u2019nun 17 Kas\u0131m 2025 tarihli 6\u2019nc\u0131 birle\u015fiminde oy\u00e7oklu\u011fuyla kabul edilen \u201cKuzey K\u0131br\u0131s T\u00fcrk Cumhuriyeti H\u00fck\u00fcmeti ile T\u00fcrkiye Cumhuriyeti H\u00fck\u00fcmeti Aras\u0131nda Gazima\u011fusa \u0130lahiyat Koleji Yap\u0131m Projesi Protokol\u00fcn\u00fcn Onaylanmas\u0131n\u0131n Uygun Bulunmas\u0131na [&hellip;]","og_url":"https:\/\/haberkuzey.com\/index.php\/2026\/03\/12\/ilahiyat-koleji-protokolune-anayasa-mahkemesinden-onay\/","og_site_name":"Haber Kuzey","article_published_time":"2026-03-12T09:52:42+00:00","author":"haberkuzey","twitter_card":"summary_large_image","twitter_misc":{"Yazan:":"haberkuzey","Tahmini okuma s\u00fcresi":"1 dakika"},"schema":{"@context":"https:\/\/schema.org","@graph":[{"@type":"Article","@id":"https:\/\/haberkuzey.com\/index.php\/2026\/03\/12\/ilahiyat-koleji-protokolune-anayasa-mahkemesinden-onay\/#article","isPartOf":{"@id":"https:\/\/haberkuzey.com\/index.php\/2026\/03\/12\/ilahiyat-koleji-protokolune-anayasa-mahkemesinden-onay\/"},"author":{"name":"haberkuzey","@id":"https:\/\/haberkuzey.com\/#\/schema\/person\/3372109ec735f9333f4fa47ebb9605ca"},"headline":"\u0130lahiyat Koleji protokol\u00fcne Anayasa Mahkemesi\u2019nden onay","datePublished":"2026-03-12T09:52:42+00:00","mainEntityOfPage":{"@id":"https:\/\/haberkuzey.com\/index.php\/2026\/03\/12\/ilahiyat-koleji-protokolune-anayasa-mahkemesinden-onay\/"},"wordCount":253,"commentCount":0,"image":{"@id":"https:\/\/haberkuzey.com\/index.php\/2026\/03\/12\/ilahiyat-koleji-protokolune-anayasa-mahkemesinden-onay\/#primaryimage"},"thumbnailUrl":"https:\/\/haberkuzey.com\/wp-content\/uploads\/2026\/03\/Basit-Metin-ve-Fotograf-Yeni-Sarki-Videosu-Youtube-Kucuk-Resmi-16.png","articleSection":["K\u0131br\u0131s"],"inLanguage":"tr","potentialAction":[{"@type":"CommentAction","name":"Comment","target":["https:\/\/haberkuzey.com\/index.php\/2026\/03\/12\/ilahiyat-koleji-protokolune-anayasa-mahkemesinden-onay\/#respond"]}]},{"@type":"WebPage","@id":"https:\/\/haberkuzey.com\/index.php\/2026\/03\/12\/ilahiyat-koleji-protokolune-anayasa-mahkemesinden-onay\/","url":"https:\/\/haberkuzey.com\/index.php\/2026\/03\/12\/ilahiyat-koleji-protokolune-anayasa-mahkemesinden-onay\/","name":"\u0130lahiyat Koleji protokol\u00fcne Anayasa Mahkemesi\u2019nden onay - Haber Kuzey","isPartOf":{"@id":"https:\/\/haberkuzey.com\/#website"},"primaryImageOfPage":{"@id":"https:\/\/haberkuzey.com\/index.php\/2026\/03\/12\/ilahiyat-koleji-protokolune-anayasa-mahkemesinden-onay\/#primaryimage"},"image":{"@id":"https:\/\/haberkuzey.com\/index.php\/2026\/03\/12\/ilahiyat-koleji-protokolune-anayasa-mahkemesinden-onay\/#primaryimage"},"thumbnailUrl":"https:\/\/haberkuzey.com\/wp-content\/uploads\/2026\/03\/Basit-Metin-ve-Fotograf-Yeni-Sarki-Videosu-Youtube-Kucuk-Resmi-16.png","datePublished":"2026-03-12T09:52:42+00:00","author":{"@id":"https:\/\/haberkuzey.com\/#\/schema\/person\/3372109ec735f9333f4fa47ebb9605ca"},"breadcrumb":{"@id":"https:\/\/haberkuzey.com\/index.php\/2026\/03\/12\/ilahiyat-koleji-protokolune-anayasa-mahkemesinden-onay\/#breadcrumb"},"inLanguage":"tr","potentialAction":[{"@type":"ReadAction","target":["https:\/\/haberkuzey.com\/index.php\/2026\/03\/12\/ilahiyat-koleji-protokolune-anayasa-mahkemesinden-onay\/"]}]},{"@type":"ImageObject","inLanguage":"tr","@id":"https:\/\/haberkuzey.com\/index.php\/2026\/03\/12\/ilahiyat-koleji-protokolune-anayasa-mahkemesinden-onay\/#primaryimage","url":"https:\/\/haberkuzey.com\/wp-content\/uploads\/2026\/03\/Basit-Metin-ve-Fotograf-Yeni-Sarki-Videosu-Youtube-Kucuk-Resmi-16.png","contentUrl":"https:\/\/haberkuzey.com\/wp-content\/uploads\/2026\/03\/Basit-Metin-ve-Fotograf-Yeni-Sarki-Videosu-Youtube-Kucuk-Resmi-16.png","width":1280,"height":720},{"@type":"BreadcrumbList","@id":"https:\/\/haberkuzey.com\/index.php\/2026\/03\/12\/ilahiyat-koleji-protokolune-anayasa-mahkemesinden-onay\/#breadcrumb","itemListElement":[{"@type":"ListItem","position":1,"name":"Anasayfa","item":"https:\/\/haberkuzey.com\/"},{"@type":"ListItem","position":2,"name":"\u0130lahiyat Koleji protokol\u00fcne Anayasa Mahkemesi\u2019nden onay"}]},{"@type":"WebSite","@id":"https:\/\/haberkuzey.com\/#website","url":"https:\/\/haberkuzey.com\/","name":"Haber Kuzey","description":"Do\u011fru Haberin Adresi","potentialAction":[{"@type":"SearchAction","target":{"@type":"EntryPoint","urlTemplate":"https:\/\/haberkuzey.com\/?s={search_term_string}"},"query-input":{"@type":"PropertyValueSpecification","valueRequired":true,"valueName":"search_term_string"}}],"inLanguage":"tr"},{"@type":"Person","@id":"https:\/\/haberkuzey.com\/#\/schema\/person\/3372109ec735f9333f4fa47ebb9605ca","name":"haberkuzey","image":{"@type":"ImageObject","inLanguage":"tr","@id":"https:\/\/secure.gravatar.com\/avatar\/f5fc875574b1575324358c3b9e6a32b8227aa5b74f3fa22e3cadb63e26fcc39c?s=96&d=mm&r=g","url":"https:\/\/secure.gravatar.com\/avatar\/f5fc875574b1575324358c3b9e6a32b8227aa5b74f3fa22e3cadb63e26fcc39c?s=96&d=mm&r=g","contentUrl":"https:\/\/secure.gravatar.com\/avatar\/f5fc875574b1575324358c3b9e6a32b8227aa5b74f3fa22e3cadb63e26fcc39c?s=96&d=mm&r=g","caption":"haberkuzey"},"sameAs":["https:\/\/haberkuzey.com"],"url":"https:\/\/haberkuzey.com\/index.php\/author\/haberkuzey\/"}]}},"_links":{"self":[{"href":"https:\/\/haberkuzey.com\/index.php\/wp-json\/wp\/v2\/posts\/35214","targetHints":{"allow":["GET"]}}],"collection":[{"href":"https:\/\/haberkuzey.com\/index.php\/wp-json\/wp\/v2\/posts"}],"about":[{"href":"https:\/\/haberkuzey.com\/index.php\/wp-json\/wp\/v2\/types\/post"}],"author":[{"embeddable":true,"href":"https:\/\/haberkuzey.com\/index.php\/wp-json\/wp\/v2\/users\/1"}],"replies":[{"embeddable":true,"href":"https:\/\/haberkuzey.com\/index.php\/wp-json\/wp\/v2\/comments?post=35214"}],"version-history":[{"count":0,"href":"https:\/\/haberkuzey.com\/index.php\/wp-json\/wp\/v2\/posts\/35214\/revisions"}],"wp:featuredmedia":[{"embeddable":true,"href":"https:\/\/haberkuzey.com\/index.php\/wp-json\/wp\/v2\/media\/35215"}],"wp:attachment":[{"href":"https:\/\/haberkuzey.com\/index.php\/wp-json\/wp\/v2\/media?parent=35214"}],"wp:term":[{"taxonomy":"category","embeddable":true,"href":"https:\/\/haberkuzey.com\/index.php\/wp-json\/wp\/v2\/categories?post=35214"},{"taxonomy":"post_tag","embeddable":true,"href":"https:\/\/haberkuzey.com\/index.php\/wp-json\/wp\/v2\/tags?post=35214"}],"curies":[{"name":"wp","href":"https:\/\/api.w.org\/{rel}","templated":true}]}}