{"id":35212,"date":"2026-03-12T11:41:05","date_gmt":"2026-03-12T09:41:05","guid":{"rendered":"https:\/\/haberkuzey.com\/index.php\/2026\/03\/12\/zamlar-toplumsal-sorunlari-da-dogurur\/"},"modified":"2026-03-12T11:41:05","modified_gmt":"2026-03-12T09:41:05","slug":"zamlar-toplumsal-sorunlari-da-dogurur","status":"publish","type":"post","link":"https:\/\/haberkuzey.com\/index.php\/2026\/03\/12\/zamlar-toplumsal-sorunlari-da-dogurur\/","title":{"rendered":"Zamlar toplumsal sorunlar\u0131 da do\u011furur"},"content":{"rendered":"<p>KAMUSEN Ba\u015fkan\u0131 Metin Atan\u2019dan Akaryak\u0131t Zamlar\u0131na Sert Tepki<\/p>\n<p>Yap\u0131lan zamlar\u0131n yaln\u0131zca akaryak\u0131t fiyatlar\u0131n\u0131 art\u0131rmakla kalmad\u0131\u011f\u0131n\u0131 vurgulayan Atan, bunun zincirleme \u015fekilde t\u00fcm \u00fcr\u00fcn ve hizmetlere yeni zamlar getirece\u011fini s\u00f6yledi. Elektrik \u00fcretiminde kullan\u0131lan yak\u0131t maliyetlerinin artmas\u0131yla birlikte elektrik zamm\u0131n\u0131n da ka\u00e7\u0131n\u0131lmaz hale gelebilece\u011fini ifade eden Atan, vatanda\u015f\u0131n her ge\u00e7en g\u00fcn daha da a\u011f\u0131rla\u015fan bir ekonomik y\u00fck\u00fcn alt\u0131na itildi\u011fini dile getirdi.<\/p>\n<p>D\u00fcnyada sava\u015f ortam\u0131n\u0131n h\u00e2kim oldu\u011fu, b\u00f6lgedeki gerilimlerin turizmi ve ekonomiyi do\u011frudan etkiledi\u011fi bir d\u00f6nemde b\u00f6ylesi kararlar\u0131n i\u015fletmeleri de zor durumda b\u0131rakaca\u011f\u0131n\u0131 belirten Atan, \u00f6zellikle k\u00fc\u00e7\u00fck esnaf ve turizm sekt\u00f6r\u00fcndeki i\u015fletmelerin ciddi zarar g\u00f6rebilece\u011fi uyar\u0131s\u0131nda bulundu.<\/p>\n<p>H\u00fck\u00fcmetin vatanda\u015f\u0131n\u0131 korumas\u0131 gerekirken zam \u00fcst\u00fcne zam yaparak toplumun ekonomik dengesini bozdu\u011funu s\u00f6yleyen Atan, bu politikalar\u0131n yaln\u0131zca ekonomik de\u011fil, sosyal sonu\u00e7lar da do\u011furaca\u011f\u0131n\u0131 vurgulad\u0131.<\/p>\n<p>\u201c\u0130nsanlar\u0131m\u0131z\u0131n sabr\u0131 t\u00fckeniyor\u201d diyen Atan, \u00e7al\u0131\u015fanlar\u0131n, emeklilerin ve dar gelirli kesimlerin ya\u015fam m\u00fccadelesi verdi\u011fini belirterek \u015fu ifadeleri kulland\u0131:<\/p>\n<p>\u201cVatanda\u015f\u0131n cebinde para kalmad\u0131. Al\u0131m g\u00fcc\u00fc eridi, ge\u00e7im derdi her eve girdi. B\u00f6ylesi bir d\u00f6nemde h\u00fck\u00fcmetin g\u00f6revi halk\u0131n\u0131 korumakt\u0131r. Ancak bug\u00fcn yap\u0131lanlar bunun tam tersidir. Zam \u00fcst\u00fcne zam yaparak insanlar\u0131n ya\u015fam dengesini bozuyorsunuz. Bu tablo toplumsal sorunlar\u0131 da beraberinde getirecektir.\u201d<\/p>\n<p>Metin Atan, h\u00fck\u00fcmetin zam politikalar\u0131n\u0131 \u201c\u015fiddetle kabul edilemez\u201d olarak nitelendirerek, \u00e7al\u0131\u015fanlar\u0131n ve dar gelirli kesimlerin korunmas\u0131 i\u00e7in acil ekonomik tedbirler al\u0131nmas\u0131 \u00e7a\u011fr\u0131s\u0131nda bulundu.<\/p>\n<p>Zamlar toplumsal sorunlar\u0131 da do\u011furur yaz\u0131s\u0131 ilk \u00f6nce K\u0131br\u0131s Hakikat \u00fczerinde ortaya \u00e7\u0131kt\u0131.<\/p>\n","protected":false},"excerpt":{"rendered":"<p>KAMUSEN Ba\u015fkan\u0131 Metin Atan\u2019dan Akaryak\u0131t Zamlar\u0131na Sert Tepki Yap\u0131lan zamlar\u0131n yaln\u0131zca akaryak\u0131t fiyatlar\u0131n\u0131 art\u0131rmakla kalmad\u0131\u011f\u0131n\u0131 vurgulayan Atan, bunun zincirleme \u015fekilde t\u00fcm \u00fcr\u00fcn ve hizmetlere yeni zamlar getirece\u011fini s\u00f6yledi. Elektrik \u00fcretiminde kullan\u0131lan yak\u0131t maliyetlerinin artmas\u0131yla birlikte elektrik zamm\u0131n\u0131n da ka\u00e7\u0131n\u0131lmaz hale gelebilece\u011fini ifade eden Atan, vatanda\u015f\u0131n her ge\u00e7en g\u00fcn daha da a\u011f\u0131rla\u015fan bir ekonomik y\u00fck\u00fcn alt\u0131na [&hellip;]<\/p>\n","protected":false},"author":1,"featured_media":35213,"comment_status":"open","ping_status":"open","sticky":false,"template":"","format":"standard","meta":{"jnews-multi-image_gallery":[],"jnews_single_post":[],"jnews_primary_category":[],"footnotes":""},"categories":[1],"tags":[],"class_list":["post-35212","post","type-post","status-publish","format-standard","has-post-thumbnail","hentry","category-kibris"],"yoast_head":"<!-- This site is optimized with the Yoast SEO plugin v27.5 - https:\/\/yoast.com\/product\/yoast-seo-wordpress\/ -->\n<title>Zamlar toplumsal sorunlar\u0131 da do\u011furur - Haber Kuzey<\/title>\n<meta name=\"robots\" content=\"index, follow, max-snippet:-1, max-image-preview:large, max-video-preview:-1\" \/>\n<link rel=\"canonical\" href=\"https:\/\/haberkuzey.com\/index.php\/2026\/03\/12\/zamlar-toplumsal-sorunlari-da-dogurur\/\" \/>\n<meta property=\"og:locale\" content=\"tr_TR\" \/>\n<meta property=\"og:type\" content=\"article\" \/>\n<meta property=\"og:title\" content=\"Zamlar toplumsal sorunlar\u0131 da do\u011furur - Haber Kuzey\" \/>\n<meta property=\"og:description\" content=\"KAMUSEN Ba\u015fkan\u0131 Metin Atan\u2019dan Akaryak\u0131t Zamlar\u0131na Sert Tepki Yap\u0131lan zamlar\u0131n yaln\u0131zca akaryak\u0131t fiyatlar\u0131n\u0131 art\u0131rmakla kalmad\u0131\u011f\u0131n\u0131 vurgulayan Atan, bunun zincirleme \u015fekilde t\u00fcm \u00fcr\u00fcn ve hizmetlere yeni zamlar getirece\u011fini s\u00f6yledi. Elektrik \u00fcretiminde kullan\u0131lan yak\u0131t maliyetlerinin artmas\u0131yla birlikte elektrik zamm\u0131n\u0131n da ka\u00e7\u0131n\u0131lmaz hale gelebilece\u011fini ifade eden Atan, vatanda\u015f\u0131n her ge\u00e7en g\u00fcn daha da a\u011f\u0131rla\u015fan bir ekonomik y\u00fck\u00fcn alt\u0131na [&hellip;]\" \/>\n<meta property=\"og:url\" content=\"https:\/\/haberkuzey.com\/index.php\/2026\/03\/12\/zamlar-toplumsal-sorunlari-da-dogurur\/\" \/>\n<meta property=\"og:site_name\" content=\"Haber Kuzey\" \/>\n<meta property=\"article:published_time\" content=\"2026-03-12T09:41:05+00:00\" \/>\n<meta name=\"author\" content=\"haberkuzey\" \/>\n<meta name=\"twitter:card\" content=\"summary_large_image\" \/>\n<meta name=\"twitter:label1\" content=\"Yazan:\" \/>\n\t<meta name=\"twitter:data1\" content=\"haberkuzey\" \/>\n\t<meta name=\"twitter:label2\" content=\"Tahmini okuma s\u00fcresi\" \/>\n\t<meta name=\"twitter:data2\" content=\"2 dakika\" \/>\n<script type=\"application\/ld+json\" class=\"yoast-schema-graph\">{\"@context\":\"https:\\\/\\\/schema.org\",\"@graph\":[{\"@type\":\"Article\",\"@id\":\"https:\\\/\\\/haberkuzey.com\\\/index.php\\\/2026\\\/03\\\/12\\\/zamlar-toplumsal-sorunlari-da-dogurur\\\/#article\",\"isPartOf\":{\"@id\":\"https:\\\/\\\/haberkuzey.com\\\/index.php\\\/2026\\\/03\\\/12\\\/zamlar-toplumsal-sorunlari-da-dogurur\\\/\"},\"author\":{\"name\":\"haberkuzey\",\"@id\":\"https:\\\/\\\/haberkuzey.com\\\/#\\\/schema\\\/person\\\/3372109ec735f9333f4fa47ebb9605ca\"},\"headline\":\"Zamlar toplumsal sorunlar\u0131 da do\u011furur\",\"datePublished\":\"2026-03-12T09:41:05+00:00\",\"mainEntityOfPage\":{\"@id\":\"https:\\\/\\\/haberkuzey.com\\\/index.php\\\/2026\\\/03\\\/12\\\/zamlar-toplumsal-sorunlari-da-dogurur\\\/\"},\"wordCount\":322,\"commentCount\":0,\"image\":{\"@id\":\"https:\\\/\\\/haberkuzey.com\\\/index.php\\\/2026\\\/03\\\/12\\\/zamlar-toplumsal-sorunlari-da-dogurur\\\/#primaryimage\"},\"thumbnailUrl\":\"https:\\\/\\\/haberkuzey.com\\\/wp-content\\\/uploads\\\/2026\\\/03\\\/Basit-Metin-ve-Fotograf-Yeni-Sarki-Videosu-Youtube-Kucuk-Resmi-15.png\",\"articleSection\":[\"K\u0131br\u0131s\"],\"inLanguage\":\"tr\",\"potentialAction\":[{\"@type\":\"CommentAction\",\"name\":\"Comment\",\"target\":[\"https:\\\/\\\/haberkuzey.com\\\/index.php\\\/2026\\\/03\\\/12\\\/zamlar-toplumsal-sorunlari-da-dogurur\\\/#respond\"]}]},{\"@type\":\"WebPage\",\"@id\":\"https:\\\/\\\/haberkuzey.com\\\/index.php\\\/2026\\\/03\\\/12\\\/zamlar-toplumsal-sorunlari-da-dogurur\\\/\",\"url\":\"https:\\\/\\\/haberkuzey.com\\\/index.php\\\/2026\\\/03\\\/12\\\/zamlar-toplumsal-sorunlari-da-dogurur\\\/\",\"name\":\"Zamlar toplumsal sorunlar\u0131 da do\u011furur - Haber Kuzey\",\"isPartOf\":{\"@id\":\"https:\\\/\\\/haberkuzey.com\\\/#website\"},\"primaryImageOfPage\":{\"@id\":\"https:\\\/\\\/haberkuzey.com\\\/index.php\\\/2026\\\/03\\\/12\\\/zamlar-toplumsal-sorunlari-da-dogurur\\\/#primaryimage\"},\"image\":{\"@id\":\"https:\\\/\\\/haberkuzey.com\\\/index.php\\\/2026\\\/03\\\/12\\\/zamlar-toplumsal-sorunlari-da-dogurur\\\/#primaryimage\"},\"thumbnailUrl\":\"https:\\\/\\\/haberkuzey.com\\\/wp-content\\\/uploads\\\/2026\\\/03\\\/Basit-Metin-ve-Fotograf-Yeni-Sarki-Videosu-Youtube-Kucuk-Resmi-15.png\",\"datePublished\":\"2026-03-12T09:41:05+00:00\",\"author\":{\"@id\":\"https:\\\/\\\/haberkuzey.com\\\/#\\\/schema\\\/person\\\/3372109ec735f9333f4fa47ebb9605ca\"},\"breadcrumb\":{\"@id\":\"https:\\\/\\\/haberkuzey.com\\\/index.php\\\/2026\\\/03\\\/12\\\/zamlar-toplumsal-sorunlari-da-dogurur\\\/#breadcrumb\"},\"inLanguage\":\"tr\",\"potentialAction\":[{\"@type\":\"ReadAction\",\"target\":[\"https:\\\/\\\/haberkuzey.com\\\/index.php\\\/2026\\\/03\\\/12\\\/zamlar-toplumsal-sorunlari-da-dogurur\\\/\"]}]},{\"@type\":\"ImageObject\",\"inLanguage\":\"tr\",\"@id\":\"https:\\\/\\\/haberkuzey.com\\\/index.php\\\/2026\\\/03\\\/12\\\/zamlar-toplumsal-sorunlari-da-dogurur\\\/#primaryimage\",\"url\":\"https:\\\/\\\/haberkuzey.com\\\/wp-content\\\/uploads\\\/2026\\\/03\\\/Basit-Metin-ve-Fotograf-Yeni-Sarki-Videosu-Youtube-Kucuk-Resmi-15.png\",\"contentUrl\":\"https:\\\/\\\/haberkuzey.com\\\/wp-content\\\/uploads\\\/2026\\\/03\\\/Basit-Metin-ve-Fotograf-Yeni-Sarki-Videosu-Youtube-Kucuk-Resmi-15.png\",\"width\":1280,\"height\":720},{\"@type\":\"BreadcrumbList\",\"@id\":\"https:\\\/\\\/haberkuzey.com\\\/index.php\\\/2026\\\/03\\\/12\\\/zamlar-toplumsal-sorunlari-da-dogurur\\\/#breadcrumb\",\"itemListElement\":[{\"@type\":\"ListItem\",\"position\":1,\"name\":\"Anasayfa\",\"item\":\"https:\\\/\\\/haberkuzey.com\\\/\"},{\"@type\":\"ListItem\",\"position\":2,\"name\":\"Zamlar toplumsal sorunlar\u0131 da do\u011furur\"}]},{\"@type\":\"WebSite\",\"@id\":\"https:\\\/\\\/haberkuzey.com\\\/#website\",\"url\":\"https:\\\/\\\/haberkuzey.com\\\/\",\"name\":\"Haber Kuzey\",\"description\":\"Do\u011fru Haberin Adresi\",\"potentialAction\":[{\"@type\":\"SearchAction\",\"target\":{\"@type\":\"EntryPoint\",\"urlTemplate\":\"https:\\\/\\\/haberkuzey.com\\\/?s={search_term_string}\"},\"query-input\":{\"@type\":\"PropertyValueSpecification\",\"valueRequired\":true,\"valueName\":\"search_term_string\"}}],\"inLanguage\":\"tr\"},{\"@type\":\"Person\",\"@id\":\"https:\\\/\\\/haberkuzey.com\\\/#\\\/schema\\\/person\\\/3372109ec735f9333f4fa47ebb9605ca\",\"name\":\"haberkuzey\",\"image\":{\"@type\":\"ImageObject\",\"inLanguage\":\"tr\",\"@id\":\"https:\\\/\\\/secure.gravatar.com\\\/avatar\\\/f5fc875574b1575324358c3b9e6a32b8227aa5b74f3fa22e3cadb63e26fcc39c?s=96&d=mm&r=g\",\"url\":\"https:\\\/\\\/secure.gravatar.com\\\/avatar\\\/f5fc875574b1575324358c3b9e6a32b8227aa5b74f3fa22e3cadb63e26fcc39c?s=96&d=mm&r=g\",\"contentUrl\":\"https:\\\/\\\/secure.gravatar.com\\\/avatar\\\/f5fc875574b1575324358c3b9e6a32b8227aa5b74f3fa22e3cadb63e26fcc39c?s=96&d=mm&r=g\",\"caption\":\"haberkuzey\"},\"sameAs\":[\"https:\\\/\\\/haberkuzey.com\"],\"url\":\"https:\\\/\\\/haberkuzey.com\\\/index.php\\\/author\\\/haberkuzey\\\/\"}]}<\/script>\n<!-- \/ Yoast SEO plugin. -->","yoast_head_json":{"title":"Zamlar toplumsal sorunlar\u0131 da do\u011furur - Haber Kuzey","robots":{"index":"index","follow":"follow","max-snippet":"max-snippet:-1","max-image-preview":"max-image-preview:large","max-video-preview":"max-video-preview:-1"},"canonical":"https:\/\/haberkuzey.com\/index.php\/2026\/03\/12\/zamlar-toplumsal-sorunlari-da-dogurur\/","og_locale":"tr_TR","og_type":"article","og_title":"Zamlar toplumsal sorunlar\u0131 da do\u011furur - Haber Kuzey","og_description":"KAMUSEN Ba\u015fkan\u0131 Metin Atan\u2019dan Akaryak\u0131t Zamlar\u0131na Sert Tepki Yap\u0131lan zamlar\u0131n yaln\u0131zca akaryak\u0131t fiyatlar\u0131n\u0131 art\u0131rmakla kalmad\u0131\u011f\u0131n\u0131 vurgulayan Atan, bunun zincirleme \u015fekilde t\u00fcm \u00fcr\u00fcn ve hizmetlere yeni zamlar getirece\u011fini s\u00f6yledi. Elektrik \u00fcretiminde kullan\u0131lan yak\u0131t maliyetlerinin artmas\u0131yla birlikte elektrik zamm\u0131n\u0131n da ka\u00e7\u0131n\u0131lmaz hale gelebilece\u011fini ifade eden Atan, vatanda\u015f\u0131n her ge\u00e7en g\u00fcn daha da a\u011f\u0131rla\u015fan bir ekonomik y\u00fck\u00fcn alt\u0131na [&hellip;]","og_url":"https:\/\/haberkuzey.com\/index.php\/2026\/03\/12\/zamlar-toplumsal-sorunlari-da-dogurur\/","og_site_name":"Haber Kuzey","article_published_time":"2026-03-12T09:41:05+00:00","author":"haberkuzey","twitter_card":"summary_large_image","twitter_misc":{"Yazan:":"haberkuzey","Tahmini okuma s\u00fcresi":"2 dakika"},"schema":{"@context":"https:\/\/schema.org","@graph":[{"@type":"Article","@id":"https:\/\/haberkuzey.com\/index.php\/2026\/03\/12\/zamlar-toplumsal-sorunlari-da-dogurur\/#article","isPartOf":{"@id":"https:\/\/haberkuzey.com\/index.php\/2026\/03\/12\/zamlar-toplumsal-sorunlari-da-dogurur\/"},"author":{"name":"haberkuzey","@id":"https:\/\/haberkuzey.com\/#\/schema\/person\/3372109ec735f9333f4fa47ebb9605ca"},"headline":"Zamlar toplumsal sorunlar\u0131 da do\u011furur","datePublished":"2026-03-12T09:41:05+00:00","mainEntityOfPage":{"@id":"https:\/\/haberkuzey.com\/index.php\/2026\/03\/12\/zamlar-toplumsal-sorunlari-da-dogurur\/"},"wordCount":322,"commentCount":0,"image":{"@id":"https:\/\/haberkuzey.com\/index.php\/2026\/03\/12\/zamlar-toplumsal-sorunlari-da-dogurur\/#primaryimage"},"thumbnailUrl":"https:\/\/haberkuzey.com\/wp-content\/uploads\/2026\/03\/Basit-Metin-ve-Fotograf-Yeni-Sarki-Videosu-Youtube-Kucuk-Resmi-15.png","articleSection":["K\u0131br\u0131s"],"inLanguage":"tr","potentialAction":[{"@type":"CommentAction","name":"Comment","target":["https:\/\/haberkuzey.com\/index.php\/2026\/03\/12\/zamlar-toplumsal-sorunlari-da-dogurur\/#respond"]}]},{"@type":"WebPage","@id":"https:\/\/haberkuzey.com\/index.php\/2026\/03\/12\/zamlar-toplumsal-sorunlari-da-dogurur\/","url":"https:\/\/haberkuzey.com\/index.php\/2026\/03\/12\/zamlar-toplumsal-sorunlari-da-dogurur\/","name":"Zamlar toplumsal sorunlar\u0131 da do\u011furur - Haber Kuzey","isPartOf":{"@id":"https:\/\/haberkuzey.com\/#website"},"primaryImageOfPage":{"@id":"https:\/\/haberkuzey.com\/index.php\/2026\/03\/12\/zamlar-toplumsal-sorunlari-da-dogurur\/#primaryimage"},"image":{"@id":"https:\/\/haberkuzey.com\/index.php\/2026\/03\/12\/zamlar-toplumsal-sorunlari-da-dogurur\/#primaryimage"},"thumbnailUrl":"https:\/\/haberkuzey.com\/wp-content\/uploads\/2026\/03\/Basit-Metin-ve-Fotograf-Yeni-Sarki-Videosu-Youtube-Kucuk-Resmi-15.png","datePublished":"2026-03-12T09:41:05+00:00","author":{"@id":"https:\/\/haberkuzey.com\/#\/schema\/person\/3372109ec735f9333f4fa47ebb9605ca"},"breadcrumb":{"@id":"https:\/\/haberkuzey.com\/index.php\/2026\/03\/12\/zamlar-toplumsal-sorunlari-da-dogurur\/#breadcrumb"},"inLanguage":"tr","potentialAction":[{"@type":"ReadAction","target":["https:\/\/haberkuzey.com\/index.php\/2026\/03\/12\/zamlar-toplumsal-sorunlari-da-dogurur\/"]}]},{"@type":"ImageObject","inLanguage":"tr","@id":"https:\/\/haberkuzey.com\/index.php\/2026\/03\/12\/zamlar-toplumsal-sorunlari-da-dogurur\/#primaryimage","url":"https:\/\/haberkuzey.com\/wp-content\/uploads\/2026\/03\/Basit-Metin-ve-Fotograf-Yeni-Sarki-Videosu-Youtube-Kucuk-Resmi-15.png","contentUrl":"https:\/\/haberkuzey.com\/wp-content\/uploads\/2026\/03\/Basit-Metin-ve-Fotograf-Yeni-Sarki-Videosu-Youtube-Kucuk-Resmi-15.png","width":1280,"height":720},{"@type":"BreadcrumbList","@id":"https:\/\/haberkuzey.com\/index.php\/2026\/03\/12\/zamlar-toplumsal-sorunlari-da-dogurur\/#breadcrumb","itemListElement":[{"@type":"ListItem","position":1,"name":"Anasayfa","item":"https:\/\/haberkuzey.com\/"},{"@type":"ListItem","position":2,"name":"Zamlar toplumsal sorunlar\u0131 da do\u011furur"}]},{"@type":"WebSite","@id":"https:\/\/haberkuzey.com\/#website","url":"https:\/\/haberkuzey.com\/","name":"Haber Kuzey","description":"Do\u011fru Haberin Adresi","potentialAction":[{"@type":"SearchAction","target":{"@type":"EntryPoint","urlTemplate":"https:\/\/haberkuzey.com\/?s={search_term_string}"},"query-input":{"@type":"PropertyValueSpecification","valueRequired":true,"valueName":"search_term_string"}}],"inLanguage":"tr"},{"@type":"Person","@id":"https:\/\/haberkuzey.com\/#\/schema\/person\/3372109ec735f9333f4fa47ebb9605ca","name":"haberkuzey","image":{"@type":"ImageObject","inLanguage":"tr","@id":"https:\/\/secure.gravatar.com\/avatar\/f5fc875574b1575324358c3b9e6a32b8227aa5b74f3fa22e3cadb63e26fcc39c?s=96&d=mm&r=g","url":"https:\/\/secure.gravatar.com\/avatar\/f5fc875574b1575324358c3b9e6a32b8227aa5b74f3fa22e3cadb63e26fcc39c?s=96&d=mm&r=g","contentUrl":"https:\/\/secure.gravatar.com\/avatar\/f5fc875574b1575324358c3b9e6a32b8227aa5b74f3fa22e3cadb63e26fcc39c?s=96&d=mm&r=g","caption":"haberkuzey"},"sameAs":["https:\/\/haberkuzey.com"],"url":"https:\/\/haberkuzey.com\/index.php\/author\/haberkuzey\/"}]}},"_links":{"self":[{"href":"https:\/\/haberkuzey.com\/index.php\/wp-json\/wp\/v2\/posts\/35212","targetHints":{"allow":["GET"]}}],"collection":[{"href":"https:\/\/haberkuzey.com\/index.php\/wp-json\/wp\/v2\/posts"}],"about":[{"href":"https:\/\/haberkuzey.com\/index.php\/wp-json\/wp\/v2\/types\/post"}],"author":[{"embeddable":true,"href":"https:\/\/haberkuzey.com\/index.php\/wp-json\/wp\/v2\/users\/1"}],"replies":[{"embeddable":true,"href":"https:\/\/haberkuzey.com\/index.php\/wp-json\/wp\/v2\/comments?post=35212"}],"version-history":[{"count":0,"href":"https:\/\/haberkuzey.com\/index.php\/wp-json\/wp\/v2\/posts\/35212\/revisions"}],"wp:featuredmedia":[{"embeddable":true,"href":"https:\/\/haberkuzey.com\/index.php\/wp-json\/wp\/v2\/media\/35213"}],"wp:attachment":[{"href":"https:\/\/haberkuzey.com\/index.php\/wp-json\/wp\/v2\/media?parent=35212"}],"wp:term":[{"taxonomy":"category","embeddable":true,"href":"https:\/\/haberkuzey.com\/index.php\/wp-json\/wp\/v2\/categories?post=35212"},{"taxonomy":"post_tag","embeddable":true,"href":"https:\/\/haberkuzey.com\/index.php\/wp-json\/wp\/v2\/tags?post=35212"}],"curies":[{"name":"wp","href":"https:\/\/api.w.org\/{rel}","templated":true}]}}