{"id":35210,"date":"2026-03-12T11:23:23","date_gmt":"2026-03-12T09:23:23","guid":{"rendered":"https:\/\/haberkuzey.com\/index.php\/2026\/03\/12\/avcioglu-zamlarin-arkasi-gelecek\/"},"modified":"2026-03-12T11:23:23","modified_gmt":"2026-03-12T09:23:23","slug":"avcioglu-zamlarin-arkasi-gelecek","status":"publish","type":"post","link":"https:\/\/haberkuzey.com\/index.php\/2026\/03\/12\/avcioglu-zamlarin-arkasi-gelecek\/","title":{"rendered":"Avc\u0131o\u011flu: \u201cZamlar\u0131n arkas\u0131 gelecek\u201d"},"content":{"rendered":"<p>Yusuf Avc\u0131o\u011flu\u2019ndan Akaryak\u0131t Zamlar\u0131na Sert Tepki<\/p>\n<p>&nbsp;<\/p>\n<p>Avc\u0131o\u011flu a\u00e7\u0131klamas\u0131nda, Maliye Bakan\u0131\u2019n\u0131n petrol varil fiyatlar\u0131n\u0131n yakla\u015f\u0131k 20 dolar gerilemesine ra\u011fmen yap\u0131lan zamlar\u0131n b\u00fct\u00e7e a\u00e7\u0131\u011f\u0131n\u0131 kapatmak i\u00e7in olmad\u0131\u011f\u0131n\u0131 s\u00f6ylemesine de tepki g\u00f6sterdi. \u00dclke y\u00f6netiminin \u00f6ng\u00f6r\u00fc ve liyakatten uzak bir anlay\u0131\u015fa emanet edildi\u011fini savunan Avc\u0131o\u011flu, kararlar\u0131n ekonomik ger\u00e7eklerle ba\u011fda\u015fmad\u0131\u011f\u0131n\u0131 ifade etti.<\/p>\n<p>Elektrik \u00fcretiminde kullan\u0131lan Eurodizel maliyetlerinin de zamlarla birlikte ciddi \u015fekilde artt\u0131\u011f\u0131n\u0131 dile getiren Avc\u0131o\u011flu, bu durumun elektrik fiyatlar\u0131na da yans\u0131yabilece\u011fi uyar\u0131s\u0131nda bulundu.<\/p>\n<p>Zamlar\u0131n yaln\u0131zca akaryak\u0131tla s\u0131n\u0131rl\u0131 kalmayaca\u011f\u0131n\u0131 s\u00f6yleyen Avc\u0131o\u011flu, artan maliyetlerin i\u011fneden ipli\u011fe yeni zamlar\u0131 tetikleyebilece\u011fini belirterek h\u00fck\u00fcmetin ekonomi y\u00f6netimini ele\u015ftirdi.<\/p>\n<p>&nbsp;<\/p>\n<p>Avc\u0131o\u011flu: \u201cZamlar\u0131n arkas\u0131 gelecek\u201d yaz\u0131s\u0131 ilk \u00f6nce K\u0131br\u0131s Hakikat \u00fczerinde ortaya \u00e7\u0131kt\u0131.<\/p>\n","protected":false},"excerpt":{"rendered":"<p>Yusuf Avc\u0131o\u011flu\u2019ndan Akaryak\u0131t Zamlar\u0131na Sert Tepki &nbsp; Avc\u0131o\u011flu a\u00e7\u0131klamas\u0131nda, Maliye Bakan\u0131\u2019n\u0131n petrol varil fiyatlar\u0131n\u0131n yakla\u015f\u0131k 20 dolar gerilemesine ra\u011fmen yap\u0131lan zamlar\u0131n b\u00fct\u00e7e a\u00e7\u0131\u011f\u0131n\u0131 kapatmak i\u00e7in olmad\u0131\u011f\u0131n\u0131 s\u00f6ylemesine de tepki g\u00f6sterdi. \u00dclke y\u00f6netiminin \u00f6ng\u00f6r\u00fc ve liyakatten uzak bir anlay\u0131\u015fa emanet edildi\u011fini savunan Avc\u0131o\u011flu, kararlar\u0131n ekonomik ger\u00e7eklerle ba\u011fda\u015fmad\u0131\u011f\u0131n\u0131 ifade etti. Elektrik \u00fcretiminde kullan\u0131lan Eurodizel maliyetlerinin de zamlarla [&hellip;]<\/p>\n","protected":false},"author":1,"featured_media":35211,"comment_status":"open","ping_status":"open","sticky":false,"template":"","format":"standard","meta":{"jnews-multi-image_gallery":[],"jnews_single_post":[],"jnews_primary_category":[],"footnotes":""},"categories":[1],"tags":[],"class_list":["post-35210","post","type-post","status-publish","format-standard","has-post-thumbnail","hentry","category-kibris"],"yoast_head":"<!-- This site is optimized with the Yoast SEO plugin v27.5 - https:\/\/yoast.com\/product\/yoast-seo-wordpress\/ -->\n<title>Avc\u0131o\u011flu: \u201cZamlar\u0131n arkas\u0131 gelecek\u201d - Haber Kuzey<\/title>\n<meta name=\"robots\" content=\"index, follow, max-snippet:-1, max-image-preview:large, max-video-preview:-1\" \/>\n<link rel=\"canonical\" href=\"https:\/\/haberkuzey.com\/index.php\/2026\/03\/12\/avcioglu-zamlarin-arkasi-gelecek\/\" \/>\n<meta property=\"og:locale\" content=\"tr_TR\" \/>\n<meta property=\"og:type\" content=\"article\" \/>\n<meta property=\"og:title\" content=\"Avc\u0131o\u011flu: \u201cZamlar\u0131n arkas\u0131 gelecek\u201d - Haber Kuzey\" \/>\n<meta property=\"og:description\" content=\"Yusuf Avc\u0131o\u011flu\u2019ndan Akaryak\u0131t Zamlar\u0131na Sert Tepki &nbsp; Avc\u0131o\u011flu a\u00e7\u0131klamas\u0131nda, Maliye Bakan\u0131\u2019n\u0131n petrol varil fiyatlar\u0131n\u0131n yakla\u015f\u0131k 20 dolar gerilemesine ra\u011fmen yap\u0131lan zamlar\u0131n b\u00fct\u00e7e a\u00e7\u0131\u011f\u0131n\u0131 kapatmak i\u00e7in olmad\u0131\u011f\u0131n\u0131 s\u00f6ylemesine de tepki g\u00f6sterdi. \u00dclke y\u00f6netiminin \u00f6ng\u00f6r\u00fc ve liyakatten uzak bir anlay\u0131\u015fa emanet edildi\u011fini savunan Avc\u0131o\u011flu, kararlar\u0131n ekonomik ger\u00e7eklerle ba\u011fda\u015fmad\u0131\u011f\u0131n\u0131 ifade etti. Elektrik \u00fcretiminde kullan\u0131lan Eurodizel maliyetlerinin de zamlarla [&hellip;]\" \/>\n<meta property=\"og:url\" content=\"https:\/\/haberkuzey.com\/index.php\/2026\/03\/12\/avcioglu-zamlarin-arkasi-gelecek\/\" \/>\n<meta property=\"og:site_name\" content=\"Haber Kuzey\" \/>\n<meta property=\"article:published_time\" content=\"2026-03-12T09:23:23+00:00\" \/>\n<meta name=\"author\" content=\"haberkuzey\" \/>\n<meta name=\"twitter:card\" content=\"summary_large_image\" \/>\n<meta name=\"twitter:label1\" content=\"Yazan:\" \/>\n\t<meta name=\"twitter:data1\" content=\"haberkuzey\" \/>\n\t<meta name=\"twitter:label2\" content=\"Tahmini okuma s\u00fcresi\" \/>\n\t<meta name=\"twitter:data2\" content=\"1 dakika\" \/>\n<script type=\"application\/ld+json\" class=\"yoast-schema-graph\">{\"@context\":\"https:\\\/\\\/schema.org\",\"@graph\":[{\"@type\":\"Article\",\"@id\":\"https:\\\/\\\/haberkuzey.com\\\/index.php\\\/2026\\\/03\\\/12\\\/avcioglu-zamlarin-arkasi-gelecek\\\/#article\",\"isPartOf\":{\"@id\":\"https:\\\/\\\/haberkuzey.com\\\/index.php\\\/2026\\\/03\\\/12\\\/avcioglu-zamlarin-arkasi-gelecek\\\/\"},\"author\":{\"name\":\"haberkuzey\",\"@id\":\"https:\\\/\\\/haberkuzey.com\\\/#\\\/schema\\\/person\\\/3372109ec735f9333f4fa47ebb9605ca\"},\"headline\":\"Avc\u0131o\u011flu: \u201cZamlar\u0131n arkas\u0131 gelecek\u201d\",\"datePublished\":\"2026-03-12T09:23:23+00:00\",\"mainEntityOfPage\":{\"@id\":\"https:\\\/\\\/haberkuzey.com\\\/index.php\\\/2026\\\/03\\\/12\\\/avcioglu-zamlarin-arkasi-gelecek\\\/\"},\"wordCount\":174,\"commentCount\":0,\"image\":{\"@id\":\"https:\\\/\\\/haberkuzey.com\\\/index.php\\\/2026\\\/03\\\/12\\\/avcioglu-zamlarin-arkasi-gelecek\\\/#primaryimage\"},\"thumbnailUrl\":\"https:\\\/\\\/haberkuzey.com\\\/wp-content\\\/uploads\\\/2026\\\/03\\\/Basit-Metin-ve-Fotograf-Yeni-Sarki-Videosu-Youtube-Kucuk-Resmi-14.png\",\"articleSection\":[\"K\u0131br\u0131s\"],\"inLanguage\":\"tr\",\"potentialAction\":[{\"@type\":\"CommentAction\",\"name\":\"Comment\",\"target\":[\"https:\\\/\\\/haberkuzey.com\\\/index.php\\\/2026\\\/03\\\/12\\\/avcioglu-zamlarin-arkasi-gelecek\\\/#respond\"]}]},{\"@type\":\"WebPage\",\"@id\":\"https:\\\/\\\/haberkuzey.com\\\/index.php\\\/2026\\\/03\\\/12\\\/avcioglu-zamlarin-arkasi-gelecek\\\/\",\"url\":\"https:\\\/\\\/haberkuzey.com\\\/index.php\\\/2026\\\/03\\\/12\\\/avcioglu-zamlarin-arkasi-gelecek\\\/\",\"name\":\"Avc\u0131o\u011flu: \u201cZamlar\u0131n arkas\u0131 gelecek\u201d - Haber Kuzey\",\"isPartOf\":{\"@id\":\"https:\\\/\\\/haberkuzey.com\\\/#website\"},\"primaryImageOfPage\":{\"@id\":\"https:\\\/\\\/haberkuzey.com\\\/index.php\\\/2026\\\/03\\\/12\\\/avcioglu-zamlarin-arkasi-gelecek\\\/#primaryimage\"},\"image\":{\"@id\":\"https:\\\/\\\/haberkuzey.com\\\/index.php\\\/2026\\\/03\\\/12\\\/avcioglu-zamlarin-arkasi-gelecek\\\/#primaryimage\"},\"thumbnailUrl\":\"https:\\\/\\\/haberkuzey.com\\\/wp-content\\\/uploads\\\/2026\\\/03\\\/Basit-Metin-ve-Fotograf-Yeni-Sarki-Videosu-Youtube-Kucuk-Resmi-14.png\",\"datePublished\":\"2026-03-12T09:23:23+00:00\",\"author\":{\"@id\":\"https:\\\/\\\/haberkuzey.com\\\/#\\\/schema\\\/person\\\/3372109ec735f9333f4fa47ebb9605ca\"},\"breadcrumb\":{\"@id\":\"https:\\\/\\\/haberkuzey.com\\\/index.php\\\/2026\\\/03\\\/12\\\/avcioglu-zamlarin-arkasi-gelecek\\\/#breadcrumb\"},\"inLanguage\":\"tr\",\"potentialAction\":[{\"@type\":\"ReadAction\",\"target\":[\"https:\\\/\\\/haberkuzey.com\\\/index.php\\\/2026\\\/03\\\/12\\\/avcioglu-zamlarin-arkasi-gelecek\\\/\"]}]},{\"@type\":\"ImageObject\",\"inLanguage\":\"tr\",\"@id\":\"https:\\\/\\\/haberkuzey.com\\\/index.php\\\/2026\\\/03\\\/12\\\/avcioglu-zamlarin-arkasi-gelecek\\\/#primaryimage\",\"url\":\"https:\\\/\\\/haberkuzey.com\\\/wp-content\\\/uploads\\\/2026\\\/03\\\/Basit-Metin-ve-Fotograf-Yeni-Sarki-Videosu-Youtube-Kucuk-Resmi-14.png\",\"contentUrl\":\"https:\\\/\\\/haberkuzey.com\\\/wp-content\\\/uploads\\\/2026\\\/03\\\/Basit-Metin-ve-Fotograf-Yeni-Sarki-Videosu-Youtube-Kucuk-Resmi-14.png\",\"width\":1280,\"height\":720},{\"@type\":\"BreadcrumbList\",\"@id\":\"https:\\\/\\\/haberkuzey.com\\\/index.php\\\/2026\\\/03\\\/12\\\/avcioglu-zamlarin-arkasi-gelecek\\\/#breadcrumb\",\"itemListElement\":[{\"@type\":\"ListItem\",\"position\":1,\"name\":\"Anasayfa\",\"item\":\"https:\\\/\\\/haberkuzey.com\\\/\"},{\"@type\":\"ListItem\",\"position\":2,\"name\":\"Avc\u0131o\u011flu: \u201cZamlar\u0131n arkas\u0131 gelecek\u201d\"}]},{\"@type\":\"WebSite\",\"@id\":\"https:\\\/\\\/haberkuzey.com\\\/#website\",\"url\":\"https:\\\/\\\/haberkuzey.com\\\/\",\"name\":\"Haber Kuzey\",\"description\":\"Do\u011fru Haberin Adresi\",\"potentialAction\":[{\"@type\":\"SearchAction\",\"target\":{\"@type\":\"EntryPoint\",\"urlTemplate\":\"https:\\\/\\\/haberkuzey.com\\\/?s={search_term_string}\"},\"query-input\":{\"@type\":\"PropertyValueSpecification\",\"valueRequired\":true,\"valueName\":\"search_term_string\"}}],\"inLanguage\":\"tr\"},{\"@type\":\"Person\",\"@id\":\"https:\\\/\\\/haberkuzey.com\\\/#\\\/schema\\\/person\\\/3372109ec735f9333f4fa47ebb9605ca\",\"name\":\"haberkuzey\",\"image\":{\"@type\":\"ImageObject\",\"inLanguage\":\"tr\",\"@id\":\"https:\\\/\\\/secure.gravatar.com\\\/avatar\\\/f5fc875574b1575324358c3b9e6a32b8227aa5b74f3fa22e3cadb63e26fcc39c?s=96&d=mm&r=g\",\"url\":\"https:\\\/\\\/secure.gravatar.com\\\/avatar\\\/f5fc875574b1575324358c3b9e6a32b8227aa5b74f3fa22e3cadb63e26fcc39c?s=96&d=mm&r=g\",\"contentUrl\":\"https:\\\/\\\/secure.gravatar.com\\\/avatar\\\/f5fc875574b1575324358c3b9e6a32b8227aa5b74f3fa22e3cadb63e26fcc39c?s=96&d=mm&r=g\",\"caption\":\"haberkuzey\"},\"sameAs\":[\"https:\\\/\\\/haberkuzey.com\"],\"url\":\"https:\\\/\\\/haberkuzey.com\\\/index.php\\\/author\\\/haberkuzey\\\/\"}]}<\/script>\n<!-- \/ Yoast SEO plugin. -->","yoast_head_json":{"title":"Avc\u0131o\u011flu: \u201cZamlar\u0131n arkas\u0131 gelecek\u201d - Haber Kuzey","robots":{"index":"index","follow":"follow","max-snippet":"max-snippet:-1","max-image-preview":"max-image-preview:large","max-video-preview":"max-video-preview:-1"},"canonical":"https:\/\/haberkuzey.com\/index.php\/2026\/03\/12\/avcioglu-zamlarin-arkasi-gelecek\/","og_locale":"tr_TR","og_type":"article","og_title":"Avc\u0131o\u011flu: \u201cZamlar\u0131n arkas\u0131 gelecek\u201d - Haber Kuzey","og_description":"Yusuf Avc\u0131o\u011flu\u2019ndan Akaryak\u0131t Zamlar\u0131na Sert Tepki &nbsp; Avc\u0131o\u011flu a\u00e7\u0131klamas\u0131nda, Maliye Bakan\u0131\u2019n\u0131n petrol varil fiyatlar\u0131n\u0131n yakla\u015f\u0131k 20 dolar gerilemesine ra\u011fmen yap\u0131lan zamlar\u0131n b\u00fct\u00e7e a\u00e7\u0131\u011f\u0131n\u0131 kapatmak i\u00e7in olmad\u0131\u011f\u0131n\u0131 s\u00f6ylemesine de tepki g\u00f6sterdi. \u00dclke y\u00f6netiminin \u00f6ng\u00f6r\u00fc ve liyakatten uzak bir anlay\u0131\u015fa emanet edildi\u011fini savunan Avc\u0131o\u011flu, kararlar\u0131n ekonomik ger\u00e7eklerle ba\u011fda\u015fmad\u0131\u011f\u0131n\u0131 ifade etti. Elektrik \u00fcretiminde kullan\u0131lan Eurodizel maliyetlerinin de zamlarla [&hellip;]","og_url":"https:\/\/haberkuzey.com\/index.php\/2026\/03\/12\/avcioglu-zamlarin-arkasi-gelecek\/","og_site_name":"Haber Kuzey","article_published_time":"2026-03-12T09:23:23+00:00","author":"haberkuzey","twitter_card":"summary_large_image","twitter_misc":{"Yazan:":"haberkuzey","Tahmini okuma s\u00fcresi":"1 dakika"},"schema":{"@context":"https:\/\/schema.org","@graph":[{"@type":"Article","@id":"https:\/\/haberkuzey.com\/index.php\/2026\/03\/12\/avcioglu-zamlarin-arkasi-gelecek\/#article","isPartOf":{"@id":"https:\/\/haberkuzey.com\/index.php\/2026\/03\/12\/avcioglu-zamlarin-arkasi-gelecek\/"},"author":{"name":"haberkuzey","@id":"https:\/\/haberkuzey.com\/#\/schema\/person\/3372109ec735f9333f4fa47ebb9605ca"},"headline":"Avc\u0131o\u011flu: \u201cZamlar\u0131n arkas\u0131 gelecek\u201d","datePublished":"2026-03-12T09:23:23+00:00","mainEntityOfPage":{"@id":"https:\/\/haberkuzey.com\/index.php\/2026\/03\/12\/avcioglu-zamlarin-arkasi-gelecek\/"},"wordCount":174,"commentCount":0,"image":{"@id":"https:\/\/haberkuzey.com\/index.php\/2026\/03\/12\/avcioglu-zamlarin-arkasi-gelecek\/#primaryimage"},"thumbnailUrl":"https:\/\/haberkuzey.com\/wp-content\/uploads\/2026\/03\/Basit-Metin-ve-Fotograf-Yeni-Sarki-Videosu-Youtube-Kucuk-Resmi-14.png","articleSection":["K\u0131br\u0131s"],"inLanguage":"tr","potentialAction":[{"@type":"CommentAction","name":"Comment","target":["https:\/\/haberkuzey.com\/index.php\/2026\/03\/12\/avcioglu-zamlarin-arkasi-gelecek\/#respond"]}]},{"@type":"WebPage","@id":"https:\/\/haberkuzey.com\/index.php\/2026\/03\/12\/avcioglu-zamlarin-arkasi-gelecek\/","url":"https:\/\/haberkuzey.com\/index.php\/2026\/03\/12\/avcioglu-zamlarin-arkasi-gelecek\/","name":"Avc\u0131o\u011flu: \u201cZamlar\u0131n arkas\u0131 gelecek\u201d - Haber Kuzey","isPartOf":{"@id":"https:\/\/haberkuzey.com\/#website"},"primaryImageOfPage":{"@id":"https:\/\/haberkuzey.com\/index.php\/2026\/03\/12\/avcioglu-zamlarin-arkasi-gelecek\/#primaryimage"},"image":{"@id":"https:\/\/haberkuzey.com\/index.php\/2026\/03\/12\/avcioglu-zamlarin-arkasi-gelecek\/#primaryimage"},"thumbnailUrl":"https:\/\/haberkuzey.com\/wp-content\/uploads\/2026\/03\/Basit-Metin-ve-Fotograf-Yeni-Sarki-Videosu-Youtube-Kucuk-Resmi-14.png","datePublished":"2026-03-12T09:23:23+00:00","author":{"@id":"https:\/\/haberkuzey.com\/#\/schema\/person\/3372109ec735f9333f4fa47ebb9605ca"},"breadcrumb":{"@id":"https:\/\/haberkuzey.com\/index.php\/2026\/03\/12\/avcioglu-zamlarin-arkasi-gelecek\/#breadcrumb"},"inLanguage":"tr","potentialAction":[{"@type":"ReadAction","target":["https:\/\/haberkuzey.com\/index.php\/2026\/03\/12\/avcioglu-zamlarin-arkasi-gelecek\/"]}]},{"@type":"ImageObject","inLanguage":"tr","@id":"https:\/\/haberkuzey.com\/index.php\/2026\/03\/12\/avcioglu-zamlarin-arkasi-gelecek\/#primaryimage","url":"https:\/\/haberkuzey.com\/wp-content\/uploads\/2026\/03\/Basit-Metin-ve-Fotograf-Yeni-Sarki-Videosu-Youtube-Kucuk-Resmi-14.png","contentUrl":"https:\/\/haberkuzey.com\/wp-content\/uploads\/2026\/03\/Basit-Metin-ve-Fotograf-Yeni-Sarki-Videosu-Youtube-Kucuk-Resmi-14.png","width":1280,"height":720},{"@type":"BreadcrumbList","@id":"https:\/\/haberkuzey.com\/index.php\/2026\/03\/12\/avcioglu-zamlarin-arkasi-gelecek\/#breadcrumb","itemListElement":[{"@type":"ListItem","position":1,"name":"Anasayfa","item":"https:\/\/haberkuzey.com\/"},{"@type":"ListItem","position":2,"name":"Avc\u0131o\u011flu: \u201cZamlar\u0131n arkas\u0131 gelecek\u201d"}]},{"@type":"WebSite","@id":"https:\/\/haberkuzey.com\/#website","url":"https:\/\/haberkuzey.com\/","name":"Haber Kuzey","description":"Do\u011fru Haberin Adresi","potentialAction":[{"@type":"SearchAction","target":{"@type":"EntryPoint","urlTemplate":"https:\/\/haberkuzey.com\/?s={search_term_string}"},"query-input":{"@type":"PropertyValueSpecification","valueRequired":true,"valueName":"search_term_string"}}],"inLanguage":"tr"},{"@type":"Person","@id":"https:\/\/haberkuzey.com\/#\/schema\/person\/3372109ec735f9333f4fa47ebb9605ca","name":"haberkuzey","image":{"@type":"ImageObject","inLanguage":"tr","@id":"https:\/\/secure.gravatar.com\/avatar\/f5fc875574b1575324358c3b9e6a32b8227aa5b74f3fa22e3cadb63e26fcc39c?s=96&d=mm&r=g","url":"https:\/\/secure.gravatar.com\/avatar\/f5fc875574b1575324358c3b9e6a32b8227aa5b74f3fa22e3cadb63e26fcc39c?s=96&d=mm&r=g","contentUrl":"https:\/\/secure.gravatar.com\/avatar\/f5fc875574b1575324358c3b9e6a32b8227aa5b74f3fa22e3cadb63e26fcc39c?s=96&d=mm&r=g","caption":"haberkuzey"},"sameAs":["https:\/\/haberkuzey.com"],"url":"https:\/\/haberkuzey.com\/index.php\/author\/haberkuzey\/"}]}},"_links":{"self":[{"href":"https:\/\/haberkuzey.com\/index.php\/wp-json\/wp\/v2\/posts\/35210","targetHints":{"allow":["GET"]}}],"collection":[{"href":"https:\/\/haberkuzey.com\/index.php\/wp-json\/wp\/v2\/posts"}],"about":[{"href":"https:\/\/haberkuzey.com\/index.php\/wp-json\/wp\/v2\/types\/post"}],"author":[{"embeddable":true,"href":"https:\/\/haberkuzey.com\/index.php\/wp-json\/wp\/v2\/users\/1"}],"replies":[{"embeddable":true,"href":"https:\/\/haberkuzey.com\/index.php\/wp-json\/wp\/v2\/comments?post=35210"}],"version-history":[{"count":0,"href":"https:\/\/haberkuzey.com\/index.php\/wp-json\/wp\/v2\/posts\/35210\/revisions"}],"wp:featuredmedia":[{"embeddable":true,"href":"https:\/\/haberkuzey.com\/index.php\/wp-json\/wp\/v2\/media\/35211"}],"wp:attachment":[{"href":"https:\/\/haberkuzey.com\/index.php\/wp-json\/wp\/v2\/media?parent=35210"}],"wp:term":[{"taxonomy":"category","embeddable":true,"href":"https:\/\/haberkuzey.com\/index.php\/wp-json\/wp\/v2\/categories?post=35210"},{"taxonomy":"post_tag","embeddable":true,"href":"https:\/\/haberkuzey.com\/index.php\/wp-json\/wp\/v2\/tags?post=35210"}],"curies":[{"name":"wp","href":"https:\/\/api.w.org\/{rel}","templated":true}]}}