{"id":35204,"date":"2026-03-12T09:06:04","date_gmt":"2026-03-12T07:06:04","guid":{"rendered":"https:\/\/haberkuzey.com\/index.php\/2026\/03\/12\/ercan-havalimani-cevresinde-drone-ucuslari-yasaklandi\/"},"modified":"2026-03-12T09:06:04","modified_gmt":"2026-03-12T07:06:04","slug":"ercan-havalimani-cevresinde-drone-ucuslari-yasaklandi","status":"publish","type":"post","link":"https:\/\/haberkuzey.com\/index.php\/2026\/03\/12\/ercan-havalimani-cevresinde-drone-ucuslari-yasaklandi\/","title":{"rendered":"Ercan Havaliman\u0131 \u00e7evresinde drone u\u00e7u\u015flar\u0131 yasakland\u0131"},"content":{"rendered":"<p>Ercan Devlet Havaalan\u0131 ve \u00e7evresinde g\u00fcvenlik \u00f6nlemleri art\u0131r\u0131ld\u0131. U\u00e7u\u015f g\u00fcvenli\u011finin sa\u011flanmas\u0131 amac\u0131yla b\u00f6lgede drone ve benzeri insans\u0131z hava ara\u00e7lar\u0131n\u0131n u\u00e7urulmas\u0131 yasakland\u0131.<\/p>\n<p>Polis Bas\u0131n Subayl\u0131\u011f\u0131 taraf\u0131ndan yap\u0131lan a\u00e7\u0131klamada, yasa\u011f\u0131n ikinci bir duyuruya kadar y\u00fcr\u00fcrl\u00fckte olaca\u011f\u0131 bildirildi. A\u00e7\u0131klamada, al\u0131nan karar\u0131n Ak\u0131nc\u0131lar, K\u0131rklar, Gazik\u00f6y, Bal\u0131kesir, Pa\u015fak\u00f6y, Yi\u011fitler, K\u0131r\u0131kkale, Meri\u00e7 ve Dilekkaya k\u00f6yleri ile Bal\u0131kesir k\u00f6y\u00fc civar\u0131n\u0131 kapsad\u0131\u011f\u0131 belirtildi.<\/p>\n<p>Yetkililer, al\u0131nan karara ayk\u0131r\u0131 hareket eden ki\u015fi veya kurulu\u015flar hakk\u0131nda ilgili mevzuat \u00e7er\u00e7evesinde yasal i\u015flem yap\u0131laca\u011f\u0131n\u0131 vurgulad\u0131.<\/p>\n<p>Polis Genel M\u00fcd\u00fcrl\u00fc\u011f\u00fc, t\u00fcm ki\u015fi ve kurulu\u015flar\u0131n s\u00f6z konusu yasa\u011fa titizlikle uymas\u0131n\u0131n b\u00fcy\u00fck \u00f6nem ta\u015f\u0131d\u0131\u011f\u0131n\u0131 belirterek uygulaman\u0131n ikinci bir duyuruya kadar devam edece\u011fini duyurdu.<\/p>\n<p>Ercan Havaliman\u0131 \u00e7evresinde drone u\u00e7u\u015flar\u0131 yasakland\u0131 yaz\u0131s\u0131 ilk \u00f6nce K\u0131br\u0131s Hakikat \u00fczerinde ortaya \u00e7\u0131kt\u0131.<\/p>\n","protected":false},"excerpt":{"rendered":"<p>Ercan Devlet Havaalan\u0131 ve \u00e7evresinde g\u00fcvenlik \u00f6nlemleri art\u0131r\u0131ld\u0131. U\u00e7u\u015f g\u00fcvenli\u011finin sa\u011flanmas\u0131 amac\u0131yla b\u00f6lgede drone ve benzeri insans\u0131z hava ara\u00e7lar\u0131n\u0131n u\u00e7urulmas\u0131 yasakland\u0131. Polis Bas\u0131n Subayl\u0131\u011f\u0131 taraf\u0131ndan yap\u0131lan a\u00e7\u0131klamada, yasa\u011f\u0131n ikinci bir duyuruya kadar y\u00fcr\u00fcrl\u00fckte olaca\u011f\u0131 bildirildi. A\u00e7\u0131klamada, al\u0131nan karar\u0131n Ak\u0131nc\u0131lar, K\u0131rklar, Gazik\u00f6y, Bal\u0131kesir, Pa\u015fak\u00f6y, Yi\u011fitler, K\u0131r\u0131kkale, Meri\u00e7 ve Dilekkaya k\u00f6yleri ile Bal\u0131kesir k\u00f6y\u00fc civar\u0131n\u0131 kapsad\u0131\u011f\u0131 belirtildi. [&hellip;]<\/p>\n","protected":false},"author":1,"featured_media":35205,"comment_status":"open","ping_status":"open","sticky":false,"template":"","format":"standard","meta":{"jnews-multi-image_gallery":[],"jnews_single_post":[],"jnews_primary_category":[],"footnotes":""},"categories":[1],"tags":[],"class_list":["post-35204","post","type-post","status-publish","format-standard","has-post-thumbnail","hentry","category-kibris"],"yoast_head":"<!-- This site is optimized with the Yoast SEO plugin v27.5 - https:\/\/yoast.com\/product\/yoast-seo-wordpress\/ -->\n<title>Ercan Havaliman\u0131 \u00e7evresinde drone u\u00e7u\u015flar\u0131 yasakland\u0131 - Haber Kuzey<\/title>\n<meta name=\"robots\" content=\"index, follow, max-snippet:-1, max-image-preview:large, max-video-preview:-1\" \/>\n<link rel=\"canonical\" href=\"https:\/\/haberkuzey.com\/index.php\/2026\/03\/12\/ercan-havalimani-cevresinde-drone-ucuslari-yasaklandi\/\" \/>\n<meta property=\"og:locale\" content=\"tr_TR\" \/>\n<meta property=\"og:type\" content=\"article\" \/>\n<meta property=\"og:title\" content=\"Ercan Havaliman\u0131 \u00e7evresinde drone u\u00e7u\u015flar\u0131 yasakland\u0131 - Haber Kuzey\" \/>\n<meta property=\"og:description\" content=\"Ercan Devlet Havaalan\u0131 ve \u00e7evresinde g\u00fcvenlik \u00f6nlemleri art\u0131r\u0131ld\u0131. U\u00e7u\u015f g\u00fcvenli\u011finin sa\u011flanmas\u0131 amac\u0131yla b\u00f6lgede drone ve benzeri insans\u0131z hava ara\u00e7lar\u0131n\u0131n u\u00e7urulmas\u0131 yasakland\u0131. Polis Bas\u0131n Subayl\u0131\u011f\u0131 taraf\u0131ndan yap\u0131lan a\u00e7\u0131klamada, yasa\u011f\u0131n ikinci bir duyuruya kadar y\u00fcr\u00fcrl\u00fckte olaca\u011f\u0131 bildirildi. A\u00e7\u0131klamada, al\u0131nan karar\u0131n Ak\u0131nc\u0131lar, K\u0131rklar, Gazik\u00f6y, Bal\u0131kesir, Pa\u015fak\u00f6y, Yi\u011fitler, K\u0131r\u0131kkale, Meri\u00e7 ve Dilekkaya k\u00f6yleri ile Bal\u0131kesir k\u00f6y\u00fc civar\u0131n\u0131 kapsad\u0131\u011f\u0131 belirtildi. [&hellip;]\" \/>\n<meta property=\"og:url\" content=\"https:\/\/haberkuzey.com\/index.php\/2026\/03\/12\/ercan-havalimani-cevresinde-drone-ucuslari-yasaklandi\/\" \/>\n<meta property=\"og:site_name\" content=\"Haber Kuzey\" \/>\n<meta property=\"article:published_time\" content=\"2026-03-12T07:06:04+00:00\" \/>\n<meta name=\"author\" content=\"haberkuzey\" \/>\n<meta name=\"twitter:card\" content=\"summary_large_image\" \/>\n<meta name=\"twitter:label1\" content=\"Yazan:\" \/>\n\t<meta name=\"twitter:data1\" content=\"haberkuzey\" \/>\n\t<meta name=\"twitter:label2\" content=\"Tahmini okuma s\u00fcresi\" \/>\n\t<meta name=\"twitter:data2\" content=\"1 dakika\" \/>\n<script type=\"application\/ld+json\" class=\"yoast-schema-graph\">{\"@context\":\"https:\\\/\\\/schema.org\",\"@graph\":[{\"@type\":\"Article\",\"@id\":\"https:\\\/\\\/haberkuzey.com\\\/index.php\\\/2026\\\/03\\\/12\\\/ercan-havalimani-cevresinde-drone-ucuslari-yasaklandi\\\/#article\",\"isPartOf\":{\"@id\":\"https:\\\/\\\/haberkuzey.com\\\/index.php\\\/2026\\\/03\\\/12\\\/ercan-havalimani-cevresinde-drone-ucuslari-yasaklandi\\\/\"},\"author\":{\"name\":\"haberkuzey\",\"@id\":\"https:\\\/\\\/haberkuzey.com\\\/#\\\/schema\\\/person\\\/3372109ec735f9333f4fa47ebb9605ca\"},\"headline\":\"Ercan Havaliman\u0131 \u00e7evresinde drone u\u00e7u\u015flar\u0131 yasakland\u0131\",\"datePublished\":\"2026-03-12T07:06:04+00:00\",\"mainEntityOfPage\":{\"@id\":\"https:\\\/\\\/haberkuzey.com\\\/index.php\\\/2026\\\/03\\\/12\\\/ercan-havalimani-cevresinde-drone-ucuslari-yasaklandi\\\/\"},\"wordCount\":187,\"commentCount\":0,\"image\":{\"@id\":\"https:\\\/\\\/haberkuzey.com\\\/index.php\\\/2026\\\/03\\\/12\\\/ercan-havalimani-cevresinde-drone-ucuslari-yasaklandi\\\/#primaryimage\"},\"thumbnailUrl\":\"https:\\\/\\\/haberkuzey.com\\\/wp-content\\\/uploads\\\/2026\\\/03\\\/IMG_8077.webp.webp\",\"articleSection\":[\"K\u0131br\u0131s\"],\"inLanguage\":\"tr\",\"potentialAction\":[{\"@type\":\"CommentAction\",\"name\":\"Comment\",\"target\":[\"https:\\\/\\\/haberkuzey.com\\\/index.php\\\/2026\\\/03\\\/12\\\/ercan-havalimani-cevresinde-drone-ucuslari-yasaklandi\\\/#respond\"]}]},{\"@type\":\"WebPage\",\"@id\":\"https:\\\/\\\/haberkuzey.com\\\/index.php\\\/2026\\\/03\\\/12\\\/ercan-havalimani-cevresinde-drone-ucuslari-yasaklandi\\\/\",\"url\":\"https:\\\/\\\/haberkuzey.com\\\/index.php\\\/2026\\\/03\\\/12\\\/ercan-havalimani-cevresinde-drone-ucuslari-yasaklandi\\\/\",\"name\":\"Ercan Havaliman\u0131 \u00e7evresinde drone u\u00e7u\u015flar\u0131 yasakland\u0131 - Haber Kuzey\",\"isPartOf\":{\"@id\":\"https:\\\/\\\/haberkuzey.com\\\/#website\"},\"primaryImageOfPage\":{\"@id\":\"https:\\\/\\\/haberkuzey.com\\\/index.php\\\/2026\\\/03\\\/12\\\/ercan-havalimani-cevresinde-drone-ucuslari-yasaklandi\\\/#primaryimage\"},\"image\":{\"@id\":\"https:\\\/\\\/haberkuzey.com\\\/index.php\\\/2026\\\/03\\\/12\\\/ercan-havalimani-cevresinde-drone-ucuslari-yasaklandi\\\/#primaryimage\"},\"thumbnailUrl\":\"https:\\\/\\\/haberkuzey.com\\\/wp-content\\\/uploads\\\/2026\\\/03\\\/IMG_8077.webp.webp\",\"datePublished\":\"2026-03-12T07:06:04+00:00\",\"author\":{\"@id\":\"https:\\\/\\\/haberkuzey.com\\\/#\\\/schema\\\/person\\\/3372109ec735f9333f4fa47ebb9605ca\"},\"breadcrumb\":{\"@id\":\"https:\\\/\\\/haberkuzey.com\\\/index.php\\\/2026\\\/03\\\/12\\\/ercan-havalimani-cevresinde-drone-ucuslari-yasaklandi\\\/#breadcrumb\"},\"inLanguage\":\"tr\",\"potentialAction\":[{\"@type\":\"ReadAction\",\"target\":[\"https:\\\/\\\/haberkuzey.com\\\/index.php\\\/2026\\\/03\\\/12\\\/ercan-havalimani-cevresinde-drone-ucuslari-yasaklandi\\\/\"]}]},{\"@type\":\"ImageObject\",\"inLanguage\":\"tr\",\"@id\":\"https:\\\/\\\/haberkuzey.com\\\/index.php\\\/2026\\\/03\\\/12\\\/ercan-havalimani-cevresinde-drone-ucuslari-yasaklandi\\\/#primaryimage\",\"url\":\"https:\\\/\\\/haberkuzey.com\\\/wp-content\\\/uploads\\\/2026\\\/03\\\/IMG_8077.webp.webp\",\"contentUrl\":\"https:\\\/\\\/haberkuzey.com\\\/wp-content\\\/uploads\\\/2026\\\/03\\\/IMG_8077.webp.webp\",\"width\":1280,\"height\":720},{\"@type\":\"BreadcrumbList\",\"@id\":\"https:\\\/\\\/haberkuzey.com\\\/index.php\\\/2026\\\/03\\\/12\\\/ercan-havalimani-cevresinde-drone-ucuslari-yasaklandi\\\/#breadcrumb\",\"itemListElement\":[{\"@type\":\"ListItem\",\"position\":1,\"name\":\"Anasayfa\",\"item\":\"https:\\\/\\\/haberkuzey.com\\\/\"},{\"@type\":\"ListItem\",\"position\":2,\"name\":\"Ercan Havaliman\u0131 \u00e7evresinde drone u\u00e7u\u015flar\u0131 yasakland\u0131\"}]},{\"@type\":\"WebSite\",\"@id\":\"https:\\\/\\\/haberkuzey.com\\\/#website\",\"url\":\"https:\\\/\\\/haberkuzey.com\\\/\",\"name\":\"Haber Kuzey\",\"description\":\"Do\u011fru Haberin Adresi\",\"potentialAction\":[{\"@type\":\"SearchAction\",\"target\":{\"@type\":\"EntryPoint\",\"urlTemplate\":\"https:\\\/\\\/haberkuzey.com\\\/?s={search_term_string}\"},\"query-input\":{\"@type\":\"PropertyValueSpecification\",\"valueRequired\":true,\"valueName\":\"search_term_string\"}}],\"inLanguage\":\"tr\"},{\"@type\":\"Person\",\"@id\":\"https:\\\/\\\/haberkuzey.com\\\/#\\\/schema\\\/person\\\/3372109ec735f9333f4fa47ebb9605ca\",\"name\":\"haberkuzey\",\"image\":{\"@type\":\"ImageObject\",\"inLanguage\":\"tr\",\"@id\":\"https:\\\/\\\/secure.gravatar.com\\\/avatar\\\/f5fc875574b1575324358c3b9e6a32b8227aa5b74f3fa22e3cadb63e26fcc39c?s=96&d=mm&r=g\",\"url\":\"https:\\\/\\\/secure.gravatar.com\\\/avatar\\\/f5fc875574b1575324358c3b9e6a32b8227aa5b74f3fa22e3cadb63e26fcc39c?s=96&d=mm&r=g\",\"contentUrl\":\"https:\\\/\\\/secure.gravatar.com\\\/avatar\\\/f5fc875574b1575324358c3b9e6a32b8227aa5b74f3fa22e3cadb63e26fcc39c?s=96&d=mm&r=g\",\"caption\":\"haberkuzey\"},\"sameAs\":[\"https:\\\/\\\/haberkuzey.com\"],\"url\":\"https:\\\/\\\/haberkuzey.com\\\/index.php\\\/author\\\/haberkuzey\\\/\"}]}<\/script>\n<!-- \/ Yoast SEO plugin. -->","yoast_head_json":{"title":"Ercan Havaliman\u0131 \u00e7evresinde drone u\u00e7u\u015flar\u0131 yasakland\u0131 - Haber Kuzey","robots":{"index":"index","follow":"follow","max-snippet":"max-snippet:-1","max-image-preview":"max-image-preview:large","max-video-preview":"max-video-preview:-1"},"canonical":"https:\/\/haberkuzey.com\/index.php\/2026\/03\/12\/ercan-havalimani-cevresinde-drone-ucuslari-yasaklandi\/","og_locale":"tr_TR","og_type":"article","og_title":"Ercan Havaliman\u0131 \u00e7evresinde drone u\u00e7u\u015flar\u0131 yasakland\u0131 - Haber Kuzey","og_description":"Ercan Devlet Havaalan\u0131 ve \u00e7evresinde g\u00fcvenlik \u00f6nlemleri art\u0131r\u0131ld\u0131. U\u00e7u\u015f g\u00fcvenli\u011finin sa\u011flanmas\u0131 amac\u0131yla b\u00f6lgede drone ve benzeri insans\u0131z hava ara\u00e7lar\u0131n\u0131n u\u00e7urulmas\u0131 yasakland\u0131. Polis Bas\u0131n Subayl\u0131\u011f\u0131 taraf\u0131ndan yap\u0131lan a\u00e7\u0131klamada, yasa\u011f\u0131n ikinci bir duyuruya kadar y\u00fcr\u00fcrl\u00fckte olaca\u011f\u0131 bildirildi. A\u00e7\u0131klamada, al\u0131nan karar\u0131n Ak\u0131nc\u0131lar, K\u0131rklar, Gazik\u00f6y, Bal\u0131kesir, Pa\u015fak\u00f6y, Yi\u011fitler, K\u0131r\u0131kkale, Meri\u00e7 ve Dilekkaya k\u00f6yleri ile Bal\u0131kesir k\u00f6y\u00fc civar\u0131n\u0131 kapsad\u0131\u011f\u0131 belirtildi. [&hellip;]","og_url":"https:\/\/haberkuzey.com\/index.php\/2026\/03\/12\/ercan-havalimani-cevresinde-drone-ucuslari-yasaklandi\/","og_site_name":"Haber Kuzey","article_published_time":"2026-03-12T07:06:04+00:00","author":"haberkuzey","twitter_card":"summary_large_image","twitter_misc":{"Yazan:":"haberkuzey","Tahmini okuma s\u00fcresi":"1 dakika"},"schema":{"@context":"https:\/\/schema.org","@graph":[{"@type":"Article","@id":"https:\/\/haberkuzey.com\/index.php\/2026\/03\/12\/ercan-havalimani-cevresinde-drone-ucuslari-yasaklandi\/#article","isPartOf":{"@id":"https:\/\/haberkuzey.com\/index.php\/2026\/03\/12\/ercan-havalimani-cevresinde-drone-ucuslari-yasaklandi\/"},"author":{"name":"haberkuzey","@id":"https:\/\/haberkuzey.com\/#\/schema\/person\/3372109ec735f9333f4fa47ebb9605ca"},"headline":"Ercan Havaliman\u0131 \u00e7evresinde drone u\u00e7u\u015flar\u0131 yasakland\u0131","datePublished":"2026-03-12T07:06:04+00:00","mainEntityOfPage":{"@id":"https:\/\/haberkuzey.com\/index.php\/2026\/03\/12\/ercan-havalimani-cevresinde-drone-ucuslari-yasaklandi\/"},"wordCount":187,"commentCount":0,"image":{"@id":"https:\/\/haberkuzey.com\/index.php\/2026\/03\/12\/ercan-havalimani-cevresinde-drone-ucuslari-yasaklandi\/#primaryimage"},"thumbnailUrl":"https:\/\/haberkuzey.com\/wp-content\/uploads\/2026\/03\/IMG_8077.webp.webp","articleSection":["K\u0131br\u0131s"],"inLanguage":"tr","potentialAction":[{"@type":"CommentAction","name":"Comment","target":["https:\/\/haberkuzey.com\/index.php\/2026\/03\/12\/ercan-havalimani-cevresinde-drone-ucuslari-yasaklandi\/#respond"]}]},{"@type":"WebPage","@id":"https:\/\/haberkuzey.com\/index.php\/2026\/03\/12\/ercan-havalimani-cevresinde-drone-ucuslari-yasaklandi\/","url":"https:\/\/haberkuzey.com\/index.php\/2026\/03\/12\/ercan-havalimani-cevresinde-drone-ucuslari-yasaklandi\/","name":"Ercan Havaliman\u0131 \u00e7evresinde drone u\u00e7u\u015flar\u0131 yasakland\u0131 - Haber Kuzey","isPartOf":{"@id":"https:\/\/haberkuzey.com\/#website"},"primaryImageOfPage":{"@id":"https:\/\/haberkuzey.com\/index.php\/2026\/03\/12\/ercan-havalimani-cevresinde-drone-ucuslari-yasaklandi\/#primaryimage"},"image":{"@id":"https:\/\/haberkuzey.com\/index.php\/2026\/03\/12\/ercan-havalimani-cevresinde-drone-ucuslari-yasaklandi\/#primaryimage"},"thumbnailUrl":"https:\/\/haberkuzey.com\/wp-content\/uploads\/2026\/03\/IMG_8077.webp.webp","datePublished":"2026-03-12T07:06:04+00:00","author":{"@id":"https:\/\/haberkuzey.com\/#\/schema\/person\/3372109ec735f9333f4fa47ebb9605ca"},"breadcrumb":{"@id":"https:\/\/haberkuzey.com\/index.php\/2026\/03\/12\/ercan-havalimani-cevresinde-drone-ucuslari-yasaklandi\/#breadcrumb"},"inLanguage":"tr","potentialAction":[{"@type":"ReadAction","target":["https:\/\/haberkuzey.com\/index.php\/2026\/03\/12\/ercan-havalimani-cevresinde-drone-ucuslari-yasaklandi\/"]}]},{"@type":"ImageObject","inLanguage":"tr","@id":"https:\/\/haberkuzey.com\/index.php\/2026\/03\/12\/ercan-havalimani-cevresinde-drone-ucuslari-yasaklandi\/#primaryimage","url":"https:\/\/haberkuzey.com\/wp-content\/uploads\/2026\/03\/IMG_8077.webp.webp","contentUrl":"https:\/\/haberkuzey.com\/wp-content\/uploads\/2026\/03\/IMG_8077.webp.webp","width":1280,"height":720},{"@type":"BreadcrumbList","@id":"https:\/\/haberkuzey.com\/index.php\/2026\/03\/12\/ercan-havalimani-cevresinde-drone-ucuslari-yasaklandi\/#breadcrumb","itemListElement":[{"@type":"ListItem","position":1,"name":"Anasayfa","item":"https:\/\/haberkuzey.com\/"},{"@type":"ListItem","position":2,"name":"Ercan Havaliman\u0131 \u00e7evresinde drone u\u00e7u\u015flar\u0131 yasakland\u0131"}]},{"@type":"WebSite","@id":"https:\/\/haberkuzey.com\/#website","url":"https:\/\/haberkuzey.com\/","name":"Haber Kuzey","description":"Do\u011fru Haberin Adresi","potentialAction":[{"@type":"SearchAction","target":{"@type":"EntryPoint","urlTemplate":"https:\/\/haberkuzey.com\/?s={search_term_string}"},"query-input":{"@type":"PropertyValueSpecification","valueRequired":true,"valueName":"search_term_string"}}],"inLanguage":"tr"},{"@type":"Person","@id":"https:\/\/haberkuzey.com\/#\/schema\/person\/3372109ec735f9333f4fa47ebb9605ca","name":"haberkuzey","image":{"@type":"ImageObject","inLanguage":"tr","@id":"https:\/\/secure.gravatar.com\/avatar\/f5fc875574b1575324358c3b9e6a32b8227aa5b74f3fa22e3cadb63e26fcc39c?s=96&d=mm&r=g","url":"https:\/\/secure.gravatar.com\/avatar\/f5fc875574b1575324358c3b9e6a32b8227aa5b74f3fa22e3cadb63e26fcc39c?s=96&d=mm&r=g","contentUrl":"https:\/\/secure.gravatar.com\/avatar\/f5fc875574b1575324358c3b9e6a32b8227aa5b74f3fa22e3cadb63e26fcc39c?s=96&d=mm&r=g","caption":"haberkuzey"},"sameAs":["https:\/\/haberkuzey.com"],"url":"https:\/\/haberkuzey.com\/index.php\/author\/haberkuzey\/"}]}},"_links":{"self":[{"href":"https:\/\/haberkuzey.com\/index.php\/wp-json\/wp\/v2\/posts\/35204","targetHints":{"allow":["GET"]}}],"collection":[{"href":"https:\/\/haberkuzey.com\/index.php\/wp-json\/wp\/v2\/posts"}],"about":[{"href":"https:\/\/haberkuzey.com\/index.php\/wp-json\/wp\/v2\/types\/post"}],"author":[{"embeddable":true,"href":"https:\/\/haberkuzey.com\/index.php\/wp-json\/wp\/v2\/users\/1"}],"replies":[{"embeddable":true,"href":"https:\/\/haberkuzey.com\/index.php\/wp-json\/wp\/v2\/comments?post=35204"}],"version-history":[{"count":0,"href":"https:\/\/haberkuzey.com\/index.php\/wp-json\/wp\/v2\/posts\/35204\/revisions"}],"wp:featuredmedia":[{"embeddable":true,"href":"https:\/\/haberkuzey.com\/index.php\/wp-json\/wp\/v2\/media\/35205"}],"wp:attachment":[{"href":"https:\/\/haberkuzey.com\/index.php\/wp-json\/wp\/v2\/media?parent=35204"}],"wp:term":[{"taxonomy":"category","embeddable":true,"href":"https:\/\/haberkuzey.com\/index.php\/wp-json\/wp\/v2\/categories?post=35204"},{"taxonomy":"post_tag","embeddable":true,"href":"https:\/\/haberkuzey.com\/index.php\/wp-json\/wp\/v2\/tags?post=35204"}],"curies":[{"name":"wp","href":"https:\/\/api.w.org\/{rel}","templated":true}]}}