{"id":35198,"date":"2026-03-11T18:04:06","date_gmt":"2026-03-11T16:04:06","guid":{"rendered":"https:\/\/haberkuzey.com\/index.php\/2026\/03\/11\/cocuklara-doga-kuslar-ve-ekosistem-uzerine-egitim-verilecek\/"},"modified":"2026-03-11T18:04:06","modified_gmt":"2026-03-11T16:04:06","slug":"cocuklara-doga-kuslar-ve-ekosistem-uzerine-egitim-verilecek","status":"publish","type":"post","link":"https:\/\/haberkuzey.com\/index.php\/2026\/03\/11\/cocuklara-doga-kuslar-ve-ekosistem-uzerine-egitim-verilecek\/","title":{"rendered":"\u00c7ocuklara do\u011fa, ku\u015flar ve ekosistem \u00fczerine e\u011fitim verilecek"},"content":{"rendered":"<p>Amcao\u011flu ayr\u0131ca, b\u00f6lgedeki Ye\u015fil Okullar \u00e7er\u00e7evesinde \u00e7ocuklara do\u011fa, ku\u015flar ve ekosistem \u00fczerine e\u011fitim verilece\u011fini de belirtti.<\/p>\n<p>Bu \u00e7al\u0131\u015fman\u0131n \u00e7evrenin korunmas\u0131na katk\u0131 sa\u011flayaca\u011f\u0131n\u0131 ve \u00e7ocuklarda do\u011fa bilincinin geli\u015fmesine yard\u0131mc\u0131 olaca\u011f\u0131n\u0131 s\u00f6yleyen Amcao\u011flu, projenin hay\u0131rl\u0131 olmas\u0131n\u0131 diledi.<\/p>\n<p>H\u00fcseyin Amcao\u011flu, i\u015f birli\u011finin hayata ge\u00e7mesine katk\u0131 koyan KU\u015eKOR Ba\u015fkan\u0131 Damla Beton ve y\u00f6netim kurulu \u00fcyelerine, belediyenin \u00e7evre dan\u0131\u015fman\u0131 \u015eerife G\u00fcnd\u00fcz\u2019e, Belediye Sa\u011fl\u0131k \u015eube Amiri Veteriner Hekim H\u00fcseyin Menderes\u2019e, s\u00fcrece katk\u0131 koyan Meclis \u00dcyesi Alev Alp\u2019e ve belediye ekiplerine te\u015fekk\u00fcr etti.<\/p>\n<p>Amcao\u011flu, G\u00f6nyeli-Alayk\u00f6y\u2019de s\u00fcrd\u00fcr\u00fclebilir ve do\u011fayla uyumlu projeleri hayata ge\u00e7irmeye devam edeceklerini de s\u00f6zlerine ekledi.<\/p>\n<p>\u00c7ocuklara do\u011fa, ku\u015flar ve ekosistem \u00fczerine e\u011fitim verilecek yaz\u0131s\u0131 ilk \u00f6nce K\u0131br\u0131s Hakikat \u00fczerinde ortaya \u00e7\u0131kt\u0131.<\/p>\n","protected":false},"excerpt":{"rendered":"<p>Amcao\u011flu ayr\u0131ca, b\u00f6lgedeki Ye\u015fil Okullar \u00e7er\u00e7evesinde \u00e7ocuklara do\u011fa, ku\u015flar ve ekosistem \u00fczerine e\u011fitim verilece\u011fini de belirtti. Bu \u00e7al\u0131\u015fman\u0131n \u00e7evrenin korunmas\u0131na katk\u0131 sa\u011flayaca\u011f\u0131n\u0131 ve \u00e7ocuklarda do\u011fa bilincinin geli\u015fmesine yard\u0131mc\u0131 olaca\u011f\u0131n\u0131 s\u00f6yleyen Amcao\u011flu, projenin hay\u0131rl\u0131 olmas\u0131n\u0131 diledi. H\u00fcseyin Amcao\u011flu, i\u015f birli\u011finin hayata ge\u00e7mesine katk\u0131 koyan KU\u015eKOR Ba\u015fkan\u0131 Damla Beton ve y\u00f6netim kurulu \u00fcyelerine, belediyenin \u00e7evre dan\u0131\u015fman\u0131 \u015eerife [&hellip;]<\/p>\n","protected":false},"author":1,"featured_media":35199,"comment_status":"open","ping_status":"open","sticky":false,"template":"","format":"standard","meta":{"jnews-multi-image_gallery":[],"jnews_single_post":[],"jnews_primary_category":[],"footnotes":""},"categories":[1],"tags":[],"class_list":["post-35198","post","type-post","status-publish","format-standard","has-post-thumbnail","hentry","category-kibris"],"yoast_head":"<!-- This site is optimized with the Yoast SEO plugin v27.5 - https:\/\/yoast.com\/product\/yoast-seo-wordpress\/ -->\n<title>\u00c7ocuklara do\u011fa, ku\u015flar ve ekosistem \u00fczerine e\u011fitim verilecek - Haber Kuzey<\/title>\n<meta name=\"robots\" content=\"index, follow, max-snippet:-1, max-image-preview:large, max-video-preview:-1\" \/>\n<link rel=\"canonical\" href=\"https:\/\/haberkuzey.com\/index.php\/2026\/03\/11\/cocuklara-doga-kuslar-ve-ekosistem-uzerine-egitim-verilecek\/\" \/>\n<meta property=\"og:locale\" content=\"tr_TR\" \/>\n<meta property=\"og:type\" content=\"article\" \/>\n<meta property=\"og:title\" content=\"\u00c7ocuklara do\u011fa, ku\u015flar ve ekosistem \u00fczerine e\u011fitim verilecek - Haber Kuzey\" \/>\n<meta property=\"og:description\" content=\"Amcao\u011flu ayr\u0131ca, b\u00f6lgedeki Ye\u015fil Okullar \u00e7er\u00e7evesinde \u00e7ocuklara do\u011fa, ku\u015flar ve ekosistem \u00fczerine e\u011fitim verilece\u011fini de belirtti. Bu \u00e7al\u0131\u015fman\u0131n \u00e7evrenin korunmas\u0131na katk\u0131 sa\u011flayaca\u011f\u0131n\u0131 ve \u00e7ocuklarda do\u011fa bilincinin geli\u015fmesine yard\u0131mc\u0131 olaca\u011f\u0131n\u0131 s\u00f6yleyen Amcao\u011flu, projenin hay\u0131rl\u0131 olmas\u0131n\u0131 diledi. H\u00fcseyin Amcao\u011flu, i\u015f birli\u011finin hayata ge\u00e7mesine katk\u0131 koyan KU\u015eKOR Ba\u015fkan\u0131 Damla Beton ve y\u00f6netim kurulu \u00fcyelerine, belediyenin \u00e7evre dan\u0131\u015fman\u0131 \u015eerife [&hellip;]\" \/>\n<meta property=\"og:url\" content=\"https:\/\/haberkuzey.com\/index.php\/2026\/03\/11\/cocuklara-doga-kuslar-ve-ekosistem-uzerine-egitim-verilecek\/\" \/>\n<meta property=\"og:site_name\" content=\"Haber Kuzey\" \/>\n<meta property=\"article:published_time\" content=\"2026-03-11T16:04:06+00:00\" \/>\n<meta name=\"author\" content=\"haberkuzey\" \/>\n<meta name=\"twitter:card\" content=\"summary_large_image\" \/>\n<meta name=\"twitter:label1\" content=\"Yazan:\" \/>\n\t<meta name=\"twitter:data1\" content=\"haberkuzey\" \/>\n\t<meta name=\"twitter:label2\" content=\"Tahmini okuma s\u00fcresi\" \/>\n\t<meta name=\"twitter:data2\" content=\"1 dakika\" \/>\n<script type=\"application\/ld+json\" class=\"yoast-schema-graph\">{\"@context\":\"https:\\\/\\\/schema.org\",\"@graph\":[{\"@type\":\"Article\",\"@id\":\"https:\\\/\\\/haberkuzey.com\\\/index.php\\\/2026\\\/03\\\/11\\\/cocuklara-doga-kuslar-ve-ekosistem-uzerine-egitim-verilecek\\\/#article\",\"isPartOf\":{\"@id\":\"https:\\\/\\\/haberkuzey.com\\\/index.php\\\/2026\\\/03\\\/11\\\/cocuklara-doga-kuslar-ve-ekosistem-uzerine-egitim-verilecek\\\/\"},\"author\":{\"name\":\"haberkuzey\",\"@id\":\"https:\\\/\\\/haberkuzey.com\\\/#\\\/schema\\\/person\\\/3372109ec735f9333f4fa47ebb9605ca\"},\"headline\":\"\u00c7ocuklara do\u011fa, ku\u015flar ve ekosistem \u00fczerine e\u011fitim verilecek\",\"datePublished\":\"2026-03-11T16:04:06+00:00\",\"mainEntityOfPage\":{\"@id\":\"https:\\\/\\\/haberkuzey.com\\\/index.php\\\/2026\\\/03\\\/11\\\/cocuklara-doga-kuslar-ve-ekosistem-uzerine-egitim-verilecek\\\/\"},\"wordCount\":174,\"commentCount\":0,\"image\":{\"@id\":\"https:\\\/\\\/haberkuzey.com\\\/index.php\\\/2026\\\/03\\\/11\\\/cocuklara-doga-kuslar-ve-ekosistem-uzerine-egitim-verilecek\\\/#primaryimage\"},\"thumbnailUrl\":\"https:\\\/\\\/haberkuzey.com\\\/wp-content\\\/uploads\\\/2026\\\/03\\\/IMG_8070.webp.webp\",\"articleSection\":[\"K\u0131br\u0131s\"],\"inLanguage\":\"tr\",\"potentialAction\":[{\"@type\":\"CommentAction\",\"name\":\"Comment\",\"target\":[\"https:\\\/\\\/haberkuzey.com\\\/index.php\\\/2026\\\/03\\\/11\\\/cocuklara-doga-kuslar-ve-ekosistem-uzerine-egitim-verilecek\\\/#respond\"]}]},{\"@type\":\"WebPage\",\"@id\":\"https:\\\/\\\/haberkuzey.com\\\/index.php\\\/2026\\\/03\\\/11\\\/cocuklara-doga-kuslar-ve-ekosistem-uzerine-egitim-verilecek\\\/\",\"url\":\"https:\\\/\\\/haberkuzey.com\\\/index.php\\\/2026\\\/03\\\/11\\\/cocuklara-doga-kuslar-ve-ekosistem-uzerine-egitim-verilecek\\\/\",\"name\":\"\u00c7ocuklara do\u011fa, ku\u015flar ve ekosistem \u00fczerine e\u011fitim verilecek - Haber Kuzey\",\"isPartOf\":{\"@id\":\"https:\\\/\\\/haberkuzey.com\\\/#website\"},\"primaryImageOfPage\":{\"@id\":\"https:\\\/\\\/haberkuzey.com\\\/index.php\\\/2026\\\/03\\\/11\\\/cocuklara-doga-kuslar-ve-ekosistem-uzerine-egitim-verilecek\\\/#primaryimage\"},\"image\":{\"@id\":\"https:\\\/\\\/haberkuzey.com\\\/index.php\\\/2026\\\/03\\\/11\\\/cocuklara-doga-kuslar-ve-ekosistem-uzerine-egitim-verilecek\\\/#primaryimage\"},\"thumbnailUrl\":\"https:\\\/\\\/haberkuzey.com\\\/wp-content\\\/uploads\\\/2026\\\/03\\\/IMG_8070.webp.webp\",\"datePublished\":\"2026-03-11T16:04:06+00:00\",\"author\":{\"@id\":\"https:\\\/\\\/haberkuzey.com\\\/#\\\/schema\\\/person\\\/3372109ec735f9333f4fa47ebb9605ca\"},\"breadcrumb\":{\"@id\":\"https:\\\/\\\/haberkuzey.com\\\/index.php\\\/2026\\\/03\\\/11\\\/cocuklara-doga-kuslar-ve-ekosistem-uzerine-egitim-verilecek\\\/#breadcrumb\"},\"inLanguage\":\"tr\",\"potentialAction\":[{\"@type\":\"ReadAction\",\"target\":[\"https:\\\/\\\/haberkuzey.com\\\/index.php\\\/2026\\\/03\\\/11\\\/cocuklara-doga-kuslar-ve-ekosistem-uzerine-egitim-verilecek\\\/\"]}]},{\"@type\":\"ImageObject\",\"inLanguage\":\"tr\",\"@id\":\"https:\\\/\\\/haberkuzey.com\\\/index.php\\\/2026\\\/03\\\/11\\\/cocuklara-doga-kuslar-ve-ekosistem-uzerine-egitim-verilecek\\\/#primaryimage\",\"url\":\"https:\\\/\\\/haberkuzey.com\\\/wp-content\\\/uploads\\\/2026\\\/03\\\/IMG_8070.webp.webp\",\"contentUrl\":\"https:\\\/\\\/haberkuzey.com\\\/wp-content\\\/uploads\\\/2026\\\/03\\\/IMG_8070.webp.webp\",\"width\":1280,\"height\":720},{\"@type\":\"BreadcrumbList\",\"@id\":\"https:\\\/\\\/haberkuzey.com\\\/index.php\\\/2026\\\/03\\\/11\\\/cocuklara-doga-kuslar-ve-ekosistem-uzerine-egitim-verilecek\\\/#breadcrumb\",\"itemListElement\":[{\"@type\":\"ListItem\",\"position\":1,\"name\":\"Anasayfa\",\"item\":\"https:\\\/\\\/haberkuzey.com\\\/\"},{\"@type\":\"ListItem\",\"position\":2,\"name\":\"\u00c7ocuklara do\u011fa, ku\u015flar ve ekosistem \u00fczerine e\u011fitim verilecek\"}]},{\"@type\":\"WebSite\",\"@id\":\"https:\\\/\\\/haberkuzey.com\\\/#website\",\"url\":\"https:\\\/\\\/haberkuzey.com\\\/\",\"name\":\"Haber Kuzey\",\"description\":\"Do\u011fru Haberin Adresi\",\"potentialAction\":[{\"@type\":\"SearchAction\",\"target\":{\"@type\":\"EntryPoint\",\"urlTemplate\":\"https:\\\/\\\/haberkuzey.com\\\/?s={search_term_string}\"},\"query-input\":{\"@type\":\"PropertyValueSpecification\",\"valueRequired\":true,\"valueName\":\"search_term_string\"}}],\"inLanguage\":\"tr\"},{\"@type\":\"Person\",\"@id\":\"https:\\\/\\\/haberkuzey.com\\\/#\\\/schema\\\/person\\\/3372109ec735f9333f4fa47ebb9605ca\",\"name\":\"haberkuzey\",\"image\":{\"@type\":\"ImageObject\",\"inLanguage\":\"tr\",\"@id\":\"https:\\\/\\\/secure.gravatar.com\\\/avatar\\\/f5fc875574b1575324358c3b9e6a32b8227aa5b74f3fa22e3cadb63e26fcc39c?s=96&d=mm&r=g\",\"url\":\"https:\\\/\\\/secure.gravatar.com\\\/avatar\\\/f5fc875574b1575324358c3b9e6a32b8227aa5b74f3fa22e3cadb63e26fcc39c?s=96&d=mm&r=g\",\"contentUrl\":\"https:\\\/\\\/secure.gravatar.com\\\/avatar\\\/f5fc875574b1575324358c3b9e6a32b8227aa5b74f3fa22e3cadb63e26fcc39c?s=96&d=mm&r=g\",\"caption\":\"haberkuzey\"},\"sameAs\":[\"https:\\\/\\\/haberkuzey.com\"],\"url\":\"https:\\\/\\\/haberkuzey.com\\\/index.php\\\/author\\\/haberkuzey\\\/\"}]}<\/script>\n<!-- \/ Yoast SEO plugin. -->","yoast_head_json":{"title":"\u00c7ocuklara do\u011fa, ku\u015flar ve ekosistem \u00fczerine e\u011fitim verilecek - Haber Kuzey","robots":{"index":"index","follow":"follow","max-snippet":"max-snippet:-1","max-image-preview":"max-image-preview:large","max-video-preview":"max-video-preview:-1"},"canonical":"https:\/\/haberkuzey.com\/index.php\/2026\/03\/11\/cocuklara-doga-kuslar-ve-ekosistem-uzerine-egitim-verilecek\/","og_locale":"tr_TR","og_type":"article","og_title":"\u00c7ocuklara do\u011fa, ku\u015flar ve ekosistem \u00fczerine e\u011fitim verilecek - Haber Kuzey","og_description":"Amcao\u011flu ayr\u0131ca, b\u00f6lgedeki Ye\u015fil Okullar \u00e7er\u00e7evesinde \u00e7ocuklara do\u011fa, ku\u015flar ve ekosistem \u00fczerine e\u011fitim verilece\u011fini de belirtti. Bu \u00e7al\u0131\u015fman\u0131n \u00e7evrenin korunmas\u0131na katk\u0131 sa\u011flayaca\u011f\u0131n\u0131 ve \u00e7ocuklarda do\u011fa bilincinin geli\u015fmesine yard\u0131mc\u0131 olaca\u011f\u0131n\u0131 s\u00f6yleyen Amcao\u011flu, projenin hay\u0131rl\u0131 olmas\u0131n\u0131 diledi. H\u00fcseyin Amcao\u011flu, i\u015f birli\u011finin hayata ge\u00e7mesine katk\u0131 koyan KU\u015eKOR Ba\u015fkan\u0131 Damla Beton ve y\u00f6netim kurulu \u00fcyelerine, belediyenin \u00e7evre dan\u0131\u015fman\u0131 \u015eerife [&hellip;]","og_url":"https:\/\/haberkuzey.com\/index.php\/2026\/03\/11\/cocuklara-doga-kuslar-ve-ekosistem-uzerine-egitim-verilecek\/","og_site_name":"Haber Kuzey","article_published_time":"2026-03-11T16:04:06+00:00","author":"haberkuzey","twitter_card":"summary_large_image","twitter_misc":{"Yazan:":"haberkuzey","Tahmini okuma s\u00fcresi":"1 dakika"},"schema":{"@context":"https:\/\/schema.org","@graph":[{"@type":"Article","@id":"https:\/\/haberkuzey.com\/index.php\/2026\/03\/11\/cocuklara-doga-kuslar-ve-ekosistem-uzerine-egitim-verilecek\/#article","isPartOf":{"@id":"https:\/\/haberkuzey.com\/index.php\/2026\/03\/11\/cocuklara-doga-kuslar-ve-ekosistem-uzerine-egitim-verilecek\/"},"author":{"name":"haberkuzey","@id":"https:\/\/haberkuzey.com\/#\/schema\/person\/3372109ec735f9333f4fa47ebb9605ca"},"headline":"\u00c7ocuklara do\u011fa, ku\u015flar ve ekosistem \u00fczerine e\u011fitim verilecek","datePublished":"2026-03-11T16:04:06+00:00","mainEntityOfPage":{"@id":"https:\/\/haberkuzey.com\/index.php\/2026\/03\/11\/cocuklara-doga-kuslar-ve-ekosistem-uzerine-egitim-verilecek\/"},"wordCount":174,"commentCount":0,"image":{"@id":"https:\/\/haberkuzey.com\/index.php\/2026\/03\/11\/cocuklara-doga-kuslar-ve-ekosistem-uzerine-egitim-verilecek\/#primaryimage"},"thumbnailUrl":"https:\/\/haberkuzey.com\/wp-content\/uploads\/2026\/03\/IMG_8070.webp.webp","articleSection":["K\u0131br\u0131s"],"inLanguage":"tr","potentialAction":[{"@type":"CommentAction","name":"Comment","target":["https:\/\/haberkuzey.com\/index.php\/2026\/03\/11\/cocuklara-doga-kuslar-ve-ekosistem-uzerine-egitim-verilecek\/#respond"]}]},{"@type":"WebPage","@id":"https:\/\/haberkuzey.com\/index.php\/2026\/03\/11\/cocuklara-doga-kuslar-ve-ekosistem-uzerine-egitim-verilecek\/","url":"https:\/\/haberkuzey.com\/index.php\/2026\/03\/11\/cocuklara-doga-kuslar-ve-ekosistem-uzerine-egitim-verilecek\/","name":"\u00c7ocuklara do\u011fa, ku\u015flar ve ekosistem \u00fczerine e\u011fitim verilecek - Haber Kuzey","isPartOf":{"@id":"https:\/\/haberkuzey.com\/#website"},"primaryImageOfPage":{"@id":"https:\/\/haberkuzey.com\/index.php\/2026\/03\/11\/cocuklara-doga-kuslar-ve-ekosistem-uzerine-egitim-verilecek\/#primaryimage"},"image":{"@id":"https:\/\/haberkuzey.com\/index.php\/2026\/03\/11\/cocuklara-doga-kuslar-ve-ekosistem-uzerine-egitim-verilecek\/#primaryimage"},"thumbnailUrl":"https:\/\/haberkuzey.com\/wp-content\/uploads\/2026\/03\/IMG_8070.webp.webp","datePublished":"2026-03-11T16:04:06+00:00","author":{"@id":"https:\/\/haberkuzey.com\/#\/schema\/person\/3372109ec735f9333f4fa47ebb9605ca"},"breadcrumb":{"@id":"https:\/\/haberkuzey.com\/index.php\/2026\/03\/11\/cocuklara-doga-kuslar-ve-ekosistem-uzerine-egitim-verilecek\/#breadcrumb"},"inLanguage":"tr","potentialAction":[{"@type":"ReadAction","target":["https:\/\/haberkuzey.com\/index.php\/2026\/03\/11\/cocuklara-doga-kuslar-ve-ekosistem-uzerine-egitim-verilecek\/"]}]},{"@type":"ImageObject","inLanguage":"tr","@id":"https:\/\/haberkuzey.com\/index.php\/2026\/03\/11\/cocuklara-doga-kuslar-ve-ekosistem-uzerine-egitim-verilecek\/#primaryimage","url":"https:\/\/haberkuzey.com\/wp-content\/uploads\/2026\/03\/IMG_8070.webp.webp","contentUrl":"https:\/\/haberkuzey.com\/wp-content\/uploads\/2026\/03\/IMG_8070.webp.webp","width":1280,"height":720},{"@type":"BreadcrumbList","@id":"https:\/\/haberkuzey.com\/index.php\/2026\/03\/11\/cocuklara-doga-kuslar-ve-ekosistem-uzerine-egitim-verilecek\/#breadcrumb","itemListElement":[{"@type":"ListItem","position":1,"name":"Anasayfa","item":"https:\/\/haberkuzey.com\/"},{"@type":"ListItem","position":2,"name":"\u00c7ocuklara do\u011fa, ku\u015flar ve ekosistem \u00fczerine e\u011fitim verilecek"}]},{"@type":"WebSite","@id":"https:\/\/haberkuzey.com\/#website","url":"https:\/\/haberkuzey.com\/","name":"Haber Kuzey","description":"Do\u011fru Haberin Adresi","potentialAction":[{"@type":"SearchAction","target":{"@type":"EntryPoint","urlTemplate":"https:\/\/haberkuzey.com\/?s={search_term_string}"},"query-input":{"@type":"PropertyValueSpecification","valueRequired":true,"valueName":"search_term_string"}}],"inLanguage":"tr"},{"@type":"Person","@id":"https:\/\/haberkuzey.com\/#\/schema\/person\/3372109ec735f9333f4fa47ebb9605ca","name":"haberkuzey","image":{"@type":"ImageObject","inLanguage":"tr","@id":"https:\/\/secure.gravatar.com\/avatar\/f5fc875574b1575324358c3b9e6a32b8227aa5b74f3fa22e3cadb63e26fcc39c?s=96&d=mm&r=g","url":"https:\/\/secure.gravatar.com\/avatar\/f5fc875574b1575324358c3b9e6a32b8227aa5b74f3fa22e3cadb63e26fcc39c?s=96&d=mm&r=g","contentUrl":"https:\/\/secure.gravatar.com\/avatar\/f5fc875574b1575324358c3b9e6a32b8227aa5b74f3fa22e3cadb63e26fcc39c?s=96&d=mm&r=g","caption":"haberkuzey"},"sameAs":["https:\/\/haberkuzey.com"],"url":"https:\/\/haberkuzey.com\/index.php\/author\/haberkuzey\/"}]}},"_links":{"self":[{"href":"https:\/\/haberkuzey.com\/index.php\/wp-json\/wp\/v2\/posts\/35198","targetHints":{"allow":["GET"]}}],"collection":[{"href":"https:\/\/haberkuzey.com\/index.php\/wp-json\/wp\/v2\/posts"}],"about":[{"href":"https:\/\/haberkuzey.com\/index.php\/wp-json\/wp\/v2\/types\/post"}],"author":[{"embeddable":true,"href":"https:\/\/haberkuzey.com\/index.php\/wp-json\/wp\/v2\/users\/1"}],"replies":[{"embeddable":true,"href":"https:\/\/haberkuzey.com\/index.php\/wp-json\/wp\/v2\/comments?post=35198"}],"version-history":[{"count":0,"href":"https:\/\/haberkuzey.com\/index.php\/wp-json\/wp\/v2\/posts\/35198\/revisions"}],"wp:featuredmedia":[{"embeddable":true,"href":"https:\/\/haberkuzey.com\/index.php\/wp-json\/wp\/v2\/media\/35199"}],"wp:attachment":[{"href":"https:\/\/haberkuzey.com\/index.php\/wp-json\/wp\/v2\/media?parent=35198"}],"wp:term":[{"taxonomy":"category","embeddable":true,"href":"https:\/\/haberkuzey.com\/index.php\/wp-json\/wp\/v2\/categories?post=35198"},{"taxonomy":"post_tag","embeddable":true,"href":"https:\/\/haberkuzey.com\/index.php\/wp-json\/wp\/v2\/tags?post=35198"}],"curies":[{"name":"wp","href":"https:\/\/api.w.org\/{rel}","templated":true}]}}