{"id":35190,"date":"2026-03-11T15:07:28","date_gmt":"2026-03-11T13:07:28","guid":{"rendered":"https:\/\/haberkuzey.com\/index.php\/2026\/03\/11\/erhurman-genclik-federasyonu-ile-gorustu-genclerden-gelen-elestiriler-ve-katkilar-cok-kiymetli\/"},"modified":"2026-03-11T15:07:28","modified_gmt":"2026-03-11T13:07:28","slug":"erhurman-genclik-federasyonu-ile-gorustu-genclerden-gelen-elestiriler-ve-katkilar-cok-kiymetli","status":"publish","type":"post","link":"https:\/\/haberkuzey.com\/index.php\/2026\/03\/11\/erhurman-genclik-federasyonu-ile-gorustu-genclerden-gelen-elestiriler-ve-katkilar-cok-kiymetli\/","title":{"rendered":"Erh\u00fcrman, Gen\u00e7lik Federasyonu ile g\u00f6r\u00fc\u015ft\u00fc: Gen\u00e7lerden gelen ele\u015ftiriler ve katk\u0131lar \u00e7ok k\u0131ymetli"},"content":{"rendered":"<p>Cumhurba\u015fkan\u0131 \u00a0Tufan Erh\u00fcrman Gen\u00e7lik Federasyonu\u2019nun medyada yer alan ele\u015ftirilerine ili\u015fkin de\u011ferlendirmede bulundu.<\/p>\n<p>Cumhurba\u015fkan\u0131 Erh\u00fcrman&#8217;\u0131n payla\u015f\u0131m\u0131n\u0131n tamam\u0131 \u015fu \u015fekilde:<\/p>\n<p>&#8220;Gen\u00e7lik Federasyonu&#8217;ndan arkada\u015flar\u0131m\u0131z\u0131n medyada yer alan ele\u015ftirilerini okudum.<\/p>\n<p>Toplumun t\u00fcm kesimlerinden, \u00f6zellikle de gen\u00e7 arkada\u015flar\u0131mdan gelen ele\u015ftiriler ve katk\u0131lar benim i\u00e7in \u00e7ok k\u0131ymetli.<\/p>\n<p>Bug\u00fcn y\u00fcz y\u00fcze g\u00f6r\u00fc\u015fme ve onlar\u0131 do\u011frudan dinleme f\u0131rsat\u0131 da buldum. \u00dclkemiz, halk\u0131m\u0131z, gen\u00e7lerimiz ve \u00e7ocuklar\u0131m\u0131z i\u00e7in hep birlikte \u00e7al\u0131\u015fmaya devam edece\u011fiz&#8221;<\/p>\n<p>Erh\u00fcrman, Gen\u00e7lik Federasyonu ile g\u00f6r\u00fc\u015ft\u00fc: Gen\u00e7lerden gelen ele\u015ftiriler ve katk\u0131lar \u00e7ok k\u0131ymetli yaz\u0131s\u0131 ilk \u00f6nce K\u0131br\u0131s Hakikat \u00fczerinde ortaya \u00e7\u0131kt\u0131.<\/p>\n","protected":false},"excerpt":{"rendered":"<p>Cumhurba\u015fkan\u0131 \u00a0Tufan Erh\u00fcrman Gen\u00e7lik Federasyonu\u2019nun medyada yer alan ele\u015ftirilerine ili\u015fkin de\u011ferlendirmede bulundu. Cumhurba\u015fkan\u0131 Erh\u00fcrman&#8217;\u0131n payla\u015f\u0131m\u0131n\u0131n tamam\u0131 \u015fu \u015fekilde: &#8220;Gen\u00e7lik Federasyonu&#8217;ndan arkada\u015flar\u0131m\u0131z\u0131n medyada yer alan ele\u015ftirilerini okudum. Toplumun t\u00fcm kesimlerinden, \u00f6zellikle de gen\u00e7 arkada\u015flar\u0131mdan gelen ele\u015ftiriler ve katk\u0131lar benim i\u00e7in \u00e7ok k\u0131ymetli. Bug\u00fcn y\u00fcz y\u00fcze g\u00f6r\u00fc\u015fme ve onlar\u0131 do\u011frudan dinleme f\u0131rsat\u0131 da buldum. \u00dclkemiz, halk\u0131m\u0131z, gen\u00e7lerimiz [&hellip;]<\/p>\n","protected":false},"author":1,"featured_media":35191,"comment_status":"open","ping_status":"open","sticky":false,"template":"","format":"standard","meta":{"jnews-multi-image_gallery":[],"jnews_single_post":[],"jnews_primary_category":[],"footnotes":""},"categories":[1],"tags":[],"class_list":["post-35190","post","type-post","status-publish","format-standard","has-post-thumbnail","hentry","category-kibris"],"yoast_head":"<!-- This site is optimized with the Yoast SEO plugin v27.5 - https:\/\/yoast.com\/product\/yoast-seo-wordpress\/ -->\n<title>Erh\u00fcrman, Gen\u00e7lik Federasyonu ile g\u00f6r\u00fc\u015ft\u00fc: Gen\u00e7lerden gelen ele\u015ftiriler ve katk\u0131lar \u00e7ok k\u0131ymetli - Haber Kuzey<\/title>\n<meta name=\"robots\" content=\"index, follow, max-snippet:-1, max-image-preview:large, max-video-preview:-1\" \/>\n<link rel=\"canonical\" href=\"https:\/\/haberkuzey.com\/index.php\/2026\/03\/11\/erhurman-genclik-federasyonu-ile-gorustu-genclerden-gelen-elestiriler-ve-katkilar-cok-kiymetli\/\" \/>\n<meta property=\"og:locale\" content=\"tr_TR\" \/>\n<meta property=\"og:type\" content=\"article\" \/>\n<meta property=\"og:title\" content=\"Erh\u00fcrman, Gen\u00e7lik Federasyonu ile g\u00f6r\u00fc\u015ft\u00fc: Gen\u00e7lerden gelen ele\u015ftiriler ve katk\u0131lar \u00e7ok k\u0131ymetli - Haber Kuzey\" \/>\n<meta property=\"og:description\" content=\"Cumhurba\u015fkan\u0131 \u00a0Tufan Erh\u00fcrman Gen\u00e7lik Federasyonu\u2019nun medyada yer alan ele\u015ftirilerine ili\u015fkin de\u011ferlendirmede bulundu. Cumhurba\u015fkan\u0131 Erh\u00fcrman&#8217;\u0131n payla\u015f\u0131m\u0131n\u0131n tamam\u0131 \u015fu \u015fekilde: &#8220;Gen\u00e7lik Federasyonu&#8217;ndan arkada\u015flar\u0131m\u0131z\u0131n medyada yer alan ele\u015ftirilerini okudum. Toplumun t\u00fcm kesimlerinden, \u00f6zellikle de gen\u00e7 arkada\u015flar\u0131mdan gelen ele\u015ftiriler ve katk\u0131lar benim i\u00e7in \u00e7ok k\u0131ymetli. Bug\u00fcn y\u00fcz y\u00fcze g\u00f6r\u00fc\u015fme ve onlar\u0131 do\u011frudan dinleme f\u0131rsat\u0131 da buldum. \u00dclkemiz, halk\u0131m\u0131z, gen\u00e7lerimiz [&hellip;]\" \/>\n<meta property=\"og:url\" content=\"https:\/\/haberkuzey.com\/index.php\/2026\/03\/11\/erhurman-genclik-federasyonu-ile-gorustu-genclerden-gelen-elestiriler-ve-katkilar-cok-kiymetli\/\" \/>\n<meta property=\"og:site_name\" content=\"Haber Kuzey\" \/>\n<meta property=\"article:published_time\" content=\"2026-03-11T13:07:28+00:00\" \/>\n<meta name=\"author\" content=\"haberkuzey\" \/>\n<meta name=\"twitter:card\" content=\"summary_large_image\" \/>\n<meta name=\"twitter:label1\" content=\"Yazan:\" \/>\n\t<meta name=\"twitter:data1\" content=\"haberkuzey\" \/>\n\t<meta name=\"twitter:label2\" content=\"Tahmini okuma s\u00fcresi\" \/>\n\t<meta name=\"twitter:data2\" content=\"1 dakika\" \/>\n<script type=\"application\/ld+json\" class=\"yoast-schema-graph\">{\"@context\":\"https:\\\/\\\/schema.org\",\"@graph\":[{\"@type\":\"Article\",\"@id\":\"https:\\\/\\\/haberkuzey.com\\\/index.php\\\/2026\\\/03\\\/11\\\/erhurman-genclik-federasyonu-ile-gorustu-genclerden-gelen-elestiriler-ve-katkilar-cok-kiymetli\\\/#article\",\"isPartOf\":{\"@id\":\"https:\\\/\\\/haberkuzey.com\\\/index.php\\\/2026\\\/03\\\/11\\\/erhurman-genclik-federasyonu-ile-gorustu-genclerden-gelen-elestiriler-ve-katkilar-cok-kiymetli\\\/\"},\"author\":{\"name\":\"haberkuzey\",\"@id\":\"https:\\\/\\\/haberkuzey.com\\\/#\\\/schema\\\/person\\\/3372109ec735f9333f4fa47ebb9605ca\"},\"headline\":\"Erh\u00fcrman, Gen\u00e7lik Federasyonu ile g\u00f6r\u00fc\u015ft\u00fc: Gen\u00e7lerden gelen ele\u015ftiriler ve katk\u0131lar \u00e7ok k\u0131ymetli\",\"datePublished\":\"2026-03-11T13:07:28+00:00\",\"mainEntityOfPage\":{\"@id\":\"https:\\\/\\\/haberkuzey.com\\\/index.php\\\/2026\\\/03\\\/11\\\/erhurman-genclik-federasyonu-ile-gorustu-genclerden-gelen-elestiriler-ve-katkilar-cok-kiymetli\\\/\"},\"wordCount\":156,\"commentCount\":0,\"image\":{\"@id\":\"https:\\\/\\\/haberkuzey.com\\\/index.php\\\/2026\\\/03\\\/11\\\/erhurman-genclik-federasyonu-ile-gorustu-genclerden-gelen-elestiriler-ve-katkilar-cok-kiymetli\\\/#primaryimage\"},\"thumbnailUrl\":\"https:\\\/\\\/haberkuzey.com\\\/wp-content\\\/uploads\\\/2026\\\/03\\\/IMG_8061.webp.webp\",\"articleSection\":[\"K\u0131br\u0131s\"],\"inLanguage\":\"tr\",\"potentialAction\":[{\"@type\":\"CommentAction\",\"name\":\"Comment\",\"target\":[\"https:\\\/\\\/haberkuzey.com\\\/index.php\\\/2026\\\/03\\\/11\\\/erhurman-genclik-federasyonu-ile-gorustu-genclerden-gelen-elestiriler-ve-katkilar-cok-kiymetli\\\/#respond\"]}]},{\"@type\":\"WebPage\",\"@id\":\"https:\\\/\\\/haberkuzey.com\\\/index.php\\\/2026\\\/03\\\/11\\\/erhurman-genclik-federasyonu-ile-gorustu-genclerden-gelen-elestiriler-ve-katkilar-cok-kiymetli\\\/\",\"url\":\"https:\\\/\\\/haberkuzey.com\\\/index.php\\\/2026\\\/03\\\/11\\\/erhurman-genclik-federasyonu-ile-gorustu-genclerden-gelen-elestiriler-ve-katkilar-cok-kiymetli\\\/\",\"name\":\"Erh\u00fcrman, Gen\u00e7lik Federasyonu ile g\u00f6r\u00fc\u015ft\u00fc: Gen\u00e7lerden gelen ele\u015ftiriler ve katk\u0131lar \u00e7ok k\u0131ymetli - Haber Kuzey\",\"isPartOf\":{\"@id\":\"https:\\\/\\\/haberkuzey.com\\\/#website\"},\"primaryImageOfPage\":{\"@id\":\"https:\\\/\\\/haberkuzey.com\\\/index.php\\\/2026\\\/03\\\/11\\\/erhurman-genclik-federasyonu-ile-gorustu-genclerden-gelen-elestiriler-ve-katkilar-cok-kiymetli\\\/#primaryimage\"},\"image\":{\"@id\":\"https:\\\/\\\/haberkuzey.com\\\/index.php\\\/2026\\\/03\\\/11\\\/erhurman-genclik-federasyonu-ile-gorustu-genclerden-gelen-elestiriler-ve-katkilar-cok-kiymetli\\\/#primaryimage\"},\"thumbnailUrl\":\"https:\\\/\\\/haberkuzey.com\\\/wp-content\\\/uploads\\\/2026\\\/03\\\/IMG_8061.webp.webp\",\"datePublished\":\"2026-03-11T13:07:28+00:00\",\"author\":{\"@id\":\"https:\\\/\\\/haberkuzey.com\\\/#\\\/schema\\\/person\\\/3372109ec735f9333f4fa47ebb9605ca\"},\"breadcrumb\":{\"@id\":\"https:\\\/\\\/haberkuzey.com\\\/index.php\\\/2026\\\/03\\\/11\\\/erhurman-genclik-federasyonu-ile-gorustu-genclerden-gelen-elestiriler-ve-katkilar-cok-kiymetli\\\/#breadcrumb\"},\"inLanguage\":\"tr\",\"potentialAction\":[{\"@type\":\"ReadAction\",\"target\":[\"https:\\\/\\\/haberkuzey.com\\\/index.php\\\/2026\\\/03\\\/11\\\/erhurman-genclik-federasyonu-ile-gorustu-genclerden-gelen-elestiriler-ve-katkilar-cok-kiymetli\\\/\"]}]},{\"@type\":\"ImageObject\",\"inLanguage\":\"tr\",\"@id\":\"https:\\\/\\\/haberkuzey.com\\\/index.php\\\/2026\\\/03\\\/11\\\/erhurman-genclik-federasyonu-ile-gorustu-genclerden-gelen-elestiriler-ve-katkilar-cok-kiymetli\\\/#primaryimage\",\"url\":\"https:\\\/\\\/haberkuzey.com\\\/wp-content\\\/uploads\\\/2026\\\/03\\\/IMG_8061.webp.webp\",\"contentUrl\":\"https:\\\/\\\/haberkuzey.com\\\/wp-content\\\/uploads\\\/2026\\\/03\\\/IMG_8061.webp.webp\",\"width\":971,\"height\":551},{\"@type\":\"BreadcrumbList\",\"@id\":\"https:\\\/\\\/haberkuzey.com\\\/index.php\\\/2026\\\/03\\\/11\\\/erhurman-genclik-federasyonu-ile-gorustu-genclerden-gelen-elestiriler-ve-katkilar-cok-kiymetli\\\/#breadcrumb\",\"itemListElement\":[{\"@type\":\"ListItem\",\"position\":1,\"name\":\"Anasayfa\",\"item\":\"https:\\\/\\\/haberkuzey.com\\\/\"},{\"@type\":\"ListItem\",\"position\":2,\"name\":\"Erh\u00fcrman, Gen\u00e7lik Federasyonu ile g\u00f6r\u00fc\u015ft\u00fc: Gen\u00e7lerden gelen ele\u015ftiriler ve katk\u0131lar \u00e7ok k\u0131ymetli\"}]},{\"@type\":\"WebSite\",\"@id\":\"https:\\\/\\\/haberkuzey.com\\\/#website\",\"url\":\"https:\\\/\\\/haberkuzey.com\\\/\",\"name\":\"Haber Kuzey\",\"description\":\"Do\u011fru Haberin Adresi\",\"potentialAction\":[{\"@type\":\"SearchAction\",\"target\":{\"@type\":\"EntryPoint\",\"urlTemplate\":\"https:\\\/\\\/haberkuzey.com\\\/?s={search_term_string}\"},\"query-input\":{\"@type\":\"PropertyValueSpecification\",\"valueRequired\":true,\"valueName\":\"search_term_string\"}}],\"inLanguage\":\"tr\"},{\"@type\":\"Person\",\"@id\":\"https:\\\/\\\/haberkuzey.com\\\/#\\\/schema\\\/person\\\/3372109ec735f9333f4fa47ebb9605ca\",\"name\":\"haberkuzey\",\"image\":{\"@type\":\"ImageObject\",\"inLanguage\":\"tr\",\"@id\":\"https:\\\/\\\/secure.gravatar.com\\\/avatar\\\/f5fc875574b1575324358c3b9e6a32b8227aa5b74f3fa22e3cadb63e26fcc39c?s=96&d=mm&r=g\",\"url\":\"https:\\\/\\\/secure.gravatar.com\\\/avatar\\\/f5fc875574b1575324358c3b9e6a32b8227aa5b74f3fa22e3cadb63e26fcc39c?s=96&d=mm&r=g\",\"contentUrl\":\"https:\\\/\\\/secure.gravatar.com\\\/avatar\\\/f5fc875574b1575324358c3b9e6a32b8227aa5b74f3fa22e3cadb63e26fcc39c?s=96&d=mm&r=g\",\"caption\":\"haberkuzey\"},\"sameAs\":[\"https:\\\/\\\/haberkuzey.com\"],\"url\":\"https:\\\/\\\/haberkuzey.com\\\/index.php\\\/author\\\/haberkuzey\\\/\"}]}<\/script>\n<!-- \/ Yoast SEO plugin. -->","yoast_head_json":{"title":"Erh\u00fcrman, Gen\u00e7lik Federasyonu ile g\u00f6r\u00fc\u015ft\u00fc: Gen\u00e7lerden gelen ele\u015ftiriler ve katk\u0131lar \u00e7ok k\u0131ymetli - Haber Kuzey","robots":{"index":"index","follow":"follow","max-snippet":"max-snippet:-1","max-image-preview":"max-image-preview:large","max-video-preview":"max-video-preview:-1"},"canonical":"https:\/\/haberkuzey.com\/index.php\/2026\/03\/11\/erhurman-genclik-federasyonu-ile-gorustu-genclerden-gelen-elestiriler-ve-katkilar-cok-kiymetli\/","og_locale":"tr_TR","og_type":"article","og_title":"Erh\u00fcrman, Gen\u00e7lik Federasyonu ile g\u00f6r\u00fc\u015ft\u00fc: Gen\u00e7lerden gelen ele\u015ftiriler ve katk\u0131lar \u00e7ok k\u0131ymetli - Haber Kuzey","og_description":"Cumhurba\u015fkan\u0131 \u00a0Tufan Erh\u00fcrman Gen\u00e7lik Federasyonu\u2019nun medyada yer alan ele\u015ftirilerine ili\u015fkin de\u011ferlendirmede bulundu. Cumhurba\u015fkan\u0131 Erh\u00fcrman&#8217;\u0131n payla\u015f\u0131m\u0131n\u0131n tamam\u0131 \u015fu \u015fekilde: &#8220;Gen\u00e7lik Federasyonu&#8217;ndan arkada\u015flar\u0131m\u0131z\u0131n medyada yer alan ele\u015ftirilerini okudum. Toplumun t\u00fcm kesimlerinden, \u00f6zellikle de gen\u00e7 arkada\u015flar\u0131mdan gelen ele\u015ftiriler ve katk\u0131lar benim i\u00e7in \u00e7ok k\u0131ymetli. Bug\u00fcn y\u00fcz y\u00fcze g\u00f6r\u00fc\u015fme ve onlar\u0131 do\u011frudan dinleme f\u0131rsat\u0131 da buldum. \u00dclkemiz, halk\u0131m\u0131z, gen\u00e7lerimiz [&hellip;]","og_url":"https:\/\/haberkuzey.com\/index.php\/2026\/03\/11\/erhurman-genclik-federasyonu-ile-gorustu-genclerden-gelen-elestiriler-ve-katkilar-cok-kiymetli\/","og_site_name":"Haber Kuzey","article_published_time":"2026-03-11T13:07:28+00:00","author":"haberkuzey","twitter_card":"summary_large_image","twitter_misc":{"Yazan:":"haberkuzey","Tahmini okuma s\u00fcresi":"1 dakika"},"schema":{"@context":"https:\/\/schema.org","@graph":[{"@type":"Article","@id":"https:\/\/haberkuzey.com\/index.php\/2026\/03\/11\/erhurman-genclik-federasyonu-ile-gorustu-genclerden-gelen-elestiriler-ve-katkilar-cok-kiymetli\/#article","isPartOf":{"@id":"https:\/\/haberkuzey.com\/index.php\/2026\/03\/11\/erhurman-genclik-federasyonu-ile-gorustu-genclerden-gelen-elestiriler-ve-katkilar-cok-kiymetli\/"},"author":{"name":"haberkuzey","@id":"https:\/\/haberkuzey.com\/#\/schema\/person\/3372109ec735f9333f4fa47ebb9605ca"},"headline":"Erh\u00fcrman, Gen\u00e7lik Federasyonu ile g\u00f6r\u00fc\u015ft\u00fc: Gen\u00e7lerden gelen ele\u015ftiriler ve katk\u0131lar \u00e7ok k\u0131ymetli","datePublished":"2026-03-11T13:07:28+00:00","mainEntityOfPage":{"@id":"https:\/\/haberkuzey.com\/index.php\/2026\/03\/11\/erhurman-genclik-federasyonu-ile-gorustu-genclerden-gelen-elestiriler-ve-katkilar-cok-kiymetli\/"},"wordCount":156,"commentCount":0,"image":{"@id":"https:\/\/haberkuzey.com\/index.php\/2026\/03\/11\/erhurman-genclik-federasyonu-ile-gorustu-genclerden-gelen-elestiriler-ve-katkilar-cok-kiymetli\/#primaryimage"},"thumbnailUrl":"https:\/\/haberkuzey.com\/wp-content\/uploads\/2026\/03\/IMG_8061.webp.webp","articleSection":["K\u0131br\u0131s"],"inLanguage":"tr","potentialAction":[{"@type":"CommentAction","name":"Comment","target":["https:\/\/haberkuzey.com\/index.php\/2026\/03\/11\/erhurman-genclik-federasyonu-ile-gorustu-genclerden-gelen-elestiriler-ve-katkilar-cok-kiymetli\/#respond"]}]},{"@type":"WebPage","@id":"https:\/\/haberkuzey.com\/index.php\/2026\/03\/11\/erhurman-genclik-federasyonu-ile-gorustu-genclerden-gelen-elestiriler-ve-katkilar-cok-kiymetli\/","url":"https:\/\/haberkuzey.com\/index.php\/2026\/03\/11\/erhurman-genclik-federasyonu-ile-gorustu-genclerden-gelen-elestiriler-ve-katkilar-cok-kiymetli\/","name":"Erh\u00fcrman, Gen\u00e7lik Federasyonu ile g\u00f6r\u00fc\u015ft\u00fc: Gen\u00e7lerden gelen ele\u015ftiriler ve katk\u0131lar \u00e7ok k\u0131ymetli - Haber Kuzey","isPartOf":{"@id":"https:\/\/haberkuzey.com\/#website"},"primaryImageOfPage":{"@id":"https:\/\/haberkuzey.com\/index.php\/2026\/03\/11\/erhurman-genclik-federasyonu-ile-gorustu-genclerden-gelen-elestiriler-ve-katkilar-cok-kiymetli\/#primaryimage"},"image":{"@id":"https:\/\/haberkuzey.com\/index.php\/2026\/03\/11\/erhurman-genclik-federasyonu-ile-gorustu-genclerden-gelen-elestiriler-ve-katkilar-cok-kiymetli\/#primaryimage"},"thumbnailUrl":"https:\/\/haberkuzey.com\/wp-content\/uploads\/2026\/03\/IMG_8061.webp.webp","datePublished":"2026-03-11T13:07:28+00:00","author":{"@id":"https:\/\/haberkuzey.com\/#\/schema\/person\/3372109ec735f9333f4fa47ebb9605ca"},"breadcrumb":{"@id":"https:\/\/haberkuzey.com\/index.php\/2026\/03\/11\/erhurman-genclik-federasyonu-ile-gorustu-genclerden-gelen-elestiriler-ve-katkilar-cok-kiymetli\/#breadcrumb"},"inLanguage":"tr","potentialAction":[{"@type":"ReadAction","target":["https:\/\/haberkuzey.com\/index.php\/2026\/03\/11\/erhurman-genclik-federasyonu-ile-gorustu-genclerden-gelen-elestiriler-ve-katkilar-cok-kiymetli\/"]}]},{"@type":"ImageObject","inLanguage":"tr","@id":"https:\/\/haberkuzey.com\/index.php\/2026\/03\/11\/erhurman-genclik-federasyonu-ile-gorustu-genclerden-gelen-elestiriler-ve-katkilar-cok-kiymetli\/#primaryimage","url":"https:\/\/haberkuzey.com\/wp-content\/uploads\/2026\/03\/IMG_8061.webp.webp","contentUrl":"https:\/\/haberkuzey.com\/wp-content\/uploads\/2026\/03\/IMG_8061.webp.webp","width":971,"height":551},{"@type":"BreadcrumbList","@id":"https:\/\/haberkuzey.com\/index.php\/2026\/03\/11\/erhurman-genclik-federasyonu-ile-gorustu-genclerden-gelen-elestiriler-ve-katkilar-cok-kiymetli\/#breadcrumb","itemListElement":[{"@type":"ListItem","position":1,"name":"Anasayfa","item":"https:\/\/haberkuzey.com\/"},{"@type":"ListItem","position":2,"name":"Erh\u00fcrman, Gen\u00e7lik Federasyonu ile g\u00f6r\u00fc\u015ft\u00fc: Gen\u00e7lerden gelen ele\u015ftiriler ve katk\u0131lar \u00e7ok k\u0131ymetli"}]},{"@type":"WebSite","@id":"https:\/\/haberkuzey.com\/#website","url":"https:\/\/haberkuzey.com\/","name":"Haber Kuzey","description":"Do\u011fru Haberin Adresi","potentialAction":[{"@type":"SearchAction","target":{"@type":"EntryPoint","urlTemplate":"https:\/\/haberkuzey.com\/?s={search_term_string}"},"query-input":{"@type":"PropertyValueSpecification","valueRequired":true,"valueName":"search_term_string"}}],"inLanguage":"tr"},{"@type":"Person","@id":"https:\/\/haberkuzey.com\/#\/schema\/person\/3372109ec735f9333f4fa47ebb9605ca","name":"haberkuzey","image":{"@type":"ImageObject","inLanguage":"tr","@id":"https:\/\/secure.gravatar.com\/avatar\/f5fc875574b1575324358c3b9e6a32b8227aa5b74f3fa22e3cadb63e26fcc39c?s=96&d=mm&r=g","url":"https:\/\/secure.gravatar.com\/avatar\/f5fc875574b1575324358c3b9e6a32b8227aa5b74f3fa22e3cadb63e26fcc39c?s=96&d=mm&r=g","contentUrl":"https:\/\/secure.gravatar.com\/avatar\/f5fc875574b1575324358c3b9e6a32b8227aa5b74f3fa22e3cadb63e26fcc39c?s=96&d=mm&r=g","caption":"haberkuzey"},"sameAs":["https:\/\/haberkuzey.com"],"url":"https:\/\/haberkuzey.com\/index.php\/author\/haberkuzey\/"}]}},"_links":{"self":[{"href":"https:\/\/haberkuzey.com\/index.php\/wp-json\/wp\/v2\/posts\/35190","targetHints":{"allow":["GET"]}}],"collection":[{"href":"https:\/\/haberkuzey.com\/index.php\/wp-json\/wp\/v2\/posts"}],"about":[{"href":"https:\/\/haberkuzey.com\/index.php\/wp-json\/wp\/v2\/types\/post"}],"author":[{"embeddable":true,"href":"https:\/\/haberkuzey.com\/index.php\/wp-json\/wp\/v2\/users\/1"}],"replies":[{"embeddable":true,"href":"https:\/\/haberkuzey.com\/index.php\/wp-json\/wp\/v2\/comments?post=35190"}],"version-history":[{"count":0,"href":"https:\/\/haberkuzey.com\/index.php\/wp-json\/wp\/v2\/posts\/35190\/revisions"}],"wp:featuredmedia":[{"embeddable":true,"href":"https:\/\/haberkuzey.com\/index.php\/wp-json\/wp\/v2\/media\/35191"}],"wp:attachment":[{"href":"https:\/\/haberkuzey.com\/index.php\/wp-json\/wp\/v2\/media?parent=35190"}],"wp:term":[{"taxonomy":"category","embeddable":true,"href":"https:\/\/haberkuzey.com\/index.php\/wp-json\/wp\/v2\/categories?post=35190"},{"taxonomy":"post_tag","embeddable":true,"href":"https:\/\/haberkuzey.com\/index.php\/wp-json\/wp\/v2\/tags?post=35190"}],"curies":[{"name":"wp","href":"https:\/\/api.w.org\/{rel}","templated":true}]}}