{"id":35186,"date":"2026-03-11T13:23:15","date_gmt":"2026-03-11T11:23:15","guid":{"rendered":"https:\/\/haberkuzey.com\/index.php\/2026\/03\/11\/kktc-ile-turkiyenin-parlamentolar-arasi-dostluk-gruplari-ankarada-bir-araya-geldi\/"},"modified":"2026-03-11T13:23:15","modified_gmt":"2026-03-11T11:23:15","slug":"kktc-ile-turkiyenin-parlamentolar-arasi-dostluk-gruplari-ankarada-bir-araya-geldi","status":"publish","type":"post","link":"https:\/\/haberkuzey.com\/index.php\/2026\/03\/11\/kktc-ile-turkiyenin-parlamentolar-arasi-dostluk-gruplari-ankarada-bir-araya-geldi\/","title":{"rendered":"KKTC ile T\u00fcrkiye\u2019nin parlamentolar aras\u0131 dostluk gruplar\u0131 Ankara\u2019da bir araya geldi"},"content":{"rendered":"<p>Kuzey K\u0131br\u0131s T\u00fcrk Cumhuriyeti ile T\u00fcrkiye&#8217;nin parlamentolar aras\u0131 dostluk gruplar\u0131 Ankara&#8217;da bir araya geldi.<\/p>\n<p>Cumhuriyet Meclisi Bas\u0131n B\u00fcrosu\u2019ndan verilen bilgiye g\u00f6re, KKTC &#8211; T\u00fcrkiye Dostluk Grubu Ba\u015fkan\u0131 UBP Milletvekili Resmiye Ero\u011flu CANALTAY ile T\u00fcrkiye B\u00fcy\u00fck Millet Meclisi (TBMM) T\u00fcrkiye &#8211; Kuzey K\u0131br\u0131s T\u00fcrk Cumhuriyeti Parlamentolar Aras\u0131 Dostluk Grubu Ba\u015fkan\u0131 Orhan Erdem ve Dostluk Grubu \u00fcyeleri TBMM&#8217;de toplant\u0131 ger\u00e7ekle\u015ftirdi.<\/p>\n<p>Toplant\u0131ya, KKTC &#8211; T\u00fcrkiye Dostluk Grubu Ba\u015fkan\u0131 Canaltay\u2019\u0131n yan\u0131 s\u0131ra, Ba\u015fkan Vekili CTP Milletvekili Erkut \u015eahali ile \u00fcyeler CTPMilletvekili Filiz Besim, UBP Milletvekili F\u0131rt\u0131na Karanfil, YDP Milletvekili Talip Atalay, KKTC Ankara B\u00fcy\u00fckel\u00e7isi \u0130smet Koruko\u011flu ile Cumhuriyet Meclisi Genel Sekreteri Seral F\u0131rat kat\u0131ld\u0131.<\/p>\n<p>Grup Ba\u015fkanlar\u0131n a\u00e7\u0131l\u0131\u015f konu\u015fmalar\u0131yla ba\u015flayan toplant\u0131da, b\u00f6lgesel geli\u015fmeler, Do\u011fu Akdeniz\u2019deki g\u00fcvenlik ortam\u0131 ve uluslararas\u0131 g\u00fcndemde \u00f6ne \u00e7\u0131kan konular ele al\u0131n\u0131rken; T\u00fcrkiye ile KKTC aras\u0131ndaki ili\u015fkilerin g\u00fc\u00e7lendirilmesi, parlamentolar aras\u0131 i\u015f birli\u011finin geli\u015ftirilmesi ve kar\u015f\u0131l\u0131kl\u0131 temaslar\u0131n s\u00fcrd\u00fcr\u00fclmesinin \u00f6nemi vurguland\u0131.<\/p>\n<p>ORHAN ERDEM<\/p>\n<p>TBMM T\u00fcrkiye &#8211; KKTC Parlamentolar Aras\u0131 Dostluk Grubu Ba\u015fkan\u0131 Orhan Erdem, konu\u015fmas\u0131nda Do\u011fu Akdeniz\u2019de son d\u00f6nemde ya\u015fanan geli\u015fmelere de\u011finerek, G\u00fcney K\u0131br\u0131s Rum Y\u00f6netimi\u2019nin adan\u0131n tek sahibi gibi hareket ederek ald\u0131\u011f\u0131 baz\u0131 kararlar\u0131n b\u00f6lgede g\u00fcvenlik risklerini art\u0131rd\u0131\u011f\u0131 y\u00f6n\u00fcnde de\u011ferlendirmelerde bulundu.<\/p>\n<p>K\u0131br\u0131s T\u00fcrk halk\u0131n\u0131n hakl\u0131 m\u00fccadelesinin s\u00fcrd\u00fc\u011f\u00fcn\u00fc belirterek T\u00fcrkiye\u2019nin K\u0131br\u0131s T\u00fcrk halk\u0131na verdi\u011fi deste\u011fin devam edece\u011fini dile getiren Erdem, T\u00fcrkiye Cumhurba\u015fkan\u0131 Recep Tayyip Erdo\u011fan\u2019\u0131n Birle\u015fmi\u015f Milletler Genel Kurulu\u2019nda Kuzey K\u0131br\u0131s T\u00fcrk Cumhuriyeti\u2019nin tan\u0131nmas\u0131na y\u00f6nelik yapt\u0131\u011f\u0131 \u00e7a\u011fr\u0131ya da i\u015faret ederek bu konudaki diplomatik giri\u015fimlerin \u00f6nemine dikkat \u00e7ekti.<\/p>\n<p>B\u00f6lgesel geli\u015fmelere de de\u011finen Erdem, Ortado\u011fu\u2019da ya\u015fanan \u00e7at\u0131\u015fmalar ve uluslararas\u0131 gerilimlerin g\u00fcvenlik dengelerini etkiledi\u011fini belirterek, Do\u011fu Akdeniz\u2019de artan askeri hareketlili\u011fin dikkatle takip edildi\u011fini s\u00f6yledi.<\/p>\n<p>Erdem ayr\u0131ca, adada son d\u00f6nemde g\u00fcndeme gelen askeri konu\u015flanmalar ve hava unsurlar\u0131na ili\u015fkin geli\u015fmelere i\u015faret ederek, T\u00fcrkiye\u2019nin K\u0131br\u0131s T\u00fcrk halk\u0131n\u0131n g\u00fcvenli\u011fi konusundaki kararl\u0131 tutumunun s\u00fcrd\u00fc\u011f\u00fcn\u00fc kaydetti.<\/p>\n<p>RESM\u0130YE ERO\u011eLU CANALTAY<\/p>\n<p>KKTC &#8211; T\u00fcrkiye Parlamentolar Aras\u0131 Dostluk Grubu Ba\u015fkan\u0131 Resmiye Ero\u011flu CANALTAY ise konu\u015fmas\u0131nda, T\u00fcrkiye ile Kuzey K\u0131br\u0131s T\u00fcrk Cumhuriyeti aras\u0131ndaki g\u00fc\u00e7l\u00fc ba\u011flara dikkat \u00e7ekti.<\/p>\n<p>Parlamentolar aras\u0131 dostluk gruplar\u0131n\u0131n iki \u00fclke aras\u0131ndaki ili\u015fkilerin geli\u015ftirilmesinde \u00f6nemli rol oynad\u0131\u011f\u0131n\u0131 belirten Canaltay, son d\u00f6nemde Ortado\u011fu\u2019da ya\u015fanan geli\u015fmelere de\u011finerek, bu s\u00fcre\u00e7te T\u00fcrkiye ile Kuzey K\u0131br\u0131s T\u00fcrk Cumhuriyeti aras\u0131ndaki dayan\u0131\u015fman\u0131n \u00f6nemine vurgu yapt\u0131.<\/p>\n<p>KKTC ile T\u00fcrkiye&#8217;nin parlamentolar aras\u0131 dostluk gruplar\u0131 Ankara&#8217;da bir araya geldi yaz\u0131s\u0131 ilk \u00f6nce K\u0131br\u0131s Hakikat \u00fczerinde ortaya \u00e7\u0131kt\u0131.<\/p>\n","protected":false},"excerpt":{"rendered":"<p>Kuzey K\u0131br\u0131s T\u00fcrk Cumhuriyeti ile T\u00fcrkiye&#8217;nin parlamentolar aras\u0131 dostluk gruplar\u0131 Ankara&#8217;da bir araya geldi. Cumhuriyet Meclisi Bas\u0131n B\u00fcrosu\u2019ndan verilen bilgiye g\u00f6re, KKTC &#8211; T\u00fcrkiye Dostluk Grubu Ba\u015fkan\u0131 UBP Milletvekili Resmiye Ero\u011flu CANALTAY ile T\u00fcrkiye B\u00fcy\u00fck Millet Meclisi (TBMM) T\u00fcrkiye &#8211; Kuzey K\u0131br\u0131s T\u00fcrk Cumhuriyeti Parlamentolar Aras\u0131 Dostluk Grubu Ba\u015fkan\u0131 Orhan Erdem ve Dostluk Grubu \u00fcyeleri [&hellip;]<\/p>\n","protected":false},"author":1,"featured_media":35187,"comment_status":"open","ping_status":"open","sticky":false,"template":"","format":"standard","meta":{"jnews-multi-image_gallery":[],"jnews_single_post":[],"jnews_primary_category":[],"footnotes":""},"categories":[1],"tags":[],"class_list":["post-35186","post","type-post","status-publish","format-standard","has-post-thumbnail","hentry","category-kibris"],"yoast_head":"<!-- This site is optimized with the Yoast SEO plugin v27.5 - https:\/\/yoast.com\/product\/yoast-seo-wordpress\/ -->\n<title>KKTC ile T\u00fcrkiye\u2019nin parlamentolar aras\u0131 dostluk gruplar\u0131 Ankara\u2019da bir araya geldi - Haber Kuzey<\/title>\n<meta name=\"robots\" content=\"index, follow, max-snippet:-1, max-image-preview:large, max-video-preview:-1\" \/>\n<link rel=\"canonical\" href=\"https:\/\/haberkuzey.com\/index.php\/2026\/03\/11\/kktc-ile-turkiyenin-parlamentolar-arasi-dostluk-gruplari-ankarada-bir-araya-geldi\/\" \/>\n<meta property=\"og:locale\" content=\"tr_TR\" \/>\n<meta property=\"og:type\" content=\"article\" \/>\n<meta property=\"og:title\" content=\"KKTC ile T\u00fcrkiye\u2019nin parlamentolar aras\u0131 dostluk gruplar\u0131 Ankara\u2019da bir araya geldi - Haber Kuzey\" \/>\n<meta property=\"og:description\" content=\"Kuzey K\u0131br\u0131s T\u00fcrk Cumhuriyeti ile T\u00fcrkiye&#8217;nin parlamentolar aras\u0131 dostluk gruplar\u0131 Ankara&#8217;da bir araya geldi. Cumhuriyet Meclisi Bas\u0131n B\u00fcrosu\u2019ndan verilen bilgiye g\u00f6re, KKTC &#8211; T\u00fcrkiye Dostluk Grubu Ba\u015fkan\u0131 UBP Milletvekili Resmiye Ero\u011flu CANALTAY ile T\u00fcrkiye B\u00fcy\u00fck Millet Meclisi (TBMM) T\u00fcrkiye &#8211; Kuzey K\u0131br\u0131s T\u00fcrk Cumhuriyeti Parlamentolar Aras\u0131 Dostluk Grubu Ba\u015fkan\u0131 Orhan Erdem ve Dostluk Grubu \u00fcyeleri [&hellip;]\" \/>\n<meta property=\"og:url\" content=\"https:\/\/haberkuzey.com\/index.php\/2026\/03\/11\/kktc-ile-turkiyenin-parlamentolar-arasi-dostluk-gruplari-ankarada-bir-araya-geldi\/\" \/>\n<meta property=\"og:site_name\" content=\"Haber Kuzey\" \/>\n<meta property=\"article:published_time\" content=\"2026-03-11T11:23:15+00:00\" \/>\n<meta name=\"author\" content=\"haberkuzey\" \/>\n<meta name=\"twitter:card\" content=\"summary_large_image\" \/>\n<meta name=\"twitter:label1\" content=\"Yazan:\" \/>\n\t<meta name=\"twitter:data1\" content=\"haberkuzey\" \/>\n\t<meta name=\"twitter:label2\" content=\"Tahmini okuma s\u00fcresi\" \/>\n\t<meta name=\"twitter:data2\" content=\"3 dakika\" \/>\n<script type=\"application\/ld+json\" class=\"yoast-schema-graph\">{\"@context\":\"https:\\\/\\\/schema.org\",\"@graph\":[{\"@type\":\"Article\",\"@id\":\"https:\\\/\\\/haberkuzey.com\\\/index.php\\\/2026\\\/03\\\/11\\\/kktc-ile-turkiyenin-parlamentolar-arasi-dostluk-gruplari-ankarada-bir-araya-geldi\\\/#article\",\"isPartOf\":{\"@id\":\"https:\\\/\\\/haberkuzey.com\\\/index.php\\\/2026\\\/03\\\/11\\\/kktc-ile-turkiyenin-parlamentolar-arasi-dostluk-gruplari-ankarada-bir-araya-geldi\\\/\"},\"author\":{\"name\":\"haberkuzey\",\"@id\":\"https:\\\/\\\/haberkuzey.com\\\/#\\\/schema\\\/person\\\/3372109ec735f9333f4fa47ebb9605ca\"},\"headline\":\"KKTC ile T\u00fcrkiye\u2019nin parlamentolar aras\u0131 dostluk gruplar\u0131 Ankara\u2019da bir araya geldi\",\"datePublished\":\"2026-03-11T11:23:15+00:00\",\"mainEntityOfPage\":{\"@id\":\"https:\\\/\\\/haberkuzey.com\\\/index.php\\\/2026\\\/03\\\/11\\\/kktc-ile-turkiyenin-parlamentolar-arasi-dostluk-gruplari-ankarada-bir-araya-geldi\\\/\"},\"wordCount\":557,\"commentCount\":0,\"image\":{\"@id\":\"https:\\\/\\\/haberkuzey.com\\\/index.php\\\/2026\\\/03\\\/11\\\/kktc-ile-turkiyenin-parlamentolar-arasi-dostluk-gruplari-ankarada-bir-araya-geldi\\\/#primaryimage\"},\"thumbnailUrl\":\"https:\\\/\\\/haberkuzey.com\\\/wp-content\\\/uploads\\\/2026\\\/03\\\/IMG_8052.webp.webp\",\"articleSection\":[\"K\u0131br\u0131s\"],\"inLanguage\":\"tr\",\"potentialAction\":[{\"@type\":\"CommentAction\",\"name\":\"Comment\",\"target\":[\"https:\\\/\\\/haberkuzey.com\\\/index.php\\\/2026\\\/03\\\/11\\\/kktc-ile-turkiyenin-parlamentolar-arasi-dostluk-gruplari-ankarada-bir-araya-geldi\\\/#respond\"]}]},{\"@type\":\"WebPage\",\"@id\":\"https:\\\/\\\/haberkuzey.com\\\/index.php\\\/2026\\\/03\\\/11\\\/kktc-ile-turkiyenin-parlamentolar-arasi-dostluk-gruplari-ankarada-bir-araya-geldi\\\/\",\"url\":\"https:\\\/\\\/haberkuzey.com\\\/index.php\\\/2026\\\/03\\\/11\\\/kktc-ile-turkiyenin-parlamentolar-arasi-dostluk-gruplari-ankarada-bir-araya-geldi\\\/\",\"name\":\"KKTC ile T\u00fcrkiye\u2019nin parlamentolar aras\u0131 dostluk gruplar\u0131 Ankara\u2019da bir araya geldi - Haber Kuzey\",\"isPartOf\":{\"@id\":\"https:\\\/\\\/haberkuzey.com\\\/#website\"},\"primaryImageOfPage\":{\"@id\":\"https:\\\/\\\/haberkuzey.com\\\/index.php\\\/2026\\\/03\\\/11\\\/kktc-ile-turkiyenin-parlamentolar-arasi-dostluk-gruplari-ankarada-bir-araya-geldi\\\/#primaryimage\"},\"image\":{\"@id\":\"https:\\\/\\\/haberkuzey.com\\\/index.php\\\/2026\\\/03\\\/11\\\/kktc-ile-turkiyenin-parlamentolar-arasi-dostluk-gruplari-ankarada-bir-araya-geldi\\\/#primaryimage\"},\"thumbnailUrl\":\"https:\\\/\\\/haberkuzey.com\\\/wp-content\\\/uploads\\\/2026\\\/03\\\/IMG_8052.webp.webp\",\"datePublished\":\"2026-03-11T11:23:15+00:00\",\"author\":{\"@id\":\"https:\\\/\\\/haberkuzey.com\\\/#\\\/schema\\\/person\\\/3372109ec735f9333f4fa47ebb9605ca\"},\"breadcrumb\":{\"@id\":\"https:\\\/\\\/haberkuzey.com\\\/index.php\\\/2026\\\/03\\\/11\\\/kktc-ile-turkiyenin-parlamentolar-arasi-dostluk-gruplari-ankarada-bir-araya-geldi\\\/#breadcrumb\"},\"inLanguage\":\"tr\",\"potentialAction\":[{\"@type\":\"ReadAction\",\"target\":[\"https:\\\/\\\/haberkuzey.com\\\/index.php\\\/2026\\\/03\\\/11\\\/kktc-ile-turkiyenin-parlamentolar-arasi-dostluk-gruplari-ankarada-bir-araya-geldi\\\/\"]}]},{\"@type\":\"ImageObject\",\"inLanguage\":\"tr\",\"@id\":\"https:\\\/\\\/haberkuzey.com\\\/index.php\\\/2026\\\/03\\\/11\\\/kktc-ile-turkiyenin-parlamentolar-arasi-dostluk-gruplari-ankarada-bir-araya-geldi\\\/#primaryimage\",\"url\":\"https:\\\/\\\/haberkuzey.com\\\/wp-content\\\/uploads\\\/2026\\\/03\\\/IMG_8052.webp.webp\",\"contentUrl\":\"https:\\\/\\\/haberkuzey.com\\\/wp-content\\\/uploads\\\/2026\\\/03\\\/IMG_8052.webp.webp\",\"width\":971,\"height\":551},{\"@type\":\"BreadcrumbList\",\"@id\":\"https:\\\/\\\/haberkuzey.com\\\/index.php\\\/2026\\\/03\\\/11\\\/kktc-ile-turkiyenin-parlamentolar-arasi-dostluk-gruplari-ankarada-bir-araya-geldi\\\/#breadcrumb\",\"itemListElement\":[{\"@type\":\"ListItem\",\"position\":1,\"name\":\"Anasayfa\",\"item\":\"https:\\\/\\\/haberkuzey.com\\\/\"},{\"@type\":\"ListItem\",\"position\":2,\"name\":\"KKTC ile T\u00fcrkiye\u2019nin parlamentolar aras\u0131 dostluk gruplar\u0131 Ankara\u2019da bir araya geldi\"}]},{\"@type\":\"WebSite\",\"@id\":\"https:\\\/\\\/haberkuzey.com\\\/#website\",\"url\":\"https:\\\/\\\/haberkuzey.com\\\/\",\"name\":\"Haber Kuzey\",\"description\":\"Do\u011fru Haberin Adresi\",\"potentialAction\":[{\"@type\":\"SearchAction\",\"target\":{\"@type\":\"EntryPoint\",\"urlTemplate\":\"https:\\\/\\\/haberkuzey.com\\\/?s={search_term_string}\"},\"query-input\":{\"@type\":\"PropertyValueSpecification\",\"valueRequired\":true,\"valueName\":\"search_term_string\"}}],\"inLanguage\":\"tr\"},{\"@type\":\"Person\",\"@id\":\"https:\\\/\\\/haberkuzey.com\\\/#\\\/schema\\\/person\\\/3372109ec735f9333f4fa47ebb9605ca\",\"name\":\"haberkuzey\",\"image\":{\"@type\":\"ImageObject\",\"inLanguage\":\"tr\",\"@id\":\"https:\\\/\\\/secure.gravatar.com\\\/avatar\\\/f5fc875574b1575324358c3b9e6a32b8227aa5b74f3fa22e3cadb63e26fcc39c?s=96&d=mm&r=g\",\"url\":\"https:\\\/\\\/secure.gravatar.com\\\/avatar\\\/f5fc875574b1575324358c3b9e6a32b8227aa5b74f3fa22e3cadb63e26fcc39c?s=96&d=mm&r=g\",\"contentUrl\":\"https:\\\/\\\/secure.gravatar.com\\\/avatar\\\/f5fc875574b1575324358c3b9e6a32b8227aa5b74f3fa22e3cadb63e26fcc39c?s=96&d=mm&r=g\",\"caption\":\"haberkuzey\"},\"sameAs\":[\"https:\\\/\\\/haberkuzey.com\"],\"url\":\"https:\\\/\\\/haberkuzey.com\\\/index.php\\\/author\\\/haberkuzey\\\/\"}]}<\/script>\n<!-- \/ Yoast SEO plugin. -->","yoast_head_json":{"title":"KKTC ile T\u00fcrkiye\u2019nin parlamentolar aras\u0131 dostluk gruplar\u0131 Ankara\u2019da bir araya geldi - Haber Kuzey","robots":{"index":"index","follow":"follow","max-snippet":"max-snippet:-1","max-image-preview":"max-image-preview:large","max-video-preview":"max-video-preview:-1"},"canonical":"https:\/\/haberkuzey.com\/index.php\/2026\/03\/11\/kktc-ile-turkiyenin-parlamentolar-arasi-dostluk-gruplari-ankarada-bir-araya-geldi\/","og_locale":"tr_TR","og_type":"article","og_title":"KKTC ile T\u00fcrkiye\u2019nin parlamentolar aras\u0131 dostluk gruplar\u0131 Ankara\u2019da bir araya geldi - Haber Kuzey","og_description":"Kuzey K\u0131br\u0131s T\u00fcrk Cumhuriyeti ile T\u00fcrkiye&#8217;nin parlamentolar aras\u0131 dostluk gruplar\u0131 Ankara&#8217;da bir araya geldi. Cumhuriyet Meclisi Bas\u0131n B\u00fcrosu\u2019ndan verilen bilgiye g\u00f6re, KKTC &#8211; T\u00fcrkiye Dostluk Grubu Ba\u015fkan\u0131 UBP Milletvekili Resmiye Ero\u011flu CANALTAY ile T\u00fcrkiye B\u00fcy\u00fck Millet Meclisi (TBMM) T\u00fcrkiye &#8211; Kuzey K\u0131br\u0131s T\u00fcrk Cumhuriyeti Parlamentolar Aras\u0131 Dostluk Grubu Ba\u015fkan\u0131 Orhan Erdem ve Dostluk Grubu \u00fcyeleri [&hellip;]","og_url":"https:\/\/haberkuzey.com\/index.php\/2026\/03\/11\/kktc-ile-turkiyenin-parlamentolar-arasi-dostluk-gruplari-ankarada-bir-araya-geldi\/","og_site_name":"Haber Kuzey","article_published_time":"2026-03-11T11:23:15+00:00","author":"haberkuzey","twitter_card":"summary_large_image","twitter_misc":{"Yazan:":"haberkuzey","Tahmini okuma s\u00fcresi":"3 dakika"},"schema":{"@context":"https:\/\/schema.org","@graph":[{"@type":"Article","@id":"https:\/\/haberkuzey.com\/index.php\/2026\/03\/11\/kktc-ile-turkiyenin-parlamentolar-arasi-dostluk-gruplari-ankarada-bir-araya-geldi\/#article","isPartOf":{"@id":"https:\/\/haberkuzey.com\/index.php\/2026\/03\/11\/kktc-ile-turkiyenin-parlamentolar-arasi-dostluk-gruplari-ankarada-bir-araya-geldi\/"},"author":{"name":"haberkuzey","@id":"https:\/\/haberkuzey.com\/#\/schema\/person\/3372109ec735f9333f4fa47ebb9605ca"},"headline":"KKTC ile T\u00fcrkiye\u2019nin parlamentolar aras\u0131 dostluk gruplar\u0131 Ankara\u2019da bir araya geldi","datePublished":"2026-03-11T11:23:15+00:00","mainEntityOfPage":{"@id":"https:\/\/haberkuzey.com\/index.php\/2026\/03\/11\/kktc-ile-turkiyenin-parlamentolar-arasi-dostluk-gruplari-ankarada-bir-araya-geldi\/"},"wordCount":557,"commentCount":0,"image":{"@id":"https:\/\/haberkuzey.com\/index.php\/2026\/03\/11\/kktc-ile-turkiyenin-parlamentolar-arasi-dostluk-gruplari-ankarada-bir-araya-geldi\/#primaryimage"},"thumbnailUrl":"https:\/\/haberkuzey.com\/wp-content\/uploads\/2026\/03\/IMG_8052.webp.webp","articleSection":["K\u0131br\u0131s"],"inLanguage":"tr","potentialAction":[{"@type":"CommentAction","name":"Comment","target":["https:\/\/haberkuzey.com\/index.php\/2026\/03\/11\/kktc-ile-turkiyenin-parlamentolar-arasi-dostluk-gruplari-ankarada-bir-araya-geldi\/#respond"]}]},{"@type":"WebPage","@id":"https:\/\/haberkuzey.com\/index.php\/2026\/03\/11\/kktc-ile-turkiyenin-parlamentolar-arasi-dostluk-gruplari-ankarada-bir-araya-geldi\/","url":"https:\/\/haberkuzey.com\/index.php\/2026\/03\/11\/kktc-ile-turkiyenin-parlamentolar-arasi-dostluk-gruplari-ankarada-bir-araya-geldi\/","name":"KKTC ile T\u00fcrkiye\u2019nin parlamentolar aras\u0131 dostluk gruplar\u0131 Ankara\u2019da bir araya geldi - Haber Kuzey","isPartOf":{"@id":"https:\/\/haberkuzey.com\/#website"},"primaryImageOfPage":{"@id":"https:\/\/haberkuzey.com\/index.php\/2026\/03\/11\/kktc-ile-turkiyenin-parlamentolar-arasi-dostluk-gruplari-ankarada-bir-araya-geldi\/#primaryimage"},"image":{"@id":"https:\/\/haberkuzey.com\/index.php\/2026\/03\/11\/kktc-ile-turkiyenin-parlamentolar-arasi-dostluk-gruplari-ankarada-bir-araya-geldi\/#primaryimage"},"thumbnailUrl":"https:\/\/haberkuzey.com\/wp-content\/uploads\/2026\/03\/IMG_8052.webp.webp","datePublished":"2026-03-11T11:23:15+00:00","author":{"@id":"https:\/\/haberkuzey.com\/#\/schema\/person\/3372109ec735f9333f4fa47ebb9605ca"},"breadcrumb":{"@id":"https:\/\/haberkuzey.com\/index.php\/2026\/03\/11\/kktc-ile-turkiyenin-parlamentolar-arasi-dostluk-gruplari-ankarada-bir-araya-geldi\/#breadcrumb"},"inLanguage":"tr","potentialAction":[{"@type":"ReadAction","target":["https:\/\/haberkuzey.com\/index.php\/2026\/03\/11\/kktc-ile-turkiyenin-parlamentolar-arasi-dostluk-gruplari-ankarada-bir-araya-geldi\/"]}]},{"@type":"ImageObject","inLanguage":"tr","@id":"https:\/\/haberkuzey.com\/index.php\/2026\/03\/11\/kktc-ile-turkiyenin-parlamentolar-arasi-dostluk-gruplari-ankarada-bir-araya-geldi\/#primaryimage","url":"https:\/\/haberkuzey.com\/wp-content\/uploads\/2026\/03\/IMG_8052.webp.webp","contentUrl":"https:\/\/haberkuzey.com\/wp-content\/uploads\/2026\/03\/IMG_8052.webp.webp","width":971,"height":551},{"@type":"BreadcrumbList","@id":"https:\/\/haberkuzey.com\/index.php\/2026\/03\/11\/kktc-ile-turkiyenin-parlamentolar-arasi-dostluk-gruplari-ankarada-bir-araya-geldi\/#breadcrumb","itemListElement":[{"@type":"ListItem","position":1,"name":"Anasayfa","item":"https:\/\/haberkuzey.com\/"},{"@type":"ListItem","position":2,"name":"KKTC ile T\u00fcrkiye\u2019nin parlamentolar aras\u0131 dostluk gruplar\u0131 Ankara\u2019da bir araya geldi"}]},{"@type":"WebSite","@id":"https:\/\/haberkuzey.com\/#website","url":"https:\/\/haberkuzey.com\/","name":"Haber Kuzey","description":"Do\u011fru Haberin Adresi","potentialAction":[{"@type":"SearchAction","target":{"@type":"EntryPoint","urlTemplate":"https:\/\/haberkuzey.com\/?s={search_term_string}"},"query-input":{"@type":"PropertyValueSpecification","valueRequired":true,"valueName":"search_term_string"}}],"inLanguage":"tr"},{"@type":"Person","@id":"https:\/\/haberkuzey.com\/#\/schema\/person\/3372109ec735f9333f4fa47ebb9605ca","name":"haberkuzey","image":{"@type":"ImageObject","inLanguage":"tr","@id":"https:\/\/secure.gravatar.com\/avatar\/f5fc875574b1575324358c3b9e6a32b8227aa5b74f3fa22e3cadb63e26fcc39c?s=96&d=mm&r=g","url":"https:\/\/secure.gravatar.com\/avatar\/f5fc875574b1575324358c3b9e6a32b8227aa5b74f3fa22e3cadb63e26fcc39c?s=96&d=mm&r=g","contentUrl":"https:\/\/secure.gravatar.com\/avatar\/f5fc875574b1575324358c3b9e6a32b8227aa5b74f3fa22e3cadb63e26fcc39c?s=96&d=mm&r=g","caption":"haberkuzey"},"sameAs":["https:\/\/haberkuzey.com"],"url":"https:\/\/haberkuzey.com\/index.php\/author\/haberkuzey\/"}]}},"_links":{"self":[{"href":"https:\/\/haberkuzey.com\/index.php\/wp-json\/wp\/v2\/posts\/35186","targetHints":{"allow":["GET"]}}],"collection":[{"href":"https:\/\/haberkuzey.com\/index.php\/wp-json\/wp\/v2\/posts"}],"about":[{"href":"https:\/\/haberkuzey.com\/index.php\/wp-json\/wp\/v2\/types\/post"}],"author":[{"embeddable":true,"href":"https:\/\/haberkuzey.com\/index.php\/wp-json\/wp\/v2\/users\/1"}],"replies":[{"embeddable":true,"href":"https:\/\/haberkuzey.com\/index.php\/wp-json\/wp\/v2\/comments?post=35186"}],"version-history":[{"count":0,"href":"https:\/\/haberkuzey.com\/index.php\/wp-json\/wp\/v2\/posts\/35186\/revisions"}],"wp:featuredmedia":[{"embeddable":true,"href":"https:\/\/haberkuzey.com\/index.php\/wp-json\/wp\/v2\/media\/35187"}],"wp:attachment":[{"href":"https:\/\/haberkuzey.com\/index.php\/wp-json\/wp\/v2\/media?parent=35186"}],"wp:term":[{"taxonomy":"category","embeddable":true,"href":"https:\/\/haberkuzey.com\/index.php\/wp-json\/wp\/v2\/categories?post=35186"},{"taxonomy":"post_tag","embeddable":true,"href":"https:\/\/haberkuzey.com\/index.php\/wp-json\/wp\/v2\/tags?post=35186"}],"curies":[{"name":"wp","href":"https:\/\/api.w.org\/{rel}","templated":true}]}}