{"id":35182,"date":"2026-03-11T09:17:09","date_gmt":"2026-03-11T07:17:09","guid":{"rendered":"https:\/\/haberkuzey.com\/index.php\/2026\/03\/11\/ktoeosten-amerikan-elciligi-kuzey-temsilciligi-onunde-eylem-cagrisi\/"},"modified":"2026-03-11T09:17:09","modified_gmt":"2026-03-11T07:17:09","slug":"ktoeosten-amerikan-elciligi-kuzey-temsilciligi-onunde-eylem-cagrisi","status":"publish","type":"post","link":"https:\/\/haberkuzey.com\/index.php\/2026\/03\/11\/ktoeosten-amerikan-elciligi-kuzey-temsilciligi-onunde-eylem-cagrisi\/","title":{"rendered":"KTOE\u00d6S\u2019ten Amerikan El\u00e7ili\u011fi kuzey temsilcili\u011fi \u00f6n\u00fcnde eylem \u00e7a\u011fr\u0131s\u0131"},"content":{"rendered":"<p data-start=\"388\" data-end=\"625\">K\u0131br\u0131s T\u00fcrk Orta E\u011fitim \u00d6\u011fretmenler Sendikas\u0131 (KTOE\u00d6S), ABD ve \u0130srail\u2019in emperyalist \u00e7\u0131karlar do\u011frultusunda \u0130ran\u2019a ger\u00e7ekle\u015ftirdikleri sald\u0131r\u0131lar\u0131n b\u00f6lgeyi sava\u015fa ve geni\u015f \u00e7apl\u0131, k\u00fcresel \u00f6l\u00e7ekte bir felakete do\u011fru s\u00fcr\u00fckledi\u011fini belirtti.<\/p>\n<p data-start=\"627\" data-end=\"793\">KTOE\u00d6S taraf\u0131ndan yap\u0131lan a\u00e7\u0131klamada, sava\u015f\u0131n emperyalizm kar\u015f\u0131t\u0131 ve bar\u0131\u015f yanl\u0131s\u0131 sendikalar, \u00f6rg\u00fctler ve siyasi partilerle birlikte protesto edilece\u011fi ifade edildi.<\/p>\n<p data-start=\"795\" data-end=\"1007\">A\u00e7\u0131klamada, 11 Mart 2026 \u00c7ar\u015famba g\u00fcn\u00fc saat 12.00\u2019de Amerikan El\u00e7ili\u011fi kuzey temsilcili\u011fi \u00f6n\u00fcnde bir araya gelinerek, adada emperyalist ku\u015fatmaya ve sava\u015f riski olu\u015fturulmas\u0131na tepki ortaya konulaca\u011f\u0131 kaydedildi.<\/p>\n<p data-start=\"795\" data-end=\"1007\"><strong>KTOE\u00d6S&#8217;ten yap\u0131lan tam a\u00e7\u0131klama \u015f\u00f6yle:<\/strong><\/p>\n<p>&#8220;ABD ve \u0130srail\u2019in emperyalist \u00e7\u0131karlar do\u011frultusunda \u0130ran\u2019a ger\u00e7ekle\u015ftirdikleri sald\u0131r\u0131 b\u00f6lgeyi sava\u015fa ve geni\u015f \u00e7apl\u0131, k\u00fcresel \u00f6l\u00e7ekte bir felakete do\u011fru s\u00fcr\u00fcklemektedir.<\/p>\n<p>Sava\u015f, emperyalizm kar\u015f\u0131t\u0131, bar\u0131\u015f yanl\u0131s\u0131 sendikalar, \u00f6rg\u00fctler, siyasi partilerle\u00a011 Mart 2026 \u00c7ar\u015famba g\u00fcn\u00fc (Bug\u00fcn) 12:00\u2019de Amerikan El\u00e7ili\u011fi kuzey temsilcili\u011fi \u00f6n\u00fcnde, adam\u0131zda emperyalist ku\u015fatmaya, sava\u015f riski olu\u015fturmaya tepkimizi ortaya koyaca\u011f\u0131z.&#8221;<\/p>\n<p>KTOE\u00d6S\u2019ten Amerikan El\u00e7ili\u011fi kuzey temsilcili\u011fi \u00f6n\u00fcnde eylem \u00e7a\u011fr\u0131s\u0131 yaz\u0131s\u0131 ilk \u00f6nce K\u0131br\u0131s Hakikat \u00fczerinde ortaya \u00e7\u0131kt\u0131.<\/p>\n","protected":false},"excerpt":{"rendered":"<p>K\u0131br\u0131s T\u00fcrk Orta E\u011fitim \u00d6\u011fretmenler Sendikas\u0131 (KTOE\u00d6S), ABD ve \u0130srail\u2019in emperyalist \u00e7\u0131karlar do\u011frultusunda \u0130ran\u2019a ger\u00e7ekle\u015ftirdikleri sald\u0131r\u0131lar\u0131n b\u00f6lgeyi sava\u015fa ve geni\u015f \u00e7apl\u0131, k\u00fcresel \u00f6l\u00e7ekte bir felakete do\u011fru s\u00fcr\u00fckledi\u011fini belirtti. KTOE\u00d6S taraf\u0131ndan yap\u0131lan a\u00e7\u0131klamada, sava\u015f\u0131n emperyalizm kar\u015f\u0131t\u0131 ve bar\u0131\u015f yanl\u0131s\u0131 sendikalar, \u00f6rg\u00fctler ve siyasi partilerle birlikte protesto edilece\u011fi ifade edildi. A\u00e7\u0131klamada, 11 Mart 2026 \u00c7ar\u015famba g\u00fcn\u00fc saat [&hellip;]<\/p>\n","protected":false},"author":1,"featured_media":35183,"comment_status":"open","ping_status":"open","sticky":false,"template":"","format":"standard","meta":{"jnews-multi-image_gallery":[],"jnews_single_post":[],"jnews_primary_category":[],"footnotes":""},"categories":[1],"tags":[],"class_list":["post-35182","post","type-post","status-publish","format-standard","has-post-thumbnail","hentry","category-kibris"],"yoast_head":"<!-- This site is optimized with the Yoast SEO plugin v27.5 - https:\/\/yoast.com\/product\/yoast-seo-wordpress\/ -->\n<title>KTOE\u00d6S\u2019ten Amerikan El\u00e7ili\u011fi kuzey temsilcili\u011fi \u00f6n\u00fcnde eylem \u00e7a\u011fr\u0131s\u0131 - Haber Kuzey<\/title>\n<meta name=\"robots\" content=\"index, follow, max-snippet:-1, max-image-preview:large, max-video-preview:-1\" \/>\n<link rel=\"canonical\" href=\"https:\/\/haberkuzey.com\/index.php\/2026\/03\/11\/ktoeosten-amerikan-elciligi-kuzey-temsilciligi-onunde-eylem-cagrisi\/\" \/>\n<meta property=\"og:locale\" content=\"tr_TR\" \/>\n<meta property=\"og:type\" content=\"article\" \/>\n<meta property=\"og:title\" content=\"KTOE\u00d6S\u2019ten Amerikan El\u00e7ili\u011fi kuzey temsilcili\u011fi \u00f6n\u00fcnde eylem \u00e7a\u011fr\u0131s\u0131 - Haber Kuzey\" \/>\n<meta property=\"og:description\" content=\"K\u0131br\u0131s T\u00fcrk Orta E\u011fitim \u00d6\u011fretmenler Sendikas\u0131 (KTOE\u00d6S), ABD ve \u0130srail\u2019in emperyalist \u00e7\u0131karlar do\u011frultusunda \u0130ran\u2019a ger\u00e7ekle\u015ftirdikleri sald\u0131r\u0131lar\u0131n b\u00f6lgeyi sava\u015fa ve geni\u015f \u00e7apl\u0131, k\u00fcresel \u00f6l\u00e7ekte bir felakete do\u011fru s\u00fcr\u00fckledi\u011fini belirtti. KTOE\u00d6S taraf\u0131ndan yap\u0131lan a\u00e7\u0131klamada, sava\u015f\u0131n emperyalizm kar\u015f\u0131t\u0131 ve bar\u0131\u015f yanl\u0131s\u0131 sendikalar, \u00f6rg\u00fctler ve siyasi partilerle birlikte protesto edilece\u011fi ifade edildi. A\u00e7\u0131klamada, 11 Mart 2026 \u00c7ar\u015famba g\u00fcn\u00fc saat [&hellip;]\" \/>\n<meta property=\"og:url\" content=\"https:\/\/haberkuzey.com\/index.php\/2026\/03\/11\/ktoeosten-amerikan-elciligi-kuzey-temsilciligi-onunde-eylem-cagrisi\/\" \/>\n<meta property=\"og:site_name\" content=\"Haber Kuzey\" \/>\n<meta property=\"article:published_time\" content=\"2026-03-11T07:17:09+00:00\" \/>\n<meta name=\"author\" content=\"haberkuzey\" \/>\n<meta name=\"twitter:card\" content=\"summary_large_image\" \/>\n<meta name=\"twitter:label1\" content=\"Yazan:\" \/>\n\t<meta name=\"twitter:data1\" content=\"haberkuzey\" \/>\n\t<meta name=\"twitter:label2\" content=\"Tahmini okuma s\u00fcresi\" \/>\n\t<meta name=\"twitter:data2\" content=\"1 dakika\" \/>\n<script type=\"application\/ld+json\" class=\"yoast-schema-graph\">{\"@context\":\"https:\\\/\\\/schema.org\",\"@graph\":[{\"@type\":\"Article\",\"@id\":\"https:\\\/\\\/haberkuzey.com\\\/index.php\\\/2026\\\/03\\\/11\\\/ktoeosten-amerikan-elciligi-kuzey-temsilciligi-onunde-eylem-cagrisi\\\/#article\",\"isPartOf\":{\"@id\":\"https:\\\/\\\/haberkuzey.com\\\/index.php\\\/2026\\\/03\\\/11\\\/ktoeosten-amerikan-elciligi-kuzey-temsilciligi-onunde-eylem-cagrisi\\\/\"},\"author\":{\"name\":\"haberkuzey\",\"@id\":\"https:\\\/\\\/haberkuzey.com\\\/#\\\/schema\\\/person\\\/3372109ec735f9333f4fa47ebb9605ca\"},\"headline\":\"KTOE\u00d6S\u2019ten Amerikan El\u00e7ili\u011fi kuzey temsilcili\u011fi \u00f6n\u00fcnde eylem \u00e7a\u011fr\u0131s\u0131\",\"datePublished\":\"2026-03-11T07:17:09+00:00\",\"mainEntityOfPage\":{\"@id\":\"https:\\\/\\\/haberkuzey.com\\\/index.php\\\/2026\\\/03\\\/11\\\/ktoeosten-amerikan-elciligi-kuzey-temsilciligi-onunde-eylem-cagrisi\\\/\"},\"wordCount\":240,\"commentCount\":0,\"image\":{\"@id\":\"https:\\\/\\\/haberkuzey.com\\\/index.php\\\/2026\\\/03\\\/11\\\/ktoeosten-amerikan-elciligi-kuzey-temsilciligi-onunde-eylem-cagrisi\\\/#primaryimage\"},\"thumbnailUrl\":\"https:\\\/\\\/haberkuzey.com\\\/wp-content\\\/uploads\\\/2026\\\/03\\\/IMG_8040.webp.webp\",\"articleSection\":[\"K\u0131br\u0131s\"],\"inLanguage\":\"tr\",\"potentialAction\":[{\"@type\":\"CommentAction\",\"name\":\"Comment\",\"target\":[\"https:\\\/\\\/haberkuzey.com\\\/index.php\\\/2026\\\/03\\\/11\\\/ktoeosten-amerikan-elciligi-kuzey-temsilciligi-onunde-eylem-cagrisi\\\/#respond\"]}]},{\"@type\":\"WebPage\",\"@id\":\"https:\\\/\\\/haberkuzey.com\\\/index.php\\\/2026\\\/03\\\/11\\\/ktoeosten-amerikan-elciligi-kuzey-temsilciligi-onunde-eylem-cagrisi\\\/\",\"url\":\"https:\\\/\\\/haberkuzey.com\\\/index.php\\\/2026\\\/03\\\/11\\\/ktoeosten-amerikan-elciligi-kuzey-temsilciligi-onunde-eylem-cagrisi\\\/\",\"name\":\"KTOE\u00d6S\u2019ten Amerikan El\u00e7ili\u011fi kuzey temsilcili\u011fi \u00f6n\u00fcnde eylem \u00e7a\u011fr\u0131s\u0131 - Haber Kuzey\",\"isPartOf\":{\"@id\":\"https:\\\/\\\/haberkuzey.com\\\/#website\"},\"primaryImageOfPage\":{\"@id\":\"https:\\\/\\\/haberkuzey.com\\\/index.php\\\/2026\\\/03\\\/11\\\/ktoeosten-amerikan-elciligi-kuzey-temsilciligi-onunde-eylem-cagrisi\\\/#primaryimage\"},\"image\":{\"@id\":\"https:\\\/\\\/haberkuzey.com\\\/index.php\\\/2026\\\/03\\\/11\\\/ktoeosten-amerikan-elciligi-kuzey-temsilciligi-onunde-eylem-cagrisi\\\/#primaryimage\"},\"thumbnailUrl\":\"https:\\\/\\\/haberkuzey.com\\\/wp-content\\\/uploads\\\/2026\\\/03\\\/IMG_8040.webp.webp\",\"datePublished\":\"2026-03-11T07:17:09+00:00\",\"author\":{\"@id\":\"https:\\\/\\\/haberkuzey.com\\\/#\\\/schema\\\/person\\\/3372109ec735f9333f4fa47ebb9605ca\"},\"breadcrumb\":{\"@id\":\"https:\\\/\\\/haberkuzey.com\\\/index.php\\\/2026\\\/03\\\/11\\\/ktoeosten-amerikan-elciligi-kuzey-temsilciligi-onunde-eylem-cagrisi\\\/#breadcrumb\"},\"inLanguage\":\"tr\",\"potentialAction\":[{\"@type\":\"ReadAction\",\"target\":[\"https:\\\/\\\/haberkuzey.com\\\/index.php\\\/2026\\\/03\\\/11\\\/ktoeosten-amerikan-elciligi-kuzey-temsilciligi-onunde-eylem-cagrisi\\\/\"]}]},{\"@type\":\"ImageObject\",\"inLanguage\":\"tr\",\"@id\":\"https:\\\/\\\/haberkuzey.com\\\/index.php\\\/2026\\\/03\\\/11\\\/ktoeosten-amerikan-elciligi-kuzey-temsilciligi-onunde-eylem-cagrisi\\\/#primaryimage\",\"url\":\"https:\\\/\\\/haberkuzey.com\\\/wp-content\\\/uploads\\\/2026\\\/03\\\/IMG_8040.webp.webp\",\"contentUrl\":\"https:\\\/\\\/haberkuzey.com\\\/wp-content\\\/uploads\\\/2026\\\/03\\\/IMG_8040.webp.webp\",\"width\":971,\"height\":551},{\"@type\":\"BreadcrumbList\",\"@id\":\"https:\\\/\\\/haberkuzey.com\\\/index.php\\\/2026\\\/03\\\/11\\\/ktoeosten-amerikan-elciligi-kuzey-temsilciligi-onunde-eylem-cagrisi\\\/#breadcrumb\",\"itemListElement\":[{\"@type\":\"ListItem\",\"position\":1,\"name\":\"Anasayfa\",\"item\":\"https:\\\/\\\/haberkuzey.com\\\/\"},{\"@type\":\"ListItem\",\"position\":2,\"name\":\"KTOE\u00d6S\u2019ten Amerikan El\u00e7ili\u011fi kuzey temsilcili\u011fi \u00f6n\u00fcnde eylem \u00e7a\u011fr\u0131s\u0131\"}]},{\"@type\":\"WebSite\",\"@id\":\"https:\\\/\\\/haberkuzey.com\\\/#website\",\"url\":\"https:\\\/\\\/haberkuzey.com\\\/\",\"name\":\"Haber Kuzey\",\"description\":\"Do\u011fru Haberin Adresi\",\"potentialAction\":[{\"@type\":\"SearchAction\",\"target\":{\"@type\":\"EntryPoint\",\"urlTemplate\":\"https:\\\/\\\/haberkuzey.com\\\/?s={search_term_string}\"},\"query-input\":{\"@type\":\"PropertyValueSpecification\",\"valueRequired\":true,\"valueName\":\"search_term_string\"}}],\"inLanguage\":\"tr\"},{\"@type\":\"Person\",\"@id\":\"https:\\\/\\\/haberkuzey.com\\\/#\\\/schema\\\/person\\\/3372109ec735f9333f4fa47ebb9605ca\",\"name\":\"haberkuzey\",\"image\":{\"@type\":\"ImageObject\",\"inLanguage\":\"tr\",\"@id\":\"https:\\\/\\\/secure.gravatar.com\\\/avatar\\\/f5fc875574b1575324358c3b9e6a32b8227aa5b74f3fa22e3cadb63e26fcc39c?s=96&d=mm&r=g\",\"url\":\"https:\\\/\\\/secure.gravatar.com\\\/avatar\\\/f5fc875574b1575324358c3b9e6a32b8227aa5b74f3fa22e3cadb63e26fcc39c?s=96&d=mm&r=g\",\"contentUrl\":\"https:\\\/\\\/secure.gravatar.com\\\/avatar\\\/f5fc875574b1575324358c3b9e6a32b8227aa5b74f3fa22e3cadb63e26fcc39c?s=96&d=mm&r=g\",\"caption\":\"haberkuzey\"},\"sameAs\":[\"https:\\\/\\\/haberkuzey.com\"],\"url\":\"https:\\\/\\\/haberkuzey.com\\\/index.php\\\/author\\\/haberkuzey\\\/\"}]}<\/script>\n<!-- \/ Yoast SEO plugin. -->","yoast_head_json":{"title":"KTOE\u00d6S\u2019ten Amerikan El\u00e7ili\u011fi kuzey temsilcili\u011fi \u00f6n\u00fcnde eylem \u00e7a\u011fr\u0131s\u0131 - Haber Kuzey","robots":{"index":"index","follow":"follow","max-snippet":"max-snippet:-1","max-image-preview":"max-image-preview:large","max-video-preview":"max-video-preview:-1"},"canonical":"https:\/\/haberkuzey.com\/index.php\/2026\/03\/11\/ktoeosten-amerikan-elciligi-kuzey-temsilciligi-onunde-eylem-cagrisi\/","og_locale":"tr_TR","og_type":"article","og_title":"KTOE\u00d6S\u2019ten Amerikan El\u00e7ili\u011fi kuzey temsilcili\u011fi \u00f6n\u00fcnde eylem \u00e7a\u011fr\u0131s\u0131 - Haber Kuzey","og_description":"K\u0131br\u0131s T\u00fcrk Orta E\u011fitim \u00d6\u011fretmenler Sendikas\u0131 (KTOE\u00d6S), ABD ve \u0130srail\u2019in emperyalist \u00e7\u0131karlar do\u011frultusunda \u0130ran\u2019a ger\u00e7ekle\u015ftirdikleri sald\u0131r\u0131lar\u0131n b\u00f6lgeyi sava\u015fa ve geni\u015f \u00e7apl\u0131, k\u00fcresel \u00f6l\u00e7ekte bir felakete do\u011fru s\u00fcr\u00fckledi\u011fini belirtti. KTOE\u00d6S taraf\u0131ndan yap\u0131lan a\u00e7\u0131klamada, sava\u015f\u0131n emperyalizm kar\u015f\u0131t\u0131 ve bar\u0131\u015f yanl\u0131s\u0131 sendikalar, \u00f6rg\u00fctler ve siyasi partilerle birlikte protesto edilece\u011fi ifade edildi. A\u00e7\u0131klamada, 11 Mart 2026 \u00c7ar\u015famba g\u00fcn\u00fc saat [&hellip;]","og_url":"https:\/\/haberkuzey.com\/index.php\/2026\/03\/11\/ktoeosten-amerikan-elciligi-kuzey-temsilciligi-onunde-eylem-cagrisi\/","og_site_name":"Haber Kuzey","article_published_time":"2026-03-11T07:17:09+00:00","author":"haberkuzey","twitter_card":"summary_large_image","twitter_misc":{"Yazan:":"haberkuzey","Tahmini okuma s\u00fcresi":"1 dakika"},"schema":{"@context":"https:\/\/schema.org","@graph":[{"@type":"Article","@id":"https:\/\/haberkuzey.com\/index.php\/2026\/03\/11\/ktoeosten-amerikan-elciligi-kuzey-temsilciligi-onunde-eylem-cagrisi\/#article","isPartOf":{"@id":"https:\/\/haberkuzey.com\/index.php\/2026\/03\/11\/ktoeosten-amerikan-elciligi-kuzey-temsilciligi-onunde-eylem-cagrisi\/"},"author":{"name":"haberkuzey","@id":"https:\/\/haberkuzey.com\/#\/schema\/person\/3372109ec735f9333f4fa47ebb9605ca"},"headline":"KTOE\u00d6S\u2019ten Amerikan El\u00e7ili\u011fi kuzey temsilcili\u011fi \u00f6n\u00fcnde eylem \u00e7a\u011fr\u0131s\u0131","datePublished":"2026-03-11T07:17:09+00:00","mainEntityOfPage":{"@id":"https:\/\/haberkuzey.com\/index.php\/2026\/03\/11\/ktoeosten-amerikan-elciligi-kuzey-temsilciligi-onunde-eylem-cagrisi\/"},"wordCount":240,"commentCount":0,"image":{"@id":"https:\/\/haberkuzey.com\/index.php\/2026\/03\/11\/ktoeosten-amerikan-elciligi-kuzey-temsilciligi-onunde-eylem-cagrisi\/#primaryimage"},"thumbnailUrl":"https:\/\/haberkuzey.com\/wp-content\/uploads\/2026\/03\/IMG_8040.webp.webp","articleSection":["K\u0131br\u0131s"],"inLanguage":"tr","potentialAction":[{"@type":"CommentAction","name":"Comment","target":["https:\/\/haberkuzey.com\/index.php\/2026\/03\/11\/ktoeosten-amerikan-elciligi-kuzey-temsilciligi-onunde-eylem-cagrisi\/#respond"]}]},{"@type":"WebPage","@id":"https:\/\/haberkuzey.com\/index.php\/2026\/03\/11\/ktoeosten-amerikan-elciligi-kuzey-temsilciligi-onunde-eylem-cagrisi\/","url":"https:\/\/haberkuzey.com\/index.php\/2026\/03\/11\/ktoeosten-amerikan-elciligi-kuzey-temsilciligi-onunde-eylem-cagrisi\/","name":"KTOE\u00d6S\u2019ten Amerikan El\u00e7ili\u011fi kuzey temsilcili\u011fi \u00f6n\u00fcnde eylem \u00e7a\u011fr\u0131s\u0131 - Haber Kuzey","isPartOf":{"@id":"https:\/\/haberkuzey.com\/#website"},"primaryImageOfPage":{"@id":"https:\/\/haberkuzey.com\/index.php\/2026\/03\/11\/ktoeosten-amerikan-elciligi-kuzey-temsilciligi-onunde-eylem-cagrisi\/#primaryimage"},"image":{"@id":"https:\/\/haberkuzey.com\/index.php\/2026\/03\/11\/ktoeosten-amerikan-elciligi-kuzey-temsilciligi-onunde-eylem-cagrisi\/#primaryimage"},"thumbnailUrl":"https:\/\/haberkuzey.com\/wp-content\/uploads\/2026\/03\/IMG_8040.webp.webp","datePublished":"2026-03-11T07:17:09+00:00","author":{"@id":"https:\/\/haberkuzey.com\/#\/schema\/person\/3372109ec735f9333f4fa47ebb9605ca"},"breadcrumb":{"@id":"https:\/\/haberkuzey.com\/index.php\/2026\/03\/11\/ktoeosten-amerikan-elciligi-kuzey-temsilciligi-onunde-eylem-cagrisi\/#breadcrumb"},"inLanguage":"tr","potentialAction":[{"@type":"ReadAction","target":["https:\/\/haberkuzey.com\/index.php\/2026\/03\/11\/ktoeosten-amerikan-elciligi-kuzey-temsilciligi-onunde-eylem-cagrisi\/"]}]},{"@type":"ImageObject","inLanguage":"tr","@id":"https:\/\/haberkuzey.com\/index.php\/2026\/03\/11\/ktoeosten-amerikan-elciligi-kuzey-temsilciligi-onunde-eylem-cagrisi\/#primaryimage","url":"https:\/\/haberkuzey.com\/wp-content\/uploads\/2026\/03\/IMG_8040.webp.webp","contentUrl":"https:\/\/haberkuzey.com\/wp-content\/uploads\/2026\/03\/IMG_8040.webp.webp","width":971,"height":551},{"@type":"BreadcrumbList","@id":"https:\/\/haberkuzey.com\/index.php\/2026\/03\/11\/ktoeosten-amerikan-elciligi-kuzey-temsilciligi-onunde-eylem-cagrisi\/#breadcrumb","itemListElement":[{"@type":"ListItem","position":1,"name":"Anasayfa","item":"https:\/\/haberkuzey.com\/"},{"@type":"ListItem","position":2,"name":"KTOE\u00d6S\u2019ten Amerikan El\u00e7ili\u011fi kuzey temsilcili\u011fi \u00f6n\u00fcnde eylem \u00e7a\u011fr\u0131s\u0131"}]},{"@type":"WebSite","@id":"https:\/\/haberkuzey.com\/#website","url":"https:\/\/haberkuzey.com\/","name":"Haber Kuzey","description":"Do\u011fru Haberin Adresi","potentialAction":[{"@type":"SearchAction","target":{"@type":"EntryPoint","urlTemplate":"https:\/\/haberkuzey.com\/?s={search_term_string}"},"query-input":{"@type":"PropertyValueSpecification","valueRequired":true,"valueName":"search_term_string"}}],"inLanguage":"tr"},{"@type":"Person","@id":"https:\/\/haberkuzey.com\/#\/schema\/person\/3372109ec735f9333f4fa47ebb9605ca","name":"haberkuzey","image":{"@type":"ImageObject","inLanguage":"tr","@id":"https:\/\/secure.gravatar.com\/avatar\/f5fc875574b1575324358c3b9e6a32b8227aa5b74f3fa22e3cadb63e26fcc39c?s=96&d=mm&r=g","url":"https:\/\/secure.gravatar.com\/avatar\/f5fc875574b1575324358c3b9e6a32b8227aa5b74f3fa22e3cadb63e26fcc39c?s=96&d=mm&r=g","contentUrl":"https:\/\/secure.gravatar.com\/avatar\/f5fc875574b1575324358c3b9e6a32b8227aa5b74f3fa22e3cadb63e26fcc39c?s=96&d=mm&r=g","caption":"haberkuzey"},"sameAs":["https:\/\/haberkuzey.com"],"url":"https:\/\/haberkuzey.com\/index.php\/author\/haberkuzey\/"}]}},"_links":{"self":[{"href":"https:\/\/haberkuzey.com\/index.php\/wp-json\/wp\/v2\/posts\/35182","targetHints":{"allow":["GET"]}}],"collection":[{"href":"https:\/\/haberkuzey.com\/index.php\/wp-json\/wp\/v2\/posts"}],"about":[{"href":"https:\/\/haberkuzey.com\/index.php\/wp-json\/wp\/v2\/types\/post"}],"author":[{"embeddable":true,"href":"https:\/\/haberkuzey.com\/index.php\/wp-json\/wp\/v2\/users\/1"}],"replies":[{"embeddable":true,"href":"https:\/\/haberkuzey.com\/index.php\/wp-json\/wp\/v2\/comments?post=35182"}],"version-history":[{"count":0,"href":"https:\/\/haberkuzey.com\/index.php\/wp-json\/wp\/v2\/posts\/35182\/revisions"}],"wp:featuredmedia":[{"embeddable":true,"href":"https:\/\/haberkuzey.com\/index.php\/wp-json\/wp\/v2\/media\/35183"}],"wp:attachment":[{"href":"https:\/\/haberkuzey.com\/index.php\/wp-json\/wp\/v2\/media?parent=35182"}],"wp:term":[{"taxonomy":"category","embeddable":true,"href":"https:\/\/haberkuzey.com\/index.php\/wp-json\/wp\/v2\/categories?post=35182"},{"taxonomy":"post_tag","embeddable":true,"href":"https:\/\/haberkuzey.com\/index.php\/wp-json\/wp\/v2\/tags?post=35182"}],"curies":[{"name":"wp","href":"https:\/\/api.w.org\/{rel}","templated":true}]}}