{"id":35178,"date":"2026-03-10T22:38:14","date_gmt":"2026-03-10T20:38:14","guid":{"rendered":"https:\/\/haberkuzey.com\/index.php\/2026\/03\/10\/baris-isteyen-savasa-hazir-olmalidir\/"},"modified":"2026-03-10T22:38:14","modified_gmt":"2026-03-10T20:38:14","slug":"baris-isteyen-savasa-hazir-olmalidir","status":"publish","type":"post","link":"https:\/\/haberkuzey.com\/index.php\/2026\/03\/10\/baris-isteyen-savasa-hazir-olmalidir\/","title":{"rendered":"Bar\u0131\u015f \u0130steyen Sava\u015fa Haz\u0131r Olmal\u0131d\u0131r"},"content":{"rendered":"<p>Tarih boyunca devletlerin ve milletlerin ayakta kalmas\u0131n\u0131 sa\u011flayan en \u00f6nemli unsurlardan biri g\u00fc\u00e7l\u00fc olmalar\u0131d\u0131r. G\u00fc\u00e7 yaln\u0131zca ekonomik ya da siyasi de\u011fildir; ayn\u0131 zamanda askeri haz\u0131rl\u0131k ve cayd\u0131r\u0131c\u0131l\u0131k da bir devletin varl\u0131\u011f\u0131n\u0131 g\u00fcvence alt\u0131na alan temel unsurlardand\u0131r. \u0130\u015fte bu d\u00fc\u015f\u00fcnceyi as\u0131rlar \u00f6ncesinden g\u00fcn\u00fcm\u00fcze ta\u015f\u0131yan me\u015fhur bir s\u00f6z vard\u0131r: \u201cHaz\u0131r ol cenge e\u011fer ister isen sulh-u salah.\u201d<br \/>\nBu s\u00f6z\u00fcn \u00f6z\u00fcnde \u00e7ok derin bir devlet akl\u0131 ve tarih tecr\u00fcbesi yatmaktad\u0131r. Asl\u0131nda d\u00fc\u015f\u00fcncenin k\u00f6keni Antik Roma\u2019ya kadar uzan\u0131r. Romal\u0131 asker\u00ee d\u00fc\u015f\u00fcn\u00fcr Publius Flavius Vegetius Renatus, y\u00fczy\u0131llar \u00f6nce \u201cSi vis pacem, para bellum\u201d yani \u201cBar\u0131\u015f istiyorsan sava\u015fa haz\u0131rlan\u201d demi\u015ftir. Bu ifade daha sonra farkl\u0131 k\u00fclt\u00fcrlerde farkl\u0131 bi\u00e7imlerde dile getirilmi\u015f, Osmanl\u0131 T\u00fcrk\u00e7esinde ise \u201cHaz\u0131r ol cenge e\u011fer ister isen sulh-u salah\u201d \u015feklinde kar\u015f\u0131l\u0131k bulmu\u015ftur.<br \/>\nBu s\u00f6z yaln\u0131zca sava\u015f \u00e7a\u011fr\u0131s\u0131 de\u011fildir. Tam tersine, bar\u0131\u015f\u0131n korunabilmesi i\u00e7in g\u00fc\u00e7l\u00fc olman\u0131n gereklili\u011fini anlat\u0131r. Tarih bize defalarca g\u00f6stermi\u015ftir ki, savunmas\u0131 zay\u0131f olan devletler bar\u0131\u015f\u0131 korumakta zorlan\u0131r. G\u00fc\u00e7l\u00fc olan devletler ise \u00e7o\u011fu zaman sava\u015fa girmeden bar\u0131\u015f\u0131 sa\u011flayabilirler. \u00c7\u00fcnk\u00fc g\u00fc\u00e7l\u00fc bir ordu ve haz\u0131rl\u0131kl\u0131 bir toplum, kar\u015f\u0131 tarafa cayd\u0131r\u0131c\u0131 bir mesaj verir.<br \/>\nBu ger\u00e7ek, \u00f6zellikle bizim co\u011frafyam\u0131zda daha da anlam kazanmaktad\u0131r. Do\u011fu Akdeniz\u2019in stratejik dengeleri, K\u0131br\u0131s meselesinin tarihsel s\u00fcreci ve b\u00f6lgedeki g\u00fc\u00e7 m\u00fccadeleleri d\u00fc\u015f\u00fcn\u00fcld\u00fc\u011f\u00fcnde g\u00fcvenlik ve cayd\u0131r\u0131c\u0131l\u0131k meselesi her zamankinden daha \u00f6nemli hale gelmektedir. Kuzey K\u0131br\u0131s T\u00fcrk Cumhuriyeti\u2019nin varl\u0131\u011f\u0131 da asl\u0131nda bu tarihsel ger\u00e7ekli\u011fin bir sonucudur.<br \/>\nElbette ki her toplumun en b\u00fcy\u00fck arzusu bar\u0131\u015f i\u00e7inde ya\u015famakt\u0131r. Kimse sava\u015f istemez. Ancak bar\u0131\u015f\u0131n s\u00fcrd\u00fcr\u00fclebilir olmas\u0131 i\u00e7in g\u00fc\u00e7l\u00fc kurumlara, sa\u011flam bir savunma anlay\u0131\u015f\u0131na ve birlik i\u00e7inde bir topluma ihtiya\u00e7 vard\u0131r. \u0130\u015fte bu noktada s\u00f6z konusu ifade yaln\u0131zca asker\u00ee bir \u00f6\u011f\u00fct de\u011fil, ayn\u0131 zamanda bir devlet felsefesidir.<br \/>\nBug\u00fcn d\u00fcnyada ya\u015fanan geli\u015fmelere bakt\u0131\u011f\u0131m\u0131zda bu d\u00fc\u015f\u00fcncenin h\u00e2l\u00e2 ge\u00e7erlili\u011fini korudu\u011funu g\u00f6r\u00fcyoruz. Uluslararas\u0131 ili\u015fkilerde g\u00fc\u00e7 dengeleri de\u011fi\u015fse de temel ger\u00e7ek de\u011fi\u015fmemi\u015ftir: Bar\u0131\u015f\u0131 korumak isteyen toplumlar g\u00fc\u00e7l\u00fc olmak zorundad\u0131r.<br \/>\nSonu\u00e7 olarak, \u201cHaz\u0131r ol cenge e\u011fer ister isen sulh-u salah\u201d s\u00f6z\u00fc bize tarih boyunca de\u011fi\u015fmeyen bir ger\u00e7e\u011fi hat\u0131rlat\u0131r. Bar\u0131\u015f, sadece iyi niyetle de\u011fil; ayn\u0131 zamanda haz\u0131rl\u0131k, kararl\u0131l\u0131k ve g\u00fc\u00e7l\u00fc bir irade ile korunabilir.<br \/>\nBar\u0131\u015f\u0131 kal\u0131c\u0131 k\u0131lman\u0131n yolu da i\u015fte tam olarak buradan ge\u00e7mektedir.<\/p>\n<p>Bar\u0131\u015f \u0130steyen Sava\u015fa Haz\u0131r Olmal\u0131d\u0131r yaz\u0131s\u0131 ilk \u00f6nce K\u0131br\u0131s Hakikat \u00fczerinde ortaya \u00e7\u0131kt\u0131.<\/p>\n","protected":false},"excerpt":{"rendered":"<p>Tarih boyunca devletlerin ve milletlerin ayakta kalmas\u0131n\u0131 sa\u011flayan en \u00f6nemli unsurlardan biri g\u00fc\u00e7l\u00fc olmalar\u0131d\u0131r. G\u00fc\u00e7 yaln\u0131zca ekonomik ya da siyasi de\u011fildir; ayn\u0131 zamanda askeri haz\u0131rl\u0131k ve cayd\u0131r\u0131c\u0131l\u0131k da bir devletin varl\u0131\u011f\u0131n\u0131 g\u00fcvence alt\u0131na alan temel unsurlardand\u0131r. \u0130\u015fte bu d\u00fc\u015f\u00fcnceyi as\u0131rlar \u00f6ncesinden g\u00fcn\u00fcm\u00fcze ta\u015f\u0131yan me\u015fhur bir s\u00f6z vard\u0131r: \u201cHaz\u0131r ol cenge e\u011fer ister isen sulh-u salah.\u201d [&hellip;]<\/p>\n","protected":false},"author":1,"featured_media":35179,"comment_status":"open","ping_status":"open","sticky":false,"template":"","format":"standard","meta":{"jnews-multi-image_gallery":[],"jnews_single_post":[],"jnews_primary_category":[],"footnotes":""},"categories":[1],"tags":[],"class_list":["post-35178","post","type-post","status-publish","format-standard","has-post-thumbnail","hentry","category-kibris"],"yoast_head":"<!-- This site is optimized with the Yoast SEO plugin v27.5 - https:\/\/yoast.com\/product\/yoast-seo-wordpress\/ -->\n<title>Bar\u0131\u015f \u0130steyen Sava\u015fa Haz\u0131r Olmal\u0131d\u0131r - Haber Kuzey<\/title>\n<meta name=\"robots\" content=\"index, follow, max-snippet:-1, max-image-preview:large, max-video-preview:-1\" \/>\n<link rel=\"canonical\" href=\"https:\/\/haberkuzey.com\/index.php\/2026\/03\/10\/baris-isteyen-savasa-hazir-olmalidir\/\" \/>\n<meta property=\"og:locale\" content=\"tr_TR\" \/>\n<meta property=\"og:type\" content=\"article\" \/>\n<meta property=\"og:title\" content=\"Bar\u0131\u015f \u0130steyen Sava\u015fa Haz\u0131r Olmal\u0131d\u0131r - Haber Kuzey\" \/>\n<meta property=\"og:description\" content=\"Tarih boyunca devletlerin ve milletlerin ayakta kalmas\u0131n\u0131 sa\u011flayan en \u00f6nemli unsurlardan biri g\u00fc\u00e7l\u00fc olmalar\u0131d\u0131r. G\u00fc\u00e7 yaln\u0131zca ekonomik ya da siyasi de\u011fildir; ayn\u0131 zamanda askeri haz\u0131rl\u0131k ve cayd\u0131r\u0131c\u0131l\u0131k da bir devletin varl\u0131\u011f\u0131n\u0131 g\u00fcvence alt\u0131na alan temel unsurlardand\u0131r. \u0130\u015fte bu d\u00fc\u015f\u00fcnceyi as\u0131rlar \u00f6ncesinden g\u00fcn\u00fcm\u00fcze ta\u015f\u0131yan me\u015fhur bir s\u00f6z vard\u0131r: \u201cHaz\u0131r ol cenge e\u011fer ister isen sulh-u salah.\u201d [&hellip;]\" \/>\n<meta property=\"og:url\" content=\"https:\/\/haberkuzey.com\/index.php\/2026\/03\/10\/baris-isteyen-savasa-hazir-olmalidir\/\" \/>\n<meta property=\"og:site_name\" content=\"Haber Kuzey\" \/>\n<meta property=\"article:published_time\" content=\"2026-03-10T20:38:14+00:00\" \/>\n<meta name=\"author\" content=\"haberkuzey\" \/>\n<meta name=\"twitter:card\" content=\"summary_large_image\" \/>\n<meta name=\"twitter:label1\" content=\"Yazan:\" \/>\n\t<meta name=\"twitter:data1\" content=\"haberkuzey\" \/>\n\t<meta name=\"twitter:label2\" content=\"Tahmini okuma s\u00fcresi\" \/>\n\t<meta name=\"twitter:data2\" content=\"3 dakika\" \/>\n<script type=\"application\/ld+json\" class=\"yoast-schema-graph\">{\"@context\":\"https:\\\/\\\/schema.org\",\"@graph\":[{\"@type\":\"Article\",\"@id\":\"https:\\\/\\\/haberkuzey.com\\\/index.php\\\/2026\\\/03\\\/10\\\/baris-isteyen-savasa-hazir-olmalidir\\\/#article\",\"isPartOf\":{\"@id\":\"https:\\\/\\\/haberkuzey.com\\\/index.php\\\/2026\\\/03\\\/10\\\/baris-isteyen-savasa-hazir-olmalidir\\\/\"},\"author\":{\"name\":\"haberkuzey\",\"@id\":\"https:\\\/\\\/haberkuzey.com\\\/#\\\/schema\\\/person\\\/3372109ec735f9333f4fa47ebb9605ca\"},\"headline\":\"Bar\u0131\u015f \u0130steyen Sava\u015fa Haz\u0131r Olmal\u0131d\u0131r\",\"datePublished\":\"2026-03-10T20:38:14+00:00\",\"mainEntityOfPage\":{\"@id\":\"https:\\\/\\\/haberkuzey.com\\\/index.php\\\/2026\\\/03\\\/10\\\/baris-isteyen-savasa-hazir-olmalidir\\\/\"},\"wordCount\":524,\"commentCount\":0,\"image\":{\"@id\":\"https:\\\/\\\/haberkuzey.com\\\/index.php\\\/2026\\\/03\\\/10\\\/baris-isteyen-savasa-hazir-olmalidir\\\/#primaryimage\"},\"thumbnailUrl\":\"https:\\\/\\\/haberkuzey.com\\\/wp-content\\\/uploads\\\/2026\\\/03\\\/Basit-Metin-ve-Fotograf-Yeni-Sarki-Videosu-Youtube-Kucuk-Resmi-12.png\",\"articleSection\":[\"K\u0131br\u0131s\"],\"inLanguage\":\"tr\",\"potentialAction\":[{\"@type\":\"CommentAction\",\"name\":\"Comment\",\"target\":[\"https:\\\/\\\/haberkuzey.com\\\/index.php\\\/2026\\\/03\\\/10\\\/baris-isteyen-savasa-hazir-olmalidir\\\/#respond\"]}]},{\"@type\":\"WebPage\",\"@id\":\"https:\\\/\\\/haberkuzey.com\\\/index.php\\\/2026\\\/03\\\/10\\\/baris-isteyen-savasa-hazir-olmalidir\\\/\",\"url\":\"https:\\\/\\\/haberkuzey.com\\\/index.php\\\/2026\\\/03\\\/10\\\/baris-isteyen-savasa-hazir-olmalidir\\\/\",\"name\":\"Bar\u0131\u015f \u0130steyen Sava\u015fa Haz\u0131r Olmal\u0131d\u0131r - Haber Kuzey\",\"isPartOf\":{\"@id\":\"https:\\\/\\\/haberkuzey.com\\\/#website\"},\"primaryImageOfPage\":{\"@id\":\"https:\\\/\\\/haberkuzey.com\\\/index.php\\\/2026\\\/03\\\/10\\\/baris-isteyen-savasa-hazir-olmalidir\\\/#primaryimage\"},\"image\":{\"@id\":\"https:\\\/\\\/haberkuzey.com\\\/index.php\\\/2026\\\/03\\\/10\\\/baris-isteyen-savasa-hazir-olmalidir\\\/#primaryimage\"},\"thumbnailUrl\":\"https:\\\/\\\/haberkuzey.com\\\/wp-content\\\/uploads\\\/2026\\\/03\\\/Basit-Metin-ve-Fotograf-Yeni-Sarki-Videosu-Youtube-Kucuk-Resmi-12.png\",\"datePublished\":\"2026-03-10T20:38:14+00:00\",\"author\":{\"@id\":\"https:\\\/\\\/haberkuzey.com\\\/#\\\/schema\\\/person\\\/3372109ec735f9333f4fa47ebb9605ca\"},\"breadcrumb\":{\"@id\":\"https:\\\/\\\/haberkuzey.com\\\/index.php\\\/2026\\\/03\\\/10\\\/baris-isteyen-savasa-hazir-olmalidir\\\/#breadcrumb\"},\"inLanguage\":\"tr\",\"potentialAction\":[{\"@type\":\"ReadAction\",\"target\":[\"https:\\\/\\\/haberkuzey.com\\\/index.php\\\/2026\\\/03\\\/10\\\/baris-isteyen-savasa-hazir-olmalidir\\\/\"]}]},{\"@type\":\"ImageObject\",\"inLanguage\":\"tr\",\"@id\":\"https:\\\/\\\/haberkuzey.com\\\/index.php\\\/2026\\\/03\\\/10\\\/baris-isteyen-savasa-hazir-olmalidir\\\/#primaryimage\",\"url\":\"https:\\\/\\\/haberkuzey.com\\\/wp-content\\\/uploads\\\/2026\\\/03\\\/Basit-Metin-ve-Fotograf-Yeni-Sarki-Videosu-Youtube-Kucuk-Resmi-12.png\",\"contentUrl\":\"https:\\\/\\\/haberkuzey.com\\\/wp-content\\\/uploads\\\/2026\\\/03\\\/Basit-Metin-ve-Fotograf-Yeni-Sarki-Videosu-Youtube-Kucuk-Resmi-12.png\",\"width\":1280,\"height\":720},{\"@type\":\"BreadcrumbList\",\"@id\":\"https:\\\/\\\/haberkuzey.com\\\/index.php\\\/2026\\\/03\\\/10\\\/baris-isteyen-savasa-hazir-olmalidir\\\/#breadcrumb\",\"itemListElement\":[{\"@type\":\"ListItem\",\"position\":1,\"name\":\"Anasayfa\",\"item\":\"https:\\\/\\\/haberkuzey.com\\\/\"},{\"@type\":\"ListItem\",\"position\":2,\"name\":\"Bar\u0131\u015f \u0130steyen Sava\u015fa Haz\u0131r Olmal\u0131d\u0131r\"}]},{\"@type\":\"WebSite\",\"@id\":\"https:\\\/\\\/haberkuzey.com\\\/#website\",\"url\":\"https:\\\/\\\/haberkuzey.com\\\/\",\"name\":\"Haber Kuzey\",\"description\":\"Do\u011fru Haberin Adresi\",\"potentialAction\":[{\"@type\":\"SearchAction\",\"target\":{\"@type\":\"EntryPoint\",\"urlTemplate\":\"https:\\\/\\\/haberkuzey.com\\\/?s={search_term_string}\"},\"query-input\":{\"@type\":\"PropertyValueSpecification\",\"valueRequired\":true,\"valueName\":\"search_term_string\"}}],\"inLanguage\":\"tr\"},{\"@type\":\"Person\",\"@id\":\"https:\\\/\\\/haberkuzey.com\\\/#\\\/schema\\\/person\\\/3372109ec735f9333f4fa47ebb9605ca\",\"name\":\"haberkuzey\",\"image\":{\"@type\":\"ImageObject\",\"inLanguage\":\"tr\",\"@id\":\"https:\\\/\\\/secure.gravatar.com\\\/avatar\\\/f5fc875574b1575324358c3b9e6a32b8227aa5b74f3fa22e3cadb63e26fcc39c?s=96&d=mm&r=g\",\"url\":\"https:\\\/\\\/secure.gravatar.com\\\/avatar\\\/f5fc875574b1575324358c3b9e6a32b8227aa5b74f3fa22e3cadb63e26fcc39c?s=96&d=mm&r=g\",\"contentUrl\":\"https:\\\/\\\/secure.gravatar.com\\\/avatar\\\/f5fc875574b1575324358c3b9e6a32b8227aa5b74f3fa22e3cadb63e26fcc39c?s=96&d=mm&r=g\",\"caption\":\"haberkuzey\"},\"sameAs\":[\"https:\\\/\\\/haberkuzey.com\"],\"url\":\"https:\\\/\\\/haberkuzey.com\\\/index.php\\\/author\\\/haberkuzey\\\/\"}]}<\/script>\n<!-- \/ Yoast SEO plugin. -->","yoast_head_json":{"title":"Bar\u0131\u015f \u0130steyen Sava\u015fa Haz\u0131r Olmal\u0131d\u0131r - Haber Kuzey","robots":{"index":"index","follow":"follow","max-snippet":"max-snippet:-1","max-image-preview":"max-image-preview:large","max-video-preview":"max-video-preview:-1"},"canonical":"https:\/\/haberkuzey.com\/index.php\/2026\/03\/10\/baris-isteyen-savasa-hazir-olmalidir\/","og_locale":"tr_TR","og_type":"article","og_title":"Bar\u0131\u015f \u0130steyen Sava\u015fa Haz\u0131r Olmal\u0131d\u0131r - Haber Kuzey","og_description":"Tarih boyunca devletlerin ve milletlerin ayakta kalmas\u0131n\u0131 sa\u011flayan en \u00f6nemli unsurlardan biri g\u00fc\u00e7l\u00fc olmalar\u0131d\u0131r. G\u00fc\u00e7 yaln\u0131zca ekonomik ya da siyasi de\u011fildir; ayn\u0131 zamanda askeri haz\u0131rl\u0131k ve cayd\u0131r\u0131c\u0131l\u0131k da bir devletin varl\u0131\u011f\u0131n\u0131 g\u00fcvence alt\u0131na alan temel unsurlardand\u0131r. \u0130\u015fte bu d\u00fc\u015f\u00fcnceyi as\u0131rlar \u00f6ncesinden g\u00fcn\u00fcm\u00fcze ta\u015f\u0131yan me\u015fhur bir s\u00f6z vard\u0131r: \u201cHaz\u0131r ol cenge e\u011fer ister isen sulh-u salah.\u201d [&hellip;]","og_url":"https:\/\/haberkuzey.com\/index.php\/2026\/03\/10\/baris-isteyen-savasa-hazir-olmalidir\/","og_site_name":"Haber Kuzey","article_published_time":"2026-03-10T20:38:14+00:00","author":"haberkuzey","twitter_card":"summary_large_image","twitter_misc":{"Yazan:":"haberkuzey","Tahmini okuma s\u00fcresi":"3 dakika"},"schema":{"@context":"https:\/\/schema.org","@graph":[{"@type":"Article","@id":"https:\/\/haberkuzey.com\/index.php\/2026\/03\/10\/baris-isteyen-savasa-hazir-olmalidir\/#article","isPartOf":{"@id":"https:\/\/haberkuzey.com\/index.php\/2026\/03\/10\/baris-isteyen-savasa-hazir-olmalidir\/"},"author":{"name":"haberkuzey","@id":"https:\/\/haberkuzey.com\/#\/schema\/person\/3372109ec735f9333f4fa47ebb9605ca"},"headline":"Bar\u0131\u015f \u0130steyen Sava\u015fa Haz\u0131r Olmal\u0131d\u0131r","datePublished":"2026-03-10T20:38:14+00:00","mainEntityOfPage":{"@id":"https:\/\/haberkuzey.com\/index.php\/2026\/03\/10\/baris-isteyen-savasa-hazir-olmalidir\/"},"wordCount":524,"commentCount":0,"image":{"@id":"https:\/\/haberkuzey.com\/index.php\/2026\/03\/10\/baris-isteyen-savasa-hazir-olmalidir\/#primaryimage"},"thumbnailUrl":"https:\/\/haberkuzey.com\/wp-content\/uploads\/2026\/03\/Basit-Metin-ve-Fotograf-Yeni-Sarki-Videosu-Youtube-Kucuk-Resmi-12.png","articleSection":["K\u0131br\u0131s"],"inLanguage":"tr","potentialAction":[{"@type":"CommentAction","name":"Comment","target":["https:\/\/haberkuzey.com\/index.php\/2026\/03\/10\/baris-isteyen-savasa-hazir-olmalidir\/#respond"]}]},{"@type":"WebPage","@id":"https:\/\/haberkuzey.com\/index.php\/2026\/03\/10\/baris-isteyen-savasa-hazir-olmalidir\/","url":"https:\/\/haberkuzey.com\/index.php\/2026\/03\/10\/baris-isteyen-savasa-hazir-olmalidir\/","name":"Bar\u0131\u015f \u0130steyen Sava\u015fa Haz\u0131r Olmal\u0131d\u0131r - Haber Kuzey","isPartOf":{"@id":"https:\/\/haberkuzey.com\/#website"},"primaryImageOfPage":{"@id":"https:\/\/haberkuzey.com\/index.php\/2026\/03\/10\/baris-isteyen-savasa-hazir-olmalidir\/#primaryimage"},"image":{"@id":"https:\/\/haberkuzey.com\/index.php\/2026\/03\/10\/baris-isteyen-savasa-hazir-olmalidir\/#primaryimage"},"thumbnailUrl":"https:\/\/haberkuzey.com\/wp-content\/uploads\/2026\/03\/Basit-Metin-ve-Fotograf-Yeni-Sarki-Videosu-Youtube-Kucuk-Resmi-12.png","datePublished":"2026-03-10T20:38:14+00:00","author":{"@id":"https:\/\/haberkuzey.com\/#\/schema\/person\/3372109ec735f9333f4fa47ebb9605ca"},"breadcrumb":{"@id":"https:\/\/haberkuzey.com\/index.php\/2026\/03\/10\/baris-isteyen-savasa-hazir-olmalidir\/#breadcrumb"},"inLanguage":"tr","potentialAction":[{"@type":"ReadAction","target":["https:\/\/haberkuzey.com\/index.php\/2026\/03\/10\/baris-isteyen-savasa-hazir-olmalidir\/"]}]},{"@type":"ImageObject","inLanguage":"tr","@id":"https:\/\/haberkuzey.com\/index.php\/2026\/03\/10\/baris-isteyen-savasa-hazir-olmalidir\/#primaryimage","url":"https:\/\/haberkuzey.com\/wp-content\/uploads\/2026\/03\/Basit-Metin-ve-Fotograf-Yeni-Sarki-Videosu-Youtube-Kucuk-Resmi-12.png","contentUrl":"https:\/\/haberkuzey.com\/wp-content\/uploads\/2026\/03\/Basit-Metin-ve-Fotograf-Yeni-Sarki-Videosu-Youtube-Kucuk-Resmi-12.png","width":1280,"height":720},{"@type":"BreadcrumbList","@id":"https:\/\/haberkuzey.com\/index.php\/2026\/03\/10\/baris-isteyen-savasa-hazir-olmalidir\/#breadcrumb","itemListElement":[{"@type":"ListItem","position":1,"name":"Anasayfa","item":"https:\/\/haberkuzey.com\/"},{"@type":"ListItem","position":2,"name":"Bar\u0131\u015f \u0130steyen Sava\u015fa Haz\u0131r Olmal\u0131d\u0131r"}]},{"@type":"WebSite","@id":"https:\/\/haberkuzey.com\/#website","url":"https:\/\/haberkuzey.com\/","name":"Haber Kuzey","description":"Do\u011fru Haberin Adresi","potentialAction":[{"@type":"SearchAction","target":{"@type":"EntryPoint","urlTemplate":"https:\/\/haberkuzey.com\/?s={search_term_string}"},"query-input":{"@type":"PropertyValueSpecification","valueRequired":true,"valueName":"search_term_string"}}],"inLanguage":"tr"},{"@type":"Person","@id":"https:\/\/haberkuzey.com\/#\/schema\/person\/3372109ec735f9333f4fa47ebb9605ca","name":"haberkuzey","image":{"@type":"ImageObject","inLanguage":"tr","@id":"https:\/\/secure.gravatar.com\/avatar\/f5fc875574b1575324358c3b9e6a32b8227aa5b74f3fa22e3cadb63e26fcc39c?s=96&d=mm&r=g","url":"https:\/\/secure.gravatar.com\/avatar\/f5fc875574b1575324358c3b9e6a32b8227aa5b74f3fa22e3cadb63e26fcc39c?s=96&d=mm&r=g","contentUrl":"https:\/\/secure.gravatar.com\/avatar\/f5fc875574b1575324358c3b9e6a32b8227aa5b74f3fa22e3cadb63e26fcc39c?s=96&d=mm&r=g","caption":"haberkuzey"},"sameAs":["https:\/\/haberkuzey.com"],"url":"https:\/\/haberkuzey.com\/index.php\/author\/haberkuzey\/"}]}},"_links":{"self":[{"href":"https:\/\/haberkuzey.com\/index.php\/wp-json\/wp\/v2\/posts\/35178","targetHints":{"allow":["GET"]}}],"collection":[{"href":"https:\/\/haberkuzey.com\/index.php\/wp-json\/wp\/v2\/posts"}],"about":[{"href":"https:\/\/haberkuzey.com\/index.php\/wp-json\/wp\/v2\/types\/post"}],"author":[{"embeddable":true,"href":"https:\/\/haberkuzey.com\/index.php\/wp-json\/wp\/v2\/users\/1"}],"replies":[{"embeddable":true,"href":"https:\/\/haberkuzey.com\/index.php\/wp-json\/wp\/v2\/comments?post=35178"}],"version-history":[{"count":0,"href":"https:\/\/haberkuzey.com\/index.php\/wp-json\/wp\/v2\/posts\/35178\/revisions"}],"wp:featuredmedia":[{"embeddable":true,"href":"https:\/\/haberkuzey.com\/index.php\/wp-json\/wp\/v2\/media\/35179"}],"wp:attachment":[{"href":"https:\/\/haberkuzey.com\/index.php\/wp-json\/wp\/v2\/media?parent=35178"}],"wp:term":[{"taxonomy":"category","embeddable":true,"href":"https:\/\/haberkuzey.com\/index.php\/wp-json\/wp\/v2\/categories?post=35178"},{"taxonomy":"post_tag","embeddable":true,"href":"https:\/\/haberkuzey.com\/index.php\/wp-json\/wp\/v2\/tags?post=35178"}],"curies":[{"name":"wp","href":"https:\/\/api.w.org\/{rel}","templated":true}]}}