{"id":35172,"date":"2026-03-10T19:42:35","date_gmt":"2026-03-10T17:42:35","guid":{"rendered":"https:\/\/haberkuzey.com\/index.php\/2026\/03\/10\/turkiye-guvenligimizin-teminati\/"},"modified":"2026-03-10T19:42:35","modified_gmt":"2026-03-10T17:42:35","slug":"turkiye-guvenligimizin-teminati","status":"publish","type":"post","link":"https:\/\/haberkuzey.com\/index.php\/2026\/03\/10\/turkiye-guvenligimizin-teminati\/","title":{"rendered":"T\u00fcrkiye G\u00fcvenli\u011fimizin Teminat\u0131"},"content":{"rendered":"<p>&nbsp;<\/p>\n<p>Metin Atan, K\u0131br\u0131s Postas\u0131\u2019na konuk olarak yapt\u0131\u011f\u0131 de\u011ferlendirmelerde b\u00f6lgedeki sava\u015f ve g\u00fcvenlik geli\u015fmelerine ili\u015fkin \u00f6nemli a\u00e7\u0131klamalarda bulundu. Atan, Kuzey K\u0131br\u0131s T\u00fcrk Cumhuriyeti\u2019nin g\u00fcvenli\u011fi a\u00e7\u0131s\u0131ndan T\u00fcrkiye\u2019nin varl\u0131\u011f\u0131n\u0131n hayati \u00f6nem ta\u015f\u0131d\u0131\u011f\u0131n\u0131 vurgulad\u0131.<\/p>\n<p>\u201cD\u00fcnya b\u00fcy\u00fck bir gerilimin i\u00e7inde\u201d<\/p>\n<p>Atan, d\u00fcnyada bir\u00e7ok b\u00f6lgede \u00e7at\u0131\u015fmalar\u0131n s\u00fcrd\u00fc\u011f\u00fcn\u00fc belirterek k\u00fcresel \u00f6l\u00e7ekte gerilimin giderek artt\u0131\u011f\u0131na dikkat \u00e7ekti. Hindistan\u2013Pakistan, Rusya\u2013Ukrayna ve Orta Do\u011fu\u2019daki geli\u015fmelerin b\u00f6lgeyi do\u011frudan etkileyebilece\u011fini ifade eden Atan, ya\u015fanan sava\u015flar\u0131n K\u0131br\u0131s\u2019a kadar uzanan bir g\u00fcvenlik hatt\u0131 olu\u015fturdu\u011funu s\u00f6yledi.<\/p>\n<p>\u201cRum taraf\u0131n\u0131n silahlanmas\u0131 tehdit\u201d<\/p>\n<p>G\u00fcney K\u0131br\u0131s\u2019\u0131n son d\u00f6nemde artan silahlanmas\u0131n\u0131n adada yeni g\u00fcvenlik riskleri do\u011furdu\u011funu belirten Atan, b\u00f6lgedeki askeri hareketlili\u011fin toplumda tedirginlik yaratt\u0131\u011f\u0131n\u0131 dile getirdi.<\/p>\n<p>\u201cT\u00fcrkiye k\u0131rm\u0131z\u0131 \u00e7izgimiz\u201d<\/p>\n<p>T\u00fcrkiye\u2019nin KKTC i\u00e7in vazge\u00e7ilmez bir g\u00fcvenlik g\u00fcvencesi oldu\u011funu vurgulayan Atan, \u201cB\u00f6ylesi bir ortamda T\u00fcrkiye\u2019nin varl\u0131\u011f\u0131n\u0131 tart\u0131\u015fmaya a\u00e7mak do\u011fru de\u011fildir. T\u00fcrkiye \u00f6zellikle g\u00fcvenlik a\u00e7\u0131s\u0131ndan bizim k\u0131rm\u0131z\u0131 \u00e7izgimizdir\u201d ifadelerini kulland\u0131.<\/p>\n<p>T\u00fcrkiye G\u00fcvenli\u011fimizin Teminat\u0131 yaz\u0131s\u0131 ilk \u00f6nce K\u0131br\u0131s Hakikat \u00fczerinde ortaya \u00e7\u0131kt\u0131.<\/p>\n","protected":false},"excerpt":{"rendered":"<p>&nbsp; Metin Atan, K\u0131br\u0131s Postas\u0131\u2019na konuk olarak yapt\u0131\u011f\u0131 de\u011ferlendirmelerde b\u00f6lgedeki sava\u015f ve g\u00fcvenlik geli\u015fmelerine ili\u015fkin \u00f6nemli a\u00e7\u0131klamalarda bulundu. Atan, Kuzey K\u0131br\u0131s T\u00fcrk Cumhuriyeti\u2019nin g\u00fcvenli\u011fi a\u00e7\u0131s\u0131ndan T\u00fcrkiye\u2019nin varl\u0131\u011f\u0131n\u0131n hayati \u00f6nem ta\u015f\u0131d\u0131\u011f\u0131n\u0131 vurgulad\u0131. \u201cD\u00fcnya b\u00fcy\u00fck bir gerilimin i\u00e7inde\u201d Atan, d\u00fcnyada bir\u00e7ok b\u00f6lgede \u00e7at\u0131\u015fmalar\u0131n s\u00fcrd\u00fc\u011f\u00fcn\u00fc belirterek k\u00fcresel \u00f6l\u00e7ekte gerilimin giderek artt\u0131\u011f\u0131na dikkat \u00e7ekti. Hindistan\u2013Pakistan, Rusya\u2013Ukrayna ve Orta Do\u011fu\u2019daki [&hellip;]<\/p>\n","protected":false},"author":1,"featured_media":35173,"comment_status":"open","ping_status":"open","sticky":false,"template":"","format":"standard","meta":{"jnews-multi-image_gallery":[],"jnews_single_post":[],"jnews_primary_category":[],"footnotes":""},"categories":[1],"tags":[],"class_list":["post-35172","post","type-post","status-publish","format-standard","has-post-thumbnail","hentry","category-kibris"],"yoast_head":"<!-- This site is optimized with the Yoast SEO plugin v27.5 - https:\/\/yoast.com\/product\/yoast-seo-wordpress\/ -->\n<title>T\u00fcrkiye G\u00fcvenli\u011fimizin Teminat\u0131 - Haber Kuzey<\/title>\n<meta name=\"robots\" content=\"index, follow, max-snippet:-1, max-image-preview:large, max-video-preview:-1\" \/>\n<link rel=\"canonical\" href=\"https:\/\/haberkuzey.com\/index.php\/2026\/03\/10\/turkiye-guvenligimizin-teminati\/\" \/>\n<meta property=\"og:locale\" content=\"tr_TR\" \/>\n<meta property=\"og:type\" content=\"article\" \/>\n<meta property=\"og:title\" content=\"T\u00fcrkiye G\u00fcvenli\u011fimizin Teminat\u0131 - Haber Kuzey\" \/>\n<meta property=\"og:description\" content=\"&nbsp; Metin Atan, K\u0131br\u0131s Postas\u0131\u2019na konuk olarak yapt\u0131\u011f\u0131 de\u011ferlendirmelerde b\u00f6lgedeki sava\u015f ve g\u00fcvenlik geli\u015fmelerine ili\u015fkin \u00f6nemli a\u00e7\u0131klamalarda bulundu. Atan, Kuzey K\u0131br\u0131s T\u00fcrk Cumhuriyeti\u2019nin g\u00fcvenli\u011fi a\u00e7\u0131s\u0131ndan T\u00fcrkiye\u2019nin varl\u0131\u011f\u0131n\u0131n hayati \u00f6nem ta\u015f\u0131d\u0131\u011f\u0131n\u0131 vurgulad\u0131. \u201cD\u00fcnya b\u00fcy\u00fck bir gerilimin i\u00e7inde\u201d Atan, d\u00fcnyada bir\u00e7ok b\u00f6lgede \u00e7at\u0131\u015fmalar\u0131n s\u00fcrd\u00fc\u011f\u00fcn\u00fc belirterek k\u00fcresel \u00f6l\u00e7ekte gerilimin giderek artt\u0131\u011f\u0131na dikkat \u00e7ekti. Hindistan\u2013Pakistan, Rusya\u2013Ukrayna ve Orta Do\u011fu\u2019daki [&hellip;]\" \/>\n<meta property=\"og:url\" content=\"https:\/\/haberkuzey.com\/index.php\/2026\/03\/10\/turkiye-guvenligimizin-teminati\/\" \/>\n<meta property=\"og:site_name\" content=\"Haber Kuzey\" \/>\n<meta property=\"article:published_time\" content=\"2026-03-10T17:42:35+00:00\" \/>\n<meta name=\"author\" content=\"haberkuzey\" \/>\n<meta name=\"twitter:card\" content=\"summary_large_image\" \/>\n<meta name=\"twitter:label1\" content=\"Yazan:\" \/>\n\t<meta name=\"twitter:data1\" content=\"haberkuzey\" \/>\n\t<meta name=\"twitter:label2\" content=\"Tahmini okuma s\u00fcresi\" \/>\n\t<meta name=\"twitter:data2\" content=\"1 dakika\" \/>\n<script type=\"application\/ld+json\" class=\"yoast-schema-graph\">{\"@context\":\"https:\\\/\\\/schema.org\",\"@graph\":[{\"@type\":\"Article\",\"@id\":\"https:\\\/\\\/haberkuzey.com\\\/index.php\\\/2026\\\/03\\\/10\\\/turkiye-guvenligimizin-teminati\\\/#article\",\"isPartOf\":{\"@id\":\"https:\\\/\\\/haberkuzey.com\\\/index.php\\\/2026\\\/03\\\/10\\\/turkiye-guvenligimizin-teminati\\\/\"},\"author\":{\"name\":\"haberkuzey\",\"@id\":\"https:\\\/\\\/haberkuzey.com\\\/#\\\/schema\\\/person\\\/3372109ec735f9333f4fa47ebb9605ca\"},\"headline\":\"T\u00fcrkiye G\u00fcvenli\u011fimizin Teminat\u0131\",\"datePublished\":\"2026-03-10T17:42:35+00:00\",\"mainEntityOfPage\":{\"@id\":\"https:\\\/\\\/haberkuzey.com\\\/index.php\\\/2026\\\/03\\\/10\\\/turkiye-guvenligimizin-teminati\\\/\"},\"wordCount\":245,\"commentCount\":0,\"image\":{\"@id\":\"https:\\\/\\\/haberkuzey.com\\\/index.php\\\/2026\\\/03\\\/10\\\/turkiye-guvenligimizin-teminati\\\/#primaryimage\"},\"thumbnailUrl\":\"https:\\\/\\\/haberkuzey.com\\\/wp-content\\\/uploads\\\/2026\\\/03\\\/Basit-Metin-ve-Fotograf-Yeni-Sarki-Videosu-Youtube-Kucuk-Resmi-11.png\",\"articleSection\":[\"K\u0131br\u0131s\"],\"inLanguage\":\"tr\",\"potentialAction\":[{\"@type\":\"CommentAction\",\"name\":\"Comment\",\"target\":[\"https:\\\/\\\/haberkuzey.com\\\/index.php\\\/2026\\\/03\\\/10\\\/turkiye-guvenligimizin-teminati\\\/#respond\"]}]},{\"@type\":\"WebPage\",\"@id\":\"https:\\\/\\\/haberkuzey.com\\\/index.php\\\/2026\\\/03\\\/10\\\/turkiye-guvenligimizin-teminati\\\/\",\"url\":\"https:\\\/\\\/haberkuzey.com\\\/index.php\\\/2026\\\/03\\\/10\\\/turkiye-guvenligimizin-teminati\\\/\",\"name\":\"T\u00fcrkiye G\u00fcvenli\u011fimizin Teminat\u0131 - Haber Kuzey\",\"isPartOf\":{\"@id\":\"https:\\\/\\\/haberkuzey.com\\\/#website\"},\"primaryImageOfPage\":{\"@id\":\"https:\\\/\\\/haberkuzey.com\\\/index.php\\\/2026\\\/03\\\/10\\\/turkiye-guvenligimizin-teminati\\\/#primaryimage\"},\"image\":{\"@id\":\"https:\\\/\\\/haberkuzey.com\\\/index.php\\\/2026\\\/03\\\/10\\\/turkiye-guvenligimizin-teminati\\\/#primaryimage\"},\"thumbnailUrl\":\"https:\\\/\\\/haberkuzey.com\\\/wp-content\\\/uploads\\\/2026\\\/03\\\/Basit-Metin-ve-Fotograf-Yeni-Sarki-Videosu-Youtube-Kucuk-Resmi-11.png\",\"datePublished\":\"2026-03-10T17:42:35+00:00\",\"author\":{\"@id\":\"https:\\\/\\\/haberkuzey.com\\\/#\\\/schema\\\/person\\\/3372109ec735f9333f4fa47ebb9605ca\"},\"breadcrumb\":{\"@id\":\"https:\\\/\\\/haberkuzey.com\\\/index.php\\\/2026\\\/03\\\/10\\\/turkiye-guvenligimizin-teminati\\\/#breadcrumb\"},\"inLanguage\":\"tr\",\"potentialAction\":[{\"@type\":\"ReadAction\",\"target\":[\"https:\\\/\\\/haberkuzey.com\\\/index.php\\\/2026\\\/03\\\/10\\\/turkiye-guvenligimizin-teminati\\\/\"]}]},{\"@type\":\"ImageObject\",\"inLanguage\":\"tr\",\"@id\":\"https:\\\/\\\/haberkuzey.com\\\/index.php\\\/2026\\\/03\\\/10\\\/turkiye-guvenligimizin-teminati\\\/#primaryimage\",\"url\":\"https:\\\/\\\/haberkuzey.com\\\/wp-content\\\/uploads\\\/2026\\\/03\\\/Basit-Metin-ve-Fotograf-Yeni-Sarki-Videosu-Youtube-Kucuk-Resmi-11.png\",\"contentUrl\":\"https:\\\/\\\/haberkuzey.com\\\/wp-content\\\/uploads\\\/2026\\\/03\\\/Basit-Metin-ve-Fotograf-Yeni-Sarki-Videosu-Youtube-Kucuk-Resmi-11.png\",\"width\":1280,\"height\":720},{\"@type\":\"BreadcrumbList\",\"@id\":\"https:\\\/\\\/haberkuzey.com\\\/index.php\\\/2026\\\/03\\\/10\\\/turkiye-guvenligimizin-teminati\\\/#breadcrumb\",\"itemListElement\":[{\"@type\":\"ListItem\",\"position\":1,\"name\":\"Anasayfa\",\"item\":\"https:\\\/\\\/haberkuzey.com\\\/\"},{\"@type\":\"ListItem\",\"position\":2,\"name\":\"T\u00fcrkiye G\u00fcvenli\u011fimizin Teminat\u0131\"}]},{\"@type\":\"WebSite\",\"@id\":\"https:\\\/\\\/haberkuzey.com\\\/#website\",\"url\":\"https:\\\/\\\/haberkuzey.com\\\/\",\"name\":\"Haber Kuzey\",\"description\":\"Do\u011fru Haberin Adresi\",\"potentialAction\":[{\"@type\":\"SearchAction\",\"target\":{\"@type\":\"EntryPoint\",\"urlTemplate\":\"https:\\\/\\\/haberkuzey.com\\\/?s={search_term_string}\"},\"query-input\":{\"@type\":\"PropertyValueSpecification\",\"valueRequired\":true,\"valueName\":\"search_term_string\"}}],\"inLanguage\":\"tr\"},{\"@type\":\"Person\",\"@id\":\"https:\\\/\\\/haberkuzey.com\\\/#\\\/schema\\\/person\\\/3372109ec735f9333f4fa47ebb9605ca\",\"name\":\"haberkuzey\",\"image\":{\"@type\":\"ImageObject\",\"inLanguage\":\"tr\",\"@id\":\"https:\\\/\\\/secure.gravatar.com\\\/avatar\\\/f5fc875574b1575324358c3b9e6a32b8227aa5b74f3fa22e3cadb63e26fcc39c?s=96&d=mm&r=g\",\"url\":\"https:\\\/\\\/secure.gravatar.com\\\/avatar\\\/f5fc875574b1575324358c3b9e6a32b8227aa5b74f3fa22e3cadb63e26fcc39c?s=96&d=mm&r=g\",\"contentUrl\":\"https:\\\/\\\/secure.gravatar.com\\\/avatar\\\/f5fc875574b1575324358c3b9e6a32b8227aa5b74f3fa22e3cadb63e26fcc39c?s=96&d=mm&r=g\",\"caption\":\"haberkuzey\"},\"sameAs\":[\"https:\\\/\\\/haberkuzey.com\"],\"url\":\"https:\\\/\\\/haberkuzey.com\\\/index.php\\\/author\\\/haberkuzey\\\/\"}]}<\/script>\n<!-- \/ Yoast SEO plugin. -->","yoast_head_json":{"title":"T\u00fcrkiye G\u00fcvenli\u011fimizin Teminat\u0131 - Haber Kuzey","robots":{"index":"index","follow":"follow","max-snippet":"max-snippet:-1","max-image-preview":"max-image-preview:large","max-video-preview":"max-video-preview:-1"},"canonical":"https:\/\/haberkuzey.com\/index.php\/2026\/03\/10\/turkiye-guvenligimizin-teminati\/","og_locale":"tr_TR","og_type":"article","og_title":"T\u00fcrkiye G\u00fcvenli\u011fimizin Teminat\u0131 - Haber Kuzey","og_description":"&nbsp; Metin Atan, K\u0131br\u0131s Postas\u0131\u2019na konuk olarak yapt\u0131\u011f\u0131 de\u011ferlendirmelerde b\u00f6lgedeki sava\u015f ve g\u00fcvenlik geli\u015fmelerine ili\u015fkin \u00f6nemli a\u00e7\u0131klamalarda bulundu. Atan, Kuzey K\u0131br\u0131s T\u00fcrk Cumhuriyeti\u2019nin g\u00fcvenli\u011fi a\u00e7\u0131s\u0131ndan T\u00fcrkiye\u2019nin varl\u0131\u011f\u0131n\u0131n hayati \u00f6nem ta\u015f\u0131d\u0131\u011f\u0131n\u0131 vurgulad\u0131. \u201cD\u00fcnya b\u00fcy\u00fck bir gerilimin i\u00e7inde\u201d Atan, d\u00fcnyada bir\u00e7ok b\u00f6lgede \u00e7at\u0131\u015fmalar\u0131n s\u00fcrd\u00fc\u011f\u00fcn\u00fc belirterek k\u00fcresel \u00f6l\u00e7ekte gerilimin giderek artt\u0131\u011f\u0131na dikkat \u00e7ekti. Hindistan\u2013Pakistan, Rusya\u2013Ukrayna ve Orta Do\u011fu\u2019daki [&hellip;]","og_url":"https:\/\/haberkuzey.com\/index.php\/2026\/03\/10\/turkiye-guvenligimizin-teminati\/","og_site_name":"Haber Kuzey","article_published_time":"2026-03-10T17:42:35+00:00","author":"haberkuzey","twitter_card":"summary_large_image","twitter_misc":{"Yazan:":"haberkuzey","Tahmini okuma s\u00fcresi":"1 dakika"},"schema":{"@context":"https:\/\/schema.org","@graph":[{"@type":"Article","@id":"https:\/\/haberkuzey.com\/index.php\/2026\/03\/10\/turkiye-guvenligimizin-teminati\/#article","isPartOf":{"@id":"https:\/\/haberkuzey.com\/index.php\/2026\/03\/10\/turkiye-guvenligimizin-teminati\/"},"author":{"name":"haberkuzey","@id":"https:\/\/haberkuzey.com\/#\/schema\/person\/3372109ec735f9333f4fa47ebb9605ca"},"headline":"T\u00fcrkiye G\u00fcvenli\u011fimizin Teminat\u0131","datePublished":"2026-03-10T17:42:35+00:00","mainEntityOfPage":{"@id":"https:\/\/haberkuzey.com\/index.php\/2026\/03\/10\/turkiye-guvenligimizin-teminati\/"},"wordCount":245,"commentCount":0,"image":{"@id":"https:\/\/haberkuzey.com\/index.php\/2026\/03\/10\/turkiye-guvenligimizin-teminati\/#primaryimage"},"thumbnailUrl":"https:\/\/haberkuzey.com\/wp-content\/uploads\/2026\/03\/Basit-Metin-ve-Fotograf-Yeni-Sarki-Videosu-Youtube-Kucuk-Resmi-11.png","articleSection":["K\u0131br\u0131s"],"inLanguage":"tr","potentialAction":[{"@type":"CommentAction","name":"Comment","target":["https:\/\/haberkuzey.com\/index.php\/2026\/03\/10\/turkiye-guvenligimizin-teminati\/#respond"]}]},{"@type":"WebPage","@id":"https:\/\/haberkuzey.com\/index.php\/2026\/03\/10\/turkiye-guvenligimizin-teminati\/","url":"https:\/\/haberkuzey.com\/index.php\/2026\/03\/10\/turkiye-guvenligimizin-teminati\/","name":"T\u00fcrkiye G\u00fcvenli\u011fimizin Teminat\u0131 - Haber Kuzey","isPartOf":{"@id":"https:\/\/haberkuzey.com\/#website"},"primaryImageOfPage":{"@id":"https:\/\/haberkuzey.com\/index.php\/2026\/03\/10\/turkiye-guvenligimizin-teminati\/#primaryimage"},"image":{"@id":"https:\/\/haberkuzey.com\/index.php\/2026\/03\/10\/turkiye-guvenligimizin-teminati\/#primaryimage"},"thumbnailUrl":"https:\/\/haberkuzey.com\/wp-content\/uploads\/2026\/03\/Basit-Metin-ve-Fotograf-Yeni-Sarki-Videosu-Youtube-Kucuk-Resmi-11.png","datePublished":"2026-03-10T17:42:35+00:00","author":{"@id":"https:\/\/haberkuzey.com\/#\/schema\/person\/3372109ec735f9333f4fa47ebb9605ca"},"breadcrumb":{"@id":"https:\/\/haberkuzey.com\/index.php\/2026\/03\/10\/turkiye-guvenligimizin-teminati\/#breadcrumb"},"inLanguage":"tr","potentialAction":[{"@type":"ReadAction","target":["https:\/\/haberkuzey.com\/index.php\/2026\/03\/10\/turkiye-guvenligimizin-teminati\/"]}]},{"@type":"ImageObject","inLanguage":"tr","@id":"https:\/\/haberkuzey.com\/index.php\/2026\/03\/10\/turkiye-guvenligimizin-teminati\/#primaryimage","url":"https:\/\/haberkuzey.com\/wp-content\/uploads\/2026\/03\/Basit-Metin-ve-Fotograf-Yeni-Sarki-Videosu-Youtube-Kucuk-Resmi-11.png","contentUrl":"https:\/\/haberkuzey.com\/wp-content\/uploads\/2026\/03\/Basit-Metin-ve-Fotograf-Yeni-Sarki-Videosu-Youtube-Kucuk-Resmi-11.png","width":1280,"height":720},{"@type":"BreadcrumbList","@id":"https:\/\/haberkuzey.com\/index.php\/2026\/03\/10\/turkiye-guvenligimizin-teminati\/#breadcrumb","itemListElement":[{"@type":"ListItem","position":1,"name":"Anasayfa","item":"https:\/\/haberkuzey.com\/"},{"@type":"ListItem","position":2,"name":"T\u00fcrkiye G\u00fcvenli\u011fimizin Teminat\u0131"}]},{"@type":"WebSite","@id":"https:\/\/haberkuzey.com\/#website","url":"https:\/\/haberkuzey.com\/","name":"Haber Kuzey","description":"Do\u011fru Haberin Adresi","potentialAction":[{"@type":"SearchAction","target":{"@type":"EntryPoint","urlTemplate":"https:\/\/haberkuzey.com\/?s={search_term_string}"},"query-input":{"@type":"PropertyValueSpecification","valueRequired":true,"valueName":"search_term_string"}}],"inLanguage":"tr"},{"@type":"Person","@id":"https:\/\/haberkuzey.com\/#\/schema\/person\/3372109ec735f9333f4fa47ebb9605ca","name":"haberkuzey","image":{"@type":"ImageObject","inLanguage":"tr","@id":"https:\/\/secure.gravatar.com\/avatar\/f5fc875574b1575324358c3b9e6a32b8227aa5b74f3fa22e3cadb63e26fcc39c?s=96&d=mm&r=g","url":"https:\/\/secure.gravatar.com\/avatar\/f5fc875574b1575324358c3b9e6a32b8227aa5b74f3fa22e3cadb63e26fcc39c?s=96&d=mm&r=g","contentUrl":"https:\/\/secure.gravatar.com\/avatar\/f5fc875574b1575324358c3b9e6a32b8227aa5b74f3fa22e3cadb63e26fcc39c?s=96&d=mm&r=g","caption":"haberkuzey"},"sameAs":["https:\/\/haberkuzey.com"],"url":"https:\/\/haberkuzey.com\/index.php\/author\/haberkuzey\/"}]}},"_links":{"self":[{"href":"https:\/\/haberkuzey.com\/index.php\/wp-json\/wp\/v2\/posts\/35172","targetHints":{"allow":["GET"]}}],"collection":[{"href":"https:\/\/haberkuzey.com\/index.php\/wp-json\/wp\/v2\/posts"}],"about":[{"href":"https:\/\/haberkuzey.com\/index.php\/wp-json\/wp\/v2\/types\/post"}],"author":[{"embeddable":true,"href":"https:\/\/haberkuzey.com\/index.php\/wp-json\/wp\/v2\/users\/1"}],"replies":[{"embeddable":true,"href":"https:\/\/haberkuzey.com\/index.php\/wp-json\/wp\/v2\/comments?post=35172"}],"version-history":[{"count":0,"href":"https:\/\/haberkuzey.com\/index.php\/wp-json\/wp\/v2\/posts\/35172\/revisions"}],"wp:featuredmedia":[{"embeddable":true,"href":"https:\/\/haberkuzey.com\/index.php\/wp-json\/wp\/v2\/media\/35173"}],"wp:attachment":[{"href":"https:\/\/haberkuzey.com\/index.php\/wp-json\/wp\/v2\/media?parent=35172"}],"wp:term":[{"taxonomy":"category","embeddable":true,"href":"https:\/\/haberkuzey.com\/index.php\/wp-json\/wp\/v2\/categories?post=35172"},{"taxonomy":"post_tag","embeddable":true,"href":"https:\/\/haberkuzey.com\/index.php\/wp-json\/wp\/v2\/tags?post=35172"}],"curies":[{"name":"wp","href":"https:\/\/api.w.org\/{rel}","templated":true}]}}