{"id":35168,"date":"2026-03-10T14:17:09","date_gmt":"2026-03-10T12:17:09","guid":{"rendered":"https:\/\/haberkuzey.com\/index.php\/2026\/03\/10\/irsen-kucuk-7nci-olum-yil-yonumde-kabri-basinda-anildi\/"},"modified":"2026-03-10T14:17:09","modified_gmt":"2026-03-10T12:17:09","slug":"irsen-kucuk-7nci-olum-yil-yonumde-kabri-basinda-anildi","status":"publish","type":"post","link":"https:\/\/haberkuzey.com\/index.php\/2026\/03\/10\/irsen-kucuk-7nci-olum-yil-yonumde-kabri-basinda-anildi\/","title":{"rendered":"\u0130rsen K\u00fc\u00e7\u00fck 7\u2019nci \u00f6l\u00fcm y\u0131l y\u00f6n\u00fcmde kabri ba\u015f\u0131nda an\u0131ld\u0131"},"content":{"rendered":"<p>Ulusal Birlik Partisi (UBP) genel ba\u015fkanlar\u0131ndan eski Ba\u015fbakan\u00a0\u0130rsen K\u00fc\u00e7\u00fck, 7\u2019nci\u00a0\u00f6l\u00fcm\u00a0y\u0131l d\u00f6n\u00fcm\u00fcnde kabri ba\u015f\u0131nda an\u0131ld\u0131.<\/p>\n<p>Anma t\u00f6renine \u0130rsen K\u00fc\u00e7\u00fck\u2019\u00fcn ailesi, Cumhuriyet Meclisi Ba\u015fkan\u0131 Ziya \u00d6zt\u00fcrkler, Ba\u015fbakan \u00dcnal \u00dcstel, T\u00fcrkiye Cumhuriyeti Lefko\u015fa B\u00fcy\u00fckel\u00e7isi Ali Murat Ba\u015f\u00e7eri, Ana Muhalefet CTP Genel Ba\u015fkan\u0131 S\u0131la Usar \u0130ncirli, baz\u0131 bakanlar, milletvekilleri ve yetkililer kat\u0131ld\u0131.<\/p>\n<p>Aile ad\u0131na Feridun Adahan, Ba\u015fbakan \u00dcnal \u00dcstel,\u00a0CTP Genel Ba\u015fkan\u0131 S\u0131la Usar \u0130ncirli\u2019nin\u00a0konu\u015fma yapt\u0131\u011f\u0131 t\u00f6rende,\u00a0sayg\u0131 duru\u015funda bulunuldu ve \u0130stiklal Mar\u015f\u0131 okundu.<\/p>\n<p>\u0130rsen K\u00fc\u00e7\u00fck Ortaokulu \u00f6\u011frencilerinin \u015fiir okudu\u011fu t\u00f6ren, dua ve K\u00fc\u00e7\u00fck\u2019\u00fcn kabrine karanfil b\u0131rak\u0131lmas\u0131yla sona erdi.<\/p>\n<p>\u00dcnal \u00dcstel<\/p>\n<p>Ba\u015fbakan \u00dcnal \u00dcstel t\u00f6rende yapt\u0131\u011f\u0131 konu\u015fmada, \u00fclkesini seven\u00a0\u0130rsen K\u00fc\u00e7\u00fck&#8217;\u00fcn\u00a0\u00a0K\u0131br\u0131s T\u00fcrk\u00fc i\u00e7in varolu\u015f m\u00fccadelesi verdi\u011fini belirtti.<\/p>\n<p>K\u00fc\u00e7\u00fck\u2019\u00fcn, \u00fclkenin lokomotif sekt\u00f6rlerinden biri olan tar\u0131mda en uzun s\u00fcre bakanl\u0131k yapan ki\u015fi olarak bu alana m\u00fchr\u00fcn\u00fc, damgas\u0131n\u0131 vurdu\u011funu s\u00f6yledi.<\/p>\n<p>Tar\u0131m ve hayvanc\u0131l\u0131k alan\u0131na b\u00fcy\u00fck hizmetler veren \u0130rsen K\u00fc\u00e7\u00fck\u2019\u00fcn hayvan ihra\u00e7 eden ilk tar\u0131m bakanlar\u0131ndan oldu\u011funu da kaydeden \u00dcstel, \u201c\u0130rsen K\u00fc\u00e7\u00fck\u2019\u00fcn, Ulusal Birlik Partisi Genel Ba\u015fkanl\u0131\u011f\u0131 ve Ba\u015fbakanl\u0131k d\u00f6neminde K\u0131br\u0131s tarihinde yeni bir sayfa a\u00e7\u0131ld\u0131.\u201d dedi.<\/p>\n<p>Ba\u015fbakan \u00dcnal \u00dcstel,\u00a0T\u00fcrkiye&#8217;den deniz alt\u0131 ba\u011flant\u0131yla adaya su getirilmesi projesinin ilk ad\u0131m\u0131n\u0131n K\u00fc\u00e7\u00fck\u2019\u00fcn Ba\u015fbakanl\u0131\u011f\u0131 d\u00f6neminde imzalanan protokolle at\u0131ld\u0131\u011f\u0131n\u0131,\u00a0yar\u0131m kalan projelerin de kendi h\u00fck\u00fcmetleri d\u00f6neminde tamamland\u0131\u011f\u0131n\u0131 vurgulad\u0131.<\/p>\n<p>Ba\u015fbakan \u00dcstel, K\u00fc\u00e7\u00fck\u2019\u00fc sayg\u0131, minnet ve rahmetle and\u0131.<\/p>\n<p>SILA USAR \u0130NC\u0130RL\u0130<\/p>\n<p>CTP Genel Ba\u015fkan\u0131 S\u0131la Usar \u0130ncirli,\u00a0 Erenk\u00f6y&#8217;e m\u00fccahit olarak \u00e7\u0131kan\u00a0\u0130rsen K\u00fc\u00e7\u00fck&#8217;\u00fcn\u00a0\u00fclkesini m\u00fcdafaa etmek i\u00e7in gen\u00e7lik y\u0131llar\u0131ndan itibaren kendini yap\u0131land\u0131rd\u0131\u011f\u0131n\u0131 s\u00f6yledi.<\/p>\n<p>\u0130ncirli, ziraat m\u00fchendisi olarak \u00fclkeye gelen K\u00fc\u00e7\u00fck&#8217;\u00fcn bu alanla\u00a0ilgili \u00e7al\u0131\u015fmalar\u0131n temelini att\u0131\u011f\u0131n\u0131, bu temellerin \u00fczerine devlet kurumlar\u0131n\u0131n in\u015fa edildi\u011fini belirtti.<\/p>\n<p>\u201c\u0130rsen K\u00fc\u00e7\u00fck hem siyasette hem de meslek ya\u015fam\u0131nda \u00f6nemli \u00e7al\u0131\u015fmalar yapm\u0131\u015f bir ki\u015fi olarak hat\u0131ralarda kalacak.\u201d diyen \u0130ncirli,\u00a0K\u00fc\u00e7\u00fck\u2019\u00fcn, ailesine, dostlar\u0131na ve halk\u0131na d\u00fc\u015fk\u00fcn bir siyaset\u00e7i oldu\u011funu s\u00f6yledi.<\/p>\n<p>CTP Genel Ba\u015fkan\u0131 S\u0131la Usar \u0130ncirli,\u00a0mesle\u011fini halk\u0131 ve \u00fclkesinin var olmas\u0131 i\u00e7in en iyi \u015fekilde y\u00fcr\u00fcten\u00a0K\u00fc\u00e7\u00fck&#8217;\u00fc sayg\u0131 ve minnetle and\u0131klar\u0131n\u0131 ifade etti.<\/p>\n<p>FER\u0130DUN ADAHAN<\/p>\n<p>\u0130rsen K\u00fc\u00e7\u00fck\u2019\u00fcn ailesi ad\u0131na konu\u015fma yapan Feridun Adahan ise, \u0130rsen K\u00fc\u00e7\u00fck&#8217;\u00fcn geride b\u0131rakt\u0131\u011f\u0131 eserler ve topluma emanet etti\u011fi fedakarl\u0131klar\u0131n, siyaset yapanlara ve yapacak olanlara rehber olaca\u011f\u0131n\u0131 s\u00f6yledi.<\/p>\n<p>\u201c\u0130rsen K\u00fc\u00e7\u00fck, ger\u00e7ek bir vatanseverdi ve \u015fahsi \u00e7\u0131karlar\u0131n\u0131 d\u00fc\u015f\u00fcnmeden fedakarl\u0131kla hizmet etti.\u201d diyen Adahan, K\u00fc\u00e7\u00fck\u2019\u00fcn, Erenk\u00f6y M\u00fccahitler Cemiyeti&#8217;ni kurdu\u011funu, 14 y\u0131l Tar\u0131m Bakanl\u0131\u011f\u0131 yapt\u0131\u011f\u0131n\u0131 ve Ziraat M\u00fchendisleri Odas\u0131&#8217;n\u0131 kurdu\u011funu hat\u0131rlatt\u0131.<\/p>\n<p>Adahan, T\u00fcrkiye&#8217;den su getirilmesi ve \u00e7evre yolu projelerine de i\u015faret etti\u011fi konu\u015fmas\u0131nda, Ba\u015fbakan \u00dcnal \u00dcstel\u2019e de te\u015fekk\u00fcr etti<\/p>\n<p>&nbsp;<\/p>\n<p>\u0130rsen K\u00fc\u00e7\u00fck 7&#8217;nci \u00f6l\u00fcm y\u0131l y\u00f6n\u00fcmde kabri ba\u015f\u0131nda an\u0131ld\u0131 yaz\u0131s\u0131 ilk \u00f6nce K\u0131br\u0131s Hakikat \u00fczerinde ortaya \u00e7\u0131kt\u0131.<\/p>\n","protected":false},"excerpt":{"rendered":"<p>Ulusal Birlik Partisi (UBP) genel ba\u015fkanlar\u0131ndan eski Ba\u015fbakan\u00a0\u0130rsen K\u00fc\u00e7\u00fck, 7\u2019nci\u00a0\u00f6l\u00fcm\u00a0y\u0131l d\u00f6n\u00fcm\u00fcnde kabri ba\u015f\u0131nda an\u0131ld\u0131. Anma t\u00f6renine \u0130rsen K\u00fc\u00e7\u00fck\u2019\u00fcn ailesi, Cumhuriyet Meclisi Ba\u015fkan\u0131 Ziya \u00d6zt\u00fcrkler, Ba\u015fbakan \u00dcnal \u00dcstel, T\u00fcrkiye Cumhuriyeti Lefko\u015fa B\u00fcy\u00fckel\u00e7isi Ali Murat Ba\u015f\u00e7eri, Ana Muhalefet CTP Genel Ba\u015fkan\u0131 S\u0131la Usar \u0130ncirli, baz\u0131 bakanlar, milletvekilleri ve yetkililer kat\u0131ld\u0131. Aile ad\u0131na Feridun Adahan, Ba\u015fbakan \u00dcnal \u00dcstel,\u00a0CTP [&hellip;]<\/p>\n","protected":false},"author":1,"featured_media":35169,"comment_status":"open","ping_status":"open","sticky":false,"template":"","format":"standard","meta":{"jnews-multi-image_gallery":[],"jnews_single_post":[],"jnews_primary_category":[],"footnotes":""},"categories":[1],"tags":[],"class_list":["post-35168","post","type-post","status-publish","format-standard","has-post-thumbnail","hentry","category-kibris"],"yoast_head":"<!-- This site is optimized with the Yoast SEO plugin v27.5 - https:\/\/yoast.com\/product\/yoast-seo-wordpress\/ -->\n<title>\u0130rsen K\u00fc\u00e7\u00fck 7\u2019nci \u00f6l\u00fcm y\u0131l y\u00f6n\u00fcmde kabri ba\u015f\u0131nda an\u0131ld\u0131 - Haber Kuzey<\/title>\n<meta name=\"robots\" content=\"index, follow, max-snippet:-1, max-image-preview:large, max-video-preview:-1\" \/>\n<link rel=\"canonical\" href=\"https:\/\/haberkuzey.com\/index.php\/2026\/03\/10\/irsen-kucuk-7nci-olum-yil-yonumde-kabri-basinda-anildi\/\" \/>\n<meta property=\"og:locale\" content=\"tr_TR\" \/>\n<meta property=\"og:type\" content=\"article\" \/>\n<meta property=\"og:title\" content=\"\u0130rsen K\u00fc\u00e7\u00fck 7\u2019nci \u00f6l\u00fcm y\u0131l y\u00f6n\u00fcmde kabri ba\u015f\u0131nda an\u0131ld\u0131 - Haber Kuzey\" \/>\n<meta property=\"og:description\" content=\"Ulusal Birlik Partisi (UBP) genel ba\u015fkanlar\u0131ndan eski Ba\u015fbakan\u00a0\u0130rsen K\u00fc\u00e7\u00fck, 7\u2019nci\u00a0\u00f6l\u00fcm\u00a0y\u0131l d\u00f6n\u00fcm\u00fcnde kabri ba\u015f\u0131nda an\u0131ld\u0131. Anma t\u00f6renine \u0130rsen K\u00fc\u00e7\u00fck\u2019\u00fcn ailesi, Cumhuriyet Meclisi Ba\u015fkan\u0131 Ziya \u00d6zt\u00fcrkler, Ba\u015fbakan \u00dcnal \u00dcstel, T\u00fcrkiye Cumhuriyeti Lefko\u015fa B\u00fcy\u00fckel\u00e7isi Ali Murat Ba\u015f\u00e7eri, Ana Muhalefet CTP Genel Ba\u015fkan\u0131 S\u0131la Usar \u0130ncirli, baz\u0131 bakanlar, milletvekilleri ve yetkililer kat\u0131ld\u0131. Aile ad\u0131na Feridun Adahan, Ba\u015fbakan \u00dcnal \u00dcstel,\u00a0CTP [&hellip;]\" \/>\n<meta property=\"og:url\" content=\"https:\/\/haberkuzey.com\/index.php\/2026\/03\/10\/irsen-kucuk-7nci-olum-yil-yonumde-kabri-basinda-anildi\/\" \/>\n<meta property=\"og:site_name\" content=\"Haber Kuzey\" \/>\n<meta property=\"article:published_time\" content=\"2026-03-10T12:17:09+00:00\" \/>\n<meta name=\"author\" content=\"haberkuzey\" \/>\n<meta name=\"twitter:card\" content=\"summary_large_image\" \/>\n<meta name=\"twitter:label1\" content=\"Yazan:\" \/>\n\t<meta name=\"twitter:data1\" content=\"haberkuzey\" \/>\n\t<meta name=\"twitter:label2\" content=\"Tahmini okuma s\u00fcresi\" \/>\n\t<meta name=\"twitter:data2\" content=\"3 dakika\" \/>\n<script type=\"application\/ld+json\" class=\"yoast-schema-graph\">{\"@context\":\"https:\\\/\\\/schema.org\",\"@graph\":[{\"@type\":\"Article\",\"@id\":\"https:\\\/\\\/haberkuzey.com\\\/index.php\\\/2026\\\/03\\\/10\\\/irsen-kucuk-7nci-olum-yil-yonumde-kabri-basinda-anildi\\\/#article\",\"isPartOf\":{\"@id\":\"https:\\\/\\\/haberkuzey.com\\\/index.php\\\/2026\\\/03\\\/10\\\/irsen-kucuk-7nci-olum-yil-yonumde-kabri-basinda-anildi\\\/\"},\"author\":{\"name\":\"haberkuzey\",\"@id\":\"https:\\\/\\\/haberkuzey.com\\\/#\\\/schema\\\/person\\\/3372109ec735f9333f4fa47ebb9605ca\"},\"headline\":\"\u0130rsen K\u00fc\u00e7\u00fck 7\u2019nci \u00f6l\u00fcm y\u0131l y\u00f6n\u00fcmde kabri ba\u015f\u0131nda an\u0131ld\u0131\",\"datePublished\":\"2026-03-10T12:17:09+00:00\",\"mainEntityOfPage\":{\"@id\":\"https:\\\/\\\/haberkuzey.com\\\/index.php\\\/2026\\\/03\\\/10\\\/irsen-kucuk-7nci-olum-yil-yonumde-kabri-basinda-anildi\\\/\"},\"wordCount\":616,\"commentCount\":0,\"image\":{\"@id\":\"https:\\\/\\\/haberkuzey.com\\\/index.php\\\/2026\\\/03\\\/10\\\/irsen-kucuk-7nci-olum-yil-yonumde-kabri-basinda-anildi\\\/#primaryimage\"},\"thumbnailUrl\":\"https:\\\/\\\/haberkuzey.com\\\/wp-content\\\/uploads\\\/2026\\\/03\\\/IMG_8018.jpeg\",\"articleSection\":[\"K\u0131br\u0131s\"],\"inLanguage\":\"tr\",\"potentialAction\":[{\"@type\":\"CommentAction\",\"name\":\"Comment\",\"target\":[\"https:\\\/\\\/haberkuzey.com\\\/index.php\\\/2026\\\/03\\\/10\\\/irsen-kucuk-7nci-olum-yil-yonumde-kabri-basinda-anildi\\\/#respond\"]}]},{\"@type\":\"WebPage\",\"@id\":\"https:\\\/\\\/haberkuzey.com\\\/index.php\\\/2026\\\/03\\\/10\\\/irsen-kucuk-7nci-olum-yil-yonumde-kabri-basinda-anildi\\\/\",\"url\":\"https:\\\/\\\/haberkuzey.com\\\/index.php\\\/2026\\\/03\\\/10\\\/irsen-kucuk-7nci-olum-yil-yonumde-kabri-basinda-anildi\\\/\",\"name\":\"\u0130rsen K\u00fc\u00e7\u00fck 7\u2019nci \u00f6l\u00fcm y\u0131l y\u00f6n\u00fcmde kabri ba\u015f\u0131nda an\u0131ld\u0131 - Haber Kuzey\",\"isPartOf\":{\"@id\":\"https:\\\/\\\/haberkuzey.com\\\/#website\"},\"primaryImageOfPage\":{\"@id\":\"https:\\\/\\\/haberkuzey.com\\\/index.php\\\/2026\\\/03\\\/10\\\/irsen-kucuk-7nci-olum-yil-yonumde-kabri-basinda-anildi\\\/#primaryimage\"},\"image\":{\"@id\":\"https:\\\/\\\/haberkuzey.com\\\/index.php\\\/2026\\\/03\\\/10\\\/irsen-kucuk-7nci-olum-yil-yonumde-kabri-basinda-anildi\\\/#primaryimage\"},\"thumbnailUrl\":\"https:\\\/\\\/haberkuzey.com\\\/wp-content\\\/uploads\\\/2026\\\/03\\\/IMG_8018.jpeg\",\"datePublished\":\"2026-03-10T12:17:09+00:00\",\"author\":{\"@id\":\"https:\\\/\\\/haberkuzey.com\\\/#\\\/schema\\\/person\\\/3372109ec735f9333f4fa47ebb9605ca\"},\"breadcrumb\":{\"@id\":\"https:\\\/\\\/haberkuzey.com\\\/index.php\\\/2026\\\/03\\\/10\\\/irsen-kucuk-7nci-olum-yil-yonumde-kabri-basinda-anildi\\\/#breadcrumb\"},\"inLanguage\":\"tr\",\"potentialAction\":[{\"@type\":\"ReadAction\",\"target\":[\"https:\\\/\\\/haberkuzey.com\\\/index.php\\\/2026\\\/03\\\/10\\\/irsen-kucuk-7nci-olum-yil-yonumde-kabri-basinda-anildi\\\/\"]}]},{\"@type\":\"ImageObject\",\"inLanguage\":\"tr\",\"@id\":\"https:\\\/\\\/haberkuzey.com\\\/index.php\\\/2026\\\/03\\\/10\\\/irsen-kucuk-7nci-olum-yil-yonumde-kabri-basinda-anildi\\\/#primaryimage\",\"url\":\"https:\\\/\\\/haberkuzey.com\\\/wp-content\\\/uploads\\\/2026\\\/03\\\/IMG_8018.jpeg\",\"contentUrl\":\"https:\\\/\\\/haberkuzey.com\\\/wp-content\\\/uploads\\\/2026\\\/03\\\/IMG_8018.jpeg\",\"width\":960,\"height\":503},{\"@type\":\"BreadcrumbList\",\"@id\":\"https:\\\/\\\/haberkuzey.com\\\/index.php\\\/2026\\\/03\\\/10\\\/irsen-kucuk-7nci-olum-yil-yonumde-kabri-basinda-anildi\\\/#breadcrumb\",\"itemListElement\":[{\"@type\":\"ListItem\",\"position\":1,\"name\":\"Anasayfa\",\"item\":\"https:\\\/\\\/haberkuzey.com\\\/\"},{\"@type\":\"ListItem\",\"position\":2,\"name\":\"\u0130rsen K\u00fc\u00e7\u00fck 7\u2019nci \u00f6l\u00fcm y\u0131l y\u00f6n\u00fcmde kabri ba\u015f\u0131nda an\u0131ld\u0131\"}]},{\"@type\":\"WebSite\",\"@id\":\"https:\\\/\\\/haberkuzey.com\\\/#website\",\"url\":\"https:\\\/\\\/haberkuzey.com\\\/\",\"name\":\"Haber Kuzey\",\"description\":\"Do\u011fru Haberin Adresi\",\"potentialAction\":[{\"@type\":\"SearchAction\",\"target\":{\"@type\":\"EntryPoint\",\"urlTemplate\":\"https:\\\/\\\/haberkuzey.com\\\/?s={search_term_string}\"},\"query-input\":{\"@type\":\"PropertyValueSpecification\",\"valueRequired\":true,\"valueName\":\"search_term_string\"}}],\"inLanguage\":\"tr\"},{\"@type\":\"Person\",\"@id\":\"https:\\\/\\\/haberkuzey.com\\\/#\\\/schema\\\/person\\\/3372109ec735f9333f4fa47ebb9605ca\",\"name\":\"haberkuzey\",\"image\":{\"@type\":\"ImageObject\",\"inLanguage\":\"tr\",\"@id\":\"https:\\\/\\\/secure.gravatar.com\\\/avatar\\\/f5fc875574b1575324358c3b9e6a32b8227aa5b74f3fa22e3cadb63e26fcc39c?s=96&d=mm&r=g\",\"url\":\"https:\\\/\\\/secure.gravatar.com\\\/avatar\\\/f5fc875574b1575324358c3b9e6a32b8227aa5b74f3fa22e3cadb63e26fcc39c?s=96&d=mm&r=g\",\"contentUrl\":\"https:\\\/\\\/secure.gravatar.com\\\/avatar\\\/f5fc875574b1575324358c3b9e6a32b8227aa5b74f3fa22e3cadb63e26fcc39c?s=96&d=mm&r=g\",\"caption\":\"haberkuzey\"},\"sameAs\":[\"https:\\\/\\\/haberkuzey.com\"],\"url\":\"https:\\\/\\\/haberkuzey.com\\\/index.php\\\/author\\\/haberkuzey\\\/\"}]}<\/script>\n<!-- \/ Yoast SEO plugin. -->","yoast_head_json":{"title":"\u0130rsen K\u00fc\u00e7\u00fck 7\u2019nci \u00f6l\u00fcm y\u0131l y\u00f6n\u00fcmde kabri ba\u015f\u0131nda an\u0131ld\u0131 - Haber Kuzey","robots":{"index":"index","follow":"follow","max-snippet":"max-snippet:-1","max-image-preview":"max-image-preview:large","max-video-preview":"max-video-preview:-1"},"canonical":"https:\/\/haberkuzey.com\/index.php\/2026\/03\/10\/irsen-kucuk-7nci-olum-yil-yonumde-kabri-basinda-anildi\/","og_locale":"tr_TR","og_type":"article","og_title":"\u0130rsen K\u00fc\u00e7\u00fck 7\u2019nci \u00f6l\u00fcm y\u0131l y\u00f6n\u00fcmde kabri ba\u015f\u0131nda an\u0131ld\u0131 - Haber Kuzey","og_description":"Ulusal Birlik Partisi (UBP) genel ba\u015fkanlar\u0131ndan eski Ba\u015fbakan\u00a0\u0130rsen K\u00fc\u00e7\u00fck, 7\u2019nci\u00a0\u00f6l\u00fcm\u00a0y\u0131l d\u00f6n\u00fcm\u00fcnde kabri ba\u015f\u0131nda an\u0131ld\u0131. Anma t\u00f6renine \u0130rsen K\u00fc\u00e7\u00fck\u2019\u00fcn ailesi, Cumhuriyet Meclisi Ba\u015fkan\u0131 Ziya \u00d6zt\u00fcrkler, Ba\u015fbakan \u00dcnal \u00dcstel, T\u00fcrkiye Cumhuriyeti Lefko\u015fa B\u00fcy\u00fckel\u00e7isi Ali Murat Ba\u015f\u00e7eri, Ana Muhalefet CTP Genel Ba\u015fkan\u0131 S\u0131la Usar \u0130ncirli, baz\u0131 bakanlar, milletvekilleri ve yetkililer kat\u0131ld\u0131. Aile ad\u0131na Feridun Adahan, Ba\u015fbakan \u00dcnal \u00dcstel,\u00a0CTP [&hellip;]","og_url":"https:\/\/haberkuzey.com\/index.php\/2026\/03\/10\/irsen-kucuk-7nci-olum-yil-yonumde-kabri-basinda-anildi\/","og_site_name":"Haber Kuzey","article_published_time":"2026-03-10T12:17:09+00:00","author":"haberkuzey","twitter_card":"summary_large_image","twitter_misc":{"Yazan:":"haberkuzey","Tahmini okuma s\u00fcresi":"3 dakika"},"schema":{"@context":"https:\/\/schema.org","@graph":[{"@type":"Article","@id":"https:\/\/haberkuzey.com\/index.php\/2026\/03\/10\/irsen-kucuk-7nci-olum-yil-yonumde-kabri-basinda-anildi\/#article","isPartOf":{"@id":"https:\/\/haberkuzey.com\/index.php\/2026\/03\/10\/irsen-kucuk-7nci-olum-yil-yonumde-kabri-basinda-anildi\/"},"author":{"name":"haberkuzey","@id":"https:\/\/haberkuzey.com\/#\/schema\/person\/3372109ec735f9333f4fa47ebb9605ca"},"headline":"\u0130rsen K\u00fc\u00e7\u00fck 7\u2019nci \u00f6l\u00fcm y\u0131l y\u00f6n\u00fcmde kabri ba\u015f\u0131nda an\u0131ld\u0131","datePublished":"2026-03-10T12:17:09+00:00","mainEntityOfPage":{"@id":"https:\/\/haberkuzey.com\/index.php\/2026\/03\/10\/irsen-kucuk-7nci-olum-yil-yonumde-kabri-basinda-anildi\/"},"wordCount":616,"commentCount":0,"image":{"@id":"https:\/\/haberkuzey.com\/index.php\/2026\/03\/10\/irsen-kucuk-7nci-olum-yil-yonumde-kabri-basinda-anildi\/#primaryimage"},"thumbnailUrl":"https:\/\/haberkuzey.com\/wp-content\/uploads\/2026\/03\/IMG_8018.jpeg","articleSection":["K\u0131br\u0131s"],"inLanguage":"tr","potentialAction":[{"@type":"CommentAction","name":"Comment","target":["https:\/\/haberkuzey.com\/index.php\/2026\/03\/10\/irsen-kucuk-7nci-olum-yil-yonumde-kabri-basinda-anildi\/#respond"]}]},{"@type":"WebPage","@id":"https:\/\/haberkuzey.com\/index.php\/2026\/03\/10\/irsen-kucuk-7nci-olum-yil-yonumde-kabri-basinda-anildi\/","url":"https:\/\/haberkuzey.com\/index.php\/2026\/03\/10\/irsen-kucuk-7nci-olum-yil-yonumde-kabri-basinda-anildi\/","name":"\u0130rsen K\u00fc\u00e7\u00fck 7\u2019nci \u00f6l\u00fcm y\u0131l y\u00f6n\u00fcmde kabri ba\u015f\u0131nda an\u0131ld\u0131 - Haber Kuzey","isPartOf":{"@id":"https:\/\/haberkuzey.com\/#website"},"primaryImageOfPage":{"@id":"https:\/\/haberkuzey.com\/index.php\/2026\/03\/10\/irsen-kucuk-7nci-olum-yil-yonumde-kabri-basinda-anildi\/#primaryimage"},"image":{"@id":"https:\/\/haberkuzey.com\/index.php\/2026\/03\/10\/irsen-kucuk-7nci-olum-yil-yonumde-kabri-basinda-anildi\/#primaryimage"},"thumbnailUrl":"https:\/\/haberkuzey.com\/wp-content\/uploads\/2026\/03\/IMG_8018.jpeg","datePublished":"2026-03-10T12:17:09+00:00","author":{"@id":"https:\/\/haberkuzey.com\/#\/schema\/person\/3372109ec735f9333f4fa47ebb9605ca"},"breadcrumb":{"@id":"https:\/\/haberkuzey.com\/index.php\/2026\/03\/10\/irsen-kucuk-7nci-olum-yil-yonumde-kabri-basinda-anildi\/#breadcrumb"},"inLanguage":"tr","potentialAction":[{"@type":"ReadAction","target":["https:\/\/haberkuzey.com\/index.php\/2026\/03\/10\/irsen-kucuk-7nci-olum-yil-yonumde-kabri-basinda-anildi\/"]}]},{"@type":"ImageObject","inLanguage":"tr","@id":"https:\/\/haberkuzey.com\/index.php\/2026\/03\/10\/irsen-kucuk-7nci-olum-yil-yonumde-kabri-basinda-anildi\/#primaryimage","url":"https:\/\/haberkuzey.com\/wp-content\/uploads\/2026\/03\/IMG_8018.jpeg","contentUrl":"https:\/\/haberkuzey.com\/wp-content\/uploads\/2026\/03\/IMG_8018.jpeg","width":960,"height":503},{"@type":"BreadcrumbList","@id":"https:\/\/haberkuzey.com\/index.php\/2026\/03\/10\/irsen-kucuk-7nci-olum-yil-yonumde-kabri-basinda-anildi\/#breadcrumb","itemListElement":[{"@type":"ListItem","position":1,"name":"Anasayfa","item":"https:\/\/haberkuzey.com\/"},{"@type":"ListItem","position":2,"name":"\u0130rsen K\u00fc\u00e7\u00fck 7\u2019nci \u00f6l\u00fcm y\u0131l y\u00f6n\u00fcmde kabri ba\u015f\u0131nda an\u0131ld\u0131"}]},{"@type":"WebSite","@id":"https:\/\/haberkuzey.com\/#website","url":"https:\/\/haberkuzey.com\/","name":"Haber Kuzey","description":"Do\u011fru Haberin Adresi","potentialAction":[{"@type":"SearchAction","target":{"@type":"EntryPoint","urlTemplate":"https:\/\/haberkuzey.com\/?s={search_term_string}"},"query-input":{"@type":"PropertyValueSpecification","valueRequired":true,"valueName":"search_term_string"}}],"inLanguage":"tr"},{"@type":"Person","@id":"https:\/\/haberkuzey.com\/#\/schema\/person\/3372109ec735f9333f4fa47ebb9605ca","name":"haberkuzey","image":{"@type":"ImageObject","inLanguage":"tr","@id":"https:\/\/secure.gravatar.com\/avatar\/f5fc875574b1575324358c3b9e6a32b8227aa5b74f3fa22e3cadb63e26fcc39c?s=96&d=mm&r=g","url":"https:\/\/secure.gravatar.com\/avatar\/f5fc875574b1575324358c3b9e6a32b8227aa5b74f3fa22e3cadb63e26fcc39c?s=96&d=mm&r=g","contentUrl":"https:\/\/secure.gravatar.com\/avatar\/f5fc875574b1575324358c3b9e6a32b8227aa5b74f3fa22e3cadb63e26fcc39c?s=96&d=mm&r=g","caption":"haberkuzey"},"sameAs":["https:\/\/haberkuzey.com"],"url":"https:\/\/haberkuzey.com\/index.php\/author\/haberkuzey\/"}]}},"_links":{"self":[{"href":"https:\/\/haberkuzey.com\/index.php\/wp-json\/wp\/v2\/posts\/35168","targetHints":{"allow":["GET"]}}],"collection":[{"href":"https:\/\/haberkuzey.com\/index.php\/wp-json\/wp\/v2\/posts"}],"about":[{"href":"https:\/\/haberkuzey.com\/index.php\/wp-json\/wp\/v2\/types\/post"}],"author":[{"embeddable":true,"href":"https:\/\/haberkuzey.com\/index.php\/wp-json\/wp\/v2\/users\/1"}],"replies":[{"embeddable":true,"href":"https:\/\/haberkuzey.com\/index.php\/wp-json\/wp\/v2\/comments?post=35168"}],"version-history":[{"count":0,"href":"https:\/\/haberkuzey.com\/index.php\/wp-json\/wp\/v2\/posts\/35168\/revisions"}],"wp:featuredmedia":[{"embeddable":true,"href":"https:\/\/haberkuzey.com\/index.php\/wp-json\/wp\/v2\/media\/35169"}],"wp:attachment":[{"href":"https:\/\/haberkuzey.com\/index.php\/wp-json\/wp\/v2\/media?parent=35168"}],"wp:term":[{"taxonomy":"category","embeddable":true,"href":"https:\/\/haberkuzey.com\/index.php\/wp-json\/wp\/v2\/categories?post=35168"},{"taxonomy":"post_tag","embeddable":true,"href":"https:\/\/haberkuzey.com\/index.php\/wp-json\/wp\/v2\/tags?post=35168"}],"curies":[{"name":"wp","href":"https:\/\/api.w.org\/{rel}","templated":true}]}}