{"id":35162,"date":"2026-03-09T21:23:47","date_gmt":"2026-03-09T19:23:47","guid":{"rendered":"https:\/\/haberkuzey.com\/index.php\/2026\/03\/09\/ekonomik-ve-guvenlik-tedbirleri-birlikte-alinacak\/"},"modified":"2026-03-09T21:23:47","modified_gmt":"2026-03-09T19:23:47","slug":"ekonomik-ve-guvenlik-tedbirleri-birlikte-alinacak","status":"publish","type":"post","link":"https:\/\/haberkuzey.com\/index.php\/2026\/03\/09\/ekonomik-ve-guvenlik-tedbirleri-birlikte-alinacak\/","title":{"rendered":"Ekonomik ve G\u00fcvenlik Tedbirleri Birlikte Al\u0131nacak"},"content":{"rendered":"<p>Hasipo\u011flu, h\u00fck\u00fcmetin d\u00fcnyadaki ekonomik geli\u015fmeleri yak\u0131ndan takip etti\u011fini belirterek \u00fclkede ya\u015fanan s\u00fct krizinin de g\u00fcndemde oldu\u011funu ifade etti. Bu s\u00fcrecin ele al\u0131n\u0131rken ekonomik tedbirlerin sab\u0131rla ve dikkatle al\u0131nmas\u0131 gerekti\u011fini kaydetti.<\/p>\n<p>Ekonomik geli\u015fmelerin yan\u0131 s\u0131ra g\u00fcvenlik konusunun da b\u00fcy\u00fck \u00f6nem ta\u015f\u0131d\u0131\u011f\u0131na i\u015faret eden Hasipo\u011flu, G\u00fcney K\u0131br\u0131s\u2019\u0131n aday\u0131 KKTC ve T\u00fcrkiye\u2019ye kar\u015f\u0131 silahland\u0131rd\u0131\u011f\u0131na dikkat \u00e7ekti. T\u00fcrkiye\u2019nin ge\u00e7mi\u015fte oldu\u011fu gibi bug\u00fcn de adaya bar\u0131\u015f ve huzur getirdi\u011fini vurgulayan Hasipo\u011flu, T\u00fcrk u\u00e7aklar\u0131n\u0131n da bu ama\u00e7la adaya geldi\u011fini s\u00f6yledi.<\/p>\n<p>Rum taraf\u0131n\u0131n silahlanmaya devam etti\u011fini ifade eden Hasipo\u011flu, \u0130srail\u2019in de adaya geldi\u011fini, silah ambargosunun kald\u0131r\u0131ld\u0131\u011f\u0131n\u0131 ve askeri bir yap\u0131lanman\u0131n s\u00fcrd\u00fc\u011f\u00fcn\u00fc belirtti. Ancak bu ad\u0131mlar\u0131n sonu\u00e7suz kalaca\u011f\u0131n\u0131 dile getiren Hasipo\u011flu, bunlar\u0131n beyhude giri\u015fimler oldu\u011funu kaydetti.<\/p>\n<p>Hasipo\u011flu, ekonomik tedbirlerin al\u0131nmaya devam edece\u011fini ancak bunun yan\u0131nda g\u00fcvenlik tedbirlerinin de s\u00fcrd\u00fcr\u00fclece\u011fini belirterek, T\u00fcrkiye Cumhuriyeti\u2019nin her zaman KKTC\u2019nin yan\u0131nda oldu\u011funu vurgulad\u0131.<\/p>\n<p>Ekonomik ve G\u00fcvenlik Tedbirleri Birlikte Al\u0131nacak yaz\u0131s\u0131 ilk \u00f6nce K\u0131br\u0131s Hakikat \u00fczerinde ortaya \u00e7\u0131kt\u0131.<\/p>\n","protected":false},"excerpt":{"rendered":"<p>Hasipo\u011flu, h\u00fck\u00fcmetin d\u00fcnyadaki ekonomik geli\u015fmeleri yak\u0131ndan takip etti\u011fini belirterek \u00fclkede ya\u015fanan s\u00fct krizinin de g\u00fcndemde oldu\u011funu ifade etti. Bu s\u00fcrecin ele al\u0131n\u0131rken ekonomik tedbirlerin sab\u0131rla ve dikkatle al\u0131nmas\u0131 gerekti\u011fini kaydetti. Ekonomik geli\u015fmelerin yan\u0131 s\u0131ra g\u00fcvenlik konusunun da b\u00fcy\u00fck \u00f6nem ta\u015f\u0131d\u0131\u011f\u0131na i\u015faret eden Hasipo\u011flu, G\u00fcney K\u0131br\u0131s\u2019\u0131n aday\u0131 KKTC ve T\u00fcrkiye\u2019ye kar\u015f\u0131 silahland\u0131rd\u0131\u011f\u0131na dikkat \u00e7ekti. T\u00fcrkiye\u2019nin ge\u00e7mi\u015fte [&hellip;]<\/p>\n","protected":false},"author":1,"featured_media":35163,"comment_status":"open","ping_status":"open","sticky":false,"template":"","format":"standard","meta":{"jnews-multi-image_gallery":[],"jnews_single_post":[],"jnews_primary_category":[],"footnotes":""},"categories":[1],"tags":[],"class_list":["post-35162","post","type-post","status-publish","format-standard","has-post-thumbnail","hentry","category-kibris"],"yoast_head":"<!-- This site is optimized with the Yoast SEO plugin v27.4 - https:\/\/yoast.com\/product\/yoast-seo-wordpress\/ -->\n<title>Ekonomik ve G\u00fcvenlik Tedbirleri Birlikte Al\u0131nacak - Haber Kuzey<\/title>\n<meta name=\"robots\" content=\"index, follow, max-snippet:-1, max-image-preview:large, max-video-preview:-1\" \/>\n<link rel=\"canonical\" href=\"https:\/\/haberkuzey.com\/index.php\/2026\/03\/09\/ekonomik-ve-guvenlik-tedbirleri-birlikte-alinacak\/\" \/>\n<meta property=\"og:locale\" content=\"tr_TR\" \/>\n<meta property=\"og:type\" content=\"article\" \/>\n<meta property=\"og:title\" content=\"Ekonomik ve G\u00fcvenlik Tedbirleri Birlikte Al\u0131nacak - Haber Kuzey\" \/>\n<meta property=\"og:description\" content=\"Hasipo\u011flu, h\u00fck\u00fcmetin d\u00fcnyadaki ekonomik geli\u015fmeleri yak\u0131ndan takip etti\u011fini belirterek \u00fclkede ya\u015fanan s\u00fct krizinin de g\u00fcndemde oldu\u011funu ifade etti. Bu s\u00fcrecin ele al\u0131n\u0131rken ekonomik tedbirlerin sab\u0131rla ve dikkatle al\u0131nmas\u0131 gerekti\u011fini kaydetti. Ekonomik geli\u015fmelerin yan\u0131 s\u0131ra g\u00fcvenlik konusunun da b\u00fcy\u00fck \u00f6nem ta\u015f\u0131d\u0131\u011f\u0131na i\u015faret eden Hasipo\u011flu, G\u00fcney K\u0131br\u0131s\u2019\u0131n aday\u0131 KKTC ve T\u00fcrkiye\u2019ye kar\u015f\u0131 silahland\u0131rd\u0131\u011f\u0131na dikkat \u00e7ekti. T\u00fcrkiye\u2019nin ge\u00e7mi\u015fte [&hellip;]\" \/>\n<meta property=\"og:url\" content=\"https:\/\/haberkuzey.com\/index.php\/2026\/03\/09\/ekonomik-ve-guvenlik-tedbirleri-birlikte-alinacak\/\" \/>\n<meta property=\"og:site_name\" content=\"Haber Kuzey\" \/>\n<meta property=\"article:published_time\" content=\"2026-03-09T19:23:47+00:00\" \/>\n<meta name=\"author\" content=\"haberkuzey\" \/>\n<meta name=\"twitter:card\" content=\"summary_large_image\" \/>\n<meta name=\"twitter:label1\" content=\"Yazan:\" \/>\n\t<meta name=\"twitter:data1\" content=\"haberkuzey\" \/>\n\t<meta name=\"twitter:label2\" content=\"Tahmini okuma s\u00fcresi\" \/>\n\t<meta name=\"twitter:data2\" content=\"1 dakika\" \/>\n<script type=\"application\/ld+json\" class=\"yoast-schema-graph\">{\"@context\":\"https:\\\/\\\/schema.org\",\"@graph\":[{\"@type\":\"Article\",\"@id\":\"https:\\\/\\\/haberkuzey.com\\\/index.php\\\/2026\\\/03\\\/09\\\/ekonomik-ve-guvenlik-tedbirleri-birlikte-alinacak\\\/#article\",\"isPartOf\":{\"@id\":\"https:\\\/\\\/haberkuzey.com\\\/index.php\\\/2026\\\/03\\\/09\\\/ekonomik-ve-guvenlik-tedbirleri-birlikte-alinacak\\\/\"},\"author\":{\"name\":\"haberkuzey\",\"@id\":\"https:\\\/\\\/haberkuzey.com\\\/#\\\/schema\\\/person\\\/3372109ec735f9333f4fa47ebb9605ca\"},\"headline\":\"Ekonomik ve G\u00fcvenlik Tedbirleri Birlikte Al\u0131nacak\",\"datePublished\":\"2026-03-09T19:23:47+00:00\",\"mainEntityOfPage\":{\"@id\":\"https:\\\/\\\/haberkuzey.com\\\/index.php\\\/2026\\\/03\\\/09\\\/ekonomik-ve-guvenlik-tedbirleri-birlikte-alinacak\\\/\"},\"wordCount\":241,\"commentCount\":0,\"image\":{\"@id\":\"https:\\\/\\\/haberkuzey.com\\\/index.php\\\/2026\\\/03\\\/09\\\/ekonomik-ve-guvenlik-tedbirleri-birlikte-alinacak\\\/#primaryimage\"},\"thumbnailUrl\":\"https:\\\/\\\/haberkuzey.com\\\/wp-content\\\/uploads\\\/2026\\\/03\\\/Basit-Metin-ve-Fotograf-Yeni-Sarki-Videosu-Youtube-Kucuk-Resmi-9.png\",\"articleSection\":[\"K\u0131br\u0131s\"],\"inLanguage\":\"tr\",\"potentialAction\":[{\"@type\":\"CommentAction\",\"name\":\"Comment\",\"target\":[\"https:\\\/\\\/haberkuzey.com\\\/index.php\\\/2026\\\/03\\\/09\\\/ekonomik-ve-guvenlik-tedbirleri-birlikte-alinacak\\\/#respond\"]}]},{\"@type\":\"WebPage\",\"@id\":\"https:\\\/\\\/haberkuzey.com\\\/index.php\\\/2026\\\/03\\\/09\\\/ekonomik-ve-guvenlik-tedbirleri-birlikte-alinacak\\\/\",\"url\":\"https:\\\/\\\/haberkuzey.com\\\/index.php\\\/2026\\\/03\\\/09\\\/ekonomik-ve-guvenlik-tedbirleri-birlikte-alinacak\\\/\",\"name\":\"Ekonomik ve G\u00fcvenlik Tedbirleri Birlikte Al\u0131nacak - Haber Kuzey\",\"isPartOf\":{\"@id\":\"https:\\\/\\\/haberkuzey.com\\\/#website\"},\"primaryImageOfPage\":{\"@id\":\"https:\\\/\\\/haberkuzey.com\\\/index.php\\\/2026\\\/03\\\/09\\\/ekonomik-ve-guvenlik-tedbirleri-birlikte-alinacak\\\/#primaryimage\"},\"image\":{\"@id\":\"https:\\\/\\\/haberkuzey.com\\\/index.php\\\/2026\\\/03\\\/09\\\/ekonomik-ve-guvenlik-tedbirleri-birlikte-alinacak\\\/#primaryimage\"},\"thumbnailUrl\":\"https:\\\/\\\/haberkuzey.com\\\/wp-content\\\/uploads\\\/2026\\\/03\\\/Basit-Metin-ve-Fotograf-Yeni-Sarki-Videosu-Youtube-Kucuk-Resmi-9.png\",\"datePublished\":\"2026-03-09T19:23:47+00:00\",\"author\":{\"@id\":\"https:\\\/\\\/haberkuzey.com\\\/#\\\/schema\\\/person\\\/3372109ec735f9333f4fa47ebb9605ca\"},\"breadcrumb\":{\"@id\":\"https:\\\/\\\/haberkuzey.com\\\/index.php\\\/2026\\\/03\\\/09\\\/ekonomik-ve-guvenlik-tedbirleri-birlikte-alinacak\\\/#breadcrumb\"},\"inLanguage\":\"tr\",\"potentialAction\":[{\"@type\":\"ReadAction\",\"target\":[\"https:\\\/\\\/haberkuzey.com\\\/index.php\\\/2026\\\/03\\\/09\\\/ekonomik-ve-guvenlik-tedbirleri-birlikte-alinacak\\\/\"]}]},{\"@type\":\"ImageObject\",\"inLanguage\":\"tr\",\"@id\":\"https:\\\/\\\/haberkuzey.com\\\/index.php\\\/2026\\\/03\\\/09\\\/ekonomik-ve-guvenlik-tedbirleri-birlikte-alinacak\\\/#primaryimage\",\"url\":\"https:\\\/\\\/haberkuzey.com\\\/wp-content\\\/uploads\\\/2026\\\/03\\\/Basit-Metin-ve-Fotograf-Yeni-Sarki-Videosu-Youtube-Kucuk-Resmi-9.png\",\"contentUrl\":\"https:\\\/\\\/haberkuzey.com\\\/wp-content\\\/uploads\\\/2026\\\/03\\\/Basit-Metin-ve-Fotograf-Yeni-Sarki-Videosu-Youtube-Kucuk-Resmi-9.png\",\"width\":1280,\"height\":720},{\"@type\":\"BreadcrumbList\",\"@id\":\"https:\\\/\\\/haberkuzey.com\\\/index.php\\\/2026\\\/03\\\/09\\\/ekonomik-ve-guvenlik-tedbirleri-birlikte-alinacak\\\/#breadcrumb\",\"itemListElement\":[{\"@type\":\"ListItem\",\"position\":1,\"name\":\"Anasayfa\",\"item\":\"https:\\\/\\\/haberkuzey.com\\\/\"},{\"@type\":\"ListItem\",\"position\":2,\"name\":\"Ekonomik ve G\u00fcvenlik Tedbirleri Birlikte Al\u0131nacak\"}]},{\"@type\":\"WebSite\",\"@id\":\"https:\\\/\\\/haberkuzey.com\\\/#website\",\"url\":\"https:\\\/\\\/haberkuzey.com\\\/\",\"name\":\"Haber Kuzey\",\"description\":\"Do\u011fru Haberin Adresi\",\"potentialAction\":[{\"@type\":\"SearchAction\",\"target\":{\"@type\":\"EntryPoint\",\"urlTemplate\":\"https:\\\/\\\/haberkuzey.com\\\/?s={search_term_string}\"},\"query-input\":{\"@type\":\"PropertyValueSpecification\",\"valueRequired\":true,\"valueName\":\"search_term_string\"}}],\"inLanguage\":\"tr\"},{\"@type\":\"Person\",\"@id\":\"https:\\\/\\\/haberkuzey.com\\\/#\\\/schema\\\/person\\\/3372109ec735f9333f4fa47ebb9605ca\",\"name\":\"haberkuzey\",\"image\":{\"@type\":\"ImageObject\",\"inLanguage\":\"tr\",\"@id\":\"https:\\\/\\\/secure.gravatar.com\\\/avatar\\\/f5fc875574b1575324358c3b9e6a32b8227aa5b74f3fa22e3cadb63e26fcc39c?s=96&d=mm&r=g\",\"url\":\"https:\\\/\\\/secure.gravatar.com\\\/avatar\\\/f5fc875574b1575324358c3b9e6a32b8227aa5b74f3fa22e3cadb63e26fcc39c?s=96&d=mm&r=g\",\"contentUrl\":\"https:\\\/\\\/secure.gravatar.com\\\/avatar\\\/f5fc875574b1575324358c3b9e6a32b8227aa5b74f3fa22e3cadb63e26fcc39c?s=96&d=mm&r=g\",\"caption\":\"haberkuzey\"},\"sameAs\":[\"https:\\\/\\\/haberkuzey.com\"],\"url\":\"https:\\\/\\\/haberkuzey.com\\\/index.php\\\/author\\\/haberkuzey\\\/\"}]}<\/script>\n<!-- \/ Yoast SEO plugin. -->","yoast_head_json":{"title":"Ekonomik ve G\u00fcvenlik Tedbirleri Birlikte Al\u0131nacak - Haber Kuzey","robots":{"index":"index","follow":"follow","max-snippet":"max-snippet:-1","max-image-preview":"max-image-preview:large","max-video-preview":"max-video-preview:-1"},"canonical":"https:\/\/haberkuzey.com\/index.php\/2026\/03\/09\/ekonomik-ve-guvenlik-tedbirleri-birlikte-alinacak\/","og_locale":"tr_TR","og_type":"article","og_title":"Ekonomik ve G\u00fcvenlik Tedbirleri Birlikte Al\u0131nacak - Haber Kuzey","og_description":"Hasipo\u011flu, h\u00fck\u00fcmetin d\u00fcnyadaki ekonomik geli\u015fmeleri yak\u0131ndan takip etti\u011fini belirterek \u00fclkede ya\u015fanan s\u00fct krizinin de g\u00fcndemde oldu\u011funu ifade etti. Bu s\u00fcrecin ele al\u0131n\u0131rken ekonomik tedbirlerin sab\u0131rla ve dikkatle al\u0131nmas\u0131 gerekti\u011fini kaydetti. Ekonomik geli\u015fmelerin yan\u0131 s\u0131ra g\u00fcvenlik konusunun da b\u00fcy\u00fck \u00f6nem ta\u015f\u0131d\u0131\u011f\u0131na i\u015faret eden Hasipo\u011flu, G\u00fcney K\u0131br\u0131s\u2019\u0131n aday\u0131 KKTC ve T\u00fcrkiye\u2019ye kar\u015f\u0131 silahland\u0131rd\u0131\u011f\u0131na dikkat \u00e7ekti. T\u00fcrkiye\u2019nin ge\u00e7mi\u015fte [&hellip;]","og_url":"https:\/\/haberkuzey.com\/index.php\/2026\/03\/09\/ekonomik-ve-guvenlik-tedbirleri-birlikte-alinacak\/","og_site_name":"Haber Kuzey","article_published_time":"2026-03-09T19:23:47+00:00","author":"haberkuzey","twitter_card":"summary_large_image","twitter_misc":{"Yazan:":"haberkuzey","Tahmini okuma s\u00fcresi":"1 dakika"},"schema":{"@context":"https:\/\/schema.org","@graph":[{"@type":"Article","@id":"https:\/\/haberkuzey.com\/index.php\/2026\/03\/09\/ekonomik-ve-guvenlik-tedbirleri-birlikte-alinacak\/#article","isPartOf":{"@id":"https:\/\/haberkuzey.com\/index.php\/2026\/03\/09\/ekonomik-ve-guvenlik-tedbirleri-birlikte-alinacak\/"},"author":{"name":"haberkuzey","@id":"https:\/\/haberkuzey.com\/#\/schema\/person\/3372109ec735f9333f4fa47ebb9605ca"},"headline":"Ekonomik ve G\u00fcvenlik Tedbirleri Birlikte Al\u0131nacak","datePublished":"2026-03-09T19:23:47+00:00","mainEntityOfPage":{"@id":"https:\/\/haberkuzey.com\/index.php\/2026\/03\/09\/ekonomik-ve-guvenlik-tedbirleri-birlikte-alinacak\/"},"wordCount":241,"commentCount":0,"image":{"@id":"https:\/\/haberkuzey.com\/index.php\/2026\/03\/09\/ekonomik-ve-guvenlik-tedbirleri-birlikte-alinacak\/#primaryimage"},"thumbnailUrl":"https:\/\/haberkuzey.com\/wp-content\/uploads\/2026\/03\/Basit-Metin-ve-Fotograf-Yeni-Sarki-Videosu-Youtube-Kucuk-Resmi-9.png","articleSection":["K\u0131br\u0131s"],"inLanguage":"tr","potentialAction":[{"@type":"CommentAction","name":"Comment","target":["https:\/\/haberkuzey.com\/index.php\/2026\/03\/09\/ekonomik-ve-guvenlik-tedbirleri-birlikte-alinacak\/#respond"]}]},{"@type":"WebPage","@id":"https:\/\/haberkuzey.com\/index.php\/2026\/03\/09\/ekonomik-ve-guvenlik-tedbirleri-birlikte-alinacak\/","url":"https:\/\/haberkuzey.com\/index.php\/2026\/03\/09\/ekonomik-ve-guvenlik-tedbirleri-birlikte-alinacak\/","name":"Ekonomik ve G\u00fcvenlik Tedbirleri Birlikte Al\u0131nacak - Haber Kuzey","isPartOf":{"@id":"https:\/\/haberkuzey.com\/#website"},"primaryImageOfPage":{"@id":"https:\/\/haberkuzey.com\/index.php\/2026\/03\/09\/ekonomik-ve-guvenlik-tedbirleri-birlikte-alinacak\/#primaryimage"},"image":{"@id":"https:\/\/haberkuzey.com\/index.php\/2026\/03\/09\/ekonomik-ve-guvenlik-tedbirleri-birlikte-alinacak\/#primaryimage"},"thumbnailUrl":"https:\/\/haberkuzey.com\/wp-content\/uploads\/2026\/03\/Basit-Metin-ve-Fotograf-Yeni-Sarki-Videosu-Youtube-Kucuk-Resmi-9.png","datePublished":"2026-03-09T19:23:47+00:00","author":{"@id":"https:\/\/haberkuzey.com\/#\/schema\/person\/3372109ec735f9333f4fa47ebb9605ca"},"breadcrumb":{"@id":"https:\/\/haberkuzey.com\/index.php\/2026\/03\/09\/ekonomik-ve-guvenlik-tedbirleri-birlikte-alinacak\/#breadcrumb"},"inLanguage":"tr","potentialAction":[{"@type":"ReadAction","target":["https:\/\/haberkuzey.com\/index.php\/2026\/03\/09\/ekonomik-ve-guvenlik-tedbirleri-birlikte-alinacak\/"]}]},{"@type":"ImageObject","inLanguage":"tr","@id":"https:\/\/haberkuzey.com\/index.php\/2026\/03\/09\/ekonomik-ve-guvenlik-tedbirleri-birlikte-alinacak\/#primaryimage","url":"https:\/\/haberkuzey.com\/wp-content\/uploads\/2026\/03\/Basit-Metin-ve-Fotograf-Yeni-Sarki-Videosu-Youtube-Kucuk-Resmi-9.png","contentUrl":"https:\/\/haberkuzey.com\/wp-content\/uploads\/2026\/03\/Basit-Metin-ve-Fotograf-Yeni-Sarki-Videosu-Youtube-Kucuk-Resmi-9.png","width":1280,"height":720},{"@type":"BreadcrumbList","@id":"https:\/\/haberkuzey.com\/index.php\/2026\/03\/09\/ekonomik-ve-guvenlik-tedbirleri-birlikte-alinacak\/#breadcrumb","itemListElement":[{"@type":"ListItem","position":1,"name":"Anasayfa","item":"https:\/\/haberkuzey.com\/"},{"@type":"ListItem","position":2,"name":"Ekonomik ve G\u00fcvenlik Tedbirleri Birlikte Al\u0131nacak"}]},{"@type":"WebSite","@id":"https:\/\/haberkuzey.com\/#website","url":"https:\/\/haberkuzey.com\/","name":"Haber Kuzey","description":"Do\u011fru Haberin Adresi","potentialAction":[{"@type":"SearchAction","target":{"@type":"EntryPoint","urlTemplate":"https:\/\/haberkuzey.com\/?s={search_term_string}"},"query-input":{"@type":"PropertyValueSpecification","valueRequired":true,"valueName":"search_term_string"}}],"inLanguage":"tr"},{"@type":"Person","@id":"https:\/\/haberkuzey.com\/#\/schema\/person\/3372109ec735f9333f4fa47ebb9605ca","name":"haberkuzey","image":{"@type":"ImageObject","inLanguage":"tr","@id":"https:\/\/secure.gravatar.com\/avatar\/f5fc875574b1575324358c3b9e6a32b8227aa5b74f3fa22e3cadb63e26fcc39c?s=96&d=mm&r=g","url":"https:\/\/secure.gravatar.com\/avatar\/f5fc875574b1575324358c3b9e6a32b8227aa5b74f3fa22e3cadb63e26fcc39c?s=96&d=mm&r=g","contentUrl":"https:\/\/secure.gravatar.com\/avatar\/f5fc875574b1575324358c3b9e6a32b8227aa5b74f3fa22e3cadb63e26fcc39c?s=96&d=mm&r=g","caption":"haberkuzey"},"sameAs":["https:\/\/haberkuzey.com"],"url":"https:\/\/haberkuzey.com\/index.php\/author\/haberkuzey\/"}]}},"_links":{"self":[{"href":"https:\/\/haberkuzey.com\/index.php\/wp-json\/wp\/v2\/posts\/35162","targetHints":{"allow":["GET"]}}],"collection":[{"href":"https:\/\/haberkuzey.com\/index.php\/wp-json\/wp\/v2\/posts"}],"about":[{"href":"https:\/\/haberkuzey.com\/index.php\/wp-json\/wp\/v2\/types\/post"}],"author":[{"embeddable":true,"href":"https:\/\/haberkuzey.com\/index.php\/wp-json\/wp\/v2\/users\/1"}],"replies":[{"embeddable":true,"href":"https:\/\/haberkuzey.com\/index.php\/wp-json\/wp\/v2\/comments?post=35162"}],"version-history":[{"count":0,"href":"https:\/\/haberkuzey.com\/index.php\/wp-json\/wp\/v2\/posts\/35162\/revisions"}],"wp:featuredmedia":[{"embeddable":true,"href":"https:\/\/haberkuzey.com\/index.php\/wp-json\/wp\/v2\/media\/35163"}],"wp:attachment":[{"href":"https:\/\/haberkuzey.com\/index.php\/wp-json\/wp\/v2\/media?parent=35162"}],"wp:term":[{"taxonomy":"category","embeddable":true,"href":"https:\/\/haberkuzey.com\/index.php\/wp-json\/wp\/v2\/categories?post=35162"},{"taxonomy":"post_tag","embeddable":true,"href":"https:\/\/haberkuzey.com\/index.php\/wp-json\/wp\/v2\/tags?post=35162"}],"curies":[{"name":"wp","href":"https:\/\/api.w.org\/{rel}","templated":true}]}}