{"id":35098,"date":"2026-03-08T12:31:31","date_gmt":"2026-03-08T10:31:31","guid":{"rendered":"https:\/\/haberkuzey.com\/index.php\/2026\/03\/08\/bakanlar-kurulu-1-tasarruf-ve-ekonomik-tedbirler-paketini-yururluge-koydu\/"},"modified":"2026-03-08T12:31:31","modified_gmt":"2026-03-08T10:31:31","slug":"bakanlar-kurulu-1-tasarruf-ve-ekonomik-tedbirler-paketini-yururluge-koydu","status":"publish","type":"post","link":"https:\/\/haberkuzey.com\/index.php\/2026\/03\/08\/bakanlar-kurulu-1-tasarruf-ve-ekonomik-tedbirler-paketini-yururluge-koydu\/","title":{"rendered":"Bakanlar Kurulu \u201c1. Tasarruf ve Ekonomik Tedbirler Paketi\u201dni y\u00fcr\u00fcrl\u00fc\u011fe koydu"},"content":{"rendered":"<ul>\n<li><strong>Bakanlar Kurulu 1. Tasarruf ve Ekonomik Tedbirler Paketi\u2019ni y\u00fcr\u00fcrl\u00fc\u011fe koydu.<\/strong><\/li>\n<\/ul>\n<p>Ba\u015fbakan \u00dcnal \u00dcSTEL , Bakanlar Kurulu\u2019nun ekonomik geli\u015fmeler do\u011frultusunda \u201c1. Tasarruf ve Ekonomik Tedbirler Paketi\u201dni y\u00fcr\u00fcrl\u00fc\u011fe koydu\u011funu a\u00e7\u0131klad\u0131.<\/p>\n<p>\u00dcstel yapt\u0131\u011f\u0131 a\u00e7\u0131klamada, b\u00f6lgede ya\u015fanan sava\u015f\u0131n d\u00fcnya ekonomisinde yaratabilece\u011fi dalgalanmalar\u0131n yak\u0131ndan takip edildi\u011fini belirterek, ya\u015fanabilecek geli\u015fmelerin \u00fclkeye etkisini en aza indirmek amac\u0131yla gerekli tedbirlerin al\u0131nmaya devam edildi\u011fini s\u00f6yledi.<\/p>\n<p>Ba\u015fbakan \u00dcstel taraf\u0131ndan yap\u0131lan a\u00e7\u0131klaman\u0131n tamam\u0131 \u015fu \u015fekilde:<\/p>\n<p>\u201cH\u00fck\u00fcmet olarak b\u00f6lgemizde ya\u015fanan sava\u015f\u0131n d\u00fcnya ekonomisinde yaratabilece\u011fi dalgalanmalar\u0131 yak\u0131ndan takip ediyor ve ya\u015fanabilecek geli\u015fmelerin \u00fclkemize etkisini en aza indirmek i\u00e7in gerekli tedbirleri almaya devam ediyoruz. Bu anlay\u0131\u015fla Bakanlar Kurulumuz, devletimizi, muhtemel ekonomik dalgalanmalardan korumak amac\u0131yla 1. Tasarruf ve Ekonomik Tedbirler Paketi\u2019ni hayata ge\u00e7irme karar\u0131 alm\u0131\u015ft\u0131r. Burada \u00f6zellikle alt\u0131n\u0131 \u00e7izmek istiyorum. Vatanda\u015f\u0131m\u0131zdan tasarruf beklemeden \u00f6nce devletin kendi harcamalar\u0131nda disiplin sa\u011flamas\u0131 gerekti\u011fine inan\u0131yor ve tasarruflara \u00f6nce devletten ba\u015fl\u0131yoruz. Bu kapsamda iki g\u00fcnd\u00fcr toplanan Bakanlar Kurulumuz baz\u0131 tasarruf kararlar\u0131 \u00fcretmi\u015ftir.<\/p>\n<p>Buna g\u00f6re;<\/p>\n<p>Bakanlar Kurulu daha \u00f6nce ald\u0131\u011f\u0131 bir kararla b\u00fct\u00e7e \u00f6deneklerindeki harcama kalemlerinde uygulamaya koydu\u011fu %10 tasarruf oran\u0131n\u0131 aynen korurken belirli kalemlerde bu oran\u0131 art\u0131rarak %50\u2019ye \u00e7\u0131karm\u0131\u015ft\u0131r.<\/p>\n<p>1. Tasarruf ve Ekonomik Tedbirler Paketi kapsam\u0131nda bakanlar kurulumuzun ald\u0131\u011f\u0131 kararlar\u0131 payla\u015f\u0131yorum:<\/p>\n<ul>\n<li>Resmi t\u00f6ren, resepsiyon, temsil, a\u011f\u0131rlama ve organizasyon giderlerinde %50 tasarruf yap\u0131lacakt\u0131r.<\/li>\n<li>Hanehalk\u0131 yard\u0131m kalemlerinde %50 tasarrufa gidilecektir.<\/li>\n<li>Devlet hizmet ara\u00e7lar\u0131n\u0131n kullan\u0131m\u0131 s\u0131n\u0131rland\u0131r\u0131lacak, akaryak\u0131t giderleri %50\u2019yi a\u015fmayacak \u015fekilde kontrol alt\u0131na al\u0131nacakt\u0131r.<\/li>\n<li>Ek mesai \u00f6deneklerinde %20 tasarruf yap\u0131lacak, zorunlu olmad\u0131k\u00e7a ek mesai uygulanmayacakt\u0131r.<\/li>\n<li>Zorunlu m\u00fcnhaller d\u0131\u015f\u0131nda yeni kamu istihdamlar\u0131 ge\u00e7ici olarak durdurulacakt\u0131r.<\/li>\n<li>\u00dcst kademe y\u00f6neticiler ve siyasi memurlar i\u00e7in harc\u0131rah \u00f6demeleri durdurulacakt\u0131r.<\/li>\n<li>Bakanl\u0131k b\u00fct\u00e7elerinde yer alan baz\u0131 mahalli projeler ge\u00e7ici olarak ertelenecek, yaln\u0131zca zorunlu projeler s\u00fcrd\u00fcr\u00fclecektir.<\/li>\n<\/ul>\n<p>De\u011ferli Karde\u015flerim, Bir yandan tedbirler al\u0131rken di\u011fer yandan her zaman oldu\u011fu gibi dar ve sabit gelirli vatanda\u015flar\u0131m\u0131z\u0131 korumay\u0131 da ihmal etmiyoruz. Bu noktada asgari \u00fccretle \u00e7al\u0131\u015fan emek\u00e7ilerimize verdi\u011fimiz bir s\u00f6z\u00fc daha yerine getiriyoruz.<\/p>\n<p>Daha \u00f6nce ba\u015flatt\u0131\u011f\u0131m\u0131z 6.000 TL + 6.000 TL destek \u00f6demelerinden yararlanan asgari \u00fccretli \u00e7al\u0131\u015fanlar\u0131m\u0131z\u0131n Sosyal Sigorta ve \u0130htiyat Sand\u0131\u011f\u0131 primlerini de ilgili dairelerdeki hesaplar\u0131na yat\u0131r\u0131yoruz.<\/p>\n<p>Ayr\u0131ca yapt\u0131\u011f\u0131m\u0131z yeni d\u00fczenleme ile destek program\u0131n\u0131n kapsam\u0131n\u0131 da geni\u015flettik.<\/p>\n<p>Bu kapsamda;<\/p>\n<ul>\n<li>6.000 TL + 6.000 TL devlet deste\u011finin br\u00fct \u00fccret kar\u015f\u0131l\u0131\u011f\u0131 \u00fczerinden Sosyal Sigorta ve \u0130htiyat Sand\u0131\u011f\u0131 primleri \u00e7al\u0131\u015fanlar\u0131n hesaplar\u0131na yat\u0131r\u0131lmaktad\u0131r.<\/li>\n<li>Bu destek i\u015fverenin geriye d\u00f6n\u00fck borcu olup olmad\u0131\u011f\u0131na bak\u0131lmaks\u0131z\u0131n verilecektir.<\/li>\n<li>60 ya\u015f \u00fcst\u00fc olup emekli olmayan \u00e7al\u0131\u015fanlar\u0131m\u0131z da bu destekten yararlanabilecektir.<\/li>\n<li>Part-time \u00e7al\u0131\u015fanlar\u0131m\u0131z da destek kapsam\u0131na al\u0131nm\u0131\u015ft\u0131r.<\/li>\n<\/ul>\n<p>Bug\u00fcne kadar 16.000 asgari \u00fccretli \u00e7al\u0131\u015fan\u0131m\u0131za \u00f6deme yapt\u0131k. \u015eu anda de\u011ferlendirme a\u015famas\u0131nda yakla\u015f\u0131k 3.000 ba\u015fvuru daha bulunmaktad\u0131r. Yo\u011fun talep nedeniyle Bakanlar Kurulu karar\u0131 ile ba\u015fvuru s\u00fcresini 18 Mart 2026 tarihine kadar uzatt\u0131k.<\/p>\n<p>Hedefimiz a\u00e7\u0131kt\u0131r;<\/p>\n<p>Ya\u015fanabilecek t\u00fcm krizlere kar\u015f\u0131, ekonomimizi koruyaca\u011f\u0131z, kamu harcamalar\u0131nda disiplini sa\u011flayaca\u011f\u0131z ve \u00e7al\u0131\u015fanlar\u0131m\u0131z\u0131n yan\u0131nda olmaya devam edece\u011fiz. H\u00fck\u00fcmet olarak geli\u015fmeleri yak\u0131ndan izliyor, devletimizi ve halk\u0131m\u0131z\u0131 korumak i\u00e7in gerekli t\u00fcm ad\u0131mlar\u0131 kararl\u0131l\u0131kla at\u0131yoruz. Hepinize en derin sayg\u0131lar\u0131m\u0131 sunuyorum\u201d<\/p>\n<p>Bakanlar Kurulu \u201c1. Tasarruf ve Ekonomik Tedbirler Paketi\u201dni y\u00fcr\u00fcrl\u00fc\u011fe koydu yaz\u0131s\u0131 ilk \u00f6nce K\u0131br\u0131s Hakikat \u00fczerinde ortaya \u00e7\u0131kt\u0131.<\/p>\n","protected":false},"excerpt":{"rendered":"<p>Bakanlar Kurulu 1. Tasarruf ve Ekonomik Tedbirler Paketi\u2019ni y\u00fcr\u00fcrl\u00fc\u011fe koydu. Ba\u015fbakan \u00dcnal \u00dcSTEL , Bakanlar Kurulu\u2019nun ekonomik geli\u015fmeler do\u011frultusunda \u201c1. Tasarruf ve Ekonomik Tedbirler Paketi\u201dni y\u00fcr\u00fcrl\u00fc\u011fe koydu\u011funu a\u00e7\u0131klad\u0131. \u00dcstel yapt\u0131\u011f\u0131 a\u00e7\u0131klamada, b\u00f6lgede ya\u015fanan sava\u015f\u0131n d\u00fcnya ekonomisinde yaratabilece\u011fi dalgalanmalar\u0131n yak\u0131ndan takip edildi\u011fini belirterek, ya\u015fanabilecek geli\u015fmelerin \u00fclkeye etkisini en aza indirmek amac\u0131yla gerekli tedbirlerin al\u0131nmaya devam edildi\u011fini [&hellip;]<\/p>\n","protected":false},"author":1,"featured_media":35099,"comment_status":"open","ping_status":"open","sticky":false,"template":"","format":"standard","meta":{"jnews-multi-image_gallery":[],"jnews_single_post":[],"jnews_primary_category":[],"footnotes":""},"categories":[1],"tags":[],"class_list":["post-35098","post","type-post","status-publish","format-standard","has-post-thumbnail","hentry","category-kibris"],"yoast_head":"<!-- This site is optimized with the Yoast SEO plugin v27.4 - https:\/\/yoast.com\/product\/yoast-seo-wordpress\/ -->\n<title>Bakanlar Kurulu \u201c1. Tasarruf ve Ekonomik Tedbirler Paketi\u201dni y\u00fcr\u00fcrl\u00fc\u011fe koydu - Haber Kuzey<\/title>\n<meta name=\"robots\" content=\"index, follow, max-snippet:-1, max-image-preview:large, max-video-preview:-1\" \/>\n<link rel=\"canonical\" href=\"https:\/\/haberkuzey.com\/index.php\/2026\/03\/08\/bakanlar-kurulu-1-tasarruf-ve-ekonomik-tedbirler-paketini-yururluge-koydu\/\" \/>\n<meta property=\"og:locale\" content=\"tr_TR\" \/>\n<meta property=\"og:type\" content=\"article\" \/>\n<meta property=\"og:title\" content=\"Bakanlar Kurulu \u201c1. Tasarruf ve Ekonomik Tedbirler Paketi\u201dni y\u00fcr\u00fcrl\u00fc\u011fe koydu - Haber Kuzey\" \/>\n<meta property=\"og:description\" content=\"Bakanlar Kurulu 1. Tasarruf ve Ekonomik Tedbirler Paketi\u2019ni y\u00fcr\u00fcrl\u00fc\u011fe koydu. Ba\u015fbakan \u00dcnal \u00dcSTEL , Bakanlar Kurulu\u2019nun ekonomik geli\u015fmeler do\u011frultusunda \u201c1. Tasarruf ve Ekonomik Tedbirler Paketi\u201dni y\u00fcr\u00fcrl\u00fc\u011fe koydu\u011funu a\u00e7\u0131klad\u0131. \u00dcstel yapt\u0131\u011f\u0131 a\u00e7\u0131klamada, b\u00f6lgede ya\u015fanan sava\u015f\u0131n d\u00fcnya ekonomisinde yaratabilece\u011fi dalgalanmalar\u0131n yak\u0131ndan takip edildi\u011fini belirterek, ya\u015fanabilecek geli\u015fmelerin \u00fclkeye etkisini en aza indirmek amac\u0131yla gerekli tedbirlerin al\u0131nmaya devam edildi\u011fini [&hellip;]\" \/>\n<meta property=\"og:url\" content=\"https:\/\/haberkuzey.com\/index.php\/2026\/03\/08\/bakanlar-kurulu-1-tasarruf-ve-ekonomik-tedbirler-paketini-yururluge-koydu\/\" \/>\n<meta property=\"og:site_name\" content=\"Haber Kuzey\" \/>\n<meta property=\"article:published_time\" content=\"2026-03-08T10:31:31+00:00\" \/>\n<meta name=\"author\" content=\"haberkuzey\" \/>\n<meta name=\"twitter:card\" content=\"summary_large_image\" \/>\n<meta name=\"twitter:label1\" content=\"Yazan:\" \/>\n\t<meta name=\"twitter:data1\" content=\"haberkuzey\" \/>\n\t<meta name=\"twitter:label2\" content=\"Tahmini okuma s\u00fcresi\" \/>\n\t<meta name=\"twitter:data2\" content=\"3 dakika\" \/>\n<script type=\"application\/ld+json\" class=\"yoast-schema-graph\">{\"@context\":\"https:\\\/\\\/schema.org\",\"@graph\":[{\"@type\":\"Article\",\"@id\":\"https:\\\/\\\/haberkuzey.com\\\/index.php\\\/2026\\\/03\\\/08\\\/bakanlar-kurulu-1-tasarruf-ve-ekonomik-tedbirler-paketini-yururluge-koydu\\\/#article\",\"isPartOf\":{\"@id\":\"https:\\\/\\\/haberkuzey.com\\\/index.php\\\/2026\\\/03\\\/08\\\/bakanlar-kurulu-1-tasarruf-ve-ekonomik-tedbirler-paketini-yururluge-koydu\\\/\"},\"author\":{\"name\":\"haberkuzey\",\"@id\":\"https:\\\/\\\/haberkuzey.com\\\/#\\\/schema\\\/person\\\/3372109ec735f9333f4fa47ebb9605ca\"},\"headline\":\"Bakanlar Kurulu \u201c1. Tasarruf ve Ekonomik Tedbirler Paketi\u201dni y\u00fcr\u00fcrl\u00fc\u011fe koydu\",\"datePublished\":\"2026-03-08T10:31:31+00:00\",\"mainEntityOfPage\":{\"@id\":\"https:\\\/\\\/haberkuzey.com\\\/index.php\\\/2026\\\/03\\\/08\\\/bakanlar-kurulu-1-tasarruf-ve-ekonomik-tedbirler-paketini-yururluge-koydu\\\/\"},\"wordCount\":669,\"commentCount\":0,\"image\":{\"@id\":\"https:\\\/\\\/haberkuzey.com\\\/index.php\\\/2026\\\/03\\\/08\\\/bakanlar-kurulu-1-tasarruf-ve-ekonomik-tedbirler-paketini-yururluge-koydu\\\/#primaryimage\"},\"thumbnailUrl\":\"https:\\\/\\\/haberkuzey.com\\\/wp-content\\\/uploads\\\/2026\\\/03\\\/IMG_7924.jpeg\",\"articleSection\":[\"K\u0131br\u0131s\"],\"inLanguage\":\"tr\",\"potentialAction\":[{\"@type\":\"CommentAction\",\"name\":\"Comment\",\"target\":[\"https:\\\/\\\/haberkuzey.com\\\/index.php\\\/2026\\\/03\\\/08\\\/bakanlar-kurulu-1-tasarruf-ve-ekonomik-tedbirler-paketini-yururluge-koydu\\\/#respond\"]}]},{\"@type\":\"WebPage\",\"@id\":\"https:\\\/\\\/haberkuzey.com\\\/index.php\\\/2026\\\/03\\\/08\\\/bakanlar-kurulu-1-tasarruf-ve-ekonomik-tedbirler-paketini-yururluge-koydu\\\/\",\"url\":\"https:\\\/\\\/haberkuzey.com\\\/index.php\\\/2026\\\/03\\\/08\\\/bakanlar-kurulu-1-tasarruf-ve-ekonomik-tedbirler-paketini-yururluge-koydu\\\/\",\"name\":\"Bakanlar Kurulu \u201c1. Tasarruf ve Ekonomik Tedbirler Paketi\u201dni y\u00fcr\u00fcrl\u00fc\u011fe koydu - Haber Kuzey\",\"isPartOf\":{\"@id\":\"https:\\\/\\\/haberkuzey.com\\\/#website\"},\"primaryImageOfPage\":{\"@id\":\"https:\\\/\\\/haberkuzey.com\\\/index.php\\\/2026\\\/03\\\/08\\\/bakanlar-kurulu-1-tasarruf-ve-ekonomik-tedbirler-paketini-yururluge-koydu\\\/#primaryimage\"},\"image\":{\"@id\":\"https:\\\/\\\/haberkuzey.com\\\/index.php\\\/2026\\\/03\\\/08\\\/bakanlar-kurulu-1-tasarruf-ve-ekonomik-tedbirler-paketini-yururluge-koydu\\\/#primaryimage\"},\"thumbnailUrl\":\"https:\\\/\\\/haberkuzey.com\\\/wp-content\\\/uploads\\\/2026\\\/03\\\/IMG_7924.jpeg\",\"datePublished\":\"2026-03-08T10:31:31+00:00\",\"author\":{\"@id\":\"https:\\\/\\\/haberkuzey.com\\\/#\\\/schema\\\/person\\\/3372109ec735f9333f4fa47ebb9605ca\"},\"breadcrumb\":{\"@id\":\"https:\\\/\\\/haberkuzey.com\\\/index.php\\\/2026\\\/03\\\/08\\\/bakanlar-kurulu-1-tasarruf-ve-ekonomik-tedbirler-paketini-yururluge-koydu\\\/#breadcrumb\"},\"inLanguage\":\"tr\",\"potentialAction\":[{\"@type\":\"ReadAction\",\"target\":[\"https:\\\/\\\/haberkuzey.com\\\/index.php\\\/2026\\\/03\\\/08\\\/bakanlar-kurulu-1-tasarruf-ve-ekonomik-tedbirler-paketini-yururluge-koydu\\\/\"]}]},{\"@type\":\"ImageObject\",\"inLanguage\":\"tr\",\"@id\":\"https:\\\/\\\/haberkuzey.com\\\/index.php\\\/2026\\\/03\\\/08\\\/bakanlar-kurulu-1-tasarruf-ve-ekonomik-tedbirler-paketini-yururluge-koydu\\\/#primaryimage\",\"url\":\"https:\\\/\\\/haberkuzey.com\\\/wp-content\\\/uploads\\\/2026\\\/03\\\/IMG_7924.jpeg\",\"contentUrl\":\"https:\\\/\\\/haberkuzey.com\\\/wp-content\\\/uploads\\\/2026\\\/03\\\/IMG_7924.jpeg\",\"width\":971,\"height\":551},{\"@type\":\"BreadcrumbList\",\"@id\":\"https:\\\/\\\/haberkuzey.com\\\/index.php\\\/2026\\\/03\\\/08\\\/bakanlar-kurulu-1-tasarruf-ve-ekonomik-tedbirler-paketini-yururluge-koydu\\\/#breadcrumb\",\"itemListElement\":[{\"@type\":\"ListItem\",\"position\":1,\"name\":\"Anasayfa\",\"item\":\"https:\\\/\\\/haberkuzey.com\\\/\"},{\"@type\":\"ListItem\",\"position\":2,\"name\":\"Bakanlar Kurulu \u201c1. Tasarruf ve Ekonomik Tedbirler Paketi\u201dni y\u00fcr\u00fcrl\u00fc\u011fe koydu\"}]},{\"@type\":\"WebSite\",\"@id\":\"https:\\\/\\\/haberkuzey.com\\\/#website\",\"url\":\"https:\\\/\\\/haberkuzey.com\\\/\",\"name\":\"Haber Kuzey\",\"description\":\"Do\u011fru Haberin Adresi\",\"potentialAction\":[{\"@type\":\"SearchAction\",\"target\":{\"@type\":\"EntryPoint\",\"urlTemplate\":\"https:\\\/\\\/haberkuzey.com\\\/?s={search_term_string}\"},\"query-input\":{\"@type\":\"PropertyValueSpecification\",\"valueRequired\":true,\"valueName\":\"search_term_string\"}}],\"inLanguage\":\"tr\"},{\"@type\":\"Person\",\"@id\":\"https:\\\/\\\/haberkuzey.com\\\/#\\\/schema\\\/person\\\/3372109ec735f9333f4fa47ebb9605ca\",\"name\":\"haberkuzey\",\"image\":{\"@type\":\"ImageObject\",\"inLanguage\":\"tr\",\"@id\":\"https:\\\/\\\/secure.gravatar.com\\\/avatar\\\/f5fc875574b1575324358c3b9e6a32b8227aa5b74f3fa22e3cadb63e26fcc39c?s=96&d=mm&r=g\",\"url\":\"https:\\\/\\\/secure.gravatar.com\\\/avatar\\\/f5fc875574b1575324358c3b9e6a32b8227aa5b74f3fa22e3cadb63e26fcc39c?s=96&d=mm&r=g\",\"contentUrl\":\"https:\\\/\\\/secure.gravatar.com\\\/avatar\\\/f5fc875574b1575324358c3b9e6a32b8227aa5b74f3fa22e3cadb63e26fcc39c?s=96&d=mm&r=g\",\"caption\":\"haberkuzey\"},\"sameAs\":[\"https:\\\/\\\/haberkuzey.com\"],\"url\":\"https:\\\/\\\/haberkuzey.com\\\/index.php\\\/author\\\/haberkuzey\\\/\"}]}<\/script>\n<!-- \/ Yoast SEO plugin. -->","yoast_head_json":{"title":"Bakanlar Kurulu \u201c1. Tasarruf ve Ekonomik Tedbirler Paketi\u201dni y\u00fcr\u00fcrl\u00fc\u011fe koydu - Haber Kuzey","robots":{"index":"index","follow":"follow","max-snippet":"max-snippet:-1","max-image-preview":"max-image-preview:large","max-video-preview":"max-video-preview:-1"},"canonical":"https:\/\/haberkuzey.com\/index.php\/2026\/03\/08\/bakanlar-kurulu-1-tasarruf-ve-ekonomik-tedbirler-paketini-yururluge-koydu\/","og_locale":"tr_TR","og_type":"article","og_title":"Bakanlar Kurulu \u201c1. Tasarruf ve Ekonomik Tedbirler Paketi\u201dni y\u00fcr\u00fcrl\u00fc\u011fe koydu - Haber Kuzey","og_description":"Bakanlar Kurulu 1. Tasarruf ve Ekonomik Tedbirler Paketi\u2019ni y\u00fcr\u00fcrl\u00fc\u011fe koydu. Ba\u015fbakan \u00dcnal \u00dcSTEL , Bakanlar Kurulu\u2019nun ekonomik geli\u015fmeler do\u011frultusunda \u201c1. Tasarruf ve Ekonomik Tedbirler Paketi\u201dni y\u00fcr\u00fcrl\u00fc\u011fe koydu\u011funu a\u00e7\u0131klad\u0131. \u00dcstel yapt\u0131\u011f\u0131 a\u00e7\u0131klamada, b\u00f6lgede ya\u015fanan sava\u015f\u0131n d\u00fcnya ekonomisinde yaratabilece\u011fi dalgalanmalar\u0131n yak\u0131ndan takip edildi\u011fini belirterek, ya\u015fanabilecek geli\u015fmelerin \u00fclkeye etkisini en aza indirmek amac\u0131yla gerekli tedbirlerin al\u0131nmaya devam edildi\u011fini [&hellip;]","og_url":"https:\/\/haberkuzey.com\/index.php\/2026\/03\/08\/bakanlar-kurulu-1-tasarruf-ve-ekonomik-tedbirler-paketini-yururluge-koydu\/","og_site_name":"Haber Kuzey","article_published_time":"2026-03-08T10:31:31+00:00","author":"haberkuzey","twitter_card":"summary_large_image","twitter_misc":{"Yazan:":"haberkuzey","Tahmini okuma s\u00fcresi":"3 dakika"},"schema":{"@context":"https:\/\/schema.org","@graph":[{"@type":"Article","@id":"https:\/\/haberkuzey.com\/index.php\/2026\/03\/08\/bakanlar-kurulu-1-tasarruf-ve-ekonomik-tedbirler-paketini-yururluge-koydu\/#article","isPartOf":{"@id":"https:\/\/haberkuzey.com\/index.php\/2026\/03\/08\/bakanlar-kurulu-1-tasarruf-ve-ekonomik-tedbirler-paketini-yururluge-koydu\/"},"author":{"name":"haberkuzey","@id":"https:\/\/haberkuzey.com\/#\/schema\/person\/3372109ec735f9333f4fa47ebb9605ca"},"headline":"Bakanlar Kurulu \u201c1. Tasarruf ve Ekonomik Tedbirler Paketi\u201dni y\u00fcr\u00fcrl\u00fc\u011fe koydu","datePublished":"2026-03-08T10:31:31+00:00","mainEntityOfPage":{"@id":"https:\/\/haberkuzey.com\/index.php\/2026\/03\/08\/bakanlar-kurulu-1-tasarruf-ve-ekonomik-tedbirler-paketini-yururluge-koydu\/"},"wordCount":669,"commentCount":0,"image":{"@id":"https:\/\/haberkuzey.com\/index.php\/2026\/03\/08\/bakanlar-kurulu-1-tasarruf-ve-ekonomik-tedbirler-paketini-yururluge-koydu\/#primaryimage"},"thumbnailUrl":"https:\/\/haberkuzey.com\/wp-content\/uploads\/2026\/03\/IMG_7924.jpeg","articleSection":["K\u0131br\u0131s"],"inLanguage":"tr","potentialAction":[{"@type":"CommentAction","name":"Comment","target":["https:\/\/haberkuzey.com\/index.php\/2026\/03\/08\/bakanlar-kurulu-1-tasarruf-ve-ekonomik-tedbirler-paketini-yururluge-koydu\/#respond"]}]},{"@type":"WebPage","@id":"https:\/\/haberkuzey.com\/index.php\/2026\/03\/08\/bakanlar-kurulu-1-tasarruf-ve-ekonomik-tedbirler-paketini-yururluge-koydu\/","url":"https:\/\/haberkuzey.com\/index.php\/2026\/03\/08\/bakanlar-kurulu-1-tasarruf-ve-ekonomik-tedbirler-paketini-yururluge-koydu\/","name":"Bakanlar Kurulu \u201c1. Tasarruf ve Ekonomik Tedbirler Paketi\u201dni y\u00fcr\u00fcrl\u00fc\u011fe koydu - Haber Kuzey","isPartOf":{"@id":"https:\/\/haberkuzey.com\/#website"},"primaryImageOfPage":{"@id":"https:\/\/haberkuzey.com\/index.php\/2026\/03\/08\/bakanlar-kurulu-1-tasarruf-ve-ekonomik-tedbirler-paketini-yururluge-koydu\/#primaryimage"},"image":{"@id":"https:\/\/haberkuzey.com\/index.php\/2026\/03\/08\/bakanlar-kurulu-1-tasarruf-ve-ekonomik-tedbirler-paketini-yururluge-koydu\/#primaryimage"},"thumbnailUrl":"https:\/\/haberkuzey.com\/wp-content\/uploads\/2026\/03\/IMG_7924.jpeg","datePublished":"2026-03-08T10:31:31+00:00","author":{"@id":"https:\/\/haberkuzey.com\/#\/schema\/person\/3372109ec735f9333f4fa47ebb9605ca"},"breadcrumb":{"@id":"https:\/\/haberkuzey.com\/index.php\/2026\/03\/08\/bakanlar-kurulu-1-tasarruf-ve-ekonomik-tedbirler-paketini-yururluge-koydu\/#breadcrumb"},"inLanguage":"tr","potentialAction":[{"@type":"ReadAction","target":["https:\/\/haberkuzey.com\/index.php\/2026\/03\/08\/bakanlar-kurulu-1-tasarruf-ve-ekonomik-tedbirler-paketini-yururluge-koydu\/"]}]},{"@type":"ImageObject","inLanguage":"tr","@id":"https:\/\/haberkuzey.com\/index.php\/2026\/03\/08\/bakanlar-kurulu-1-tasarruf-ve-ekonomik-tedbirler-paketini-yururluge-koydu\/#primaryimage","url":"https:\/\/haberkuzey.com\/wp-content\/uploads\/2026\/03\/IMG_7924.jpeg","contentUrl":"https:\/\/haberkuzey.com\/wp-content\/uploads\/2026\/03\/IMG_7924.jpeg","width":971,"height":551},{"@type":"BreadcrumbList","@id":"https:\/\/haberkuzey.com\/index.php\/2026\/03\/08\/bakanlar-kurulu-1-tasarruf-ve-ekonomik-tedbirler-paketini-yururluge-koydu\/#breadcrumb","itemListElement":[{"@type":"ListItem","position":1,"name":"Anasayfa","item":"https:\/\/haberkuzey.com\/"},{"@type":"ListItem","position":2,"name":"Bakanlar Kurulu \u201c1. Tasarruf ve Ekonomik Tedbirler Paketi\u201dni y\u00fcr\u00fcrl\u00fc\u011fe koydu"}]},{"@type":"WebSite","@id":"https:\/\/haberkuzey.com\/#website","url":"https:\/\/haberkuzey.com\/","name":"Haber Kuzey","description":"Do\u011fru Haberin Adresi","potentialAction":[{"@type":"SearchAction","target":{"@type":"EntryPoint","urlTemplate":"https:\/\/haberkuzey.com\/?s={search_term_string}"},"query-input":{"@type":"PropertyValueSpecification","valueRequired":true,"valueName":"search_term_string"}}],"inLanguage":"tr"},{"@type":"Person","@id":"https:\/\/haberkuzey.com\/#\/schema\/person\/3372109ec735f9333f4fa47ebb9605ca","name":"haberkuzey","image":{"@type":"ImageObject","inLanguage":"tr","@id":"https:\/\/secure.gravatar.com\/avatar\/f5fc875574b1575324358c3b9e6a32b8227aa5b74f3fa22e3cadb63e26fcc39c?s=96&d=mm&r=g","url":"https:\/\/secure.gravatar.com\/avatar\/f5fc875574b1575324358c3b9e6a32b8227aa5b74f3fa22e3cadb63e26fcc39c?s=96&d=mm&r=g","contentUrl":"https:\/\/secure.gravatar.com\/avatar\/f5fc875574b1575324358c3b9e6a32b8227aa5b74f3fa22e3cadb63e26fcc39c?s=96&d=mm&r=g","caption":"haberkuzey"},"sameAs":["https:\/\/haberkuzey.com"],"url":"https:\/\/haberkuzey.com\/index.php\/author\/haberkuzey\/"}]}},"_links":{"self":[{"href":"https:\/\/haberkuzey.com\/index.php\/wp-json\/wp\/v2\/posts\/35098","targetHints":{"allow":["GET"]}}],"collection":[{"href":"https:\/\/haberkuzey.com\/index.php\/wp-json\/wp\/v2\/posts"}],"about":[{"href":"https:\/\/haberkuzey.com\/index.php\/wp-json\/wp\/v2\/types\/post"}],"author":[{"embeddable":true,"href":"https:\/\/haberkuzey.com\/index.php\/wp-json\/wp\/v2\/users\/1"}],"replies":[{"embeddable":true,"href":"https:\/\/haberkuzey.com\/index.php\/wp-json\/wp\/v2\/comments?post=35098"}],"version-history":[{"count":0,"href":"https:\/\/haberkuzey.com\/index.php\/wp-json\/wp\/v2\/posts\/35098\/revisions"}],"wp:featuredmedia":[{"embeddable":true,"href":"https:\/\/haberkuzey.com\/index.php\/wp-json\/wp\/v2\/media\/35099"}],"wp:attachment":[{"href":"https:\/\/haberkuzey.com\/index.php\/wp-json\/wp\/v2\/media?parent=35098"}],"wp:term":[{"taxonomy":"category","embeddable":true,"href":"https:\/\/haberkuzey.com\/index.php\/wp-json\/wp\/v2\/categories?post=35098"},{"taxonomy":"post_tag","embeddable":true,"href":"https:\/\/haberkuzey.com\/index.php\/wp-json\/wp\/v2\/tags?post=35098"}],"curies":[{"name":"wp","href":"https:\/\/api.w.org\/{rel}","templated":true}]}}