{"id":35096,"date":"2026-03-08T11:19:04","date_gmt":"2026-03-08T09:19:04","guid":{"rendered":"https:\/\/haberkuzey.com\/index.php\/2026\/03\/08\/cevdet-yilmaz-lefkosa-esref-bitlis-kislasinda-duzenlenen-iftarda-mehmetcik-ile-bir-araya-geldi-adadaki-huzur-ve-guven-ortaminin-bozulmasini-istemiyoruz\/"},"modified":"2026-03-08T11:19:04","modified_gmt":"2026-03-08T09:19:04","slug":"cevdet-yilmaz-lefkosa-esref-bitlis-kislasinda-duzenlenen-iftarda-mehmetcik-ile-bir-araya-geldi-adadaki-huzur-ve-guven-ortaminin-bozulmasini-istemiyoruz","status":"publish","type":"post","link":"https:\/\/haberkuzey.com\/index.php\/2026\/03\/08\/cevdet-yilmaz-lefkosa-esref-bitlis-kislasinda-duzenlenen-iftarda-mehmetcik-ile-bir-araya-geldi-adadaki-huzur-ve-guven-ortaminin-bozulmasini-istemiyoruz\/","title":{"rendered":"Cevdet Y\u0131lmaz, Lefko\u015fa E\u015fref Bitlis K\u0131\u015flas\u0131\u2019nda d\u00fczenlenen iftarda Mehmet\u00e7ik ile bir araya geldi: \u2018Ada\u2019daki huzur ve g\u00fcven ortam\u0131n\u0131n bozulmas\u0131n\u0131 istemiyoruz\u2019"},"content":{"rendered":"<\/p>\n<div>\n<div class=\"mariselle-image-container center\">\n                                            <\/div>\n<p>\nTC Cumhurba\u015fkan\u0131 Yard\u0131mc\u0131s\u0131 Cevdet Y\u0131lmaz, Lefko\u015fa E\u015fref Bitlis K\u0131\u015flas\u0131\u2019nda d\u00fczenlenen iftar program\u0131nda Mehmet\u00e7ik ile bir araya geldi.<\/p>\n<p>K\u0131\u015flada, K\u0131br\u0131s T\u00fcrk Bar\u0131\u015f Kuvvetleri (KTBK) Komutan\u0131 Korgeneral Sebahattin K\u0131l\u0131n\u00e7 taraf\u0131ndan kar\u015f\u0131lanan Cumhurba\u015fkan\u0131 Yard\u0131mc\u0131s\u0131 Y\u0131lmaz, askeri mangay\u0131 selamlad\u0131 ve ziyaret defterini imzalad\u0131.<\/p>\n<p>Programa, Cumhurba\u015fkan\u0131 Tufan Erh\u00fcrman, Cumhuriyet Meclisi Ba\u015fkan\u0131 Ziya \u00d6zt\u00fcrkler, Ba\u015fbakan \u00dcnal \u00dcstel, T\u00fcrkiye\u2019nin Lefko\u015fa B\u00fcy\u00fckel\u00e7isi Ali Murat Ba\u015f\u00e7eri, 5. Cumhurba\u015fkan\u0131 Ersin Tatar ve T\u00fcrkiye\u2019den milletvekilleri kat\u0131ld\u0131.<\/p>\n<p>Mehmet\u00e7ikle iftar\u0131n\u0131 yapan Y\u0131lmaz yapt\u0131\u011f\u0131 konu\u015fmada, K\u0131br\u0131s\u2019\u0131n ge\u00e7mi\u015fte ya\u015fad\u0131\u011f\u0131 ac\u0131 g\u00fcnlerin 1974\u2019teki Bar\u0131\u015f Harekat\u0131 ile son buldu\u011funu belirtti.<\/p>\n<p>Y\u0131lmaz, \u201cBar\u0131\u015f Harekat\u0131 ile hem Ada\u2019daki T\u00fcrkler hem de Rumlar i\u00e7in \u00e7ok uzun bir huzurlu d\u00f6nem olu\u015ftu. Yar\u0131m asr\u0131 a\u015fan bir d\u00f6nem i\u00e7inde, bu Ada huzur, istikrar, bar\u0131\u015f i\u00e7inde yoluna devam ediyor. Bu ortam, hem KKTC hem de Rum Kesimi\u2019nde kalk\u0131nma s\u00fcre\u00e7lerini h\u0131zland\u0131rd\u0131, altyap\u0131lar geli\u015fti, insanlar ge\u00e7mi\u015ften \u00e7ok daha iyi ko\u015fullarda ya\u015far hale geldi. Bu huzurun, bu g\u00fcvenin hi\u00e7bir zaman bozulmamas\u0131n\u0131 istiyoruz.\u201d diye konu\u015ftu.<\/p>\n<p>Konu\u015fmas\u0131nda b\u00f6lgede ya\u015fanan geli\u015fmelere de de\u011finen Y\u0131lmaz, G\u00fcney K\u0131br\u0131s Rum Y\u00f6netimi\u2019nin (GKRY) son d\u00f6nemde att\u0131\u011f\u0131 ad\u0131mlar\u0131 ele\u015ftirerek \u015funlar\u0131 kaydetti:<\/p>\n<p>\u201cMaalesef Rum Kesimi, son derece gereksiz, sorumsuz bir tak\u0131m eylemlerle, ba\u015fka g\u00fc\u00e7leri bu Ada\u2019ya \u00e7ekerek g\u00fcvenlik ortam\u0131n\u0131 zay\u0131flatm\u0131\u015f, kendisi a\u00e7\u0131s\u0131nda riskleri art\u0131rm\u0131\u015ft\u0131r. Bu da tabi t\u00fcm Ada a\u00e7\u0131s\u0131ndan da olumlu bir durum de\u011fildir. Ama \u00e7ok \u015f\u00fck\u00fcr KKTC taraf\u0131nda huzuru bozacak herhangi bir \u015fey s\u00f6z konusu de\u011fil. Dileriz ki bu ya\u015fananlardan Rum Kesimi de gerekli dersleri \u00e7\u0131kars\u0131n ve bu Ada\u2019y\u0131 gereksiz yere hedef haline getirmesin.\u201d<\/p>\n<p>KKTC\u2019nin kolay kurulmad\u0131\u011f\u0131na dikkati \u00e7eken Y\u0131lmaz, bu u\u011furda \u015fehit olan Mehmet\u00e7ik ve m\u00fccahitlere rahmet diledi.<\/p>\n<p>Y\u0131lmaz, \u201cCenab\u0131 Allah birli\u011fimizi, beraberli\u011fimizi, karde\u015fli\u011fimizi daim eylesin. T\u00fcrkiye ve KKTC olarak g\u00fc\u00e7l\u00fc yar\u0131nlara hep birlikte y\u00fcr\u00fcmek dile\u011fiyle.\u201d dedi.<\/p>\n<\/p>\n<\/div>\n<p>Cevdet Y\u0131lmaz, Lefko\u015fa E\u015fref Bitlis K\u0131\u015flas\u0131\u2019nda d\u00fczenlenen iftarda Mehmet\u00e7ik ile bir araya geldi: \u2018Ada\u2019daki huzur ve g\u00fcven ortam\u0131n\u0131n bozulmas\u0131n\u0131 istemiyoruz\u2019 yaz\u0131s\u0131 ilk \u00f6nce K\u0131br\u0131s Hakikat \u00fczerinde ortaya \u00e7\u0131kt\u0131.<\/p>\n","protected":false},"excerpt":{"rendered":"<p>TC Cumhurba\u015fkan\u0131 Yard\u0131mc\u0131s\u0131 Cevdet Y\u0131lmaz, Lefko\u015fa E\u015fref Bitlis K\u0131\u015flas\u0131\u2019nda d\u00fczenlenen iftar program\u0131nda Mehmet\u00e7ik ile bir araya geldi. K\u0131\u015flada, K\u0131br\u0131s T\u00fcrk Bar\u0131\u015f Kuvvetleri (KTBK) Komutan\u0131 Korgeneral Sebahattin K\u0131l\u0131n\u00e7 taraf\u0131ndan kar\u015f\u0131lanan Cumhurba\u015fkan\u0131 Yard\u0131mc\u0131s\u0131 Y\u0131lmaz, askeri mangay\u0131 selamlad\u0131 ve ziyaret defterini imzalad\u0131. Programa, Cumhurba\u015fkan\u0131 Tufan Erh\u00fcrman, Cumhuriyet Meclisi Ba\u015fkan\u0131 Ziya \u00d6zt\u00fcrkler, Ba\u015fbakan \u00dcnal \u00dcstel, T\u00fcrkiye\u2019nin Lefko\u015fa B\u00fcy\u00fckel\u00e7isi Ali [&hellip;]<\/p>\n","protected":false},"author":1,"featured_media":35097,"comment_status":"open","ping_status":"open","sticky":false,"template":"","format":"standard","meta":{"jnews-multi-image_gallery":[],"jnews_single_post":[],"jnews_primary_category":[],"footnotes":""},"categories":[1],"tags":[],"class_list":["post-35096","post","type-post","status-publish","format-standard","has-post-thumbnail","hentry","category-kibris"],"yoast_head":"<!-- This site is optimized with the Yoast SEO plugin v27.4 - https:\/\/yoast.com\/product\/yoast-seo-wordpress\/ -->\n<title>Cevdet Y\u0131lmaz, Lefko\u015fa E\u015fref Bitlis K\u0131\u015flas\u0131\u2019nda d\u00fczenlenen iftarda Mehmet\u00e7ik ile bir araya geldi: \u2018Ada\u2019daki huzur ve g\u00fcven ortam\u0131n\u0131n bozulmas\u0131n\u0131 istemiyoruz\u2019 - Haber Kuzey<\/title>\n<meta name=\"robots\" content=\"index, follow, max-snippet:-1, max-image-preview:large, max-video-preview:-1\" \/>\n<link rel=\"canonical\" href=\"https:\/\/haberkuzey.com\/index.php\/2026\/03\/08\/cevdet-yilmaz-lefkosa-esref-bitlis-kislasinda-duzenlenen-iftarda-mehmetcik-ile-bir-araya-geldi-adadaki-huzur-ve-guven-ortaminin-bozulmasini-istemiyoruz\/\" \/>\n<meta property=\"og:locale\" content=\"tr_TR\" \/>\n<meta property=\"og:type\" content=\"article\" \/>\n<meta property=\"og:title\" content=\"Cevdet Y\u0131lmaz, Lefko\u015fa E\u015fref Bitlis K\u0131\u015flas\u0131\u2019nda d\u00fczenlenen iftarda Mehmet\u00e7ik ile bir araya geldi: \u2018Ada\u2019daki huzur ve g\u00fcven ortam\u0131n\u0131n bozulmas\u0131n\u0131 istemiyoruz\u2019 - Haber Kuzey\" \/>\n<meta property=\"og:description\" content=\"TC Cumhurba\u015fkan\u0131 Yard\u0131mc\u0131s\u0131 Cevdet Y\u0131lmaz, Lefko\u015fa E\u015fref Bitlis K\u0131\u015flas\u0131\u2019nda d\u00fczenlenen iftar program\u0131nda Mehmet\u00e7ik ile bir araya geldi. K\u0131\u015flada, K\u0131br\u0131s T\u00fcrk Bar\u0131\u015f Kuvvetleri (KTBK) Komutan\u0131 Korgeneral Sebahattin K\u0131l\u0131n\u00e7 taraf\u0131ndan kar\u015f\u0131lanan Cumhurba\u015fkan\u0131 Yard\u0131mc\u0131s\u0131 Y\u0131lmaz, askeri mangay\u0131 selamlad\u0131 ve ziyaret defterini imzalad\u0131. Programa, Cumhurba\u015fkan\u0131 Tufan Erh\u00fcrman, Cumhuriyet Meclisi Ba\u015fkan\u0131 Ziya \u00d6zt\u00fcrkler, Ba\u015fbakan \u00dcnal \u00dcstel, T\u00fcrkiye\u2019nin Lefko\u015fa B\u00fcy\u00fckel\u00e7isi Ali [&hellip;]\" \/>\n<meta property=\"og:url\" content=\"https:\/\/haberkuzey.com\/index.php\/2026\/03\/08\/cevdet-yilmaz-lefkosa-esref-bitlis-kislasinda-duzenlenen-iftarda-mehmetcik-ile-bir-araya-geldi-adadaki-huzur-ve-guven-ortaminin-bozulmasini-istemiyoruz\/\" \/>\n<meta property=\"og:site_name\" content=\"Haber Kuzey\" \/>\n<meta property=\"article:published_time\" content=\"2026-03-08T09:19:04+00:00\" \/>\n<meta name=\"author\" content=\"haberkuzey\" \/>\n<meta name=\"twitter:card\" content=\"summary_large_image\" \/>\n<meta name=\"twitter:label1\" content=\"Yazan:\" \/>\n\t<meta name=\"twitter:data1\" content=\"haberkuzey\" \/>\n\t<meta name=\"twitter:label2\" content=\"Tahmini okuma s\u00fcresi\" \/>\n\t<meta name=\"twitter:data2\" content=\"2 dakika\" \/>\n<script type=\"application\/ld+json\" class=\"yoast-schema-graph\">{\"@context\":\"https:\\\/\\\/schema.org\",\"@graph\":[{\"@type\":\"Article\",\"@id\":\"https:\\\/\\\/haberkuzey.com\\\/index.php\\\/2026\\\/03\\\/08\\\/cevdet-yilmaz-lefkosa-esref-bitlis-kislasinda-duzenlenen-iftarda-mehmetcik-ile-bir-araya-geldi-adadaki-huzur-ve-guven-ortaminin-bozulmasini-istemiyoruz\\\/#article\",\"isPartOf\":{\"@id\":\"https:\\\/\\\/haberkuzey.com\\\/index.php\\\/2026\\\/03\\\/08\\\/cevdet-yilmaz-lefkosa-esref-bitlis-kislasinda-duzenlenen-iftarda-mehmetcik-ile-bir-araya-geldi-adadaki-huzur-ve-guven-ortaminin-bozulmasini-istemiyoruz\\\/\"},\"author\":{\"name\":\"haberkuzey\",\"@id\":\"https:\\\/\\\/haberkuzey.com\\\/#\\\/schema\\\/person\\\/3372109ec735f9333f4fa47ebb9605ca\"},\"headline\":\"Cevdet Y\u0131lmaz, Lefko\u015fa E\u015fref Bitlis K\u0131\u015flas\u0131\u2019nda d\u00fczenlenen iftarda Mehmet\u00e7ik ile bir araya geldi: \u2018Ada\u2019daki huzur ve g\u00fcven ortam\u0131n\u0131n bozulmas\u0131n\u0131 istemiyoruz\u2019\",\"datePublished\":\"2026-03-08T09:19:04+00:00\",\"mainEntityOfPage\":{\"@id\":\"https:\\\/\\\/haberkuzey.com\\\/index.php\\\/2026\\\/03\\\/08\\\/cevdet-yilmaz-lefkosa-esref-bitlis-kislasinda-duzenlenen-iftarda-mehmetcik-ile-bir-araya-geldi-adadaki-huzur-ve-guven-ortaminin-bozulmasini-istemiyoruz\\\/\"},\"wordCount\":471,\"commentCount\":0,\"image\":{\"@id\":\"https:\\\/\\\/haberkuzey.com\\\/index.php\\\/2026\\\/03\\\/08\\\/cevdet-yilmaz-lefkosa-esref-bitlis-kislasinda-duzenlenen-iftarda-mehmetcik-ile-bir-araya-geldi-adadaki-huzur-ve-guven-ortaminin-bozulmasini-istemiyoruz\\\/#primaryimage\"},\"thumbnailUrl\":\"https:\\\/\\\/haberkuzey.com\\\/wp-content\\\/uploads\\\/2026\\\/03\\\/aa_picture_20260305_40743325.jpg\",\"articleSection\":[\"K\u0131br\u0131s\"],\"inLanguage\":\"tr\",\"potentialAction\":[{\"@type\":\"CommentAction\",\"name\":\"Comment\",\"target\":[\"https:\\\/\\\/haberkuzey.com\\\/index.php\\\/2026\\\/03\\\/08\\\/cevdet-yilmaz-lefkosa-esref-bitlis-kislasinda-duzenlenen-iftarda-mehmetcik-ile-bir-araya-geldi-adadaki-huzur-ve-guven-ortaminin-bozulmasini-istemiyoruz\\\/#respond\"]}]},{\"@type\":\"WebPage\",\"@id\":\"https:\\\/\\\/haberkuzey.com\\\/index.php\\\/2026\\\/03\\\/08\\\/cevdet-yilmaz-lefkosa-esref-bitlis-kislasinda-duzenlenen-iftarda-mehmetcik-ile-bir-araya-geldi-adadaki-huzur-ve-guven-ortaminin-bozulmasini-istemiyoruz\\\/\",\"url\":\"https:\\\/\\\/haberkuzey.com\\\/index.php\\\/2026\\\/03\\\/08\\\/cevdet-yilmaz-lefkosa-esref-bitlis-kislasinda-duzenlenen-iftarda-mehmetcik-ile-bir-araya-geldi-adadaki-huzur-ve-guven-ortaminin-bozulmasini-istemiyoruz\\\/\",\"name\":\"Cevdet Y\u0131lmaz, Lefko\u015fa E\u015fref Bitlis K\u0131\u015flas\u0131\u2019nda d\u00fczenlenen iftarda Mehmet\u00e7ik ile bir araya geldi: \u2018Ada\u2019daki huzur ve g\u00fcven ortam\u0131n\u0131n bozulmas\u0131n\u0131 istemiyoruz\u2019 - Haber Kuzey\",\"isPartOf\":{\"@id\":\"https:\\\/\\\/haberkuzey.com\\\/#website\"},\"primaryImageOfPage\":{\"@id\":\"https:\\\/\\\/haberkuzey.com\\\/index.php\\\/2026\\\/03\\\/08\\\/cevdet-yilmaz-lefkosa-esref-bitlis-kislasinda-duzenlenen-iftarda-mehmetcik-ile-bir-araya-geldi-adadaki-huzur-ve-guven-ortaminin-bozulmasini-istemiyoruz\\\/#primaryimage\"},\"image\":{\"@id\":\"https:\\\/\\\/haberkuzey.com\\\/index.php\\\/2026\\\/03\\\/08\\\/cevdet-yilmaz-lefkosa-esref-bitlis-kislasinda-duzenlenen-iftarda-mehmetcik-ile-bir-araya-geldi-adadaki-huzur-ve-guven-ortaminin-bozulmasini-istemiyoruz\\\/#primaryimage\"},\"thumbnailUrl\":\"https:\\\/\\\/haberkuzey.com\\\/wp-content\\\/uploads\\\/2026\\\/03\\\/aa_picture_20260305_40743325.jpg\",\"datePublished\":\"2026-03-08T09:19:04+00:00\",\"author\":{\"@id\":\"https:\\\/\\\/haberkuzey.com\\\/#\\\/schema\\\/person\\\/3372109ec735f9333f4fa47ebb9605ca\"},\"breadcrumb\":{\"@id\":\"https:\\\/\\\/haberkuzey.com\\\/index.php\\\/2026\\\/03\\\/08\\\/cevdet-yilmaz-lefkosa-esref-bitlis-kislasinda-duzenlenen-iftarda-mehmetcik-ile-bir-araya-geldi-adadaki-huzur-ve-guven-ortaminin-bozulmasini-istemiyoruz\\\/#breadcrumb\"},\"inLanguage\":\"tr\",\"potentialAction\":[{\"@type\":\"ReadAction\",\"target\":[\"https:\\\/\\\/haberkuzey.com\\\/index.php\\\/2026\\\/03\\\/08\\\/cevdet-yilmaz-lefkosa-esref-bitlis-kislasinda-duzenlenen-iftarda-mehmetcik-ile-bir-araya-geldi-adadaki-huzur-ve-guven-ortaminin-bozulmasini-istemiyoruz\\\/\"]}]},{\"@type\":\"ImageObject\",\"inLanguage\":\"tr\",\"@id\":\"https:\\\/\\\/haberkuzey.com\\\/index.php\\\/2026\\\/03\\\/08\\\/cevdet-yilmaz-lefkosa-esref-bitlis-kislasinda-duzenlenen-iftarda-mehmetcik-ile-bir-araya-geldi-adadaki-huzur-ve-guven-ortaminin-bozulmasini-istemiyoruz\\\/#primaryimage\",\"url\":\"https:\\\/\\\/haberkuzey.com\\\/wp-content\\\/uploads\\\/2026\\\/03\\\/aa_picture_20260305_40743325.jpg\",\"contentUrl\":\"https:\\\/\\\/haberkuzey.com\\\/wp-content\\\/uploads\\\/2026\\\/03\\\/aa_picture_20260305_40743325.jpg\",\"width\":753,\"height\":502},{\"@type\":\"BreadcrumbList\",\"@id\":\"https:\\\/\\\/haberkuzey.com\\\/index.php\\\/2026\\\/03\\\/08\\\/cevdet-yilmaz-lefkosa-esref-bitlis-kislasinda-duzenlenen-iftarda-mehmetcik-ile-bir-araya-geldi-adadaki-huzur-ve-guven-ortaminin-bozulmasini-istemiyoruz\\\/#breadcrumb\",\"itemListElement\":[{\"@type\":\"ListItem\",\"position\":1,\"name\":\"Anasayfa\",\"item\":\"https:\\\/\\\/haberkuzey.com\\\/\"},{\"@type\":\"ListItem\",\"position\":2,\"name\":\"Cevdet Y\u0131lmaz, Lefko\u015fa E\u015fref Bitlis K\u0131\u015flas\u0131\u2019nda d\u00fczenlenen iftarda Mehmet\u00e7ik ile bir araya geldi: \u2018Ada\u2019daki huzur ve g\u00fcven ortam\u0131n\u0131n bozulmas\u0131n\u0131 istemiyoruz\u2019\"}]},{\"@type\":\"WebSite\",\"@id\":\"https:\\\/\\\/haberkuzey.com\\\/#website\",\"url\":\"https:\\\/\\\/haberkuzey.com\\\/\",\"name\":\"Haber Kuzey\",\"description\":\"Do\u011fru Haberin Adresi\",\"potentialAction\":[{\"@type\":\"SearchAction\",\"target\":{\"@type\":\"EntryPoint\",\"urlTemplate\":\"https:\\\/\\\/haberkuzey.com\\\/?s={search_term_string}\"},\"query-input\":{\"@type\":\"PropertyValueSpecification\",\"valueRequired\":true,\"valueName\":\"search_term_string\"}}],\"inLanguage\":\"tr\"},{\"@type\":\"Person\",\"@id\":\"https:\\\/\\\/haberkuzey.com\\\/#\\\/schema\\\/person\\\/3372109ec735f9333f4fa47ebb9605ca\",\"name\":\"haberkuzey\",\"image\":{\"@type\":\"ImageObject\",\"inLanguage\":\"tr\",\"@id\":\"https:\\\/\\\/secure.gravatar.com\\\/avatar\\\/f5fc875574b1575324358c3b9e6a32b8227aa5b74f3fa22e3cadb63e26fcc39c?s=96&d=mm&r=g\",\"url\":\"https:\\\/\\\/secure.gravatar.com\\\/avatar\\\/f5fc875574b1575324358c3b9e6a32b8227aa5b74f3fa22e3cadb63e26fcc39c?s=96&d=mm&r=g\",\"contentUrl\":\"https:\\\/\\\/secure.gravatar.com\\\/avatar\\\/f5fc875574b1575324358c3b9e6a32b8227aa5b74f3fa22e3cadb63e26fcc39c?s=96&d=mm&r=g\",\"caption\":\"haberkuzey\"},\"sameAs\":[\"https:\\\/\\\/haberkuzey.com\"],\"url\":\"https:\\\/\\\/haberkuzey.com\\\/index.php\\\/author\\\/haberkuzey\\\/\"}]}<\/script>\n<!-- \/ Yoast SEO plugin. -->","yoast_head_json":{"title":"Cevdet Y\u0131lmaz, Lefko\u015fa E\u015fref Bitlis K\u0131\u015flas\u0131\u2019nda d\u00fczenlenen iftarda Mehmet\u00e7ik ile bir araya geldi: \u2018Ada\u2019daki huzur ve g\u00fcven ortam\u0131n\u0131n bozulmas\u0131n\u0131 istemiyoruz\u2019 - Haber Kuzey","robots":{"index":"index","follow":"follow","max-snippet":"max-snippet:-1","max-image-preview":"max-image-preview:large","max-video-preview":"max-video-preview:-1"},"canonical":"https:\/\/haberkuzey.com\/index.php\/2026\/03\/08\/cevdet-yilmaz-lefkosa-esref-bitlis-kislasinda-duzenlenen-iftarda-mehmetcik-ile-bir-araya-geldi-adadaki-huzur-ve-guven-ortaminin-bozulmasini-istemiyoruz\/","og_locale":"tr_TR","og_type":"article","og_title":"Cevdet Y\u0131lmaz, Lefko\u015fa E\u015fref Bitlis K\u0131\u015flas\u0131\u2019nda d\u00fczenlenen iftarda Mehmet\u00e7ik ile bir araya geldi: \u2018Ada\u2019daki huzur ve g\u00fcven ortam\u0131n\u0131n bozulmas\u0131n\u0131 istemiyoruz\u2019 - Haber Kuzey","og_description":"TC Cumhurba\u015fkan\u0131 Yard\u0131mc\u0131s\u0131 Cevdet Y\u0131lmaz, Lefko\u015fa E\u015fref Bitlis K\u0131\u015flas\u0131\u2019nda d\u00fczenlenen iftar program\u0131nda Mehmet\u00e7ik ile bir araya geldi. K\u0131\u015flada, K\u0131br\u0131s T\u00fcrk Bar\u0131\u015f Kuvvetleri (KTBK) Komutan\u0131 Korgeneral Sebahattin K\u0131l\u0131n\u00e7 taraf\u0131ndan kar\u015f\u0131lanan Cumhurba\u015fkan\u0131 Yard\u0131mc\u0131s\u0131 Y\u0131lmaz, askeri mangay\u0131 selamlad\u0131 ve ziyaret defterini imzalad\u0131. Programa, Cumhurba\u015fkan\u0131 Tufan Erh\u00fcrman, Cumhuriyet Meclisi Ba\u015fkan\u0131 Ziya \u00d6zt\u00fcrkler, Ba\u015fbakan \u00dcnal \u00dcstel, T\u00fcrkiye\u2019nin Lefko\u015fa B\u00fcy\u00fckel\u00e7isi Ali [&hellip;]","og_url":"https:\/\/haberkuzey.com\/index.php\/2026\/03\/08\/cevdet-yilmaz-lefkosa-esref-bitlis-kislasinda-duzenlenen-iftarda-mehmetcik-ile-bir-araya-geldi-adadaki-huzur-ve-guven-ortaminin-bozulmasini-istemiyoruz\/","og_site_name":"Haber Kuzey","article_published_time":"2026-03-08T09:19:04+00:00","author":"haberkuzey","twitter_card":"summary_large_image","twitter_misc":{"Yazan:":"haberkuzey","Tahmini okuma s\u00fcresi":"2 dakika"},"schema":{"@context":"https:\/\/schema.org","@graph":[{"@type":"Article","@id":"https:\/\/haberkuzey.com\/index.php\/2026\/03\/08\/cevdet-yilmaz-lefkosa-esref-bitlis-kislasinda-duzenlenen-iftarda-mehmetcik-ile-bir-araya-geldi-adadaki-huzur-ve-guven-ortaminin-bozulmasini-istemiyoruz\/#article","isPartOf":{"@id":"https:\/\/haberkuzey.com\/index.php\/2026\/03\/08\/cevdet-yilmaz-lefkosa-esref-bitlis-kislasinda-duzenlenen-iftarda-mehmetcik-ile-bir-araya-geldi-adadaki-huzur-ve-guven-ortaminin-bozulmasini-istemiyoruz\/"},"author":{"name":"haberkuzey","@id":"https:\/\/haberkuzey.com\/#\/schema\/person\/3372109ec735f9333f4fa47ebb9605ca"},"headline":"Cevdet Y\u0131lmaz, Lefko\u015fa E\u015fref Bitlis K\u0131\u015flas\u0131\u2019nda d\u00fczenlenen iftarda Mehmet\u00e7ik ile bir araya geldi: \u2018Ada\u2019daki huzur ve g\u00fcven ortam\u0131n\u0131n bozulmas\u0131n\u0131 istemiyoruz\u2019","datePublished":"2026-03-08T09:19:04+00:00","mainEntityOfPage":{"@id":"https:\/\/haberkuzey.com\/index.php\/2026\/03\/08\/cevdet-yilmaz-lefkosa-esref-bitlis-kislasinda-duzenlenen-iftarda-mehmetcik-ile-bir-araya-geldi-adadaki-huzur-ve-guven-ortaminin-bozulmasini-istemiyoruz\/"},"wordCount":471,"commentCount":0,"image":{"@id":"https:\/\/haberkuzey.com\/index.php\/2026\/03\/08\/cevdet-yilmaz-lefkosa-esref-bitlis-kislasinda-duzenlenen-iftarda-mehmetcik-ile-bir-araya-geldi-adadaki-huzur-ve-guven-ortaminin-bozulmasini-istemiyoruz\/#primaryimage"},"thumbnailUrl":"https:\/\/haberkuzey.com\/wp-content\/uploads\/2026\/03\/aa_picture_20260305_40743325.jpg","articleSection":["K\u0131br\u0131s"],"inLanguage":"tr","potentialAction":[{"@type":"CommentAction","name":"Comment","target":["https:\/\/haberkuzey.com\/index.php\/2026\/03\/08\/cevdet-yilmaz-lefkosa-esref-bitlis-kislasinda-duzenlenen-iftarda-mehmetcik-ile-bir-araya-geldi-adadaki-huzur-ve-guven-ortaminin-bozulmasini-istemiyoruz\/#respond"]}]},{"@type":"WebPage","@id":"https:\/\/haberkuzey.com\/index.php\/2026\/03\/08\/cevdet-yilmaz-lefkosa-esref-bitlis-kislasinda-duzenlenen-iftarda-mehmetcik-ile-bir-araya-geldi-adadaki-huzur-ve-guven-ortaminin-bozulmasini-istemiyoruz\/","url":"https:\/\/haberkuzey.com\/index.php\/2026\/03\/08\/cevdet-yilmaz-lefkosa-esref-bitlis-kislasinda-duzenlenen-iftarda-mehmetcik-ile-bir-araya-geldi-adadaki-huzur-ve-guven-ortaminin-bozulmasini-istemiyoruz\/","name":"Cevdet Y\u0131lmaz, Lefko\u015fa E\u015fref Bitlis K\u0131\u015flas\u0131\u2019nda d\u00fczenlenen iftarda Mehmet\u00e7ik ile bir araya geldi: \u2018Ada\u2019daki huzur ve g\u00fcven ortam\u0131n\u0131n bozulmas\u0131n\u0131 istemiyoruz\u2019 - Haber Kuzey","isPartOf":{"@id":"https:\/\/haberkuzey.com\/#website"},"primaryImageOfPage":{"@id":"https:\/\/haberkuzey.com\/index.php\/2026\/03\/08\/cevdet-yilmaz-lefkosa-esref-bitlis-kislasinda-duzenlenen-iftarda-mehmetcik-ile-bir-araya-geldi-adadaki-huzur-ve-guven-ortaminin-bozulmasini-istemiyoruz\/#primaryimage"},"image":{"@id":"https:\/\/haberkuzey.com\/index.php\/2026\/03\/08\/cevdet-yilmaz-lefkosa-esref-bitlis-kislasinda-duzenlenen-iftarda-mehmetcik-ile-bir-araya-geldi-adadaki-huzur-ve-guven-ortaminin-bozulmasini-istemiyoruz\/#primaryimage"},"thumbnailUrl":"https:\/\/haberkuzey.com\/wp-content\/uploads\/2026\/03\/aa_picture_20260305_40743325.jpg","datePublished":"2026-03-08T09:19:04+00:00","author":{"@id":"https:\/\/haberkuzey.com\/#\/schema\/person\/3372109ec735f9333f4fa47ebb9605ca"},"breadcrumb":{"@id":"https:\/\/haberkuzey.com\/index.php\/2026\/03\/08\/cevdet-yilmaz-lefkosa-esref-bitlis-kislasinda-duzenlenen-iftarda-mehmetcik-ile-bir-araya-geldi-adadaki-huzur-ve-guven-ortaminin-bozulmasini-istemiyoruz\/#breadcrumb"},"inLanguage":"tr","potentialAction":[{"@type":"ReadAction","target":["https:\/\/haberkuzey.com\/index.php\/2026\/03\/08\/cevdet-yilmaz-lefkosa-esref-bitlis-kislasinda-duzenlenen-iftarda-mehmetcik-ile-bir-araya-geldi-adadaki-huzur-ve-guven-ortaminin-bozulmasini-istemiyoruz\/"]}]},{"@type":"ImageObject","inLanguage":"tr","@id":"https:\/\/haberkuzey.com\/index.php\/2026\/03\/08\/cevdet-yilmaz-lefkosa-esref-bitlis-kislasinda-duzenlenen-iftarda-mehmetcik-ile-bir-araya-geldi-adadaki-huzur-ve-guven-ortaminin-bozulmasini-istemiyoruz\/#primaryimage","url":"https:\/\/haberkuzey.com\/wp-content\/uploads\/2026\/03\/aa_picture_20260305_40743325.jpg","contentUrl":"https:\/\/haberkuzey.com\/wp-content\/uploads\/2026\/03\/aa_picture_20260305_40743325.jpg","width":753,"height":502},{"@type":"BreadcrumbList","@id":"https:\/\/haberkuzey.com\/index.php\/2026\/03\/08\/cevdet-yilmaz-lefkosa-esref-bitlis-kislasinda-duzenlenen-iftarda-mehmetcik-ile-bir-araya-geldi-adadaki-huzur-ve-guven-ortaminin-bozulmasini-istemiyoruz\/#breadcrumb","itemListElement":[{"@type":"ListItem","position":1,"name":"Anasayfa","item":"https:\/\/haberkuzey.com\/"},{"@type":"ListItem","position":2,"name":"Cevdet Y\u0131lmaz, Lefko\u015fa E\u015fref Bitlis K\u0131\u015flas\u0131\u2019nda d\u00fczenlenen iftarda Mehmet\u00e7ik ile bir araya geldi: \u2018Ada\u2019daki huzur ve g\u00fcven ortam\u0131n\u0131n bozulmas\u0131n\u0131 istemiyoruz\u2019"}]},{"@type":"WebSite","@id":"https:\/\/haberkuzey.com\/#website","url":"https:\/\/haberkuzey.com\/","name":"Haber Kuzey","description":"Do\u011fru Haberin Adresi","potentialAction":[{"@type":"SearchAction","target":{"@type":"EntryPoint","urlTemplate":"https:\/\/haberkuzey.com\/?s={search_term_string}"},"query-input":{"@type":"PropertyValueSpecification","valueRequired":true,"valueName":"search_term_string"}}],"inLanguage":"tr"},{"@type":"Person","@id":"https:\/\/haberkuzey.com\/#\/schema\/person\/3372109ec735f9333f4fa47ebb9605ca","name":"haberkuzey","image":{"@type":"ImageObject","inLanguage":"tr","@id":"https:\/\/secure.gravatar.com\/avatar\/f5fc875574b1575324358c3b9e6a32b8227aa5b74f3fa22e3cadb63e26fcc39c?s=96&d=mm&r=g","url":"https:\/\/secure.gravatar.com\/avatar\/f5fc875574b1575324358c3b9e6a32b8227aa5b74f3fa22e3cadb63e26fcc39c?s=96&d=mm&r=g","contentUrl":"https:\/\/secure.gravatar.com\/avatar\/f5fc875574b1575324358c3b9e6a32b8227aa5b74f3fa22e3cadb63e26fcc39c?s=96&d=mm&r=g","caption":"haberkuzey"},"sameAs":["https:\/\/haberkuzey.com"],"url":"https:\/\/haberkuzey.com\/index.php\/author\/haberkuzey\/"}]}},"_links":{"self":[{"href":"https:\/\/haberkuzey.com\/index.php\/wp-json\/wp\/v2\/posts\/35096","targetHints":{"allow":["GET"]}}],"collection":[{"href":"https:\/\/haberkuzey.com\/index.php\/wp-json\/wp\/v2\/posts"}],"about":[{"href":"https:\/\/haberkuzey.com\/index.php\/wp-json\/wp\/v2\/types\/post"}],"author":[{"embeddable":true,"href":"https:\/\/haberkuzey.com\/index.php\/wp-json\/wp\/v2\/users\/1"}],"replies":[{"embeddable":true,"href":"https:\/\/haberkuzey.com\/index.php\/wp-json\/wp\/v2\/comments?post=35096"}],"version-history":[{"count":0,"href":"https:\/\/haberkuzey.com\/index.php\/wp-json\/wp\/v2\/posts\/35096\/revisions"}],"wp:featuredmedia":[{"embeddable":true,"href":"https:\/\/haberkuzey.com\/index.php\/wp-json\/wp\/v2\/media\/35097"}],"wp:attachment":[{"href":"https:\/\/haberkuzey.com\/index.php\/wp-json\/wp\/v2\/media?parent=35096"}],"wp:term":[{"taxonomy":"category","embeddable":true,"href":"https:\/\/haberkuzey.com\/index.php\/wp-json\/wp\/v2\/categories?post=35096"},{"taxonomy":"post_tag","embeddable":true,"href":"https:\/\/haberkuzey.com\/index.php\/wp-json\/wp\/v2\/tags?post=35096"}],"curies":[{"name":"wp","href":"https:\/\/api.w.org\/{rel}","templated":true}]}}