{"id":35091,"date":"2026-03-08T11:01:12","date_gmt":"2026-03-08T09:01:12","guid":{"rendered":"https:\/\/haberkuzey.com\/index.php\/2026\/03\/08\/erdogan-keir-starmer-ile-telefonda-gorustu\/"},"modified":"2026-03-08T11:01:12","modified_gmt":"2026-03-08T09:01:12","slug":"erdogan-keir-starmer-ile-telefonda-gorustu","status":"publish","type":"post","link":"https:\/\/haberkuzey.com\/index.php\/2026\/03\/08\/erdogan-keir-starmer-ile-telefonda-gorustu\/","title":{"rendered":"Erdo\u011fan, Keir Starmer ile telefonda g\u00f6r\u00fc\u015ft\u00fc"},"content":{"rendered":"<\/p>\n<div>\n<div class=\"mariselle-image-container center\">\n                                            <\/div>\n<p>\nT\u00fcrkiye Cumhurba\u015fkan\u0131 Recep Tayyip Erdo\u011fan, \u0130ngiltere Ba\u015fbakan\u0131 Keir Starmer ile bir telefon g\u00f6r\u00fc\u015fmesi ger\u00e7ekle\u015ftirdi.<\/p>\n<p>T\u00fcrkiye Cumhurba\u015fkanl\u0131\u011f\u0131 \u0130leti\u015fim Ba\u015fkanl\u0131\u011f\u0131n\u0131n sosyal medya hesab\u0131ndan yap\u0131lan a\u00e7\u0131klamaya g\u00f6re g\u00f6r\u00fc\u015fmede liderler, T\u00fcrkiye ile \u0130ngiltere ikili ili\u015fkilerini, b\u00f6lgedeki \u00e7at\u0131\u015fma s\u00fcrecini, b\u00f6lgesel ve k\u00fcresel konular\u0131 ele ald\u0131.<\/p>\n<p>Erdo\u011fan, T\u00fcrkiye-\u0130ngiltere i\u015fbirli\u011fini savunma sanayii ba\u015fta olmak \u00fczere her alanda geli\u015ftirme iradesinin g\u00fc\u00e7l\u00fc oldu\u011funu, bunu daha ileri ta\u015f\u0131mak i\u00e7in ad\u0131mlar atmay\u0131 s\u00fcrd\u00fcreceklerini belirtti.<\/p>\n<p>Erdo\u011fan, T\u00fcrkiye\u2019nin \u0130ran\u2019a y\u00f6nelik sald\u0131r\u0131larla ba\u015flayan s\u00fcreci takip etti\u011fini, m\u00fcdahalelerin uzamas\u0131 halinde b\u00f6lgesel ve k\u00fcresel istikrara b\u00fcy\u00fck zarar verebilece\u011fini, hala diyalog zeminini in\u015fa etmek i\u00e7in yap\u0131labilecekler oldu\u011funu, bar\u0131\u015f odakl\u0131 \u00e7abalar\u0131n\u0131n s\u00fcrd\u00fc\u011f\u00fcn\u00fc ifade etti.<\/p>\n<\/p>\n<\/div>\n<p>Erdo\u011fan, Keir Starmer ile telefonda g\u00f6r\u00fc\u015ft\u00fc yaz\u0131s\u0131 ilk \u00f6nce K\u0131br\u0131s Hakikat \u00fczerinde ortaya \u00e7\u0131kt\u0131.<\/p>\n","protected":false},"excerpt":{"rendered":"<p>T\u00fcrkiye Cumhurba\u015fkan\u0131 Recep Tayyip Erdo\u011fan, \u0130ngiltere Ba\u015fbakan\u0131 Keir Starmer ile bir telefon g\u00f6r\u00fc\u015fmesi ger\u00e7ekle\u015ftirdi. T\u00fcrkiye Cumhurba\u015fkanl\u0131\u011f\u0131 \u0130leti\u015fim Ba\u015fkanl\u0131\u011f\u0131n\u0131n sosyal medya hesab\u0131ndan yap\u0131lan a\u00e7\u0131klamaya g\u00f6re g\u00f6r\u00fc\u015fmede liderler, T\u00fcrkiye ile \u0130ngiltere ikili ili\u015fkilerini, b\u00f6lgedeki \u00e7at\u0131\u015fma s\u00fcrecini, b\u00f6lgesel ve k\u00fcresel konular\u0131 ele ald\u0131. Erdo\u011fan, T\u00fcrkiye-\u0130ngiltere i\u015fbirli\u011fini savunma sanayii ba\u015fta olmak \u00fczere her alanda geli\u015ftirme iradesinin g\u00fc\u00e7l\u00fc oldu\u011funu, bunu [&hellip;]<\/p>\n","protected":false},"author":1,"featured_media":35092,"comment_status":"open","ping_status":"open","sticky":false,"template":"","format":"standard","meta":{"jnews-multi-image_gallery":[],"jnews_single_post":[],"jnews_primary_category":[],"footnotes":""},"categories":[1],"tags":[],"class_list":["post-35091","post","type-post","status-publish","format-standard","has-post-thumbnail","hentry","category-kibris"],"yoast_head":"<!-- This site is optimized with the Yoast SEO plugin v27.4 - https:\/\/yoast.com\/product\/yoast-seo-wordpress\/ -->\n<title>Erdo\u011fan, Keir Starmer ile telefonda g\u00f6r\u00fc\u015ft\u00fc - Haber Kuzey<\/title>\n<meta name=\"robots\" content=\"index, follow, max-snippet:-1, max-image-preview:large, max-video-preview:-1\" \/>\n<link rel=\"canonical\" href=\"https:\/\/haberkuzey.com\/index.php\/2026\/03\/08\/erdogan-keir-starmer-ile-telefonda-gorustu\/\" \/>\n<meta property=\"og:locale\" content=\"tr_TR\" \/>\n<meta property=\"og:type\" content=\"article\" \/>\n<meta property=\"og:title\" content=\"Erdo\u011fan, Keir Starmer ile telefonda g\u00f6r\u00fc\u015ft\u00fc - Haber Kuzey\" \/>\n<meta property=\"og:description\" content=\"T\u00fcrkiye Cumhurba\u015fkan\u0131 Recep Tayyip Erdo\u011fan, \u0130ngiltere Ba\u015fbakan\u0131 Keir Starmer ile bir telefon g\u00f6r\u00fc\u015fmesi ger\u00e7ekle\u015ftirdi. T\u00fcrkiye Cumhurba\u015fkanl\u0131\u011f\u0131 \u0130leti\u015fim Ba\u015fkanl\u0131\u011f\u0131n\u0131n sosyal medya hesab\u0131ndan yap\u0131lan a\u00e7\u0131klamaya g\u00f6re g\u00f6r\u00fc\u015fmede liderler, T\u00fcrkiye ile \u0130ngiltere ikili ili\u015fkilerini, b\u00f6lgedeki \u00e7at\u0131\u015fma s\u00fcrecini, b\u00f6lgesel ve k\u00fcresel konular\u0131 ele ald\u0131. Erdo\u011fan, T\u00fcrkiye-\u0130ngiltere i\u015fbirli\u011fini savunma sanayii ba\u015fta olmak \u00fczere her alanda geli\u015ftirme iradesinin g\u00fc\u00e7l\u00fc oldu\u011funu, bunu [&hellip;]\" \/>\n<meta property=\"og:url\" content=\"https:\/\/haberkuzey.com\/index.php\/2026\/03\/08\/erdogan-keir-starmer-ile-telefonda-gorustu\/\" \/>\n<meta property=\"og:site_name\" content=\"Haber Kuzey\" \/>\n<meta property=\"article:published_time\" content=\"2026-03-08T09:01:12+00:00\" \/>\n<meta name=\"author\" content=\"haberkuzey\" \/>\n<meta name=\"twitter:card\" content=\"summary_large_image\" \/>\n<meta name=\"twitter:label1\" content=\"Yazan:\" \/>\n\t<meta name=\"twitter:data1\" content=\"haberkuzey\" \/>\n\t<meta name=\"twitter:label2\" content=\"Tahmini okuma s\u00fcresi\" \/>\n\t<meta name=\"twitter:data2\" content=\"1 dakika\" \/>\n<script type=\"application\/ld+json\" class=\"yoast-schema-graph\">{\"@context\":\"https:\\\/\\\/schema.org\",\"@graph\":[{\"@type\":\"Article\",\"@id\":\"https:\\\/\\\/haberkuzey.com\\\/index.php\\\/2026\\\/03\\\/08\\\/erdogan-keir-starmer-ile-telefonda-gorustu\\\/#article\",\"isPartOf\":{\"@id\":\"https:\\\/\\\/haberkuzey.com\\\/index.php\\\/2026\\\/03\\\/08\\\/erdogan-keir-starmer-ile-telefonda-gorustu\\\/\"},\"author\":{\"name\":\"haberkuzey\",\"@id\":\"https:\\\/\\\/haberkuzey.com\\\/#\\\/schema\\\/person\\\/3372109ec735f9333f4fa47ebb9605ca\"},\"headline\":\"Erdo\u011fan, Keir Starmer ile telefonda g\u00f6r\u00fc\u015ft\u00fc\",\"datePublished\":\"2026-03-08T09:01:12+00:00\",\"mainEntityOfPage\":{\"@id\":\"https:\\\/\\\/haberkuzey.com\\\/index.php\\\/2026\\\/03\\\/08\\\/erdogan-keir-starmer-ile-telefonda-gorustu\\\/\"},\"wordCount\":190,\"commentCount\":0,\"image\":{\"@id\":\"https:\\\/\\\/haberkuzey.com\\\/index.php\\\/2026\\\/03\\\/08\\\/erdogan-keir-starmer-ile-telefonda-gorustu\\\/#primaryimage\"},\"thumbnailUrl\":\"https:\\\/\\\/haberkuzey.com\\\/wp-content\\\/uploads\\\/2026\\\/03\\\/1772889941655erdogan-starmer-2411590.jpg\",\"articleSection\":[\"K\u0131br\u0131s\"],\"inLanguage\":\"tr\",\"potentialAction\":[{\"@type\":\"CommentAction\",\"name\":\"Comment\",\"target\":[\"https:\\\/\\\/haberkuzey.com\\\/index.php\\\/2026\\\/03\\\/08\\\/erdogan-keir-starmer-ile-telefonda-gorustu\\\/#respond\"]}]},{\"@type\":\"WebPage\",\"@id\":\"https:\\\/\\\/haberkuzey.com\\\/index.php\\\/2026\\\/03\\\/08\\\/erdogan-keir-starmer-ile-telefonda-gorustu\\\/\",\"url\":\"https:\\\/\\\/haberkuzey.com\\\/index.php\\\/2026\\\/03\\\/08\\\/erdogan-keir-starmer-ile-telefonda-gorustu\\\/\",\"name\":\"Erdo\u011fan, Keir Starmer ile telefonda g\u00f6r\u00fc\u015ft\u00fc - Haber Kuzey\",\"isPartOf\":{\"@id\":\"https:\\\/\\\/haberkuzey.com\\\/#website\"},\"primaryImageOfPage\":{\"@id\":\"https:\\\/\\\/haberkuzey.com\\\/index.php\\\/2026\\\/03\\\/08\\\/erdogan-keir-starmer-ile-telefonda-gorustu\\\/#primaryimage\"},\"image\":{\"@id\":\"https:\\\/\\\/haberkuzey.com\\\/index.php\\\/2026\\\/03\\\/08\\\/erdogan-keir-starmer-ile-telefonda-gorustu\\\/#primaryimage\"},\"thumbnailUrl\":\"https:\\\/\\\/haberkuzey.com\\\/wp-content\\\/uploads\\\/2026\\\/03\\\/1772889941655erdogan-starmer-2411590.jpg\",\"datePublished\":\"2026-03-08T09:01:12+00:00\",\"author\":{\"@id\":\"https:\\\/\\\/haberkuzey.com\\\/#\\\/schema\\\/person\\\/3372109ec735f9333f4fa47ebb9605ca\"},\"breadcrumb\":{\"@id\":\"https:\\\/\\\/haberkuzey.com\\\/index.php\\\/2026\\\/03\\\/08\\\/erdogan-keir-starmer-ile-telefonda-gorustu\\\/#breadcrumb\"},\"inLanguage\":\"tr\",\"potentialAction\":[{\"@type\":\"ReadAction\",\"target\":[\"https:\\\/\\\/haberkuzey.com\\\/index.php\\\/2026\\\/03\\\/08\\\/erdogan-keir-starmer-ile-telefonda-gorustu\\\/\"]}]},{\"@type\":\"ImageObject\",\"inLanguage\":\"tr\",\"@id\":\"https:\\\/\\\/haberkuzey.com\\\/index.php\\\/2026\\\/03\\\/08\\\/erdogan-keir-starmer-ile-telefonda-gorustu\\\/#primaryimage\",\"url\":\"https:\\\/\\\/haberkuzey.com\\\/wp-content\\\/uploads\\\/2026\\\/03\\\/1772889941655erdogan-starmer-2411590.jpg\",\"contentUrl\":\"https:\\\/\\\/haberkuzey.com\\\/wp-content\\\/uploads\\\/2026\\\/03\\\/1772889941655erdogan-starmer-2411590.jpg\",\"width\":1280,\"height\":720},{\"@type\":\"BreadcrumbList\",\"@id\":\"https:\\\/\\\/haberkuzey.com\\\/index.php\\\/2026\\\/03\\\/08\\\/erdogan-keir-starmer-ile-telefonda-gorustu\\\/#breadcrumb\",\"itemListElement\":[{\"@type\":\"ListItem\",\"position\":1,\"name\":\"Anasayfa\",\"item\":\"https:\\\/\\\/haberkuzey.com\\\/\"},{\"@type\":\"ListItem\",\"position\":2,\"name\":\"Erdo\u011fan, Keir Starmer ile telefonda g\u00f6r\u00fc\u015ft\u00fc\"}]},{\"@type\":\"WebSite\",\"@id\":\"https:\\\/\\\/haberkuzey.com\\\/#website\",\"url\":\"https:\\\/\\\/haberkuzey.com\\\/\",\"name\":\"Haber Kuzey\",\"description\":\"Do\u011fru Haberin Adresi\",\"potentialAction\":[{\"@type\":\"SearchAction\",\"target\":{\"@type\":\"EntryPoint\",\"urlTemplate\":\"https:\\\/\\\/haberkuzey.com\\\/?s={search_term_string}\"},\"query-input\":{\"@type\":\"PropertyValueSpecification\",\"valueRequired\":true,\"valueName\":\"search_term_string\"}}],\"inLanguage\":\"tr\"},{\"@type\":\"Person\",\"@id\":\"https:\\\/\\\/haberkuzey.com\\\/#\\\/schema\\\/person\\\/3372109ec735f9333f4fa47ebb9605ca\",\"name\":\"haberkuzey\",\"image\":{\"@type\":\"ImageObject\",\"inLanguage\":\"tr\",\"@id\":\"https:\\\/\\\/secure.gravatar.com\\\/avatar\\\/f5fc875574b1575324358c3b9e6a32b8227aa5b74f3fa22e3cadb63e26fcc39c?s=96&d=mm&r=g\",\"url\":\"https:\\\/\\\/secure.gravatar.com\\\/avatar\\\/f5fc875574b1575324358c3b9e6a32b8227aa5b74f3fa22e3cadb63e26fcc39c?s=96&d=mm&r=g\",\"contentUrl\":\"https:\\\/\\\/secure.gravatar.com\\\/avatar\\\/f5fc875574b1575324358c3b9e6a32b8227aa5b74f3fa22e3cadb63e26fcc39c?s=96&d=mm&r=g\",\"caption\":\"haberkuzey\"},\"sameAs\":[\"https:\\\/\\\/haberkuzey.com\"],\"url\":\"https:\\\/\\\/haberkuzey.com\\\/index.php\\\/author\\\/haberkuzey\\\/\"}]}<\/script>\n<!-- \/ Yoast SEO plugin. -->","yoast_head_json":{"title":"Erdo\u011fan, Keir Starmer ile telefonda g\u00f6r\u00fc\u015ft\u00fc - Haber Kuzey","robots":{"index":"index","follow":"follow","max-snippet":"max-snippet:-1","max-image-preview":"max-image-preview:large","max-video-preview":"max-video-preview:-1"},"canonical":"https:\/\/haberkuzey.com\/index.php\/2026\/03\/08\/erdogan-keir-starmer-ile-telefonda-gorustu\/","og_locale":"tr_TR","og_type":"article","og_title":"Erdo\u011fan, Keir Starmer ile telefonda g\u00f6r\u00fc\u015ft\u00fc - Haber Kuzey","og_description":"T\u00fcrkiye Cumhurba\u015fkan\u0131 Recep Tayyip Erdo\u011fan, \u0130ngiltere Ba\u015fbakan\u0131 Keir Starmer ile bir telefon g\u00f6r\u00fc\u015fmesi ger\u00e7ekle\u015ftirdi. T\u00fcrkiye Cumhurba\u015fkanl\u0131\u011f\u0131 \u0130leti\u015fim Ba\u015fkanl\u0131\u011f\u0131n\u0131n sosyal medya hesab\u0131ndan yap\u0131lan a\u00e7\u0131klamaya g\u00f6re g\u00f6r\u00fc\u015fmede liderler, T\u00fcrkiye ile \u0130ngiltere ikili ili\u015fkilerini, b\u00f6lgedeki \u00e7at\u0131\u015fma s\u00fcrecini, b\u00f6lgesel ve k\u00fcresel konular\u0131 ele ald\u0131. Erdo\u011fan, T\u00fcrkiye-\u0130ngiltere i\u015fbirli\u011fini savunma sanayii ba\u015fta olmak \u00fczere her alanda geli\u015ftirme iradesinin g\u00fc\u00e7l\u00fc oldu\u011funu, bunu [&hellip;]","og_url":"https:\/\/haberkuzey.com\/index.php\/2026\/03\/08\/erdogan-keir-starmer-ile-telefonda-gorustu\/","og_site_name":"Haber Kuzey","article_published_time":"2026-03-08T09:01:12+00:00","author":"haberkuzey","twitter_card":"summary_large_image","twitter_misc":{"Yazan:":"haberkuzey","Tahmini okuma s\u00fcresi":"1 dakika"},"schema":{"@context":"https:\/\/schema.org","@graph":[{"@type":"Article","@id":"https:\/\/haberkuzey.com\/index.php\/2026\/03\/08\/erdogan-keir-starmer-ile-telefonda-gorustu\/#article","isPartOf":{"@id":"https:\/\/haberkuzey.com\/index.php\/2026\/03\/08\/erdogan-keir-starmer-ile-telefonda-gorustu\/"},"author":{"name":"haberkuzey","@id":"https:\/\/haberkuzey.com\/#\/schema\/person\/3372109ec735f9333f4fa47ebb9605ca"},"headline":"Erdo\u011fan, Keir Starmer ile telefonda g\u00f6r\u00fc\u015ft\u00fc","datePublished":"2026-03-08T09:01:12+00:00","mainEntityOfPage":{"@id":"https:\/\/haberkuzey.com\/index.php\/2026\/03\/08\/erdogan-keir-starmer-ile-telefonda-gorustu\/"},"wordCount":190,"commentCount":0,"image":{"@id":"https:\/\/haberkuzey.com\/index.php\/2026\/03\/08\/erdogan-keir-starmer-ile-telefonda-gorustu\/#primaryimage"},"thumbnailUrl":"https:\/\/haberkuzey.com\/wp-content\/uploads\/2026\/03\/1772889941655erdogan-starmer-2411590.jpg","articleSection":["K\u0131br\u0131s"],"inLanguage":"tr","potentialAction":[{"@type":"CommentAction","name":"Comment","target":["https:\/\/haberkuzey.com\/index.php\/2026\/03\/08\/erdogan-keir-starmer-ile-telefonda-gorustu\/#respond"]}]},{"@type":"WebPage","@id":"https:\/\/haberkuzey.com\/index.php\/2026\/03\/08\/erdogan-keir-starmer-ile-telefonda-gorustu\/","url":"https:\/\/haberkuzey.com\/index.php\/2026\/03\/08\/erdogan-keir-starmer-ile-telefonda-gorustu\/","name":"Erdo\u011fan, Keir Starmer ile telefonda g\u00f6r\u00fc\u015ft\u00fc - Haber Kuzey","isPartOf":{"@id":"https:\/\/haberkuzey.com\/#website"},"primaryImageOfPage":{"@id":"https:\/\/haberkuzey.com\/index.php\/2026\/03\/08\/erdogan-keir-starmer-ile-telefonda-gorustu\/#primaryimage"},"image":{"@id":"https:\/\/haberkuzey.com\/index.php\/2026\/03\/08\/erdogan-keir-starmer-ile-telefonda-gorustu\/#primaryimage"},"thumbnailUrl":"https:\/\/haberkuzey.com\/wp-content\/uploads\/2026\/03\/1772889941655erdogan-starmer-2411590.jpg","datePublished":"2026-03-08T09:01:12+00:00","author":{"@id":"https:\/\/haberkuzey.com\/#\/schema\/person\/3372109ec735f9333f4fa47ebb9605ca"},"breadcrumb":{"@id":"https:\/\/haberkuzey.com\/index.php\/2026\/03\/08\/erdogan-keir-starmer-ile-telefonda-gorustu\/#breadcrumb"},"inLanguage":"tr","potentialAction":[{"@type":"ReadAction","target":["https:\/\/haberkuzey.com\/index.php\/2026\/03\/08\/erdogan-keir-starmer-ile-telefonda-gorustu\/"]}]},{"@type":"ImageObject","inLanguage":"tr","@id":"https:\/\/haberkuzey.com\/index.php\/2026\/03\/08\/erdogan-keir-starmer-ile-telefonda-gorustu\/#primaryimage","url":"https:\/\/haberkuzey.com\/wp-content\/uploads\/2026\/03\/1772889941655erdogan-starmer-2411590.jpg","contentUrl":"https:\/\/haberkuzey.com\/wp-content\/uploads\/2026\/03\/1772889941655erdogan-starmer-2411590.jpg","width":1280,"height":720},{"@type":"BreadcrumbList","@id":"https:\/\/haberkuzey.com\/index.php\/2026\/03\/08\/erdogan-keir-starmer-ile-telefonda-gorustu\/#breadcrumb","itemListElement":[{"@type":"ListItem","position":1,"name":"Anasayfa","item":"https:\/\/haberkuzey.com\/"},{"@type":"ListItem","position":2,"name":"Erdo\u011fan, Keir Starmer ile telefonda g\u00f6r\u00fc\u015ft\u00fc"}]},{"@type":"WebSite","@id":"https:\/\/haberkuzey.com\/#website","url":"https:\/\/haberkuzey.com\/","name":"Haber Kuzey","description":"Do\u011fru Haberin Adresi","potentialAction":[{"@type":"SearchAction","target":{"@type":"EntryPoint","urlTemplate":"https:\/\/haberkuzey.com\/?s={search_term_string}"},"query-input":{"@type":"PropertyValueSpecification","valueRequired":true,"valueName":"search_term_string"}}],"inLanguage":"tr"},{"@type":"Person","@id":"https:\/\/haberkuzey.com\/#\/schema\/person\/3372109ec735f9333f4fa47ebb9605ca","name":"haberkuzey","image":{"@type":"ImageObject","inLanguage":"tr","@id":"https:\/\/secure.gravatar.com\/avatar\/f5fc875574b1575324358c3b9e6a32b8227aa5b74f3fa22e3cadb63e26fcc39c?s=96&d=mm&r=g","url":"https:\/\/secure.gravatar.com\/avatar\/f5fc875574b1575324358c3b9e6a32b8227aa5b74f3fa22e3cadb63e26fcc39c?s=96&d=mm&r=g","contentUrl":"https:\/\/secure.gravatar.com\/avatar\/f5fc875574b1575324358c3b9e6a32b8227aa5b74f3fa22e3cadb63e26fcc39c?s=96&d=mm&r=g","caption":"haberkuzey"},"sameAs":["https:\/\/haberkuzey.com"],"url":"https:\/\/haberkuzey.com\/index.php\/author\/haberkuzey\/"}]}},"_links":{"self":[{"href":"https:\/\/haberkuzey.com\/index.php\/wp-json\/wp\/v2\/posts\/35091","targetHints":{"allow":["GET"]}}],"collection":[{"href":"https:\/\/haberkuzey.com\/index.php\/wp-json\/wp\/v2\/posts"}],"about":[{"href":"https:\/\/haberkuzey.com\/index.php\/wp-json\/wp\/v2\/types\/post"}],"author":[{"embeddable":true,"href":"https:\/\/haberkuzey.com\/index.php\/wp-json\/wp\/v2\/users\/1"}],"replies":[{"embeddable":true,"href":"https:\/\/haberkuzey.com\/index.php\/wp-json\/wp\/v2\/comments?post=35091"}],"version-history":[{"count":0,"href":"https:\/\/haberkuzey.com\/index.php\/wp-json\/wp\/v2\/posts\/35091\/revisions"}],"wp:featuredmedia":[{"embeddable":true,"href":"https:\/\/haberkuzey.com\/index.php\/wp-json\/wp\/v2\/media\/35092"}],"wp:attachment":[{"href":"https:\/\/haberkuzey.com\/index.php\/wp-json\/wp\/v2\/media?parent=35091"}],"wp:term":[{"taxonomy":"category","embeddable":true,"href":"https:\/\/haberkuzey.com\/index.php\/wp-json\/wp\/v2\/categories?post=35091"},{"taxonomy":"post_tag","embeddable":true,"href":"https:\/\/haberkuzey.com\/index.php\/wp-json\/wp\/v2\/tags?post=35091"}],"curies":[{"name":"wp","href":"https:\/\/api.w.org\/{rel}","templated":true}]}}