{"id":35089,"date":"2026-03-08T10:55:27","date_gmt":"2026-03-08T08:55:27","guid":{"rendered":"https:\/\/haberkuzey.com\/index.php\/2026\/03\/08\/tc-cumhurbaskanligi-iletisim-baskanligindan-cnne-harita-tepkisi-yaniltici-ve-indirgemeci\/"},"modified":"2026-03-08T10:55:27","modified_gmt":"2026-03-08T08:55:27","slug":"tc-cumhurbaskanligi-iletisim-baskanligindan-cnne-harita-tepkisi-yaniltici-ve-indirgemeci","status":"publish","type":"post","link":"https:\/\/haberkuzey.com\/index.php\/2026\/03\/08\/tc-cumhurbaskanligi-iletisim-baskanligindan-cnne-harita-tepkisi-yaniltici-ve-indirgemeci\/","title":{"rendered":"TC Cumhurba\u015fkanl\u0131\u011f\u0131 \u0130leti\u015fim Ba\u015fkanl\u0131\u011f\u0131\u2019ndan CNN\u2019e \u201charita\u201d tepkisi: \u201cYan\u0131lt\u0131c\u0131 ve indirgemeci\u201d"},"content":{"rendered":"<\/p>\n<div>\n<div class=\"mariselle-image-container center\">\n                                            <\/div>\n<p>T\u00fcrkiye Cumhurba\u015fkanl\u0131\u011f\u0131 \u0130leti\u015fim Ba\u015fkanl\u0131\u011f\u0131, CNN International kanal\u0131n\u0131n haberlerde g\u00f6sterdi\u011fi yan\u0131lt\u0131c\u0131 harita g\u00f6r\u00fcnt\u00fcs\u00fc ve editoryal yakla\u015f\u0131ma tepki g\u00f6sterdi.<\/p>\n<p>AA\u2019n\u0131n aktard\u0131\u011f\u0131na g\u00f6re \u0130leti\u015fim Ba\u015fkanl\u0131\u011f\u0131ndan yap\u0131lan a\u00e7\u0131klamada, CNN International taraf\u0131ndan yay\u0131mlanan ve resmi sosyal medya hesaplar\u0131nda payla\u015f\u0131lan videoda kullan\u0131lan g\u00f6rsel i\u00e7erik ve editoryal yakla\u015f\u0131m\u0131n \u201cciddi endi\u015fe\u201d uyand\u0131rd\u0131\u011f\u0131 belirtildi.<\/p>\n<p>S\u00f6z konusu yay\u0131nda yer verilen ve T\u00fcrkiye Cumhuriyeti ile kom\u015fu \u00fclkelerin baz\u0131 b\u00f6lgelerini kapsayan \u201cK\u00fcrtlerin ya\u015fad\u0131\u011f\u0131 alanlar\u0131\u201d g\u00f6steren haritan\u0131n, b\u00f6lgeye ili\u015fkin \u201cyan\u0131lt\u0131c\u0131\u201d ve \u201cindirgemeci\u201d bir tasvir sundu\u011fu bildirilen a\u00e7\u0131klamada, \u201cFarkl\u0131 kimlik ve etnik k\u00f6kene sahip vatanda\u015flar\u0131m\u0131z, nesiller boyunca ayn\u0131 sosyal, siyasi ve kamusal hayat\u0131 payla\u015farak \u00fclkemizin d\u00f6rt bir yan\u0131nda birlikte ya\u015famaktad\u0131r. 86 milyonun her bir ferdi, T\u00fcrkiye Cumhuriyeti\u2019nin ayr\u0131lmaz bir par\u00e7as\u0131d\u0131r ve \u00fclkemizin temel toplumsal unsurlar\u0131ndan birini te\u015fkil etmektedir. Birli\u011fimizi, beraberli\u011fimizi ve karde\u015fli\u011fimizi hedef alan, basitle\u015ftirilmi\u015f ve se\u00e7ici co\u011frafi tasvirler \u00fczerinden yap\u0131lan bu t\u00fcr yakla\u015f\u0131mlar, bu ger\u00e7ekli\u011fi \u00e7arp\u0131tmaktad\u0131r.\u201d ifadelerine yer verildi.<\/p>\n<p>\u2013 \u201cUluslararas\u0131 medya kurulu\u015flar\u0131n\u0131n sorumluluk ilkelerine azami \u00f6zen g\u00f6stermesi beklenmekte\u201d<\/p>\n<p>T\u00fcrkiye Cumhuriyeti vatanda\u015f\u0131 K\u00fcrtlerin, herhangi bir siyasi ya da silahl\u0131 akt\u00f6rle \u00f6zde\u015fle\u015ftirilmesinin de kabul edilemez oldu\u011fu vurgulanan a\u00e7\u0131klamada, \u015funlar kaydedildi:<\/p>\n<p>\u201cBu t\u00fcr \u00f6zde\u015fle\u015ftirmeler, T\u00fcrkiye\u2019nin toplumsal dokusunu yanl\u0131\u015f yans\u0131tan anlat\u0131lar\u0131n g\u00fc\u00e7 kazanmas\u0131na ve \u00fclkemizin n\u00fcfus yap\u0131s\u0131ndaki \u00e7e\u015fitlilik ile toplumsal b\u00fct\u00fcnl\u00fc\u011f\u00fcn g\u00f6z ard\u0131 edilmesine yol a\u00e7abilmektedir. Videoda kullan\u0131lan dil ve anlat\u0131m bi\u00e7imi, mezkur harita ile birlikte de\u011ferlendirildi\u011finde, sahadaki ger\u00e7ekliklerle ba\u011fda\u015fmayan yapay bir jeopolitik yorum \u00fcretmekte ve gereksiz gerilimlere zemin te\u015fkil etmektedir. Hassas b\u00f6lgesel konulara ili\u015fkin haber yap\u0131l\u0131rken uluslararas\u0131 medya kurulu\u015flar\u0131n\u0131n do\u011fruluk, ba\u011flamsal hassasiyet ve editoryal sorumluluk ilkelerine azami \u00f6zen g\u00f6stermesi beklenmektedir.<\/p>\n<p>Bu \u00e7er\u00e7evede, CNN International\u2019\u0131n yay\u0131nlar\u0131nda ve dijital platformlar\u0131nda bu t\u00fcr yan\u0131lt\u0131c\u0131 harita ve g\u00f6rsel temsillere yer vermekten ka\u00e7\u0131nmas\u0131n\u0131 ve gelecekteki haberlerinde daha y\u00fcksek d\u00fczeyde editoryal \u00f6zen g\u00f6stermesini beklemekteyiz. T\u00fcrkiye olarak Cumhurba\u015fkan\u0131m\u0131z Say\u0131n Recep Tayyip Erdo\u011fan\u2019\u0131n liderli\u011finde farkl\u0131l\u0131klar\u0131m\u0131z\u0131 zenginlik olarak g\u00f6ren, birlik ve karde\u015fli\u011fimizi daha da peki\u015ftiren anlay\u0131\u015f\u0131m\u0131z\u0131 kararl\u0131l\u0131kla s\u00fcrd\u00fcrmeye, t\u00fcm vatanda\u015flar\u0131m\u0131z\u0131n huzur ve refah\u0131n\u0131 esas alan politikalar\u0131 kararl\u0131l\u0131kla hayata ge\u00e7irmeye devam edece\u011fiz.\u201d<\/p>\n<\/p>\n<\/div>\n<p>TC Cumhurba\u015fkanl\u0131\u011f\u0131 \u0130leti\u015fim Ba\u015fkanl\u0131\u011f\u0131\u2019ndan CNN\u2019e \u201charita\u201d tepkisi: \u201cYan\u0131lt\u0131c\u0131 ve indirgemeci\u201d yaz\u0131s\u0131 ilk \u00f6nce K\u0131br\u0131s Hakikat \u00fczerinde ortaya \u00e7\u0131kt\u0131.<\/p>\n","protected":false},"excerpt":{"rendered":"<p>T\u00fcrkiye Cumhurba\u015fkanl\u0131\u011f\u0131 \u0130leti\u015fim Ba\u015fkanl\u0131\u011f\u0131, CNN International kanal\u0131n\u0131n haberlerde g\u00f6sterdi\u011fi yan\u0131lt\u0131c\u0131 harita g\u00f6r\u00fcnt\u00fcs\u00fc ve editoryal yakla\u015f\u0131ma tepki g\u00f6sterdi. AA\u2019n\u0131n aktard\u0131\u011f\u0131na g\u00f6re \u0130leti\u015fim Ba\u015fkanl\u0131\u011f\u0131ndan yap\u0131lan a\u00e7\u0131klamada, CNN International taraf\u0131ndan yay\u0131mlanan ve resmi sosyal medya hesaplar\u0131nda payla\u015f\u0131lan videoda kullan\u0131lan g\u00f6rsel i\u00e7erik ve editoryal yakla\u015f\u0131m\u0131n \u201cciddi endi\u015fe\u201d uyand\u0131rd\u0131\u011f\u0131 belirtildi. S\u00f6z konusu yay\u0131nda yer verilen ve T\u00fcrkiye Cumhuriyeti ile kom\u015fu [&hellip;]<\/p>\n","protected":false},"author":1,"featured_media":35090,"comment_status":"open","ping_status":"open","sticky":false,"template":"","format":"standard","meta":{"jnews-multi-image_gallery":[],"jnews_single_post":[],"jnews_primary_category":[],"footnotes":""},"categories":[1],"tags":[],"class_list":["post-35089","post","type-post","status-publish","format-standard","has-post-thumbnail","hentry","category-kibris"],"yoast_head":"<!-- This site is optimized with the Yoast SEO plugin v27.4 - https:\/\/yoast.com\/product\/yoast-seo-wordpress\/ -->\n<title>TC Cumhurba\u015fkanl\u0131\u011f\u0131 \u0130leti\u015fim Ba\u015fkanl\u0131\u011f\u0131\u2019ndan CNN\u2019e \u201charita\u201d tepkisi: \u201cYan\u0131lt\u0131c\u0131 ve indirgemeci\u201d - Haber Kuzey<\/title>\n<meta name=\"robots\" content=\"index, follow, max-snippet:-1, max-image-preview:large, max-video-preview:-1\" \/>\n<link rel=\"canonical\" href=\"https:\/\/haberkuzey.com\/index.php\/2026\/03\/08\/tc-cumhurbaskanligi-iletisim-baskanligindan-cnne-harita-tepkisi-yaniltici-ve-indirgemeci\/\" \/>\n<meta property=\"og:locale\" content=\"tr_TR\" \/>\n<meta property=\"og:type\" content=\"article\" \/>\n<meta property=\"og:title\" content=\"TC Cumhurba\u015fkanl\u0131\u011f\u0131 \u0130leti\u015fim Ba\u015fkanl\u0131\u011f\u0131\u2019ndan CNN\u2019e \u201charita\u201d tepkisi: \u201cYan\u0131lt\u0131c\u0131 ve indirgemeci\u201d - Haber Kuzey\" \/>\n<meta property=\"og:description\" content=\"T\u00fcrkiye Cumhurba\u015fkanl\u0131\u011f\u0131 \u0130leti\u015fim Ba\u015fkanl\u0131\u011f\u0131, CNN International kanal\u0131n\u0131n haberlerde g\u00f6sterdi\u011fi yan\u0131lt\u0131c\u0131 harita g\u00f6r\u00fcnt\u00fcs\u00fc ve editoryal yakla\u015f\u0131ma tepki g\u00f6sterdi. AA\u2019n\u0131n aktard\u0131\u011f\u0131na g\u00f6re \u0130leti\u015fim Ba\u015fkanl\u0131\u011f\u0131ndan yap\u0131lan a\u00e7\u0131klamada, CNN International taraf\u0131ndan yay\u0131mlanan ve resmi sosyal medya hesaplar\u0131nda payla\u015f\u0131lan videoda kullan\u0131lan g\u00f6rsel i\u00e7erik ve editoryal yakla\u015f\u0131m\u0131n \u201cciddi endi\u015fe\u201d uyand\u0131rd\u0131\u011f\u0131 belirtildi. S\u00f6z konusu yay\u0131nda yer verilen ve T\u00fcrkiye Cumhuriyeti ile kom\u015fu [&hellip;]\" \/>\n<meta property=\"og:url\" content=\"https:\/\/haberkuzey.com\/index.php\/2026\/03\/08\/tc-cumhurbaskanligi-iletisim-baskanligindan-cnne-harita-tepkisi-yaniltici-ve-indirgemeci\/\" \/>\n<meta property=\"og:site_name\" content=\"Haber Kuzey\" \/>\n<meta property=\"article:published_time\" content=\"2026-03-08T08:55:27+00:00\" \/>\n<meta name=\"author\" content=\"haberkuzey\" \/>\n<meta name=\"twitter:card\" content=\"summary_large_image\" \/>\n<meta name=\"twitter:label1\" content=\"Yazan:\" \/>\n\t<meta name=\"twitter:data1\" content=\"haberkuzey\" \/>\n\t<meta name=\"twitter:label2\" content=\"Tahmini okuma s\u00fcresi\" \/>\n\t<meta name=\"twitter:data2\" content=\"2 dakika\" \/>\n<script type=\"application\/ld+json\" class=\"yoast-schema-graph\">{\"@context\":\"https:\\\/\\\/schema.org\",\"@graph\":[{\"@type\":\"Article\",\"@id\":\"https:\\\/\\\/haberkuzey.com\\\/index.php\\\/2026\\\/03\\\/08\\\/tc-cumhurbaskanligi-iletisim-baskanligindan-cnne-harita-tepkisi-yaniltici-ve-indirgemeci\\\/#article\",\"isPartOf\":{\"@id\":\"https:\\\/\\\/haberkuzey.com\\\/index.php\\\/2026\\\/03\\\/08\\\/tc-cumhurbaskanligi-iletisim-baskanligindan-cnne-harita-tepkisi-yaniltici-ve-indirgemeci\\\/\"},\"author\":{\"name\":\"haberkuzey\",\"@id\":\"https:\\\/\\\/haberkuzey.com\\\/#\\\/schema\\\/person\\\/3372109ec735f9333f4fa47ebb9605ca\"},\"headline\":\"TC Cumhurba\u015fkanl\u0131\u011f\u0131 \u0130leti\u015fim Ba\u015fkanl\u0131\u011f\u0131\u2019ndan CNN\u2019e \u201charita\u201d tepkisi: \u201cYan\u0131lt\u0131c\u0131 ve indirgemeci\u201d\",\"datePublished\":\"2026-03-08T08:55:27+00:00\",\"mainEntityOfPage\":{\"@id\":\"https:\\\/\\\/haberkuzey.com\\\/index.php\\\/2026\\\/03\\\/08\\\/tc-cumhurbaskanligi-iletisim-baskanligindan-cnne-harita-tepkisi-yaniltici-ve-indirgemeci\\\/\"},\"wordCount\":515,\"commentCount\":0,\"image\":{\"@id\":\"https:\\\/\\\/haberkuzey.com\\\/index.php\\\/2026\\\/03\\\/08\\\/tc-cumhurbaskanligi-iletisim-baskanligindan-cnne-harita-tepkisi-yaniltici-ve-indirgemeci\\\/#primaryimage\"},\"thumbnailUrl\":\"https:\\\/\\\/haberkuzey.com\\\/wp-content\\\/uploads\\\/2026\\\/03\\\/1772890728770thumbs_b_c_80c2417cf30038bbc567d479e65205ed.jpg\",\"articleSection\":[\"K\u0131br\u0131s\"],\"inLanguage\":\"tr\",\"potentialAction\":[{\"@type\":\"CommentAction\",\"name\":\"Comment\",\"target\":[\"https:\\\/\\\/haberkuzey.com\\\/index.php\\\/2026\\\/03\\\/08\\\/tc-cumhurbaskanligi-iletisim-baskanligindan-cnne-harita-tepkisi-yaniltici-ve-indirgemeci\\\/#respond\"]}]},{\"@type\":\"WebPage\",\"@id\":\"https:\\\/\\\/haberkuzey.com\\\/index.php\\\/2026\\\/03\\\/08\\\/tc-cumhurbaskanligi-iletisim-baskanligindan-cnne-harita-tepkisi-yaniltici-ve-indirgemeci\\\/\",\"url\":\"https:\\\/\\\/haberkuzey.com\\\/index.php\\\/2026\\\/03\\\/08\\\/tc-cumhurbaskanligi-iletisim-baskanligindan-cnne-harita-tepkisi-yaniltici-ve-indirgemeci\\\/\",\"name\":\"TC Cumhurba\u015fkanl\u0131\u011f\u0131 \u0130leti\u015fim Ba\u015fkanl\u0131\u011f\u0131\u2019ndan CNN\u2019e \u201charita\u201d tepkisi: \u201cYan\u0131lt\u0131c\u0131 ve indirgemeci\u201d - Haber Kuzey\",\"isPartOf\":{\"@id\":\"https:\\\/\\\/haberkuzey.com\\\/#website\"},\"primaryImageOfPage\":{\"@id\":\"https:\\\/\\\/haberkuzey.com\\\/index.php\\\/2026\\\/03\\\/08\\\/tc-cumhurbaskanligi-iletisim-baskanligindan-cnne-harita-tepkisi-yaniltici-ve-indirgemeci\\\/#primaryimage\"},\"image\":{\"@id\":\"https:\\\/\\\/haberkuzey.com\\\/index.php\\\/2026\\\/03\\\/08\\\/tc-cumhurbaskanligi-iletisim-baskanligindan-cnne-harita-tepkisi-yaniltici-ve-indirgemeci\\\/#primaryimage\"},\"thumbnailUrl\":\"https:\\\/\\\/haberkuzey.com\\\/wp-content\\\/uploads\\\/2026\\\/03\\\/1772890728770thumbs_b_c_80c2417cf30038bbc567d479e65205ed.jpg\",\"datePublished\":\"2026-03-08T08:55:27+00:00\",\"author\":{\"@id\":\"https:\\\/\\\/haberkuzey.com\\\/#\\\/schema\\\/person\\\/3372109ec735f9333f4fa47ebb9605ca\"},\"breadcrumb\":{\"@id\":\"https:\\\/\\\/haberkuzey.com\\\/index.php\\\/2026\\\/03\\\/08\\\/tc-cumhurbaskanligi-iletisim-baskanligindan-cnne-harita-tepkisi-yaniltici-ve-indirgemeci\\\/#breadcrumb\"},\"inLanguage\":\"tr\",\"potentialAction\":[{\"@type\":\"ReadAction\",\"target\":[\"https:\\\/\\\/haberkuzey.com\\\/index.php\\\/2026\\\/03\\\/08\\\/tc-cumhurbaskanligi-iletisim-baskanligindan-cnne-harita-tepkisi-yaniltici-ve-indirgemeci\\\/\"]}]},{\"@type\":\"ImageObject\",\"inLanguage\":\"tr\",\"@id\":\"https:\\\/\\\/haberkuzey.com\\\/index.php\\\/2026\\\/03\\\/08\\\/tc-cumhurbaskanligi-iletisim-baskanligindan-cnne-harita-tepkisi-yaniltici-ve-indirgemeci\\\/#primaryimage\",\"url\":\"https:\\\/\\\/haberkuzey.com\\\/wp-content\\\/uploads\\\/2026\\\/03\\\/1772890728770thumbs_b_c_80c2417cf30038bbc567d479e65205ed.jpg\",\"contentUrl\":\"https:\\\/\\\/haberkuzey.com\\\/wp-content\\\/uploads\\\/2026\\\/03\\\/1772890728770thumbs_b_c_80c2417cf30038bbc567d479e65205ed.jpg\",\"width\":864,\"height\":486},{\"@type\":\"BreadcrumbList\",\"@id\":\"https:\\\/\\\/haberkuzey.com\\\/index.php\\\/2026\\\/03\\\/08\\\/tc-cumhurbaskanligi-iletisim-baskanligindan-cnne-harita-tepkisi-yaniltici-ve-indirgemeci\\\/#breadcrumb\",\"itemListElement\":[{\"@type\":\"ListItem\",\"position\":1,\"name\":\"Anasayfa\",\"item\":\"https:\\\/\\\/haberkuzey.com\\\/\"},{\"@type\":\"ListItem\",\"position\":2,\"name\":\"TC Cumhurba\u015fkanl\u0131\u011f\u0131 \u0130leti\u015fim Ba\u015fkanl\u0131\u011f\u0131\u2019ndan CNN\u2019e \u201charita\u201d tepkisi: \u201cYan\u0131lt\u0131c\u0131 ve indirgemeci\u201d\"}]},{\"@type\":\"WebSite\",\"@id\":\"https:\\\/\\\/haberkuzey.com\\\/#website\",\"url\":\"https:\\\/\\\/haberkuzey.com\\\/\",\"name\":\"Haber Kuzey\",\"description\":\"Do\u011fru Haberin Adresi\",\"potentialAction\":[{\"@type\":\"SearchAction\",\"target\":{\"@type\":\"EntryPoint\",\"urlTemplate\":\"https:\\\/\\\/haberkuzey.com\\\/?s={search_term_string}\"},\"query-input\":{\"@type\":\"PropertyValueSpecification\",\"valueRequired\":true,\"valueName\":\"search_term_string\"}}],\"inLanguage\":\"tr\"},{\"@type\":\"Person\",\"@id\":\"https:\\\/\\\/haberkuzey.com\\\/#\\\/schema\\\/person\\\/3372109ec735f9333f4fa47ebb9605ca\",\"name\":\"haberkuzey\",\"image\":{\"@type\":\"ImageObject\",\"inLanguage\":\"tr\",\"@id\":\"https:\\\/\\\/secure.gravatar.com\\\/avatar\\\/f5fc875574b1575324358c3b9e6a32b8227aa5b74f3fa22e3cadb63e26fcc39c?s=96&d=mm&r=g\",\"url\":\"https:\\\/\\\/secure.gravatar.com\\\/avatar\\\/f5fc875574b1575324358c3b9e6a32b8227aa5b74f3fa22e3cadb63e26fcc39c?s=96&d=mm&r=g\",\"contentUrl\":\"https:\\\/\\\/secure.gravatar.com\\\/avatar\\\/f5fc875574b1575324358c3b9e6a32b8227aa5b74f3fa22e3cadb63e26fcc39c?s=96&d=mm&r=g\",\"caption\":\"haberkuzey\"},\"sameAs\":[\"https:\\\/\\\/haberkuzey.com\"],\"url\":\"https:\\\/\\\/haberkuzey.com\\\/index.php\\\/author\\\/haberkuzey\\\/\"}]}<\/script>\n<!-- \/ Yoast SEO plugin. -->","yoast_head_json":{"title":"TC Cumhurba\u015fkanl\u0131\u011f\u0131 \u0130leti\u015fim Ba\u015fkanl\u0131\u011f\u0131\u2019ndan CNN\u2019e \u201charita\u201d tepkisi: \u201cYan\u0131lt\u0131c\u0131 ve indirgemeci\u201d - Haber Kuzey","robots":{"index":"index","follow":"follow","max-snippet":"max-snippet:-1","max-image-preview":"max-image-preview:large","max-video-preview":"max-video-preview:-1"},"canonical":"https:\/\/haberkuzey.com\/index.php\/2026\/03\/08\/tc-cumhurbaskanligi-iletisim-baskanligindan-cnne-harita-tepkisi-yaniltici-ve-indirgemeci\/","og_locale":"tr_TR","og_type":"article","og_title":"TC Cumhurba\u015fkanl\u0131\u011f\u0131 \u0130leti\u015fim Ba\u015fkanl\u0131\u011f\u0131\u2019ndan CNN\u2019e \u201charita\u201d tepkisi: \u201cYan\u0131lt\u0131c\u0131 ve indirgemeci\u201d - Haber Kuzey","og_description":"T\u00fcrkiye Cumhurba\u015fkanl\u0131\u011f\u0131 \u0130leti\u015fim Ba\u015fkanl\u0131\u011f\u0131, CNN International kanal\u0131n\u0131n haberlerde g\u00f6sterdi\u011fi yan\u0131lt\u0131c\u0131 harita g\u00f6r\u00fcnt\u00fcs\u00fc ve editoryal yakla\u015f\u0131ma tepki g\u00f6sterdi. AA\u2019n\u0131n aktard\u0131\u011f\u0131na g\u00f6re \u0130leti\u015fim Ba\u015fkanl\u0131\u011f\u0131ndan yap\u0131lan a\u00e7\u0131klamada, CNN International taraf\u0131ndan yay\u0131mlanan ve resmi sosyal medya hesaplar\u0131nda payla\u015f\u0131lan videoda kullan\u0131lan g\u00f6rsel i\u00e7erik ve editoryal yakla\u015f\u0131m\u0131n \u201cciddi endi\u015fe\u201d uyand\u0131rd\u0131\u011f\u0131 belirtildi. S\u00f6z konusu yay\u0131nda yer verilen ve T\u00fcrkiye Cumhuriyeti ile kom\u015fu [&hellip;]","og_url":"https:\/\/haberkuzey.com\/index.php\/2026\/03\/08\/tc-cumhurbaskanligi-iletisim-baskanligindan-cnne-harita-tepkisi-yaniltici-ve-indirgemeci\/","og_site_name":"Haber Kuzey","article_published_time":"2026-03-08T08:55:27+00:00","author":"haberkuzey","twitter_card":"summary_large_image","twitter_misc":{"Yazan:":"haberkuzey","Tahmini okuma s\u00fcresi":"2 dakika"},"schema":{"@context":"https:\/\/schema.org","@graph":[{"@type":"Article","@id":"https:\/\/haberkuzey.com\/index.php\/2026\/03\/08\/tc-cumhurbaskanligi-iletisim-baskanligindan-cnne-harita-tepkisi-yaniltici-ve-indirgemeci\/#article","isPartOf":{"@id":"https:\/\/haberkuzey.com\/index.php\/2026\/03\/08\/tc-cumhurbaskanligi-iletisim-baskanligindan-cnne-harita-tepkisi-yaniltici-ve-indirgemeci\/"},"author":{"name":"haberkuzey","@id":"https:\/\/haberkuzey.com\/#\/schema\/person\/3372109ec735f9333f4fa47ebb9605ca"},"headline":"TC Cumhurba\u015fkanl\u0131\u011f\u0131 \u0130leti\u015fim Ba\u015fkanl\u0131\u011f\u0131\u2019ndan CNN\u2019e \u201charita\u201d tepkisi: \u201cYan\u0131lt\u0131c\u0131 ve indirgemeci\u201d","datePublished":"2026-03-08T08:55:27+00:00","mainEntityOfPage":{"@id":"https:\/\/haberkuzey.com\/index.php\/2026\/03\/08\/tc-cumhurbaskanligi-iletisim-baskanligindan-cnne-harita-tepkisi-yaniltici-ve-indirgemeci\/"},"wordCount":515,"commentCount":0,"image":{"@id":"https:\/\/haberkuzey.com\/index.php\/2026\/03\/08\/tc-cumhurbaskanligi-iletisim-baskanligindan-cnne-harita-tepkisi-yaniltici-ve-indirgemeci\/#primaryimage"},"thumbnailUrl":"https:\/\/haberkuzey.com\/wp-content\/uploads\/2026\/03\/1772890728770thumbs_b_c_80c2417cf30038bbc567d479e65205ed.jpg","articleSection":["K\u0131br\u0131s"],"inLanguage":"tr","potentialAction":[{"@type":"CommentAction","name":"Comment","target":["https:\/\/haberkuzey.com\/index.php\/2026\/03\/08\/tc-cumhurbaskanligi-iletisim-baskanligindan-cnne-harita-tepkisi-yaniltici-ve-indirgemeci\/#respond"]}]},{"@type":"WebPage","@id":"https:\/\/haberkuzey.com\/index.php\/2026\/03\/08\/tc-cumhurbaskanligi-iletisim-baskanligindan-cnne-harita-tepkisi-yaniltici-ve-indirgemeci\/","url":"https:\/\/haberkuzey.com\/index.php\/2026\/03\/08\/tc-cumhurbaskanligi-iletisim-baskanligindan-cnne-harita-tepkisi-yaniltici-ve-indirgemeci\/","name":"TC Cumhurba\u015fkanl\u0131\u011f\u0131 \u0130leti\u015fim Ba\u015fkanl\u0131\u011f\u0131\u2019ndan CNN\u2019e \u201charita\u201d tepkisi: \u201cYan\u0131lt\u0131c\u0131 ve indirgemeci\u201d - Haber Kuzey","isPartOf":{"@id":"https:\/\/haberkuzey.com\/#website"},"primaryImageOfPage":{"@id":"https:\/\/haberkuzey.com\/index.php\/2026\/03\/08\/tc-cumhurbaskanligi-iletisim-baskanligindan-cnne-harita-tepkisi-yaniltici-ve-indirgemeci\/#primaryimage"},"image":{"@id":"https:\/\/haberkuzey.com\/index.php\/2026\/03\/08\/tc-cumhurbaskanligi-iletisim-baskanligindan-cnne-harita-tepkisi-yaniltici-ve-indirgemeci\/#primaryimage"},"thumbnailUrl":"https:\/\/haberkuzey.com\/wp-content\/uploads\/2026\/03\/1772890728770thumbs_b_c_80c2417cf30038bbc567d479e65205ed.jpg","datePublished":"2026-03-08T08:55:27+00:00","author":{"@id":"https:\/\/haberkuzey.com\/#\/schema\/person\/3372109ec735f9333f4fa47ebb9605ca"},"breadcrumb":{"@id":"https:\/\/haberkuzey.com\/index.php\/2026\/03\/08\/tc-cumhurbaskanligi-iletisim-baskanligindan-cnne-harita-tepkisi-yaniltici-ve-indirgemeci\/#breadcrumb"},"inLanguage":"tr","potentialAction":[{"@type":"ReadAction","target":["https:\/\/haberkuzey.com\/index.php\/2026\/03\/08\/tc-cumhurbaskanligi-iletisim-baskanligindan-cnne-harita-tepkisi-yaniltici-ve-indirgemeci\/"]}]},{"@type":"ImageObject","inLanguage":"tr","@id":"https:\/\/haberkuzey.com\/index.php\/2026\/03\/08\/tc-cumhurbaskanligi-iletisim-baskanligindan-cnne-harita-tepkisi-yaniltici-ve-indirgemeci\/#primaryimage","url":"https:\/\/haberkuzey.com\/wp-content\/uploads\/2026\/03\/1772890728770thumbs_b_c_80c2417cf30038bbc567d479e65205ed.jpg","contentUrl":"https:\/\/haberkuzey.com\/wp-content\/uploads\/2026\/03\/1772890728770thumbs_b_c_80c2417cf30038bbc567d479e65205ed.jpg","width":864,"height":486},{"@type":"BreadcrumbList","@id":"https:\/\/haberkuzey.com\/index.php\/2026\/03\/08\/tc-cumhurbaskanligi-iletisim-baskanligindan-cnne-harita-tepkisi-yaniltici-ve-indirgemeci\/#breadcrumb","itemListElement":[{"@type":"ListItem","position":1,"name":"Anasayfa","item":"https:\/\/haberkuzey.com\/"},{"@type":"ListItem","position":2,"name":"TC Cumhurba\u015fkanl\u0131\u011f\u0131 \u0130leti\u015fim Ba\u015fkanl\u0131\u011f\u0131\u2019ndan CNN\u2019e \u201charita\u201d tepkisi: \u201cYan\u0131lt\u0131c\u0131 ve indirgemeci\u201d"}]},{"@type":"WebSite","@id":"https:\/\/haberkuzey.com\/#website","url":"https:\/\/haberkuzey.com\/","name":"Haber Kuzey","description":"Do\u011fru Haberin Adresi","potentialAction":[{"@type":"SearchAction","target":{"@type":"EntryPoint","urlTemplate":"https:\/\/haberkuzey.com\/?s={search_term_string}"},"query-input":{"@type":"PropertyValueSpecification","valueRequired":true,"valueName":"search_term_string"}}],"inLanguage":"tr"},{"@type":"Person","@id":"https:\/\/haberkuzey.com\/#\/schema\/person\/3372109ec735f9333f4fa47ebb9605ca","name":"haberkuzey","image":{"@type":"ImageObject","inLanguage":"tr","@id":"https:\/\/secure.gravatar.com\/avatar\/f5fc875574b1575324358c3b9e6a32b8227aa5b74f3fa22e3cadb63e26fcc39c?s=96&d=mm&r=g","url":"https:\/\/secure.gravatar.com\/avatar\/f5fc875574b1575324358c3b9e6a32b8227aa5b74f3fa22e3cadb63e26fcc39c?s=96&d=mm&r=g","contentUrl":"https:\/\/secure.gravatar.com\/avatar\/f5fc875574b1575324358c3b9e6a32b8227aa5b74f3fa22e3cadb63e26fcc39c?s=96&d=mm&r=g","caption":"haberkuzey"},"sameAs":["https:\/\/haberkuzey.com"],"url":"https:\/\/haberkuzey.com\/index.php\/author\/haberkuzey\/"}]}},"_links":{"self":[{"href":"https:\/\/haberkuzey.com\/index.php\/wp-json\/wp\/v2\/posts\/35089","targetHints":{"allow":["GET"]}}],"collection":[{"href":"https:\/\/haberkuzey.com\/index.php\/wp-json\/wp\/v2\/posts"}],"about":[{"href":"https:\/\/haberkuzey.com\/index.php\/wp-json\/wp\/v2\/types\/post"}],"author":[{"embeddable":true,"href":"https:\/\/haberkuzey.com\/index.php\/wp-json\/wp\/v2\/users\/1"}],"replies":[{"embeddable":true,"href":"https:\/\/haberkuzey.com\/index.php\/wp-json\/wp\/v2\/comments?post=35089"}],"version-history":[{"count":0,"href":"https:\/\/haberkuzey.com\/index.php\/wp-json\/wp\/v2\/posts\/35089\/revisions"}],"wp:featuredmedia":[{"embeddable":true,"href":"https:\/\/haberkuzey.com\/index.php\/wp-json\/wp\/v2\/media\/35090"}],"wp:attachment":[{"href":"https:\/\/haberkuzey.com\/index.php\/wp-json\/wp\/v2\/media?parent=35089"}],"wp:term":[{"taxonomy":"category","embeddable":true,"href":"https:\/\/haberkuzey.com\/index.php\/wp-json\/wp\/v2\/categories?post=35089"},{"taxonomy":"post_tag","embeddable":true,"href":"https:\/\/haberkuzey.com\/index.php\/wp-json\/wp\/v2\/tags?post=35089"}],"curies":[{"name":"wp","href":"https:\/\/api.w.org\/{rel}","templated":true}]}}