{"id":35081,"date":"2026-03-07T18:05:03","date_gmt":"2026-03-07T16:05:03","guid":{"rendered":"https:\/\/haberkuzey.com\/index.php\/2026\/03\/07\/kadinlarin-emegi-ozverisi-ve-katkisiyla-toplum-daha-guclu-bir-gelecege-yuruyor\/"},"modified":"2026-03-07T18:05:03","modified_gmt":"2026-03-07T16:05:03","slug":"kadinlarin-emegi-ozverisi-ve-katkisiyla-toplum-daha-guclu-bir-gelecege-yuruyor","status":"publish","type":"post","link":"https:\/\/haberkuzey.com\/index.php\/2026\/03\/07\/kadinlarin-emegi-ozverisi-ve-katkisiyla-toplum-daha-guclu-bir-gelecege-yuruyor\/","title":{"rendered":"Kad\u0131nlar\u0131n eme\u011fi, \u00f6zverisi ve katk\u0131s\u0131yla toplum daha g\u00fc\u00e7l\u00fc bir gelece\u011fe y\u00fcr\u00fcyor"},"content":{"rendered":"<p style=\"font-weight: 300\">8 Mart D\u00fcnya Kad\u0131nlar G\u00fcn\u00fc dolay\u0131s\u0131yla mesaj yay\u0131mlayan Din\u00e7y\u00fcrek, K\u0131br\u0131s T\u00fcrk kad\u0131n\u0131n\u0131n m\u00fccadele y\u0131llar\u0131nda g\u00f6sterdi\u011fi dirayet, cesaret ve fedakarl\u0131\u011f\u0131n her t\u00fcrl\u00fc takdirin \u00fczerinde oldu\u011funu kaydetti.<\/p>\n<p style=\"font-weight: 300\">Din\u00e7y\u00fcrek, \u201cZor d\u00f6nemlerde ailesine, toplumuna ve vatan\u0131na sahip \u00e7\u0131kan kad\u0131nlar\u0131m\u0131z, bug\u00fcn de ayn\u0131 kararl\u0131l\u0131k ve sorumluluk bilinciyle toplumsal hayat\u0131n her alan\u0131nda \u00f6nemli roller \u00fcstleniyor\u201d dedi.<\/p>\n<p style=\"font-weight: 300\">Kad\u0131nlar\u0131n yaln\u0131zca aile i\u00e7inde de\u011fil, toplumsal ya\u015fam\u0131n her alan\u0131nda aktif \u015fekilde yer ald\u0131\u011f\u0131n\u0131 kaydeden Sa\u011fl\u0131k Bakan\u0131 Din\u00e7y\u00fcrek, \u201cKad\u0131nlar\u0131n g\u00fc\u00e7lenmesi ve her alanda daha fazla s\u00f6z sahibi olmas\u0131, toplumumuzun geli\u015fmesi ve ilerlemesi a\u00e7\u0131s\u0131ndan b\u00fcy\u00fck \u00f6nem ta\u015f\u0131yor\u201d ifadelerini kulland\u0131.<\/p>\n<p style=\"font-weight: 300\">Hakan Din\u00e7y\u00fcrek, kad\u0131nlar\u0131n hak etti\u011fi de\u011feri g\u00f6rmesinin ve f\u0131rsat e\u015fitli\u011finin sa\u011flanmas\u0131n\u0131n \u00f6nemine de dikkat \u00e7ekerek, kad\u0131nlar\u0131n 8 Mart D\u00fcnya Kad\u0131nlar G\u00fcn\u00fc\u2019n\u00fc kutlad\u0131.<\/p>\n<p>Kad\u0131nlar\u0131n eme\u011fi, \u00f6zverisi ve katk\u0131s\u0131yla toplum daha g\u00fc\u00e7l\u00fc bir gelece\u011fe y\u00fcr\u00fcyor yaz\u0131s\u0131 ilk \u00f6nce K\u0131br\u0131s Hakikat \u00fczerinde ortaya \u00e7\u0131kt\u0131.<\/p>\n","protected":false},"excerpt":{"rendered":"<p>8 Mart D\u00fcnya Kad\u0131nlar G\u00fcn\u00fc dolay\u0131s\u0131yla mesaj yay\u0131mlayan Din\u00e7y\u00fcrek, K\u0131br\u0131s T\u00fcrk kad\u0131n\u0131n\u0131n m\u00fccadele y\u0131llar\u0131nda g\u00f6sterdi\u011fi dirayet, cesaret ve fedakarl\u0131\u011f\u0131n her t\u00fcrl\u00fc takdirin \u00fczerinde oldu\u011funu kaydetti. Din\u00e7y\u00fcrek, \u201cZor d\u00f6nemlerde ailesine, toplumuna ve vatan\u0131na sahip \u00e7\u0131kan kad\u0131nlar\u0131m\u0131z, bug\u00fcn de ayn\u0131 kararl\u0131l\u0131k ve sorumluluk bilinciyle toplumsal hayat\u0131n her alan\u0131nda \u00f6nemli roller \u00fcstleniyor\u201d dedi. Kad\u0131nlar\u0131n yaln\u0131zca aile i\u00e7inde de\u011fil, [&hellip;]<\/p>\n","protected":false},"author":1,"featured_media":35082,"comment_status":"open","ping_status":"open","sticky":false,"template":"","format":"standard","meta":{"jnews-multi-image_gallery":[],"jnews_single_post":[],"jnews_primary_category":[],"footnotes":""},"categories":[1],"tags":[],"class_list":["post-35081","post","type-post","status-publish","format-standard","has-post-thumbnail","hentry","category-kibris"],"yoast_head":"<!-- This site is optimized with the Yoast SEO plugin v27.4 - https:\/\/yoast.com\/product\/yoast-seo-wordpress\/ -->\n<title>Kad\u0131nlar\u0131n eme\u011fi, \u00f6zverisi ve katk\u0131s\u0131yla toplum daha g\u00fc\u00e7l\u00fc bir gelece\u011fe y\u00fcr\u00fcyor - Haber Kuzey<\/title>\n<meta name=\"robots\" content=\"index, follow, max-snippet:-1, max-image-preview:large, max-video-preview:-1\" \/>\n<link rel=\"canonical\" href=\"https:\/\/haberkuzey.com\/index.php\/2026\/03\/07\/kadinlarin-emegi-ozverisi-ve-katkisiyla-toplum-daha-guclu-bir-gelecege-yuruyor\/\" \/>\n<meta property=\"og:locale\" content=\"tr_TR\" \/>\n<meta property=\"og:type\" content=\"article\" \/>\n<meta property=\"og:title\" content=\"Kad\u0131nlar\u0131n eme\u011fi, \u00f6zverisi ve katk\u0131s\u0131yla toplum daha g\u00fc\u00e7l\u00fc bir gelece\u011fe y\u00fcr\u00fcyor - Haber Kuzey\" \/>\n<meta property=\"og:description\" content=\"8 Mart D\u00fcnya Kad\u0131nlar G\u00fcn\u00fc dolay\u0131s\u0131yla mesaj yay\u0131mlayan Din\u00e7y\u00fcrek, K\u0131br\u0131s T\u00fcrk kad\u0131n\u0131n\u0131n m\u00fccadele y\u0131llar\u0131nda g\u00f6sterdi\u011fi dirayet, cesaret ve fedakarl\u0131\u011f\u0131n her t\u00fcrl\u00fc takdirin \u00fczerinde oldu\u011funu kaydetti. Din\u00e7y\u00fcrek, \u201cZor d\u00f6nemlerde ailesine, toplumuna ve vatan\u0131na sahip \u00e7\u0131kan kad\u0131nlar\u0131m\u0131z, bug\u00fcn de ayn\u0131 kararl\u0131l\u0131k ve sorumluluk bilinciyle toplumsal hayat\u0131n her alan\u0131nda \u00f6nemli roller \u00fcstleniyor\u201d dedi. Kad\u0131nlar\u0131n yaln\u0131zca aile i\u00e7inde de\u011fil, [&hellip;]\" \/>\n<meta property=\"og:url\" content=\"https:\/\/haberkuzey.com\/index.php\/2026\/03\/07\/kadinlarin-emegi-ozverisi-ve-katkisiyla-toplum-daha-guclu-bir-gelecege-yuruyor\/\" \/>\n<meta property=\"og:site_name\" content=\"Haber Kuzey\" \/>\n<meta property=\"article:published_time\" content=\"2026-03-07T16:05:03+00:00\" \/>\n<meta name=\"author\" content=\"haberkuzey\" \/>\n<meta name=\"twitter:card\" content=\"summary_large_image\" \/>\n<meta name=\"twitter:label1\" content=\"Yazan:\" \/>\n\t<meta name=\"twitter:data1\" content=\"haberkuzey\" \/>\n\t<meta name=\"twitter:label2\" content=\"Tahmini okuma s\u00fcresi\" \/>\n\t<meta name=\"twitter:data2\" content=\"1 dakika\" \/>\n<script type=\"application\/ld+json\" class=\"yoast-schema-graph\">{\"@context\":\"https:\\\/\\\/schema.org\",\"@graph\":[{\"@type\":\"Article\",\"@id\":\"https:\\\/\\\/haberkuzey.com\\\/index.php\\\/2026\\\/03\\\/07\\\/kadinlarin-emegi-ozverisi-ve-katkisiyla-toplum-daha-guclu-bir-gelecege-yuruyor\\\/#article\",\"isPartOf\":{\"@id\":\"https:\\\/\\\/haberkuzey.com\\\/index.php\\\/2026\\\/03\\\/07\\\/kadinlarin-emegi-ozverisi-ve-katkisiyla-toplum-daha-guclu-bir-gelecege-yuruyor\\\/\"},\"author\":{\"name\":\"haberkuzey\",\"@id\":\"https:\\\/\\\/haberkuzey.com\\\/#\\\/schema\\\/person\\\/3372109ec735f9333f4fa47ebb9605ca\"},\"headline\":\"Kad\u0131nlar\u0131n eme\u011fi, \u00f6zverisi ve katk\u0131s\u0131yla toplum daha g\u00fc\u00e7l\u00fc bir gelece\u011fe y\u00fcr\u00fcyor\",\"datePublished\":\"2026-03-07T16:05:03+00:00\",\"mainEntityOfPage\":{\"@id\":\"https:\\\/\\\/haberkuzey.com\\\/index.php\\\/2026\\\/03\\\/07\\\/kadinlarin-emegi-ozverisi-ve-katkisiyla-toplum-daha-guclu-bir-gelecege-yuruyor\\\/\"},\"wordCount\":234,\"commentCount\":0,\"image\":{\"@id\":\"https:\\\/\\\/haberkuzey.com\\\/index.php\\\/2026\\\/03\\\/07\\\/kadinlarin-emegi-ozverisi-ve-katkisiyla-toplum-daha-guclu-bir-gelecege-yuruyor\\\/#primaryimage\"},\"thumbnailUrl\":\"https:\\\/\\\/haberkuzey.com\\\/wp-content\\\/uploads\\\/2026\\\/03\\\/1772894399734WhatsApp-Image-2026-03-07-at-17.55.27.jpeg\",\"articleSection\":[\"K\u0131br\u0131s\"],\"inLanguage\":\"tr\",\"potentialAction\":[{\"@type\":\"CommentAction\",\"name\":\"Comment\",\"target\":[\"https:\\\/\\\/haberkuzey.com\\\/index.php\\\/2026\\\/03\\\/07\\\/kadinlarin-emegi-ozverisi-ve-katkisiyla-toplum-daha-guclu-bir-gelecege-yuruyor\\\/#respond\"]}]},{\"@type\":\"WebPage\",\"@id\":\"https:\\\/\\\/haberkuzey.com\\\/index.php\\\/2026\\\/03\\\/07\\\/kadinlarin-emegi-ozverisi-ve-katkisiyla-toplum-daha-guclu-bir-gelecege-yuruyor\\\/\",\"url\":\"https:\\\/\\\/haberkuzey.com\\\/index.php\\\/2026\\\/03\\\/07\\\/kadinlarin-emegi-ozverisi-ve-katkisiyla-toplum-daha-guclu-bir-gelecege-yuruyor\\\/\",\"name\":\"Kad\u0131nlar\u0131n eme\u011fi, \u00f6zverisi ve katk\u0131s\u0131yla toplum daha g\u00fc\u00e7l\u00fc bir gelece\u011fe y\u00fcr\u00fcyor - Haber Kuzey\",\"isPartOf\":{\"@id\":\"https:\\\/\\\/haberkuzey.com\\\/#website\"},\"primaryImageOfPage\":{\"@id\":\"https:\\\/\\\/haberkuzey.com\\\/index.php\\\/2026\\\/03\\\/07\\\/kadinlarin-emegi-ozverisi-ve-katkisiyla-toplum-daha-guclu-bir-gelecege-yuruyor\\\/#primaryimage\"},\"image\":{\"@id\":\"https:\\\/\\\/haberkuzey.com\\\/index.php\\\/2026\\\/03\\\/07\\\/kadinlarin-emegi-ozverisi-ve-katkisiyla-toplum-daha-guclu-bir-gelecege-yuruyor\\\/#primaryimage\"},\"thumbnailUrl\":\"https:\\\/\\\/haberkuzey.com\\\/wp-content\\\/uploads\\\/2026\\\/03\\\/1772894399734WhatsApp-Image-2026-03-07-at-17.55.27.jpeg\",\"datePublished\":\"2026-03-07T16:05:03+00:00\",\"author\":{\"@id\":\"https:\\\/\\\/haberkuzey.com\\\/#\\\/schema\\\/person\\\/3372109ec735f9333f4fa47ebb9605ca\"},\"breadcrumb\":{\"@id\":\"https:\\\/\\\/haberkuzey.com\\\/index.php\\\/2026\\\/03\\\/07\\\/kadinlarin-emegi-ozverisi-ve-katkisiyla-toplum-daha-guclu-bir-gelecege-yuruyor\\\/#breadcrumb\"},\"inLanguage\":\"tr\",\"potentialAction\":[{\"@type\":\"ReadAction\",\"target\":[\"https:\\\/\\\/haberkuzey.com\\\/index.php\\\/2026\\\/03\\\/07\\\/kadinlarin-emegi-ozverisi-ve-katkisiyla-toplum-daha-guclu-bir-gelecege-yuruyor\\\/\"]}]},{\"@type\":\"ImageObject\",\"inLanguage\":\"tr\",\"@id\":\"https:\\\/\\\/haberkuzey.com\\\/index.php\\\/2026\\\/03\\\/07\\\/kadinlarin-emegi-ozverisi-ve-katkisiyla-toplum-daha-guclu-bir-gelecege-yuruyor\\\/#primaryimage\",\"url\":\"https:\\\/\\\/haberkuzey.com\\\/wp-content\\\/uploads\\\/2026\\\/03\\\/1772894399734WhatsApp-Image-2026-03-07-at-17.55.27.jpeg\",\"contentUrl\":\"https:\\\/\\\/haberkuzey.com\\\/wp-content\\\/uploads\\\/2026\\\/03\\\/1772894399734WhatsApp-Image-2026-03-07-at-17.55.27.jpeg\",\"width\":960,\"height\":688},{\"@type\":\"BreadcrumbList\",\"@id\":\"https:\\\/\\\/haberkuzey.com\\\/index.php\\\/2026\\\/03\\\/07\\\/kadinlarin-emegi-ozverisi-ve-katkisiyla-toplum-daha-guclu-bir-gelecege-yuruyor\\\/#breadcrumb\",\"itemListElement\":[{\"@type\":\"ListItem\",\"position\":1,\"name\":\"Anasayfa\",\"item\":\"https:\\\/\\\/haberkuzey.com\\\/\"},{\"@type\":\"ListItem\",\"position\":2,\"name\":\"Kad\u0131nlar\u0131n eme\u011fi, \u00f6zverisi ve katk\u0131s\u0131yla toplum daha g\u00fc\u00e7l\u00fc bir gelece\u011fe y\u00fcr\u00fcyor\"}]},{\"@type\":\"WebSite\",\"@id\":\"https:\\\/\\\/haberkuzey.com\\\/#website\",\"url\":\"https:\\\/\\\/haberkuzey.com\\\/\",\"name\":\"Haber Kuzey\",\"description\":\"Do\u011fru Haberin Adresi\",\"potentialAction\":[{\"@type\":\"SearchAction\",\"target\":{\"@type\":\"EntryPoint\",\"urlTemplate\":\"https:\\\/\\\/haberkuzey.com\\\/?s={search_term_string}\"},\"query-input\":{\"@type\":\"PropertyValueSpecification\",\"valueRequired\":true,\"valueName\":\"search_term_string\"}}],\"inLanguage\":\"tr\"},{\"@type\":\"Person\",\"@id\":\"https:\\\/\\\/haberkuzey.com\\\/#\\\/schema\\\/person\\\/3372109ec735f9333f4fa47ebb9605ca\",\"name\":\"haberkuzey\",\"image\":{\"@type\":\"ImageObject\",\"inLanguage\":\"tr\",\"@id\":\"https:\\\/\\\/secure.gravatar.com\\\/avatar\\\/f5fc875574b1575324358c3b9e6a32b8227aa5b74f3fa22e3cadb63e26fcc39c?s=96&d=mm&r=g\",\"url\":\"https:\\\/\\\/secure.gravatar.com\\\/avatar\\\/f5fc875574b1575324358c3b9e6a32b8227aa5b74f3fa22e3cadb63e26fcc39c?s=96&d=mm&r=g\",\"contentUrl\":\"https:\\\/\\\/secure.gravatar.com\\\/avatar\\\/f5fc875574b1575324358c3b9e6a32b8227aa5b74f3fa22e3cadb63e26fcc39c?s=96&d=mm&r=g\",\"caption\":\"haberkuzey\"},\"sameAs\":[\"https:\\\/\\\/haberkuzey.com\"],\"url\":\"https:\\\/\\\/haberkuzey.com\\\/index.php\\\/author\\\/haberkuzey\\\/\"}]}<\/script>\n<!-- \/ Yoast SEO plugin. -->","yoast_head_json":{"title":"Kad\u0131nlar\u0131n eme\u011fi, \u00f6zverisi ve katk\u0131s\u0131yla toplum daha g\u00fc\u00e7l\u00fc bir gelece\u011fe y\u00fcr\u00fcyor - Haber Kuzey","robots":{"index":"index","follow":"follow","max-snippet":"max-snippet:-1","max-image-preview":"max-image-preview:large","max-video-preview":"max-video-preview:-1"},"canonical":"https:\/\/haberkuzey.com\/index.php\/2026\/03\/07\/kadinlarin-emegi-ozverisi-ve-katkisiyla-toplum-daha-guclu-bir-gelecege-yuruyor\/","og_locale":"tr_TR","og_type":"article","og_title":"Kad\u0131nlar\u0131n eme\u011fi, \u00f6zverisi ve katk\u0131s\u0131yla toplum daha g\u00fc\u00e7l\u00fc bir gelece\u011fe y\u00fcr\u00fcyor - Haber Kuzey","og_description":"8 Mart D\u00fcnya Kad\u0131nlar G\u00fcn\u00fc dolay\u0131s\u0131yla mesaj yay\u0131mlayan Din\u00e7y\u00fcrek, K\u0131br\u0131s T\u00fcrk kad\u0131n\u0131n\u0131n m\u00fccadele y\u0131llar\u0131nda g\u00f6sterdi\u011fi dirayet, cesaret ve fedakarl\u0131\u011f\u0131n her t\u00fcrl\u00fc takdirin \u00fczerinde oldu\u011funu kaydetti. Din\u00e7y\u00fcrek, \u201cZor d\u00f6nemlerde ailesine, toplumuna ve vatan\u0131na sahip \u00e7\u0131kan kad\u0131nlar\u0131m\u0131z, bug\u00fcn de ayn\u0131 kararl\u0131l\u0131k ve sorumluluk bilinciyle toplumsal hayat\u0131n her alan\u0131nda \u00f6nemli roller \u00fcstleniyor\u201d dedi. Kad\u0131nlar\u0131n yaln\u0131zca aile i\u00e7inde de\u011fil, [&hellip;]","og_url":"https:\/\/haberkuzey.com\/index.php\/2026\/03\/07\/kadinlarin-emegi-ozverisi-ve-katkisiyla-toplum-daha-guclu-bir-gelecege-yuruyor\/","og_site_name":"Haber Kuzey","article_published_time":"2026-03-07T16:05:03+00:00","author":"haberkuzey","twitter_card":"summary_large_image","twitter_misc":{"Yazan:":"haberkuzey","Tahmini okuma s\u00fcresi":"1 dakika"},"schema":{"@context":"https:\/\/schema.org","@graph":[{"@type":"Article","@id":"https:\/\/haberkuzey.com\/index.php\/2026\/03\/07\/kadinlarin-emegi-ozverisi-ve-katkisiyla-toplum-daha-guclu-bir-gelecege-yuruyor\/#article","isPartOf":{"@id":"https:\/\/haberkuzey.com\/index.php\/2026\/03\/07\/kadinlarin-emegi-ozverisi-ve-katkisiyla-toplum-daha-guclu-bir-gelecege-yuruyor\/"},"author":{"name":"haberkuzey","@id":"https:\/\/haberkuzey.com\/#\/schema\/person\/3372109ec735f9333f4fa47ebb9605ca"},"headline":"Kad\u0131nlar\u0131n eme\u011fi, \u00f6zverisi ve katk\u0131s\u0131yla toplum daha g\u00fc\u00e7l\u00fc bir gelece\u011fe y\u00fcr\u00fcyor","datePublished":"2026-03-07T16:05:03+00:00","mainEntityOfPage":{"@id":"https:\/\/haberkuzey.com\/index.php\/2026\/03\/07\/kadinlarin-emegi-ozverisi-ve-katkisiyla-toplum-daha-guclu-bir-gelecege-yuruyor\/"},"wordCount":234,"commentCount":0,"image":{"@id":"https:\/\/haberkuzey.com\/index.php\/2026\/03\/07\/kadinlarin-emegi-ozverisi-ve-katkisiyla-toplum-daha-guclu-bir-gelecege-yuruyor\/#primaryimage"},"thumbnailUrl":"https:\/\/haberkuzey.com\/wp-content\/uploads\/2026\/03\/1772894399734WhatsApp-Image-2026-03-07-at-17.55.27.jpeg","articleSection":["K\u0131br\u0131s"],"inLanguage":"tr","potentialAction":[{"@type":"CommentAction","name":"Comment","target":["https:\/\/haberkuzey.com\/index.php\/2026\/03\/07\/kadinlarin-emegi-ozverisi-ve-katkisiyla-toplum-daha-guclu-bir-gelecege-yuruyor\/#respond"]}]},{"@type":"WebPage","@id":"https:\/\/haberkuzey.com\/index.php\/2026\/03\/07\/kadinlarin-emegi-ozverisi-ve-katkisiyla-toplum-daha-guclu-bir-gelecege-yuruyor\/","url":"https:\/\/haberkuzey.com\/index.php\/2026\/03\/07\/kadinlarin-emegi-ozverisi-ve-katkisiyla-toplum-daha-guclu-bir-gelecege-yuruyor\/","name":"Kad\u0131nlar\u0131n eme\u011fi, \u00f6zverisi ve katk\u0131s\u0131yla toplum daha g\u00fc\u00e7l\u00fc bir gelece\u011fe y\u00fcr\u00fcyor - Haber Kuzey","isPartOf":{"@id":"https:\/\/haberkuzey.com\/#website"},"primaryImageOfPage":{"@id":"https:\/\/haberkuzey.com\/index.php\/2026\/03\/07\/kadinlarin-emegi-ozverisi-ve-katkisiyla-toplum-daha-guclu-bir-gelecege-yuruyor\/#primaryimage"},"image":{"@id":"https:\/\/haberkuzey.com\/index.php\/2026\/03\/07\/kadinlarin-emegi-ozverisi-ve-katkisiyla-toplum-daha-guclu-bir-gelecege-yuruyor\/#primaryimage"},"thumbnailUrl":"https:\/\/haberkuzey.com\/wp-content\/uploads\/2026\/03\/1772894399734WhatsApp-Image-2026-03-07-at-17.55.27.jpeg","datePublished":"2026-03-07T16:05:03+00:00","author":{"@id":"https:\/\/haberkuzey.com\/#\/schema\/person\/3372109ec735f9333f4fa47ebb9605ca"},"breadcrumb":{"@id":"https:\/\/haberkuzey.com\/index.php\/2026\/03\/07\/kadinlarin-emegi-ozverisi-ve-katkisiyla-toplum-daha-guclu-bir-gelecege-yuruyor\/#breadcrumb"},"inLanguage":"tr","potentialAction":[{"@type":"ReadAction","target":["https:\/\/haberkuzey.com\/index.php\/2026\/03\/07\/kadinlarin-emegi-ozverisi-ve-katkisiyla-toplum-daha-guclu-bir-gelecege-yuruyor\/"]}]},{"@type":"ImageObject","inLanguage":"tr","@id":"https:\/\/haberkuzey.com\/index.php\/2026\/03\/07\/kadinlarin-emegi-ozverisi-ve-katkisiyla-toplum-daha-guclu-bir-gelecege-yuruyor\/#primaryimage","url":"https:\/\/haberkuzey.com\/wp-content\/uploads\/2026\/03\/1772894399734WhatsApp-Image-2026-03-07-at-17.55.27.jpeg","contentUrl":"https:\/\/haberkuzey.com\/wp-content\/uploads\/2026\/03\/1772894399734WhatsApp-Image-2026-03-07-at-17.55.27.jpeg","width":960,"height":688},{"@type":"BreadcrumbList","@id":"https:\/\/haberkuzey.com\/index.php\/2026\/03\/07\/kadinlarin-emegi-ozverisi-ve-katkisiyla-toplum-daha-guclu-bir-gelecege-yuruyor\/#breadcrumb","itemListElement":[{"@type":"ListItem","position":1,"name":"Anasayfa","item":"https:\/\/haberkuzey.com\/"},{"@type":"ListItem","position":2,"name":"Kad\u0131nlar\u0131n eme\u011fi, \u00f6zverisi ve katk\u0131s\u0131yla toplum daha g\u00fc\u00e7l\u00fc bir gelece\u011fe y\u00fcr\u00fcyor"}]},{"@type":"WebSite","@id":"https:\/\/haberkuzey.com\/#website","url":"https:\/\/haberkuzey.com\/","name":"Haber Kuzey","description":"Do\u011fru Haberin Adresi","potentialAction":[{"@type":"SearchAction","target":{"@type":"EntryPoint","urlTemplate":"https:\/\/haberkuzey.com\/?s={search_term_string}"},"query-input":{"@type":"PropertyValueSpecification","valueRequired":true,"valueName":"search_term_string"}}],"inLanguage":"tr"},{"@type":"Person","@id":"https:\/\/haberkuzey.com\/#\/schema\/person\/3372109ec735f9333f4fa47ebb9605ca","name":"haberkuzey","image":{"@type":"ImageObject","inLanguage":"tr","@id":"https:\/\/secure.gravatar.com\/avatar\/f5fc875574b1575324358c3b9e6a32b8227aa5b74f3fa22e3cadb63e26fcc39c?s=96&d=mm&r=g","url":"https:\/\/secure.gravatar.com\/avatar\/f5fc875574b1575324358c3b9e6a32b8227aa5b74f3fa22e3cadb63e26fcc39c?s=96&d=mm&r=g","contentUrl":"https:\/\/secure.gravatar.com\/avatar\/f5fc875574b1575324358c3b9e6a32b8227aa5b74f3fa22e3cadb63e26fcc39c?s=96&d=mm&r=g","caption":"haberkuzey"},"sameAs":["https:\/\/haberkuzey.com"],"url":"https:\/\/haberkuzey.com\/index.php\/author\/haberkuzey\/"}]}},"_links":{"self":[{"href":"https:\/\/haberkuzey.com\/index.php\/wp-json\/wp\/v2\/posts\/35081","targetHints":{"allow":["GET"]}}],"collection":[{"href":"https:\/\/haberkuzey.com\/index.php\/wp-json\/wp\/v2\/posts"}],"about":[{"href":"https:\/\/haberkuzey.com\/index.php\/wp-json\/wp\/v2\/types\/post"}],"author":[{"embeddable":true,"href":"https:\/\/haberkuzey.com\/index.php\/wp-json\/wp\/v2\/users\/1"}],"replies":[{"embeddable":true,"href":"https:\/\/haberkuzey.com\/index.php\/wp-json\/wp\/v2\/comments?post=35081"}],"version-history":[{"count":0,"href":"https:\/\/haberkuzey.com\/index.php\/wp-json\/wp\/v2\/posts\/35081\/revisions"}],"wp:featuredmedia":[{"embeddable":true,"href":"https:\/\/haberkuzey.com\/index.php\/wp-json\/wp\/v2\/media\/35082"}],"wp:attachment":[{"href":"https:\/\/haberkuzey.com\/index.php\/wp-json\/wp\/v2\/media?parent=35081"}],"wp:term":[{"taxonomy":"category","embeddable":true,"href":"https:\/\/haberkuzey.com\/index.php\/wp-json\/wp\/v2\/categories?post=35081"},{"taxonomy":"post_tag","embeddable":true,"href":"https:\/\/haberkuzey.com\/index.php\/wp-json\/wp\/v2\/tags?post=35081"}],"curies":[{"name":"wp","href":"https:\/\/api.w.org\/{rel}","templated":true}]}}