{"id":35077,"date":"2026-03-07T17:34:56","date_gmt":"2026-03-07T15:34:56","guid":{"rendered":"https:\/\/haberkuzey.com\/index.php\/2026\/03\/07\/hasipoglundan-8-mart-dunya-emekci-kadinlar-gunu-mesaji\/"},"modified":"2026-03-07T17:34:56","modified_gmt":"2026-03-07T15:34:56","slug":"hasipoglundan-8-mart-dunya-emekci-kadinlar-gunu-mesaji","status":"publish","type":"post","link":"https:\/\/haberkuzey.com\/index.php\/2026\/03\/07\/hasipoglundan-8-mart-dunya-emekci-kadinlar-gunu-mesaji\/","title":{"rendered":"Hasipo\u011flu\u2019ndan 8 Mart D\u00fcnya Emek\u00e7i Kad\u0131nlar G\u00fcn\u00fc mesaj\u0131"},"content":{"rendered":"<p style=\"font-weight: 300\">Bakanl\u0131ktan yap\u0131lan a\u00e7\u0131klamaya g\u00f6re Hasipo\u011flu&#8217;nun mesaj\u0131nda, \u201c8 Mart D\u00fcnya Kad\u0131nlar G\u00fcn\u00fc, kad\u0131nlar\u0131n e\u015fitlik, adalet ve g\u00fcvenli bir ya\u015fam hakk\u0131 i\u00e7in verdikleri m\u00fccadelenin sembol\u00fc oldu\u011fu kadar, toplum olarak \u00fcstlenmemiz gereken sorumluluklar\u0131 da hat\u0131rlatan \u00f6nemli bir g\u00fcnd\u00fcr\u201d dedi.<\/p>\n<p style=\"font-weight: 300\">&#8211; \u00c7al\u0131\u015fan kad\u0131nlara i\u015f hayat\u0131nda prim destekleri\u2026<\/p>\n<p style=\"font-weight: 300\">Kad\u0131nlar\u0131n \u00e7al\u0131\u015fma hayat\u0131ndaki yerinin, Bakanl\u0131\u011f\u0131n en \u00f6nemli konular\u0131ndan biri oldu\u011funu ifade eden Hasipo\u011flu, \u00e7al\u0131\u015fan kad\u0131nlara i\u015f hayat\u0131nda prim destekleri verdiklerini, mart ay\u0131ndan itibaren vermeye de devam edeceklerini s\u00f6yle. Hasipo\u011flu, \u201cMay\u0131s\u2013Aral\u0131k 2025 d\u00f6neminde prim destekleri; KKTC vatanda\u015f\u0131 kad\u0131nlar i\u00e7in y\u00fcze 100, erkekler i\u00e7in y\u00fczde 80, yabanc\u0131 uyruklu \u00e7al\u0131\u015fanlar i\u00e7in y\u00fczde 20\u201325 oranlar\u0131nda uygulanm\u0131\u015ft\u0131r. Yeni i\u015f kuracak kad\u0131nlar\u0131m\u0131z i\u00e7in ise, herhangi bir sekt\u00f6rle s\u0131n\u0131rl\u0131 olmaks\u0131z\u0131n, hangi i\u015fi kurarsa kursun 5 y\u0131l s\u00fcresince y\u00fczde 100 prim deste\u011fini Bakanl\u0131k olarak kar\u015f\u0131l\u0131yoruz.\u201d dedi.<\/p>\n<p style=\"font-weight: 300\">\u201cKad\u0131na Y\u00f6nelik Mesleki E\u011fitim ve Sosyal Destek Hizmeti Projesi\u201d kapsam\u0131nda, sele -sepet-sesta, koza i\u015fi, Karpaz dokuma sanat\u0131 ve bal\u0131k a\u011f\u0131 \u00f6r\u00fcc\u00fcl\u00fc\u011f\u00fc alanlar\u0131nda e\u011fitim alan kursiyer kad\u0131nlara sertifikalar\u0131n\u0131n verildi\u011fini belirten Hasipo\u011flu, bu y\u0131l i\u00e7erisinde de kurslar\u0131n devam edece\u011fini s\u00f6yledi.<\/p>\n<p style=\"font-weight: 300\">-2018 y\u0131l\u0131ndan 2025 y\u0131l\u0131na kadar ge\u00e7en s\u00fcrede ALO 183 hatt\u0131na 315 \u015fiddet ihbar\u0131 ula\u015ft\u0131\u201d<\/p>\n<p style=\"font-weight: 300\">Bakan Hasipo\u011flu, \u201cBakanl\u0131\u011f\u0131m\u0131za ba\u011fl\u0131 Sosyal Hizmetler Dairesi, kad\u0131na y\u00f6nelik \u015fiddetin her t\u00fcr\u00fcyle m\u00fccadeleyi temel g\u00f6revlerinden biri olarak g\u00f6rmekte ve bu alanda kararl\u0131l\u0131kla \u00e7al\u0131\u015fmalar\u0131n\u0131 s\u00fcrd\u00fcrmektedir\u201d diyerek, Daire b\u00fcnyesinde g\u00f6rev yapan sosyal hizmet memurlar\u0131 arac\u0131l\u0131\u011f\u0131yla y\u00fcr\u00fct\u00fclen \u00e7al\u0131\u015fmalar\u0131n sadece ba\u015fvuru almakla s\u0131n\u0131rl\u0131 kalmad\u0131\u011f\u0131n\u0131; koruma, dan\u0131\u015fmanl\u0131k, y\u00f6nlendirme ve hukuki destek s\u00fcre\u00e7lerini kapsayan kapsaml\u0131 bir destek mekanizmas\u0131 i\u015fletildi\u011fini aktard\u0131.<\/p>\n<p style=\"font-weight: 300\">Daireye ba\u015fvuran her kad\u0131nla birebir g\u00f6r\u00fc\u015fme yap\u0131ld\u0131\u011f\u0131n\u0131, \u00f6ncelikle risk de\u011ferlendirmesi ger\u00e7ekle\u015ftirilerek g\u00fcvenli\u011finin sa\u011fland\u0131\u011f\u0131n\u0131 belirten Hasipo\u011flu, \u201cBirebir ba\u015fvurular\u0131n yan\u0131 s\u0131ra ALO 183 ihbar hatt\u0131 \u00fczerinden de kad\u0131na y\u00f6nelik \u015fiddet ihbarlar\u0131 al\u0131nmaktad\u0131r. 2018 y\u0131l\u0131ndan 2025 y\u0131l\u0131na kadar ge\u00e7en s\u00fcrede bu hatta toplam 315 \u015fiddet ihbar\u0131 ula\u015fm\u0131\u015f, her bir ihbar titizlikle de\u011ferlendirilmi\u015f ve gerekli sosyal hizmet m\u00fcdahaleleri ger\u00e7ekle\u015ftirilmi\u015ftir.\u201d dedi.<\/p>\n<p style=\"font-weight: 300\">-\u201c625 kad\u0131n adli yard\u0131m kapsam\u0131nda hukuki destekten yararland\u0131\u2026 333 kad\u0131n s\u0131\u011f\u0131nma evi talebiyle ba\u015fvurdu\u201d<\/p>\n<p style=\"font-weight: 300\">Kad\u0131nlar\u0131n adalete eri\u015fimini g\u00fc\u00e7lendirmek ve hukuki haklar\u0131n\u0131 kullanabilmelerini sa\u011flamak amac\u0131yla K\u0131br\u0131s T\u00fcrk Barolar Birli\u011fi ile y\u00fcr\u00fctt\u00fckleri adli yard\u0131m i\u015f birli\u011finin son derece \u00f6nemli bir mekanizma oldu\u011funu belirten Bakan Hasipo\u011flu, ekonomik g\u00fcc\u00fc yetersiz ve \u015fiddet ma\u011fduru kad\u0131nlara hukuki destek sa\u011flanmas\u0131n\u0131 ama\u00e7layan bu protokol kapsam\u0131nda Sosyal Hizmetler Dairesi taraf\u0131ndan sosyal tahkikat raporlar\u0131 haz\u0131rland\u0131\u011f\u0131n\u0131 ve kad\u0131nlar\u0131n hukuki s\u00fcre\u00e7lere eri\u015fiminin kolayla\u015ft\u0131r\u0131ld\u0131\u011f\u0131n\u0131 s\u00f6yledi.<\/p>\n<p style=\"font-weight: 300\">Hasipo\u011flu, protokol kapsam\u0131nda kad\u0131nlara; uzakla\u015ft\u0131rma emri al\u0131nmas\u0131, bo\u015fanma, velayet ve nafaka davalar\u0131n\u0131n yan\u0131 s\u0131ra 2025 y\u0131l\u0131nda kapsam\u0131 geni\u015fletilerek tan\u0131ma-tenfiz i\u015flemleri ile Evlilik D\u0131\u015f\u0131nda Do\u011fan \u00c7ocuklar Yasas\u0131 \u00e7er\u00e7evesinde de hukuki destek sa\u011flanmaya ba\u015fland\u0131\u011f\u0131n\u0131 da belirtti.<\/p>\n<p style=\"font-weight: 300\">Hasipo\u011flu, \u201cProjemizin ba\u015flang\u0131c\u0131ndan itibaren, 2025 y\u0131l\u0131n\u0131n sonuna kadar ge\u00e7en s\u00fcrede toplam 625 kad\u0131n adli yard\u0131m kapsam\u0131nda hukuki destekten yararlanm\u0131\u015ft\u0131r\u201d dedi.<\/p>\n<p style=\"font-weight: 300\">Bakan Hasipo\u011flu, ayn\u0131 d\u00f6nemde 333 kad\u0131n s\u0131\u011f\u0131nma evi talebiyle Sosyal Hizmetler Dairesi\u2019ne ba\u015fvurdu\u011funu ve g\u00fcvenli bir \u015fekilde yerle\u015ftirildi\u011fi bilgisini de payla\u015ft\u0131.<\/p>\n<p style=\"font-weight: 300\">-\u201cKad\u0131na Kar\u015f\u0131 \u015eiddetle M\u00fccadele Birimi\u2019ne 6959 kad\u0131n ba\u015fvurdu\u201d<\/p>\n<p style=\"font-weight: 300\">Bakan Hasipo\u011flu, Polis Genel M\u00fcd\u00fcrl\u00fc\u011f\u00fc b\u00fcnyesinde 2019 y\u0131l\u0131nda kurulan Kad\u0131na Kar\u015f\u0131 \u015eiddetle M\u00fccadele Birimi\u2019ne ise bug\u00fcne kadar 6959 kad\u0131n ba\u015fvuruda bulundu\u011funu a\u00e7\u0131klad\u0131.<\/p>\n<p style=\"font-weight: 300\">Hasipo\u011flu, \u201cBu veriler, kad\u0131na y\u00f6nelik \u015fiddetin toplumumuz a\u00e7\u0131s\u0131ndan ne kadar ciddi ve m\u00fccadele edilmesi gereken bir sorun oldu\u011funu a\u00e7\u0131k\u00e7a ortaya koymaktad\u0131r\u201d dedi.<\/p>\n<p style=\"font-weight: 300\">\u201cPolis kay\u0131tlar\u0131na g\u00f6re 2021-2025 y\u0131llar\u0131 aras\u0131nda kad\u0131na y\u00f6nelik \u015fiddet kapsam\u0131nda toplam 5005 \u015fikayet kay\u0131tlara ge\u00e7ti\u011fini\u201d belirten Bakan Hasipo\u011flu, bu d\u00f6nemde ya\u015fanan baz\u0131 su\u00e7 t\u00fcrlerinin \u015fu \u015fekilde oldu\u011funu kaydetti:<\/p>\n<p style=\"font-weight: 300\">\u201cDarp: 2135 vaka, telefonda tahkir edici arama ve mesaj: 372 vaka, \u015fiddet kullanma tehdidi: 360 vaka, rahats\u0131zl\u0131k: 322 vaka, elektronik haberle\u015fme yasas\u0131na ayk\u0131r\u0131 su\u00e7lar: 309 vaka, umumi yerde s\u00f6vme: 169 vaka, kasti hasar: 135 vaka, mahkeme emrine riayet etmemek: 118 vaka, \u00f6zel hayat\u0131n gizlili\u011fini ihlal: 71 vaka, m\u00fclke tecav\u00fcz: 72 vaka, vahim zarar: 41 vaka, cinsel tecav\u00fcz: 33 vaka, cinsel taciz: 58 vaka, cinsel sald\u0131r\u0131: 25 vaka, yaralama: 16 vaka, zorla insan ka\u00e7\u0131rma: 18 vaka ve cinayet: 2 vaka.\u201d<\/p>\n<p style=\"font-weight: 300\">Bakan, y\u0131llara g\u00f6re toplam \u015fik\u00e2yet say\u0131s\u0131na ili\u015fkin ise \u015fu verileri payla\u015ft\u0131: \u201c2021\u2019de 1065, 2022\u2019de 957 2023\u2019de 931, 2024\u2019te 1024 ve 2025\u2019te 1028.\u201d<\/p>\n<p style=\"font-weight: 300\">-\u201cBu rakamlar bize \u00e7ok a\u00e7\u0131k bir ger\u00e7e\u011fi g\u00f6stermektedir\u2026\u201d<\/p>\n<p style=\"font-weight: 300\">Bakan Hasipo\u011flu, \u201cBu rakamlar bize \u00e7ok a\u00e7\u0131k bir ger\u00e7e\u011fi g\u00f6stermektedir: Kad\u0131na y\u00f6nelik \u015fiddetle m\u00fccadele devletin b\u00fct\u00fcn kurumlar\u0131n\u0131n ve toplumun t\u00fcm kesimlerinin ortak sorumlulu\u011fudur.\u201d diyerek, \u201cBu nedenle kad\u0131na y\u00f6nelik \u015fiddetle m\u00fccadelede kamu kurumlar\u0131, sivil toplum \u00f6rg\u00fctleri, meslek birlikleri ve toplumun t\u00fcm kesimleri ile g\u00fc\u00e7l\u00fc i\u015f birlikleri kurmaya ve bu m\u00fccadeleyi kararl\u0131l\u0131kla s\u00fcrd\u00fcrmeye devam edece\u011fiz.<\/p>\n<p style=\"font-weight: 300\">\u00c7al\u0131\u015fma ve Sosyal G\u00fcvenlik Bakanl\u0131\u011f\u0131 olarak hedefimiz; kad\u0131nlar\u0131n kendilerini g\u00fcvende hissettikleri, haklar\u0131na eri\u015febildikleri ve toplumsal ya\u015fam\u0131n her alan\u0131nda e\u015fit \u015fekilde var olabildikleri bir toplum in\u015fa etmektir. Kad\u0131na y\u00f6nelik \u015fiddetin hi\u00e7bir t\u00fcr\u00fcn\u00fc kabul etmiyor, hi\u00e7bir kad\u0131n\u0131n kendini yaln\u0131z hissetmedi\u011fi bir sosyal destek sistemini g\u00fc\u00e7lendirmeye kararl\u0131l\u0131kla devam ediyoruz.\u201d ifadelerini kulland\u0131.<\/p>\n<p style=\"font-weight: 300\">Bakanl\u0131k olarak bir y\u0131l i\u00e7erisinde yap\u0131lan \u00e7al\u0131\u015fmalar\u0131n \u00f6zetini k\u0131sa bir video g\u00f6sterimiyle \u00f6zetlemeye \u00e7al\u0131\u015ft\u0131klar\u0131n\u0131 da belirten Hasipo\u011flu, \u201cBu anlamda, hayat\u0131n her alan\u0131nda eme\u011fi, \u00fcretimi ve katk\u0131s\u0131yla toplumumuzu ileriye ta\u015f\u0131yan t\u00fcm kad\u0131nlar\u0131n 8 Mart D\u00fcnya Emek\u00e7i Kad\u0131nlar G\u00fcn\u00fc vesilesiyle; \u015fiddetsiz, e\u015fit ve daha g\u00fc\u00e7l\u00fc bir toplum hedefiyle m\u00fccadelemizi kararl\u0131l\u0131kla s\u00fcrd\u00fcrece\u011fimizi bir kez daha vurgulamak istiyorum.&#8221; dedi.<\/p>\n<p>Hasipo\u011flu\u2019ndan 8 Mart D\u00fcnya Emek\u00e7i Kad\u0131nlar G\u00fcn\u00fc mesaj\u0131 yaz\u0131s\u0131 ilk \u00f6nce K\u0131br\u0131s Hakikat \u00fczerinde ortaya \u00e7\u0131kt\u0131.<\/p>\n","protected":false},"excerpt":{"rendered":"<p>Bakanl\u0131ktan yap\u0131lan a\u00e7\u0131klamaya g\u00f6re Hasipo\u011flu&#8217;nun mesaj\u0131nda, \u201c8 Mart D\u00fcnya Kad\u0131nlar G\u00fcn\u00fc, kad\u0131nlar\u0131n e\u015fitlik, adalet ve g\u00fcvenli bir ya\u015fam hakk\u0131 i\u00e7in verdikleri m\u00fccadelenin sembol\u00fc oldu\u011fu kadar, toplum olarak \u00fcstlenmemiz gereken sorumluluklar\u0131 da hat\u0131rlatan \u00f6nemli bir g\u00fcnd\u00fcr\u201d dedi. &#8211; \u00c7al\u0131\u015fan kad\u0131nlara i\u015f hayat\u0131nda prim destekleri\u2026 Kad\u0131nlar\u0131n \u00e7al\u0131\u015fma hayat\u0131ndaki yerinin, Bakanl\u0131\u011f\u0131n en \u00f6nemli konular\u0131ndan biri oldu\u011funu ifade eden [&hellip;]<\/p>\n","protected":false},"author":1,"featured_media":35078,"comment_status":"open","ping_status":"open","sticky":false,"template":"","format":"standard","meta":{"jnews-multi-image_gallery":[],"jnews_single_post":[],"jnews_primary_category":[],"footnotes":""},"categories":[1],"tags":[],"class_list":["post-35077","post","type-post","status-publish","format-standard","has-post-thumbnail","hentry","category-kibris"],"yoast_head":"<!-- This site is optimized with the Yoast SEO plugin v27.5 - https:\/\/yoast.com\/product\/yoast-seo-wordpress\/ -->\n<title>Hasipo\u011flu\u2019ndan 8 Mart D\u00fcnya Emek\u00e7i Kad\u0131nlar G\u00fcn\u00fc mesaj\u0131 - Haber Kuzey<\/title>\n<meta name=\"robots\" content=\"index, follow, max-snippet:-1, max-image-preview:large, max-video-preview:-1\" \/>\n<link rel=\"canonical\" href=\"https:\/\/haberkuzey.com\/index.php\/2026\/03\/07\/hasipoglundan-8-mart-dunya-emekci-kadinlar-gunu-mesaji\/\" \/>\n<meta property=\"og:locale\" content=\"tr_TR\" \/>\n<meta property=\"og:type\" content=\"article\" \/>\n<meta property=\"og:title\" content=\"Hasipo\u011flu\u2019ndan 8 Mart D\u00fcnya Emek\u00e7i Kad\u0131nlar G\u00fcn\u00fc mesaj\u0131 - Haber Kuzey\" \/>\n<meta property=\"og:description\" content=\"Bakanl\u0131ktan yap\u0131lan a\u00e7\u0131klamaya g\u00f6re Hasipo\u011flu&#8217;nun mesaj\u0131nda, \u201c8 Mart D\u00fcnya Kad\u0131nlar G\u00fcn\u00fc, kad\u0131nlar\u0131n e\u015fitlik, adalet ve g\u00fcvenli bir ya\u015fam hakk\u0131 i\u00e7in verdikleri m\u00fccadelenin sembol\u00fc oldu\u011fu kadar, toplum olarak \u00fcstlenmemiz gereken sorumluluklar\u0131 da hat\u0131rlatan \u00f6nemli bir g\u00fcnd\u00fcr\u201d dedi. &#8211; \u00c7al\u0131\u015fan kad\u0131nlara i\u015f hayat\u0131nda prim destekleri\u2026 Kad\u0131nlar\u0131n \u00e7al\u0131\u015fma hayat\u0131ndaki yerinin, Bakanl\u0131\u011f\u0131n en \u00f6nemli konular\u0131ndan biri oldu\u011funu ifade eden [&hellip;]\" \/>\n<meta property=\"og:url\" content=\"https:\/\/haberkuzey.com\/index.php\/2026\/03\/07\/hasipoglundan-8-mart-dunya-emekci-kadinlar-gunu-mesaji\/\" \/>\n<meta property=\"og:site_name\" content=\"Haber Kuzey\" \/>\n<meta property=\"article:published_time\" content=\"2026-03-07T15:34:56+00:00\" \/>\n<meta name=\"author\" content=\"haberkuzey\" \/>\n<meta name=\"twitter:card\" content=\"summary_large_image\" \/>\n<meta name=\"twitter:label1\" content=\"Yazan:\" \/>\n\t<meta name=\"twitter:data1\" content=\"haberkuzey\" \/>\n\t<meta name=\"twitter:label2\" content=\"Tahmini okuma s\u00fcresi\" \/>\n\t<meta name=\"twitter:data2\" content=\"6 dakika\" \/>\n<script type=\"application\/ld+json\" class=\"yoast-schema-graph\">{\"@context\":\"https:\\\/\\\/schema.org\",\"@graph\":[{\"@type\":\"Article\",\"@id\":\"https:\\\/\\\/haberkuzey.com\\\/index.php\\\/2026\\\/03\\\/07\\\/hasipoglundan-8-mart-dunya-emekci-kadinlar-gunu-mesaji\\\/#article\",\"isPartOf\":{\"@id\":\"https:\\\/\\\/haberkuzey.com\\\/index.php\\\/2026\\\/03\\\/07\\\/hasipoglundan-8-mart-dunya-emekci-kadinlar-gunu-mesaji\\\/\"},\"author\":{\"name\":\"haberkuzey\",\"@id\":\"https:\\\/\\\/haberkuzey.com\\\/#\\\/schema\\\/person\\\/3372109ec735f9333f4fa47ebb9605ca\"},\"headline\":\"Hasipo\u011flu\u2019ndan 8 Mart D\u00fcnya Emek\u00e7i Kad\u0131nlar G\u00fcn\u00fc mesaj\u0131\",\"datePublished\":\"2026-03-07T15:34:56+00:00\",\"mainEntityOfPage\":{\"@id\":\"https:\\\/\\\/haberkuzey.com\\\/index.php\\\/2026\\\/03\\\/07\\\/hasipoglundan-8-mart-dunya-emekci-kadinlar-gunu-mesaji\\\/\"},\"wordCount\":1179,\"commentCount\":0,\"image\":{\"@id\":\"https:\\\/\\\/haberkuzey.com\\\/index.php\\\/2026\\\/03\\\/07\\\/hasipoglundan-8-mart-dunya-emekci-kadinlar-gunu-mesaji\\\/#primaryimage\"},\"thumbnailUrl\":\"https:\\\/\\\/haberkuzey.com\\\/wp-content\\\/uploads\\\/2026\\\/03\\\/17728945997944621onkq57ok-oguzhan-hasipoglu.jpg\",\"articleSection\":[\"K\u0131br\u0131s\"],\"inLanguage\":\"tr\",\"potentialAction\":[{\"@type\":\"CommentAction\",\"name\":\"Comment\",\"target\":[\"https:\\\/\\\/haberkuzey.com\\\/index.php\\\/2026\\\/03\\\/07\\\/hasipoglundan-8-mart-dunya-emekci-kadinlar-gunu-mesaji\\\/#respond\"]}]},{\"@type\":\"WebPage\",\"@id\":\"https:\\\/\\\/haberkuzey.com\\\/index.php\\\/2026\\\/03\\\/07\\\/hasipoglundan-8-mart-dunya-emekci-kadinlar-gunu-mesaji\\\/\",\"url\":\"https:\\\/\\\/haberkuzey.com\\\/index.php\\\/2026\\\/03\\\/07\\\/hasipoglundan-8-mart-dunya-emekci-kadinlar-gunu-mesaji\\\/\",\"name\":\"Hasipo\u011flu\u2019ndan 8 Mart D\u00fcnya Emek\u00e7i Kad\u0131nlar G\u00fcn\u00fc mesaj\u0131 - Haber Kuzey\",\"isPartOf\":{\"@id\":\"https:\\\/\\\/haberkuzey.com\\\/#website\"},\"primaryImageOfPage\":{\"@id\":\"https:\\\/\\\/haberkuzey.com\\\/index.php\\\/2026\\\/03\\\/07\\\/hasipoglundan-8-mart-dunya-emekci-kadinlar-gunu-mesaji\\\/#primaryimage\"},\"image\":{\"@id\":\"https:\\\/\\\/haberkuzey.com\\\/index.php\\\/2026\\\/03\\\/07\\\/hasipoglundan-8-mart-dunya-emekci-kadinlar-gunu-mesaji\\\/#primaryimage\"},\"thumbnailUrl\":\"https:\\\/\\\/haberkuzey.com\\\/wp-content\\\/uploads\\\/2026\\\/03\\\/17728945997944621onkq57ok-oguzhan-hasipoglu.jpg\",\"datePublished\":\"2026-03-07T15:34:56+00:00\",\"author\":{\"@id\":\"https:\\\/\\\/haberkuzey.com\\\/#\\\/schema\\\/person\\\/3372109ec735f9333f4fa47ebb9605ca\"},\"breadcrumb\":{\"@id\":\"https:\\\/\\\/haberkuzey.com\\\/index.php\\\/2026\\\/03\\\/07\\\/hasipoglundan-8-mart-dunya-emekci-kadinlar-gunu-mesaji\\\/#breadcrumb\"},\"inLanguage\":\"tr\",\"potentialAction\":[{\"@type\":\"ReadAction\",\"target\":[\"https:\\\/\\\/haberkuzey.com\\\/index.php\\\/2026\\\/03\\\/07\\\/hasipoglundan-8-mart-dunya-emekci-kadinlar-gunu-mesaji\\\/\"]}]},{\"@type\":\"ImageObject\",\"inLanguage\":\"tr\",\"@id\":\"https:\\\/\\\/haberkuzey.com\\\/index.php\\\/2026\\\/03\\\/07\\\/hasipoglundan-8-mart-dunya-emekci-kadinlar-gunu-mesaji\\\/#primaryimage\",\"url\":\"https:\\\/\\\/haberkuzey.com\\\/wp-content\\\/uploads\\\/2026\\\/03\\\/17728945997944621onkq57ok-oguzhan-hasipoglu.jpg\",\"contentUrl\":\"https:\\\/\\\/haberkuzey.com\\\/wp-content\\\/uploads\\\/2026\\\/03\\\/17728945997944621onkq57ok-oguzhan-hasipoglu.jpg\",\"width\":720,\"height\":405},{\"@type\":\"BreadcrumbList\",\"@id\":\"https:\\\/\\\/haberkuzey.com\\\/index.php\\\/2026\\\/03\\\/07\\\/hasipoglundan-8-mart-dunya-emekci-kadinlar-gunu-mesaji\\\/#breadcrumb\",\"itemListElement\":[{\"@type\":\"ListItem\",\"position\":1,\"name\":\"Anasayfa\",\"item\":\"https:\\\/\\\/haberkuzey.com\\\/\"},{\"@type\":\"ListItem\",\"position\":2,\"name\":\"Hasipo\u011flu\u2019ndan 8 Mart D\u00fcnya Emek\u00e7i Kad\u0131nlar G\u00fcn\u00fc mesaj\u0131\"}]},{\"@type\":\"WebSite\",\"@id\":\"https:\\\/\\\/haberkuzey.com\\\/#website\",\"url\":\"https:\\\/\\\/haberkuzey.com\\\/\",\"name\":\"Haber Kuzey\",\"description\":\"Do\u011fru Haberin Adresi\",\"potentialAction\":[{\"@type\":\"SearchAction\",\"target\":{\"@type\":\"EntryPoint\",\"urlTemplate\":\"https:\\\/\\\/haberkuzey.com\\\/?s={search_term_string}\"},\"query-input\":{\"@type\":\"PropertyValueSpecification\",\"valueRequired\":true,\"valueName\":\"search_term_string\"}}],\"inLanguage\":\"tr\"},{\"@type\":\"Person\",\"@id\":\"https:\\\/\\\/haberkuzey.com\\\/#\\\/schema\\\/person\\\/3372109ec735f9333f4fa47ebb9605ca\",\"name\":\"haberkuzey\",\"image\":{\"@type\":\"ImageObject\",\"inLanguage\":\"tr\",\"@id\":\"https:\\\/\\\/secure.gravatar.com\\\/avatar\\\/f5fc875574b1575324358c3b9e6a32b8227aa5b74f3fa22e3cadb63e26fcc39c?s=96&d=mm&r=g\",\"url\":\"https:\\\/\\\/secure.gravatar.com\\\/avatar\\\/f5fc875574b1575324358c3b9e6a32b8227aa5b74f3fa22e3cadb63e26fcc39c?s=96&d=mm&r=g\",\"contentUrl\":\"https:\\\/\\\/secure.gravatar.com\\\/avatar\\\/f5fc875574b1575324358c3b9e6a32b8227aa5b74f3fa22e3cadb63e26fcc39c?s=96&d=mm&r=g\",\"caption\":\"haberkuzey\"},\"sameAs\":[\"https:\\\/\\\/haberkuzey.com\"],\"url\":\"https:\\\/\\\/haberkuzey.com\\\/index.php\\\/author\\\/haberkuzey\\\/\"}]}<\/script>\n<!-- \/ Yoast SEO plugin. -->","yoast_head_json":{"title":"Hasipo\u011flu\u2019ndan 8 Mart D\u00fcnya Emek\u00e7i Kad\u0131nlar G\u00fcn\u00fc mesaj\u0131 - Haber Kuzey","robots":{"index":"index","follow":"follow","max-snippet":"max-snippet:-1","max-image-preview":"max-image-preview:large","max-video-preview":"max-video-preview:-1"},"canonical":"https:\/\/haberkuzey.com\/index.php\/2026\/03\/07\/hasipoglundan-8-mart-dunya-emekci-kadinlar-gunu-mesaji\/","og_locale":"tr_TR","og_type":"article","og_title":"Hasipo\u011flu\u2019ndan 8 Mart D\u00fcnya Emek\u00e7i Kad\u0131nlar G\u00fcn\u00fc mesaj\u0131 - Haber Kuzey","og_description":"Bakanl\u0131ktan yap\u0131lan a\u00e7\u0131klamaya g\u00f6re Hasipo\u011flu&#8217;nun mesaj\u0131nda, \u201c8 Mart D\u00fcnya Kad\u0131nlar G\u00fcn\u00fc, kad\u0131nlar\u0131n e\u015fitlik, adalet ve g\u00fcvenli bir ya\u015fam hakk\u0131 i\u00e7in verdikleri m\u00fccadelenin sembol\u00fc oldu\u011fu kadar, toplum olarak \u00fcstlenmemiz gereken sorumluluklar\u0131 da hat\u0131rlatan \u00f6nemli bir g\u00fcnd\u00fcr\u201d dedi. &#8211; \u00c7al\u0131\u015fan kad\u0131nlara i\u015f hayat\u0131nda prim destekleri\u2026 Kad\u0131nlar\u0131n \u00e7al\u0131\u015fma hayat\u0131ndaki yerinin, Bakanl\u0131\u011f\u0131n en \u00f6nemli konular\u0131ndan biri oldu\u011funu ifade eden [&hellip;]","og_url":"https:\/\/haberkuzey.com\/index.php\/2026\/03\/07\/hasipoglundan-8-mart-dunya-emekci-kadinlar-gunu-mesaji\/","og_site_name":"Haber Kuzey","article_published_time":"2026-03-07T15:34:56+00:00","author":"haberkuzey","twitter_card":"summary_large_image","twitter_misc":{"Yazan:":"haberkuzey","Tahmini okuma s\u00fcresi":"6 dakika"},"schema":{"@context":"https:\/\/schema.org","@graph":[{"@type":"Article","@id":"https:\/\/haberkuzey.com\/index.php\/2026\/03\/07\/hasipoglundan-8-mart-dunya-emekci-kadinlar-gunu-mesaji\/#article","isPartOf":{"@id":"https:\/\/haberkuzey.com\/index.php\/2026\/03\/07\/hasipoglundan-8-mart-dunya-emekci-kadinlar-gunu-mesaji\/"},"author":{"name":"haberkuzey","@id":"https:\/\/haberkuzey.com\/#\/schema\/person\/3372109ec735f9333f4fa47ebb9605ca"},"headline":"Hasipo\u011flu\u2019ndan 8 Mart D\u00fcnya Emek\u00e7i Kad\u0131nlar G\u00fcn\u00fc mesaj\u0131","datePublished":"2026-03-07T15:34:56+00:00","mainEntityOfPage":{"@id":"https:\/\/haberkuzey.com\/index.php\/2026\/03\/07\/hasipoglundan-8-mart-dunya-emekci-kadinlar-gunu-mesaji\/"},"wordCount":1179,"commentCount":0,"image":{"@id":"https:\/\/haberkuzey.com\/index.php\/2026\/03\/07\/hasipoglundan-8-mart-dunya-emekci-kadinlar-gunu-mesaji\/#primaryimage"},"thumbnailUrl":"https:\/\/haberkuzey.com\/wp-content\/uploads\/2026\/03\/17728945997944621onkq57ok-oguzhan-hasipoglu.jpg","articleSection":["K\u0131br\u0131s"],"inLanguage":"tr","potentialAction":[{"@type":"CommentAction","name":"Comment","target":["https:\/\/haberkuzey.com\/index.php\/2026\/03\/07\/hasipoglundan-8-mart-dunya-emekci-kadinlar-gunu-mesaji\/#respond"]}]},{"@type":"WebPage","@id":"https:\/\/haberkuzey.com\/index.php\/2026\/03\/07\/hasipoglundan-8-mart-dunya-emekci-kadinlar-gunu-mesaji\/","url":"https:\/\/haberkuzey.com\/index.php\/2026\/03\/07\/hasipoglundan-8-mart-dunya-emekci-kadinlar-gunu-mesaji\/","name":"Hasipo\u011flu\u2019ndan 8 Mart D\u00fcnya Emek\u00e7i Kad\u0131nlar G\u00fcn\u00fc mesaj\u0131 - Haber Kuzey","isPartOf":{"@id":"https:\/\/haberkuzey.com\/#website"},"primaryImageOfPage":{"@id":"https:\/\/haberkuzey.com\/index.php\/2026\/03\/07\/hasipoglundan-8-mart-dunya-emekci-kadinlar-gunu-mesaji\/#primaryimage"},"image":{"@id":"https:\/\/haberkuzey.com\/index.php\/2026\/03\/07\/hasipoglundan-8-mart-dunya-emekci-kadinlar-gunu-mesaji\/#primaryimage"},"thumbnailUrl":"https:\/\/haberkuzey.com\/wp-content\/uploads\/2026\/03\/17728945997944621onkq57ok-oguzhan-hasipoglu.jpg","datePublished":"2026-03-07T15:34:56+00:00","author":{"@id":"https:\/\/haberkuzey.com\/#\/schema\/person\/3372109ec735f9333f4fa47ebb9605ca"},"breadcrumb":{"@id":"https:\/\/haberkuzey.com\/index.php\/2026\/03\/07\/hasipoglundan-8-mart-dunya-emekci-kadinlar-gunu-mesaji\/#breadcrumb"},"inLanguage":"tr","potentialAction":[{"@type":"ReadAction","target":["https:\/\/haberkuzey.com\/index.php\/2026\/03\/07\/hasipoglundan-8-mart-dunya-emekci-kadinlar-gunu-mesaji\/"]}]},{"@type":"ImageObject","inLanguage":"tr","@id":"https:\/\/haberkuzey.com\/index.php\/2026\/03\/07\/hasipoglundan-8-mart-dunya-emekci-kadinlar-gunu-mesaji\/#primaryimage","url":"https:\/\/haberkuzey.com\/wp-content\/uploads\/2026\/03\/17728945997944621onkq57ok-oguzhan-hasipoglu.jpg","contentUrl":"https:\/\/haberkuzey.com\/wp-content\/uploads\/2026\/03\/17728945997944621onkq57ok-oguzhan-hasipoglu.jpg","width":720,"height":405},{"@type":"BreadcrumbList","@id":"https:\/\/haberkuzey.com\/index.php\/2026\/03\/07\/hasipoglundan-8-mart-dunya-emekci-kadinlar-gunu-mesaji\/#breadcrumb","itemListElement":[{"@type":"ListItem","position":1,"name":"Anasayfa","item":"https:\/\/haberkuzey.com\/"},{"@type":"ListItem","position":2,"name":"Hasipo\u011flu\u2019ndan 8 Mart D\u00fcnya Emek\u00e7i Kad\u0131nlar G\u00fcn\u00fc mesaj\u0131"}]},{"@type":"WebSite","@id":"https:\/\/haberkuzey.com\/#website","url":"https:\/\/haberkuzey.com\/","name":"Haber Kuzey","description":"Do\u011fru Haberin Adresi","potentialAction":[{"@type":"SearchAction","target":{"@type":"EntryPoint","urlTemplate":"https:\/\/haberkuzey.com\/?s={search_term_string}"},"query-input":{"@type":"PropertyValueSpecification","valueRequired":true,"valueName":"search_term_string"}}],"inLanguage":"tr"},{"@type":"Person","@id":"https:\/\/haberkuzey.com\/#\/schema\/person\/3372109ec735f9333f4fa47ebb9605ca","name":"haberkuzey","image":{"@type":"ImageObject","inLanguage":"tr","@id":"https:\/\/secure.gravatar.com\/avatar\/f5fc875574b1575324358c3b9e6a32b8227aa5b74f3fa22e3cadb63e26fcc39c?s=96&d=mm&r=g","url":"https:\/\/secure.gravatar.com\/avatar\/f5fc875574b1575324358c3b9e6a32b8227aa5b74f3fa22e3cadb63e26fcc39c?s=96&d=mm&r=g","contentUrl":"https:\/\/secure.gravatar.com\/avatar\/f5fc875574b1575324358c3b9e6a32b8227aa5b74f3fa22e3cadb63e26fcc39c?s=96&d=mm&r=g","caption":"haberkuzey"},"sameAs":["https:\/\/haberkuzey.com"],"url":"https:\/\/haberkuzey.com\/index.php\/author\/haberkuzey\/"}]}},"_links":{"self":[{"href":"https:\/\/haberkuzey.com\/index.php\/wp-json\/wp\/v2\/posts\/35077","targetHints":{"allow":["GET"]}}],"collection":[{"href":"https:\/\/haberkuzey.com\/index.php\/wp-json\/wp\/v2\/posts"}],"about":[{"href":"https:\/\/haberkuzey.com\/index.php\/wp-json\/wp\/v2\/types\/post"}],"author":[{"embeddable":true,"href":"https:\/\/haberkuzey.com\/index.php\/wp-json\/wp\/v2\/users\/1"}],"replies":[{"embeddable":true,"href":"https:\/\/haberkuzey.com\/index.php\/wp-json\/wp\/v2\/comments?post=35077"}],"version-history":[{"count":0,"href":"https:\/\/haberkuzey.com\/index.php\/wp-json\/wp\/v2\/posts\/35077\/revisions"}],"wp:featuredmedia":[{"embeddable":true,"href":"https:\/\/haberkuzey.com\/index.php\/wp-json\/wp\/v2\/media\/35078"}],"wp:attachment":[{"href":"https:\/\/haberkuzey.com\/index.php\/wp-json\/wp\/v2\/media?parent=35077"}],"wp:term":[{"taxonomy":"category","embeddable":true,"href":"https:\/\/haberkuzey.com\/index.php\/wp-json\/wp\/v2\/categories?post=35077"},{"taxonomy":"post_tag","embeddable":true,"href":"https:\/\/haberkuzey.com\/index.php\/wp-json\/wp\/v2\/tags?post=35077"}],"curies":[{"name":"wp","href":"https:\/\/api.w.org\/{rel}","templated":true}]}}