{"id":35073,"date":"2026-03-07T15:42:14","date_gmt":"2026-03-07T13:42:14","guid":{"rendered":"https:\/\/haberkuzey.com\/index.php\/2026\/03\/07\/ltb-ve-kayad-is-birligiyle-kadinlarin-yasam-hikayeleri-evden-sahneye-tasindi\/"},"modified":"2026-03-07T15:42:14","modified_gmt":"2026-03-07T13:42:14","slug":"ltb-ve-kayad-is-birligiyle-kadinlarin-yasam-hikayeleri-evden-sahneye-tasindi","status":"publish","type":"post","link":"https:\/\/haberkuzey.com\/index.php\/2026\/03\/07\/ltb-ve-kayad-is-birligiyle-kadinlarin-yasam-hikayeleri-evden-sahneye-tasindi\/","title":{"rendered":"LTB ve KAYAD i\u015f birli\u011fiyle kad\u0131nlar\u0131n ya\u015fam hik\u00e2yeleri \u201cEv\u2019den Sahne\u2019ye\u201d ta\u015f\u0131nd\u0131"},"content":{"rendered":"<p style=\"font-weight: 300\">Belediyeden yap\u0131lan a\u00e7\u0131klamaya g\u00f6re G\u00fcl\u015fen Er\u00e7in ve Ezgi Bertiz\u2019in moderat\u00f6rl\u00fc\u011f\u00fcn\u00fc yapt\u0131\u011f\u0131 etkinli\u011fe LTB Ba\u015fkan\u0131 Mehmet Harmanc\u0131, KAYAD Ba\u015fkan\u0131 Meral Ak\u0131nc\u0131, KAYAD Asba\u015fkan\u0131 Minel \u00d6zen, baz\u0131 LTB Meclis \u00fcyeleri ve yurtta\u015flar kat\u0131ld\u0131.<\/p>\n<p style=\"font-weight: 300\">LTB Ba\u015fkan\u0131 Harmanc\u0131 yapt\u0131\u011f\u0131 konu\u015fmada \u201cBirbirinden \u00f6zel ve de\u011ferli, birbirinden \u00e7ok farkl\u0131 ama yine de g\u00f6r\u00fcnmez emek ve g\u00f6r\u00fcnmez m\u00fccadelede kesi\u015fen d\u00f6rt farkl\u0131 ya\u015fam \u00f6yk\u00fcs\u00fc dinledik. KAYAD\u2019a da bu binaya yeniden hayat verdi\u011fi, \u00f6zellikle kad\u0131nlara y\u00f6nelik \u00f6zg\u00fcr bir ya\u015fam alan\u0131na d\u00f6n\u00fc\u015ft\u00fcrd\u00fc\u011f\u00fc i\u00e7in, b\u00f6yle anlaml\u0131 bir etkinlikte de bizimle ortakla\u015ft\u0131\u011f\u0131 i\u00e7in te\u015fekk\u00fcr ederim.\u201d ifadelerini kulland\u0131.<\/p>\n<p style=\"font-weight: 300\">\u201cKad\u0131nlar\u0131n toplumumuzda ya\u015fad\u0131\u011f\u0131 toplumsal cinsiyet e\u015fitsizli\u011fi ve adaletsizli\u011fine dayal\u0131 zorluklar\u0131, bunlar\u0131 a\u015fmak i\u00e7in verdikleri g\u00f6r\u00fcnmez m\u00fccadeleyi ve hayat\u0131n her alan\u0131nda koyduklar\u0131 g\u00f6r\u00fcnmez eme\u011fi g\u00f6r\u00fcn\u00fcr k\u0131lmak ve bu zorluklara kar\u015f\u0131 toplumsal m\u00fccadeleyi g\u00fc\u00e7lendirmek hepimizin g\u00f6revi olmal\u0131.\u201d diyen Harmanc\u0131, bu bilin\u00e7le hareket etmeye,\u00a0 m\u00fccadeleye inanan herkesle ortakla\u015fmaya, dayan\u0131\u015fmaya devam edeceklerini s\u00f6yledi.<\/p>\n<p style=\"font-weight: 300\">KAYAD Asba\u015fkan\u0131 Minel \u00d6zen, Ya\u015fam Merkezi\u2019nin a\u00e7\u0131l\u0131\u015f\u0131ndan sonraki ilk b\u00fcy\u00fck etkinli\u011fini LTB ile i\u015f birli\u011fi i\u00e7inde yapman\u0131n mutlulu\u011fu i\u00e7inde olduklar\u0131n\u0131 ifade ederek, derne\u011fin 8 Mart D\u00fcnya Emek\u00e7i Kad\u0131nlar G\u00fcn\u00fc etkinlikleri \u00e7er\u00e7evesinde d\u00fczenledi\u011fi\u00a0 geceye kat\u0131lan kad\u0131nlara te\u015fekk\u00fcr etti.<\/p>\n<p style=\"font-weight: 300\">Toplumsal ya\u015fam\u0131n farkl\u0131 alanlar\u0131nda varl\u0131k g\u00f6steren kad\u0131nlar\u0131n deneyimlerini g\u00f6r\u00fcn\u00fcr k\u0131lmay\u0131 ama\u00e7layan etkinlikte g\u00fcndelik hayat\u0131n i\u00e7inde \u00fcreten, y\u00f6neten, emek veren ve m\u00fccadele eden G\u00fczelyurt\u2019ta muhtar Ayg\u00fcl Benekli, Lefko\u015fa\u2019da muhallebi \u00fcreticisi (muhallebici) Hatice A\u015f\u0131k, ev han\u0131m\u0131-el sanatlar\u0131 \u00fcreticisi, sivil toplum \u00f6rg\u00fct\u00fc y\u00f6neticisi ve aktivist Nermin \u015eanl\u0131da\u011f ile Lefke\u2019den aktivist-\u00fcretici Nazif H\u00fclya Kubilay, ya\u015fam hikayelerini anlatt\u0131lar.<\/p>\n<p style=\"font-weight: 300\">D\u00f6rt konu\u015fmac\u0131n\u0131n da ya\u015fam \u00f6yk\u00fclerini, kar\u015f\u0131la\u015ft\u0131klar\u0131 zorluklar\u0131, dayan\u0131\u015fma pratiklerini ve ki\u015fisel g\u00fc\u00e7lenme s\u00fcre\u00e7lerini kat\u0131l\u0131mc\u0131larla payla\u015farak kolektif bir haf\u0131za olu\u015fturan etkinlik, yerel y\u00f6netim ve sivil toplum i\u015f birli\u011finin toplumsal d\u00f6n\u00fc\u015f\u00fcmdeki rol\u00fcne dikkat \u00e7ekti.<\/p>\n<p>LTB ve KAYAD i\u015f birli\u011fiyle kad\u0131nlar\u0131n ya\u015fam hik\u00e2yeleri \u201cEv\u2019den Sahne\u2019ye\u201d ta\u015f\u0131nd\u0131 yaz\u0131s\u0131 ilk \u00f6nce K\u0131br\u0131s Hakikat \u00fczerinde ortaya \u00e7\u0131kt\u0131.<\/p>\n","protected":false},"excerpt":{"rendered":"<p>Belediyeden yap\u0131lan a\u00e7\u0131klamaya g\u00f6re G\u00fcl\u015fen Er\u00e7in ve Ezgi Bertiz\u2019in moderat\u00f6rl\u00fc\u011f\u00fcn\u00fc yapt\u0131\u011f\u0131 etkinli\u011fe LTB Ba\u015fkan\u0131 Mehmet Harmanc\u0131, KAYAD Ba\u015fkan\u0131 Meral Ak\u0131nc\u0131, KAYAD Asba\u015fkan\u0131 Minel \u00d6zen, baz\u0131 LTB Meclis \u00fcyeleri ve yurtta\u015flar kat\u0131ld\u0131. LTB Ba\u015fkan\u0131 Harmanc\u0131 yapt\u0131\u011f\u0131 konu\u015fmada \u201cBirbirinden \u00f6zel ve de\u011ferli, birbirinden \u00e7ok farkl\u0131 ama yine de g\u00f6r\u00fcnmez emek ve g\u00f6r\u00fcnmez m\u00fccadelede kesi\u015fen d\u00f6rt farkl\u0131 ya\u015fam [&hellip;]<\/p>\n","protected":false},"author":1,"featured_media":35074,"comment_status":"open","ping_status":"open","sticky":false,"template":"","format":"standard","meta":{"jnews-multi-image_gallery":[],"jnews_single_post":[],"jnews_primary_category":[],"footnotes":""},"categories":[1],"tags":[],"class_list":["post-35073","post","type-post","status-publish","format-standard","has-post-thumbnail","hentry","category-kibris"],"yoast_head":"<!-- This site is optimized with the Yoast SEO plugin v27.5 - https:\/\/yoast.com\/product\/yoast-seo-wordpress\/ -->\n<title>LTB ve KAYAD i\u015f birli\u011fiyle kad\u0131nlar\u0131n ya\u015fam hik\u00e2yeleri \u201cEv\u2019den Sahne\u2019ye\u201d ta\u015f\u0131nd\u0131 - Haber Kuzey<\/title>\n<meta name=\"robots\" content=\"index, follow, max-snippet:-1, max-image-preview:large, max-video-preview:-1\" \/>\n<link rel=\"canonical\" href=\"https:\/\/haberkuzey.com\/index.php\/2026\/03\/07\/ltb-ve-kayad-is-birligiyle-kadinlarin-yasam-hikayeleri-evden-sahneye-tasindi\/\" \/>\n<meta property=\"og:locale\" content=\"tr_TR\" \/>\n<meta property=\"og:type\" content=\"article\" \/>\n<meta property=\"og:title\" content=\"LTB ve KAYAD i\u015f birli\u011fiyle kad\u0131nlar\u0131n ya\u015fam hik\u00e2yeleri \u201cEv\u2019den Sahne\u2019ye\u201d ta\u015f\u0131nd\u0131 - Haber Kuzey\" \/>\n<meta property=\"og:description\" content=\"Belediyeden yap\u0131lan a\u00e7\u0131klamaya g\u00f6re G\u00fcl\u015fen Er\u00e7in ve Ezgi Bertiz\u2019in moderat\u00f6rl\u00fc\u011f\u00fcn\u00fc yapt\u0131\u011f\u0131 etkinli\u011fe LTB Ba\u015fkan\u0131 Mehmet Harmanc\u0131, KAYAD Ba\u015fkan\u0131 Meral Ak\u0131nc\u0131, KAYAD Asba\u015fkan\u0131 Minel \u00d6zen, baz\u0131 LTB Meclis \u00fcyeleri ve yurtta\u015flar kat\u0131ld\u0131. LTB Ba\u015fkan\u0131 Harmanc\u0131 yapt\u0131\u011f\u0131 konu\u015fmada \u201cBirbirinden \u00f6zel ve de\u011ferli, birbirinden \u00e7ok farkl\u0131 ama yine de g\u00f6r\u00fcnmez emek ve g\u00f6r\u00fcnmez m\u00fccadelede kesi\u015fen d\u00f6rt farkl\u0131 ya\u015fam [&hellip;]\" \/>\n<meta property=\"og:url\" content=\"https:\/\/haberkuzey.com\/index.php\/2026\/03\/07\/ltb-ve-kayad-is-birligiyle-kadinlarin-yasam-hikayeleri-evden-sahneye-tasindi\/\" \/>\n<meta property=\"og:site_name\" content=\"Haber Kuzey\" \/>\n<meta property=\"article:published_time\" content=\"2026-03-07T13:42:14+00:00\" \/>\n<meta name=\"author\" content=\"haberkuzey\" \/>\n<meta name=\"twitter:card\" content=\"summary_large_image\" \/>\n<meta name=\"twitter:label1\" content=\"Yazan:\" \/>\n\t<meta name=\"twitter:data1\" content=\"haberkuzey\" \/>\n\t<meta name=\"twitter:label2\" content=\"Tahmini okuma s\u00fcresi\" \/>\n\t<meta name=\"twitter:data2\" content=\"2 dakika\" \/>\n<script type=\"application\/ld+json\" class=\"yoast-schema-graph\">{\"@context\":\"https:\\\/\\\/schema.org\",\"@graph\":[{\"@type\":\"Article\",\"@id\":\"https:\\\/\\\/haberkuzey.com\\\/index.php\\\/2026\\\/03\\\/07\\\/ltb-ve-kayad-is-birligiyle-kadinlarin-yasam-hikayeleri-evden-sahneye-tasindi\\\/#article\",\"isPartOf\":{\"@id\":\"https:\\\/\\\/haberkuzey.com\\\/index.php\\\/2026\\\/03\\\/07\\\/ltb-ve-kayad-is-birligiyle-kadinlarin-yasam-hikayeleri-evden-sahneye-tasindi\\\/\"},\"author\":{\"name\":\"haberkuzey\",\"@id\":\"https:\\\/\\\/haberkuzey.com\\\/#\\\/schema\\\/person\\\/3372109ec735f9333f4fa47ebb9605ca\"},\"headline\":\"LTB ve KAYAD i\u015f birli\u011fiyle kad\u0131nlar\u0131n ya\u015fam hik\u00e2yeleri \u201cEv\u2019den Sahne\u2019ye\u201d ta\u015f\u0131nd\u0131\",\"datePublished\":\"2026-03-07T13:42:14+00:00\",\"mainEntityOfPage\":{\"@id\":\"https:\\\/\\\/haberkuzey.com\\\/index.php\\\/2026\\\/03\\\/07\\\/ltb-ve-kayad-is-birligiyle-kadinlarin-yasam-hikayeleri-evden-sahneye-tasindi\\\/\"},\"wordCount\":460,\"commentCount\":0,\"image\":{\"@id\":\"https:\\\/\\\/haberkuzey.com\\\/index.php\\\/2026\\\/03\\\/07\\\/ltb-ve-kayad-is-birligiyle-kadinlarin-yasam-hikayeleri-evden-sahneye-tasindi\\\/#primaryimage\"},\"thumbnailUrl\":\"https:\\\/\\\/haberkuzey.com\\\/wp-content\\\/uploads\\\/2026\\\/03\\\/1772879679986LTB-KAYAD-3.jpeg\",\"articleSection\":[\"K\u0131br\u0131s\"],\"inLanguage\":\"tr\",\"potentialAction\":[{\"@type\":\"CommentAction\",\"name\":\"Comment\",\"target\":[\"https:\\\/\\\/haberkuzey.com\\\/index.php\\\/2026\\\/03\\\/07\\\/ltb-ve-kayad-is-birligiyle-kadinlarin-yasam-hikayeleri-evden-sahneye-tasindi\\\/#respond\"]}]},{\"@type\":\"WebPage\",\"@id\":\"https:\\\/\\\/haberkuzey.com\\\/index.php\\\/2026\\\/03\\\/07\\\/ltb-ve-kayad-is-birligiyle-kadinlarin-yasam-hikayeleri-evden-sahneye-tasindi\\\/\",\"url\":\"https:\\\/\\\/haberkuzey.com\\\/index.php\\\/2026\\\/03\\\/07\\\/ltb-ve-kayad-is-birligiyle-kadinlarin-yasam-hikayeleri-evden-sahneye-tasindi\\\/\",\"name\":\"LTB ve KAYAD i\u015f birli\u011fiyle kad\u0131nlar\u0131n ya\u015fam hik\u00e2yeleri \u201cEv\u2019den Sahne\u2019ye\u201d ta\u015f\u0131nd\u0131 - Haber Kuzey\",\"isPartOf\":{\"@id\":\"https:\\\/\\\/haberkuzey.com\\\/#website\"},\"primaryImageOfPage\":{\"@id\":\"https:\\\/\\\/haberkuzey.com\\\/index.php\\\/2026\\\/03\\\/07\\\/ltb-ve-kayad-is-birligiyle-kadinlarin-yasam-hikayeleri-evden-sahneye-tasindi\\\/#primaryimage\"},\"image\":{\"@id\":\"https:\\\/\\\/haberkuzey.com\\\/index.php\\\/2026\\\/03\\\/07\\\/ltb-ve-kayad-is-birligiyle-kadinlarin-yasam-hikayeleri-evden-sahneye-tasindi\\\/#primaryimage\"},\"thumbnailUrl\":\"https:\\\/\\\/haberkuzey.com\\\/wp-content\\\/uploads\\\/2026\\\/03\\\/1772879679986LTB-KAYAD-3.jpeg\",\"datePublished\":\"2026-03-07T13:42:14+00:00\",\"author\":{\"@id\":\"https:\\\/\\\/haberkuzey.com\\\/#\\\/schema\\\/person\\\/3372109ec735f9333f4fa47ebb9605ca\"},\"breadcrumb\":{\"@id\":\"https:\\\/\\\/haberkuzey.com\\\/index.php\\\/2026\\\/03\\\/07\\\/ltb-ve-kayad-is-birligiyle-kadinlarin-yasam-hikayeleri-evden-sahneye-tasindi\\\/#breadcrumb\"},\"inLanguage\":\"tr\",\"potentialAction\":[{\"@type\":\"ReadAction\",\"target\":[\"https:\\\/\\\/haberkuzey.com\\\/index.php\\\/2026\\\/03\\\/07\\\/ltb-ve-kayad-is-birligiyle-kadinlarin-yasam-hikayeleri-evden-sahneye-tasindi\\\/\"]}]},{\"@type\":\"ImageObject\",\"inLanguage\":\"tr\",\"@id\":\"https:\\\/\\\/haberkuzey.com\\\/index.php\\\/2026\\\/03\\\/07\\\/ltb-ve-kayad-is-birligiyle-kadinlarin-yasam-hikayeleri-evden-sahneye-tasindi\\\/#primaryimage\",\"url\":\"https:\\\/\\\/haberkuzey.com\\\/wp-content\\\/uploads\\\/2026\\\/03\\\/1772879679986LTB-KAYAD-3.jpeg\",\"contentUrl\":\"https:\\\/\\\/haberkuzey.com\\\/wp-content\\\/uploads\\\/2026\\\/03\\\/1772879679986LTB-KAYAD-3.jpeg\",\"width\":1600,\"height\":1066},{\"@type\":\"BreadcrumbList\",\"@id\":\"https:\\\/\\\/haberkuzey.com\\\/index.php\\\/2026\\\/03\\\/07\\\/ltb-ve-kayad-is-birligiyle-kadinlarin-yasam-hikayeleri-evden-sahneye-tasindi\\\/#breadcrumb\",\"itemListElement\":[{\"@type\":\"ListItem\",\"position\":1,\"name\":\"Anasayfa\",\"item\":\"https:\\\/\\\/haberkuzey.com\\\/\"},{\"@type\":\"ListItem\",\"position\":2,\"name\":\"LTB ve KAYAD i\u015f birli\u011fiyle kad\u0131nlar\u0131n ya\u015fam hik\u00e2yeleri \u201cEv\u2019den Sahne\u2019ye\u201d ta\u015f\u0131nd\u0131\"}]},{\"@type\":\"WebSite\",\"@id\":\"https:\\\/\\\/haberkuzey.com\\\/#website\",\"url\":\"https:\\\/\\\/haberkuzey.com\\\/\",\"name\":\"Haber Kuzey\",\"description\":\"Do\u011fru Haberin Adresi\",\"potentialAction\":[{\"@type\":\"SearchAction\",\"target\":{\"@type\":\"EntryPoint\",\"urlTemplate\":\"https:\\\/\\\/haberkuzey.com\\\/?s={search_term_string}\"},\"query-input\":{\"@type\":\"PropertyValueSpecification\",\"valueRequired\":true,\"valueName\":\"search_term_string\"}}],\"inLanguage\":\"tr\"},{\"@type\":\"Person\",\"@id\":\"https:\\\/\\\/haberkuzey.com\\\/#\\\/schema\\\/person\\\/3372109ec735f9333f4fa47ebb9605ca\",\"name\":\"haberkuzey\",\"image\":{\"@type\":\"ImageObject\",\"inLanguage\":\"tr\",\"@id\":\"https:\\\/\\\/secure.gravatar.com\\\/avatar\\\/f5fc875574b1575324358c3b9e6a32b8227aa5b74f3fa22e3cadb63e26fcc39c?s=96&d=mm&r=g\",\"url\":\"https:\\\/\\\/secure.gravatar.com\\\/avatar\\\/f5fc875574b1575324358c3b9e6a32b8227aa5b74f3fa22e3cadb63e26fcc39c?s=96&d=mm&r=g\",\"contentUrl\":\"https:\\\/\\\/secure.gravatar.com\\\/avatar\\\/f5fc875574b1575324358c3b9e6a32b8227aa5b74f3fa22e3cadb63e26fcc39c?s=96&d=mm&r=g\",\"caption\":\"haberkuzey\"},\"sameAs\":[\"https:\\\/\\\/haberkuzey.com\"],\"url\":\"https:\\\/\\\/haberkuzey.com\\\/index.php\\\/author\\\/haberkuzey\\\/\"}]}<\/script>\n<!-- \/ Yoast SEO plugin. -->","yoast_head_json":{"title":"LTB ve KAYAD i\u015f birli\u011fiyle kad\u0131nlar\u0131n ya\u015fam hik\u00e2yeleri \u201cEv\u2019den Sahne\u2019ye\u201d ta\u015f\u0131nd\u0131 - Haber Kuzey","robots":{"index":"index","follow":"follow","max-snippet":"max-snippet:-1","max-image-preview":"max-image-preview:large","max-video-preview":"max-video-preview:-1"},"canonical":"https:\/\/haberkuzey.com\/index.php\/2026\/03\/07\/ltb-ve-kayad-is-birligiyle-kadinlarin-yasam-hikayeleri-evden-sahneye-tasindi\/","og_locale":"tr_TR","og_type":"article","og_title":"LTB ve KAYAD i\u015f birli\u011fiyle kad\u0131nlar\u0131n ya\u015fam hik\u00e2yeleri \u201cEv\u2019den Sahne\u2019ye\u201d ta\u015f\u0131nd\u0131 - Haber Kuzey","og_description":"Belediyeden yap\u0131lan a\u00e7\u0131klamaya g\u00f6re G\u00fcl\u015fen Er\u00e7in ve Ezgi Bertiz\u2019in moderat\u00f6rl\u00fc\u011f\u00fcn\u00fc yapt\u0131\u011f\u0131 etkinli\u011fe LTB Ba\u015fkan\u0131 Mehmet Harmanc\u0131, KAYAD Ba\u015fkan\u0131 Meral Ak\u0131nc\u0131, KAYAD Asba\u015fkan\u0131 Minel \u00d6zen, baz\u0131 LTB Meclis \u00fcyeleri ve yurtta\u015flar kat\u0131ld\u0131. LTB Ba\u015fkan\u0131 Harmanc\u0131 yapt\u0131\u011f\u0131 konu\u015fmada \u201cBirbirinden \u00f6zel ve de\u011ferli, birbirinden \u00e7ok farkl\u0131 ama yine de g\u00f6r\u00fcnmez emek ve g\u00f6r\u00fcnmez m\u00fccadelede kesi\u015fen d\u00f6rt farkl\u0131 ya\u015fam [&hellip;]","og_url":"https:\/\/haberkuzey.com\/index.php\/2026\/03\/07\/ltb-ve-kayad-is-birligiyle-kadinlarin-yasam-hikayeleri-evden-sahneye-tasindi\/","og_site_name":"Haber Kuzey","article_published_time":"2026-03-07T13:42:14+00:00","author":"haberkuzey","twitter_card":"summary_large_image","twitter_misc":{"Yazan:":"haberkuzey","Tahmini okuma s\u00fcresi":"2 dakika"},"schema":{"@context":"https:\/\/schema.org","@graph":[{"@type":"Article","@id":"https:\/\/haberkuzey.com\/index.php\/2026\/03\/07\/ltb-ve-kayad-is-birligiyle-kadinlarin-yasam-hikayeleri-evden-sahneye-tasindi\/#article","isPartOf":{"@id":"https:\/\/haberkuzey.com\/index.php\/2026\/03\/07\/ltb-ve-kayad-is-birligiyle-kadinlarin-yasam-hikayeleri-evden-sahneye-tasindi\/"},"author":{"name":"haberkuzey","@id":"https:\/\/haberkuzey.com\/#\/schema\/person\/3372109ec735f9333f4fa47ebb9605ca"},"headline":"LTB ve KAYAD i\u015f birli\u011fiyle kad\u0131nlar\u0131n ya\u015fam hik\u00e2yeleri \u201cEv\u2019den Sahne\u2019ye\u201d ta\u015f\u0131nd\u0131","datePublished":"2026-03-07T13:42:14+00:00","mainEntityOfPage":{"@id":"https:\/\/haberkuzey.com\/index.php\/2026\/03\/07\/ltb-ve-kayad-is-birligiyle-kadinlarin-yasam-hikayeleri-evden-sahneye-tasindi\/"},"wordCount":460,"commentCount":0,"image":{"@id":"https:\/\/haberkuzey.com\/index.php\/2026\/03\/07\/ltb-ve-kayad-is-birligiyle-kadinlarin-yasam-hikayeleri-evden-sahneye-tasindi\/#primaryimage"},"thumbnailUrl":"https:\/\/haberkuzey.com\/wp-content\/uploads\/2026\/03\/1772879679986LTB-KAYAD-3.jpeg","articleSection":["K\u0131br\u0131s"],"inLanguage":"tr","potentialAction":[{"@type":"CommentAction","name":"Comment","target":["https:\/\/haberkuzey.com\/index.php\/2026\/03\/07\/ltb-ve-kayad-is-birligiyle-kadinlarin-yasam-hikayeleri-evden-sahneye-tasindi\/#respond"]}]},{"@type":"WebPage","@id":"https:\/\/haberkuzey.com\/index.php\/2026\/03\/07\/ltb-ve-kayad-is-birligiyle-kadinlarin-yasam-hikayeleri-evden-sahneye-tasindi\/","url":"https:\/\/haberkuzey.com\/index.php\/2026\/03\/07\/ltb-ve-kayad-is-birligiyle-kadinlarin-yasam-hikayeleri-evden-sahneye-tasindi\/","name":"LTB ve KAYAD i\u015f birli\u011fiyle kad\u0131nlar\u0131n ya\u015fam hik\u00e2yeleri \u201cEv\u2019den Sahne\u2019ye\u201d ta\u015f\u0131nd\u0131 - Haber Kuzey","isPartOf":{"@id":"https:\/\/haberkuzey.com\/#website"},"primaryImageOfPage":{"@id":"https:\/\/haberkuzey.com\/index.php\/2026\/03\/07\/ltb-ve-kayad-is-birligiyle-kadinlarin-yasam-hikayeleri-evden-sahneye-tasindi\/#primaryimage"},"image":{"@id":"https:\/\/haberkuzey.com\/index.php\/2026\/03\/07\/ltb-ve-kayad-is-birligiyle-kadinlarin-yasam-hikayeleri-evden-sahneye-tasindi\/#primaryimage"},"thumbnailUrl":"https:\/\/haberkuzey.com\/wp-content\/uploads\/2026\/03\/1772879679986LTB-KAYAD-3.jpeg","datePublished":"2026-03-07T13:42:14+00:00","author":{"@id":"https:\/\/haberkuzey.com\/#\/schema\/person\/3372109ec735f9333f4fa47ebb9605ca"},"breadcrumb":{"@id":"https:\/\/haberkuzey.com\/index.php\/2026\/03\/07\/ltb-ve-kayad-is-birligiyle-kadinlarin-yasam-hikayeleri-evden-sahneye-tasindi\/#breadcrumb"},"inLanguage":"tr","potentialAction":[{"@type":"ReadAction","target":["https:\/\/haberkuzey.com\/index.php\/2026\/03\/07\/ltb-ve-kayad-is-birligiyle-kadinlarin-yasam-hikayeleri-evden-sahneye-tasindi\/"]}]},{"@type":"ImageObject","inLanguage":"tr","@id":"https:\/\/haberkuzey.com\/index.php\/2026\/03\/07\/ltb-ve-kayad-is-birligiyle-kadinlarin-yasam-hikayeleri-evden-sahneye-tasindi\/#primaryimage","url":"https:\/\/haberkuzey.com\/wp-content\/uploads\/2026\/03\/1772879679986LTB-KAYAD-3.jpeg","contentUrl":"https:\/\/haberkuzey.com\/wp-content\/uploads\/2026\/03\/1772879679986LTB-KAYAD-3.jpeg","width":1600,"height":1066},{"@type":"BreadcrumbList","@id":"https:\/\/haberkuzey.com\/index.php\/2026\/03\/07\/ltb-ve-kayad-is-birligiyle-kadinlarin-yasam-hikayeleri-evden-sahneye-tasindi\/#breadcrumb","itemListElement":[{"@type":"ListItem","position":1,"name":"Anasayfa","item":"https:\/\/haberkuzey.com\/"},{"@type":"ListItem","position":2,"name":"LTB ve KAYAD i\u015f birli\u011fiyle kad\u0131nlar\u0131n ya\u015fam hik\u00e2yeleri \u201cEv\u2019den Sahne\u2019ye\u201d ta\u015f\u0131nd\u0131"}]},{"@type":"WebSite","@id":"https:\/\/haberkuzey.com\/#website","url":"https:\/\/haberkuzey.com\/","name":"Haber Kuzey","description":"Do\u011fru Haberin Adresi","potentialAction":[{"@type":"SearchAction","target":{"@type":"EntryPoint","urlTemplate":"https:\/\/haberkuzey.com\/?s={search_term_string}"},"query-input":{"@type":"PropertyValueSpecification","valueRequired":true,"valueName":"search_term_string"}}],"inLanguage":"tr"},{"@type":"Person","@id":"https:\/\/haberkuzey.com\/#\/schema\/person\/3372109ec735f9333f4fa47ebb9605ca","name":"haberkuzey","image":{"@type":"ImageObject","inLanguage":"tr","@id":"https:\/\/secure.gravatar.com\/avatar\/f5fc875574b1575324358c3b9e6a32b8227aa5b74f3fa22e3cadb63e26fcc39c?s=96&d=mm&r=g","url":"https:\/\/secure.gravatar.com\/avatar\/f5fc875574b1575324358c3b9e6a32b8227aa5b74f3fa22e3cadb63e26fcc39c?s=96&d=mm&r=g","contentUrl":"https:\/\/secure.gravatar.com\/avatar\/f5fc875574b1575324358c3b9e6a32b8227aa5b74f3fa22e3cadb63e26fcc39c?s=96&d=mm&r=g","caption":"haberkuzey"},"sameAs":["https:\/\/haberkuzey.com"],"url":"https:\/\/haberkuzey.com\/index.php\/author\/haberkuzey\/"}]}},"_links":{"self":[{"href":"https:\/\/haberkuzey.com\/index.php\/wp-json\/wp\/v2\/posts\/35073","targetHints":{"allow":["GET"]}}],"collection":[{"href":"https:\/\/haberkuzey.com\/index.php\/wp-json\/wp\/v2\/posts"}],"about":[{"href":"https:\/\/haberkuzey.com\/index.php\/wp-json\/wp\/v2\/types\/post"}],"author":[{"embeddable":true,"href":"https:\/\/haberkuzey.com\/index.php\/wp-json\/wp\/v2\/users\/1"}],"replies":[{"embeddable":true,"href":"https:\/\/haberkuzey.com\/index.php\/wp-json\/wp\/v2\/comments?post=35073"}],"version-history":[{"count":0,"href":"https:\/\/haberkuzey.com\/index.php\/wp-json\/wp\/v2\/posts\/35073\/revisions"}],"wp:featuredmedia":[{"embeddable":true,"href":"https:\/\/haberkuzey.com\/index.php\/wp-json\/wp\/v2\/media\/35074"}],"wp:attachment":[{"href":"https:\/\/haberkuzey.com\/index.php\/wp-json\/wp\/v2\/media?parent=35073"}],"wp:term":[{"taxonomy":"category","embeddable":true,"href":"https:\/\/haberkuzey.com\/index.php\/wp-json\/wp\/v2\/categories?post=35073"},{"taxonomy":"post_tag","embeddable":true,"href":"https:\/\/haberkuzey.com\/index.php\/wp-json\/wp\/v2\/tags?post=35073"}],"curies":[{"name":"wp","href":"https:\/\/api.w.org\/{rel}","templated":true}]}}