{"id":35071,"date":"2026-03-07T15:36:06","date_gmt":"2026-03-07T13:36:06","guid":{"rendered":"https:\/\/haberkuzey.com\/index.php\/2026\/03\/07\/nilden-bektas-erhurman-kadin-sagligi-ve-okuryazarligi-paneline-katildi\/"},"modified":"2026-03-07T15:36:06","modified_gmt":"2026-03-07T13:36:06","slug":"nilden-bektas-erhurman-kadin-sagligi-ve-okuryazarligi-paneline-katildi","status":"publish","type":"post","link":"https:\/\/haberkuzey.com\/index.php\/2026\/03\/07\/nilden-bektas-erhurman-kadin-sagligi-ve-okuryazarligi-paneline-katildi\/","title":{"rendered":"Nilden Bekta\u015f Erh\u00fcrman \u201cKad\u0131n Sa\u011fl\u0131\u011f\u0131 ve Okuryazarl\u0131\u011f\u0131 Paneli\u201dne kat\u0131ld\u0131"},"content":{"rendered":"<p style=\"font-weight: 300\">Cumhurba\u015fkanl\u0131\u011f\u0131ndan verilen bilgiye g\u00f6re, panelde bir konu\u015fma yapan Erh\u00fcrman, etkinli\u011fin d\u00fczenlenmesinde eme\u011fi ge\u00e7enlere te\u015fekk\u00fcr ederek kat\u0131l\u0131mc\u0131lar\u0131 sevgi ve sayg\u0131yla selamlad\u0131. Kad\u0131nlar G\u00fcn\u00fc dolay\u0131s\u0131yla hafta boyunca bir\u00e7ok kad\u0131nla bir araya geldiklerini belirten Erh\u00fcrman, kad\u0131nlar\u0131n toplum i\u00e7inde kar\u015f\u0131la\u015ft\u0131klar\u0131 sorunlara ve bu sorunlara kar\u015f\u0131 verdikleri m\u00fccadeleye dikkat \u00e7ekti.<\/p>\n<p style=\"font-weight: 300\">8 Mart\u2019\u0131n bir m\u00fccadele ve anma g\u00fcn\u00fc oldu\u011funu vurgulayan Erh\u00fcrman, dokuma fabrikas\u0131nda emek m\u00fccadelesi verirken hayat\u0131n\u0131 kaybeden kad\u0131n i\u015f\u00e7ileri sayg\u0131yla and\u0131\u011f\u0131n\u0131 ifade etti. Erh\u00fcrman, ge\u00e7mi\u015fte kad\u0131n i\u015f\u00e7ilerin yakt\u0131\u011f\u0131 m\u00fccadele ate\u015finin, bug\u00fcn de d\u00fcnyay\u0131 ayd\u0131nlatmaya devam etti\u011fini s\u00f6yledi.<\/p>\n<p style=\"font-weight: 300\">Kad\u0131nlar\u0131n y\u00fcr\u00fctt\u00fc\u011f\u00fc m\u00fccadelenin \u00f6nemli bir ba\u015far\u0131 \u00f6rne\u011fi oldu\u011funu kaydeden Erh\u00fcrman, her ba\u015far\u0131n\u0131n kutlanmay\u0131 hak etti\u011fini belirterek t\u00fcm kad\u0131nlar\u0131n Kad\u0131nlar G\u00fcn\u00fc\u2019n\u00fc kutlad\u0131.<\/p>\n<p style=\"font-weight: 300\">Kad\u0131n-erkek e\u015fitli\u011fi ve kad\u0131n\u0131n toplumdaki g\u00f6r\u00fcn\u00fcrl\u00fc\u011f\u00fcn\u00fcn h\u00e2l\u00e2 tart\u0131\u015f\u0131lan bir konu oldu\u011funa i\u015faret eden Erh\u00fcrman, bunun yaln\u0131zca bir \u201ckad\u0131n sorunu\u201d olarak de\u011ferlendirilmemesi gerekti\u011fini s\u00f6yledi. Erh\u00fcrman, refah bir toplum i\u00e7in kad\u0131n\u0131n toplumsal ya\u015famda aktif rol \u00fcstlenmesinin b\u00fcy\u00fck \u00f6nem ta\u015f\u0131d\u0131\u011f\u0131n\u0131 vurgulad\u0131.<\/p>\n<p style=\"font-weight: 300\">Erh\u00fcrman konu\u015fmas\u0131nda kad\u0131nlar\u0131n \u00fczerindeki sorumluluklara da de\u011findi.<\/p>\n<p style=\"font-weight: 300\">Konu\u015fmas\u0131n\u0131n sonunda panelde ele al\u0131nan konular\u0131n toplumun her kesimine dokunan ba\u015fl\u0131klar oldu\u011funu vurgulayan Erh\u00fcrman, kad\u0131n-erkek e\u015fitli\u011finin g\u00fc\u00e7lendirilmesi ve kad\u0131nlara verilen deste\u011fin art\u0131r\u0131lmas\u0131n\u0131n \u00f6nemine dikkat \u00e7ekerek etkinli\u011fe katk\u0131 koyan herkese te\u015fekk\u00fcr etti.<\/p>\n<p style=\"font-weight: 300\">CTP Genel Ba\u015fkan\u0131 S\u0131la Usar \u0130ncirli ise kad\u0131n dayan\u0131\u015fmas\u0131n\u0131n bir \u00f6rne\u011finin etkinlikte \u00a0sergilendi\u011fini belirterek, \u00a0kad\u0131n\u0131n g\u00fcc\u00fcn\u00fc vurgulad\u0131. \u00dclkenin d\u00f6n\u00fc\u015fmesi, tam \u00f6zg\u00fcrl\u00fck ve e\u015fitlik ad\u0131na en \u00e7ok \u00e7al\u0131\u015fan\u0131n kad\u0131nlar oldu\u011funu ifade eden \u0130ncirli, \u00a0anlaml\u0131 etkinli\u011fi d\u00fczenleyenlere te\u015fekk\u00fcr etti.<\/p>\n<p style=\"font-weight: 300\">Panelde, CTP Kad\u0131n \u00d6rg\u00fct\u00fc Ba\u015fkan\u0131, Lefko\u015fa Milletvekili Do\u011fu\u015f Derya da konu\u015fmas\u0131nda, i\u00e7erisinde ge\u00e7ilen \u00a0zor d\u00f6nemlerde anlaml\u0131 etkinlikte bir araya gelmenin \u00f6nemine vurgu yapt\u0131 ve bu zor s\u00fcre\u00e7te en b\u00fcy\u00fck ma\u011fduriyeti kad\u0131nlar\u0131n ya\u015fad\u0131\u011f\u0131n\u0131 ifade etti.<\/p>\n<p style=\"font-weight: 300\">\u00a0D\u00fcnyan\u0131n y\u00fck\u00fcn\u00fcn hep kad\u0131nlar\u0131 omuzlar\u0131nda oldu\u011funu ifade eden Derya, belediye ba\u015fkanlar\u0131 ile i\u015f birli\u011fi i\u00e7erisinde \u00e7al\u0131\u015farak\u00a0 \u015fiddeti \u00f6nleme dayan\u0131\u015fma merkezlerini kurulmas\u0131na ad\u0131m att\u0131klar\u0131n\u0131 ifade etti.<\/p>\n<p style=\"font-weight: 300\">CTP Kad\u0131n \u00d6rg\u00fct\u00fc \u0130skele \u0130l\u00e7e Ba\u015fkan\u0131 Dudu K\u0131l\u0131n\u00e7 Cumao\u011fullar\u0131 ise konu\u015fmas\u0131nda, 8 Mart&#8217;\u0131n kad\u0131nlar\u0131n eme\u011finin, m\u00fccadelelerinin ve\u00a0 toplumdaki vazge\u00e7ilmez yerlerinin anla\u015f\u0131ld\u0131\u011f\u0131 anlaml\u0131 bir g\u00fcn oldu\u011funu ifade etti.<\/p>\n<p style=\"font-weight: 300\">Panelin, kad\u0131n dayan\u0131\u015fmas\u0131n\u0131n g\u00fczel bir \u00f6rne\u011fi oldu\u011funu dile getiren Cumao\u011fullar\u0131, katk\u0131 koyan dayan\u0131\u015fma i\u00e7inde hareket eden herkese te\u015fekk\u00fcr etti.<\/p>\n<p>Nilden Bekta\u015f Erh\u00fcrman \u201cKad\u0131n Sa\u011fl\u0131\u011f\u0131 ve Okuryazarl\u0131\u011f\u0131 Paneli\u201dne kat\u0131ld\u0131 yaz\u0131s\u0131 ilk \u00f6nce K\u0131br\u0131s Hakikat \u00fczerinde ortaya \u00e7\u0131kt\u0131.<\/p>\n","protected":false},"excerpt":{"rendered":"<p>Cumhurba\u015fkanl\u0131\u011f\u0131ndan verilen bilgiye g\u00f6re, panelde bir konu\u015fma yapan Erh\u00fcrman, etkinli\u011fin d\u00fczenlenmesinde eme\u011fi ge\u00e7enlere te\u015fekk\u00fcr ederek kat\u0131l\u0131mc\u0131lar\u0131 sevgi ve sayg\u0131yla selamlad\u0131. Kad\u0131nlar G\u00fcn\u00fc dolay\u0131s\u0131yla hafta boyunca bir\u00e7ok kad\u0131nla bir araya geldiklerini belirten Erh\u00fcrman, kad\u0131nlar\u0131n toplum i\u00e7inde kar\u015f\u0131la\u015ft\u0131klar\u0131 sorunlara ve bu sorunlara kar\u015f\u0131 verdikleri m\u00fccadeleye dikkat \u00e7ekti. 8 Mart\u2019\u0131n bir m\u00fccadele ve anma g\u00fcn\u00fc oldu\u011funu vurgulayan Erh\u00fcrman, [&hellip;]<\/p>\n","protected":false},"author":1,"featured_media":35072,"comment_status":"open","ping_status":"open","sticky":false,"template":"","format":"standard","meta":{"jnews-multi-image_gallery":[],"jnews_single_post":[],"jnews_primary_category":[],"footnotes":""},"categories":[1],"tags":[],"class_list":["post-35071","post","type-post","status-publish","format-standard","has-post-thumbnail","hentry","category-kibris"],"yoast_head":"<!-- This site is optimized with the Yoast SEO plugin v27.5 - https:\/\/yoast.com\/product\/yoast-seo-wordpress\/ -->\n<title>Nilden Bekta\u015f Erh\u00fcrman \u201cKad\u0131n Sa\u011fl\u0131\u011f\u0131 ve Okuryazarl\u0131\u011f\u0131 Paneli\u201dne kat\u0131ld\u0131 - Haber Kuzey<\/title>\n<meta name=\"robots\" content=\"index, follow, max-snippet:-1, max-image-preview:large, max-video-preview:-1\" \/>\n<link rel=\"canonical\" href=\"https:\/\/haberkuzey.com\/index.php\/2026\/03\/07\/nilden-bektas-erhurman-kadin-sagligi-ve-okuryazarligi-paneline-katildi\/\" \/>\n<meta property=\"og:locale\" content=\"tr_TR\" \/>\n<meta property=\"og:type\" content=\"article\" \/>\n<meta property=\"og:title\" content=\"Nilden Bekta\u015f Erh\u00fcrman \u201cKad\u0131n Sa\u011fl\u0131\u011f\u0131 ve Okuryazarl\u0131\u011f\u0131 Paneli\u201dne kat\u0131ld\u0131 - Haber Kuzey\" \/>\n<meta property=\"og:description\" content=\"Cumhurba\u015fkanl\u0131\u011f\u0131ndan verilen bilgiye g\u00f6re, panelde bir konu\u015fma yapan Erh\u00fcrman, etkinli\u011fin d\u00fczenlenmesinde eme\u011fi ge\u00e7enlere te\u015fekk\u00fcr ederek kat\u0131l\u0131mc\u0131lar\u0131 sevgi ve sayg\u0131yla selamlad\u0131. Kad\u0131nlar G\u00fcn\u00fc dolay\u0131s\u0131yla hafta boyunca bir\u00e7ok kad\u0131nla bir araya geldiklerini belirten Erh\u00fcrman, kad\u0131nlar\u0131n toplum i\u00e7inde kar\u015f\u0131la\u015ft\u0131klar\u0131 sorunlara ve bu sorunlara kar\u015f\u0131 verdikleri m\u00fccadeleye dikkat \u00e7ekti. 8 Mart\u2019\u0131n bir m\u00fccadele ve anma g\u00fcn\u00fc oldu\u011funu vurgulayan Erh\u00fcrman, [&hellip;]\" \/>\n<meta property=\"og:url\" content=\"https:\/\/haberkuzey.com\/index.php\/2026\/03\/07\/nilden-bektas-erhurman-kadin-sagligi-ve-okuryazarligi-paneline-katildi\/\" \/>\n<meta property=\"og:site_name\" content=\"Haber Kuzey\" \/>\n<meta property=\"article:published_time\" content=\"2026-03-07T13:36:06+00:00\" \/>\n<meta name=\"author\" content=\"haberkuzey\" \/>\n<meta name=\"twitter:card\" content=\"summary_large_image\" \/>\n<meta name=\"twitter:label1\" content=\"Yazan:\" \/>\n\t<meta name=\"twitter:data1\" content=\"haberkuzey\" \/>\n\t<meta name=\"twitter:label2\" content=\"Tahmini okuma s\u00fcresi\" \/>\n\t<meta name=\"twitter:data2\" content=\"3 dakika\" \/>\n<script type=\"application\/ld+json\" class=\"yoast-schema-graph\">{\"@context\":\"https:\\\/\\\/schema.org\",\"@graph\":[{\"@type\":\"Article\",\"@id\":\"https:\\\/\\\/haberkuzey.com\\\/index.php\\\/2026\\\/03\\\/07\\\/nilden-bektas-erhurman-kadin-sagligi-ve-okuryazarligi-paneline-katildi\\\/#article\",\"isPartOf\":{\"@id\":\"https:\\\/\\\/haberkuzey.com\\\/index.php\\\/2026\\\/03\\\/07\\\/nilden-bektas-erhurman-kadin-sagligi-ve-okuryazarligi-paneline-katildi\\\/\"},\"author\":{\"name\":\"haberkuzey\",\"@id\":\"https:\\\/\\\/haberkuzey.com\\\/#\\\/schema\\\/person\\\/3372109ec735f9333f4fa47ebb9605ca\"},\"headline\":\"Nilden Bekta\u015f Erh\u00fcrman \u201cKad\u0131n Sa\u011fl\u0131\u011f\u0131 ve Okuryazarl\u0131\u011f\u0131 Paneli\u201dne kat\u0131ld\u0131\",\"datePublished\":\"2026-03-07T13:36:06+00:00\",\"mainEntityOfPage\":{\"@id\":\"https:\\\/\\\/haberkuzey.com\\\/index.php\\\/2026\\\/03\\\/07\\\/nilden-bektas-erhurman-kadin-sagligi-ve-okuryazarligi-paneline-katildi\\\/\"},\"wordCount\":579,\"commentCount\":0,\"image\":{\"@id\":\"https:\\\/\\\/haberkuzey.com\\\/index.php\\\/2026\\\/03\\\/07\\\/nilden-bektas-erhurman-kadin-sagligi-ve-okuryazarligi-paneline-katildi\\\/#primaryimage\"},\"thumbnailUrl\":\"https:\\\/\\\/haberkuzey.com\\\/wp-content\\\/uploads\\\/2026\\\/03\\\/1772881063598nilden-bektas-erhurman-kadin-paneli-5.jpg\",\"articleSection\":[\"K\u0131br\u0131s\"],\"inLanguage\":\"tr\",\"potentialAction\":[{\"@type\":\"CommentAction\",\"name\":\"Comment\",\"target\":[\"https:\\\/\\\/haberkuzey.com\\\/index.php\\\/2026\\\/03\\\/07\\\/nilden-bektas-erhurman-kadin-sagligi-ve-okuryazarligi-paneline-katildi\\\/#respond\"]}]},{\"@type\":\"WebPage\",\"@id\":\"https:\\\/\\\/haberkuzey.com\\\/index.php\\\/2026\\\/03\\\/07\\\/nilden-bektas-erhurman-kadin-sagligi-ve-okuryazarligi-paneline-katildi\\\/\",\"url\":\"https:\\\/\\\/haberkuzey.com\\\/index.php\\\/2026\\\/03\\\/07\\\/nilden-bektas-erhurman-kadin-sagligi-ve-okuryazarligi-paneline-katildi\\\/\",\"name\":\"Nilden Bekta\u015f Erh\u00fcrman \u201cKad\u0131n Sa\u011fl\u0131\u011f\u0131 ve Okuryazarl\u0131\u011f\u0131 Paneli\u201dne kat\u0131ld\u0131 - Haber Kuzey\",\"isPartOf\":{\"@id\":\"https:\\\/\\\/haberkuzey.com\\\/#website\"},\"primaryImageOfPage\":{\"@id\":\"https:\\\/\\\/haberkuzey.com\\\/index.php\\\/2026\\\/03\\\/07\\\/nilden-bektas-erhurman-kadin-sagligi-ve-okuryazarligi-paneline-katildi\\\/#primaryimage\"},\"image\":{\"@id\":\"https:\\\/\\\/haberkuzey.com\\\/index.php\\\/2026\\\/03\\\/07\\\/nilden-bektas-erhurman-kadin-sagligi-ve-okuryazarligi-paneline-katildi\\\/#primaryimage\"},\"thumbnailUrl\":\"https:\\\/\\\/haberkuzey.com\\\/wp-content\\\/uploads\\\/2026\\\/03\\\/1772881063598nilden-bektas-erhurman-kadin-paneli-5.jpg\",\"datePublished\":\"2026-03-07T13:36:06+00:00\",\"author\":{\"@id\":\"https:\\\/\\\/haberkuzey.com\\\/#\\\/schema\\\/person\\\/3372109ec735f9333f4fa47ebb9605ca\"},\"breadcrumb\":{\"@id\":\"https:\\\/\\\/haberkuzey.com\\\/index.php\\\/2026\\\/03\\\/07\\\/nilden-bektas-erhurman-kadin-sagligi-ve-okuryazarligi-paneline-katildi\\\/#breadcrumb\"},\"inLanguage\":\"tr\",\"potentialAction\":[{\"@type\":\"ReadAction\",\"target\":[\"https:\\\/\\\/haberkuzey.com\\\/index.php\\\/2026\\\/03\\\/07\\\/nilden-bektas-erhurman-kadin-sagligi-ve-okuryazarligi-paneline-katildi\\\/\"]}]},{\"@type\":\"ImageObject\",\"inLanguage\":\"tr\",\"@id\":\"https:\\\/\\\/haberkuzey.com\\\/index.php\\\/2026\\\/03\\\/07\\\/nilden-bektas-erhurman-kadin-sagligi-ve-okuryazarligi-paneline-katildi\\\/#primaryimage\",\"url\":\"https:\\\/\\\/haberkuzey.com\\\/wp-content\\\/uploads\\\/2026\\\/03\\\/1772881063598nilden-bektas-erhurman-kadin-paneli-5.jpg\",\"contentUrl\":\"https:\\\/\\\/haberkuzey.com\\\/wp-content\\\/uploads\\\/2026\\\/03\\\/1772881063598nilden-bektas-erhurman-kadin-paneli-5.jpg\",\"width\":2560,\"height\":1706},{\"@type\":\"BreadcrumbList\",\"@id\":\"https:\\\/\\\/haberkuzey.com\\\/index.php\\\/2026\\\/03\\\/07\\\/nilden-bektas-erhurman-kadin-sagligi-ve-okuryazarligi-paneline-katildi\\\/#breadcrumb\",\"itemListElement\":[{\"@type\":\"ListItem\",\"position\":1,\"name\":\"Anasayfa\",\"item\":\"https:\\\/\\\/haberkuzey.com\\\/\"},{\"@type\":\"ListItem\",\"position\":2,\"name\":\"Nilden Bekta\u015f Erh\u00fcrman \u201cKad\u0131n Sa\u011fl\u0131\u011f\u0131 ve Okuryazarl\u0131\u011f\u0131 Paneli\u201dne kat\u0131ld\u0131\"}]},{\"@type\":\"WebSite\",\"@id\":\"https:\\\/\\\/haberkuzey.com\\\/#website\",\"url\":\"https:\\\/\\\/haberkuzey.com\\\/\",\"name\":\"Haber Kuzey\",\"description\":\"Do\u011fru Haberin Adresi\",\"potentialAction\":[{\"@type\":\"SearchAction\",\"target\":{\"@type\":\"EntryPoint\",\"urlTemplate\":\"https:\\\/\\\/haberkuzey.com\\\/?s={search_term_string}\"},\"query-input\":{\"@type\":\"PropertyValueSpecification\",\"valueRequired\":true,\"valueName\":\"search_term_string\"}}],\"inLanguage\":\"tr\"},{\"@type\":\"Person\",\"@id\":\"https:\\\/\\\/haberkuzey.com\\\/#\\\/schema\\\/person\\\/3372109ec735f9333f4fa47ebb9605ca\",\"name\":\"haberkuzey\",\"image\":{\"@type\":\"ImageObject\",\"inLanguage\":\"tr\",\"@id\":\"https:\\\/\\\/secure.gravatar.com\\\/avatar\\\/f5fc875574b1575324358c3b9e6a32b8227aa5b74f3fa22e3cadb63e26fcc39c?s=96&d=mm&r=g\",\"url\":\"https:\\\/\\\/secure.gravatar.com\\\/avatar\\\/f5fc875574b1575324358c3b9e6a32b8227aa5b74f3fa22e3cadb63e26fcc39c?s=96&d=mm&r=g\",\"contentUrl\":\"https:\\\/\\\/secure.gravatar.com\\\/avatar\\\/f5fc875574b1575324358c3b9e6a32b8227aa5b74f3fa22e3cadb63e26fcc39c?s=96&d=mm&r=g\",\"caption\":\"haberkuzey\"},\"sameAs\":[\"https:\\\/\\\/haberkuzey.com\"],\"url\":\"https:\\\/\\\/haberkuzey.com\\\/index.php\\\/author\\\/haberkuzey\\\/\"}]}<\/script>\n<!-- \/ Yoast SEO plugin. -->","yoast_head_json":{"title":"Nilden Bekta\u015f Erh\u00fcrman \u201cKad\u0131n Sa\u011fl\u0131\u011f\u0131 ve Okuryazarl\u0131\u011f\u0131 Paneli\u201dne kat\u0131ld\u0131 - Haber Kuzey","robots":{"index":"index","follow":"follow","max-snippet":"max-snippet:-1","max-image-preview":"max-image-preview:large","max-video-preview":"max-video-preview:-1"},"canonical":"https:\/\/haberkuzey.com\/index.php\/2026\/03\/07\/nilden-bektas-erhurman-kadin-sagligi-ve-okuryazarligi-paneline-katildi\/","og_locale":"tr_TR","og_type":"article","og_title":"Nilden Bekta\u015f Erh\u00fcrman \u201cKad\u0131n Sa\u011fl\u0131\u011f\u0131 ve Okuryazarl\u0131\u011f\u0131 Paneli\u201dne kat\u0131ld\u0131 - Haber Kuzey","og_description":"Cumhurba\u015fkanl\u0131\u011f\u0131ndan verilen bilgiye g\u00f6re, panelde bir konu\u015fma yapan Erh\u00fcrman, etkinli\u011fin d\u00fczenlenmesinde eme\u011fi ge\u00e7enlere te\u015fekk\u00fcr ederek kat\u0131l\u0131mc\u0131lar\u0131 sevgi ve sayg\u0131yla selamlad\u0131. Kad\u0131nlar G\u00fcn\u00fc dolay\u0131s\u0131yla hafta boyunca bir\u00e7ok kad\u0131nla bir araya geldiklerini belirten Erh\u00fcrman, kad\u0131nlar\u0131n toplum i\u00e7inde kar\u015f\u0131la\u015ft\u0131klar\u0131 sorunlara ve bu sorunlara kar\u015f\u0131 verdikleri m\u00fccadeleye dikkat \u00e7ekti. 8 Mart\u2019\u0131n bir m\u00fccadele ve anma g\u00fcn\u00fc oldu\u011funu vurgulayan Erh\u00fcrman, [&hellip;]","og_url":"https:\/\/haberkuzey.com\/index.php\/2026\/03\/07\/nilden-bektas-erhurman-kadin-sagligi-ve-okuryazarligi-paneline-katildi\/","og_site_name":"Haber Kuzey","article_published_time":"2026-03-07T13:36:06+00:00","author":"haberkuzey","twitter_card":"summary_large_image","twitter_misc":{"Yazan:":"haberkuzey","Tahmini okuma s\u00fcresi":"3 dakika"},"schema":{"@context":"https:\/\/schema.org","@graph":[{"@type":"Article","@id":"https:\/\/haberkuzey.com\/index.php\/2026\/03\/07\/nilden-bektas-erhurman-kadin-sagligi-ve-okuryazarligi-paneline-katildi\/#article","isPartOf":{"@id":"https:\/\/haberkuzey.com\/index.php\/2026\/03\/07\/nilden-bektas-erhurman-kadin-sagligi-ve-okuryazarligi-paneline-katildi\/"},"author":{"name":"haberkuzey","@id":"https:\/\/haberkuzey.com\/#\/schema\/person\/3372109ec735f9333f4fa47ebb9605ca"},"headline":"Nilden Bekta\u015f Erh\u00fcrman \u201cKad\u0131n Sa\u011fl\u0131\u011f\u0131 ve Okuryazarl\u0131\u011f\u0131 Paneli\u201dne kat\u0131ld\u0131","datePublished":"2026-03-07T13:36:06+00:00","mainEntityOfPage":{"@id":"https:\/\/haberkuzey.com\/index.php\/2026\/03\/07\/nilden-bektas-erhurman-kadin-sagligi-ve-okuryazarligi-paneline-katildi\/"},"wordCount":579,"commentCount":0,"image":{"@id":"https:\/\/haberkuzey.com\/index.php\/2026\/03\/07\/nilden-bektas-erhurman-kadin-sagligi-ve-okuryazarligi-paneline-katildi\/#primaryimage"},"thumbnailUrl":"https:\/\/haberkuzey.com\/wp-content\/uploads\/2026\/03\/1772881063598nilden-bektas-erhurman-kadin-paneli-5.jpg","articleSection":["K\u0131br\u0131s"],"inLanguage":"tr","potentialAction":[{"@type":"CommentAction","name":"Comment","target":["https:\/\/haberkuzey.com\/index.php\/2026\/03\/07\/nilden-bektas-erhurman-kadin-sagligi-ve-okuryazarligi-paneline-katildi\/#respond"]}]},{"@type":"WebPage","@id":"https:\/\/haberkuzey.com\/index.php\/2026\/03\/07\/nilden-bektas-erhurman-kadin-sagligi-ve-okuryazarligi-paneline-katildi\/","url":"https:\/\/haberkuzey.com\/index.php\/2026\/03\/07\/nilden-bektas-erhurman-kadin-sagligi-ve-okuryazarligi-paneline-katildi\/","name":"Nilden Bekta\u015f Erh\u00fcrman \u201cKad\u0131n Sa\u011fl\u0131\u011f\u0131 ve Okuryazarl\u0131\u011f\u0131 Paneli\u201dne kat\u0131ld\u0131 - Haber Kuzey","isPartOf":{"@id":"https:\/\/haberkuzey.com\/#website"},"primaryImageOfPage":{"@id":"https:\/\/haberkuzey.com\/index.php\/2026\/03\/07\/nilden-bektas-erhurman-kadin-sagligi-ve-okuryazarligi-paneline-katildi\/#primaryimage"},"image":{"@id":"https:\/\/haberkuzey.com\/index.php\/2026\/03\/07\/nilden-bektas-erhurman-kadin-sagligi-ve-okuryazarligi-paneline-katildi\/#primaryimage"},"thumbnailUrl":"https:\/\/haberkuzey.com\/wp-content\/uploads\/2026\/03\/1772881063598nilden-bektas-erhurman-kadin-paneli-5.jpg","datePublished":"2026-03-07T13:36:06+00:00","author":{"@id":"https:\/\/haberkuzey.com\/#\/schema\/person\/3372109ec735f9333f4fa47ebb9605ca"},"breadcrumb":{"@id":"https:\/\/haberkuzey.com\/index.php\/2026\/03\/07\/nilden-bektas-erhurman-kadin-sagligi-ve-okuryazarligi-paneline-katildi\/#breadcrumb"},"inLanguage":"tr","potentialAction":[{"@type":"ReadAction","target":["https:\/\/haberkuzey.com\/index.php\/2026\/03\/07\/nilden-bektas-erhurman-kadin-sagligi-ve-okuryazarligi-paneline-katildi\/"]}]},{"@type":"ImageObject","inLanguage":"tr","@id":"https:\/\/haberkuzey.com\/index.php\/2026\/03\/07\/nilden-bektas-erhurman-kadin-sagligi-ve-okuryazarligi-paneline-katildi\/#primaryimage","url":"https:\/\/haberkuzey.com\/wp-content\/uploads\/2026\/03\/1772881063598nilden-bektas-erhurman-kadin-paneli-5.jpg","contentUrl":"https:\/\/haberkuzey.com\/wp-content\/uploads\/2026\/03\/1772881063598nilden-bektas-erhurman-kadin-paneli-5.jpg","width":2560,"height":1706},{"@type":"BreadcrumbList","@id":"https:\/\/haberkuzey.com\/index.php\/2026\/03\/07\/nilden-bektas-erhurman-kadin-sagligi-ve-okuryazarligi-paneline-katildi\/#breadcrumb","itemListElement":[{"@type":"ListItem","position":1,"name":"Anasayfa","item":"https:\/\/haberkuzey.com\/"},{"@type":"ListItem","position":2,"name":"Nilden Bekta\u015f Erh\u00fcrman \u201cKad\u0131n Sa\u011fl\u0131\u011f\u0131 ve Okuryazarl\u0131\u011f\u0131 Paneli\u201dne kat\u0131ld\u0131"}]},{"@type":"WebSite","@id":"https:\/\/haberkuzey.com\/#website","url":"https:\/\/haberkuzey.com\/","name":"Haber Kuzey","description":"Do\u011fru Haberin Adresi","potentialAction":[{"@type":"SearchAction","target":{"@type":"EntryPoint","urlTemplate":"https:\/\/haberkuzey.com\/?s={search_term_string}"},"query-input":{"@type":"PropertyValueSpecification","valueRequired":true,"valueName":"search_term_string"}}],"inLanguage":"tr"},{"@type":"Person","@id":"https:\/\/haberkuzey.com\/#\/schema\/person\/3372109ec735f9333f4fa47ebb9605ca","name":"haberkuzey","image":{"@type":"ImageObject","inLanguage":"tr","@id":"https:\/\/secure.gravatar.com\/avatar\/f5fc875574b1575324358c3b9e6a32b8227aa5b74f3fa22e3cadb63e26fcc39c?s=96&d=mm&r=g","url":"https:\/\/secure.gravatar.com\/avatar\/f5fc875574b1575324358c3b9e6a32b8227aa5b74f3fa22e3cadb63e26fcc39c?s=96&d=mm&r=g","contentUrl":"https:\/\/secure.gravatar.com\/avatar\/f5fc875574b1575324358c3b9e6a32b8227aa5b74f3fa22e3cadb63e26fcc39c?s=96&d=mm&r=g","caption":"haberkuzey"},"sameAs":["https:\/\/haberkuzey.com"],"url":"https:\/\/haberkuzey.com\/index.php\/author\/haberkuzey\/"}]}},"_links":{"self":[{"href":"https:\/\/haberkuzey.com\/index.php\/wp-json\/wp\/v2\/posts\/35071","targetHints":{"allow":["GET"]}}],"collection":[{"href":"https:\/\/haberkuzey.com\/index.php\/wp-json\/wp\/v2\/posts"}],"about":[{"href":"https:\/\/haberkuzey.com\/index.php\/wp-json\/wp\/v2\/types\/post"}],"author":[{"embeddable":true,"href":"https:\/\/haberkuzey.com\/index.php\/wp-json\/wp\/v2\/users\/1"}],"replies":[{"embeddable":true,"href":"https:\/\/haberkuzey.com\/index.php\/wp-json\/wp\/v2\/comments?post=35071"}],"version-history":[{"count":0,"href":"https:\/\/haberkuzey.com\/index.php\/wp-json\/wp\/v2\/posts\/35071\/revisions"}],"wp:featuredmedia":[{"embeddable":true,"href":"https:\/\/haberkuzey.com\/index.php\/wp-json\/wp\/v2\/media\/35072"}],"wp:attachment":[{"href":"https:\/\/haberkuzey.com\/index.php\/wp-json\/wp\/v2\/media?parent=35071"}],"wp:term":[{"taxonomy":"category","embeddable":true,"href":"https:\/\/haberkuzey.com\/index.php\/wp-json\/wp\/v2\/categories?post=35071"},{"taxonomy":"post_tag","embeddable":true,"href":"https:\/\/haberkuzey.com\/index.php\/wp-json\/wp\/v2\/tags?post=35071"}],"curies":[{"name":"wp","href":"https:\/\/api.w.org\/{rel}","templated":true}]}}